{"id":1002,"date":"2024-08-22T10:00:00","date_gmt":"2024-08-22T15:00:00","guid":{"rendered":"https:\/\/biciurba.com\/?p=1002"},"modified":"2024-08-22T08:36:42","modified_gmt":"2024-08-22T13:36:42","slug":"el-periodismo-compromiso-y-servicio-a-la-sociedad","status":"publish","type":"post","link":"https:\/\/biciurba.com\/index.php\/2024\/08\/22\/el-periodismo-compromiso-y-servicio-a-la-sociedad\/","title":{"rendered":"El periodismo compromiso y servicio a la sociedad"},"content":{"rendered":"\n<p>Dadas las nuevas tecnolog\u00edas, donde el acceso es universal, se plantean inmensos retos a la labor de los periodistas. Mientras los influencers logran reconocimientos en las nuevas generaciones de usuarios digitales, la verdad de los hechos y su interpretaci\u00f3n acusan fallas protuberantes en algunos casos. Es aqu\u00ed, donde la profesi\u00f3n del periodista se hace relevante para poder informar y generar opini\u00f3n p\u00fablica bien cimentada que se aleja del espect\u00e1culo y los like. Conversamos con el mag\u00edster en periodismo Juan Sim\u00f3n Cancino Pe\u00f1a sobre esta realidad medi\u00e1tica. <\/p>\n\n\n\n<figure class=\"wp-block-embed is-type-rich is-provider-spotify wp-block-embed-spotify wp-embed-aspect-21-9 wp-has-aspect-ratio\"><div class=\"wp-block-embed__wrapper\">\n<iframe title=\"Spotify Embed: Cap\u00edtulo 14: Periodismo, compromiso y servicio a la sociedad\" style=\"border-radius: 12px\" width=\"100%\" height=\"152\" frameborder=\"0\" allowfullscreen allow=\"autoplay; clipboard-write; encrypted-media; fullscreen; picture-in-picture\" loading=\"lazy\" src=\"https:\/\/open.spotify.com\/embed\/episode\/0Ti0f6EEqLd12KsZ6ew7BK?utm_source=oembed\"><\/iframe>\n<\/div><\/figure>\n","protected":false},"excerpt":{"rendered":"<p>Dadas las nuevas tecnolog\u00edas, donde el acceso es universal, se plantean inmensos retos a la labor de los periodistas. Mientras los influencers logran reconocimientos en las nuevas generaciones de usuarios digitales, la verdad de los hechos y su interpretaci\u00f3n acusan fallas protuberantes en algunos casos. Es aqu\u00ed, donde la profesi\u00f3n del periodista se hace relevante [&hellip;]<\/p>\n","protected":false},"author":1,"featured_media":542,"comment_status":"open","ping_status":"open","sticky":false,"template":"","format":"standard","meta":{"footnotes":""},"categories":[51],"tags":[401,400],"class_list":["post-1002","post","type-post","status-publish","format-standard","has-post-thumbnail","hentry","category-podcast-biciurba","tag-opinion-publica","tag-periodismo"],"yoast_head":"<!-- This site is optimized with the Yoast SEO plugin v23.9 - https:\/\/yoast.com\/wordpress\/plugins\/seo\/ -->\n<title>El periodismo compromiso y servicio a la sociedad - Biciurba<\/title>\n<meta name=\"description\" content=\"El periodismo y la responsabilidad con la verdad y la sociedad\" \/>\n<meta name=\"robots\" content=\"index, follow, max-snippet:-1, max-image-preview:large, max-video-preview:-1\" \/>\n<link rel=\"canonical\" href=\"https:\/\/biciurba.com\/index.php\/2024\/08\/22\/el-periodismo-compromiso-y-servicio-a-la-sociedad\/\" \/>\n<meta property=\"og:locale\" content=\"es_ES\" \/>\n<meta property=\"og:type\" content=\"article\" \/>\n<meta property=\"og:title\" content=\"El periodismo compromiso y servicio a la sociedad - Biciurba\" \/>\n<meta property=\"og:description\" content=\"El periodismo y la responsabilidad con la verdad y la sociedad\" \/>\n<meta property=\"og:url\" content=\"https:\/\/biciurba.com\/index.php\/2024\/08\/22\/el-periodismo-compromiso-y-servicio-a-la-sociedad\/\" \/>\n<meta property=\"og:site_name\" content=\"Biciurba\" \/>\n<meta property=\"article:published_time\" content=\"2024-08-22T15:00:00+00:00\" \/>\n<meta property=\"article:modified_time\" content=\"2024-08-22T13:36:42+00:00\" \/>\n<meta property=\"og:image\" content=\"https:\/\/biciurba.com\/wp-content\/uploads\/2024\/05\/podcast-logo.png\" \/>\n\t<meta property=\"og:image:width\" content=\"600\" \/>\n\t<meta property=\"og:image:height\" content=\"400\" \/>\n\t<meta property=\"og:image:type\" content=\"image\/png\" \/>\n<meta name=\"author\" content=\"Carlos Cantor\" \/>\n<meta name=\"twitter:card\" content=\"summary_large_image\" \/>\n<meta name=\"twitter:label1\" content=\"Escrito por\" \/>\n\t<meta name=\"twitter:data1\" content=\"Carlos Cantor\" \/>\n\t<meta name=\"twitter:label2\" content=\"Tiempo de lectura\" \/>\n\t<meta name=\"twitter:data2\" content=\"1 minuto\" \/>\n<script type=\"application\/ld+json\" class=\"yoast-schema-graph\">{\"@context\":\"https:\/\/schema.org\",\"@graph\":[{\"@type\":\"Article\",\"@id\":\"https:\/\/biciurba.com\/index.php\/2024\/08\/22\/el-periodismo-compromiso-y-servicio-a-la-sociedad\/#article\",\"isPartOf\":{\"@id\":\"https:\/\/biciurba.com\/index.php\/2024\/08\/22\/el-periodismo-compromiso-y-servicio-a-la-sociedad\/\"},\"author\":{\"name\":\"Carlos Cantor\",\"@id\":\"https:\/\/biciurba.com\/#\/schema\/person\/d9675ddf29ee982d268db0a3f239eced\"},\"headline\":\"El periodismo compromiso y servicio a la sociedad\",\"datePublished\":\"2024-08-22T15:00:00+00:00\",\"dateModified\":\"2024-08-22T13:36:42+00:00\",\"mainEntityOfPage\":{\"@id\":\"https:\/\/biciurba.com\/index.php\/2024\/08\/22\/el-periodismo-compromiso-y-servicio-a-la-sociedad\/\"},\"wordCount\":115,\"commentCount\":0,\"publisher\":{\"@id\":\"https:\/\/biciurba.com\/#\/schema\/person\/d9675ddf29ee982d268db0a3f239eced\"},\"image\":{\"@id\":\"https:\/\/biciurba.com\/index.php\/2024\/08\/22\/el-periodismo-compromiso-y-servicio-a-la-sociedad\/#primaryimage\"},\"thumbnailUrl\":\"https:\/\/biciurba.com\/wp-content\/uploads\/2024\/05\/podcast-logo.png\",\"keywords\":[\"Opini\u00f3n p\u00fablica\",\"Periodismo\"],\"articleSection\":[\"Podcast\"],\"inLanguage\":\"es\",\"potentialAction\":[{\"@type\":\"CommentAction\",\"name\":\"Comment\",\"target\":[\"https:\/\/biciurba.com\/index.php\/2024\/08\/22\/el-periodismo-compromiso-y-servicio-a-la-sociedad\/#respond\"]}]},{\"@type\":\"WebPage\",\"@id\":\"https:\/\/biciurba.com\/index.php\/2024\/08\/22\/el-periodismo-compromiso-y-servicio-a-la-sociedad\/\",\"url\":\"https:\/\/biciurba.com\/index.php\/2024\/08\/22\/el-periodismo-compromiso-y-servicio-a-la-sociedad\/\",\"name\":\"El periodismo compromiso y servicio a la sociedad - Biciurba\",\"isPartOf\":{\"@id\":\"https:\/\/biciurba.com\/#website\"},\"primaryImageOfPage\":{\"@id\":\"https:\/\/biciurba.com\/index.php\/2024\/08\/22\/el-periodismo-compromiso-y-servicio-a-la-sociedad\/#primaryimage\"},\"image\":{\"@id\":\"https:\/\/biciurba.com\/index.php\/2024\/08\/22\/el-periodismo-compromiso-y-servicio-a-la-sociedad\/#primaryimage\"},\"thumbnailUrl\":\"https:\/\/biciurba.com\/wp-content\/uploads\/2024\/05\/podcast-logo.png\",\"datePublished\":\"2024-08-22T15:00:00+00:00\",\"dateModified\":\"2024-08-22T13:36:42+00:00\",\"description\":\"El periodismo y la responsabilidad con la verdad y la sociedad\",\"breadcrumb\":{\"@id\":\"https:\/\/biciurba.com\/index.php\/2024\/08\/22\/el-periodismo-compromiso-y-servicio-a-la-sociedad\/#breadcrumb\"},\"inLanguage\":\"es\",\"potentialAction\":[{\"@type\":\"ReadAction\",\"target\":[\"https:\/\/biciurba.com\/index.php\/2024\/08\/22\/el-periodismo-compromiso-y-servicio-a-la-sociedad\/\"]}]},{\"@type\":\"ImageObject\",\"inLanguage\":\"es\",\"@id\":\"https:\/\/biciurba.com\/index.php\/2024\/08\/22\/el-periodismo-compromiso-y-servicio-a-la-sociedad\/#primaryimage\",\"url\":\"https:\/\/biciurba.com\/wp-content\/uploads\/2024\/05\/podcast-logo.png\",\"contentUrl\":\"https:\/\/biciurba.com\/wp-content\/uploads\/2024\/05\/podcast-logo.png\",\"width\":600,\"height\":400},{\"@type\":\"BreadcrumbList\",\"@id\":\"https:\/\/biciurba.com\/index.php\/2024\/08\/22\/el-periodismo-compromiso-y-servicio-a-la-sociedad\/#breadcrumb\",\"itemListElement\":[{\"@type\":\"ListItem\",\"position\":1,\"name\":\"Portada\",\"item\":\"https:\/\/biciurba.com\/\"},{\"@type\":\"ListItem\",\"position\":2,\"name\":\"El periodismo compromiso y servicio a la sociedad\"}]},{\"@type\":\"WebSite\",\"@id\":\"https:\/\/biciurba.com\/#website\",\"url\":\"https:\/\/biciurba.com\/\",\"name\":\"Biciurba\",\"description\":\"Una mejor manera de vivir\",\"publisher\":{\"@id\":\"https:\/\/biciurba.com\/#\/schema\/person\/d9675ddf29ee982d268db0a3f239eced\"},\"potentialAction\":[{\"@type\":\"SearchAction\",\"target\":{\"@type\":\"EntryPoint\",\"urlTemplate\":\"https:\/\/biciurba.com\/?s={search_term_string}\"},\"query-input\":{\"@type\":\"PropertyValueSpecification\",\"valueRequired\":true,\"valueName\":\"search_term_string\"}}],\"inLanguage\":\"es\"},{\"@type\":[\"Person\",\"Organization\"],\"@id\":\"https:\/\/biciurba.com\/#\/schema\/person\/d9675ddf29ee982d268db0a3f239eced\",\"name\":\"Carlos Cantor\",\"image\":{\"@type\":\"ImageObject\",\"inLanguage\":\"es\",\"@id\":\"https:\/\/biciurba.com\/#\/schema\/person\/image\/\",\"url\":\"https:\/\/biciurba.com\/wp-content\/uploads\/2024\/04\/cropped-logo-1.png\",\"contentUrl\":\"https:\/\/biciurba.com\/wp-content\/uploads\/2024\/04\/cropped-logo-1.png\",\"width\":512,\"height\":318,\"caption\":\"Carlos Cantor\"},\"logo\":{\"@id\":\"https:\/\/biciurba.com\/#\/schema\/person\/image\/\"},\"sameAs\":[\"https:\/\/biciurba.com\"],\"url\":\"https:\/\/biciurba.com\/index.php\/author\/ccantor\/\"}]}<\/script>\n<!-- \/ Yoast SEO plugin. -->","yoast_head_json":{"title":"El periodismo compromiso y servicio a la sociedad - Biciurba","description":"El periodismo y la responsabilidad con la verdad y la sociedad","robots":{"index":"index","follow":"follow","max-snippet":"max-snippet:-1","max-image-preview":"max-image-preview:large","max-video-preview":"max-video-preview:-1"},"canonical":"https:\/\/biciurba.com\/index.php\/2024\/08\/22\/el-periodismo-compromiso-y-servicio-a-la-sociedad\/","og_locale":"es_ES","og_type":"article","og_title":"El periodismo compromiso y servicio a la sociedad - Biciurba","og_description":"El periodismo y la responsabilidad con la verdad y la sociedad","og_url":"https:\/\/biciurba.com\/index.php\/2024\/08\/22\/el-periodismo-compromiso-y-servicio-a-la-sociedad\/","og_site_name":"Biciurba","article_published_time":"2024-08-22T15:00:00+00:00","article_modified_time":"2024-08-22T13:36:42+00:00","og_image":[{"width":600,"height":400,"url":"https:\/\/biciurba.com\/wp-content\/uploads\/2024\/05\/podcast-logo.png","type":"image\/png"}],"author":"Carlos Cantor","twitter_card":"summary_large_image","twitter_misc":{"Escrito por":"Carlos Cantor","Tiempo de lectura":"1 minuto"},"schema":{"@context":"https:\/\/schema.org","@graph":[{"@type":"Article","@id":"https:\/\/biciurba.com\/index.php\/2024\/08\/22\/el-periodismo-compromiso-y-servicio-a-la-sociedad\/#article","isPartOf":{"@id":"https:\/\/biciurba.com\/index.php\/2024\/08\/22\/el-periodismo-compromiso-y-servicio-a-la-sociedad\/"},"author":{"name":"Carlos Cantor","@id":"https:\/\/biciurba.com\/#\/schema\/person\/d9675ddf29ee982d268db0a3f239eced"},"headline":"El periodismo compromiso y servicio a la sociedad","datePublished":"2024-08-22T15:00:00+00:00","dateModified":"2024-08-22T13:36:42+00:00","mainEntityOfPage":{"@id":"https:\/\/biciurba.com\/index.php\/2024\/08\/22\/el-periodismo-compromiso-y-servicio-a-la-sociedad\/"},"wordCount":115,"commentCount":0,"publisher":{"@id":"https:\/\/biciurba.com\/#\/schema\/person\/d9675ddf29ee982d268db0a3f239eced"},"image":{"@id":"https:\/\/biciurba.com\/index.php\/2024\/08\/22\/el-periodismo-compromiso-y-servicio-a-la-sociedad\/#primaryimage"},"thumbnailUrl":"https:\/\/biciurba.com\/wp-content\/uploads\/2024\/05\/podcast-logo.png","keywords":["Opini\u00f3n p\u00fablica","Periodismo"],"articleSection":["Podcast"],"inLanguage":"es","potentialAction":[{"@type":"CommentAction","name":"Comment","target":["https:\/\/biciurba.com\/index.php\/2024\/08\/22\/el-periodismo-compromiso-y-servicio-a-la-sociedad\/#respond"]}]},{"@type":"WebPage","@id":"https:\/\/biciurba.com\/index.php\/2024\/08\/22\/el-periodismo-compromiso-y-servicio-a-la-sociedad\/","url":"https:\/\/biciurba.com\/index.php\/2024\/08\/22\/el-periodismo-compromiso-y-servicio-a-la-sociedad\/","name":"El periodismo compromiso y servicio a la sociedad - Biciurba","isPartOf":{"@id":"https:\/\/biciurba.com\/#website"},"primaryImageOfPage":{"@id":"https:\/\/biciurba.com\/index.php\/2024\/08\/22\/el-periodismo-compromiso-y-servicio-a-la-sociedad\/#primaryimage"},"image":{"@id":"https:\/\/biciurba.com\/index.php\/2024\/08\/22\/el-periodismo-compromiso-y-servicio-a-la-sociedad\/#primaryimage"},"thumbnailUrl":"https:\/\/biciurba.com\/wp-content\/uploads\/2024\/05\/podcast-logo.png","datePublished":"2024-08-22T15:00:00+00:00","dateModified":"2024-08-22T13:36:42+00:00","description":"El periodismo y la responsabilidad con la verdad y la sociedad","breadcrumb":{"@id":"https:\/\/biciurba.com\/index.php\/2024\/08\/22\/el-periodismo-compromiso-y-servicio-a-la-sociedad\/#breadcrumb"},"inLanguage":"es","potentialAction":[{"@type":"ReadAction","target":["https:\/\/biciurba.com\/index.php\/2024\/08\/22\/el-periodismo-compromiso-y-servicio-a-la-sociedad\/"]}]},{"@type":"ImageObject","inLanguage":"es","@id":"https:\/\/biciurba.com\/index.php\/2024\/08\/22\/el-periodismo-compromiso-y-servicio-a-la-sociedad\/#primaryimage","url":"https:\/\/biciurba.com\/wp-content\/uploads\/2024\/05\/podcast-logo.png","contentUrl":"https:\/\/biciurba.com\/wp-content\/uploads\/2024\/05\/podcast-logo.png","width":600,"height":400},{"@type":"BreadcrumbList","@id":"https:\/\/biciurba.com\/index.php\/2024\/08\/22\/el-periodismo-compromiso-y-servicio-a-la-sociedad\/#breadcrumb","itemListElement":[{"@type":"ListItem","position":1,"name":"Portada","item":"https:\/\/biciurba.com\/"},{"@type":"ListItem","position":2,"name":"El periodismo compromiso y servicio a la sociedad"}]},{"@type":"WebSite","@id":"https:\/\/biciurba.com\/#website","url":"https:\/\/biciurba.com\/","name":"Biciurba","description":"Una mejor manera de vivir","publisher":{"@id":"https:\/\/biciurba.com\/#\/schema\/person\/d9675ddf29ee982d268db0a3f239eced"},"potentialAction":[{"@type":"SearchAction","target":{"@type":"EntryPoint","urlTemplate":"https:\/\/biciurba.com\/?s={search_term_string}"},"query-input":{"@type":"PropertyValueSpecification","valueRequired":true,"valueName":"search_term_string"}}],"inLanguage":"es"},{"@type":["Person","Organization"],"@id":"https:\/\/biciurba.com\/#\/schema\/person\/d9675ddf29ee982d268db0a3f239eced","name":"Carlos Cantor","image":{"@type":"ImageObject","inLanguage":"es","@id":"https:\/\/biciurba.com\/#\/schema\/person\/image\/","url":"https:\/\/biciurba.com\/wp-content\/uploads\/2024\/04\/cropped-logo-1.png","contentUrl":"https:\/\/biciurba.com\/wp-content\/uploads\/2024\/04\/cropped-logo-1.png","width":512,"height":318,"caption":"Carlos Cantor"},"logo":{"@id":"https:\/\/biciurba.com\/#\/schema\/person\/image\/"},"sameAs":["https:\/\/biciurba.com"],"url":"https:\/\/biciurba.com\/index.php\/author\/ccantor\/"}]}},"_links":{"self":[{"href":"https:\/\/biciurba.com\/index.php\/wp-json\/wp\/v2\/posts\/1002"}],"collection":[{"href":"https:\/\/biciurba.com\/index.php\/wp-json\/wp\/v2\/posts"}],"about":[{"href":"https:\/\/biciurba.com\/index.php\/wp-json\/wp\/v2\/types\/post"}],"author":[{"embeddable":true,"href":"https:\/\/biciurba.com\/index.php\/wp-json\/wp\/v2\/users\/1"}],"replies":[{"embeddable":true,"href":"https:\/\/biciurba.com\/index.php\/wp-json\/wp\/v2\/comments?post=1002"}],"version-history":[{"count":2,"href":"https:\/\/biciurba.com\/index.php\/wp-json\/wp\/v2\/posts\/1002\/revisions"}],"predecessor-version":[{"id":1007,"href":"https:\/\/biciurba.com\/index.php\/wp-json\/wp\/v2\/posts\/1002\/revisions\/1007"}],"wp:featuredmedia":[{"embeddable":true,"href":"https:\/\/biciurba.com\/index.php\/wp-json\/wp\/v2\/media\/542"}],"wp:attachment":[{"href":"https:\/\/biciurba.com\/index.php\/wp-json\/wp\/v2\/media?parent=1002"}],"wp:term":[{"taxonomy":"category","embeddable":true,"href":"https:\/\/biciurba.com\/index.php\/wp-json\/wp\/v2\/categories?post=1002"},{"taxonomy":"post_tag","embeddable":true,"href":"https:\/\/biciurba.com\/index.php\/wp-json\/wp\/v2\/tags?post=1002"}],"curies":[{"name":"wp","href":"https:\/\/api.w.org\/{rel}","templated":true}]}}