{"id":1039,"date":"2024-08-29T10:29:51","date_gmt":"2024-08-29T15:29:51","guid":{"rendered":"https:\/\/biciurba.com\/?p=1039"},"modified":"2024-08-29T10:29:52","modified_gmt":"2024-08-29T15:29:52","slug":"el-placer-diario-de-rodar-en-la-bici-rural-para-ir-a-trabajar","status":"publish","type":"post","link":"https:\/\/biciurba.com\/index.php\/2024\/08\/29\/el-placer-diario-de-rodar-en-la-bici-rural-para-ir-a-trabajar\/","title":{"rendered":"El placer diario de rodar en la bici rural para ir a trabajar"},"content":{"rendered":"\n<p>Vivir en los suburbios de las grandes ciudades, tiene un encanto especial. Estamos lejos de la locura urbana. Y hacer los recorridos diarios de casa al trabajo en bici, disfrutando del paisaje rural, es un verdadero placer, sin el ruido, aire contaminado y el tropel de ciclistas, veh\u00edculos de toda \u00edndole y esa carrera contra el tiempo que estresa y enferma. Leonardo Jaramillo, m\u00fasico e ingeniero de sonido,  nos comparte su experiencia cicl\u00edstica en BiciUrba.<\/p>\n\n\n\n<figure class=\"wp-block-embed is-type-rich is-provider-spotify wp-block-embed-spotify wp-embed-aspect-21-9 wp-has-aspect-ratio\"><div class=\"wp-block-embed__wrapper\">\n<iframe title=\"Spotify Embed: Cap\u00edtulo 15: el placer de la bici rural\" style=\"border-radius: 12px\" width=\"100%\" height=\"152\" frameborder=\"0\" allowfullscreen allow=\"autoplay; clipboard-write; encrypted-media; fullscreen; picture-in-picture\" loading=\"lazy\" src=\"https:\/\/open.spotify.com\/embed\/episode\/60bp9y1x5B7yROdvtSxpJW?si=9074953402794562&#038;utm_source=oembed\"><\/iframe>\n<\/div><\/figure>\n","protected":false},"excerpt":{"rendered":"<p>Vivir en los suburbios de las grandes ciudades, tiene un encanto especial. Estamos lejos de la locura urbana. Y hacer los recorridos diarios de casa al trabajo en bici, disfrutando del paisaje rural, es un verdadero placer, sin el ruido, aire contaminado y el tropel de ciclistas, veh\u00edculos de toda \u00edndole y esa carrera contra [&hellip;]<\/p>\n","protected":false},"author":1,"featured_media":542,"comment_status":"open","ping_status":"open","sticky":false,"template":"","format":"standard","meta":{"footnotes":""},"categories":[51],"tags":[23,71,107,70,413,411],"class_list":["post-1039","post","type-post","status-publish","format-standard","has-post-thumbnail","hentry","category-podcast-biciurba","tag-bicicletas","tag-bienestar","tag-economia","tag-salud","tag-seguridad","tag-transporte-individual"],"yoast_head":"<!-- This site is optimized with the Yoast SEO plugin v23.9 - https:\/\/yoast.com\/wordpress\/plugins\/seo\/ -->\n<title>El placer diario de rodar en la bici rural para ir a trabajar - Biciurba<\/title>\n<meta name=\"robots\" content=\"index, follow, max-snippet:-1, max-image-preview:large, max-video-preview:-1\" \/>\n<link rel=\"canonical\" href=\"https:\/\/biciurba.com\/index.php\/2024\/08\/29\/el-placer-diario-de-rodar-en-la-bici-rural-para-ir-a-trabajar\/\" \/>\n<meta property=\"og:locale\" content=\"es_ES\" \/>\n<meta property=\"og:type\" content=\"article\" \/>\n<meta property=\"og:title\" content=\"El placer diario de rodar en la bici rural para ir a trabajar - Biciurba\" \/>\n<meta property=\"og:description\" content=\"Vivir en los suburbios de las grandes ciudades, tiene un encanto especial. Estamos lejos de la locura urbana. Y hacer los recorridos diarios de casa al trabajo en bici, disfrutando del paisaje rural, es un verdadero placer, sin el ruido, aire contaminado y el tropel de ciclistas, veh\u00edculos de toda \u00edndole y esa carrera contra [&hellip;]\" \/>\n<meta property=\"og:url\" content=\"https:\/\/biciurba.com\/index.php\/2024\/08\/29\/el-placer-diario-de-rodar-en-la-bici-rural-para-ir-a-trabajar\/\" \/>\n<meta property=\"og:site_name\" content=\"Biciurba\" \/>\n<meta property=\"article:published_time\" content=\"2024-08-29T15:29:51+00:00\" \/>\n<meta property=\"article:modified_time\" content=\"2024-08-29T15:29:52+00:00\" \/>\n<meta property=\"og:image\" content=\"https:\/\/biciurba.com\/wp-content\/uploads\/2024\/05\/podcast-logo.png\" \/>\n\t<meta property=\"og:image:width\" content=\"600\" \/>\n\t<meta property=\"og:image:height\" content=\"400\" \/>\n\t<meta property=\"og:image:type\" content=\"image\/png\" \/>\n<meta name=\"author\" content=\"Carlos Cantor\" \/>\n<meta name=\"twitter:card\" content=\"summary_large_image\" \/>\n<meta name=\"twitter:label1\" content=\"Escrito por\" \/>\n\t<meta name=\"twitter:data1\" content=\"Carlos Cantor\" \/>\n\t<meta name=\"twitter:label2\" content=\"Tiempo de lectura\" \/>\n\t<meta name=\"twitter:data2\" content=\"1 minuto\" \/>\n<script type=\"application\/ld+json\" class=\"yoast-schema-graph\">{\"@context\":\"https:\/\/schema.org\",\"@graph\":[{\"@type\":\"Article\",\"@id\":\"https:\/\/biciurba.com\/index.php\/2024\/08\/29\/el-placer-diario-de-rodar-en-la-bici-rural-para-ir-a-trabajar\/#article\",\"isPartOf\":{\"@id\":\"https:\/\/biciurba.com\/index.php\/2024\/08\/29\/el-placer-diario-de-rodar-en-la-bici-rural-para-ir-a-trabajar\/\"},\"author\":{\"name\":\"Carlos Cantor\",\"@id\":\"https:\/\/biciurba.com\/#\/schema\/person\/d9675ddf29ee982d268db0a3f239eced\"},\"headline\":\"El placer diario de rodar en la bici rural para ir a trabajar\",\"datePublished\":\"2024-08-29T15:29:51+00:00\",\"dateModified\":\"2024-08-29T15:29:52+00:00\",\"mainEntityOfPage\":{\"@id\":\"https:\/\/biciurba.com\/index.php\/2024\/08\/29\/el-placer-diario-de-rodar-en-la-bici-rural-para-ir-a-trabajar\/\"},\"wordCount\":102,\"commentCount\":0,\"publisher\":{\"@id\":\"https:\/\/biciurba.com\/#\/schema\/person\/d9675ddf29ee982d268db0a3f239eced\"},\"image\":{\"@id\":\"https:\/\/biciurba.com\/index.php\/2024\/08\/29\/el-placer-diario-de-rodar-en-la-bici-rural-para-ir-a-trabajar\/#primaryimage\"},\"thumbnailUrl\":\"https:\/\/biciurba.com\/wp-content\/uploads\/2024\/05\/podcast-logo.png\",\"keywords\":[\"Bicicletas\",\"bienestar\",\"econom\u00eda\",\"salud\",\"seguridad\",\"transporte individual\"],\"articleSection\":[\"Podcast\"],\"inLanguage\":\"es\",\"potentialAction\":[{\"@type\":\"CommentAction\",\"name\":\"Comment\",\"target\":[\"https:\/\/biciurba.com\/index.php\/2024\/08\/29\/el-placer-diario-de-rodar-en-la-bici-rural-para-ir-a-trabajar\/#respond\"]}]},{\"@type\":\"WebPage\",\"@id\":\"https:\/\/biciurba.com\/index.php\/2024\/08\/29\/el-placer-diario-de-rodar-en-la-bici-rural-para-ir-a-trabajar\/\",\"url\":\"https:\/\/biciurba.com\/index.php\/2024\/08\/29\/el-placer-diario-de-rodar-en-la-bici-rural-para-ir-a-trabajar\/\",\"name\":\"El placer diario de rodar en la bici rural para ir a trabajar - Biciurba\",\"isPartOf\":{\"@id\":\"https:\/\/biciurba.com\/#website\"},\"primaryImageOfPage\":{\"@id\":\"https:\/\/biciurba.com\/index.php\/2024\/08\/29\/el-placer-diario-de-rodar-en-la-bici-rural-para-ir-a-trabajar\/#primaryimage\"},\"image\":{\"@id\":\"https:\/\/biciurba.com\/index.php\/2024\/08\/29\/el-placer-diario-de-rodar-en-la-bici-rural-para-ir-a-trabajar\/#primaryimage\"},\"thumbnailUrl\":\"https:\/\/biciurba.com\/wp-content\/uploads\/2024\/05\/podcast-logo.png\",\"datePublished\":\"2024-08-29T15:29:51+00:00\",\"dateModified\":\"2024-08-29T15:29:52+00:00\",\"breadcrumb\":{\"@id\":\"https:\/\/biciurba.com\/index.php\/2024\/08\/29\/el-placer-diario-de-rodar-en-la-bici-rural-para-ir-a-trabajar\/#breadcrumb\"},\"inLanguage\":\"es\",\"potentialAction\":[{\"@type\":\"ReadAction\",\"target\":[\"https:\/\/biciurba.com\/index.php\/2024\/08\/29\/el-placer-diario-de-rodar-en-la-bici-rural-para-ir-a-trabajar\/\"]}]},{\"@type\":\"ImageObject\",\"inLanguage\":\"es\",\"@id\":\"https:\/\/biciurba.com\/index.php\/2024\/08\/29\/el-placer-diario-de-rodar-en-la-bici-rural-para-ir-a-trabajar\/#primaryimage\",\"url\":\"https:\/\/biciurba.com\/wp-content\/uploads\/2024\/05\/podcast-logo.png\",\"contentUrl\":\"https:\/\/biciurba.com\/wp-content\/uploads\/2024\/05\/podcast-logo.png\",\"width\":600,\"height\":400},{\"@type\":\"BreadcrumbList\",\"@id\":\"https:\/\/biciurba.com\/index.php\/2024\/08\/29\/el-placer-diario-de-rodar-en-la-bici-rural-para-ir-a-trabajar\/#breadcrumb\",\"itemListElement\":[{\"@type\":\"ListItem\",\"position\":1,\"name\":\"Portada\",\"item\":\"https:\/\/biciurba.com\/\"},{\"@type\":\"ListItem\",\"position\":2,\"name\":\"El placer diario de rodar en la bici rural para ir a trabajar\"}]},{\"@type\":\"WebSite\",\"@id\":\"https:\/\/biciurba.com\/#website\",\"url\":\"https:\/\/biciurba.com\/\",\"name\":\"Biciurba\",\"description\":\"Una mejor manera de vivir\",\"publisher\":{\"@id\":\"https:\/\/biciurba.com\/#\/schema\/person\/d9675ddf29ee982d268db0a3f239eced\"},\"potentialAction\":[{\"@type\":\"SearchAction\",\"target\":{\"@type\":\"EntryPoint\",\"urlTemplate\":\"https:\/\/biciurba.com\/?s={search_term_string}\"},\"query-input\":{\"@type\":\"PropertyValueSpecification\",\"valueRequired\":true,\"valueName\":\"search_term_string\"}}],\"inLanguage\":\"es\"},{\"@type\":[\"Person\",\"Organization\"],\"@id\":\"https:\/\/biciurba.com\/#\/schema\/person\/d9675ddf29ee982d268db0a3f239eced\",\"name\":\"Carlos Cantor\",\"image\":{\"@type\":\"ImageObject\",\"inLanguage\":\"es\",\"@id\":\"https:\/\/biciurba.com\/#\/schema\/person\/image\/\",\"url\":\"https:\/\/biciurba.com\/wp-content\/uploads\/2024\/04\/cropped-logo-1.png\",\"contentUrl\":\"https:\/\/biciurba.com\/wp-content\/uploads\/2024\/04\/cropped-logo-1.png\",\"width\":512,\"height\":318,\"caption\":\"Carlos Cantor\"},\"logo\":{\"@id\":\"https:\/\/biciurba.com\/#\/schema\/person\/image\/\"},\"sameAs\":[\"https:\/\/biciurba.com\"],\"url\":\"https:\/\/biciurba.com\/index.php\/author\/ccantor\/\"}]}<\/script>\n<!-- \/ Yoast SEO plugin. -->","yoast_head_json":{"title":"El placer diario de rodar en la bici rural para ir a trabajar - Biciurba","robots":{"index":"index","follow":"follow","max-snippet":"max-snippet:-1","max-image-preview":"max-image-preview:large","max-video-preview":"max-video-preview:-1"},"canonical":"https:\/\/biciurba.com\/index.php\/2024\/08\/29\/el-placer-diario-de-rodar-en-la-bici-rural-para-ir-a-trabajar\/","og_locale":"es_ES","og_type":"article","og_title":"El placer diario de rodar en la bici rural para ir a trabajar - Biciurba","og_description":"Vivir en los suburbios de las grandes ciudades, tiene un encanto especial. Estamos lejos de la locura urbana. Y hacer los recorridos diarios de casa al trabajo en bici, disfrutando del paisaje rural, es un verdadero placer, sin el ruido, aire contaminado y el tropel de ciclistas, veh\u00edculos de toda \u00edndole y esa carrera contra [&hellip;]","og_url":"https:\/\/biciurba.com\/index.php\/2024\/08\/29\/el-placer-diario-de-rodar-en-la-bici-rural-para-ir-a-trabajar\/","og_site_name":"Biciurba","article_published_time":"2024-08-29T15:29:51+00:00","article_modified_time":"2024-08-29T15:29:52+00:00","og_image":[{"width":600,"height":400,"url":"https:\/\/biciurba.com\/wp-content\/uploads\/2024\/05\/podcast-logo.png","type":"image\/png"}],"author":"Carlos Cantor","twitter_card":"summary_large_image","twitter_misc":{"Escrito por":"Carlos Cantor","Tiempo de lectura":"1 minuto"},"schema":{"@context":"https:\/\/schema.org","@graph":[{"@type":"Article","@id":"https:\/\/biciurba.com\/index.php\/2024\/08\/29\/el-placer-diario-de-rodar-en-la-bici-rural-para-ir-a-trabajar\/#article","isPartOf":{"@id":"https:\/\/biciurba.com\/index.php\/2024\/08\/29\/el-placer-diario-de-rodar-en-la-bici-rural-para-ir-a-trabajar\/"},"author":{"name":"Carlos Cantor","@id":"https:\/\/biciurba.com\/#\/schema\/person\/d9675ddf29ee982d268db0a3f239eced"},"headline":"El placer diario de rodar en la bici rural para ir a trabajar","datePublished":"2024-08-29T15:29:51+00:00","dateModified":"2024-08-29T15:29:52+00:00","mainEntityOfPage":{"@id":"https:\/\/biciurba.com\/index.php\/2024\/08\/29\/el-placer-diario-de-rodar-en-la-bici-rural-para-ir-a-trabajar\/"},"wordCount":102,"commentCount":0,"publisher":{"@id":"https:\/\/biciurba.com\/#\/schema\/person\/d9675ddf29ee982d268db0a3f239eced"},"image":{"@id":"https:\/\/biciurba.com\/index.php\/2024\/08\/29\/el-placer-diario-de-rodar-en-la-bici-rural-para-ir-a-trabajar\/#primaryimage"},"thumbnailUrl":"https:\/\/biciurba.com\/wp-content\/uploads\/2024\/05\/podcast-logo.png","keywords":["Bicicletas","bienestar","econom\u00eda","salud","seguridad","transporte individual"],"articleSection":["Podcast"],"inLanguage":"es","potentialAction":[{"@type":"CommentAction","name":"Comment","target":["https:\/\/biciurba.com\/index.php\/2024\/08\/29\/el-placer-diario-de-rodar-en-la-bici-rural-para-ir-a-trabajar\/#respond"]}]},{"@type":"WebPage","@id":"https:\/\/biciurba.com\/index.php\/2024\/08\/29\/el-placer-diario-de-rodar-en-la-bici-rural-para-ir-a-trabajar\/","url":"https:\/\/biciurba.com\/index.php\/2024\/08\/29\/el-placer-diario-de-rodar-en-la-bici-rural-para-ir-a-trabajar\/","name":"El placer diario de rodar en la bici rural para ir a trabajar - Biciurba","isPartOf":{"@id":"https:\/\/biciurba.com\/#website"},"primaryImageOfPage":{"@id":"https:\/\/biciurba.com\/index.php\/2024\/08\/29\/el-placer-diario-de-rodar-en-la-bici-rural-para-ir-a-trabajar\/#primaryimage"},"image":{"@id":"https:\/\/biciurba.com\/index.php\/2024\/08\/29\/el-placer-diario-de-rodar-en-la-bici-rural-para-ir-a-trabajar\/#primaryimage"},"thumbnailUrl":"https:\/\/biciurba.com\/wp-content\/uploads\/2024\/05\/podcast-logo.png","datePublished":"2024-08-29T15:29:51+00:00","dateModified":"2024-08-29T15:29:52+00:00","breadcrumb":{"@id":"https:\/\/biciurba.com\/index.php\/2024\/08\/29\/el-placer-diario-de-rodar-en-la-bici-rural-para-ir-a-trabajar\/#breadcrumb"},"inLanguage":"es","potentialAction":[{"@type":"ReadAction","target":["https:\/\/biciurba.com\/index.php\/2024\/08\/29\/el-placer-diario-de-rodar-en-la-bici-rural-para-ir-a-trabajar\/"]}]},{"@type":"ImageObject","inLanguage":"es","@id":"https:\/\/biciurba.com\/index.php\/2024\/08\/29\/el-placer-diario-de-rodar-en-la-bici-rural-para-ir-a-trabajar\/#primaryimage","url":"https:\/\/biciurba.com\/wp-content\/uploads\/2024\/05\/podcast-logo.png","contentUrl":"https:\/\/biciurba.com\/wp-content\/uploads\/2024\/05\/podcast-logo.png","width":600,"height":400},{"@type":"BreadcrumbList","@id":"https:\/\/biciurba.com\/index.php\/2024\/08\/29\/el-placer-diario-de-rodar-en-la-bici-rural-para-ir-a-trabajar\/#breadcrumb","itemListElement":[{"@type":"ListItem","position":1,"name":"Portada","item":"https:\/\/biciurba.com\/"},{"@type":"ListItem","position":2,"name":"El placer diario de rodar en la bici rural para ir a trabajar"}]},{"@type":"WebSite","@id":"https:\/\/biciurba.com\/#website","url":"https:\/\/biciurba.com\/","name":"Biciurba","description":"Una mejor manera de vivir","publisher":{"@id":"https:\/\/biciurba.com\/#\/schema\/person\/d9675ddf29ee982d268db0a3f239eced"},"potentialAction":[{"@type":"SearchAction","target":{"@type":"EntryPoint","urlTemplate":"https:\/\/biciurba.com\/?s={search_term_string}"},"query-input":{"@type":"PropertyValueSpecification","valueRequired":true,"valueName":"search_term_string"}}],"inLanguage":"es"},{"@type":["Person","Organization"],"@id":"https:\/\/biciurba.com\/#\/schema\/person\/d9675ddf29ee982d268db0a3f239eced","name":"Carlos Cantor","image":{"@type":"ImageObject","inLanguage":"es","@id":"https:\/\/biciurba.com\/#\/schema\/person\/image\/","url":"https:\/\/biciurba.com\/wp-content\/uploads\/2024\/04\/cropped-logo-1.png","contentUrl":"https:\/\/biciurba.com\/wp-content\/uploads\/2024\/04\/cropped-logo-1.png","width":512,"height":318,"caption":"Carlos Cantor"},"logo":{"@id":"https:\/\/biciurba.com\/#\/schema\/person\/image\/"},"sameAs":["https:\/\/biciurba.com"],"url":"https:\/\/biciurba.com\/index.php\/author\/ccantor\/"}]}},"_links":{"self":[{"href":"https:\/\/biciurba.com\/index.php\/wp-json\/wp\/v2\/posts\/1039"}],"collection":[{"href":"https:\/\/biciurba.com\/index.php\/wp-json\/wp\/v2\/posts"}],"about":[{"href":"https:\/\/biciurba.com\/index.php\/wp-json\/wp\/v2\/types\/post"}],"author":[{"embeddable":true,"href":"https:\/\/biciurba.com\/index.php\/wp-json\/wp\/v2\/users\/1"}],"replies":[{"embeddable":true,"href":"https:\/\/biciurba.com\/index.php\/wp-json\/wp\/v2\/comments?post=1039"}],"version-history":[{"count":1,"href":"https:\/\/biciurba.com\/index.php\/wp-json\/wp\/v2\/posts\/1039\/revisions"}],"predecessor-version":[{"id":1040,"href":"https:\/\/biciurba.com\/index.php\/wp-json\/wp\/v2\/posts\/1039\/revisions\/1040"}],"wp:featuredmedia":[{"embeddable":true,"href":"https:\/\/biciurba.com\/index.php\/wp-json\/wp\/v2\/media\/542"}],"wp:attachment":[{"href":"https:\/\/biciurba.com\/index.php\/wp-json\/wp\/v2\/media?parent=1039"}],"wp:term":[{"taxonomy":"category","embeddable":true,"href":"https:\/\/biciurba.com\/index.php\/wp-json\/wp\/v2\/categories?post=1039"},{"taxonomy":"post_tag","embeddable":true,"href":"https:\/\/biciurba.com\/index.php\/wp-json\/wp\/v2\/tags?post=1039"}],"curies":[{"name":"wp","href":"https:\/\/api.w.org\/{rel}","templated":true}]}}