{"id":1071,"date":"2024-09-09T12:12:49","date_gmt":"2024-09-09T17:12:49","guid":{"rendered":"https:\/\/biciurba.com\/?p=1071"},"modified":"2024-09-09T12:14:10","modified_gmt":"2024-09-09T17:14:10","slug":"historica-participacion-de-colombia-en-los-juegos-paralimpicos-2024","status":"publish","type":"post","link":"https:\/\/biciurba.com\/index.php\/2024\/09\/09\/historica-participacion-de-colombia-en-los-juegos-paralimpicos-2024\/","title":{"rendered":"Hist\u00f3rica participaci\u00f3n de Colombia en los Juegos Paral\u00edmpicos 2024"},"content":{"rendered":"\n<p>La delegaci\u00f3n nacional realiz\u00f3 sus mejores justas de todos los tiempos, ocupando un lugar en el Top 20 de la tabla de medaller\u00eda. La delegaci\u00f3n nacional conquist\u00f3 un total de 28 medallas, 7 oros, 7 platas y 14 bronces, superando de lejos la marca de Tokio 2020, donde gan\u00f3 24 medallas, 3 oros, 7 platas y 14 bronces. Los Juegos Paral\u00edmpicos de Par\u00eds 2024 han sido testigos de la buena actuaci\u00f3n de los atletas colombianos donde se ha mezclado  experiencia, talento y determinaci\u00f3n, logrando adem\u00e1s varias  nuevas marcas, tanto mundiales como continentales, este es un balance de los cafeteros en Par\u00eds:<\/p>\n\n\n\n<p>Medallas de Oro: Jos\u00e9 Gregorio Lemos inaugur\u00f3 el medallero dorado para Colombia al consagrarse campe\u00f3n en lanzamiento de jabalina F38, con un lanzamiento de 63.81 metros, rompiendo su propio r\u00e9cord mundial.<\/p>\n\n\n\n<p>\u00c9rica Casta\u00f1o tambi\u00e9n se llev\u00f3 el oro en para atletismo, en la prueba de lanzamiento de disco F55 femenino, con una marca de 26.70 metros.<\/p>\n\n\n\n<p>Karen Palomeque continu\u00f3 con la racha dorada al ganar los 100 metros T38 femenino con una impresionante marca de 12.26 segundos, estableciendo un nuevo r\u00e9cord mundial.<\/p>\n\n\n\n<p>Juan Sebasti\u00e1n Obando se coron\u00f3 campe\u00f3n en los 400 metros T20 masculino, dejando todo en la pista y mostrando su imparable velocidad.<\/p>\n\n\n\n<p>Leidy y Edilson Chica conquistaron el oro en boccia, en la categor\u00eda parejas mixtas BC4, tras una dominante victoria 6-1 sobre Hong Kong.<\/p>\n\n\n\n<p>Medallas de Plata con Nelson Crisp\u00edn brill\u00f3 en nataci\u00f3n, logrando tres medallas de plata: en los 200 metros combinado individual SM6, en los 100 metros pecho SB6 y en los 50 metros mariposa S6.<\/p>\n\n\n\n<p>Edilson Chica se llev\u00f3 la plata en la categor\u00eda individual masculina BC4 de boccia, tras un emocionante encuentro contra el brit\u00e1nico Stephen McGuire.<\/p>\n\n\n\n<p>Mauricio Valencia destac\u00f3 en el lanzamiento de jabalina F34, obteniendo la plata con un impresionante lanzamiento de 39.09 metros, estableciendo un nuevo r\u00e9cord americano.<\/p>\n\n\n\n<p>Carlos Daniel Serrano a\u00f1adi\u00f3 otra plata para Colombia en los 50 metros libre S7, con un tiempo de 27.60 segundos.<\/p>\n\n\n\n<p>Medallas de Bronce: El bronce tambi\u00e9n  fue protagonista en la delegaci\u00f3n colombiana, con actuaciones que han dejado al pa\u00eds orgulloso. Carlos Daniel Serrano sum\u00f3 una medalla de bronce en los 100 metros pecho SB8, con un tiempo de 1:10.55.<\/p>\n\n\n\n<p>Juan Alejandro Campas obtuvo el bronce en los 100 metros T38 masculino y en los 400 metros T38 masculino, estableciendo un r\u00e9cord continental en esta \u00faltima prueba con un tiempo de 48.83 segundos.<\/p>\n\n\n\n<p>Faisury Jim\u00e9nez subi\u00f3 al podio en los 100 metros T38 femenino, logrando el bronce con un tiempo de 12.53 segundos.<\/p>\n\n\n\n<p>Leidy Chica se convirti\u00f3 en la primera colombiana en ganar una medalla de bronce en boccia en estos Juegos, con una contundente victoria 7-1.<\/p>\n\n\n\n<p>Jos\u00e9 Gregorio Lemos a\u00f1adi\u00f3 otra medalla de bronce en salto largo T38, con un salto de 6.40 metros.<\/p>\n\n\n\n<p>Diego Meneses y Paula Andrea Ossa completaron el conteo de bronces en jabalina F34 y en la ruta femenina C5, respectivamente.<\/p>\n\n\n\n<p>Fuente: Uniminuto Radio.<\/p>\n","protected":false},"excerpt":{"rendered":"<p>La delegaci\u00f3n nacional termin\u00f3 los Juegos Paral\u00edmpicos en el puesto 19 de la tabla de medaller\u00eda, siendo la segunda mejor naci\u00f3n de Sudam\u00e9rica, solo superada por Brasil, que gan\u00f3 25 oros, 26 platas y 38 bronces; y la tercera mejor de Am\u00e9rica, tambi\u00e9n tras Estados Unidos, con 36 oros, 42 platas y 27 bronces.<\/p>\n","protected":false},"author":1,"featured_media":1072,"comment_status":"open","ping_status":"open","sticky":false,"template":"","format":"standard","meta":{"footnotes":""},"categories":[50],"tags":[424,423,425],"class_list":["post-1071","post","type-post","status-publish","format-standard","has-post-thumbnail","hentry","category-salud-y-bienestar","tag-colombia-deportiva","tag-juegos-paralimpicos","tag-medalleria"],"yoast_head":"<!-- This site is optimized with the Yoast SEO plugin v23.9 - https:\/\/yoast.com\/wordpress\/plugins\/seo\/ -->\n<title>Hist\u00f3rica participaci\u00f3n de Colombia en los Juegos Paral\u00edmpicos 2024 - Biciurba<\/title>\n<meta name=\"robots\" content=\"index, follow, max-snippet:-1, max-image-preview:large, max-video-preview:-1\" \/>\n<link rel=\"canonical\" href=\"https:\/\/biciurba.com\/index.php\/2024\/09\/09\/historica-participacion-de-colombia-en-los-juegos-paralimpicos-2024\/\" \/>\n<meta property=\"og:locale\" content=\"es_ES\" \/>\n<meta property=\"og:type\" content=\"article\" \/>\n<meta property=\"og:title\" content=\"Hist\u00f3rica participaci\u00f3n de Colombia en los Juegos Paral\u00edmpicos 2024 - Biciurba\" \/>\n<meta property=\"og:description\" content=\"La delegaci\u00f3n nacional termin\u00f3 los Juegos Paral\u00edmpicos en el puesto 19 de la tabla de medaller\u00eda, siendo la segunda mejor naci\u00f3n de Sudam\u00e9rica, solo superada por Brasil, que gan\u00f3 25 oros, 26 platas y 38 bronces; y la tercera mejor de Am\u00e9rica, tambi\u00e9n tras Estados Unidos, con 36 oros, 42 platas y 27 bronces.\" \/>\n<meta property=\"og:url\" content=\"https:\/\/biciurba.com\/index.php\/2024\/09\/09\/historica-participacion-de-colombia-en-los-juegos-paralimpicos-2024\/\" \/>\n<meta property=\"og:site_name\" content=\"Biciurba\" \/>\n<meta property=\"article:published_time\" content=\"2024-09-09T17:12:49+00:00\" \/>\n<meta property=\"article:modified_time\" content=\"2024-09-09T17:14:10+00:00\" \/>\n<meta property=\"og:image\" content=\"https:\/\/biciurba.com\/wp-content\/uploads\/2024\/09\/Delegacion-colombia-paraolimpicos-2024.png\" \/>\n\t<meta property=\"og:image:width\" content=\"950\" \/>\n\t<meta property=\"og:image:height\" content=\"475\" \/>\n\t<meta property=\"og:image:type\" content=\"image\/png\" \/>\n<meta name=\"author\" content=\"Carlos Cantor\" \/>\n<meta name=\"twitter:card\" content=\"summary_large_image\" \/>\n<meta name=\"twitter:label1\" content=\"Escrito por\" \/>\n\t<meta name=\"twitter:data1\" content=\"Carlos Cantor\" \/>\n\t<meta name=\"twitter:label2\" content=\"Tiempo de lectura\" \/>\n\t<meta name=\"twitter:data2\" content=\"3 minutos\" \/>\n<script type=\"application\/ld+json\" class=\"yoast-schema-graph\">{\"@context\":\"https:\/\/schema.org\",\"@graph\":[{\"@type\":\"Article\",\"@id\":\"https:\/\/biciurba.com\/index.php\/2024\/09\/09\/historica-participacion-de-colombia-en-los-juegos-paralimpicos-2024\/#article\",\"isPartOf\":{\"@id\":\"https:\/\/biciurba.com\/index.php\/2024\/09\/09\/historica-participacion-de-colombia-en-los-juegos-paralimpicos-2024\/\"},\"author\":{\"name\":\"Carlos Cantor\",\"@id\":\"https:\/\/biciurba.com\/#\/schema\/person\/d9675ddf29ee982d268db0a3f239eced\"},\"headline\":\"Hist\u00f3rica participaci\u00f3n de Colombia en los Juegos Paral\u00edmpicos 2024\",\"datePublished\":\"2024-09-09T17:12:49+00:00\",\"dateModified\":\"2024-09-09T17:14:10+00:00\",\"mainEntityOfPage\":{\"@id\":\"https:\/\/biciurba.com\/index.php\/2024\/09\/09\/historica-participacion-de-colombia-en-los-juegos-paralimpicos-2024\/\"},\"wordCount\":497,\"commentCount\":0,\"publisher\":{\"@id\":\"https:\/\/biciurba.com\/#\/schema\/person\/d9675ddf29ee982d268db0a3f239eced\"},\"image\":{\"@id\":\"https:\/\/biciurba.com\/index.php\/2024\/09\/09\/historica-participacion-de-colombia-en-los-juegos-paralimpicos-2024\/#primaryimage\"},\"thumbnailUrl\":\"https:\/\/biciurba.com\/wp-content\/uploads\/2024\/09\/Delegacion-colombia-paraolimpicos-2024.png\",\"keywords\":[\"Colombia deportiva\",\"Juegos Paralimpicos\",\"Medaller\u00eda\"],\"articleSection\":[\"Vida Buena\"],\"inLanguage\":\"es\",\"potentialAction\":[{\"@type\":\"CommentAction\",\"name\":\"Comment\",\"target\":[\"https:\/\/biciurba.com\/index.php\/2024\/09\/09\/historica-participacion-de-colombia-en-los-juegos-paralimpicos-2024\/#respond\"]}]},{\"@type\":\"WebPage\",\"@id\":\"https:\/\/biciurba.com\/index.php\/2024\/09\/09\/historica-participacion-de-colombia-en-los-juegos-paralimpicos-2024\/\",\"url\":\"https:\/\/biciurba.com\/index.php\/2024\/09\/09\/historica-participacion-de-colombia-en-los-juegos-paralimpicos-2024\/\",\"name\":\"Hist\u00f3rica participaci\u00f3n de Colombia en los Juegos Paral\u00edmpicos 2024 - Biciurba\",\"isPartOf\":{\"@id\":\"https:\/\/biciurba.com\/#website\"},\"primaryImageOfPage\":{\"@id\":\"https:\/\/biciurba.com\/index.php\/2024\/09\/09\/historica-participacion-de-colombia-en-los-juegos-paralimpicos-2024\/#primaryimage\"},\"image\":{\"@id\":\"https:\/\/biciurba.com\/index.php\/2024\/09\/09\/historica-participacion-de-colombia-en-los-juegos-paralimpicos-2024\/#primaryimage\"},\"thumbnailUrl\":\"https:\/\/biciurba.com\/wp-content\/uploads\/2024\/09\/Delegacion-colombia-paraolimpicos-2024.png\",\"datePublished\":\"2024-09-09T17:12:49+00:00\",\"dateModified\":\"2024-09-09T17:14:10+00:00\",\"breadcrumb\":{\"@id\":\"https:\/\/biciurba.com\/index.php\/2024\/09\/09\/historica-participacion-de-colombia-en-los-juegos-paralimpicos-2024\/#breadcrumb\"},\"inLanguage\":\"es\",\"potentialAction\":[{\"@type\":\"ReadAction\",\"target\":[\"https:\/\/biciurba.com\/index.php\/2024\/09\/09\/historica-participacion-de-colombia-en-los-juegos-paralimpicos-2024\/\"]}]},{\"@type\":\"ImageObject\",\"inLanguage\":\"es\",\"@id\":\"https:\/\/biciurba.com\/index.php\/2024\/09\/09\/historica-participacion-de-colombia-en-los-juegos-paralimpicos-2024\/#primaryimage\",\"url\":\"https:\/\/biciurba.com\/wp-content\/uploads\/2024\/09\/Delegacion-colombia-paraolimpicos-2024.png\",\"contentUrl\":\"https:\/\/biciurba.com\/wp-content\/uploads\/2024\/09\/Delegacion-colombia-paraolimpicos-2024.png\",\"width\":950,\"height\":475,\"caption\":\"La delegaci\u00f3n nacional termin\u00f3 los Juegos Paral\u00edmpicos en el puesto 19 de la tabla de medaller\u00eda, siendo la segunda mejor naci\u00f3n de Sudam\u00e9rica, solo superada por Brasil, que gan\u00f3 25 oros, 26 platas y 38 bronces; y la tercera mejor de Am\u00e9rica, tambi\u00e9n tras Estados Unidos, con 36 oros, 42 platas y 27 bronces.\"},{\"@type\":\"BreadcrumbList\",\"@id\":\"https:\/\/biciurba.com\/index.php\/2024\/09\/09\/historica-participacion-de-colombia-en-los-juegos-paralimpicos-2024\/#breadcrumb\",\"itemListElement\":[{\"@type\":\"ListItem\",\"position\":1,\"name\":\"Portada\",\"item\":\"https:\/\/biciurba.com\/\"},{\"@type\":\"ListItem\",\"position\":2,\"name\":\"Hist\u00f3rica participaci\u00f3n de Colombia en los Juegos Paral\u00edmpicos 2024\"}]},{\"@type\":\"WebSite\",\"@id\":\"https:\/\/biciurba.com\/#website\",\"url\":\"https:\/\/biciurba.com\/\",\"name\":\"Biciurba\",\"description\":\"Una mejor manera de vivir\",\"publisher\":{\"@id\":\"https:\/\/biciurba.com\/#\/schema\/person\/d9675ddf29ee982d268db0a3f239eced\"},\"potentialAction\":[{\"@type\":\"SearchAction\",\"target\":{\"@type\":\"EntryPoint\",\"urlTemplate\":\"https:\/\/biciurba.com\/?s={search_term_string}\"},\"query-input\":{\"@type\":\"PropertyValueSpecification\",\"valueRequired\":true,\"valueName\":\"search_term_string\"}}],\"inLanguage\":\"es\"},{\"@type\":[\"Person\",\"Organization\"],\"@id\":\"https:\/\/biciurba.com\/#\/schema\/person\/d9675ddf29ee982d268db0a3f239eced\",\"name\":\"Carlos Cantor\",\"image\":{\"@type\":\"ImageObject\",\"inLanguage\":\"es\",\"@id\":\"https:\/\/biciurba.com\/#\/schema\/person\/image\/\",\"url\":\"https:\/\/biciurba.com\/wp-content\/uploads\/2024\/04\/cropped-logo-1.png\",\"contentUrl\":\"https:\/\/biciurba.com\/wp-content\/uploads\/2024\/04\/cropped-logo-1.png\",\"width\":512,\"height\":318,\"caption\":\"Carlos Cantor\"},\"logo\":{\"@id\":\"https:\/\/biciurba.com\/#\/schema\/person\/image\/\"},\"sameAs\":[\"https:\/\/biciurba.com\"],\"url\":\"https:\/\/biciurba.com\/index.php\/author\/ccantor\/\"}]}<\/script>\n<!-- \/ Yoast SEO plugin. -->","yoast_head_json":{"title":"Hist\u00f3rica participaci\u00f3n de Colombia en los Juegos Paral\u00edmpicos 2024 - Biciurba","robots":{"index":"index","follow":"follow","max-snippet":"max-snippet:-1","max-image-preview":"max-image-preview:large","max-video-preview":"max-video-preview:-1"},"canonical":"https:\/\/biciurba.com\/index.php\/2024\/09\/09\/historica-participacion-de-colombia-en-los-juegos-paralimpicos-2024\/","og_locale":"es_ES","og_type":"article","og_title":"Hist\u00f3rica participaci\u00f3n de Colombia en los Juegos Paral\u00edmpicos 2024 - Biciurba","og_description":"La delegaci\u00f3n nacional termin\u00f3 los Juegos Paral\u00edmpicos en el puesto 19 de la tabla de medaller\u00eda, siendo la segunda mejor naci\u00f3n de Sudam\u00e9rica, solo superada por Brasil, que gan\u00f3 25 oros, 26 platas y 38 bronces; y la tercera mejor de Am\u00e9rica, tambi\u00e9n tras Estados Unidos, con 36 oros, 42 platas y 27 bronces.","og_url":"https:\/\/biciurba.com\/index.php\/2024\/09\/09\/historica-participacion-de-colombia-en-los-juegos-paralimpicos-2024\/","og_site_name":"Biciurba","article_published_time":"2024-09-09T17:12:49+00:00","article_modified_time":"2024-09-09T17:14:10+00:00","og_image":[{"width":950,"height":475,"url":"https:\/\/biciurba.com\/wp-content\/uploads\/2024\/09\/Delegacion-colombia-paraolimpicos-2024.png","type":"image\/png"}],"author":"Carlos Cantor","twitter_card":"summary_large_image","twitter_misc":{"Escrito por":"Carlos Cantor","Tiempo de lectura":"3 minutos"},"schema":{"@context":"https:\/\/schema.org","@graph":[{"@type":"Article","@id":"https:\/\/biciurba.com\/index.php\/2024\/09\/09\/historica-participacion-de-colombia-en-los-juegos-paralimpicos-2024\/#article","isPartOf":{"@id":"https:\/\/biciurba.com\/index.php\/2024\/09\/09\/historica-participacion-de-colombia-en-los-juegos-paralimpicos-2024\/"},"author":{"name":"Carlos Cantor","@id":"https:\/\/biciurba.com\/#\/schema\/person\/d9675ddf29ee982d268db0a3f239eced"},"headline":"Hist\u00f3rica participaci\u00f3n de Colombia en los Juegos Paral\u00edmpicos 2024","datePublished":"2024-09-09T17:12:49+00:00","dateModified":"2024-09-09T17:14:10+00:00","mainEntityOfPage":{"@id":"https:\/\/biciurba.com\/index.php\/2024\/09\/09\/historica-participacion-de-colombia-en-los-juegos-paralimpicos-2024\/"},"wordCount":497,"commentCount":0,"publisher":{"@id":"https:\/\/biciurba.com\/#\/schema\/person\/d9675ddf29ee982d268db0a3f239eced"},"image":{"@id":"https:\/\/biciurba.com\/index.php\/2024\/09\/09\/historica-participacion-de-colombia-en-los-juegos-paralimpicos-2024\/#primaryimage"},"thumbnailUrl":"https:\/\/biciurba.com\/wp-content\/uploads\/2024\/09\/Delegacion-colombia-paraolimpicos-2024.png","keywords":["Colombia deportiva","Juegos Paralimpicos","Medaller\u00eda"],"articleSection":["Vida Buena"],"inLanguage":"es","potentialAction":[{"@type":"CommentAction","name":"Comment","target":["https:\/\/biciurba.com\/index.php\/2024\/09\/09\/historica-participacion-de-colombia-en-los-juegos-paralimpicos-2024\/#respond"]}]},{"@type":"WebPage","@id":"https:\/\/biciurba.com\/index.php\/2024\/09\/09\/historica-participacion-de-colombia-en-los-juegos-paralimpicos-2024\/","url":"https:\/\/biciurba.com\/index.php\/2024\/09\/09\/historica-participacion-de-colombia-en-los-juegos-paralimpicos-2024\/","name":"Hist\u00f3rica participaci\u00f3n de Colombia en los Juegos Paral\u00edmpicos 2024 - Biciurba","isPartOf":{"@id":"https:\/\/biciurba.com\/#website"},"primaryImageOfPage":{"@id":"https:\/\/biciurba.com\/index.php\/2024\/09\/09\/historica-participacion-de-colombia-en-los-juegos-paralimpicos-2024\/#primaryimage"},"image":{"@id":"https:\/\/biciurba.com\/index.php\/2024\/09\/09\/historica-participacion-de-colombia-en-los-juegos-paralimpicos-2024\/#primaryimage"},"thumbnailUrl":"https:\/\/biciurba.com\/wp-content\/uploads\/2024\/09\/Delegacion-colombia-paraolimpicos-2024.png","datePublished":"2024-09-09T17:12:49+00:00","dateModified":"2024-09-09T17:14:10+00:00","breadcrumb":{"@id":"https:\/\/biciurba.com\/index.php\/2024\/09\/09\/historica-participacion-de-colombia-en-los-juegos-paralimpicos-2024\/#breadcrumb"},"inLanguage":"es","potentialAction":[{"@type":"ReadAction","target":["https:\/\/biciurba.com\/index.php\/2024\/09\/09\/historica-participacion-de-colombia-en-los-juegos-paralimpicos-2024\/"]}]},{"@type":"ImageObject","inLanguage":"es","@id":"https:\/\/biciurba.com\/index.php\/2024\/09\/09\/historica-participacion-de-colombia-en-los-juegos-paralimpicos-2024\/#primaryimage","url":"https:\/\/biciurba.com\/wp-content\/uploads\/2024\/09\/Delegacion-colombia-paraolimpicos-2024.png","contentUrl":"https:\/\/biciurba.com\/wp-content\/uploads\/2024\/09\/Delegacion-colombia-paraolimpicos-2024.png","width":950,"height":475,"caption":"La delegaci\u00f3n nacional termin\u00f3 los Juegos Paral\u00edmpicos en el puesto 19 de la tabla de medaller\u00eda, siendo la segunda mejor naci\u00f3n de Sudam\u00e9rica, solo superada por Brasil, que gan\u00f3 25 oros, 26 platas y 38 bronces; y la tercera mejor de Am\u00e9rica, tambi\u00e9n tras Estados Unidos, con 36 oros, 42 platas y 27 bronces."},{"@type":"BreadcrumbList","@id":"https:\/\/biciurba.com\/index.php\/2024\/09\/09\/historica-participacion-de-colombia-en-los-juegos-paralimpicos-2024\/#breadcrumb","itemListElement":[{"@type":"ListItem","position":1,"name":"Portada","item":"https:\/\/biciurba.com\/"},{"@type":"ListItem","position":2,"name":"Hist\u00f3rica participaci\u00f3n de Colombia en los Juegos Paral\u00edmpicos 2024"}]},{"@type":"WebSite","@id":"https:\/\/biciurba.com\/#website","url":"https:\/\/biciurba.com\/","name":"Biciurba","description":"Una mejor manera de vivir","publisher":{"@id":"https:\/\/biciurba.com\/#\/schema\/person\/d9675ddf29ee982d268db0a3f239eced"},"potentialAction":[{"@type":"SearchAction","target":{"@type":"EntryPoint","urlTemplate":"https:\/\/biciurba.com\/?s={search_term_string}"},"query-input":{"@type":"PropertyValueSpecification","valueRequired":true,"valueName":"search_term_string"}}],"inLanguage":"es"},{"@type":["Person","Organization"],"@id":"https:\/\/biciurba.com\/#\/schema\/person\/d9675ddf29ee982d268db0a3f239eced","name":"Carlos Cantor","image":{"@type":"ImageObject","inLanguage":"es","@id":"https:\/\/biciurba.com\/#\/schema\/person\/image\/","url":"https:\/\/biciurba.com\/wp-content\/uploads\/2024\/04\/cropped-logo-1.png","contentUrl":"https:\/\/biciurba.com\/wp-content\/uploads\/2024\/04\/cropped-logo-1.png","width":512,"height":318,"caption":"Carlos Cantor"},"logo":{"@id":"https:\/\/biciurba.com\/#\/schema\/person\/image\/"},"sameAs":["https:\/\/biciurba.com"],"url":"https:\/\/biciurba.com\/index.php\/author\/ccantor\/"}]}},"_links":{"self":[{"href":"https:\/\/biciurba.com\/index.php\/wp-json\/wp\/v2\/posts\/1071"}],"collection":[{"href":"https:\/\/biciurba.com\/index.php\/wp-json\/wp\/v2\/posts"}],"about":[{"href":"https:\/\/biciurba.com\/index.php\/wp-json\/wp\/v2\/types\/post"}],"author":[{"embeddable":true,"href":"https:\/\/biciurba.com\/index.php\/wp-json\/wp\/v2\/users\/1"}],"replies":[{"embeddable":true,"href":"https:\/\/biciurba.com\/index.php\/wp-json\/wp\/v2\/comments?post=1071"}],"version-history":[{"count":1,"href":"https:\/\/biciurba.com\/index.php\/wp-json\/wp\/v2\/posts\/1071\/revisions"}],"predecessor-version":[{"id":1073,"href":"https:\/\/biciurba.com\/index.php\/wp-json\/wp\/v2\/posts\/1071\/revisions\/1073"}],"wp:featuredmedia":[{"embeddable":true,"href":"https:\/\/biciurba.com\/index.php\/wp-json\/wp\/v2\/media\/1072"}],"wp:attachment":[{"href":"https:\/\/biciurba.com\/index.php\/wp-json\/wp\/v2\/media?parent=1071"}],"wp:term":[{"taxonomy":"category","embeddable":true,"href":"https:\/\/biciurba.com\/index.php\/wp-json\/wp\/v2\/categories?post=1071"},{"taxonomy":"post_tag","embeddable":true,"href":"https:\/\/biciurba.com\/index.php\/wp-json\/wp\/v2\/tags?post=1071"}],"curies":[{"name":"wp","href":"https:\/\/api.w.org\/{rel}","templated":true}]}}