{"id":1079,"date":"2024-09-11T10:33:06","date_gmt":"2024-09-11T15:33:06","guid":{"rendered":"https:\/\/biciurba.com\/?p=1079"},"modified":"2024-09-11T11:21:25","modified_gmt":"2024-09-11T16:21:25","slug":"hace-23-anos-se-desato-una-guerra-entre-occidente-y-oriente-medio-que-aun-no-termina","status":"publish","type":"post","link":"https:\/\/biciurba.com\/index.php\/2024\/09\/11\/hace-23-anos-se-desato-una-guerra-entre-occidente-y-oriente-medio-que-aun-no-termina\/","title":{"rendered":"Hace 23 a\u00f1os se desat\u00f3 una guerra entre occidente y oriente medio, que a\u00fan no termina"},"content":{"rendered":"\n<p>El 11 de septiembre de 2001, cerca de las 8 de la ma\u00f1ana, 19 yihadistas de Al Qaeda secuestraron cuatro aviones de pasajeros para realizar unos atentados que cambiaron el rumbo de la historia, en un ataque directo a un s\u00edmbolo del poder de los USA  l\u00edder del Occidente liberal.  Tras el ataque, la administraci\u00f3n de George W. Bush adopt\u00f3 una postura agresiva frente a los pa\u00edses del Medio Oriente y Asia Central, identificando a algunos como c\u00f3mplices del terrorismo, y consolidando la narrativa de que era necesario enfrentarlos militar y diplom\u00e1ticamente.<\/p>\n\n\n\n<p>El sentimiento de venganza y la necesidad de proteger la seguridad nacional motivaron a Estados Unidos a lanzar una campa\u00f1a global para desmantelar las redes terroristas y evitar futuros ataques. La percepci\u00f3n de que el terrorismo islamista ten\u00eda un alcance global llev\u00f3 a los estadounidenses a justificar intervenciones militares, sanciones econ\u00f3micas y cambios en sus alianzas estrat\u00e9gicas. Pa\u00edses como Afganist\u00e1n, Irak, Ir\u00e1n y Siria quedaron atrapados en una vor\u00e1gine de hostilidades que impactar\u00eda no solo sus econom\u00edas, sino tambi\u00e9n la estabilidad social y pol\u00edtica de toda la regi\u00f3n.<\/p>\n\n\n\n<p>Los atentados exacerbaron la desconfianza hacia las naciones isl\u00e1micas, vistas por muchos en Occidente como incubadoras de radicalismo. Esta hostilidad gener\u00f3 una brecha a\u00fan m\u00e1s grande entre las potencias occidentales y varios pa\u00edses del Medio Oriente, consolidando un sentimiento antioccidental en algunos sectores de estas naciones. Esta din\u00e1mica de conflicto y desconfianza se mantiene hasta el d\u00eda de hoy, como una de las principales consecuencias del 11 de septiembre.<\/p>\n\n\n\n<p>La respuesta oficial de Estados Unidos al 11 de septiembre se formaliz\u00f3 como la \u201cGuerra contra el Terror\u201d, una pol\u00edtica que implicaba no solo combatir a los perpetradores de los ataques, sino tambi\u00e9n erradicar cualquier amenaza terrorista global. Esta estrategia abarcaba la identificaci\u00f3n de grupos como Al-Qaeda y el uso de la fuerza militar para eliminar su influencia. Pero m\u00e1s all\u00e1 de los grupos terroristas, la doctrina tambi\u00e9n inclu\u00eda sancionar o intervenir en cualquier pa\u00eds que diera refugio o apoyo a estas organizaciones.<\/p>\n\n\n\n<p>El presidente George W. Bush dej\u00f3 claro en su discurso de la Uni\u00f3n de 2002 que Estados Unidos no solo estaba en guerra con terroristas como individuos, sino con un \u201cEje del Mal\u201d, una alianza impl\u00edcita de pa\u00edses que, seg\u00fan \u00e9l, representaban una amenaza a la paz mundial. Ir\u00e1n, Irak y Corea del Norte fueron nombrados expl\u00edcitamente, lo que sentaron las bases para futuras confrontaciones. Este enfoque justific\u00f3 la invasi\u00f3n de Afganist\u00e1n y, m\u00e1s tarde, Irak, a pesar de las dudas sobre la conexi\u00f3n de estos pa\u00edses con el terrorismo global y los atentados del 11 de septiembre.<\/p>\n\n\n\n<p>El 7 de octubre de 2001, menos de un mes despu\u00e9s de los ataques, Estados Unidos lanz\u00f3 la invasi\u00f3n de Afganist\u00e1n con el objetivo de desmantelar el r\u00e9gimen talib\u00e1n, que hab\u00eda dado refugio a Osama bin Laden y Al-Qaeda. Esta invasi\u00f3n fue ampliamente respaldada por la comunidad internacional, ya que el mundo estaba unido en su condena al terrorismo tras el 11-S. Sin embargo, aunque la guerra logr\u00f3 el derrocamiento del r\u00e9gimen talib\u00e1n en cuesti\u00f3n de meses, los objetivos a largo plazo \u2014la reconstrucci\u00f3n del pa\u00eds y la eliminaci\u00f3n de los grupos terroristas\u2014 resultaron mucho m\u00e1s esquivos.<\/p>\n\n\n\n<p>A lo largo de dos d\u00e9cadas de conflicto, Afganist\u00e1n fue testigo de una continua inestabilidad. La guerra, lejos de eliminar la amenaza terrorista, exacerb\u00f3 la violencia en muchas regiones del pa\u00eds.<\/p>\n\n\n\n<p>El costo humano de la guerra ha sido inmenso: seg\u00fan el proyecto \u201cCosts of War\u201d de la Universidad de Brown, m\u00e1s de 47.000 civiles afganos murieron como resultado directo de las hostilidades, y cerca de 69.000 miembros de las fuerzas de seguridad afganas perdieron la vida. Adem\u00e1s, millones de afganos fueron desplazados, creando una crisis humanitaria que a\u00fan no se resuelve.<\/p>\n\n\n\n<p>La guerra tambi\u00e9n afect\u00f3 profundamente a la sociedad estadounidense. Las bajas militares estadounidenses alcanzaron m\u00e1s de 2.400 soldados, y la fatiga por el conflicto contribuy\u00f3 a un cambio en la opini\u00f3n p\u00fablica respecto a la eficacia y moralidad de las intervenciones militares. El costo econ\u00f3mico de la guerra, estimado en m\u00e1s de 2 billones de d\u00f3lares, tambi\u00e9n fue una carga significativa para el gobierno de Estados Unidos.<\/p>\n\n\n\n<p>La invasi\u00f3n de Irak en marzo de 2003 fue la culminaci\u00f3n de meses de tensiones. Estados Unidos, junto con una coalici\u00f3n de aliados, invadi\u00f3 el pa\u00eds bajo el pretexto de que el r\u00e9gimen de Saddam Hussein pose\u00eda armas de destrucci\u00f3n masiva (ADM) y que estaba vinculado con grupos terroristas como Al-Qaeda. Sin embargo, las justificaciones para la guerra r\u00e1pidamente se derrumbaron cuando las ADM no fueron encontradas, lo que desat\u00f3 una crisis de credibilidad para el gobierno de Bush .<\/p>\n\n\n\n<p>Las consecuencias de la invasi\u00f3n fueron desastrosas para Irak. El colapso del gobierno de Saddam Hussein y la desintegraci\u00f3n del ej\u00e9rcito iraqu\u00ed crearon un vac\u00edo de poder que desat\u00f3 una guerra civil entre grupos sectarios, incluido el surgimiento de insurgentes sun\u00edes y chi\u00edes, que m\u00e1s tarde dar\u00edan origen a grupos extremistas como el Estado Isl\u00e1mico (ISIS). ). A medida que el conflicto se extend\u00eda, las condiciones de vida en Irak se deterioraron exclusivamente. La infraestructura del pa\u00eds, ya debilitada por a\u00f1os de sanciones internacionales, colaps\u00f3 bajo la presi\u00f3n de la guerra y la ocupaci\u00f3n.<\/p>\n\n\n\n<p>El n\u00famero de v\u00edctimas civiles en Irak es dif\u00edcil de precisar, pero los estudios m\u00e1s conservadores estiman que al menos 200.000 iraqu\u00edes murieron como resultado de la invasi\u00f3n y la ocupaci\u00f3n posterior. Adem\u00e1s, millones de personas fueron desplazadas internamente o buscaron refugio en otros pa\u00edses.<\/p>\n\n\n\n<p>El legado de la guerra en Irak sigue siendo uno de los conflictos m\u00e1s controvertidos y destructivos de la era moderna, con consecuencias geopol\u00edticas que contin\u00faan afectando la regi\u00f3n hasta el d\u00eda de<\/p>\n\n\n\n<p>Una de las comparaciones m\u00e1s significativas al analizar las consecuencias del 11-S es el contraste entre las v\u00edctimas directas del ataque y las muertes resultantes de las guerras que siguieron. Los atentados del 11 de septiembre de 2001 dejaron un saldo de 2.977 v\u00edctimas en suelo estadounidense.<\/p>\n\n\n\n<p>Las guerras que surgieron como consecuencia del 11-S produjeron un n\u00famero mucho mayor de muertes. En Afganist\u00e1n, como se mencion\u00f3, m\u00e1s de 47.000 civiles han muerto debido a la guerra, y en Irak, la cifra asciende a m\u00e1s de 200.000 muertos. Si sumamos las bajas militares y los combatientes insurgentes, las cifras son a\u00fan m\u00e1s alarmantes, alcanzando cientos de miles de vidas perdidas.<\/p>\n\n\n\n<p>El contraste entre las 2.977 v\u00edctimas del 11 de septiembre y los cientos de kil\u00f3metros de muertos en Afganist\u00e1n e Irak plantea preguntas dif\u00edciles sobre los costos humanos de la \u201cGuerra contra el Terror\u201d. \u00bfFue la respuesta proporcionada a la magnitud del ataque? \u00bfQu\u00e9 tanto contribuyeron las intervenciones militares a una mayor estabilidad y seguridad global? Estas son preguntas que siguen siendo objeto de debate hasta el d\u00eda de hoy.<\/p>\n\n\n\n<p>El 11 de septiembre fue un evento que cambi\u00f3 el curso de la historia, pero las respuestas que surgieron de \u00e9l tambi\u00e9n han tenido un impacto profundo y duradero en la geopol\u00edtica global. Las guerras en Afganist\u00e1n e Irak, lejos de traer estabilidad, sembraron las semillas de una mayor violencia, inestabilidad y p\u00e9rdida de vidas. El n\u00famero de v\u00edctimas, tanto en Estados Unidos el 11-S como en las guerras subsecuentes, nos recuerda la escalada y el costo humano de las decisiones geopol\u00edticas que se tomaron en nombre de la paz y la seguridad norteamericana. <\/p>\n\n\n\n<p>A\u00fan resuenan en el mundo las palabras del entonces presidente  George W. Bush  cuando se dirigi\u00f3 a los estadounidenses desde el despacho oval de la Casa Blanca y denuncia \u201cactos terroristas despreciables, malvados\u201d. Promete hallar a los responsables y asegura que Estados Unidos \u201cno har\u00e1 diferencias entre los terroristas que cometieron estos actos y aquellos que los albergan\u201d. Los escenarios cambian, pero la guerra contin\u00faa.<\/p>\n","protected":false},"excerpt":{"rendered":"<p>El 11 de septiembre de 2001, cerca de las 8 de la ma\u00f1ana, 19 yihadistas de Al Qaeda secuestraron cuatro aviones de pasajeros para realizar unos atentados que cambiaron el rumbo de la historia, en un ataque directo a un s\u00edmbolo del poder de los USA l\u00edder del Occidente liberal. Tras el ataque, la administraci\u00f3n [&hellip;]<\/p>\n","protected":false},"author":1,"featured_media":1080,"comment_status":"open","ping_status":"open","sticky":false,"template":"","format":"standard","meta":{"footnotes":""},"categories":[1,52],"tags":[429,428,430,427],"class_list":["post-1079","post","type-post","status-publish","format-standard","has-post-thumbnail","hentry","category-blog","category-noticias","tag-11-de-septiembre","tag-geopolitica","tag-guerras-del-siglo-xxi","tag-terrorismo"],"yoast_head":"<!-- This site is optimized with the Yoast SEO plugin v23.9 - https:\/\/yoast.com\/wordpress\/plugins\/seo\/ -->\n<title>Hace 23 a\u00f1os se desat\u00f3 una guerra entre occidente y oriente medio, que a\u00fan no termina - Biciurba<\/title>\n<meta name=\"robots\" content=\"index, follow, max-snippet:-1, max-image-preview:large, max-video-preview:-1\" \/>\n<link rel=\"canonical\" href=\"https:\/\/biciurba.com\/index.php\/2024\/09\/11\/hace-23-anos-se-desato-una-guerra-entre-occidente-y-oriente-medio-que-aun-no-termina\/\" \/>\n<meta property=\"og:locale\" content=\"es_ES\" \/>\n<meta property=\"og:type\" content=\"article\" \/>\n<meta property=\"og:title\" content=\"Hace 23 a\u00f1os se desat\u00f3 una guerra entre occidente y oriente medio, que a\u00fan no termina - Biciurba\" \/>\n<meta property=\"og:description\" content=\"El 11 de septiembre de 2001, cerca de las 8 de la ma\u00f1ana, 19 yihadistas de Al Qaeda secuestraron cuatro aviones de pasajeros para realizar unos atentados que cambiaron el rumbo de la historia, en un ataque directo a un s\u00edmbolo del poder de los USA l\u00edder del Occidente liberal. Tras el ataque, la administraci\u00f3n [&hellip;]\" \/>\n<meta property=\"og:url\" content=\"https:\/\/biciurba.com\/index.php\/2024\/09\/11\/hace-23-anos-se-desato-una-guerra-entre-occidente-y-oriente-medio-que-aun-no-termina\/\" \/>\n<meta property=\"og:site_name\" content=\"Biciurba\" \/>\n<meta property=\"article:published_time\" content=\"2024-09-11T15:33:06+00:00\" \/>\n<meta property=\"article:modified_time\" content=\"2024-09-11T16:21:25+00:00\" \/>\n<meta property=\"og:image\" content=\"https:\/\/biciurba.com\/wp-content\/uploads\/2024\/09\/torres-gemmelas.png\" \/>\n\t<meta property=\"og:image:width\" content=\"606\" \/>\n\t<meta property=\"og:image:height\" content=\"404\" \/>\n\t<meta property=\"og:image:type\" content=\"image\/png\" \/>\n<meta name=\"author\" content=\"Carlos Cantor\" \/>\n<meta name=\"twitter:card\" content=\"summary_large_image\" \/>\n<meta name=\"twitter:label1\" content=\"Escrito por\" \/>\n\t<meta name=\"twitter:data1\" content=\"Carlos Cantor\" \/>\n\t<meta name=\"twitter:label2\" content=\"Tiempo de lectura\" \/>\n\t<meta name=\"twitter:data2\" content=\"7 minutos\" \/>\n<script type=\"application\/ld+json\" class=\"yoast-schema-graph\">{\"@context\":\"https:\/\/schema.org\",\"@graph\":[{\"@type\":\"Article\",\"@id\":\"https:\/\/biciurba.com\/index.php\/2024\/09\/11\/hace-23-anos-se-desato-una-guerra-entre-occidente-y-oriente-medio-que-aun-no-termina\/#article\",\"isPartOf\":{\"@id\":\"https:\/\/biciurba.com\/index.php\/2024\/09\/11\/hace-23-anos-se-desato-una-guerra-entre-occidente-y-oriente-medio-que-aun-no-termina\/\"},\"author\":{\"name\":\"Carlos Cantor\",\"@id\":\"https:\/\/biciurba.com\/#\/schema\/person\/d9675ddf29ee982d268db0a3f239eced\"},\"headline\":\"Hace 23 a\u00f1os se desat\u00f3 una guerra entre occidente y oriente medio, que a\u00fan no termina\",\"datePublished\":\"2024-09-11T15:33:06+00:00\",\"dateModified\":\"2024-09-11T16:21:25+00:00\",\"mainEntityOfPage\":{\"@id\":\"https:\/\/biciurba.com\/index.php\/2024\/09\/11\/hace-23-anos-se-desato-una-guerra-entre-occidente-y-oriente-medio-que-aun-no-termina\/\"},\"wordCount\":1401,\"commentCount\":1,\"publisher\":{\"@id\":\"https:\/\/biciurba.com\/#\/schema\/person\/d9675ddf29ee982d268db0a3f239eced\"},\"image\":{\"@id\":\"https:\/\/biciurba.com\/index.php\/2024\/09\/11\/hace-23-anos-se-desato-una-guerra-entre-occidente-y-oriente-medio-que-aun-no-termina\/#primaryimage\"},\"thumbnailUrl\":\"https:\/\/biciurba.com\/wp-content\/uploads\/2024\/09\/torres-gemmelas.png\",\"keywords\":[\"11 de septiembre\",\"Geopolitica\",\"guerras del siglo XXI\",\"Terrorismo\"],\"articleSection\":[\"Editorial\",\"Noticias\"],\"inLanguage\":\"es\",\"potentialAction\":[{\"@type\":\"CommentAction\",\"name\":\"Comment\",\"target\":[\"https:\/\/biciurba.com\/index.php\/2024\/09\/11\/hace-23-anos-se-desato-una-guerra-entre-occidente-y-oriente-medio-que-aun-no-termina\/#respond\"]}]},{\"@type\":\"WebPage\",\"@id\":\"https:\/\/biciurba.com\/index.php\/2024\/09\/11\/hace-23-anos-se-desato-una-guerra-entre-occidente-y-oriente-medio-que-aun-no-termina\/\",\"url\":\"https:\/\/biciurba.com\/index.php\/2024\/09\/11\/hace-23-anos-se-desato-una-guerra-entre-occidente-y-oriente-medio-que-aun-no-termina\/\",\"name\":\"Hace 23 a\u00f1os se desat\u00f3 una guerra entre occidente y oriente medio, que a\u00fan no termina - Biciurba\",\"isPartOf\":{\"@id\":\"https:\/\/biciurba.com\/#website\"},\"primaryImageOfPage\":{\"@id\":\"https:\/\/biciurba.com\/index.php\/2024\/09\/11\/hace-23-anos-se-desato-una-guerra-entre-occidente-y-oriente-medio-que-aun-no-termina\/#primaryimage\"},\"image\":{\"@id\":\"https:\/\/biciurba.com\/index.php\/2024\/09\/11\/hace-23-anos-se-desato-una-guerra-entre-occidente-y-oriente-medio-que-aun-no-termina\/#primaryimage\"},\"thumbnailUrl\":\"https:\/\/biciurba.com\/wp-content\/uploads\/2024\/09\/torres-gemmelas.png\",\"datePublished\":\"2024-09-11T15:33:06+00:00\",\"dateModified\":\"2024-09-11T16:21:25+00:00\",\"breadcrumb\":{\"@id\":\"https:\/\/biciurba.com\/index.php\/2024\/09\/11\/hace-23-anos-se-desato-una-guerra-entre-occidente-y-oriente-medio-que-aun-no-termina\/#breadcrumb\"},\"inLanguage\":\"es\",\"potentialAction\":[{\"@type\":\"ReadAction\",\"target\":[\"https:\/\/biciurba.com\/index.php\/2024\/09\/11\/hace-23-anos-se-desato-una-guerra-entre-occidente-y-oriente-medio-que-aun-no-termina\/\"]}]},{\"@type\":\"ImageObject\",\"inLanguage\":\"es\",\"@id\":\"https:\/\/biciurba.com\/index.php\/2024\/09\/11\/hace-23-anos-se-desato-una-guerra-entre-occidente-y-oriente-medio-que-aun-no-termina\/#primaryimage\",\"url\":\"https:\/\/biciurba.com\/wp-content\/uploads\/2024\/09\/torres-gemmelas.png\",\"contentUrl\":\"https:\/\/biciurba.com\/wp-content\/uploads\/2024\/09\/torres-gemmelas.png\",\"width\":606,\"height\":404,\"caption\":\"El 11 de septiembre de 2001 transform\u00f3 radicalmente las relaciones entre Estados Unidos y el mundo isl\u00e1mico, generando tensiones duraderas. En el World Trade Center 2.753 personas murieron como resultado de los atentados. 343 eran bomberos de Nueva York, 23 eran polic\u00edas de la ciudad y 37 eran agentes de la Autoridad Portuaria.\"},{\"@type\":\"BreadcrumbList\",\"@id\":\"https:\/\/biciurba.com\/index.php\/2024\/09\/11\/hace-23-anos-se-desato-una-guerra-entre-occidente-y-oriente-medio-que-aun-no-termina\/#breadcrumb\",\"itemListElement\":[{\"@type\":\"ListItem\",\"position\":1,\"name\":\"Portada\",\"item\":\"https:\/\/biciurba.com\/\"},{\"@type\":\"ListItem\",\"position\":2,\"name\":\"Hace 23 a\u00f1os se desat\u00f3 una guerra entre occidente y oriente medio, que a\u00fan no termina\"}]},{\"@type\":\"WebSite\",\"@id\":\"https:\/\/biciurba.com\/#website\",\"url\":\"https:\/\/biciurba.com\/\",\"name\":\"Biciurba\",\"description\":\"Una mejor manera de vivir\",\"publisher\":{\"@id\":\"https:\/\/biciurba.com\/#\/schema\/person\/d9675ddf29ee982d268db0a3f239eced\"},\"potentialAction\":[{\"@type\":\"SearchAction\",\"target\":{\"@type\":\"EntryPoint\",\"urlTemplate\":\"https:\/\/biciurba.com\/?s={search_term_string}\"},\"query-input\":{\"@type\":\"PropertyValueSpecification\",\"valueRequired\":true,\"valueName\":\"search_term_string\"}}],\"inLanguage\":\"es\"},{\"@type\":[\"Person\",\"Organization\"],\"@id\":\"https:\/\/biciurba.com\/#\/schema\/person\/d9675ddf29ee982d268db0a3f239eced\",\"name\":\"Carlos Cantor\",\"image\":{\"@type\":\"ImageObject\",\"inLanguage\":\"es\",\"@id\":\"https:\/\/biciurba.com\/#\/schema\/person\/image\/\",\"url\":\"https:\/\/biciurba.com\/wp-content\/uploads\/2024\/04\/cropped-logo-1.png\",\"contentUrl\":\"https:\/\/biciurba.com\/wp-content\/uploads\/2024\/04\/cropped-logo-1.png\",\"width\":512,\"height\":318,\"caption\":\"Carlos Cantor\"},\"logo\":{\"@id\":\"https:\/\/biciurba.com\/#\/schema\/person\/image\/\"},\"sameAs\":[\"https:\/\/biciurba.com\"],\"url\":\"https:\/\/biciurba.com\/index.php\/author\/ccantor\/\"}]}<\/script>\n<!-- \/ Yoast SEO plugin. -->","yoast_head_json":{"title":"Hace 23 a\u00f1os se desat\u00f3 una guerra entre occidente y oriente medio, que a\u00fan no termina - Biciurba","robots":{"index":"index","follow":"follow","max-snippet":"max-snippet:-1","max-image-preview":"max-image-preview:large","max-video-preview":"max-video-preview:-1"},"canonical":"https:\/\/biciurba.com\/index.php\/2024\/09\/11\/hace-23-anos-se-desato-una-guerra-entre-occidente-y-oriente-medio-que-aun-no-termina\/","og_locale":"es_ES","og_type":"article","og_title":"Hace 23 a\u00f1os se desat\u00f3 una guerra entre occidente y oriente medio, que a\u00fan no termina - Biciurba","og_description":"El 11 de septiembre de 2001, cerca de las 8 de la ma\u00f1ana, 19 yihadistas de Al Qaeda secuestraron cuatro aviones de pasajeros para realizar unos atentados que cambiaron el rumbo de la historia, en un ataque directo a un s\u00edmbolo del poder de los USA l\u00edder del Occidente liberal. Tras el ataque, la administraci\u00f3n [&hellip;]","og_url":"https:\/\/biciurba.com\/index.php\/2024\/09\/11\/hace-23-anos-se-desato-una-guerra-entre-occidente-y-oriente-medio-que-aun-no-termina\/","og_site_name":"Biciurba","article_published_time":"2024-09-11T15:33:06+00:00","article_modified_time":"2024-09-11T16:21:25+00:00","og_image":[{"width":606,"height":404,"url":"https:\/\/biciurba.com\/wp-content\/uploads\/2024\/09\/torres-gemmelas.png","type":"image\/png"}],"author":"Carlos Cantor","twitter_card":"summary_large_image","twitter_misc":{"Escrito por":"Carlos Cantor","Tiempo de lectura":"7 minutos"},"schema":{"@context":"https:\/\/schema.org","@graph":[{"@type":"Article","@id":"https:\/\/biciurba.com\/index.php\/2024\/09\/11\/hace-23-anos-se-desato-una-guerra-entre-occidente-y-oriente-medio-que-aun-no-termina\/#article","isPartOf":{"@id":"https:\/\/biciurba.com\/index.php\/2024\/09\/11\/hace-23-anos-se-desato-una-guerra-entre-occidente-y-oriente-medio-que-aun-no-termina\/"},"author":{"name":"Carlos Cantor","@id":"https:\/\/biciurba.com\/#\/schema\/person\/d9675ddf29ee982d268db0a3f239eced"},"headline":"Hace 23 a\u00f1os se desat\u00f3 una guerra entre occidente y oriente medio, que a\u00fan no termina","datePublished":"2024-09-11T15:33:06+00:00","dateModified":"2024-09-11T16:21:25+00:00","mainEntityOfPage":{"@id":"https:\/\/biciurba.com\/index.php\/2024\/09\/11\/hace-23-anos-se-desato-una-guerra-entre-occidente-y-oriente-medio-que-aun-no-termina\/"},"wordCount":1401,"commentCount":1,"publisher":{"@id":"https:\/\/biciurba.com\/#\/schema\/person\/d9675ddf29ee982d268db0a3f239eced"},"image":{"@id":"https:\/\/biciurba.com\/index.php\/2024\/09\/11\/hace-23-anos-se-desato-una-guerra-entre-occidente-y-oriente-medio-que-aun-no-termina\/#primaryimage"},"thumbnailUrl":"https:\/\/biciurba.com\/wp-content\/uploads\/2024\/09\/torres-gemmelas.png","keywords":["11 de septiembre","Geopolitica","guerras del siglo XXI","Terrorismo"],"articleSection":["Editorial","Noticias"],"inLanguage":"es","potentialAction":[{"@type":"CommentAction","name":"Comment","target":["https:\/\/biciurba.com\/index.php\/2024\/09\/11\/hace-23-anos-se-desato-una-guerra-entre-occidente-y-oriente-medio-que-aun-no-termina\/#respond"]}]},{"@type":"WebPage","@id":"https:\/\/biciurba.com\/index.php\/2024\/09\/11\/hace-23-anos-se-desato-una-guerra-entre-occidente-y-oriente-medio-que-aun-no-termina\/","url":"https:\/\/biciurba.com\/index.php\/2024\/09\/11\/hace-23-anos-se-desato-una-guerra-entre-occidente-y-oriente-medio-que-aun-no-termina\/","name":"Hace 23 a\u00f1os se desat\u00f3 una guerra entre occidente y oriente medio, que a\u00fan no termina - Biciurba","isPartOf":{"@id":"https:\/\/biciurba.com\/#website"},"primaryImageOfPage":{"@id":"https:\/\/biciurba.com\/index.php\/2024\/09\/11\/hace-23-anos-se-desato-una-guerra-entre-occidente-y-oriente-medio-que-aun-no-termina\/#primaryimage"},"image":{"@id":"https:\/\/biciurba.com\/index.php\/2024\/09\/11\/hace-23-anos-se-desato-una-guerra-entre-occidente-y-oriente-medio-que-aun-no-termina\/#primaryimage"},"thumbnailUrl":"https:\/\/biciurba.com\/wp-content\/uploads\/2024\/09\/torres-gemmelas.png","datePublished":"2024-09-11T15:33:06+00:00","dateModified":"2024-09-11T16:21:25+00:00","breadcrumb":{"@id":"https:\/\/biciurba.com\/index.php\/2024\/09\/11\/hace-23-anos-se-desato-una-guerra-entre-occidente-y-oriente-medio-que-aun-no-termina\/#breadcrumb"},"inLanguage":"es","potentialAction":[{"@type":"ReadAction","target":["https:\/\/biciurba.com\/index.php\/2024\/09\/11\/hace-23-anos-se-desato-una-guerra-entre-occidente-y-oriente-medio-que-aun-no-termina\/"]}]},{"@type":"ImageObject","inLanguage":"es","@id":"https:\/\/biciurba.com\/index.php\/2024\/09\/11\/hace-23-anos-se-desato-una-guerra-entre-occidente-y-oriente-medio-que-aun-no-termina\/#primaryimage","url":"https:\/\/biciurba.com\/wp-content\/uploads\/2024\/09\/torres-gemmelas.png","contentUrl":"https:\/\/biciurba.com\/wp-content\/uploads\/2024\/09\/torres-gemmelas.png","width":606,"height":404,"caption":"El 11 de septiembre de 2001 transform\u00f3 radicalmente las relaciones entre Estados Unidos y el mundo isl\u00e1mico, generando tensiones duraderas. En el World Trade Center 2.753 personas murieron como resultado de los atentados. 343 eran bomberos de Nueva York, 23 eran polic\u00edas de la ciudad y 37 eran agentes de la Autoridad Portuaria."},{"@type":"BreadcrumbList","@id":"https:\/\/biciurba.com\/index.php\/2024\/09\/11\/hace-23-anos-se-desato-una-guerra-entre-occidente-y-oriente-medio-que-aun-no-termina\/#breadcrumb","itemListElement":[{"@type":"ListItem","position":1,"name":"Portada","item":"https:\/\/biciurba.com\/"},{"@type":"ListItem","position":2,"name":"Hace 23 a\u00f1os se desat\u00f3 una guerra entre occidente y oriente medio, que a\u00fan no termina"}]},{"@type":"WebSite","@id":"https:\/\/biciurba.com\/#website","url":"https:\/\/biciurba.com\/","name":"Biciurba","description":"Una mejor manera de vivir","publisher":{"@id":"https:\/\/biciurba.com\/#\/schema\/person\/d9675ddf29ee982d268db0a3f239eced"},"potentialAction":[{"@type":"SearchAction","target":{"@type":"EntryPoint","urlTemplate":"https:\/\/biciurba.com\/?s={search_term_string}"},"query-input":{"@type":"PropertyValueSpecification","valueRequired":true,"valueName":"search_term_string"}}],"inLanguage":"es"},{"@type":["Person","Organization"],"@id":"https:\/\/biciurba.com\/#\/schema\/person\/d9675ddf29ee982d268db0a3f239eced","name":"Carlos Cantor","image":{"@type":"ImageObject","inLanguage":"es","@id":"https:\/\/biciurba.com\/#\/schema\/person\/image\/","url":"https:\/\/biciurba.com\/wp-content\/uploads\/2024\/04\/cropped-logo-1.png","contentUrl":"https:\/\/biciurba.com\/wp-content\/uploads\/2024\/04\/cropped-logo-1.png","width":512,"height":318,"caption":"Carlos Cantor"},"logo":{"@id":"https:\/\/biciurba.com\/#\/schema\/person\/image\/"},"sameAs":["https:\/\/biciurba.com"],"url":"https:\/\/biciurba.com\/index.php\/author\/ccantor\/"}]}},"_links":{"self":[{"href":"https:\/\/biciurba.com\/index.php\/wp-json\/wp\/v2\/posts\/1079"}],"collection":[{"href":"https:\/\/biciurba.com\/index.php\/wp-json\/wp\/v2\/posts"}],"about":[{"href":"https:\/\/biciurba.com\/index.php\/wp-json\/wp\/v2\/types\/post"}],"author":[{"embeddable":true,"href":"https:\/\/biciurba.com\/index.php\/wp-json\/wp\/v2\/users\/1"}],"replies":[{"embeddable":true,"href":"https:\/\/biciurba.com\/index.php\/wp-json\/wp\/v2\/comments?post=1079"}],"version-history":[{"count":1,"href":"https:\/\/biciurba.com\/index.php\/wp-json\/wp\/v2\/posts\/1079\/revisions"}],"predecessor-version":[{"id":1081,"href":"https:\/\/biciurba.com\/index.php\/wp-json\/wp\/v2\/posts\/1079\/revisions\/1081"}],"wp:featuredmedia":[{"embeddable":true,"href":"https:\/\/biciurba.com\/index.php\/wp-json\/wp\/v2\/media\/1080"}],"wp:attachment":[{"href":"https:\/\/biciurba.com\/index.php\/wp-json\/wp\/v2\/media?parent=1079"}],"wp:term":[{"taxonomy":"category","embeddable":true,"href":"https:\/\/biciurba.com\/index.php\/wp-json\/wp\/v2\/categories?post=1079"},{"taxonomy":"post_tag","embeddable":true,"href":"https:\/\/biciurba.com\/index.php\/wp-json\/wp\/v2\/tags?post=1079"}],"curies":[{"name":"wp","href":"https:\/\/api.w.org\/{rel}","templated":true}]}}