{"id":1110,"date":"2024-09-16T10:02:30","date_gmt":"2024-09-16T15:02:30","guid":{"rendered":"https:\/\/biciurba.com\/?p=1110"},"modified":"2024-09-16T10:02:32","modified_gmt":"2024-09-16T15:02:32","slug":"los-incendios-un-sintoma-del-colapso-climatico-anunciado-por-la-ciencia-ambiental","status":"publish","type":"post","link":"https:\/\/biciurba.com\/index.php\/2024\/09\/16\/los-incendios-un-sintoma-del-colapso-climatico-anunciado-por-la-ciencia-ambiental\/","title":{"rendered":"Los incendios, un s\u00edntoma del colapso clim\u00e1tico anunciado por la ciencia ambiental"},"content":{"rendered":"\n<p>En lo que va del 2024, los incendios forestales han alcanzado niveles de alarma tanto en Suram\u00e9rica como en Norteam\u00e9rica. Colombia, Brasil, Bolivia y Argentina, la Amazonia, el Gran Chaco y otros ecosistemas vitales han sido consumidos por el fuego.<\/p>\n\n\n\n<p>En Norteam\u00e9rica, estados como California y regiones de Canad\u00e1 han experimentado una temporada de incendios especialmente destructiva. Estos eventos no solo han devastado millones de hect\u00e1reas de bosques, sino que han desplazado a comunidades enteras, liberado enormes cantidades de CO2 a la atm\u00f3sfera, y afectando gravemente la biodiversidad.<\/p>\n\n\n\n<p>El impacto de estos incendios forestales no puede considerarse un fen\u00f3meno aislado; forman parte de un patr\u00f3n m\u00e1s amplio que refleja el estado cr\u00edtico de la naturaleza en el siglo XXI. La crisis ambiental, exacerbada por el cambio clim\u00e1tico, la deforestaci\u00f3n y la intervenci\u00f3n humana en ecosistemas vulnerables, nos enfrenta a un futuro incierto, estamos en pleno Antropoceno.<\/p>\n\n\n\n<p>El Antropoceno se refiere a una era geol\u00f3gica en la que la actividad humana se ha convertido en la fuerza principal que moldea el planeta. Este t\u00e9rmino, ampliamente discutido por el acad\u00e9mico espa\u00f1ol Manuel Arias Maldonado, marca un antes y un despu\u00e9s en la relaci\u00f3n entre la humanidad y el medio ambiente. En lugar de ser una especie m\u00e1s adapt\u00e1ndose a su entorno, el ser humano ha transformado profundamente los ecosistemas y el clima del planeta. Los incendios forestales son un claro reflejo de esta realidad.<\/p>\n\n\n\n<p>Maldonado se\u00f1ala que la interconexi\u00f3n de factores humanos y ambientales ha creado un ciclo de degradaci\u00f3n. Las actividades como la agricultura, la ganader\u00eda, la miner\u00eda y la urbanizaci\u00f3n han aumentado la vulnerabilidad de los bosques a incendios, mientras que el cambio clim\u00e1tico ha intensificado las sequ\u00edas y olas de calor que los desencadenan. Los incendios forestales son, por tanto, tanto un s\u00edntoma como una causa de la crisis ecol\u00f3gica global que define al Antropoceno.<\/p>\n\n\n\n<p>En este contexto, los incendios que devastan la Amazonia, los bosques de California y otras regiones no son simples fen\u00f3menos naturales; son productos de un sistema econ\u00f3mico y social que ha sobreexplotado los recursos naturales. Seg\u00fan Maldonado, reconocer esta interrelaci\u00f3n es el primer paso para comprender la magnitud de la crisis ambiental.<\/p>\n\n\n\n<p>En su libro \u00abEl planeta inh\u00f3spito\u00bb , David Wallace-Wells describe un futuro en el que los efectos del cambio clim\u00e1tico llevan al planeta a una transformaci\u00f3n tan profunda que la Tierra se vuelve cada vez menos habitable. Incendios, olas de calor, sequ\u00edas, inundaciones y huracanes forman parte de ese sombr\u00edo escenario. Para Wallace-Wells, la frecuencia y la intensidad de estos desastres son se\u00f1ales de advertencia que indican que nos acercamos r\u00e1pidamente a un punto de no retorno.<\/p>\n\n\n\n<p>Los incendios forestales que estamos presenciando en 2024 son ejemplos de ese futuro apocal\u00edptico que \u00e9l describe. La destrucci\u00f3n de bosques enteros, el colapso de ecosistemas y las emisiones masivas de carbono que resultan de estos incendios no solo afectan a las \u00e1reas locales, sino que tienen repercusiones planetarias. En este sentido, Wallace-Wells argumenta que estamos viviendo en la antesala de un planeta inh\u00f3spito, donde los incendios forestales se volver\u00e1n la norma en lugar de la excepci\u00f3n.<\/p>\n\n\n\n<p>El futuro que Wallace-Wells vislumbra es uno donde las grandes cat\u00e1strofes naturales, como los incendios forestales, se multiplicar\u00e1n a medida que las temperaturas globales aumenten. Las \u00e1reas afectadas por incendios en 2024 no solo enfrentan la p\u00e9rdida de biodiversidad y recursos, sino tambi\u00e9n la posibilidad de convertirse en zonas des\u00e9rticas, incapaces de sostener la vida humana o animal.<\/p>\n\n\n\n<p>El Dr. Manuel Rodr\u00edguez Becerra, uno de los m\u00e1s reconocidos defensores del medio ambiente en Colombia y Am\u00e9rica Latina, ha alertado durante a\u00f1os sobre la acelerada destrucci\u00f3n planetaria que estamos presenciando. Seg\u00fan Rodr\u00edguez Becerra, los incendios forestales son solo un aspecto de un problema mucho m\u00e1s grande: la degradaci\u00f3n irreversible de los ecosistemas esenciales para la vida en la Tierra. La sobreexplotaci\u00f3n de recursos naturales han llevado a un punto de no retorno en muchas regiones del mundo. Los incendios forestales, alimentados por pr\u00e1cticas destructivas como la tala ilegal y la expansi\u00f3n agr\u00edcola, act\u00faan como catalizadores de la destrucci\u00f3n, acelerando el colapso de ecosistemas y haciendo imposible la recuperaci\u00f3n de los mismos.<\/p>\n\n\n\n<p>La crisis ambiental que estamos viviendo no es solo el resultado de malas decisiones a nivel local; es el producto de un sistema global que prioriza el crecimiento econ\u00f3mico a corto plazo sobre la sostenibilidad a largo plazo. La visi\u00f3n de Rodr\u00edguez Becerra refuerza la idea de que estamos en una carrera contra el tiempo para salvar lo que queda de los ecosistemas vitales del planeta.<\/p>\n\n\n\n<p>Seg\u00fan la investigaci\u00f3n de la Dra. Silvina Heguy, la Amazonia desempe\u00f1a un papel crucial no solo en la absorci\u00f3n de CO2, sino tambi\u00e9n en la regulaci\u00f3n de los patrones clim\u00e1ticos globales. Sin embargo, la deforestaci\u00f3n en la regi\u00f3n, combinada con los incendios forestales, est\u00e1 destruyendo ese delicado equilibrio. La suma de  la tala ilegal y la expansi\u00f3n de la agricultura, ha dejado vastas \u00e1reas vulnerables al fuego. La investigaci\u00f3n de Heguy destaca c\u00f3mo la p\u00e9rdida de masa forestal afecta no solo a la biodiversidad local, sino tambi\u00e9n a los ciclos de lluvia que son esenciales para la estabilidad clim\u00e1tica de toda la regi\u00f3n.<\/p>\n\n\n\n<p>La Amazonia es un sistema interconectado con otros ecosistemas, como la Cordillera de los Andes , y su destrucci\u00f3n tiene consecuencias directas para el suministro de agua y la salud de los r\u00edos que nacen en los Andes. La investigaci\u00f3n de Heguy subraya que, sin la Amazonia, la Cordillera de los Andes tambi\u00e9n est\u00e1 en peligro.<\/p>\n\n\n\n<p>La Cordillera  depende de los ciclos de lluvia que se originan en la Amazonia para mantener sus glaciares y r\u00edos. A medida que los incendios y la deforestaci\u00f3n contin\u00faan destruyendo la Amazon\u00eda, los sistemas fluviales est\u00e1n en peligro de colapsar. Los r\u00edos que nacen en los Andes, como el Amazonas, est\u00e1n experimentando una disminuci\u00f3n de caudal, lo que afecta gravemente a las comunidades que dependen de ellos para su agua potable y agricultura.<\/p>\n\n\n\n<p>El retroceso de los glaciares andinos, debido tanto al cambio clim\u00e1tico como a la p\u00e9rdida de la Amazonia, est\u00e1 provocando una escasez de agua en las zonas monta\u00f1osas. La agricultura, la ganader\u00eda y el acceso a agua potable se ven afectados, y la falta de agua est\u00e1 obligando a las comunidades a migrar en busca de mejores condiciones.<\/p>\n\n\n\n<p>El colapso de los ecosistemas no solo afecta a la biodiversidad, sino tambi\u00e9n a las comunidades humanas . Los pueblos ind\u00edgenas, que han dependido durante siglos de los bosques y los r\u00edos, est\u00e1n viendo c\u00f3mo sus medios de vida desaparecen ante sus ojos. A medida que el agua se vuelve escasa y los incendios destruyen sus tierras, se ven obligados a migrar a las ciudades, donde enfrentan nuevos desaf\u00edos como la pobreza y la marginaci\u00f3n.<\/p>\n\n\n\n<p>Adem\u00e1s, la p\u00e9rdida de biodiversidad est\u00e1 afectando los biosistemas locales. Animales y plantas que alguna vez prosperaron en los bosques ahora enfrentan la extinci\u00f3n. El cambio en los patrones clim\u00e1ticos tambi\u00e9n est\u00e1 afectando los ciclos agr\u00edcolas, lo que a su vez pone en peligro la seguridad alimentaria de millones de personas en Am\u00e9rica Latina.<\/p>\n\n\n\n<p>La crisis de los incendios forestales es un recordatorio brutal de que la naturaleza est\u00e1 en un punto de quietud. La deforestaci\u00f3n, el cambio clim\u00e1tico y la sobreexplotaci\u00f3n de los recursos naturales est\u00e1n llevando al planeta a un estado cr\u00edtico. Si no se toman medidas urgentes para proteger los bosques, restaurar los ecosistemas y mitigar el cambio clim\u00e1tico, el futuro de la humanidad estar\u00e1 en peligro.<\/p>\n\n\n\n<p>Es imperativo que tanto los gobiernos como la sociedad civil act\u00faen de manera conjunta para frenar la destrucci\u00f3n de los bosques y adoptar pr\u00e1cticas sostenibles. Solo a trav\u00e9s de una acci\u00f3n concertada podremos evitar que el planeta se vuelva verdaderamente inh\u00f3spito para las generaciones futuras. Tambi\u00e9n depende de nosotros en nuestras acciones diarias y nuestras costumbres de consumo que est\u00e1n relacionados directamente a la destrucci\u00f3n del planeta.<\/p>\n","protected":false},"excerpt":{"rendered":"<p>En lo que va del 2024, los incendios forestales han alcanzado niveles de alarma tanto en Suram\u00e9rica como en Norteam\u00e9rica. Colombia, Brasil, Bolivia y Argentina, la Amazonia, el Gran Chaco y otros ecosistemas vitales han sido consumidos por el fuego. En Norteam\u00e9rica, estados como California y regiones de Canad\u00e1 han experimentado una temporada de incendios [&hellip;]<\/p>\n","protected":false},"author":1,"featured_media":1111,"comment_status":"open","ping_status":"open","sticky":false,"template":"","format":"standard","meta":{"footnotes":""},"categories":[95],"tags":[441,82,443,442,440],"class_list":["post-1110","post","type-post","status-publish","format-standard","has-post-thumbnail","hentry","category-crisis-climatica","tag-amazonia","tag-antropoceno","tag-consumo-inteligente","tag-cordillera-de-los-andes","tag-incendios-forestales"],"yoast_head":"<!-- This site is optimized with the Yoast SEO plugin v23.9 - https:\/\/yoast.com\/wordpress\/plugins\/seo\/ -->\n<title>Los incendios, un s\u00edntoma del colapso clim\u00e1tico anunciado por la ciencia ambiental - Biciurba<\/title>\n<meta name=\"robots\" content=\"index, follow, max-snippet:-1, max-image-preview:large, max-video-preview:-1\" \/>\n<link rel=\"canonical\" href=\"https:\/\/biciurba.com\/index.php\/2024\/09\/16\/los-incendios-un-sintoma-del-colapso-climatico-anunciado-por-la-ciencia-ambiental\/\" \/>\n<meta property=\"og:locale\" content=\"es_ES\" \/>\n<meta property=\"og:type\" content=\"article\" \/>\n<meta property=\"og:title\" content=\"Los incendios, un s\u00edntoma del colapso clim\u00e1tico anunciado por la ciencia ambiental - Biciurba\" \/>\n<meta property=\"og:description\" content=\"En lo que va del 2024, los incendios forestales han alcanzado niveles de alarma tanto en Suram\u00e9rica como en Norteam\u00e9rica. Colombia, Brasil, Bolivia y Argentina, la Amazonia, el Gran Chaco y otros ecosistemas vitales han sido consumidos por el fuego. En Norteam\u00e9rica, estados como California y regiones de Canad\u00e1 han experimentado una temporada de incendios [&hellip;]\" \/>\n<meta property=\"og:url\" content=\"https:\/\/biciurba.com\/index.php\/2024\/09\/16\/los-incendios-un-sintoma-del-colapso-climatico-anunciado-por-la-ciencia-ambiental\/\" \/>\n<meta property=\"og:site_name\" content=\"Biciurba\" \/>\n<meta property=\"article:published_time\" content=\"2024-09-16T15:02:30+00:00\" \/>\n<meta property=\"article:modified_time\" content=\"2024-09-16T15:02:32+00:00\" \/>\n<meta property=\"og:image\" content=\"https:\/\/biciurba.com\/wp-content\/uploads\/2024\/09\/incendios-forestales.png\" \/>\n\t<meta property=\"og:image:width\" content=\"606\" \/>\n\t<meta property=\"og:image:height\" content=\"404\" \/>\n\t<meta property=\"og:image:type\" content=\"image\/png\" \/>\n<meta name=\"author\" content=\"Carlos Cantor\" \/>\n<meta name=\"twitter:card\" content=\"summary_large_image\" \/>\n<meta name=\"twitter:label1\" content=\"Escrito por\" \/>\n\t<meta name=\"twitter:data1\" content=\"Carlos Cantor\" \/>\n\t<meta name=\"twitter:label2\" content=\"Tiempo de lectura\" \/>\n\t<meta name=\"twitter:data2\" content=\"7 minutos\" \/>\n<script type=\"application\/ld+json\" class=\"yoast-schema-graph\">{\"@context\":\"https:\/\/schema.org\",\"@graph\":[{\"@type\":\"Article\",\"@id\":\"https:\/\/biciurba.com\/index.php\/2024\/09\/16\/los-incendios-un-sintoma-del-colapso-climatico-anunciado-por-la-ciencia-ambiental\/#article\",\"isPartOf\":{\"@id\":\"https:\/\/biciurba.com\/index.php\/2024\/09\/16\/los-incendios-un-sintoma-del-colapso-climatico-anunciado-por-la-ciencia-ambiental\/\"},\"author\":{\"name\":\"Carlos Cantor\",\"@id\":\"https:\/\/biciurba.com\/#\/schema\/person\/d9675ddf29ee982d268db0a3f239eced\"},\"headline\":\"Los incendios, un s\u00edntoma del colapso clim\u00e1tico anunciado por la ciencia ambiental\",\"datePublished\":\"2024-09-16T15:02:30+00:00\",\"dateModified\":\"2024-09-16T15:02:32+00:00\",\"mainEntityOfPage\":{\"@id\":\"https:\/\/biciurba.com\/index.php\/2024\/09\/16\/los-incendios-un-sintoma-del-colapso-climatico-anunciado-por-la-ciencia-ambiental\/\"},\"wordCount\":1439,\"commentCount\":0,\"publisher\":{\"@id\":\"https:\/\/biciurba.com\/#\/schema\/person\/d9675ddf29ee982d268db0a3f239eced\"},\"image\":{\"@id\":\"https:\/\/biciurba.com\/index.php\/2024\/09\/16\/los-incendios-un-sintoma-del-colapso-climatico-anunciado-por-la-ciencia-ambiental\/#primaryimage\"},\"thumbnailUrl\":\"https:\/\/biciurba.com\/wp-content\/uploads\/2024\/09\/incendios-forestales.png\",\"keywords\":[\"Amazon\u00eda\",\"Antropoceno\",\"Consumo inteligente\",\"Cordillera de Los Andes\",\"incendios forestales\"],\"articleSection\":[\"Crisis clim\u00e1tica\"],\"inLanguage\":\"es\",\"potentialAction\":[{\"@type\":\"CommentAction\",\"name\":\"Comment\",\"target\":[\"https:\/\/biciurba.com\/index.php\/2024\/09\/16\/los-incendios-un-sintoma-del-colapso-climatico-anunciado-por-la-ciencia-ambiental\/#respond\"]}]},{\"@type\":\"WebPage\",\"@id\":\"https:\/\/biciurba.com\/index.php\/2024\/09\/16\/los-incendios-un-sintoma-del-colapso-climatico-anunciado-por-la-ciencia-ambiental\/\",\"url\":\"https:\/\/biciurba.com\/index.php\/2024\/09\/16\/los-incendios-un-sintoma-del-colapso-climatico-anunciado-por-la-ciencia-ambiental\/\",\"name\":\"Los incendios, un s\u00edntoma del colapso clim\u00e1tico anunciado por la ciencia ambiental - Biciurba\",\"isPartOf\":{\"@id\":\"https:\/\/biciurba.com\/#website\"},\"primaryImageOfPage\":{\"@id\":\"https:\/\/biciurba.com\/index.php\/2024\/09\/16\/los-incendios-un-sintoma-del-colapso-climatico-anunciado-por-la-ciencia-ambiental\/#primaryimage\"},\"image\":{\"@id\":\"https:\/\/biciurba.com\/index.php\/2024\/09\/16\/los-incendios-un-sintoma-del-colapso-climatico-anunciado-por-la-ciencia-ambiental\/#primaryimage\"},\"thumbnailUrl\":\"https:\/\/biciurba.com\/wp-content\/uploads\/2024\/09\/incendios-forestales.png\",\"datePublished\":\"2024-09-16T15:02:30+00:00\",\"dateModified\":\"2024-09-16T15:02:32+00:00\",\"breadcrumb\":{\"@id\":\"https:\/\/biciurba.com\/index.php\/2024\/09\/16\/los-incendios-un-sintoma-del-colapso-climatico-anunciado-por-la-ciencia-ambiental\/#breadcrumb\"},\"inLanguage\":\"es\",\"potentialAction\":[{\"@type\":\"ReadAction\",\"target\":[\"https:\/\/biciurba.com\/index.php\/2024\/09\/16\/los-incendios-un-sintoma-del-colapso-climatico-anunciado-por-la-ciencia-ambiental\/\"]}]},{\"@type\":\"ImageObject\",\"inLanguage\":\"es\",\"@id\":\"https:\/\/biciurba.com\/index.php\/2024\/09\/16\/los-incendios-un-sintoma-del-colapso-climatico-anunciado-por-la-ciencia-ambiental\/#primaryimage\",\"url\":\"https:\/\/biciurba.com\/wp-content\/uploads\/2024\/09\/incendios-forestales.png\",\"contentUrl\":\"https:\/\/biciurba.com\/wp-content\/uploads\/2024\/09\/incendios-forestales.png\",\"width\":606,\"height\":404,\"caption\":\"Es una realidad, los incendios forestales son respuesta al rompimiento de los sistemas naturales del planeta a causa de la avaricia de nuestra sociedad..\"},{\"@type\":\"BreadcrumbList\",\"@id\":\"https:\/\/biciurba.com\/index.php\/2024\/09\/16\/los-incendios-un-sintoma-del-colapso-climatico-anunciado-por-la-ciencia-ambiental\/#breadcrumb\",\"itemListElement\":[{\"@type\":\"ListItem\",\"position\":1,\"name\":\"Portada\",\"item\":\"https:\/\/biciurba.com\/\"},{\"@type\":\"ListItem\",\"position\":2,\"name\":\"Los incendios, un s\u00edntoma del colapso clim\u00e1tico anunciado por la ciencia ambiental\"}]},{\"@type\":\"WebSite\",\"@id\":\"https:\/\/biciurba.com\/#website\",\"url\":\"https:\/\/biciurba.com\/\",\"name\":\"Biciurba\",\"description\":\"Una mejor manera de vivir\",\"publisher\":{\"@id\":\"https:\/\/biciurba.com\/#\/schema\/person\/d9675ddf29ee982d268db0a3f239eced\"},\"potentialAction\":[{\"@type\":\"SearchAction\",\"target\":{\"@type\":\"EntryPoint\",\"urlTemplate\":\"https:\/\/biciurba.com\/?s={search_term_string}\"},\"query-input\":{\"@type\":\"PropertyValueSpecification\",\"valueRequired\":true,\"valueName\":\"search_term_string\"}}],\"inLanguage\":\"es\"},{\"@type\":[\"Person\",\"Organization\"],\"@id\":\"https:\/\/biciurba.com\/#\/schema\/person\/d9675ddf29ee982d268db0a3f239eced\",\"name\":\"Carlos Cantor\",\"image\":{\"@type\":\"ImageObject\",\"inLanguage\":\"es\",\"@id\":\"https:\/\/biciurba.com\/#\/schema\/person\/image\/\",\"url\":\"https:\/\/biciurba.com\/wp-content\/uploads\/2024\/04\/cropped-logo-1.png\",\"contentUrl\":\"https:\/\/biciurba.com\/wp-content\/uploads\/2024\/04\/cropped-logo-1.png\",\"width\":512,\"height\":318,\"caption\":\"Carlos Cantor\"},\"logo\":{\"@id\":\"https:\/\/biciurba.com\/#\/schema\/person\/image\/\"},\"sameAs\":[\"https:\/\/biciurba.com\"],\"url\":\"https:\/\/biciurba.com\/index.php\/author\/ccantor\/\"}]}<\/script>\n<!-- \/ Yoast SEO plugin. -->","yoast_head_json":{"title":"Los incendios, un s\u00edntoma del colapso clim\u00e1tico anunciado por la ciencia ambiental - Biciurba","robots":{"index":"index","follow":"follow","max-snippet":"max-snippet:-1","max-image-preview":"max-image-preview:large","max-video-preview":"max-video-preview:-1"},"canonical":"https:\/\/biciurba.com\/index.php\/2024\/09\/16\/los-incendios-un-sintoma-del-colapso-climatico-anunciado-por-la-ciencia-ambiental\/","og_locale":"es_ES","og_type":"article","og_title":"Los incendios, un s\u00edntoma del colapso clim\u00e1tico anunciado por la ciencia ambiental - Biciurba","og_description":"En lo que va del 2024, los incendios forestales han alcanzado niveles de alarma tanto en Suram\u00e9rica como en Norteam\u00e9rica. Colombia, Brasil, Bolivia y Argentina, la Amazonia, el Gran Chaco y otros ecosistemas vitales han sido consumidos por el fuego. En Norteam\u00e9rica, estados como California y regiones de Canad\u00e1 han experimentado una temporada de incendios [&hellip;]","og_url":"https:\/\/biciurba.com\/index.php\/2024\/09\/16\/los-incendios-un-sintoma-del-colapso-climatico-anunciado-por-la-ciencia-ambiental\/","og_site_name":"Biciurba","article_published_time":"2024-09-16T15:02:30+00:00","article_modified_time":"2024-09-16T15:02:32+00:00","og_image":[{"width":606,"height":404,"url":"https:\/\/biciurba.com\/wp-content\/uploads\/2024\/09\/incendios-forestales.png","type":"image\/png"}],"author":"Carlos Cantor","twitter_card":"summary_large_image","twitter_misc":{"Escrito por":"Carlos Cantor","Tiempo de lectura":"7 minutos"},"schema":{"@context":"https:\/\/schema.org","@graph":[{"@type":"Article","@id":"https:\/\/biciurba.com\/index.php\/2024\/09\/16\/los-incendios-un-sintoma-del-colapso-climatico-anunciado-por-la-ciencia-ambiental\/#article","isPartOf":{"@id":"https:\/\/biciurba.com\/index.php\/2024\/09\/16\/los-incendios-un-sintoma-del-colapso-climatico-anunciado-por-la-ciencia-ambiental\/"},"author":{"name":"Carlos Cantor","@id":"https:\/\/biciurba.com\/#\/schema\/person\/d9675ddf29ee982d268db0a3f239eced"},"headline":"Los incendios, un s\u00edntoma del colapso clim\u00e1tico anunciado por la ciencia ambiental","datePublished":"2024-09-16T15:02:30+00:00","dateModified":"2024-09-16T15:02:32+00:00","mainEntityOfPage":{"@id":"https:\/\/biciurba.com\/index.php\/2024\/09\/16\/los-incendios-un-sintoma-del-colapso-climatico-anunciado-por-la-ciencia-ambiental\/"},"wordCount":1439,"commentCount":0,"publisher":{"@id":"https:\/\/biciurba.com\/#\/schema\/person\/d9675ddf29ee982d268db0a3f239eced"},"image":{"@id":"https:\/\/biciurba.com\/index.php\/2024\/09\/16\/los-incendios-un-sintoma-del-colapso-climatico-anunciado-por-la-ciencia-ambiental\/#primaryimage"},"thumbnailUrl":"https:\/\/biciurba.com\/wp-content\/uploads\/2024\/09\/incendios-forestales.png","keywords":["Amazon\u00eda","Antropoceno","Consumo inteligente","Cordillera de Los Andes","incendios forestales"],"articleSection":["Crisis clim\u00e1tica"],"inLanguage":"es","potentialAction":[{"@type":"CommentAction","name":"Comment","target":["https:\/\/biciurba.com\/index.php\/2024\/09\/16\/los-incendios-un-sintoma-del-colapso-climatico-anunciado-por-la-ciencia-ambiental\/#respond"]}]},{"@type":"WebPage","@id":"https:\/\/biciurba.com\/index.php\/2024\/09\/16\/los-incendios-un-sintoma-del-colapso-climatico-anunciado-por-la-ciencia-ambiental\/","url":"https:\/\/biciurba.com\/index.php\/2024\/09\/16\/los-incendios-un-sintoma-del-colapso-climatico-anunciado-por-la-ciencia-ambiental\/","name":"Los incendios, un s\u00edntoma del colapso clim\u00e1tico anunciado por la ciencia ambiental - Biciurba","isPartOf":{"@id":"https:\/\/biciurba.com\/#website"},"primaryImageOfPage":{"@id":"https:\/\/biciurba.com\/index.php\/2024\/09\/16\/los-incendios-un-sintoma-del-colapso-climatico-anunciado-por-la-ciencia-ambiental\/#primaryimage"},"image":{"@id":"https:\/\/biciurba.com\/index.php\/2024\/09\/16\/los-incendios-un-sintoma-del-colapso-climatico-anunciado-por-la-ciencia-ambiental\/#primaryimage"},"thumbnailUrl":"https:\/\/biciurba.com\/wp-content\/uploads\/2024\/09\/incendios-forestales.png","datePublished":"2024-09-16T15:02:30+00:00","dateModified":"2024-09-16T15:02:32+00:00","breadcrumb":{"@id":"https:\/\/biciurba.com\/index.php\/2024\/09\/16\/los-incendios-un-sintoma-del-colapso-climatico-anunciado-por-la-ciencia-ambiental\/#breadcrumb"},"inLanguage":"es","potentialAction":[{"@type":"ReadAction","target":["https:\/\/biciurba.com\/index.php\/2024\/09\/16\/los-incendios-un-sintoma-del-colapso-climatico-anunciado-por-la-ciencia-ambiental\/"]}]},{"@type":"ImageObject","inLanguage":"es","@id":"https:\/\/biciurba.com\/index.php\/2024\/09\/16\/los-incendios-un-sintoma-del-colapso-climatico-anunciado-por-la-ciencia-ambiental\/#primaryimage","url":"https:\/\/biciurba.com\/wp-content\/uploads\/2024\/09\/incendios-forestales.png","contentUrl":"https:\/\/biciurba.com\/wp-content\/uploads\/2024\/09\/incendios-forestales.png","width":606,"height":404,"caption":"Es una realidad, los incendios forestales son respuesta al rompimiento de los sistemas naturales del planeta a causa de la avaricia de nuestra sociedad.."},{"@type":"BreadcrumbList","@id":"https:\/\/biciurba.com\/index.php\/2024\/09\/16\/los-incendios-un-sintoma-del-colapso-climatico-anunciado-por-la-ciencia-ambiental\/#breadcrumb","itemListElement":[{"@type":"ListItem","position":1,"name":"Portada","item":"https:\/\/biciurba.com\/"},{"@type":"ListItem","position":2,"name":"Los incendios, un s\u00edntoma del colapso clim\u00e1tico anunciado por la ciencia ambiental"}]},{"@type":"WebSite","@id":"https:\/\/biciurba.com\/#website","url":"https:\/\/biciurba.com\/","name":"Biciurba","description":"Una mejor manera de vivir","publisher":{"@id":"https:\/\/biciurba.com\/#\/schema\/person\/d9675ddf29ee982d268db0a3f239eced"},"potentialAction":[{"@type":"SearchAction","target":{"@type":"EntryPoint","urlTemplate":"https:\/\/biciurba.com\/?s={search_term_string}"},"query-input":{"@type":"PropertyValueSpecification","valueRequired":true,"valueName":"search_term_string"}}],"inLanguage":"es"},{"@type":["Person","Organization"],"@id":"https:\/\/biciurba.com\/#\/schema\/person\/d9675ddf29ee982d268db0a3f239eced","name":"Carlos Cantor","image":{"@type":"ImageObject","inLanguage":"es","@id":"https:\/\/biciurba.com\/#\/schema\/person\/image\/","url":"https:\/\/biciurba.com\/wp-content\/uploads\/2024\/04\/cropped-logo-1.png","contentUrl":"https:\/\/biciurba.com\/wp-content\/uploads\/2024\/04\/cropped-logo-1.png","width":512,"height":318,"caption":"Carlos Cantor"},"logo":{"@id":"https:\/\/biciurba.com\/#\/schema\/person\/image\/"},"sameAs":["https:\/\/biciurba.com"],"url":"https:\/\/biciurba.com\/index.php\/author\/ccantor\/"}]}},"_links":{"self":[{"href":"https:\/\/biciurba.com\/index.php\/wp-json\/wp\/v2\/posts\/1110"}],"collection":[{"href":"https:\/\/biciurba.com\/index.php\/wp-json\/wp\/v2\/posts"}],"about":[{"href":"https:\/\/biciurba.com\/index.php\/wp-json\/wp\/v2\/types\/post"}],"author":[{"embeddable":true,"href":"https:\/\/biciurba.com\/index.php\/wp-json\/wp\/v2\/users\/1"}],"replies":[{"embeddable":true,"href":"https:\/\/biciurba.com\/index.php\/wp-json\/wp\/v2\/comments?post=1110"}],"version-history":[{"count":1,"href":"https:\/\/biciurba.com\/index.php\/wp-json\/wp\/v2\/posts\/1110\/revisions"}],"predecessor-version":[{"id":1112,"href":"https:\/\/biciurba.com\/index.php\/wp-json\/wp\/v2\/posts\/1110\/revisions\/1112"}],"wp:featuredmedia":[{"embeddable":true,"href":"https:\/\/biciurba.com\/index.php\/wp-json\/wp\/v2\/media\/1111"}],"wp:attachment":[{"href":"https:\/\/biciurba.com\/index.php\/wp-json\/wp\/v2\/media?parent=1110"}],"wp:term":[{"taxonomy":"category","embeddable":true,"href":"https:\/\/biciurba.com\/index.php\/wp-json\/wp\/v2\/categories?post=1110"},{"taxonomy":"post_tag","embeddable":true,"href":"https:\/\/biciurba.com\/index.php\/wp-json\/wp\/v2\/tags?post=1110"}],"curies":[{"name":"wp","href":"https:\/\/api.w.org\/{rel}","templated":true}]}}