{"id":1126,"date":"2024-09-19T11:50:08","date_gmt":"2024-09-19T16:50:08","guid":{"rendered":"https:\/\/biciurba.com\/?p=1126"},"modified":"2024-09-19T11:50:10","modified_gmt":"2024-09-19T16:50:10","slug":"el-ciclo-del-fuego-alterado-afecta-el-ciclo-del-agua-y-la-vida-en-general","status":"publish","type":"post","link":"https:\/\/biciurba.com\/index.php\/2024\/09\/19\/el-ciclo-del-fuego-alterado-afecta-el-ciclo-del-agua-y-la-vida-en-general\/","title":{"rendered":"El ciclo del fuego alterado, afecta el ciclo del agua y la vida en general"},"content":{"rendered":"\n<p>En muchos ecosistemas, el fuego es una fuerza natural que estimula la regeneraci\u00f3n de las especies vegetales. En las regiones mediterr\u00e1neas, sabanas y bosques boreales, el fuego elimina la materia org\u00e1nica muerta y permite que las plantas que dependen de la alta temperatura para germinar puedan hacerlo. Sin embargo, la intervenci\u00f3n humana ha alterado significativamente este equilibrio. El aumento de las temperaturas globales y las actividades que promueven el desarrollo urbano en zonas boscosas han multiplicado los incendios forestales, despojando al ciclo natural de su rol regenerativo y transform\u00e1ndolo en un factor destructivo.<\/p>\n\n\n\n<p>Los incendios forestales son ahora una amenaza global, con eventos devastadores en diferentes partes del planeta. En los \u00faltimos a\u00f1os, grandes incendios en la Amazonia, Canad\u00e1, Australia, Siberia, California y la regi\u00f3n mediterr\u00e1nea han captado la atenci\u00f3n mundial por su magnitud y severidad. En regiones como el Amazonas, donde los incendios son inducidos para extender la frontera agricultura y la ganader\u00eda, se pierde uno de los mayores pulmones del planeta, vital para la absorci\u00f3n de di\u00f3xido de carbono y el mantenimiento del equilibrio clim\u00e1tico global.<\/p>\n\n\n\n<p>El aumento en la frecuencia de estos incendios no es una coincidencia. El calentamiento global ha incrementado las olas de calor y la sequ\u00eda, condiciones perfectas para que el fuego se propague r\u00e1pidamente. Adem\u00e1s, la deforestaci\u00f3n y la fragmentaci\u00f3n de los ecosistemas han debilitado su capacidad de resistencia, haciendo que cada incendio sea m\u00e1s devastador.<\/p>\n\n\n\n<p>Los \u00e1rboles y la vegetaci\u00f3n que tardaron d\u00e9cadas o siglos en crecer son destruidos en cuesti\u00f3n de d\u00edas o incluso horas. Esta destrucci\u00f3n tiene implicaciones graves para el ciclo del carbono, ya que los \u00e1rboles son sumideros naturales que almacenan di\u00f3xido de carbono. Cuando un bosque arde, no s\u00f3lo se libera el CO2 acumulado, sino que tambi\u00e9n se pierde la capacidad futura de absorci\u00f3n, exacerbando el problema del cambio con lo que se logra aumentar el calentamiento global y as\u00ed mantener el ciclo de calor, sequ\u00eda, vientos y fuego.<\/p>\n\n\n\n<p>La recuperaci\u00f3n de los bosques tras un incendio puede tardar mucho tiempo, y en algunos casos, nunca se produce completamente. Esto depende de varios factores, como el tipo de ecosistema, la magnitud del incendio y las condiciones clim\u00e1ticas posteriores. Por ejemplo, en regiones \u00e1ridas o semi\u00e1ridas, el restablecimiento de la vegetaci\u00f3n puede tardar siglos o nunca ocurrir si las condiciones cambian significativamente. En \u00e1reas m\u00e1s h\u00famedas, los bosques pueden comenzar a regenerarse en d\u00e9cadas, pero la biodiversidad original y las funciones ecol\u00f3gicas pueden tardar mucho m\u00e1s si es que se logran rehabilitar y prosperar.<\/p>\n\n\n\n<p>Los ecosistemas forestales albergan una incre\u00edble diversidad de vida, desde grandes mam\u00edferos hasta peque\u00f1os insectos, pasando por miles de especies de plantas y microorganismos. Cuando un incendio arrasa un \u00e1rea, muchas de estas especies se ven amenazadas o desaparecen. Las especies m\u00e1s vulnerables son las que tienen h\u00e1bitats restringidos o las que dependen de caracter\u00edsticas espec\u00edficas del ecosistema, como la humedad del suelo o la sombra de ciertos \u00e1rboles, son de muy dif\u00edcil recuperaci\u00f3n y tardar\u00e1 mucho tiempo en volver a vivir en esos ecosistemas.<\/p>\n\n\n\n<p>Los animales que logran escapar de los incendios deben lidiar con la falta de alimento y refugio, lo que aumenta la mortalidad post-incendio. Adem\u00e1s, la fragmentaci\u00f3n del h\u00e1bitat dificulta su recuperaci\u00f3n de las especies, que ya no cuentan con corredores ecol\u00f3gicos para desplazarse y en general desarrollar sus existencia.<\/p>\n\n\n<div class=\"wp-block-image\">\n<figure class=\"aligncenter size-full\"><img loading=\"lazy\" decoding=\"async\" width=\"600\" height=\"400\" src=\"https:\/\/biciurba.com\/wp-content\/uploads\/2024\/09\/incendio-3.png\" alt=\"\" class=\"wp-image-1128\" srcset=\"https:\/\/biciurba.com\/wp-content\/uploads\/2024\/09\/incendio-3.png 600w, https:\/\/biciurba.com\/wp-content\/uploads\/2024\/09\/incendio-3-300x200.png 300w\" sizes=\"(max-width: 600px) 100vw, 600px\" \/><figcaption class=\"wp-element-caption\">P\u00e9rdida de caudales de r\u00edos y cuerpos de agua, muchos de los cuales irrecuperables.<\/figcaption><\/figure><\/div>\n\n\n<p>Otro impacto importante de los incendios forestales es la desaparici\u00f3n de los cuerpos de agua. Los incendios afectan gravemente el ciclo hidrol\u00f3gico al destruir la vegetaci\u00f3n que regula el flujo del agua. Los \u00e1rboles y otras plantas juegan un papel fundamental en la captaci\u00f3n y retenci\u00f3n del agua de lluvia. Sin vegetaci\u00f3n, las precipitaciones no son absorbidas adecuadamente, lo que puede llevar a la erosi\u00f3n del suelo, la sedimentaci\u00f3n de los r\u00edos y lagos, y la eventual desaparici\u00f3n de cuerpos de agua. En el caso de la Amazon\u00eda se pierden \u00ablos r\u00edos voladores\u00bb, que nutren de agua y nieves al sistema de la Cordillera de los Andes.<\/p>\n\n\n\n<p>Adem\u00e1s, los incendios pueden alterar las cuencas hidrogr\u00e1ficas, lo que reduce el suministro de agua dulce disponible para las comunidades humanas y los ecosistemas. Esto es particularmente preocupante en \u00e1reas donde los incendios forestales son recurrentes, como en California o Australia, donde las aguas en l\u00edneas generales son escasas y lo ser\u00e1n a\u00fan m\u00e1s por estas conflagraciones.<\/p>\n\n\n\n<p>Pero el da\u00f1o no solo se queda en la superficie, el humo que genera los incendios contiene part\u00edculas finas y gases t\u00f3xicos como el mon\u00f3xido de carbono, di\u00f3xido de nitr\u00f3geno y compuestos org\u00e1nicos vol\u00e1tiles que afectan gravemente la calidad del aire. Esta contaminaci\u00f3n puede extenderse a millas de kil\u00f3metros del sitio del incendio, afectando no solo a las \u00e1reas cercanas, sino tambi\u00e9n a grandes ciudades.<\/p>\n\n\n\n<p>La exposici\u00f3n prolongada de este humo tiene efectos nocivos en la salud humana, exacerbando enfermedades respiratorias y cardiovasculares aumentando el riesgo de muerte prematura. La ceniza, por su parte, contamina los suelos y los cuerpos de agua, lo que afecta a la agricultura y las fuentes de agua potable. Las cenizas depositadas en los r\u00edos y lagos pueden provocar la eutrofizaci\u00f3n, un proceso que agota el ox\u00edgeno en el agua, afectando la vida acu\u00e1tica de plantas, anfibios y peces.<\/p>\n\n\n\n<p>Los incendios forestales no solo representan una tragedia ambiental, sino que tambi\u00e9n tienen profundas repercusiones en la econom\u00eda regional de pa\u00edses como Colombia, Ecuador, Per\u00fa, Bolivia, Chile, Argentina y Brasil, que dependen de sus recursos naturales, incluidos los bosques, para el desarrollo econ\u00f3mico, y los incendios generan p\u00e9rdidas multimillonarias que afectan a diversos sectores.<\/p>\n\n\n\n<p>En Argentina, por ejemplo, los incendios en \u00e1reas rurales han destruido cultivos de soja, ma\u00edz y pastizales, afectando tanto a los agricultores como a los ganaderos que dependen de estos recursos. En Brasil, la deforestaci\u00f3n inducida por el fuego, especialmente en la Amazon\u00eda,  muchas veces promovida por intereses econ\u00f3micos, genera un desequilibrio a largo plazo, pues la p\u00e9rdida de biodiversidad y la exposici\u00f3n de suelos fr\u00e1giles de lo que antes era un bosque h\u00famedo reduce la productividad a futuro.<\/p>\n\n\n\n<p>Hay adem\u00e1s una consecuencia fatal para todos los ecosistemas al perderse el ciclo natural del agua que muchas veces es irrecuperable. En el caso de Suram\u00e9rica representa nieves y  glaciares en la Cordillera de Los Andes  que nutren de agua a pa\u00edses del Cono Sur, adem\u00e1s que se afectan las zonas de bosque altoandino y otras regiones circundantes no solo destruyen la vegetaci\u00f3n, sino que tambi\u00e9n alteran de manera significativa la din\u00e1mica h\u00eddrica de la cordillera.<\/p>\n\n\n\n<p>En general la recuperaci\u00f3n de los sistemas afectados por los incendios es muy dif\u00edcil por cuanto el equilibrio natural del ecosistema est\u00e1 destruido en muy buena parte, y depende del tipo de bosque y del clima. En los bosques boreales, la regeneraci\u00f3n puede tardar d\u00e9cadas, mientras que en los tr\u00f3picos, los bosques pueden no recuperarse por completo debido a las condiciones clim\u00e1ticas cambiantes. En muchos casos, los incendios recurrentes impiden que los ecosistemas completen su proceso de regeneraci\u00f3n, lo que lleva a una degradaci\u00f3n continua y, eventualmente, a su desaparici\u00f3n.<\/p>\n\n\n\n<p>Adem\u00e1s, los incendios a menudo alteran el equilibrio de las especies en un ecosistema. Las especies invasoras, que suelen ser m\u00e1s resistentes al fuego, pueden proliferar tras un incendio, desplazando a las especies nativas y cambiando la composici\u00f3n del ecosistema. Esto puede tener efectos duraderos en la biodiversidad.<\/p>\n\n\n\n<p>El ciclo del fuego, un fen\u00f3meno natural que ha moldeado los ecosistemas durante milenios, se ha convertido en una amenaza debido a la acci\u00f3n humana y al cambio clim\u00e1tico. La recuperaci\u00f3n de los ecosistemas tras estos incendios es lenta y, en muchos casos, incompleta, lo que pone en peligro la estabilidad ecol\u00f3gica y clim\u00e1tica del planeta. Enfrentar esta crisis requiere de un enfoque global que aborde tanto la mitigaci\u00f3n de los incendios, la restauraci\u00f3n de los ecosistemas da\u00f1ados y un cambio total del uso del suelo y limitar de forma efectiva las fronteras agr\u00edcolas, especialmente cuando se tratan de selvas tropicales como la del Amazonas que se ve atropellada por temas econ\u00f3micos a costa, en buena parte, de la estabilidad clim\u00e1tica de Suram\u00e9rica.<\/p>\n","protected":false},"excerpt":{"rendered":"<p>En muchos ecosistemas, el fuego es una fuerza natural que estimula la regeneraci\u00f3n de las especies vegetales. En las regiones mediterr\u00e1neas, sabanas y bosques boreales, el fuego elimina la materia org\u00e1nica muerta y permite que las plantas que dependen de la alta temperatura para germinar puedan hacerlo. Sin embargo, la intervenci\u00f3n humana ha alterado significativamente [&hellip;]<\/p>\n","protected":false},"author":1,"featured_media":1127,"comment_status":"open","ping_status":"open","sticky":false,"template":"","format":"standard","meta":{"footnotes":""},"categories":[95],"tags":[82,454,19,60],"class_list":["post-1126","post","type-post","status-publish","format-standard","has-post-thumbnail","hentry","category-crisis-climatica","tag-antropoceno","tag-ciclo-del-fuego","tag-crisis-climatica","tag-dano-ambiental"],"yoast_head":"<!-- This site is optimized with the Yoast SEO plugin v23.9 - https:\/\/yoast.com\/wordpress\/plugins\/seo\/ -->\n<title>El ciclo del fuego alterado, afecta el ciclo del agua y la vida en general - Biciurba<\/title>\n<meta name=\"robots\" content=\"index, follow, max-snippet:-1, max-image-preview:large, max-video-preview:-1\" \/>\n<link rel=\"canonical\" href=\"https:\/\/biciurba.com\/index.php\/2024\/09\/19\/el-ciclo-del-fuego-alterado-afecta-el-ciclo-del-agua-y-la-vida-en-general\/\" \/>\n<meta property=\"og:locale\" content=\"es_ES\" \/>\n<meta property=\"og:type\" content=\"article\" \/>\n<meta property=\"og:title\" content=\"El ciclo del fuego alterado, afecta el ciclo del agua y la vida en general - Biciurba\" \/>\n<meta property=\"og:description\" content=\"En muchos ecosistemas, el fuego es una fuerza natural que estimula la regeneraci\u00f3n de las especies vegetales. En las regiones mediterr\u00e1neas, sabanas y bosques boreales, el fuego elimina la materia org\u00e1nica muerta y permite que las plantas que dependen de la alta temperatura para germinar puedan hacerlo. Sin embargo, la intervenci\u00f3n humana ha alterado significativamente [&hellip;]\" \/>\n<meta property=\"og:url\" content=\"https:\/\/biciurba.com\/index.php\/2024\/09\/19\/el-ciclo-del-fuego-alterado-afecta-el-ciclo-del-agua-y-la-vida-en-general\/\" \/>\n<meta property=\"og:site_name\" content=\"Biciurba\" \/>\n<meta property=\"article:published_time\" content=\"2024-09-19T16:50:08+00:00\" \/>\n<meta property=\"article:modified_time\" content=\"2024-09-19T16:50:10+00:00\" \/>\n<meta property=\"og:image\" content=\"https:\/\/biciurba.com\/wp-content\/uploads\/2024\/09\/incendio-1.png\" \/>\n\t<meta property=\"og:image:width\" content=\"600\" \/>\n\t<meta property=\"og:image:height\" content=\"400\" \/>\n\t<meta property=\"og:image:type\" content=\"image\/png\" \/>\n<meta name=\"author\" content=\"Carlos Cantor\" \/>\n<meta name=\"twitter:card\" content=\"summary_large_image\" \/>\n<meta name=\"twitter:label1\" content=\"Escrito por\" \/>\n\t<meta name=\"twitter:data1\" content=\"Carlos Cantor\" \/>\n\t<meta name=\"twitter:label2\" content=\"Tiempo de lectura\" \/>\n\t<meta name=\"twitter:data2\" content=\"7 minutos\" \/>\n<script type=\"application\/ld+json\" class=\"yoast-schema-graph\">{\"@context\":\"https:\/\/schema.org\",\"@graph\":[{\"@type\":\"Article\",\"@id\":\"https:\/\/biciurba.com\/index.php\/2024\/09\/19\/el-ciclo-del-fuego-alterado-afecta-el-ciclo-del-agua-y-la-vida-en-general\/#article\",\"isPartOf\":{\"@id\":\"https:\/\/biciurba.com\/index.php\/2024\/09\/19\/el-ciclo-del-fuego-alterado-afecta-el-ciclo-del-agua-y-la-vida-en-general\/\"},\"author\":{\"name\":\"Carlos Cantor\",\"@id\":\"https:\/\/biciurba.com\/#\/schema\/person\/d9675ddf29ee982d268db0a3f239eced\"},\"headline\":\"El ciclo del fuego alterado, afecta el ciclo del agua y la vida en general\",\"datePublished\":\"2024-09-19T16:50:08+00:00\",\"dateModified\":\"2024-09-19T16:50:10+00:00\",\"mainEntityOfPage\":{\"@id\":\"https:\/\/biciurba.com\/index.php\/2024\/09\/19\/el-ciclo-del-fuego-alterado-afecta-el-ciclo-del-agua-y-la-vida-en-general\/\"},\"wordCount\":1491,\"commentCount\":0,\"publisher\":{\"@id\":\"https:\/\/biciurba.com\/#\/schema\/person\/d9675ddf29ee982d268db0a3f239eced\"},\"image\":{\"@id\":\"https:\/\/biciurba.com\/index.php\/2024\/09\/19\/el-ciclo-del-fuego-alterado-afecta-el-ciclo-del-agua-y-la-vida-en-general\/#primaryimage\"},\"thumbnailUrl\":\"https:\/\/biciurba.com\/wp-content\/uploads\/2024\/09\/incendio-1.png\",\"keywords\":[\"Antropoceno\",\"ciclo del fuego\",\"Crisis clim\u00e1tica\",\"Da\u00f1o ambiental\"],\"articleSection\":[\"Crisis clim\u00e1tica\"],\"inLanguage\":\"es\",\"potentialAction\":[{\"@type\":\"CommentAction\",\"name\":\"Comment\",\"target\":[\"https:\/\/biciurba.com\/index.php\/2024\/09\/19\/el-ciclo-del-fuego-alterado-afecta-el-ciclo-del-agua-y-la-vida-en-general\/#respond\"]}]},{\"@type\":\"WebPage\",\"@id\":\"https:\/\/biciurba.com\/index.php\/2024\/09\/19\/el-ciclo-del-fuego-alterado-afecta-el-ciclo-del-agua-y-la-vida-en-general\/\",\"url\":\"https:\/\/biciurba.com\/index.php\/2024\/09\/19\/el-ciclo-del-fuego-alterado-afecta-el-ciclo-del-agua-y-la-vida-en-general\/\",\"name\":\"El ciclo del fuego alterado, afecta el ciclo del agua y la vida en general - Biciurba\",\"isPartOf\":{\"@id\":\"https:\/\/biciurba.com\/#website\"},\"primaryImageOfPage\":{\"@id\":\"https:\/\/biciurba.com\/index.php\/2024\/09\/19\/el-ciclo-del-fuego-alterado-afecta-el-ciclo-del-agua-y-la-vida-en-general\/#primaryimage\"},\"image\":{\"@id\":\"https:\/\/biciurba.com\/index.php\/2024\/09\/19\/el-ciclo-del-fuego-alterado-afecta-el-ciclo-del-agua-y-la-vida-en-general\/#primaryimage\"},\"thumbnailUrl\":\"https:\/\/biciurba.com\/wp-content\/uploads\/2024\/09\/incendio-1.png\",\"datePublished\":\"2024-09-19T16:50:08+00:00\",\"dateModified\":\"2024-09-19T16:50:10+00:00\",\"breadcrumb\":{\"@id\":\"https:\/\/biciurba.com\/index.php\/2024\/09\/19\/el-ciclo-del-fuego-alterado-afecta-el-ciclo-del-agua-y-la-vida-en-general\/#breadcrumb\"},\"inLanguage\":\"es\",\"potentialAction\":[{\"@type\":\"ReadAction\",\"target\":[\"https:\/\/biciurba.com\/index.php\/2024\/09\/19\/el-ciclo-del-fuego-alterado-afecta-el-ciclo-del-agua-y-la-vida-en-general\/\"]}]},{\"@type\":\"ImageObject\",\"inLanguage\":\"es\",\"@id\":\"https:\/\/biciurba.com\/index.php\/2024\/09\/19\/el-ciclo-del-fuego-alterado-afecta-el-ciclo-del-agua-y-la-vida-en-general\/#primaryimage\",\"url\":\"https:\/\/biciurba.com\/wp-content\/uploads\/2024\/09\/incendio-1.png\",\"contentUrl\":\"https:\/\/biciurba.com\/wp-content\/uploads\/2024\/09\/incendio-1.png\",\"width\":600,\"height\":400,\"caption\":\"Los incendios de hoy en buena parte son causados por la crisis clim\u00e1tica que rompe todos los ciclos de la naturaleza.\"},{\"@type\":\"BreadcrumbList\",\"@id\":\"https:\/\/biciurba.com\/index.php\/2024\/09\/19\/el-ciclo-del-fuego-alterado-afecta-el-ciclo-del-agua-y-la-vida-en-general\/#breadcrumb\",\"itemListElement\":[{\"@type\":\"ListItem\",\"position\":1,\"name\":\"Portada\",\"item\":\"https:\/\/biciurba.com\/\"},{\"@type\":\"ListItem\",\"position\":2,\"name\":\"El ciclo del fuego alterado, afecta el ciclo del agua y la vida en general\"}]},{\"@type\":\"WebSite\",\"@id\":\"https:\/\/biciurba.com\/#website\",\"url\":\"https:\/\/biciurba.com\/\",\"name\":\"Biciurba\",\"description\":\"Una mejor manera de vivir\",\"publisher\":{\"@id\":\"https:\/\/biciurba.com\/#\/schema\/person\/d9675ddf29ee982d268db0a3f239eced\"},\"potentialAction\":[{\"@type\":\"SearchAction\",\"target\":{\"@type\":\"EntryPoint\",\"urlTemplate\":\"https:\/\/biciurba.com\/?s={search_term_string}\"},\"query-input\":{\"@type\":\"PropertyValueSpecification\",\"valueRequired\":true,\"valueName\":\"search_term_string\"}}],\"inLanguage\":\"es\"},{\"@type\":[\"Person\",\"Organization\"],\"@id\":\"https:\/\/biciurba.com\/#\/schema\/person\/d9675ddf29ee982d268db0a3f239eced\",\"name\":\"Carlos Cantor\",\"image\":{\"@type\":\"ImageObject\",\"inLanguage\":\"es\",\"@id\":\"https:\/\/biciurba.com\/#\/schema\/person\/image\/\",\"url\":\"https:\/\/biciurba.com\/wp-content\/uploads\/2024\/04\/cropped-logo-1.png\",\"contentUrl\":\"https:\/\/biciurba.com\/wp-content\/uploads\/2024\/04\/cropped-logo-1.png\",\"width\":512,\"height\":318,\"caption\":\"Carlos Cantor\"},\"logo\":{\"@id\":\"https:\/\/biciurba.com\/#\/schema\/person\/image\/\"},\"sameAs\":[\"https:\/\/biciurba.com\"],\"url\":\"https:\/\/biciurba.com\/index.php\/author\/ccantor\/\"}]}<\/script>\n<!-- \/ Yoast SEO plugin. -->","yoast_head_json":{"title":"El ciclo del fuego alterado, afecta el ciclo del agua y la vida en general - Biciurba","robots":{"index":"index","follow":"follow","max-snippet":"max-snippet:-1","max-image-preview":"max-image-preview:large","max-video-preview":"max-video-preview:-1"},"canonical":"https:\/\/biciurba.com\/index.php\/2024\/09\/19\/el-ciclo-del-fuego-alterado-afecta-el-ciclo-del-agua-y-la-vida-en-general\/","og_locale":"es_ES","og_type":"article","og_title":"El ciclo del fuego alterado, afecta el ciclo del agua y la vida en general - Biciurba","og_description":"En muchos ecosistemas, el fuego es una fuerza natural que estimula la regeneraci\u00f3n de las especies vegetales. En las regiones mediterr\u00e1neas, sabanas y bosques boreales, el fuego elimina la materia org\u00e1nica muerta y permite que las plantas que dependen de la alta temperatura para germinar puedan hacerlo. Sin embargo, la intervenci\u00f3n humana ha alterado significativamente [&hellip;]","og_url":"https:\/\/biciurba.com\/index.php\/2024\/09\/19\/el-ciclo-del-fuego-alterado-afecta-el-ciclo-del-agua-y-la-vida-en-general\/","og_site_name":"Biciurba","article_published_time":"2024-09-19T16:50:08+00:00","article_modified_time":"2024-09-19T16:50:10+00:00","og_image":[{"width":600,"height":400,"url":"https:\/\/biciurba.com\/wp-content\/uploads\/2024\/09\/incendio-1.png","type":"image\/png"}],"author":"Carlos Cantor","twitter_card":"summary_large_image","twitter_misc":{"Escrito por":"Carlos Cantor","Tiempo de lectura":"7 minutos"},"schema":{"@context":"https:\/\/schema.org","@graph":[{"@type":"Article","@id":"https:\/\/biciurba.com\/index.php\/2024\/09\/19\/el-ciclo-del-fuego-alterado-afecta-el-ciclo-del-agua-y-la-vida-en-general\/#article","isPartOf":{"@id":"https:\/\/biciurba.com\/index.php\/2024\/09\/19\/el-ciclo-del-fuego-alterado-afecta-el-ciclo-del-agua-y-la-vida-en-general\/"},"author":{"name":"Carlos Cantor","@id":"https:\/\/biciurba.com\/#\/schema\/person\/d9675ddf29ee982d268db0a3f239eced"},"headline":"El ciclo del fuego alterado, afecta el ciclo del agua y la vida en general","datePublished":"2024-09-19T16:50:08+00:00","dateModified":"2024-09-19T16:50:10+00:00","mainEntityOfPage":{"@id":"https:\/\/biciurba.com\/index.php\/2024\/09\/19\/el-ciclo-del-fuego-alterado-afecta-el-ciclo-del-agua-y-la-vida-en-general\/"},"wordCount":1491,"commentCount":0,"publisher":{"@id":"https:\/\/biciurba.com\/#\/schema\/person\/d9675ddf29ee982d268db0a3f239eced"},"image":{"@id":"https:\/\/biciurba.com\/index.php\/2024\/09\/19\/el-ciclo-del-fuego-alterado-afecta-el-ciclo-del-agua-y-la-vida-en-general\/#primaryimage"},"thumbnailUrl":"https:\/\/biciurba.com\/wp-content\/uploads\/2024\/09\/incendio-1.png","keywords":["Antropoceno","ciclo del fuego","Crisis clim\u00e1tica","Da\u00f1o ambiental"],"articleSection":["Crisis clim\u00e1tica"],"inLanguage":"es","potentialAction":[{"@type":"CommentAction","name":"Comment","target":["https:\/\/biciurba.com\/index.php\/2024\/09\/19\/el-ciclo-del-fuego-alterado-afecta-el-ciclo-del-agua-y-la-vida-en-general\/#respond"]}]},{"@type":"WebPage","@id":"https:\/\/biciurba.com\/index.php\/2024\/09\/19\/el-ciclo-del-fuego-alterado-afecta-el-ciclo-del-agua-y-la-vida-en-general\/","url":"https:\/\/biciurba.com\/index.php\/2024\/09\/19\/el-ciclo-del-fuego-alterado-afecta-el-ciclo-del-agua-y-la-vida-en-general\/","name":"El ciclo del fuego alterado, afecta el ciclo del agua y la vida en general - Biciurba","isPartOf":{"@id":"https:\/\/biciurba.com\/#website"},"primaryImageOfPage":{"@id":"https:\/\/biciurba.com\/index.php\/2024\/09\/19\/el-ciclo-del-fuego-alterado-afecta-el-ciclo-del-agua-y-la-vida-en-general\/#primaryimage"},"image":{"@id":"https:\/\/biciurba.com\/index.php\/2024\/09\/19\/el-ciclo-del-fuego-alterado-afecta-el-ciclo-del-agua-y-la-vida-en-general\/#primaryimage"},"thumbnailUrl":"https:\/\/biciurba.com\/wp-content\/uploads\/2024\/09\/incendio-1.png","datePublished":"2024-09-19T16:50:08+00:00","dateModified":"2024-09-19T16:50:10+00:00","breadcrumb":{"@id":"https:\/\/biciurba.com\/index.php\/2024\/09\/19\/el-ciclo-del-fuego-alterado-afecta-el-ciclo-del-agua-y-la-vida-en-general\/#breadcrumb"},"inLanguage":"es","potentialAction":[{"@type":"ReadAction","target":["https:\/\/biciurba.com\/index.php\/2024\/09\/19\/el-ciclo-del-fuego-alterado-afecta-el-ciclo-del-agua-y-la-vida-en-general\/"]}]},{"@type":"ImageObject","inLanguage":"es","@id":"https:\/\/biciurba.com\/index.php\/2024\/09\/19\/el-ciclo-del-fuego-alterado-afecta-el-ciclo-del-agua-y-la-vida-en-general\/#primaryimage","url":"https:\/\/biciurba.com\/wp-content\/uploads\/2024\/09\/incendio-1.png","contentUrl":"https:\/\/biciurba.com\/wp-content\/uploads\/2024\/09\/incendio-1.png","width":600,"height":400,"caption":"Los incendios de hoy en buena parte son causados por la crisis clim\u00e1tica que rompe todos los ciclos de la naturaleza."},{"@type":"BreadcrumbList","@id":"https:\/\/biciurba.com\/index.php\/2024\/09\/19\/el-ciclo-del-fuego-alterado-afecta-el-ciclo-del-agua-y-la-vida-en-general\/#breadcrumb","itemListElement":[{"@type":"ListItem","position":1,"name":"Portada","item":"https:\/\/biciurba.com\/"},{"@type":"ListItem","position":2,"name":"El ciclo del fuego alterado, afecta el ciclo del agua y la vida en general"}]},{"@type":"WebSite","@id":"https:\/\/biciurba.com\/#website","url":"https:\/\/biciurba.com\/","name":"Biciurba","description":"Una mejor manera de vivir","publisher":{"@id":"https:\/\/biciurba.com\/#\/schema\/person\/d9675ddf29ee982d268db0a3f239eced"},"potentialAction":[{"@type":"SearchAction","target":{"@type":"EntryPoint","urlTemplate":"https:\/\/biciurba.com\/?s={search_term_string}"},"query-input":{"@type":"PropertyValueSpecification","valueRequired":true,"valueName":"search_term_string"}}],"inLanguage":"es"},{"@type":["Person","Organization"],"@id":"https:\/\/biciurba.com\/#\/schema\/person\/d9675ddf29ee982d268db0a3f239eced","name":"Carlos Cantor","image":{"@type":"ImageObject","inLanguage":"es","@id":"https:\/\/biciurba.com\/#\/schema\/person\/image\/","url":"https:\/\/biciurba.com\/wp-content\/uploads\/2024\/04\/cropped-logo-1.png","contentUrl":"https:\/\/biciurba.com\/wp-content\/uploads\/2024\/04\/cropped-logo-1.png","width":512,"height":318,"caption":"Carlos Cantor"},"logo":{"@id":"https:\/\/biciurba.com\/#\/schema\/person\/image\/"},"sameAs":["https:\/\/biciurba.com"],"url":"https:\/\/biciurba.com\/index.php\/author\/ccantor\/"}]}},"_links":{"self":[{"href":"https:\/\/biciurba.com\/index.php\/wp-json\/wp\/v2\/posts\/1126"}],"collection":[{"href":"https:\/\/biciurba.com\/index.php\/wp-json\/wp\/v2\/posts"}],"about":[{"href":"https:\/\/biciurba.com\/index.php\/wp-json\/wp\/v2\/types\/post"}],"author":[{"embeddable":true,"href":"https:\/\/biciurba.com\/index.php\/wp-json\/wp\/v2\/users\/1"}],"replies":[{"embeddable":true,"href":"https:\/\/biciurba.com\/index.php\/wp-json\/wp\/v2\/comments?post=1126"}],"version-history":[{"count":1,"href":"https:\/\/biciurba.com\/index.php\/wp-json\/wp\/v2\/posts\/1126\/revisions"}],"predecessor-version":[{"id":1132,"href":"https:\/\/biciurba.com\/index.php\/wp-json\/wp\/v2\/posts\/1126\/revisions\/1132"}],"wp:featuredmedia":[{"embeddable":true,"href":"https:\/\/biciurba.com\/index.php\/wp-json\/wp\/v2\/media\/1127"}],"wp:attachment":[{"href":"https:\/\/biciurba.com\/index.php\/wp-json\/wp\/v2\/media?parent=1126"}],"wp:term":[{"taxonomy":"category","embeddable":true,"href":"https:\/\/biciurba.com\/index.php\/wp-json\/wp\/v2\/categories?post=1126"},{"taxonomy":"post_tag","embeddable":true,"href":"https:\/\/biciurba.com\/index.php\/wp-json\/wp\/v2\/tags?post=1126"}],"curies":[{"name":"wp","href":"https:\/\/api.w.org\/{rel}","templated":true}]}}