{"id":1138,"date":"2024-09-21T10:20:35","date_gmt":"2024-09-21T15:20:35","guid":{"rendered":"https:\/\/biciurba.com\/?p=1138"},"modified":"2024-09-21T10:24:21","modified_gmt":"2024-09-21T15:24:21","slug":"la-opcion-de-los-e-cars-retos-y-sombras-en-un-planeta-que-requiere-energia-limpia-y-permanente","status":"publish","type":"post","link":"https:\/\/biciurba.com\/index.php\/2024\/09\/21\/la-opcion-de-los-e-cars-retos-y-sombras-en-un-planeta-que-requiere-energia-limpia-y-permanente\/","title":{"rendered":"La opci\u00f3n de los E-cars, retos y sombras en un planeta que requiere energ\u00eda limpia y permanente"},"content":{"rendered":"\n<p>En estos meses de intenso calor, sequ\u00edas y en general de crisis clim\u00e1tica, cabe preguntarse si est\u00e1n dadas las condiciones para que la movilidad el\u00e9ctrica pueda en realidad extenderse y masificarse en el planeta. Esta alternativa se ha presentado como la soluci\u00f3n clave en la lucha contra el cambio clim\u00e1tico, ofreciendo una opci\u00f3n m\u00e1s limpia frente a los veh\u00edculos de combusti\u00f3n interna. Sin embargo enfrenta una serie de desaf\u00edos econ\u00f3micos, geopol\u00edticos y tecnol\u00f3gicos que la frenan para que se extienda.<\/p>\n\n\n\n<p>Al igual que la movilidad de motores de combusti\u00f3n interna, los el\u00e9ctricos depende de recursos naturales, particularmente el litio, que es fundamental en la producci\u00f3n de bater\u00edas. Las reservas mundiales de este mineral est\u00e1n altamente concentradas en pa\u00edses como Chile, Argentina, Bolivia y Australia, lo que plantea problemas geopol\u00edticos y de sostenibilidad.<\/p>\n\n\n\n<p>La extracci\u00f3n de litio no solo genera preocupaciones ambientales, como la contaminaci\u00f3n de aguas y la destrucci\u00f3n de ecosistemas, sino que tambi\u00e9n afecta a las comunidades locales que dependen de estos recursos. Estas explotaciones est\u00e1n ubicadas en zonas \u00e1ridas y requiere gran cantidad de agua para lograr el preciado mineral.<\/p>\n\n\n\n<figure class=\"wp-block-image aligncenter size-full\"><img loading=\"lazy\" decoding=\"async\" width=\"600\" height=\"400\" src=\"https:\/\/biciurba.com\/wp-content\/uploads\/2024\/09\/litio.png\" alt=\"\" class=\"wp-image-1142\" srcset=\"https:\/\/biciurba.com\/wp-content\/uploads\/2024\/09\/litio.png 600w, https:\/\/biciurba.com\/wp-content\/uploads\/2024\/09\/litio-300x200.png 300w\" sizes=\"(max-width: 600px) 100vw, 600px\" \/><figcaption class=\"wp-element-caption\">La planta de Sales de Jujuy en el salar de Olaroz, en la provincia argentina de Jujuy.\nSales de Jujuy.<\/figcaption><\/figure>\n\n\n\n<p>Ante esta realidad en China se est\u00e1n desarrollando otras tecnolog\u00edas como las bater\u00edas de estado s\u00f3lido, que prometen mayor seguridad y eficiencia. Sin embargo, estas tecnolog\u00edas a\u00fan est\u00e1n en desarrollo y requieren inversiones significativas para su comercializaci\u00f3n. Sin un avance en este \u00e1mbito, la movilidad el\u00e9ctrica seguir\u00e1 siendo vulnerable a las fluctuaciones en el suministro de litio y a los impactos ambientales que su extracci\u00f3n genera en acuerdos de explotaci\u00f3n y comercializaci\u00f3n de grandes multinacionales y gobiernos proclives a convenios desventajosos para los pa\u00edses.<\/p>\n\n\n\n<p>Pero al igual que los motores de combusti\u00f3n interna, la movilidad el\u00e9ctrica necesita energ\u00eda para funcionar. En este caso, est\u00e1 ligada a la forma en que se produce la electricidad a nivel global. A pesar de los avances en energ\u00edas renovables, muchas regiones del mundo todav\u00eda dependen de combustibles f\u00f3siles para generar electricidad, o de las lluvias para mantener las hidroel\u00e9ctricas, que en el presente a\u00f1o, en Suram\u00e9rica por ejemplo, pasa por situaciones cr\u00edticas por temas de cambio clim\u00e1tico y los efectos del El Ni\u00f1o y La Ni\u00f1a.<\/p>\n\n\n\n<p>Esto significa que, aunque los veh\u00edculos el\u00e9ctricos no emiten CO2 directamente, el impacto ambiental de su uso depende de la fuente de energ\u00eda utilizada para cargarlos, por ello es fundamental modernizar la infraestructura el\u00e9ctrica para soportar el aumento en la demanda de electricidad. La instalaci\u00f3n de puntos de carga accesibles es un reto significativo, especialmente en \u00e1reas rurales o menos desarrolladas, as\u00ed la creaci\u00f3n de redes de carga eficiente y distribuida es vital para fomentar la adopci\u00f3n masiva de veh\u00edculos el\u00e9ctricos, que para el caso del continente, es bastante precaria.<\/p>\n\n\n\n<p>Hay otro factor que dificulta que estas tecnolog\u00edas de movilidad crezcan lo suficiente para ser universales, la competencia en la industria automovil\u00edstica que dominaba USA y Europa, pero ahora est\u00e1 dominada por China, que se ha posicionado como l\u00edder en la producci\u00f3n de veh\u00edculos el\u00e9ctricos.<\/p>\n\n\n\n<p>Desde los inicios de este siglo se han implementado pol\u00edticas de investigaci\u00f3n, desarrollo subsidios y apoyo a la industria, que han permitiendo que los fabricantes asi\u00e1ticos crezcan y dominen r\u00e1pidamente el mercado. Esto ha generado tensiones comerciales donde las industrias automovil\u00edsticas tradicionales est\u00e1n luchando por adaptarse a este nuevo paradigma y no naufragar en estas guerras comerciales.<\/p>\n\n\n\n<p>As\u00ed por ejemplo, la industria automovil\u00edstica alemana, famosa por sus marcas ic\u00f3nicas como Volkswagen, BMW y Mercedes-Benz, enfrenta una crisis significativa. Durante d\u00e9cadas, Alemania fue l\u00edder en tecnolog\u00eda automotriz, pero ahora se encuentra rezagada en la transici\u00f3n hacia la movilidad el\u00e9ctrica, considerando que su mercado, m\u00e1s que Europa es China, y all\u00ed la tienen perdida.<\/p>\n\n\n\n<p>En general la industria tradicional ha revelado falta de preparaci\u00f3n tecnol\u00f3gica y a pesar de los planes para lanzar modelos el\u00e9ctricos, los retrasos en la producci\u00f3n y la integraci\u00f3n de nuevas tecnolog\u00edas han puesto en riesgo su posici\u00f3n. Esta crisis tambi\u00e9n se refleja en la reducci\u00f3n de empleos y en la necesidad de reentrenar a la fuerza laboral para que se adapte a las nuevas realidades del sector, lo que significa reconvertir, despedir personal y enfrentar huelgas.<\/p>\n\n\n\n<p>Como toda tecnolog\u00eda a\u00fan sigue siendo muy costosa en las marcas tradicionales, si bien se ha logrado disminuir algo, siguen siendo m\u00e1s altos que sus contrapartes de combusti\u00f3n interna. Esto limita el acceso a la tecnolog\u00eda para muchas personas, especialmente en regiones donde el poder adquisitivo es bajo, como es el caso de Suram\u00e9rica. Adem\u00e1s que las pol\u00edticas gubernamentales no siempre son suficientes para cerrar la brecha de precios, que implican adem\u00e1s los costos asociados con la carga y el mantenimiento de los VE que tambi\u00e9n deben ser considerados, ya que pueden impactar la percepci\u00f3n de los consumidores sobre la viabilidad econ\u00f3mica de la movilidad el\u00e9ctrica.<\/p>\n\n\n\n<p>Montar a nivel nacional toda la infraestructura el\u00e9ctrica suficiente para disponer de cargadores y muy especialmente de electricidad, siguen siendo un reto general, y ante las realidades de la crisis clim\u00e1tica es a\u00fan m\u00e1s relevante esta situaci\u00f3n, que perfectamente puede dar al traste con esta tecnolog\u00eda. As\u00ed como hay racionamientos de agua, los hay de electricidad y cabe considerar las prioridades de las comunidades.<\/p>\n\n\n\n<p>A\u00fan falta mucho para que la energ\u00eda fotovoltaica, la e\u00f3lica y otras alternativas verdes sean las m\u00e1s relevantes en el continente, que hoy se debate ante una crisis que en buena parte es producto de los motores de combusti\u00f3n interna que transitan diariamente, demandando combustibles f\u00f3siles y contaminando a\u00fan m\u00e1s la atm\u00f3sfera.<\/p>\n\n\n\n<p>El futuro inmediato de los E-cars depende de abordar de manera integral problemas relacionados con la extracci\u00f3n de recursos, la producci\u00f3n de energ\u00eda, la competencia internacional y la accesibilidad econ\u00f3mica. La colaboraci\u00f3n entre gobiernos, industrias y comunidades ser\u00e1 esencial para fomentar una transici\u00f3n hacia una movilidad el\u00e9ctrica sostenible y accesible para todos, aunque otras opciones como los motores movidos por aire comprimido a\u00fan est\u00e1n ah\u00ed, esperando que la gran industria de autos y petr\u00f3leo lo permitan.<\/p>\n","protected":false},"excerpt":{"rendered":"<p>En estos meses de intenso calor, sequ\u00edas y en general de crisis clim\u00e1tica, cabe preguntarse si est\u00e1n dadas las condiciones para que la movilidad el\u00e9ctrica pueda en realidad extenderse y masificarse en el planeta. Esta alternativa se ha presentado como la soluci\u00f3n clave en la lucha contra el cambio clim\u00e1tico, ofreciendo una opci\u00f3n m\u00e1s limpia [&hellip;]<\/p>\n","protected":false},"author":1,"featured_media":1139,"comment_status":"open","ping_status":"open","sticky":false,"template":"","format":"standard","meta":{"footnotes":""},"categories":[49],"tags":[19,60,58,131,122,267],"class_list":["post-1138","post","type-post","status-publish","format-standard","has-post-thumbnail","hentry","category-movilidad-urbana","tag-crisis-climatica","tag-dano-ambiental","tag-e-cars","tag-electricidad","tag-sequia","tag-tecnologia"],"yoast_head":"<!-- This site is optimized with the Yoast SEO plugin v23.9 - https:\/\/yoast.com\/wordpress\/plugins\/seo\/ -->\n<title>La opci\u00f3n de los E-cars, retos y sombras en un planeta que requiere energ\u00eda limpia y permanente - Biciurba<\/title>\n<meta name=\"robots\" content=\"index, follow, max-snippet:-1, max-image-preview:large, max-video-preview:-1\" \/>\n<link rel=\"canonical\" href=\"https:\/\/biciurba.com\/index.php\/2024\/09\/21\/la-opcion-de-los-e-cars-retos-y-sombras-en-un-planeta-que-requiere-energia-limpia-y-permanente\/\" \/>\n<meta property=\"og:locale\" content=\"es_ES\" \/>\n<meta property=\"og:type\" content=\"article\" \/>\n<meta property=\"og:title\" content=\"La opci\u00f3n de los E-cars, retos y sombras en un planeta que requiere energ\u00eda limpia y permanente - Biciurba\" \/>\n<meta property=\"og:description\" content=\"En estos meses de intenso calor, sequ\u00edas y en general de crisis clim\u00e1tica, cabe preguntarse si est\u00e1n dadas las condiciones para que la movilidad el\u00e9ctrica pueda en realidad extenderse y masificarse en el planeta. Esta alternativa se ha presentado como la soluci\u00f3n clave en la lucha contra el cambio clim\u00e1tico, ofreciendo una opci\u00f3n m\u00e1s limpia [&hellip;]\" \/>\n<meta property=\"og:url\" content=\"https:\/\/biciurba.com\/index.php\/2024\/09\/21\/la-opcion-de-los-e-cars-retos-y-sombras-en-un-planeta-que-requiere-energia-limpia-y-permanente\/\" \/>\n<meta property=\"og:site_name\" content=\"Biciurba\" \/>\n<meta property=\"article:published_time\" content=\"2024-09-21T15:20:35+00:00\" \/>\n<meta property=\"article:modified_time\" content=\"2024-09-21T15:24:21+00:00\" \/>\n<meta property=\"og:image\" content=\"https:\/\/biciurba.com\/wp-content\/uploads\/2024\/09\/ecars.png\" \/>\n\t<meta property=\"og:image:width\" content=\"600\" \/>\n\t<meta property=\"og:image:height\" content=\"400\" \/>\n\t<meta property=\"og:image:type\" content=\"image\/png\" \/>\n<meta name=\"author\" content=\"Carlos Cantor\" \/>\n<meta name=\"twitter:card\" content=\"summary_large_image\" \/>\n<meta name=\"twitter:label1\" content=\"Escrito por\" \/>\n\t<meta name=\"twitter:data1\" content=\"Carlos Cantor\" \/>\n\t<meta name=\"twitter:label2\" content=\"Tiempo de lectura\" \/>\n\t<meta name=\"twitter:data2\" content=\"5 minutos\" \/>\n<script type=\"application\/ld+json\" class=\"yoast-schema-graph\">{\"@context\":\"https:\/\/schema.org\",\"@graph\":[{\"@type\":\"Article\",\"@id\":\"https:\/\/biciurba.com\/index.php\/2024\/09\/21\/la-opcion-de-los-e-cars-retos-y-sombras-en-un-planeta-que-requiere-energia-limpia-y-permanente\/#article\",\"isPartOf\":{\"@id\":\"https:\/\/biciurba.com\/index.php\/2024\/09\/21\/la-opcion-de-los-e-cars-retos-y-sombras-en-un-planeta-que-requiere-energia-limpia-y-permanente\/\"},\"author\":{\"name\":\"Carlos Cantor\",\"@id\":\"https:\/\/biciurba.com\/#\/schema\/person\/d9675ddf29ee982d268db0a3f239eced\"},\"headline\":\"La opci\u00f3n de los E-cars, retos y sombras en un planeta que requiere energ\u00eda limpia y permanente\",\"datePublished\":\"2024-09-21T15:20:35+00:00\",\"dateModified\":\"2024-09-21T15:24:21+00:00\",\"mainEntityOfPage\":{\"@id\":\"https:\/\/biciurba.com\/index.php\/2024\/09\/21\/la-opcion-de-los-e-cars-retos-y-sombras-en-un-planeta-que-requiere-energia-limpia-y-permanente\/\"},\"wordCount\":1143,\"commentCount\":0,\"publisher\":{\"@id\":\"https:\/\/biciurba.com\/#\/schema\/person\/d9675ddf29ee982d268db0a3f239eced\"},\"image\":{\"@id\":\"https:\/\/biciurba.com\/index.php\/2024\/09\/21\/la-opcion-de-los-e-cars-retos-y-sombras-en-un-planeta-que-requiere-energia-limpia-y-permanente\/#primaryimage\"},\"thumbnailUrl\":\"https:\/\/biciurba.com\/wp-content\/uploads\/2024\/09\/ecars.png\",\"keywords\":[\"Crisis clim\u00e1tica\",\"Da\u00f1o ambiental\",\"E-cars\",\"electricidad\",\"sequ\u00eda\",\"Tecnolog\u00eda\"],\"articleSection\":[\"Eco-movilidad\"],\"inLanguage\":\"es\",\"potentialAction\":[{\"@type\":\"CommentAction\",\"name\":\"Comment\",\"target\":[\"https:\/\/biciurba.com\/index.php\/2024\/09\/21\/la-opcion-de-los-e-cars-retos-y-sombras-en-un-planeta-que-requiere-energia-limpia-y-permanente\/#respond\"]}]},{\"@type\":\"WebPage\",\"@id\":\"https:\/\/biciurba.com\/index.php\/2024\/09\/21\/la-opcion-de-los-e-cars-retos-y-sombras-en-un-planeta-que-requiere-energia-limpia-y-permanente\/\",\"url\":\"https:\/\/biciurba.com\/index.php\/2024\/09\/21\/la-opcion-de-los-e-cars-retos-y-sombras-en-un-planeta-que-requiere-energia-limpia-y-permanente\/\",\"name\":\"La opci\u00f3n de los E-cars, retos y sombras en un planeta que requiere energ\u00eda limpia y permanente - Biciurba\",\"isPartOf\":{\"@id\":\"https:\/\/biciurba.com\/#website\"},\"primaryImageOfPage\":{\"@id\":\"https:\/\/biciurba.com\/index.php\/2024\/09\/21\/la-opcion-de-los-e-cars-retos-y-sombras-en-un-planeta-que-requiere-energia-limpia-y-permanente\/#primaryimage\"},\"image\":{\"@id\":\"https:\/\/biciurba.com\/index.php\/2024\/09\/21\/la-opcion-de-los-e-cars-retos-y-sombras-en-un-planeta-que-requiere-energia-limpia-y-permanente\/#primaryimage\"},\"thumbnailUrl\":\"https:\/\/biciurba.com\/wp-content\/uploads\/2024\/09\/ecars.png\",\"datePublished\":\"2024-09-21T15:20:35+00:00\",\"dateModified\":\"2024-09-21T15:24:21+00:00\",\"breadcrumb\":{\"@id\":\"https:\/\/biciurba.com\/index.php\/2024\/09\/21\/la-opcion-de-los-e-cars-retos-y-sombras-en-un-planeta-que-requiere-energia-limpia-y-permanente\/#breadcrumb\"},\"inLanguage\":\"es\",\"potentialAction\":[{\"@type\":\"ReadAction\",\"target\":[\"https:\/\/biciurba.com\/index.php\/2024\/09\/21\/la-opcion-de-los-e-cars-retos-y-sombras-en-un-planeta-que-requiere-energia-limpia-y-permanente\/\"]}]},{\"@type\":\"ImageObject\",\"inLanguage\":\"es\",\"@id\":\"https:\/\/biciurba.com\/index.php\/2024\/09\/21\/la-opcion-de-los-e-cars-retos-y-sombras-en-un-planeta-que-requiere-energia-limpia-y-permanente\/#primaryimage\",\"url\":\"https:\/\/biciurba.com\/wp-content\/uploads\/2024\/09\/ecars.png\",\"contentUrl\":\"https:\/\/biciurba.com\/wp-content\/uploads\/2024\/09\/ecars.png\",\"width\":600,\"height\":400,\"caption\":\"Una industria que crece en China, mientras que los productores tradicionales de occidente la est\u00e1n pasando mal, llegaron tarde.\"},{\"@type\":\"BreadcrumbList\",\"@id\":\"https:\/\/biciurba.com\/index.php\/2024\/09\/21\/la-opcion-de-los-e-cars-retos-y-sombras-en-un-planeta-que-requiere-energia-limpia-y-permanente\/#breadcrumb\",\"itemListElement\":[{\"@type\":\"ListItem\",\"position\":1,\"name\":\"Portada\",\"item\":\"https:\/\/biciurba.com\/\"},{\"@type\":\"ListItem\",\"position\":2,\"name\":\"La opci\u00f3n de los E-cars, retos y sombras en un planeta que requiere energ\u00eda limpia y permanente\"}]},{\"@type\":\"WebSite\",\"@id\":\"https:\/\/biciurba.com\/#website\",\"url\":\"https:\/\/biciurba.com\/\",\"name\":\"Biciurba\",\"description\":\"Una mejor manera de vivir\",\"publisher\":{\"@id\":\"https:\/\/biciurba.com\/#\/schema\/person\/d9675ddf29ee982d268db0a3f239eced\"},\"potentialAction\":[{\"@type\":\"SearchAction\",\"target\":{\"@type\":\"EntryPoint\",\"urlTemplate\":\"https:\/\/biciurba.com\/?s={search_term_string}\"},\"query-input\":{\"@type\":\"PropertyValueSpecification\",\"valueRequired\":true,\"valueName\":\"search_term_string\"}}],\"inLanguage\":\"es\"},{\"@type\":[\"Person\",\"Organization\"],\"@id\":\"https:\/\/biciurba.com\/#\/schema\/person\/d9675ddf29ee982d268db0a3f239eced\",\"name\":\"Carlos Cantor\",\"image\":{\"@type\":\"ImageObject\",\"inLanguage\":\"es\",\"@id\":\"https:\/\/biciurba.com\/#\/schema\/person\/image\/\",\"url\":\"https:\/\/biciurba.com\/wp-content\/uploads\/2024\/04\/cropped-logo-1.png\",\"contentUrl\":\"https:\/\/biciurba.com\/wp-content\/uploads\/2024\/04\/cropped-logo-1.png\",\"width\":512,\"height\":318,\"caption\":\"Carlos Cantor\"},\"logo\":{\"@id\":\"https:\/\/biciurba.com\/#\/schema\/person\/image\/\"},\"sameAs\":[\"https:\/\/biciurba.com\"],\"url\":\"https:\/\/biciurba.com\/index.php\/author\/ccantor\/\"}]}<\/script>\n<!-- \/ Yoast SEO plugin. -->","yoast_head_json":{"title":"La opci\u00f3n de los E-cars, retos y sombras en un planeta que requiere energ\u00eda limpia y permanente - Biciurba","robots":{"index":"index","follow":"follow","max-snippet":"max-snippet:-1","max-image-preview":"max-image-preview:large","max-video-preview":"max-video-preview:-1"},"canonical":"https:\/\/biciurba.com\/index.php\/2024\/09\/21\/la-opcion-de-los-e-cars-retos-y-sombras-en-un-planeta-que-requiere-energia-limpia-y-permanente\/","og_locale":"es_ES","og_type":"article","og_title":"La opci\u00f3n de los E-cars, retos y sombras en un planeta que requiere energ\u00eda limpia y permanente - Biciurba","og_description":"En estos meses de intenso calor, sequ\u00edas y en general de crisis clim\u00e1tica, cabe preguntarse si est\u00e1n dadas las condiciones para que la movilidad el\u00e9ctrica pueda en realidad extenderse y masificarse en el planeta. Esta alternativa se ha presentado como la soluci\u00f3n clave en la lucha contra el cambio clim\u00e1tico, ofreciendo una opci\u00f3n m\u00e1s limpia [&hellip;]","og_url":"https:\/\/biciurba.com\/index.php\/2024\/09\/21\/la-opcion-de-los-e-cars-retos-y-sombras-en-un-planeta-que-requiere-energia-limpia-y-permanente\/","og_site_name":"Biciurba","article_published_time":"2024-09-21T15:20:35+00:00","article_modified_time":"2024-09-21T15:24:21+00:00","og_image":[{"width":600,"height":400,"url":"https:\/\/biciurba.com\/wp-content\/uploads\/2024\/09\/ecars.png","type":"image\/png"}],"author":"Carlos Cantor","twitter_card":"summary_large_image","twitter_misc":{"Escrito por":"Carlos Cantor","Tiempo de lectura":"5 minutos"},"schema":{"@context":"https:\/\/schema.org","@graph":[{"@type":"Article","@id":"https:\/\/biciurba.com\/index.php\/2024\/09\/21\/la-opcion-de-los-e-cars-retos-y-sombras-en-un-planeta-que-requiere-energia-limpia-y-permanente\/#article","isPartOf":{"@id":"https:\/\/biciurba.com\/index.php\/2024\/09\/21\/la-opcion-de-los-e-cars-retos-y-sombras-en-un-planeta-que-requiere-energia-limpia-y-permanente\/"},"author":{"name":"Carlos Cantor","@id":"https:\/\/biciurba.com\/#\/schema\/person\/d9675ddf29ee982d268db0a3f239eced"},"headline":"La opci\u00f3n de los E-cars, retos y sombras en un planeta que requiere energ\u00eda limpia y permanente","datePublished":"2024-09-21T15:20:35+00:00","dateModified":"2024-09-21T15:24:21+00:00","mainEntityOfPage":{"@id":"https:\/\/biciurba.com\/index.php\/2024\/09\/21\/la-opcion-de-los-e-cars-retos-y-sombras-en-un-planeta-que-requiere-energia-limpia-y-permanente\/"},"wordCount":1143,"commentCount":0,"publisher":{"@id":"https:\/\/biciurba.com\/#\/schema\/person\/d9675ddf29ee982d268db0a3f239eced"},"image":{"@id":"https:\/\/biciurba.com\/index.php\/2024\/09\/21\/la-opcion-de-los-e-cars-retos-y-sombras-en-un-planeta-que-requiere-energia-limpia-y-permanente\/#primaryimage"},"thumbnailUrl":"https:\/\/biciurba.com\/wp-content\/uploads\/2024\/09\/ecars.png","keywords":["Crisis clim\u00e1tica","Da\u00f1o ambiental","E-cars","electricidad","sequ\u00eda","Tecnolog\u00eda"],"articleSection":["Eco-movilidad"],"inLanguage":"es","potentialAction":[{"@type":"CommentAction","name":"Comment","target":["https:\/\/biciurba.com\/index.php\/2024\/09\/21\/la-opcion-de-los-e-cars-retos-y-sombras-en-un-planeta-que-requiere-energia-limpia-y-permanente\/#respond"]}]},{"@type":"WebPage","@id":"https:\/\/biciurba.com\/index.php\/2024\/09\/21\/la-opcion-de-los-e-cars-retos-y-sombras-en-un-planeta-que-requiere-energia-limpia-y-permanente\/","url":"https:\/\/biciurba.com\/index.php\/2024\/09\/21\/la-opcion-de-los-e-cars-retos-y-sombras-en-un-planeta-que-requiere-energia-limpia-y-permanente\/","name":"La opci\u00f3n de los E-cars, retos y sombras en un planeta que requiere energ\u00eda limpia y permanente - Biciurba","isPartOf":{"@id":"https:\/\/biciurba.com\/#website"},"primaryImageOfPage":{"@id":"https:\/\/biciurba.com\/index.php\/2024\/09\/21\/la-opcion-de-los-e-cars-retos-y-sombras-en-un-planeta-que-requiere-energia-limpia-y-permanente\/#primaryimage"},"image":{"@id":"https:\/\/biciurba.com\/index.php\/2024\/09\/21\/la-opcion-de-los-e-cars-retos-y-sombras-en-un-planeta-que-requiere-energia-limpia-y-permanente\/#primaryimage"},"thumbnailUrl":"https:\/\/biciurba.com\/wp-content\/uploads\/2024\/09\/ecars.png","datePublished":"2024-09-21T15:20:35+00:00","dateModified":"2024-09-21T15:24:21+00:00","breadcrumb":{"@id":"https:\/\/biciurba.com\/index.php\/2024\/09\/21\/la-opcion-de-los-e-cars-retos-y-sombras-en-un-planeta-que-requiere-energia-limpia-y-permanente\/#breadcrumb"},"inLanguage":"es","potentialAction":[{"@type":"ReadAction","target":["https:\/\/biciurba.com\/index.php\/2024\/09\/21\/la-opcion-de-los-e-cars-retos-y-sombras-en-un-planeta-que-requiere-energia-limpia-y-permanente\/"]}]},{"@type":"ImageObject","inLanguage":"es","@id":"https:\/\/biciurba.com\/index.php\/2024\/09\/21\/la-opcion-de-los-e-cars-retos-y-sombras-en-un-planeta-que-requiere-energia-limpia-y-permanente\/#primaryimage","url":"https:\/\/biciurba.com\/wp-content\/uploads\/2024\/09\/ecars.png","contentUrl":"https:\/\/biciurba.com\/wp-content\/uploads\/2024\/09\/ecars.png","width":600,"height":400,"caption":"Una industria que crece en China, mientras que los productores tradicionales de occidente la est\u00e1n pasando mal, llegaron tarde."},{"@type":"BreadcrumbList","@id":"https:\/\/biciurba.com\/index.php\/2024\/09\/21\/la-opcion-de-los-e-cars-retos-y-sombras-en-un-planeta-que-requiere-energia-limpia-y-permanente\/#breadcrumb","itemListElement":[{"@type":"ListItem","position":1,"name":"Portada","item":"https:\/\/biciurba.com\/"},{"@type":"ListItem","position":2,"name":"La opci\u00f3n de los E-cars, retos y sombras en un planeta que requiere energ\u00eda limpia y permanente"}]},{"@type":"WebSite","@id":"https:\/\/biciurba.com\/#website","url":"https:\/\/biciurba.com\/","name":"Biciurba","description":"Una mejor manera de vivir","publisher":{"@id":"https:\/\/biciurba.com\/#\/schema\/person\/d9675ddf29ee982d268db0a3f239eced"},"potentialAction":[{"@type":"SearchAction","target":{"@type":"EntryPoint","urlTemplate":"https:\/\/biciurba.com\/?s={search_term_string}"},"query-input":{"@type":"PropertyValueSpecification","valueRequired":true,"valueName":"search_term_string"}}],"inLanguage":"es"},{"@type":["Person","Organization"],"@id":"https:\/\/biciurba.com\/#\/schema\/person\/d9675ddf29ee982d268db0a3f239eced","name":"Carlos Cantor","image":{"@type":"ImageObject","inLanguage":"es","@id":"https:\/\/biciurba.com\/#\/schema\/person\/image\/","url":"https:\/\/biciurba.com\/wp-content\/uploads\/2024\/04\/cropped-logo-1.png","contentUrl":"https:\/\/biciurba.com\/wp-content\/uploads\/2024\/04\/cropped-logo-1.png","width":512,"height":318,"caption":"Carlos Cantor"},"logo":{"@id":"https:\/\/biciurba.com\/#\/schema\/person\/image\/"},"sameAs":["https:\/\/biciurba.com"],"url":"https:\/\/biciurba.com\/index.php\/author\/ccantor\/"}]}},"_links":{"self":[{"href":"https:\/\/biciurba.com\/index.php\/wp-json\/wp\/v2\/posts\/1138"}],"collection":[{"href":"https:\/\/biciurba.com\/index.php\/wp-json\/wp\/v2\/posts"}],"about":[{"href":"https:\/\/biciurba.com\/index.php\/wp-json\/wp\/v2\/types\/post"}],"author":[{"embeddable":true,"href":"https:\/\/biciurba.com\/index.php\/wp-json\/wp\/v2\/users\/1"}],"replies":[{"embeddable":true,"href":"https:\/\/biciurba.com\/index.php\/wp-json\/wp\/v2\/comments?post=1138"}],"version-history":[{"count":2,"href":"https:\/\/biciurba.com\/index.php\/wp-json\/wp\/v2\/posts\/1138\/revisions"}],"predecessor-version":[{"id":1143,"href":"https:\/\/biciurba.com\/index.php\/wp-json\/wp\/v2\/posts\/1138\/revisions\/1143"}],"wp:featuredmedia":[{"embeddable":true,"href":"https:\/\/biciurba.com\/index.php\/wp-json\/wp\/v2\/media\/1139"}],"wp:attachment":[{"href":"https:\/\/biciurba.com\/index.php\/wp-json\/wp\/v2\/media?parent=1138"}],"wp:term":[{"taxonomy":"category","embeddable":true,"href":"https:\/\/biciurba.com\/index.php\/wp-json\/wp\/v2\/categories?post=1138"},{"taxonomy":"post_tag","embeddable":true,"href":"https:\/\/biciurba.com\/index.php\/wp-json\/wp\/v2\/tags?post=1138"}],"curies":[{"name":"wp","href":"https:\/\/api.w.org\/{rel}","templated":true}]}}