{"id":1147,"date":"2024-09-24T11:09:15","date_gmt":"2024-09-24T16:09:15","guid":{"rendered":"https:\/\/biciurba.com\/?p=1147"},"modified":"2024-09-24T11:09:17","modified_gmt":"2024-09-24T16:09:17","slug":"un-sueno-economico-que-no-deja-nada-bueno-para-suramerica-y-el-mundo","status":"publish","type":"post","link":"https:\/\/biciurba.com\/index.php\/2024\/09\/24\/un-sueno-economico-que-no-deja-nada-bueno-para-suramerica-y-el-mundo\/","title":{"rendered":"Un sue\u00f1o econ\u00f3mico que no deja nada bueno para Suram\u00e9rica y el mundo"},"content":{"rendered":"\n<p>El desastre natural que enfrenta la Amazon\u00eda no solo afecta a Brasil, sino que repercute en todo el sistema clim\u00e1tico de Am\u00e9rica del Sur, particularmente en la Cordillera de Los Andes y los pa\u00edses que dependen de su estabilidad clim\u00e1tica. Conocida como el \u00abpulm\u00f3n del planeta\u00bb, desempe\u00f1a un papel crucial en el ciclo del agua y la regulaci\u00f3n clim\u00e1tica, su degradaci\u00f3n tiene consecuencias dram\u00e1ticas que comenzamos a experimentar.<\/p>\n\n\n\n<p>La Amazon\u00eda, que abarca m\u00e1s de 5,5 millones de kil\u00f3metros cuadrados, es un vasto sistema de bosques tropicales que genera alrededor del 20% del ox\u00edgeno del planeta. Sin embargo, su contribuci\u00f3n m\u00e1s importante es la capacidad de generar y distribuir vapor de agua, lo que mantiene el equilibrio clim\u00e1tico en la regi\u00f3n y m\u00e1s all\u00e1. A trav\u00e9s de un proceso conocido como \u00abr\u00edos voladores\u00bb, la selva libera grandes cantidades de vapor de agua en la atm\u00f3sfera que viaja hacia el oeste, impactando el r\u00e9gimen de lluvias en toda Suram\u00e9rica.<\/p>\n\n\n\n<p>Seg\u00fan estudios del Instituto Nacional de Pesquisas Espaciales (INPE) de Brasil, la deforestaci\u00f3n ha reducido la capacidad de la Amazon\u00eda para funcionar como un regulador h\u00eddrico, lo que amenaza con intensificar las sequ\u00edas en el continente. En particular, los cient\u00edficos alertan que la p\u00e9rdida de la cobertura forestal interrumpe el ciclo hidrol\u00f3gico que alimenta a la Cordillera de Los Andes, lo que provoca una menor cantidad de lluvias en regiones clave como los altiplanos de Bolivia, la selva peruana, los andinos de Ecuador, Colombia y Venezuela, los sistemas de glaciares y nieves de Argentina y Chile.<\/p>\n\n\n\n<p>El ciclo del agua en la Amazon\u00eda y los Andes est\u00e1 intr\u00ednsecamente vinculado. Las masas de aire cargadas de humedad que se forman en la cuenca viajan hasta las alturas de Los Andes, donde descargan su humedad en forma de lluvias y nieve. Este proceso es vital para alimentar r\u00edos y sostener los glaciares andinos, que a su vez proporciona agua a millones de personas. La Fundaci\u00f3n MapBiomas ha estimado el sistema genera hasta 9 billones de toneladas de agua al a\u00f1o, vitales para el continente.<\/p>\n\n\n\n<p>Investigaciones de la Universidad de California en Santa Cruz destacan que, con la disminuci\u00f3n de los \u00abr\u00edos voladores\u00bb, las proyecciones de sequ\u00edas en regiones como la cuenca del Titicaca y los valles del sur de Per\u00fa son cada vez m\u00e1s alarmantes. La Organizaci\u00f3n Meteorol\u00f3gica Mundial (OMM) advierte que esta tendencia podr\u00eda conducir a una reducci\u00f3n del 30% en la disponibilidad de agua en los Andes para 2050 si la deforestaci\u00f3n contin\u00faa a este ritmo, que se acent\u00faa por los incendios forestales. Esta realidad contribuye a la desaparici\u00f3n acelerada de glaciares como el Pastoruri en Per\u00fa y el Tuni Condoriri en Bolivia, que son fuentes esenciales de agua para las poblaciones locales.<\/p>\n\n\n\n<p>El da\u00f1o tambi\u00e9n afecta a los pobladores ind\u00edgenas que seg\u00fan datos del Instituto Socioambiental (ISA) de Brasil, m\u00e1s de 200  comunidades dependen  directamente de los recursos de la selva para su subsistencia. La deforestaci\u00f3n y los incendios afectan directamente la calidad del aire, el acceso a alimentos y la salud de estas comunidades. Adem\u00e1s, la degradaci\u00f3n del suelo y las alteraciones del r\u00e9gimen de lluvias est\u00e1n dificultando la agricultura local, lo que lleva a una mayor vulnerabilidad.<\/p>\n\n\n\n<p>Pero el desastre es mayor cuando se considera la biodiversidad afectada. Seg\u00fan un estudio de la Universidad de Sao Paulo, las especies vegetales y animales que dependen de los microclimas estables de la Amazon\u00eda est\u00e1n en riesgo de extinci\u00f3n. Entre 2019 y 2023, se estima que m\u00e1s de 2 millones de hect\u00e1reas han sido afectadas por incendios y deforestaci\u00f3n, lo que ha causado una p\u00e9rdida masiva de h\u00e1bitats. La destrucci\u00f3n de la Amazon\u00eda pone en peligro a especies emblem\u00e1ticas como el jaguar, el \u00e1guila arp\u00eda y una vasta cantidad de plantas end\u00e9micas que juegan un papel vital en el ecosistema.<\/p>\n\n\n\n<p>El impacto en la agricultura tambi\u00e9n es una preocupaci\u00f3n central. En pa\u00edses como Ecuador y Bolivia, las comunidades rurales que dependen del agua de los glaciares para sus cultivos ya est\u00e1n experimentando dificultades. Un informe del Banco Mundial estima que la disminuci\u00f3n de las precipitaciones y la reducci\u00f3n de los glaciares podr\u00eda llevar a p\u00e9rdidas agr\u00edcolas de hasta el 50% en ciertas regiones andinas para 2030, lo que afectar\u00eda tanto la seguridad alimentaria como los medios de vida de miles de personas.<\/p>\n\n\n\n<p>Desde el punto de vista econ\u00f3mico, esta destrucci\u00f3n tiene implicaciones devastadoras, particularmente para las econom\u00edas agr\u00edcolas que dependen de un clima estable y la disponibilidad de agua. La agricultura y la ganader\u00eda son las principales actividades en las \u00e1reas circundantes de la Amazon\u00eda que busca extender la frontera agr\u00edcola con consecuencias a\u00fan no medidas totalmente, pero que se estima ocasionar\u00e1 la ruina econ\u00f3mica del gigante de Suram\u00e9rica. Seg\u00fan datos de la Organizaci\u00f3n de las Naciones Unidas para la Alimentaci\u00f3n y la Agricultura (FAO), las sequ\u00edas severas pueden reducir el rendimiento agr\u00edcola en un 40%, afectando cultivos esenciales como el ma\u00edz, la soja y el caf\u00e9, todos ellos productos clave para las exportaciones de Brasil y otros pa\u00edses de continente.<\/p>\n\n\n\n<p>Al romper el ciclo natural del agua  con la deforestaci\u00f3n, se provoca una reducci\u00f3n significativa en la fertilidad del suelo. Las tierras robadas a la selva presentan un desaf\u00edo de sostenibilidad a largo plazo. Si bien la conversi\u00f3n de bosques en \u00e1reas agr\u00edcolas puede parecer lucrativa en el corto plazo, los suelos amaz\u00f3nicos, en su mayor\u00eda, son fr\u00e1giles y de baja calidad para la agricultura intensiva. Sin la cubierta forestal, estas tierras pierden r\u00e1pidamente su capacidad de retener nutrientes y agua, lo que las convierte en suelos inf\u00e9rtiles despu\u00e9s de pocos a\u00f1os de trabajo. Y lo que fuera un vasto verde, ser\u00e1 un nuevo desierto en el planeta.<\/p>\n\n\n\n<p>La inversi\u00f3n en t\u00e9cnicas agron\u00f3micas para mejorar estos suelos, como el uso de fertilizantes, sistemas de riego y la rotaci\u00f3n de cultivos, es costosa y no garantiza rentas perdurables. Los estudios del Instituto de Investigaci\u00f3n Econ\u00f3mica Aplicada (IPEA) han demostrado que las tierras deforestadas tienen una vida \u00fatil agr\u00edcola de solo 10 a 15 a\u00f1os antes de volverse improductivas, lo que lleva a una mayor presi\u00f3n para deforestar a\u00fan m\u00e1s, creando un c\u00edrculo vicioso de degradaci\u00f3n ambiental y empobrecimiento general del pa\u00eds y de Suram\u00e9rica.<\/p>\n\n\n\n<p>La desaparici\u00f3n de r\u00edos y cuerpos de agua por la destrucci\u00f3n est\u00e1 afectando gravemente las rutas comerciales donde las comunidades rurales dependen del transporte fluvial para llevar sus productos al mercado. Seg\u00fan un estudio de la Universidad Federal de Minas Gerais, el transporte fluvial en la cuenca amaz\u00f3nica mueve alrededor del 60% del comercio agr\u00edcola de la regi\u00f3n. La p\u00e9rdida de estos r\u00edos implica mayores costos de transporte por v\u00eda terrestre, lo que a su vez reduce la competitividad de los productos agr\u00edcolas en los mercados nacionales e internacionales.<\/p>\n\n\n\n<p>A largo plazo, la continua p\u00e9rdida de este ecosistema cr\u00edtico afectar\u00e1 gravemente la capacidad de Brasil y los pa\u00edses andinos para mantener su producci\u00f3n agr\u00edcola, poniendo en riesgo la seguridad alimentaria de millones de personas y afectando directamente sus econom\u00edas. La presidencia de Luiz In\u00e1cio Lula da Silva, ha mostrado un renovado compromiso para reducir la deforestaci\u00f3n, revirtiendo muchas de las pol\u00edticas laxas implementadas por su predecesor, Jair Bolsonaro. Seg\u00fan el Ministerio de Medio Ambiente de Brasil, en el primer semestre de 2024, la deforestaci\u00f3n en la Amazonia se redujo en un 33%, en comparaci\u00f3n con el mismo per\u00edodo del a\u00f1o anterior.<\/p>\n\n\n\n<p>Adem\u00e1s, iniciativas internacionales como el Acuerdo de Par\u00eds y el Pacto Leticia, firmado por pa\u00edses amaz\u00f3nicos, buscan coordinar esfuerzos para preservar el bosque tropical m\u00e1s grande del mundo. Sin embargo, los expertos se\u00f1alan que sin un cambio significativo en las pol\u00edticas econ\u00f3micas que impulsan la deforestaci\u00f3n \u2014como la expansi\u00f3n agr\u00edcola, la miner\u00eda ilegal y la tala\u2014 estos esfuerzos podr\u00edan ser insuficientes para detener la degradaci\u00f3n de la Amazonia y proteger su papel crucial en todos los ecosistemas de Suram\u00e9rica. Y hay que recordar que volver a tener estos bosques implican d\u00e9cadas y no surgen de un momento a otro. <\/p>\n\n\n\n<p>El da\u00f1o est\u00e1 causado y remediarlo es complejo, costoso y no hay garant\u00edas que se logre por las presiones econ\u00f3micas ciegas que no entienden el problema que afecta de forma directa a Suram\u00e9rica, al planeta acelerando la crisis clim\u00e1tica ahora y en los a\u00f1os por venir.<\/p>\n","protected":false},"excerpt":{"rendered":"<p>El desastre natural que enfrenta la Amazon\u00eda no solo afecta a Brasil, sino que repercute en todo el sistema clim\u00e1tico de Am\u00e9rica del Sur, particularmente en la Cordillera de Los Andes y los pa\u00edses que dependen de su estabilidad clim\u00e1tica. Conocida como el \u00abpulm\u00f3n del planeta\u00bb, desempe\u00f1a un papel crucial en el ciclo del agua [&hellip;]<\/p>\n","protected":false},"author":1,"featured_media":1148,"comment_status":"open","ping_status":"open","sticky":false,"template":"","format":"standard","meta":{"footnotes":""},"categories":[95],"tags":[441,82,19,60,457,456,122],"class_list":["post-1147","post","type-post","status-publish","format-standard","has-post-thumbnail","hentry","category-crisis-climatica","tag-amazonia","tag-antropoceno","tag-crisis-climatica","tag-dano-ambiental","tag-deforestacion","tag-los-andes","tag-sequia"],"yoast_head":"<!-- This site is optimized with the Yoast SEO plugin v23.9 - https:\/\/yoast.com\/wordpress\/plugins\/seo\/ -->\n<title>Un sue\u00f1o econ\u00f3mico que no deja nada bueno para Suram\u00e9rica y el mundo - Biciurba<\/title>\n<meta name=\"description\" content=\"La destrucci\u00f3n de la Amazon\u00eda la enfrentan los pa\u00edses suramericanos con sequ\u00edas y veranos de altas temperaturas\" \/>\n<meta name=\"robots\" content=\"index, follow, max-snippet:-1, max-image-preview:large, max-video-preview:-1\" \/>\n<link rel=\"canonical\" href=\"https:\/\/biciurba.com\/index.php\/2024\/09\/24\/un-sueno-economico-que-no-deja-nada-bueno-para-suramerica-y-el-mundo\/\" \/>\n<meta property=\"og:locale\" content=\"es_ES\" \/>\n<meta property=\"og:type\" content=\"article\" \/>\n<meta property=\"og:title\" content=\"Un sue\u00f1o econ\u00f3mico que no deja nada bueno para Suram\u00e9rica y el mundo - Biciurba\" \/>\n<meta property=\"og:description\" content=\"La destrucci\u00f3n de la Amazon\u00eda la enfrentan los pa\u00edses suramericanos con sequ\u00edas y veranos de altas temperaturas\" \/>\n<meta property=\"og:url\" content=\"https:\/\/biciurba.com\/index.php\/2024\/09\/24\/un-sueno-economico-que-no-deja-nada-bueno-para-suramerica-y-el-mundo\/\" \/>\n<meta property=\"og:site_name\" content=\"Biciurba\" \/>\n<meta property=\"article:published_time\" content=\"2024-09-24T16:09:15+00:00\" \/>\n<meta property=\"article:modified_time\" content=\"2024-09-24T16:09:17+00:00\" \/>\n<meta property=\"og:image\" content=\"https:\/\/biciurba.com\/wp-content\/uploads\/2024\/09\/brasil-incendiado.png\" \/>\n\t<meta property=\"og:image:width\" content=\"606\" \/>\n\t<meta property=\"og:image:height\" content=\"404\" \/>\n\t<meta property=\"og:image:type\" content=\"image\/png\" \/>\n<meta name=\"author\" content=\"Carlos Cantor\" \/>\n<meta name=\"twitter:card\" content=\"summary_large_image\" \/>\n<meta name=\"twitter:label1\" content=\"Escrito por\" \/>\n\t<meta name=\"twitter:data1\" content=\"Carlos Cantor\" \/>\n\t<meta name=\"twitter:label2\" content=\"Tiempo de lectura\" \/>\n\t<meta name=\"twitter:data2\" content=\"7 minutos\" \/>\n<script type=\"application\/ld+json\" class=\"yoast-schema-graph\">{\"@context\":\"https:\/\/schema.org\",\"@graph\":[{\"@type\":\"Article\",\"@id\":\"https:\/\/biciurba.com\/index.php\/2024\/09\/24\/un-sueno-economico-que-no-deja-nada-bueno-para-suramerica-y-el-mundo\/#article\",\"isPartOf\":{\"@id\":\"https:\/\/biciurba.com\/index.php\/2024\/09\/24\/un-sueno-economico-que-no-deja-nada-bueno-para-suramerica-y-el-mundo\/\"},\"author\":{\"name\":\"Carlos Cantor\",\"@id\":\"https:\/\/biciurba.com\/#\/schema\/person\/d9675ddf29ee982d268db0a3f239eced\"},\"headline\":\"Un sue\u00f1o econ\u00f3mico que no deja nada bueno para Suram\u00e9rica y el mundo\",\"datePublished\":\"2024-09-24T16:09:15+00:00\",\"dateModified\":\"2024-09-24T16:09:17+00:00\",\"mainEntityOfPage\":{\"@id\":\"https:\/\/biciurba.com\/index.php\/2024\/09\/24\/un-sueno-economico-que-no-deja-nada-bueno-para-suramerica-y-el-mundo\/\"},\"wordCount\":1531,\"commentCount\":0,\"publisher\":{\"@id\":\"https:\/\/biciurba.com\/#\/schema\/person\/d9675ddf29ee982d268db0a3f239eced\"},\"image\":{\"@id\":\"https:\/\/biciurba.com\/index.php\/2024\/09\/24\/un-sueno-economico-que-no-deja-nada-bueno-para-suramerica-y-el-mundo\/#primaryimage\"},\"thumbnailUrl\":\"https:\/\/biciurba.com\/wp-content\/uploads\/2024\/09\/brasil-incendiado.png\",\"keywords\":[\"Amazon\u00eda\",\"Antropoceno\",\"Crisis clim\u00e1tica\",\"Da\u00f1o ambiental\",\"Deforestaci\u00f3n\",\"Los Andes\",\"sequ\u00eda\"],\"articleSection\":[\"Crisis clim\u00e1tica\"],\"inLanguage\":\"es\",\"potentialAction\":[{\"@type\":\"CommentAction\",\"name\":\"Comment\",\"target\":[\"https:\/\/biciurba.com\/index.php\/2024\/09\/24\/un-sueno-economico-que-no-deja-nada-bueno-para-suramerica-y-el-mundo\/#respond\"]}]},{\"@type\":\"WebPage\",\"@id\":\"https:\/\/biciurba.com\/index.php\/2024\/09\/24\/un-sueno-economico-que-no-deja-nada-bueno-para-suramerica-y-el-mundo\/\",\"url\":\"https:\/\/biciurba.com\/index.php\/2024\/09\/24\/un-sueno-economico-que-no-deja-nada-bueno-para-suramerica-y-el-mundo\/\",\"name\":\"Un sue\u00f1o econ\u00f3mico que no deja nada bueno para Suram\u00e9rica y el mundo - Biciurba\",\"isPartOf\":{\"@id\":\"https:\/\/biciurba.com\/#website\"},\"primaryImageOfPage\":{\"@id\":\"https:\/\/biciurba.com\/index.php\/2024\/09\/24\/un-sueno-economico-que-no-deja-nada-bueno-para-suramerica-y-el-mundo\/#primaryimage\"},\"image\":{\"@id\":\"https:\/\/biciurba.com\/index.php\/2024\/09\/24\/un-sueno-economico-que-no-deja-nada-bueno-para-suramerica-y-el-mundo\/#primaryimage\"},\"thumbnailUrl\":\"https:\/\/biciurba.com\/wp-content\/uploads\/2024\/09\/brasil-incendiado.png\",\"datePublished\":\"2024-09-24T16:09:15+00:00\",\"dateModified\":\"2024-09-24T16:09:17+00:00\",\"description\":\"La destrucci\u00f3n de la Amazon\u00eda la enfrentan los pa\u00edses suramericanos con sequ\u00edas y veranos de altas temperaturas\",\"breadcrumb\":{\"@id\":\"https:\/\/biciurba.com\/index.php\/2024\/09\/24\/un-sueno-economico-que-no-deja-nada-bueno-para-suramerica-y-el-mundo\/#breadcrumb\"},\"inLanguage\":\"es\",\"potentialAction\":[{\"@type\":\"ReadAction\",\"target\":[\"https:\/\/biciurba.com\/index.php\/2024\/09\/24\/un-sueno-economico-que-no-deja-nada-bueno-para-suramerica-y-el-mundo\/\"]}]},{\"@type\":\"ImageObject\",\"inLanguage\":\"es\",\"@id\":\"https:\/\/biciurba.com\/index.php\/2024\/09\/24\/un-sueno-economico-que-no-deja-nada-bueno-para-suramerica-y-el-mundo\/#primaryimage\",\"url\":\"https:\/\/biciurba.com\/wp-content\/uploads\/2024\/09\/brasil-incendiado.png\",\"contentUrl\":\"https:\/\/biciurba.com\/wp-content\/uploads\/2024\/09\/brasil-incendiado.png\",\"width\":606,\"height\":404,\"caption\":\"En la regi\u00f3n amaz\u00f3nica, concretamente en julio de 2024, hubo un aumento del 33% en las alertas de deforestaci\u00f3n en comparaci\u00f3n con 2023. Seg\u00fan Jo\u00e3o Paulo Capobianco, secretario ejecutivo del Ministerio, julio suele ser el mes de mayor deforestaci\u00f3n.\"},{\"@type\":\"BreadcrumbList\",\"@id\":\"https:\/\/biciurba.com\/index.php\/2024\/09\/24\/un-sueno-economico-que-no-deja-nada-bueno-para-suramerica-y-el-mundo\/#breadcrumb\",\"itemListElement\":[{\"@type\":\"ListItem\",\"position\":1,\"name\":\"Portada\",\"item\":\"https:\/\/biciurba.com\/\"},{\"@type\":\"ListItem\",\"position\":2,\"name\":\"Un sue\u00f1o econ\u00f3mico que no deja nada bueno para Suram\u00e9rica y el mundo\"}]},{\"@type\":\"WebSite\",\"@id\":\"https:\/\/biciurba.com\/#website\",\"url\":\"https:\/\/biciurba.com\/\",\"name\":\"Biciurba\",\"description\":\"Una mejor manera de vivir\",\"publisher\":{\"@id\":\"https:\/\/biciurba.com\/#\/schema\/person\/d9675ddf29ee982d268db0a3f239eced\"},\"potentialAction\":[{\"@type\":\"SearchAction\",\"target\":{\"@type\":\"EntryPoint\",\"urlTemplate\":\"https:\/\/biciurba.com\/?s={search_term_string}\"},\"query-input\":{\"@type\":\"PropertyValueSpecification\",\"valueRequired\":true,\"valueName\":\"search_term_string\"}}],\"inLanguage\":\"es\"},{\"@type\":[\"Person\",\"Organization\"],\"@id\":\"https:\/\/biciurba.com\/#\/schema\/person\/d9675ddf29ee982d268db0a3f239eced\",\"name\":\"Carlos Cantor\",\"image\":{\"@type\":\"ImageObject\",\"inLanguage\":\"es\",\"@id\":\"https:\/\/biciurba.com\/#\/schema\/person\/image\/\",\"url\":\"https:\/\/biciurba.com\/wp-content\/uploads\/2024\/04\/cropped-logo-1.png\",\"contentUrl\":\"https:\/\/biciurba.com\/wp-content\/uploads\/2024\/04\/cropped-logo-1.png\",\"width\":512,\"height\":318,\"caption\":\"Carlos Cantor\"},\"logo\":{\"@id\":\"https:\/\/biciurba.com\/#\/schema\/person\/image\/\"},\"sameAs\":[\"https:\/\/biciurba.com\"],\"url\":\"https:\/\/biciurba.com\/index.php\/author\/ccantor\/\"}]}<\/script>\n<!-- \/ Yoast SEO plugin. -->","yoast_head_json":{"title":"Un sue\u00f1o econ\u00f3mico que no deja nada bueno para Suram\u00e9rica y el mundo - Biciurba","description":"La destrucci\u00f3n de la Amazon\u00eda la enfrentan los pa\u00edses suramericanos con sequ\u00edas y veranos de altas temperaturas","robots":{"index":"index","follow":"follow","max-snippet":"max-snippet:-1","max-image-preview":"max-image-preview:large","max-video-preview":"max-video-preview:-1"},"canonical":"https:\/\/biciurba.com\/index.php\/2024\/09\/24\/un-sueno-economico-que-no-deja-nada-bueno-para-suramerica-y-el-mundo\/","og_locale":"es_ES","og_type":"article","og_title":"Un sue\u00f1o econ\u00f3mico que no deja nada bueno para Suram\u00e9rica y el mundo - Biciurba","og_description":"La destrucci\u00f3n de la Amazon\u00eda la enfrentan los pa\u00edses suramericanos con sequ\u00edas y veranos de altas temperaturas","og_url":"https:\/\/biciurba.com\/index.php\/2024\/09\/24\/un-sueno-economico-que-no-deja-nada-bueno-para-suramerica-y-el-mundo\/","og_site_name":"Biciurba","article_published_time":"2024-09-24T16:09:15+00:00","article_modified_time":"2024-09-24T16:09:17+00:00","og_image":[{"width":606,"height":404,"url":"https:\/\/biciurba.com\/wp-content\/uploads\/2024\/09\/brasil-incendiado.png","type":"image\/png"}],"author":"Carlos Cantor","twitter_card":"summary_large_image","twitter_misc":{"Escrito por":"Carlos Cantor","Tiempo de lectura":"7 minutos"},"schema":{"@context":"https:\/\/schema.org","@graph":[{"@type":"Article","@id":"https:\/\/biciurba.com\/index.php\/2024\/09\/24\/un-sueno-economico-que-no-deja-nada-bueno-para-suramerica-y-el-mundo\/#article","isPartOf":{"@id":"https:\/\/biciurba.com\/index.php\/2024\/09\/24\/un-sueno-economico-que-no-deja-nada-bueno-para-suramerica-y-el-mundo\/"},"author":{"name":"Carlos Cantor","@id":"https:\/\/biciurba.com\/#\/schema\/person\/d9675ddf29ee982d268db0a3f239eced"},"headline":"Un sue\u00f1o econ\u00f3mico que no deja nada bueno para Suram\u00e9rica y el mundo","datePublished":"2024-09-24T16:09:15+00:00","dateModified":"2024-09-24T16:09:17+00:00","mainEntityOfPage":{"@id":"https:\/\/biciurba.com\/index.php\/2024\/09\/24\/un-sueno-economico-que-no-deja-nada-bueno-para-suramerica-y-el-mundo\/"},"wordCount":1531,"commentCount":0,"publisher":{"@id":"https:\/\/biciurba.com\/#\/schema\/person\/d9675ddf29ee982d268db0a3f239eced"},"image":{"@id":"https:\/\/biciurba.com\/index.php\/2024\/09\/24\/un-sueno-economico-que-no-deja-nada-bueno-para-suramerica-y-el-mundo\/#primaryimage"},"thumbnailUrl":"https:\/\/biciurba.com\/wp-content\/uploads\/2024\/09\/brasil-incendiado.png","keywords":["Amazon\u00eda","Antropoceno","Crisis clim\u00e1tica","Da\u00f1o ambiental","Deforestaci\u00f3n","Los Andes","sequ\u00eda"],"articleSection":["Crisis clim\u00e1tica"],"inLanguage":"es","potentialAction":[{"@type":"CommentAction","name":"Comment","target":["https:\/\/biciurba.com\/index.php\/2024\/09\/24\/un-sueno-economico-que-no-deja-nada-bueno-para-suramerica-y-el-mundo\/#respond"]}]},{"@type":"WebPage","@id":"https:\/\/biciurba.com\/index.php\/2024\/09\/24\/un-sueno-economico-que-no-deja-nada-bueno-para-suramerica-y-el-mundo\/","url":"https:\/\/biciurba.com\/index.php\/2024\/09\/24\/un-sueno-economico-que-no-deja-nada-bueno-para-suramerica-y-el-mundo\/","name":"Un sue\u00f1o econ\u00f3mico que no deja nada bueno para Suram\u00e9rica y el mundo - Biciurba","isPartOf":{"@id":"https:\/\/biciurba.com\/#website"},"primaryImageOfPage":{"@id":"https:\/\/biciurba.com\/index.php\/2024\/09\/24\/un-sueno-economico-que-no-deja-nada-bueno-para-suramerica-y-el-mundo\/#primaryimage"},"image":{"@id":"https:\/\/biciurba.com\/index.php\/2024\/09\/24\/un-sueno-economico-que-no-deja-nada-bueno-para-suramerica-y-el-mundo\/#primaryimage"},"thumbnailUrl":"https:\/\/biciurba.com\/wp-content\/uploads\/2024\/09\/brasil-incendiado.png","datePublished":"2024-09-24T16:09:15+00:00","dateModified":"2024-09-24T16:09:17+00:00","description":"La destrucci\u00f3n de la Amazon\u00eda la enfrentan los pa\u00edses suramericanos con sequ\u00edas y veranos de altas temperaturas","breadcrumb":{"@id":"https:\/\/biciurba.com\/index.php\/2024\/09\/24\/un-sueno-economico-que-no-deja-nada-bueno-para-suramerica-y-el-mundo\/#breadcrumb"},"inLanguage":"es","potentialAction":[{"@type":"ReadAction","target":["https:\/\/biciurba.com\/index.php\/2024\/09\/24\/un-sueno-economico-que-no-deja-nada-bueno-para-suramerica-y-el-mundo\/"]}]},{"@type":"ImageObject","inLanguage":"es","@id":"https:\/\/biciurba.com\/index.php\/2024\/09\/24\/un-sueno-economico-que-no-deja-nada-bueno-para-suramerica-y-el-mundo\/#primaryimage","url":"https:\/\/biciurba.com\/wp-content\/uploads\/2024\/09\/brasil-incendiado.png","contentUrl":"https:\/\/biciurba.com\/wp-content\/uploads\/2024\/09\/brasil-incendiado.png","width":606,"height":404,"caption":"En la regi\u00f3n amaz\u00f3nica, concretamente en julio de 2024, hubo un aumento del 33% en las alertas de deforestaci\u00f3n en comparaci\u00f3n con 2023. Seg\u00fan Jo\u00e3o Paulo Capobianco, secretario ejecutivo del Ministerio, julio suele ser el mes de mayor deforestaci\u00f3n."},{"@type":"BreadcrumbList","@id":"https:\/\/biciurba.com\/index.php\/2024\/09\/24\/un-sueno-economico-que-no-deja-nada-bueno-para-suramerica-y-el-mundo\/#breadcrumb","itemListElement":[{"@type":"ListItem","position":1,"name":"Portada","item":"https:\/\/biciurba.com\/"},{"@type":"ListItem","position":2,"name":"Un sue\u00f1o econ\u00f3mico que no deja nada bueno para Suram\u00e9rica y el mundo"}]},{"@type":"WebSite","@id":"https:\/\/biciurba.com\/#website","url":"https:\/\/biciurba.com\/","name":"Biciurba","description":"Una mejor manera de vivir","publisher":{"@id":"https:\/\/biciurba.com\/#\/schema\/person\/d9675ddf29ee982d268db0a3f239eced"},"potentialAction":[{"@type":"SearchAction","target":{"@type":"EntryPoint","urlTemplate":"https:\/\/biciurba.com\/?s={search_term_string}"},"query-input":{"@type":"PropertyValueSpecification","valueRequired":true,"valueName":"search_term_string"}}],"inLanguage":"es"},{"@type":["Person","Organization"],"@id":"https:\/\/biciurba.com\/#\/schema\/person\/d9675ddf29ee982d268db0a3f239eced","name":"Carlos Cantor","image":{"@type":"ImageObject","inLanguage":"es","@id":"https:\/\/biciurba.com\/#\/schema\/person\/image\/","url":"https:\/\/biciurba.com\/wp-content\/uploads\/2024\/04\/cropped-logo-1.png","contentUrl":"https:\/\/biciurba.com\/wp-content\/uploads\/2024\/04\/cropped-logo-1.png","width":512,"height":318,"caption":"Carlos Cantor"},"logo":{"@id":"https:\/\/biciurba.com\/#\/schema\/person\/image\/"},"sameAs":["https:\/\/biciurba.com"],"url":"https:\/\/biciurba.com\/index.php\/author\/ccantor\/"}]}},"_links":{"self":[{"href":"https:\/\/biciurba.com\/index.php\/wp-json\/wp\/v2\/posts\/1147"}],"collection":[{"href":"https:\/\/biciurba.com\/index.php\/wp-json\/wp\/v2\/posts"}],"about":[{"href":"https:\/\/biciurba.com\/index.php\/wp-json\/wp\/v2\/types\/post"}],"author":[{"embeddable":true,"href":"https:\/\/biciurba.com\/index.php\/wp-json\/wp\/v2\/users\/1"}],"replies":[{"embeddable":true,"href":"https:\/\/biciurba.com\/index.php\/wp-json\/wp\/v2\/comments?post=1147"}],"version-history":[{"count":1,"href":"https:\/\/biciurba.com\/index.php\/wp-json\/wp\/v2\/posts\/1147\/revisions"}],"predecessor-version":[{"id":1149,"href":"https:\/\/biciurba.com\/index.php\/wp-json\/wp\/v2\/posts\/1147\/revisions\/1149"}],"wp:featuredmedia":[{"embeddable":true,"href":"https:\/\/biciurba.com\/index.php\/wp-json\/wp\/v2\/media\/1148"}],"wp:attachment":[{"href":"https:\/\/biciurba.com\/index.php\/wp-json\/wp\/v2\/media?parent=1147"}],"wp:term":[{"taxonomy":"category","embeddable":true,"href":"https:\/\/biciurba.com\/index.php\/wp-json\/wp\/v2\/categories?post=1147"},{"taxonomy":"post_tag","embeddable":true,"href":"https:\/\/biciurba.com\/index.php\/wp-json\/wp\/v2\/tags?post=1147"}],"curies":[{"name":"wp","href":"https:\/\/api.w.org\/{rel}","templated":true}]}}