{"id":1153,"date":"2024-09-26T11:18:36","date_gmt":"2024-09-26T16:18:36","guid":{"rendered":"https:\/\/biciurba.com\/?p=1153"},"modified":"2024-09-26T15:44:37","modified_gmt":"2024-09-26T20:44:37","slug":"33-festival-de-cine-biarritz-america-latina-honor-para-alfonso-cuaronincertidumbre-para-argentina","status":"publish","type":"post","link":"https:\/\/biciurba.com\/index.php\/2024\/09\/26\/33-festival-de-cine-biarritz-america-latina-honor-para-alfonso-cuaronincertidumbre-para-argentina\/","title":{"rendered":"33\u00b0 Festival de cine Biarritz Am\u00e9rica Latina : Honor para Alfonso Cuar\u00f3n,incertidumbre para Argentina"},"content":{"rendered":"\n<p>Por MH Escalante<br>Biarritz, 26 septiembre 2024<\/p>\n\n\n\n<p>El 33\u00b0 Festival de cine Biarritz Am\u00e9rica Latina, ligado a esta ciudad balnearia y de surf desde hace tres d\u00e9cadas, abri\u00f3 como es su costumbre en la \u00faltima semana de septiembre con Argentina como pa\u00eds invitado. Sin por ello dejar de lado el cine de Brasil y de M\u00e9xico, faros  en esa materia, ni olvidar nuevas producciones de Colombia, Ecuador, Panam\u00e1, Uruguay y Venezuela, \u00e9ste \u00faltimo de gran inter\u00e9s.<\/p>\n\n\n\n<p>De hecho, el momento m\u00e1s significativo del festival tuvo lugar el lunes 23 de septiembre con la entrega del \u201cAbrazo de Honor\u201d al c\u00e9lebre director, guionista y productor mexicano Alfonso Cuar\u00f3n, quien a pesar de su parquedad o de su moderaci\u00f3n a la hora de tomar la palabra, cont\u00f3 al p\u00fablico de Biarritz que hab\u00eda sido justamente el Festival de Biarritz el que lo hab\u00eda invitado por primera vez a un festival de cine en Europa. Record\u00f3 que present\u00f3 su primera pel\u00edcula \u201cS\u00f3lo con tu pareja\u201d (1991), cuando ten\u00eda 30 a\u00f1os.<\/p>\n\n\n\n<p>Luego vendr\u00e1 para \u00e9l \u201cY tu mam\u00e1 tambi\u00e9n\u201d (2001), que lo sacar\u00e1 del anonimato, y mucho m\u00e1s tarde \u201cGravity\u201d (2013), que lo acercar\u00e1 al mundo de Hollywood y de George Clooney. Pocos a\u00f1os despu\u00e9s \u201cRoma\u201d (2018) lo consagrar\u00e1 como un director de referencia en ese homenaje en blanco y negro que Cuar\u00f3n le rinde al barrio de su infancia en Ciudad de M\u00e9xico. En medio de ese quehacer cinematogr\u00e1fico est\u00e1n sus colaboraciones con sus amigos Alejandro Gonz\u00e1lez I\u00f1\u00e1rritu y Guillermo del Toro.<\/p>\n\n\n\n<p>En cuanto a las 30 pel\u00edculas de ficci\u00f3n, documentales y cortometrajes que compiten en esta edici\u00f3n del 21 al 27 de septiembre de 2024, se reafirma la preponderancia del cine argentino, pero no como cine \u00fanico. Venezuela y Panam\u00e1 despiertan mucho inter\u00e9s. Hay que citar dos largometrajes : Querido tr\u00f3pico\u201d (2024) de la realizadora paname\u00f1a Ana Endara, con la actuaci\u00f3n de la colombiana Jenny Navarrete al lado de la chilena Paulina Garc\u00eda y de \u201cZafari\u201d(2024) de la realizadora venezolana Mariana Rond\u00f3n, que plasma una forma de verdad sin llevarnos a creer en ella, la realizadora s\u00f3lo la constata.<\/p>\n\n\n<div class=\"wp-block-image\">\n<figure class=\"aligncenter size-full\"><img loading=\"lazy\" decoding=\"async\" width=\"700\" height=\"404\" src=\"https:\/\/biciurba.com\/wp-content\/uploads\/2024\/09\/foto-1.png\" alt=\"\" class=\"wp-image-1157\" srcset=\"https:\/\/biciurba.com\/wp-content\/uploads\/2024\/09\/foto-1.png 700w, https:\/\/biciurba.com\/wp-content\/uploads\/2024\/09\/foto-1-300x173.png 300w, https:\/\/biciurba.com\/wp-content\/uploads\/2024\/09\/foto-1-640x369.png 640w, https:\/\/biciurba.com\/wp-content\/uploads\/2024\/09\/foto-1-681x393.png 681w\" sizes=\"(max-width: 700px) 100vw, 700px\" \/><figcaption class=\"wp-element-caption\">\u201cQuerido tr\u00f3pico\u201d con las actrices Paulina Garc\u00eda (Chile) y Jenny Navarrete (Colombia)\/ Foto MH Escalante<\/figcaption><\/figure><\/div>\n\n\n<p>Pero para volver al caso argentino, habr\u00eda que referirnos al cine \u201cantes de Milei\u201d, pues del cine \u201cdespu\u00e9s de Milei\u201d es demasiado prematuro trasponer en im\u00e1genes esa experiencia pol\u00edtica. Podr\u00eda decirse que por ahora la sombra de Javier Milei se pasea por las noches de Biarritz como un espectro que busca \u201cmatar\u201d el cine en Argentina.<\/p>\n\n\n\n<p>Ahora ya no se trata de denunciar las violaciones de los derechos humanos por parte de militares, sino de tentativas desestabilizadoras de un gobierno elegido por sufragio popular el cual amenaza con debilitar la producci\u00f3n cultural en ese pa\u00eds. Javier Milei argumenta que se trata de no financiar m\u00e1s programas socioculturales ligados a lo que \u00e9l llama \u201cLa agenda 2030\u201d, que favorece como se vio en el gobierno de Alberto Fern\u00e1ndez la pr\u00e1ctica generalizada del aborto, el feminismo militante impositivo, el fomento de la diversidad sexual para ni\u00f1os y ni\u00f1as desde los planteles educativos y que adem\u00e1s impone la escritura inclusiva en los documentos oficiales, lo cual estropea el buen uso del espa\u00f1ol. El medio cultural argentino estar\u00eda impregnado de esos preceptos mundialistas.<\/p>\n\n\n\n<p>Para el medio cultural en cambio, es decir para productores, realizadores, actores, guionistas y dem\u00e1s profesionales de la producci\u00f3n cultural, de lo que se trata en realidad es de asfixiar su trabajo creativo al suprimir subvenciones estatales a varios organismos, entre ellos el m\u00e1s importante que es el Instituto Nacional de Cine y Artes Audiovisuales (INCAA), el protector y un mecenas del cine en Argentina.<\/p>\n\n\n\n<p>Las consecuencias positivas y negativas de los a\u00f1os de gobierno de Javier Milei pertenecen al futuro. No hubo tiempo para producir una pel\u00edcula sobre ese \u201cextra\u00f1o presidente\u201d que tom\u00f3 posesi\u00f3n en diciembre 2023 pues ni en los comentarios de los asistentes al festival de Biarritz, ni en la versi\u00f3n de los realizadores argentinos que han venido a \u00e9l, ni en las argumentaciones de los profesores del Instituto de Altos Estudios de Am\u00e9rica Latina (IHEAL) que organizaron una mesa redonda para hablar de \u201cLa Argentina de Milei\u201d, se ha podido desentra\u00f1ar la personalidad de este presidente que se dice paleo-libertario, enemigo de lo que \u00e9l denuncia como \u201cla casta\u201d, destructor del Estado protector desde el interior de este mismo, y que con su banda y su bast\u00f3n de presidente de la naci\u00f3n argentina grita desde cualquier estrado \u201cviva la libertad carajo\u201d.<\/p>\n\n\n\n<figure class=\"wp-block-image aligncenter size-full\"><img loading=\"lazy\" decoding=\"async\" width=\"700\" height=\"404\" src=\"https:\/\/biciurba.com\/wp-content\/uploads\/2024\/09\/foto-2.png\" alt=\"\" class=\"wp-image-1158\" srcset=\"https:\/\/biciurba.com\/wp-content\/uploads\/2024\/09\/foto-2.png 700w, https:\/\/biciurba.com\/wp-content\/uploads\/2024\/09\/foto-2-300x173.png 300w, https:\/\/biciurba.com\/wp-content\/uploads\/2024\/09\/foto-2-640x369.png 640w, https:\/\/biciurba.com\/wp-content\/uploads\/2024\/09\/foto-2-681x393.png 681w\" sizes=\"(max-width: 700px) 100vw, 700px\" \/><figcaption class=\"wp-element-caption\">Encuentros del Instituto de Altos Estudios de Am\u00e9rica Latina (IHEAL) con el moderador Olivier\nCompagnon. Tema : La Argentina de Milei \/ Foto MH Escalante<\/figcaption><\/figure>\n\n\n\n<p>En sus treinta a\u00f1os de existencia, el Festival de cine de Biarritz ha dado cuenta de los estragos de las dictaduras en los pa\u00edses del Cono Sur, los ha acompa\u00f1ado en su regreso a la democracia, ha mostrado descomposiciones o composiciones pol\u00edticas, econ\u00f3micas, sociales y ambientales en el resto del continente y hoy, cuando el ruido de las botas de los militares ya no asusta, nadie habr\u00eda podido imaginar que se tuviera que temer nombres como Jair Bolsonaro en Brasil, Javier Milei en Argentina o Nayib Bukele en El Salvador, a los cuales las ciencias pol\u00edticas han situado ya en la l\u00ednea de gobernantes de extrema derecha. <\/p>\n\n\n\n<p>El \u201cFocus\u201d Argentina vuelve a los a\u00f1os de Cristina Kirchner y Alberto Fern\u00e1ndez, con j\u00f3venes por las calles exigiendo el derecho al aborto en el cortometraje \u201cQue sea ley\u201d de Juan Solanas (2019) y ofrece una perspectiva sobre esa Argentina sin dictaduras pero con crisis agudas en plena democracia en documentales como \u201cMemoria del saqueo\u201d de Fernando E. Solanas (2004), que esclarece los a\u00f1os de Carlos Menem y los mecanismos que llevaron al pa\u00eds a la debacle econ\u00f3mica.<\/p>\n\n\n\n<figure class=\"wp-block-image aligncenter size-full\"><img loading=\"lazy\" decoding=\"async\" width=\"700\" height=\"404\" src=\"https:\/\/biciurba.com\/wp-content\/uploads\/2024\/09\/foto-3.png\" alt=\"\" class=\"wp-image-1159\" srcset=\"https:\/\/biciurba.com\/wp-content\/uploads\/2024\/09\/foto-3.png 700w, https:\/\/biciurba.com\/wp-content\/uploads\/2024\/09\/foto-3-300x173.png 300w, https:\/\/biciurba.com\/wp-content\/uploads\/2024\/09\/foto-3-640x369.png 640w, https:\/\/biciurba.com\/wp-content\/uploads\/2024\/09\/foto-3-681x393.png 681w\" sizes=\"(max-width: 700px) 100vw, 700px\" \/><figcaption class=\"wp-element-caption\">\u201cEl aroma del pasto reci\u00e9n cortado\u201d toma de pantalla.\n<\/figcaption><\/figure>\n\n\n\n<p>Pero si se quiere una explicaci\u00f3n m\u00e1s sosegada de realidad argentina actual, puede ser \u00fatil la pel\u00edcula de ficci\u00f3n \u201cEl aroma del pasto reci\u00e9n cortado\u201d (2024) de la realizadora Celina Murga, la cual nos deja penetrar en la Argentina de los sentimientos conyugales confrontados a la dura crisis econ\u00f3mica en el pa\u00eds. Esta pel\u00edcula en competici\u00f3n revela el mundo del saber y del conocimiento, de profesores universitarios que en cualquier momento pueden perder sus c\u00e1tedras por una trampa que les tiende la llamada crisis de los cuarenta, pero al alcance de los dispositivos electr\u00f3nicos de sus alumnos.<\/p>\n\n\n\n<p>Para seguir con este cine, si quisi\u00e9ramos visualizar la \u201ccruda realidad\u201d en Am\u00e9rica Latina, esto se logra con otra pel\u00edcula en competici\u00f3n proveniente de una coproducci\u00f3n de Venezuela y Brasil. Se trata de \u201cZafari\u201d (2024), de la realizadora Mariana Rond\u00f3n, nacida en Barquisimeto, recordada en el Festival de Biarritz por su largometraje \u201cPelo malo\u201d, ganadora en 2013 del premio Concha de Oro de la LXI edici\u00f3n del Festival de Cine de San Sebasti\u00e1n en Espa\u00f1a.<\/p>\n\n\n\n<p>En \u201cZafari\u201d es la historia de los habitantes de un barrio situado en la zona elegante de alguna ciudad en el mundo, cuyos vecinos est\u00e1n en el otro lado, en un barrio popular. El sector cuenta con un zool\u00f3gico y el edificio elegante comporta una piscina que parece estar ah\u00ed para separar a esos dos mundos. Un d\u00eda la burocracia local decide aumentar el atractivo del zool\u00f3gico trayendo un hipop\u00f3tamo de 800 kilos de peso que el gobierno nacional adquiri\u00f3 en un pa\u00eds africano. Los vecinos \u201cde enfrente\u201d ser\u00e1n los encargados de alimentar al animal y para estimular su labor los habitantes del barrio \u201cbueno\u201d deber\u00e1n compartir con ellos su piscina. Las im\u00e1genes dejan ver un edificio en decadencia, los apartamentos en abandono, los escapes de agua se apropian de pisos y paredes, sus propietarios se han ido, la cocina qued\u00f3 sin limpiar, pero no hay nada para comer.<\/p>\n\n\n<div class=\"wp-block-image\">\n<figure class=\"aligncenter size-full\"><img loading=\"lazy\" decoding=\"async\" width=\"700\" height=\"404\" src=\"https:\/\/biciurba.com\/wp-content\/uploads\/2024\/09\/foto-4.png\" alt=\"\" class=\"wp-image-1160\" srcset=\"https:\/\/biciurba.com\/wp-content\/uploads\/2024\/09\/foto-4.png 700w, https:\/\/biciurba.com\/wp-content\/uploads\/2024\/09\/foto-4-300x173.png 300w, https:\/\/biciurba.com\/wp-content\/uploads\/2024\/09\/foto-4-640x369.png 640w, https:\/\/biciurba.com\/wp-content\/uploads\/2024\/09\/foto-4-681x393.png 681w\" sizes=\"(max-width: 700px) 100vw, 700px\" \/><figcaption class=\"wp-element-caption\">\u201cZafari\u201d, toma de pantalla<\/figcaption><\/figure><\/div>\n\n\n<p>Ese lugar parece vencido por la carest\u00eda y el hambre y los antiguos acomodados de las clases medias superiores a tres pasos de convertirse en salvajes. Los que ellos consideran como salvajes, es decir los \u201cde enfrente\u201d no hacen otra cosa que adaptarse a una nueva adversidad. \u201cZafari\u201d el hipop\u00f3tamo, es el \u00fanico ser viviente al que el Estado garantiza la comida diaria.<\/p>\n\n\n\n<p>Hasta el d\u00eda en que la corrupci\u00f3n de proximidad que permite la supervivencia, desv\u00eda las verduras y las frutas del animal hacia el mercado negro. Una zanahoria puede llegar a tener el mismo precio de una cena en un restaurante chic de esa ciudad abandonada por todos, salvo por las motos. Al final, queda la figura del hombre confrontado a s\u00ed mismo. \u00bfCu\u00e1nto tiempo puede resistir su buena educaci\u00f3n cuando no tiene nada qu\u00e9 comer? S\u00f3lo los gobernantes que han perdido el<br>sentido de la realidad son capaces de introducir un hipop\u00f3tamo en una ciudad agobiada por el hambre.<\/p>\n\n\n<div class=\"wp-block-image\">\n<figure class=\"aligncenter size-full\"><img loading=\"lazy\" decoding=\"async\" width=\"700\" height=\"404\" src=\"https:\/\/biciurba.com\/wp-content\/uploads\/2024\/09\/foto-5.png\" alt=\"\" class=\"wp-image-1161\" srcset=\"https:\/\/biciurba.com\/wp-content\/uploads\/2024\/09\/foto-5.png 700w, https:\/\/biciurba.com\/wp-content\/uploads\/2024\/09\/foto-5-300x173.png 300w, https:\/\/biciurba.com\/wp-content\/uploads\/2024\/09\/foto-5-640x369.png 640w, https:\/\/biciurba.com\/wp-content\/uploads\/2024\/09\/foto-5-681x393.png 681w\" sizes=\"(max-width: 700px) 100vw, 700px\" \/><figcaption class=\"wp-element-caption\">\u201cZafari\u201d, toma de pantalla<\/figcaption><\/figure><\/div>\n\n\n<p>El Festival Biarritz Am\u00e9rica Latina de cine es un evento que pone de manifiesto todas esas contradicciones en el continente americano, como bien lo destaca Jean Christophe Berjon, Delegado General del festival. Aqu\u00ed se trata de un punto de encuentro, una cita con el cine, la literatura, la m\u00fasica, la fotograf\u00eda y este a\u00f1o en especial con \u201cLos Conversatorios\u201d, organizado a las 11 de la ma\u00f1ana todos los d\u00edas de festival en un espacio reducido de la gran sala de reuniones en el Casino de<br>Biarritz.<\/p>\n\n\n\n<p>Poco importa que se haya pensado en un principio que Los Conversatorios har\u00edan venir a pocos interesados. Su \u00e9xito ha sido tan evidente que la gente que va llegando a ellos va a buscar m\u00e1s sillas para agrandarlo. El viernes 27 de septiembre ser\u00e1 el d\u00eda de los ganadores de este 33\u00b0 Festival Biaritz Am\u00e9rique<br>Latine, en esta ciudad francesa en la frontera con Espa\u00f1a, desde donde no se alcanzan a escuchar los estruendos de la guerra.<\/p>\n\n\n<div class=\"wp-block-image\">\n<figure class=\"aligncenter size-full\"><img loading=\"lazy\" decoding=\"async\" width=\"700\" height=\"404\" src=\"https:\/\/biciurba.com\/wp-content\/uploads\/2024\/09\/foto-6.png\" alt=\"\" class=\"wp-image-1162\" srcset=\"https:\/\/biciurba.com\/wp-content\/uploads\/2024\/09\/foto-6.png 700w, https:\/\/biciurba.com\/wp-content\/uploads\/2024\/09\/foto-6-300x173.png 300w, https:\/\/biciurba.com\/wp-content\/uploads\/2024\/09\/foto-6-640x369.png 640w, https:\/\/biciurba.com\/wp-content\/uploads\/2024\/09\/foto-6-681x393.png 681w\" sizes=\"(max-width: 700px) 100vw, 700px\" \/><figcaption class=\"wp-element-caption\">El actor Francisco Denis en la pel\u00edcula \u201cZafari\u201d, toma de pantalla.<\/figcaption><\/figure><\/div>\n\n\n<p><\/p>\n","protected":false},"excerpt":{"rendered":"<p>Por MH EscalanteBiarritz, 26 septiembre 2024 El 33\u00b0 Festival de cine Biarritz Am\u00e9rica Latina, ligado a esta ciudad balnearia y de surf desde hace tres d\u00e9cadas, abri\u00f3 como es su costumbre en la \u00faltima semana de septiembre con Argentina como pa\u00eds invitado. Sin por ello dejar de lado el cine de Brasil y de M\u00e9xico, [&hellip;]<\/p>\n","protected":false},"author":1,"featured_media":1163,"comment_status":"open","ping_status":"open","sticky":false,"template":"","format":"standard","meta":{"footnotes":""},"categories":[52],"tags":[461,462,460,381],"class_list":["post-1153","post","type-post","status-publish","format-standard","has-post-thumbnail","hentry","category-noticias","tag-cine-latinoamericano","tag-cultura-cinematografica","tag-festival-de-cine-biarritz","tag-maria-helena-escalante"],"yoast_head":"<!-- This site is optimized with the Yoast SEO plugin v23.9 - https:\/\/yoast.com\/wordpress\/plugins\/seo\/ -->\n<title>33\u00b0 Festival de cine Biarritz Am\u00e9rica Latina : Honor para Alfonso Cuar\u00f3n,incertidumbre para Argentina - Biciurba<\/title>\n<meta name=\"robots\" content=\"index, follow, max-snippet:-1, max-image-preview:large, max-video-preview:-1\" \/>\n<link rel=\"canonical\" href=\"https:\/\/biciurba.com\/index.php\/2024\/09\/26\/33-festival-de-cine-biarritz-america-latina-honor-para-alfonso-cuaronincertidumbre-para-argentina\/\" \/>\n<meta property=\"og:locale\" content=\"es_ES\" \/>\n<meta property=\"og:type\" content=\"article\" \/>\n<meta property=\"og:title\" content=\"33\u00b0 Festival de cine Biarritz Am\u00e9rica Latina : Honor para Alfonso Cuar\u00f3n,incertidumbre para Argentina - Biciurba\" \/>\n<meta property=\"og:description\" content=\"Por MH EscalanteBiarritz, 26 septiembre 2024 El 33\u00b0 Festival de cine Biarritz Am\u00e9rica Latina, ligado a esta ciudad balnearia y de surf desde hace tres d\u00e9cadas, abri\u00f3 como es su costumbre en la \u00faltima semana de septiembre con Argentina como pa\u00eds invitado. Sin por ello dejar de lado el cine de Brasil y de M\u00e9xico, [&hellip;]\" \/>\n<meta property=\"og:url\" content=\"https:\/\/biciurba.com\/index.php\/2024\/09\/26\/33-festival-de-cine-biarritz-america-latina-honor-para-alfonso-cuaronincertidumbre-para-argentina\/\" \/>\n<meta property=\"og:site_name\" content=\"Biciurba\" \/>\n<meta property=\"article:published_time\" content=\"2024-09-26T16:18:36+00:00\" \/>\n<meta property=\"article:modified_time\" content=\"2024-09-26T20:44:37+00:00\" \/>\n<meta property=\"og:image\" content=\"https:\/\/biciurba.com\/wp-content\/uploads\/2024\/09\/foto-entrada.png\" \/>\n\t<meta property=\"og:image:width\" content=\"700\" \/>\n\t<meta property=\"og:image:height\" content=\"404\" \/>\n\t<meta property=\"og:image:type\" content=\"image\/png\" \/>\n<meta name=\"author\" content=\"Carlos Cantor\" \/>\n<meta name=\"twitter:card\" content=\"summary_large_image\" \/>\n<meta name=\"twitter:label1\" content=\"Escrito por\" \/>\n\t<meta name=\"twitter:data1\" content=\"Carlos Cantor\" \/>\n\t<meta name=\"twitter:label2\" content=\"Tiempo de lectura\" \/>\n\t<meta name=\"twitter:data2\" content=\"9 minutos\" \/>\n<script type=\"application\/ld+json\" class=\"yoast-schema-graph\">{\"@context\":\"https:\/\/schema.org\",\"@graph\":[{\"@type\":\"Article\",\"@id\":\"https:\/\/biciurba.com\/index.php\/2024\/09\/26\/33-festival-de-cine-biarritz-america-latina-honor-para-alfonso-cuaronincertidumbre-para-argentina\/#article\",\"isPartOf\":{\"@id\":\"https:\/\/biciurba.com\/index.php\/2024\/09\/26\/33-festival-de-cine-biarritz-america-latina-honor-para-alfonso-cuaronincertidumbre-para-argentina\/\"},\"author\":{\"name\":\"Carlos Cantor\",\"@id\":\"https:\/\/biciurba.com\/#\/schema\/person\/d9675ddf29ee982d268db0a3f239eced\"},\"headline\":\"33\u00b0 Festival de cine Biarritz Am\u00e9rica Latina : Honor para Alfonso Cuar\u00f3n,incertidumbre para Argentina\",\"datePublished\":\"2024-09-26T16:18:36+00:00\",\"dateModified\":\"2024-09-26T20:44:37+00:00\",\"mainEntityOfPage\":{\"@id\":\"https:\/\/biciurba.com\/index.php\/2024\/09\/26\/33-festival-de-cine-biarritz-america-latina-honor-para-alfonso-cuaronincertidumbre-para-argentina\/\"},\"wordCount\":1744,\"commentCount\":0,\"publisher\":{\"@id\":\"https:\/\/biciurba.com\/#\/schema\/person\/d9675ddf29ee982d268db0a3f239eced\"},\"image\":{\"@id\":\"https:\/\/biciurba.com\/index.php\/2024\/09\/26\/33-festival-de-cine-biarritz-america-latina-honor-para-alfonso-cuaronincertidumbre-para-argentina\/#primaryimage\"},\"thumbnailUrl\":\"https:\/\/biciurba.com\/wp-content\/uploads\/2024\/09\/foto-entrada.png\",\"keywords\":[\"Cine latinoamericano\",\"Cultura cinematogr\u00e1fica\",\"Festival de cine Biarritz\",\"Mar\u00eda Helena Escalante\"],\"articleSection\":[\"Noticias\"],\"inLanguage\":\"es\",\"potentialAction\":[{\"@type\":\"CommentAction\",\"name\":\"Comment\",\"target\":[\"https:\/\/biciurba.com\/index.php\/2024\/09\/26\/33-festival-de-cine-biarritz-america-latina-honor-para-alfonso-cuaronincertidumbre-para-argentina\/#respond\"]}]},{\"@type\":\"WebPage\",\"@id\":\"https:\/\/biciurba.com\/index.php\/2024\/09\/26\/33-festival-de-cine-biarritz-america-latina-honor-para-alfonso-cuaronincertidumbre-para-argentina\/\",\"url\":\"https:\/\/biciurba.com\/index.php\/2024\/09\/26\/33-festival-de-cine-biarritz-america-latina-honor-para-alfonso-cuaronincertidumbre-para-argentina\/\",\"name\":\"33\u00b0 Festival de cine Biarritz Am\u00e9rica Latina : Honor para Alfonso Cuar\u00f3n,incertidumbre para Argentina - Biciurba\",\"isPartOf\":{\"@id\":\"https:\/\/biciurba.com\/#website\"},\"primaryImageOfPage\":{\"@id\":\"https:\/\/biciurba.com\/index.php\/2024\/09\/26\/33-festival-de-cine-biarritz-america-latina-honor-para-alfonso-cuaronincertidumbre-para-argentina\/#primaryimage\"},\"image\":{\"@id\":\"https:\/\/biciurba.com\/index.php\/2024\/09\/26\/33-festival-de-cine-biarritz-america-latina-honor-para-alfonso-cuaronincertidumbre-para-argentina\/#primaryimage\"},\"thumbnailUrl\":\"https:\/\/biciurba.com\/wp-content\/uploads\/2024\/09\/foto-entrada.png\",\"datePublished\":\"2024-09-26T16:18:36+00:00\",\"dateModified\":\"2024-09-26T20:44:37+00:00\",\"breadcrumb\":{\"@id\":\"https:\/\/biciurba.com\/index.php\/2024\/09\/26\/33-festival-de-cine-biarritz-america-latina-honor-para-alfonso-cuaronincertidumbre-para-argentina\/#breadcrumb\"},\"inLanguage\":\"es\",\"potentialAction\":[{\"@type\":\"ReadAction\",\"target\":[\"https:\/\/biciurba.com\/index.php\/2024\/09\/26\/33-festival-de-cine-biarritz-america-latina-honor-para-alfonso-cuaronincertidumbre-para-argentina\/\"]}]},{\"@type\":\"ImageObject\",\"inLanguage\":\"es\",\"@id\":\"https:\/\/biciurba.com\/index.php\/2024\/09\/26\/33-festival-de-cine-biarritz-america-latina-honor-para-alfonso-cuaronincertidumbre-para-argentina\/#primaryimage\",\"url\":\"https:\/\/biciurba.com\/wp-content\/uploads\/2024\/09\/foto-entrada.png\",\"contentUrl\":\"https:\/\/biciurba.com\/wp-content\/uploads\/2024\/09\/foto-entrada.png\",\"width\":700,\"height\":404,\"caption\":\"\u201cAbrazo de Honor\u201d para Alfonso Cuar\u00f3n en el 33\u00b0 Festival de cine Biarritz Am\u00e9rica Latina Foto : MH Escalante\"},{\"@type\":\"BreadcrumbList\",\"@id\":\"https:\/\/biciurba.com\/index.php\/2024\/09\/26\/33-festival-de-cine-biarritz-america-latina-honor-para-alfonso-cuaronincertidumbre-para-argentina\/#breadcrumb\",\"itemListElement\":[{\"@type\":\"ListItem\",\"position\":1,\"name\":\"Portada\",\"item\":\"https:\/\/biciurba.com\/\"},{\"@type\":\"ListItem\",\"position\":2,\"name\":\"33\u00b0 Festival de cine Biarritz Am\u00e9rica Latina : Honor para Alfonso Cuar\u00f3n,incertidumbre para Argentina\"}]},{\"@type\":\"WebSite\",\"@id\":\"https:\/\/biciurba.com\/#website\",\"url\":\"https:\/\/biciurba.com\/\",\"name\":\"Biciurba\",\"description\":\"Una mejor manera de vivir\",\"publisher\":{\"@id\":\"https:\/\/biciurba.com\/#\/schema\/person\/d9675ddf29ee982d268db0a3f239eced\"},\"potentialAction\":[{\"@type\":\"SearchAction\",\"target\":{\"@type\":\"EntryPoint\",\"urlTemplate\":\"https:\/\/biciurba.com\/?s={search_term_string}\"},\"query-input\":{\"@type\":\"PropertyValueSpecification\",\"valueRequired\":true,\"valueName\":\"search_term_string\"}}],\"inLanguage\":\"es\"},{\"@type\":[\"Person\",\"Organization\"],\"@id\":\"https:\/\/biciurba.com\/#\/schema\/person\/d9675ddf29ee982d268db0a3f239eced\",\"name\":\"Carlos Cantor\",\"image\":{\"@type\":\"ImageObject\",\"inLanguage\":\"es\",\"@id\":\"https:\/\/biciurba.com\/#\/schema\/person\/image\/\",\"url\":\"https:\/\/biciurba.com\/wp-content\/uploads\/2024\/04\/cropped-logo-1.png\",\"contentUrl\":\"https:\/\/biciurba.com\/wp-content\/uploads\/2024\/04\/cropped-logo-1.png\",\"width\":512,\"height\":318,\"caption\":\"Carlos Cantor\"},\"logo\":{\"@id\":\"https:\/\/biciurba.com\/#\/schema\/person\/image\/\"},\"sameAs\":[\"https:\/\/biciurba.com\"],\"url\":\"https:\/\/biciurba.com\/index.php\/author\/ccantor\/\"}]}<\/script>\n<!-- \/ Yoast SEO plugin. -->","yoast_head_json":{"title":"33\u00b0 Festival de cine Biarritz Am\u00e9rica Latina : Honor para Alfonso Cuar\u00f3n,incertidumbre para Argentina - Biciurba","robots":{"index":"index","follow":"follow","max-snippet":"max-snippet:-1","max-image-preview":"max-image-preview:large","max-video-preview":"max-video-preview:-1"},"canonical":"https:\/\/biciurba.com\/index.php\/2024\/09\/26\/33-festival-de-cine-biarritz-america-latina-honor-para-alfonso-cuaronincertidumbre-para-argentina\/","og_locale":"es_ES","og_type":"article","og_title":"33\u00b0 Festival de cine Biarritz Am\u00e9rica Latina : Honor para Alfonso Cuar\u00f3n,incertidumbre para Argentina - Biciurba","og_description":"Por MH EscalanteBiarritz, 26 septiembre 2024 El 33\u00b0 Festival de cine Biarritz Am\u00e9rica Latina, ligado a esta ciudad balnearia y de surf desde hace tres d\u00e9cadas, abri\u00f3 como es su costumbre en la \u00faltima semana de septiembre con Argentina como pa\u00eds invitado. Sin por ello dejar de lado el cine de Brasil y de M\u00e9xico, [&hellip;]","og_url":"https:\/\/biciurba.com\/index.php\/2024\/09\/26\/33-festival-de-cine-biarritz-america-latina-honor-para-alfonso-cuaronincertidumbre-para-argentina\/","og_site_name":"Biciurba","article_published_time":"2024-09-26T16:18:36+00:00","article_modified_time":"2024-09-26T20:44:37+00:00","og_image":[{"width":700,"height":404,"url":"https:\/\/biciurba.com\/wp-content\/uploads\/2024\/09\/foto-entrada.png","type":"image\/png"}],"author":"Carlos Cantor","twitter_card":"summary_large_image","twitter_misc":{"Escrito por":"Carlos Cantor","Tiempo de lectura":"9 minutos"},"schema":{"@context":"https:\/\/schema.org","@graph":[{"@type":"Article","@id":"https:\/\/biciurba.com\/index.php\/2024\/09\/26\/33-festival-de-cine-biarritz-america-latina-honor-para-alfonso-cuaronincertidumbre-para-argentina\/#article","isPartOf":{"@id":"https:\/\/biciurba.com\/index.php\/2024\/09\/26\/33-festival-de-cine-biarritz-america-latina-honor-para-alfonso-cuaronincertidumbre-para-argentina\/"},"author":{"name":"Carlos Cantor","@id":"https:\/\/biciurba.com\/#\/schema\/person\/d9675ddf29ee982d268db0a3f239eced"},"headline":"33\u00b0 Festival de cine Biarritz Am\u00e9rica Latina : Honor para Alfonso Cuar\u00f3n,incertidumbre para Argentina","datePublished":"2024-09-26T16:18:36+00:00","dateModified":"2024-09-26T20:44:37+00:00","mainEntityOfPage":{"@id":"https:\/\/biciurba.com\/index.php\/2024\/09\/26\/33-festival-de-cine-biarritz-america-latina-honor-para-alfonso-cuaronincertidumbre-para-argentina\/"},"wordCount":1744,"commentCount":0,"publisher":{"@id":"https:\/\/biciurba.com\/#\/schema\/person\/d9675ddf29ee982d268db0a3f239eced"},"image":{"@id":"https:\/\/biciurba.com\/index.php\/2024\/09\/26\/33-festival-de-cine-biarritz-america-latina-honor-para-alfonso-cuaronincertidumbre-para-argentina\/#primaryimage"},"thumbnailUrl":"https:\/\/biciurba.com\/wp-content\/uploads\/2024\/09\/foto-entrada.png","keywords":["Cine latinoamericano","Cultura cinematogr\u00e1fica","Festival de cine Biarritz","Mar\u00eda Helena Escalante"],"articleSection":["Noticias"],"inLanguage":"es","potentialAction":[{"@type":"CommentAction","name":"Comment","target":["https:\/\/biciurba.com\/index.php\/2024\/09\/26\/33-festival-de-cine-biarritz-america-latina-honor-para-alfonso-cuaronincertidumbre-para-argentina\/#respond"]}]},{"@type":"WebPage","@id":"https:\/\/biciurba.com\/index.php\/2024\/09\/26\/33-festival-de-cine-biarritz-america-latina-honor-para-alfonso-cuaronincertidumbre-para-argentina\/","url":"https:\/\/biciurba.com\/index.php\/2024\/09\/26\/33-festival-de-cine-biarritz-america-latina-honor-para-alfonso-cuaronincertidumbre-para-argentina\/","name":"33\u00b0 Festival de cine Biarritz Am\u00e9rica Latina : Honor para Alfonso Cuar\u00f3n,incertidumbre para Argentina - Biciurba","isPartOf":{"@id":"https:\/\/biciurba.com\/#website"},"primaryImageOfPage":{"@id":"https:\/\/biciurba.com\/index.php\/2024\/09\/26\/33-festival-de-cine-biarritz-america-latina-honor-para-alfonso-cuaronincertidumbre-para-argentina\/#primaryimage"},"image":{"@id":"https:\/\/biciurba.com\/index.php\/2024\/09\/26\/33-festival-de-cine-biarritz-america-latina-honor-para-alfonso-cuaronincertidumbre-para-argentina\/#primaryimage"},"thumbnailUrl":"https:\/\/biciurba.com\/wp-content\/uploads\/2024\/09\/foto-entrada.png","datePublished":"2024-09-26T16:18:36+00:00","dateModified":"2024-09-26T20:44:37+00:00","breadcrumb":{"@id":"https:\/\/biciurba.com\/index.php\/2024\/09\/26\/33-festival-de-cine-biarritz-america-latina-honor-para-alfonso-cuaronincertidumbre-para-argentina\/#breadcrumb"},"inLanguage":"es","potentialAction":[{"@type":"ReadAction","target":["https:\/\/biciurba.com\/index.php\/2024\/09\/26\/33-festival-de-cine-biarritz-america-latina-honor-para-alfonso-cuaronincertidumbre-para-argentina\/"]}]},{"@type":"ImageObject","inLanguage":"es","@id":"https:\/\/biciurba.com\/index.php\/2024\/09\/26\/33-festival-de-cine-biarritz-america-latina-honor-para-alfonso-cuaronincertidumbre-para-argentina\/#primaryimage","url":"https:\/\/biciurba.com\/wp-content\/uploads\/2024\/09\/foto-entrada.png","contentUrl":"https:\/\/biciurba.com\/wp-content\/uploads\/2024\/09\/foto-entrada.png","width":700,"height":404,"caption":"\u201cAbrazo de Honor\u201d para Alfonso Cuar\u00f3n en el 33\u00b0 Festival de cine Biarritz Am\u00e9rica Latina Foto : MH Escalante"},{"@type":"BreadcrumbList","@id":"https:\/\/biciurba.com\/index.php\/2024\/09\/26\/33-festival-de-cine-biarritz-america-latina-honor-para-alfonso-cuaronincertidumbre-para-argentina\/#breadcrumb","itemListElement":[{"@type":"ListItem","position":1,"name":"Portada","item":"https:\/\/biciurba.com\/"},{"@type":"ListItem","position":2,"name":"33\u00b0 Festival de cine Biarritz Am\u00e9rica Latina : Honor para Alfonso Cuar\u00f3n,incertidumbre para Argentina"}]},{"@type":"WebSite","@id":"https:\/\/biciurba.com\/#website","url":"https:\/\/biciurba.com\/","name":"Biciurba","description":"Una mejor manera de vivir","publisher":{"@id":"https:\/\/biciurba.com\/#\/schema\/person\/d9675ddf29ee982d268db0a3f239eced"},"potentialAction":[{"@type":"SearchAction","target":{"@type":"EntryPoint","urlTemplate":"https:\/\/biciurba.com\/?s={search_term_string}"},"query-input":{"@type":"PropertyValueSpecification","valueRequired":true,"valueName":"search_term_string"}}],"inLanguage":"es"},{"@type":["Person","Organization"],"@id":"https:\/\/biciurba.com\/#\/schema\/person\/d9675ddf29ee982d268db0a3f239eced","name":"Carlos Cantor","image":{"@type":"ImageObject","inLanguage":"es","@id":"https:\/\/biciurba.com\/#\/schema\/person\/image\/","url":"https:\/\/biciurba.com\/wp-content\/uploads\/2024\/04\/cropped-logo-1.png","contentUrl":"https:\/\/biciurba.com\/wp-content\/uploads\/2024\/04\/cropped-logo-1.png","width":512,"height":318,"caption":"Carlos Cantor"},"logo":{"@id":"https:\/\/biciurba.com\/#\/schema\/person\/image\/"},"sameAs":["https:\/\/biciurba.com"],"url":"https:\/\/biciurba.com\/index.php\/author\/ccantor\/"}]}},"_links":{"self":[{"href":"https:\/\/biciurba.com\/index.php\/wp-json\/wp\/v2\/posts\/1153"}],"collection":[{"href":"https:\/\/biciurba.com\/index.php\/wp-json\/wp\/v2\/posts"}],"about":[{"href":"https:\/\/biciurba.com\/index.php\/wp-json\/wp\/v2\/types\/post"}],"author":[{"embeddable":true,"href":"https:\/\/biciurba.com\/index.php\/wp-json\/wp\/v2\/users\/1"}],"replies":[{"embeddable":true,"href":"https:\/\/biciurba.com\/index.php\/wp-json\/wp\/v2\/comments?post=1153"}],"version-history":[{"count":3,"href":"https:\/\/biciurba.com\/index.php\/wp-json\/wp\/v2\/posts\/1153\/revisions"}],"predecessor-version":[{"id":1166,"href":"https:\/\/biciurba.com\/index.php\/wp-json\/wp\/v2\/posts\/1153\/revisions\/1166"}],"wp:featuredmedia":[{"embeddable":true,"href":"https:\/\/biciurba.com\/index.php\/wp-json\/wp\/v2\/media\/1163"}],"wp:attachment":[{"href":"https:\/\/biciurba.com\/index.php\/wp-json\/wp\/v2\/media?parent=1153"}],"wp:term":[{"taxonomy":"category","embeddable":true,"href":"https:\/\/biciurba.com\/index.php\/wp-json\/wp\/v2\/categories?post=1153"},{"taxonomy":"post_tag","embeddable":true,"href":"https:\/\/biciurba.com\/index.php\/wp-json\/wp\/v2\/tags?post=1153"}],"curies":[{"name":"wp","href":"https:\/\/api.w.org\/{rel}","templated":true}]}}