{"id":1155,"date":"2024-09-26T09:57:25","date_gmt":"2024-09-26T14:57:25","guid":{"rendered":"https:\/\/biciurba.com\/?p=1155"},"modified":"2024-09-26T09:57:28","modified_gmt":"2024-09-26T14:57:28","slug":"el-mercado-de-carbono","status":"publish","type":"post","link":"https:\/\/biciurba.com\/index.php\/2024\/09\/26\/el-mercado-de-carbono\/","title":{"rendered":"El mercado de carbono"},"content":{"rendered":"\n<p>Una de las propuestas de las que m\u00e1s se ha hablado es la de cambiar contaminaci\u00f3n por bonos de carbono con los pa\u00edses que no contaminan. \u00bfRealmente este intercambio funciona a nivel mundial? Conversamos con la mag\u00edster e ingenier\u00eda ambiental, \u00c1ngela Rodr\u00edguez. Consultora en el grupo de mitigaci\u00f3n de la Direcci\u00f3n de Cambio Clim\u00e1tico y gesti\u00f3n del Riesgo del Ministerio de Ambiente y Desarrollo Sostenible de Colombia. Un tema relevante en estos tiempos de crisis clim\u00e1tica que tanto preocupa al com\u00fan de las personas.<\/p>\n\n\n\n<figure class=\"wp-block-embed is-type-rich is-provider-spotify wp-block-embed-spotify wp-embed-aspect-21-9 wp-has-aspect-ratio\"><div class=\"wp-block-embed__wrapper\">\n<iframe title=\"Spotify Embed: Cap\u00edtulo 19: El mercado de carbono\" style=\"border-radius: 12px\" width=\"100%\" height=\"152\" frameborder=\"0\" allowfullscreen allow=\"autoplay; clipboard-write; encrypted-media; fullscreen; picture-in-picture\" loading=\"lazy\" src=\"https:\/\/open.spotify.com\/embed\/episode\/3Fuc4sMA1imNfoYlnKFCOV?si=20fc071f8733415c&#038;utm_source=oembed\"><\/iframe>\n<\/div><\/figure>\n","protected":false},"excerpt":{"rendered":"<p>Una de las propuestas de las que m\u00e1s se ha hablado es la de cambiar contaminaci\u00f3n por bonos de carbono con los pa\u00edses que no contaminan. \u00bfRealmente este intercambio funciona a nivel mundial? Conversamos con la mag\u00edster e ingenier\u00eda ambiental, \u00c1ngela Rodr\u00edguez. Consultora en el grupo de mitigaci\u00f3n de la Direcci\u00f3n de Cambio Clim\u00e1tico y [&hellip;]<\/p>\n","protected":false},"author":1,"featured_media":542,"comment_status":"open","ping_status":"open","sticky":false,"template":"","format":"standard","meta":{"footnotes":""},"categories":[51],"tags":[82,458,19,60,459,76],"class_list":["post-1155","post","type-post","status-publish","format-standard","has-post-thumbnail","hentry","category-podcast-biciurba","tag-antropoceno","tag-bonos-de-carbono","tag-crisis-climatica","tag-dano-ambiental","tag-justicia-ambiental","tag-sociedad-de-consumo"],"yoast_head":"<!-- This site is optimized with the Yoast SEO plugin v23.9 - https:\/\/yoast.com\/wordpress\/plugins\/seo\/ -->\n<title>El mercado de carbono - Biciurba<\/title>\n<meta name=\"robots\" content=\"index, follow, max-snippet:-1, max-image-preview:large, max-video-preview:-1\" \/>\n<link rel=\"canonical\" href=\"https:\/\/biciurba.com\/index.php\/2024\/09\/26\/el-mercado-de-carbono\/\" \/>\n<meta property=\"og:locale\" content=\"es_ES\" \/>\n<meta property=\"og:type\" content=\"article\" \/>\n<meta property=\"og:title\" content=\"El mercado de carbono - Biciurba\" \/>\n<meta property=\"og:description\" content=\"Una de las propuestas de las que m\u00e1s se ha hablado es la de cambiar contaminaci\u00f3n por bonos de carbono con los pa\u00edses que no contaminan. \u00bfRealmente este intercambio funciona a nivel mundial? Conversamos con la mag\u00edster e ingenier\u00eda ambiental, \u00c1ngela Rodr\u00edguez. Consultora en el grupo de mitigaci\u00f3n de la Direcci\u00f3n de Cambio Clim\u00e1tico y [&hellip;]\" \/>\n<meta property=\"og:url\" content=\"https:\/\/biciurba.com\/index.php\/2024\/09\/26\/el-mercado-de-carbono\/\" \/>\n<meta property=\"og:site_name\" content=\"Biciurba\" \/>\n<meta property=\"article:published_time\" content=\"2024-09-26T14:57:25+00:00\" \/>\n<meta property=\"article:modified_time\" content=\"2024-09-26T14:57:28+00:00\" \/>\n<meta property=\"og:image\" content=\"https:\/\/biciurba.com\/wp-content\/uploads\/2024\/05\/podcast-logo.png\" \/>\n\t<meta property=\"og:image:width\" content=\"600\" \/>\n\t<meta property=\"og:image:height\" content=\"400\" \/>\n\t<meta property=\"og:image:type\" content=\"image\/png\" \/>\n<meta name=\"author\" content=\"Carlos Cantor\" \/>\n<meta name=\"twitter:card\" content=\"summary_large_image\" \/>\n<meta name=\"twitter:label1\" content=\"Escrito por\" \/>\n\t<meta name=\"twitter:data1\" content=\"Carlos Cantor\" \/>\n\t<meta name=\"twitter:label2\" content=\"Tiempo de lectura\" \/>\n\t<meta name=\"twitter:data2\" content=\"1 minuto\" \/>\n<script type=\"application\/ld+json\" class=\"yoast-schema-graph\">{\"@context\":\"https:\/\/schema.org\",\"@graph\":[{\"@type\":\"Article\",\"@id\":\"https:\/\/biciurba.com\/index.php\/2024\/09\/26\/el-mercado-de-carbono\/#article\",\"isPartOf\":{\"@id\":\"https:\/\/biciurba.com\/index.php\/2024\/09\/26\/el-mercado-de-carbono\/\"},\"author\":{\"name\":\"Carlos Cantor\",\"@id\":\"https:\/\/biciurba.com\/#\/schema\/person\/d9675ddf29ee982d268db0a3f239eced\"},\"headline\":\"El mercado de carbono\",\"datePublished\":\"2024-09-26T14:57:25+00:00\",\"dateModified\":\"2024-09-26T14:57:28+00:00\",\"mainEntityOfPage\":{\"@id\":\"https:\/\/biciurba.com\/index.php\/2024\/09\/26\/el-mercado-de-carbono\/\"},\"wordCount\":112,\"commentCount\":0,\"publisher\":{\"@id\":\"https:\/\/biciurba.com\/#\/schema\/person\/d9675ddf29ee982d268db0a3f239eced\"},\"image\":{\"@id\":\"https:\/\/biciurba.com\/index.php\/2024\/09\/26\/el-mercado-de-carbono\/#primaryimage\"},\"thumbnailUrl\":\"https:\/\/biciurba.com\/wp-content\/uploads\/2024\/05\/podcast-logo.png\",\"keywords\":[\"Antropoceno\",\"Bonos de carbono\",\"Crisis clim\u00e1tica\",\"Da\u00f1o ambiental\",\"Justicia ambiental\",\"Sociedad de consumo\"],\"articleSection\":[\"Podcast\"],\"inLanguage\":\"es\",\"potentialAction\":[{\"@type\":\"CommentAction\",\"name\":\"Comment\",\"target\":[\"https:\/\/biciurba.com\/index.php\/2024\/09\/26\/el-mercado-de-carbono\/#respond\"]}]},{\"@type\":\"WebPage\",\"@id\":\"https:\/\/biciurba.com\/index.php\/2024\/09\/26\/el-mercado-de-carbono\/\",\"url\":\"https:\/\/biciurba.com\/index.php\/2024\/09\/26\/el-mercado-de-carbono\/\",\"name\":\"El mercado de carbono - Biciurba\",\"isPartOf\":{\"@id\":\"https:\/\/biciurba.com\/#website\"},\"primaryImageOfPage\":{\"@id\":\"https:\/\/biciurba.com\/index.php\/2024\/09\/26\/el-mercado-de-carbono\/#primaryimage\"},\"image\":{\"@id\":\"https:\/\/biciurba.com\/index.php\/2024\/09\/26\/el-mercado-de-carbono\/#primaryimage\"},\"thumbnailUrl\":\"https:\/\/biciurba.com\/wp-content\/uploads\/2024\/05\/podcast-logo.png\",\"datePublished\":\"2024-09-26T14:57:25+00:00\",\"dateModified\":\"2024-09-26T14:57:28+00:00\",\"breadcrumb\":{\"@id\":\"https:\/\/biciurba.com\/index.php\/2024\/09\/26\/el-mercado-de-carbono\/#breadcrumb\"},\"inLanguage\":\"es\",\"potentialAction\":[{\"@type\":\"ReadAction\",\"target\":[\"https:\/\/biciurba.com\/index.php\/2024\/09\/26\/el-mercado-de-carbono\/\"]}]},{\"@type\":\"ImageObject\",\"inLanguage\":\"es\",\"@id\":\"https:\/\/biciurba.com\/index.php\/2024\/09\/26\/el-mercado-de-carbono\/#primaryimage\",\"url\":\"https:\/\/biciurba.com\/wp-content\/uploads\/2024\/05\/podcast-logo.png\",\"contentUrl\":\"https:\/\/biciurba.com\/wp-content\/uploads\/2024\/05\/podcast-logo.png\",\"width\":600,\"height\":400},{\"@type\":\"BreadcrumbList\",\"@id\":\"https:\/\/biciurba.com\/index.php\/2024\/09\/26\/el-mercado-de-carbono\/#breadcrumb\",\"itemListElement\":[{\"@type\":\"ListItem\",\"position\":1,\"name\":\"Portada\",\"item\":\"https:\/\/biciurba.com\/\"},{\"@type\":\"ListItem\",\"position\":2,\"name\":\"El mercado de carbono\"}]},{\"@type\":\"WebSite\",\"@id\":\"https:\/\/biciurba.com\/#website\",\"url\":\"https:\/\/biciurba.com\/\",\"name\":\"Biciurba\",\"description\":\"Una mejor manera de vivir\",\"publisher\":{\"@id\":\"https:\/\/biciurba.com\/#\/schema\/person\/d9675ddf29ee982d268db0a3f239eced\"},\"potentialAction\":[{\"@type\":\"SearchAction\",\"target\":{\"@type\":\"EntryPoint\",\"urlTemplate\":\"https:\/\/biciurba.com\/?s={search_term_string}\"},\"query-input\":{\"@type\":\"PropertyValueSpecification\",\"valueRequired\":true,\"valueName\":\"search_term_string\"}}],\"inLanguage\":\"es\"},{\"@type\":[\"Person\",\"Organization\"],\"@id\":\"https:\/\/biciurba.com\/#\/schema\/person\/d9675ddf29ee982d268db0a3f239eced\",\"name\":\"Carlos Cantor\",\"image\":{\"@type\":\"ImageObject\",\"inLanguage\":\"es\",\"@id\":\"https:\/\/biciurba.com\/#\/schema\/person\/image\/\",\"url\":\"https:\/\/biciurba.com\/wp-content\/uploads\/2024\/04\/cropped-logo-1.png\",\"contentUrl\":\"https:\/\/biciurba.com\/wp-content\/uploads\/2024\/04\/cropped-logo-1.png\",\"width\":512,\"height\":318,\"caption\":\"Carlos Cantor\"},\"logo\":{\"@id\":\"https:\/\/biciurba.com\/#\/schema\/person\/image\/\"},\"sameAs\":[\"https:\/\/biciurba.com\"],\"url\":\"https:\/\/biciurba.com\/index.php\/author\/ccantor\/\"}]}<\/script>\n<!-- \/ Yoast SEO plugin. -->","yoast_head_json":{"title":"El mercado de carbono - Biciurba","robots":{"index":"index","follow":"follow","max-snippet":"max-snippet:-1","max-image-preview":"max-image-preview:large","max-video-preview":"max-video-preview:-1"},"canonical":"https:\/\/biciurba.com\/index.php\/2024\/09\/26\/el-mercado-de-carbono\/","og_locale":"es_ES","og_type":"article","og_title":"El mercado de carbono - Biciurba","og_description":"Una de las propuestas de las que m\u00e1s se ha hablado es la de cambiar contaminaci\u00f3n por bonos de carbono con los pa\u00edses que no contaminan. \u00bfRealmente este intercambio funciona a nivel mundial? Conversamos con la mag\u00edster e ingenier\u00eda ambiental, \u00c1ngela Rodr\u00edguez. Consultora en el grupo de mitigaci\u00f3n de la Direcci\u00f3n de Cambio Clim\u00e1tico y [&hellip;]","og_url":"https:\/\/biciurba.com\/index.php\/2024\/09\/26\/el-mercado-de-carbono\/","og_site_name":"Biciurba","article_published_time":"2024-09-26T14:57:25+00:00","article_modified_time":"2024-09-26T14:57:28+00:00","og_image":[{"width":600,"height":400,"url":"https:\/\/biciurba.com\/wp-content\/uploads\/2024\/05\/podcast-logo.png","type":"image\/png"}],"author":"Carlos Cantor","twitter_card":"summary_large_image","twitter_misc":{"Escrito por":"Carlos Cantor","Tiempo de lectura":"1 minuto"},"schema":{"@context":"https:\/\/schema.org","@graph":[{"@type":"Article","@id":"https:\/\/biciurba.com\/index.php\/2024\/09\/26\/el-mercado-de-carbono\/#article","isPartOf":{"@id":"https:\/\/biciurba.com\/index.php\/2024\/09\/26\/el-mercado-de-carbono\/"},"author":{"name":"Carlos Cantor","@id":"https:\/\/biciurba.com\/#\/schema\/person\/d9675ddf29ee982d268db0a3f239eced"},"headline":"El mercado de carbono","datePublished":"2024-09-26T14:57:25+00:00","dateModified":"2024-09-26T14:57:28+00:00","mainEntityOfPage":{"@id":"https:\/\/biciurba.com\/index.php\/2024\/09\/26\/el-mercado-de-carbono\/"},"wordCount":112,"commentCount":0,"publisher":{"@id":"https:\/\/biciurba.com\/#\/schema\/person\/d9675ddf29ee982d268db0a3f239eced"},"image":{"@id":"https:\/\/biciurba.com\/index.php\/2024\/09\/26\/el-mercado-de-carbono\/#primaryimage"},"thumbnailUrl":"https:\/\/biciurba.com\/wp-content\/uploads\/2024\/05\/podcast-logo.png","keywords":["Antropoceno","Bonos de carbono","Crisis clim\u00e1tica","Da\u00f1o ambiental","Justicia ambiental","Sociedad de consumo"],"articleSection":["Podcast"],"inLanguage":"es","potentialAction":[{"@type":"CommentAction","name":"Comment","target":["https:\/\/biciurba.com\/index.php\/2024\/09\/26\/el-mercado-de-carbono\/#respond"]}]},{"@type":"WebPage","@id":"https:\/\/biciurba.com\/index.php\/2024\/09\/26\/el-mercado-de-carbono\/","url":"https:\/\/biciurba.com\/index.php\/2024\/09\/26\/el-mercado-de-carbono\/","name":"El mercado de carbono - Biciurba","isPartOf":{"@id":"https:\/\/biciurba.com\/#website"},"primaryImageOfPage":{"@id":"https:\/\/biciurba.com\/index.php\/2024\/09\/26\/el-mercado-de-carbono\/#primaryimage"},"image":{"@id":"https:\/\/biciurba.com\/index.php\/2024\/09\/26\/el-mercado-de-carbono\/#primaryimage"},"thumbnailUrl":"https:\/\/biciurba.com\/wp-content\/uploads\/2024\/05\/podcast-logo.png","datePublished":"2024-09-26T14:57:25+00:00","dateModified":"2024-09-26T14:57:28+00:00","breadcrumb":{"@id":"https:\/\/biciurba.com\/index.php\/2024\/09\/26\/el-mercado-de-carbono\/#breadcrumb"},"inLanguage":"es","potentialAction":[{"@type":"ReadAction","target":["https:\/\/biciurba.com\/index.php\/2024\/09\/26\/el-mercado-de-carbono\/"]}]},{"@type":"ImageObject","inLanguage":"es","@id":"https:\/\/biciurba.com\/index.php\/2024\/09\/26\/el-mercado-de-carbono\/#primaryimage","url":"https:\/\/biciurba.com\/wp-content\/uploads\/2024\/05\/podcast-logo.png","contentUrl":"https:\/\/biciurba.com\/wp-content\/uploads\/2024\/05\/podcast-logo.png","width":600,"height":400},{"@type":"BreadcrumbList","@id":"https:\/\/biciurba.com\/index.php\/2024\/09\/26\/el-mercado-de-carbono\/#breadcrumb","itemListElement":[{"@type":"ListItem","position":1,"name":"Portada","item":"https:\/\/biciurba.com\/"},{"@type":"ListItem","position":2,"name":"El mercado de carbono"}]},{"@type":"WebSite","@id":"https:\/\/biciurba.com\/#website","url":"https:\/\/biciurba.com\/","name":"Biciurba","description":"Una mejor manera de vivir","publisher":{"@id":"https:\/\/biciurba.com\/#\/schema\/person\/d9675ddf29ee982d268db0a3f239eced"},"potentialAction":[{"@type":"SearchAction","target":{"@type":"EntryPoint","urlTemplate":"https:\/\/biciurba.com\/?s={search_term_string}"},"query-input":{"@type":"PropertyValueSpecification","valueRequired":true,"valueName":"search_term_string"}}],"inLanguage":"es"},{"@type":["Person","Organization"],"@id":"https:\/\/biciurba.com\/#\/schema\/person\/d9675ddf29ee982d268db0a3f239eced","name":"Carlos Cantor","image":{"@type":"ImageObject","inLanguage":"es","@id":"https:\/\/biciurba.com\/#\/schema\/person\/image\/","url":"https:\/\/biciurba.com\/wp-content\/uploads\/2024\/04\/cropped-logo-1.png","contentUrl":"https:\/\/biciurba.com\/wp-content\/uploads\/2024\/04\/cropped-logo-1.png","width":512,"height":318,"caption":"Carlos Cantor"},"logo":{"@id":"https:\/\/biciurba.com\/#\/schema\/person\/image\/"},"sameAs":["https:\/\/biciurba.com"],"url":"https:\/\/biciurba.com\/index.php\/author\/ccantor\/"}]}},"_links":{"self":[{"href":"https:\/\/biciurba.com\/index.php\/wp-json\/wp\/v2\/posts\/1155"}],"collection":[{"href":"https:\/\/biciurba.com\/index.php\/wp-json\/wp\/v2\/posts"}],"about":[{"href":"https:\/\/biciurba.com\/index.php\/wp-json\/wp\/v2\/types\/post"}],"author":[{"embeddable":true,"href":"https:\/\/biciurba.com\/index.php\/wp-json\/wp\/v2\/users\/1"}],"replies":[{"embeddable":true,"href":"https:\/\/biciurba.com\/index.php\/wp-json\/wp\/v2\/comments?post=1155"}],"version-history":[{"count":1,"href":"https:\/\/biciurba.com\/index.php\/wp-json\/wp\/v2\/posts\/1155\/revisions"}],"predecessor-version":[{"id":1156,"href":"https:\/\/biciurba.com\/index.php\/wp-json\/wp\/v2\/posts\/1155\/revisions\/1156"}],"wp:featuredmedia":[{"embeddable":true,"href":"https:\/\/biciurba.com\/index.php\/wp-json\/wp\/v2\/media\/542"}],"wp:attachment":[{"href":"https:\/\/biciurba.com\/index.php\/wp-json\/wp\/v2\/media?parent=1155"}],"wp:term":[{"taxonomy":"category","embeddable":true,"href":"https:\/\/biciurba.com\/index.php\/wp-json\/wp\/v2\/categories?post=1155"},{"taxonomy":"post_tag","embeddable":true,"href":"https:\/\/biciurba.com\/index.php\/wp-json\/wp\/v2\/tags?post=1155"}],"curies":[{"name":"wp","href":"https:\/\/api.w.org\/{rel}","templated":true}]}}