{"id":1175,"date":"2024-09-30T15:21:55","date_gmt":"2024-09-30T20:21:55","guid":{"rendered":"https:\/\/biciurba.com\/?p=1175"},"modified":"2024-09-30T15:30:47","modified_gmt":"2024-09-30T20:30:47","slug":"cuando-de-estadisticas-se-trata-hay-que-ver-el-contexto","status":"publish","type":"post","link":"https:\/\/biciurba.com\/index.php\/2024\/09\/30\/cuando-de-estadisticas-se-trata-hay-que-ver-el-contexto\/","title":{"rendered":"Cuando de estad\u00edsticas se trata, hay que ver el contexto"},"content":{"rendered":"\n<p>Cuando se presentan las cifras de desempleo, empleo informal, costo de vida e inflaci\u00f3n en general, crecen las preocupaciones de poder mantener el trabajo, satisfacer necesidades, pagos de cr\u00e9ditos y lograr llegar a fin de mes.<\/p>\n\n\n\n<p>En Colombia, pa\u00eds en donde se origina BiciUrba, los m\u00e1s recientes datos del DANE, entidad que tiene a su cargo las estad\u00edsticas del pa\u00eds, anuncia un mayor desempleo del 9,7 % y que las cifras demuestran un claro aumento frente a 2023, cuando se ubic\u00f3 en 9,3 % para el mismo mes. La tasa de ocupaci\u00f3n actualmente se encuentra sobre el 58,3 %, lo que tambi\u00e9n signific\u00f3 una clara reducci\u00f3n frente a la cifra del a\u00f1o pasado, que se ubicaba en 58,5 %. No hubo un cambio tan sustancial en la tasa global de participaci\u00f3n, la cual se ubic\u00f3 en un 64,5 %, frente al 64,4 % del a\u00f1o 2023. En l\u00edneas generales son regulares noticias. Pero, \u00bfqu\u00e9 sucede en el contexto de Suram\u00e9rica?<\/p>\n\n\n\n<p>El diagn\u00f3stico es el mismo: crisis econ\u00f3mica con un aumento del desempleo, la proliferaci\u00f3n del empleo informal, el incremento de la inflaci\u00f3n y un preocupante crecimiento de la pobreza. Dicen que son consecuencia de los efectos de la pandemia de COVID-19, la guerra en Ucrania y las tensiones econ\u00f3micas globales que han exacerbado las condiciones preexistentes de inestabilidad en la regi\u00f3n. Y qu\u00e9 nos dicen los organismos como el DANE, CEPAL, PNUD, INEI, INEC, Banco Mundial, INE, INDEC e IBGE con respecto a este tema tan crucial, que a la final representan la calidad de vida de Suram\u00e9rica.<\/p>\n\n\n\n<p>El desempleo es un fen\u00f3meno multifactorial que ha empeorado en los \u00faltimos a\u00f1os debido a la falta del crecimiento econ\u00f3mico sostenido. A pesar que la regi\u00f3n experiment\u00f3 una recuperaci\u00f3n parcial tras la pandemia, esta no ha sido suficiente para generar empleos formales de calidad. De acuerdo con la CEPAL, el crecimiento econ\u00f3mico de la regi\u00f3n fue del 3.7% en 2022, insuficiente para absorber el incremento en la poblaci\u00f3n activa.<\/p>\n\n\n\n<p>Seg\u00fan el Banco Mundial, desde el 2020, el a\u00f1o de la pandemia, la regi\u00f3n perdi\u00f3 alrededor de 26 millones de empleos, lo que acentu\u00f3 la precarizaci\u00f3n laboral, aumentando la informalidad como medio de sobrevivencia, especialmente en las grandes capitales.<\/p>\n\n\n<div class=\"wp-block-image\">\n<figure class=\"aligncenter size-full\"><img loading=\"lazy\" decoding=\"async\" width=\"600\" height=\"400\" src=\"https:\/\/biciurba.com\/wp-content\/uploads\/2024\/09\/Rio-informales.png\" alt=\"\" class=\"wp-image-1177\" srcset=\"https:\/\/biciurba.com\/wp-content\/uploads\/2024\/09\/Rio-informales.png 600w, https:\/\/biciurba.com\/wp-content\/uploads\/2024\/09\/Rio-informales-300x200.png 300w\" sizes=\"(max-width: 600px) 100vw, 600px\" \/><figcaption class=\"wp-element-caption\">En Brasil, seg\u00fan el Instituto Brasile\u00f1o de Geograf\u00eda y Estad\u00edstica (IBGE), la tasa de desempleo en 2023 fue del 8.5%, una disminuci\u00f3n en comparaci\u00f3n con los a\u00f1os previos, cuando alcanz\u00f3 el 14% durante la pandemia. Sin embargo, la reducci\u00f3n en las cifras no refleja una recuperaci\u00f3n significativa del empleo formal, ya que gran parte de la poblaci\u00f3n ha recurrido a trabajos informales para subsistir.<\/figcaption><\/figure><\/div>\n\n\n<p>Ahora bien, por muchas d\u00e9cadas los niveles de desigualdad social, de g\u00e9nero y de educaci\u00f3n formal vienen marcando el aumento de la pobreza, de tal manera que el acceso desigual a oportunidades laborales es una realidad en la regi\u00f3n. Seg\u00fan el PNUD, las mujeres, los j\u00f3venes y las personas en zonas rurales son los m\u00e1s afectados por el desempleo. En pa\u00edses como Colombia y Brasil, los datos del DANE e IBGE reflejan tasas de desempleo juvenil significativamente superiores a las del promedio nacional urbano, lo que agrava la exclusi\u00f3n social.<\/p>\n\n\n\n<p>Los cambios tecnol\u00f3gicos tambi\u00e9n ayudan a estas realidad econ\u00f3micas. En algunos sectores, la automatizaci\u00f3n ha desplazado a trabajadores que no han logrado actualizarse y adaptarse a las nuevas realidades. Seg\u00fan la CEPAL, m\u00e1s del 40% de los empleos en Suram\u00e9rica est\u00e1n en riesgo de automatizaci\u00f3n, particularmente en sectores como la manufactura y el comercio minorista, y la pandemia fue un impulsor del comercio en l\u00ednea, por ejemplo, lo que afecta a los establecimiento de centros comerciales y en general el comercio tradicional. Los que han dado el salto al e-comercie, est\u00e1n mucho mejor.<\/p>\n\n\n\n<p>Ante la p\u00e9rdida de los empleos formales, bien por cierre de empresas que no lograron su adaptaci\u00f3n tecnol\u00f3gica, o que la hicieron y ya no requieren tanto personal, se suma el insuficiente crecimiento econ\u00f3mico y la rigidez del mercado laboral, con reformas del sector desde las pol\u00edticas de gobierno que crean mucha incertidumbre y demoran nuevas inversiones en todos los campos de la industria. Seg\u00fan la Organizaci\u00f3n Internacional del Trabajo (OIT), el 50% de los trabajadores en Am\u00e9rica Latina est\u00e1 empleado en el sector informal y es a\u00fan m\u00e1s elevada en sectores como la agricultura y el comercio minorista, donde el acceso a contratos formales es inexistente.<\/p>\n\n\n\n<p>Y si en la ciudad la informalidad es dram\u00e1tica, en la ruralidad es especialmente compleja, all\u00ed los sistemas de protecci\u00f3n social y formalizaci\u00f3n del empleo son m\u00e1s d\u00e9biles. En pa\u00edses como Per\u00fa, seg\u00fan el INEI, la informalidad en \u00e1reas rurales supera el 80%, debido a la prevalencia de actividades agr\u00edcolas de subsistencia y microempresas familiares. Se suma reformas al c\u00f3digo laboral y a las reglas de empleabilidad que en su mayor\u00eda afectan al trabajador y que al cambiarlas generan mayor escepticismo y baja contrataci\u00f3n. Las empresas encuentran incentivos para evitar la formalizaci\u00f3n de los contratos de trabajo. Esto se traduce en una gran cantidad de trabajadores que no tienen acceso a beneficios sociales ni a derechos laborales b\u00e1sicos.<\/p>\n\n\n<div class=\"wp-block-image\">\n<figure class=\"aligncenter size-full\"><img loading=\"lazy\" decoding=\"async\" width=\"600\" height=\"400\" src=\"https:\/\/biciurba.com\/wp-content\/uploads\/2024\/09\/BA-informales.png\" alt=\"\" class=\"wp-image-1178\" srcset=\"https:\/\/biciurba.com\/wp-content\/uploads\/2024\/09\/BA-informales.png 600w, https:\/\/biciurba.com\/wp-content\/uploads\/2024\/09\/BA-informales-300x200.png 300w\" sizes=\"(max-width: 600px) 100vw, 600px\" \/><figcaption class=\"wp-element-caption\">La pobreza en Argentina lleg\u00f3 hasta el 52,9% en el primer semestre del 2024, lo que representa un aumento de 11 puntos con respecto al segundo semestre del 2023, desde que Javier Milei asumi\u00f3 el poder, en diciembre pasado.<\/figcaption><\/figure><\/div>\n\n\n<p>La educaci\u00f3n laboral, t\u00e9cnica o profesional marcan la diferencia en muchos casos, el no poseerla o con menor nivel educativo tienen m\u00e1s probabilidades de caer en la informalidad. En Paraguay, por ejemplo, el INE revela que m\u00e1s del 70% de los trabajadores con educaci\u00f3n primaria incompleta est\u00e1n en empleos informales. La falta de acceso a educaci\u00f3n de calidad perpet\u00faa un ciclo de baja calificaci\u00f3n y vulnerabilidad laboral.<\/p>\n\n\n\n<p>Otro factor determinante del aumento constante del costo de vida es la Inflaci\u00f3n y la constante p\u00e9rdida de poder adquisitivo de las familias. Productos esenciales como alimentos y energ\u00eda, ha erosionado el poder adquisitivo de millones de familias, especialmente en Venezuela y Argentina, llevando a grandes segmentos de la poblaci\u00f3n a la pobreza extrema. Seg\u00fan la CEPAL, en 2023, el 82% de los venezolanos vive en pobreza.<\/p>\n\n\n\n<p>Aunque algunos pa\u00edses han implementado programas de transferencias condicionadas de renta, como el Bolsa Fam\u00edlia en Brasil o Tekopor\u00e3 en Paraguay, estos han sido insuficientes para contrarrestar el aumento de la pobreza. En Colombia se ha buscado mejorar el ingreso b\u00e1sico para algunos sectores de la poblaci\u00f3n, pero esto ha generado grandes debates pol\u00edticos sobre los recursos para pagarlos en el marco del presupuesto, tanto del a\u00f1o en curso, como en el 2025.<\/p>\n\n\n\n<p>El aumento en los costos de combustibles, energ\u00eda y acueductos es un acelerador de la inflaci\u00f3n, casos como Argentina y Chile, la dependencia de las importaciones de petr\u00f3leo ha exacerbado la inflaci\u00f3n. En el campo del cambio energ\u00e9tico, que a\u00fan no es tan claro en todo el continente, genera expectativas que no se cumplen pero si crean malestar en los sectores productivos, aumentando la inquietud general y en los indices burs\u00e1tiles.<\/p>\n\n\n\n<p>Seg\u00fan el INDEC de Argentina, los precios de la energ\u00eda han aumentado m\u00e1s del 15% en 2023. La hiperinflaci\u00f3n en Venezuela es un caso extremo en la regi\u00f3n, donde el colapso del sistema productivo y la falta de credibilidad en las pol\u00edticas econ\u00f3micas del gobierno han llevado a una hiperinflaci\u00f3n sostenida desde 2017. Seg\u00fan el BCV, la inflaci\u00f3n en Venezuela alcanz\u00f3 m\u00e1s del 400% en 2023, una situaci\u00f3n que ha destruido el poder adquisitivo de la poblaci\u00f3n y la dolarizaci\u00f3n de su econom\u00eda en general.<\/p>\n\n\n\n<p>Muchos pa\u00edses de la regi\u00f3n han experimentado fuertes devaluaciones de sus monedas, lo que ha incrementado el costo de los productos importados. En Brasil, por ejemplo, la inflaci\u00f3n alcanz\u00f3 el 6% en 2023, con los alimentos, uno de los sectores m\u00e1s afectados, a\u00fan siendo un pa\u00eds productor.<\/p>\n\n\n\n<p>El gobierno de Milei en Argentina busca controlar al m\u00e1ximo el gasto p\u00fablico para hacer frente a las presiones inflacionarias. En el gobierno anterior, el Banco Central emiti\u00f3 grandes cantidades de dinero para financiar los gastos del gobierno, lo que ha llevado a una inflaci\u00f3n del 115% en 2023, seg\u00fan datos del INDEC y que sigue aumentando, a un ritmo menor, pero falta mucho para lograr un equilibrio fiscal.<\/p>\n\n\n<div class=\"wp-block-image\">\n<figure class=\"aligncenter size-full\"><img loading=\"lazy\" decoding=\"async\" width=\"600\" height=\"400\" src=\"https:\/\/biciurba.com\/wp-content\/uploads\/2024\/09\/sequia-brasil.png\" alt=\"\" class=\"wp-image-1181\" srcset=\"https:\/\/biciurba.com\/wp-content\/uploads\/2024\/09\/sequia-brasil.png 600w, https:\/\/biciurba.com\/wp-content\/uploads\/2024\/09\/sequia-brasil-300x200.png 300w\" sizes=\"(max-width: 600px) 100vw, 600px\" \/><figcaption class=\"wp-element-caption\">La sequ\u00eda producida en muy buena parte por la destrucci\u00f3n de la Amazonia, lleva a la miseria a sus habitantes de los seis pa\u00edses que la contiene.<\/figcaption><\/figure><\/div>\n\n\n<p>Un nuevo factor adicional a estas realidades es la Crisis Clim\u00e1tica, que se reconoce en extremos casos de sequ\u00eda y de extensos incendio forestales, que han afectado a siete pa\u00edses en recientes d\u00edas. Estas conflagraciones afectan directamente los ciclos naturales del agua en general generando ciclos de sequ\u00eda. La falta de resiliencia ante el cambio clim\u00e1tico ha empujado a muchas personas a la pobreza, exacerbando la situaci\u00f3n econ\u00f3mica de la regi\u00f3n.<\/p>\n\n\n\n<p>Suram\u00e9rica es una de las regiones m\u00e1s desiguales del mundo. Seg\u00fan el Banco Mundial, los pa\u00edses tienen altos \u00edndices de concentraci\u00f3n de la riqueza, lo que ha hecho que las crisis afecten desproporcionadamente a las poblaciones m\u00e1s vulnerables. El desempleo, el empleo informal, la inflaci\u00f3n y el aumento de la pobreza en Suram\u00e9rica son el resultado de una combinaci\u00f3n de factores estructurales y coyunturales, donde la pol\u00edtica casi nunca logra cambios positivos al servicio de las personas, del desarrollo y del buen vivir.<\/p>\n\n\n\n<p>Por ahora la confluencia de malas administraciones, guerras externas e internas, el narcotr\u00e1fico, la crisis clim\u00e1tica, la revoluci\u00f3n tecnol\u00f3gica en todos los aspectos de la producci\u00f3n y el comercio, la dependencia que imprime la globalizaci\u00f3n, hacen dif\u00edcil un mejoramiento en los indices que permitan avizorar un mejor presente y futuro en la regi\u00f3n.<\/p>\n","protected":false},"excerpt":{"rendered":"<p>Cuando se presentan las cifras de desempleo, empleo informal, costo de vida e inflaci\u00f3n en general, crecen las preocupaciones de poder mantener el trabajo, satisfacer necesidades, pagos de cr\u00e9ditos y lograr llegar a fin de mes. En Colombia, pa\u00eds en donde se origina BiciUrba, los m\u00e1s recientes datos del DANE, entidad que tiene a su [&hellip;]<\/p>\n","protected":false},"author":1,"featured_media":1176,"comment_status":"open","ping_status":"open","sticky":false,"template":"","format":"standard","meta":{"footnotes":""},"categories":[1,52],"tags":[469,470,468,467,61],"class_list":["post-1175","post","type-post","status-publish","format-standard","has-post-thumbnail","hentry","category-blog","category-noticias","tag-calidad-de-vida","tag-economia-regional","tag-inflacion","tag-macroeconomia","tag-suramerica"],"yoast_head":"<!-- This site is optimized with the Yoast SEO plugin v23.9 - https:\/\/yoast.com\/wordpress\/plugins\/seo\/ -->\n<title>Cuando de estad\u00edsticas se trata, hay que ver el contexto - Biciurba<\/title>\n<meta name=\"robots\" content=\"index, follow, max-snippet:-1, max-image-preview:large, max-video-preview:-1\" \/>\n<link rel=\"canonical\" href=\"https:\/\/biciurba.com\/index.php\/2024\/09\/30\/cuando-de-estadisticas-se-trata-hay-que-ver-el-contexto\/\" \/>\n<meta property=\"og:locale\" content=\"es_ES\" \/>\n<meta property=\"og:type\" content=\"article\" \/>\n<meta property=\"og:title\" content=\"Cuando de estad\u00edsticas se trata, hay que ver el contexto - Biciurba\" \/>\n<meta property=\"og:description\" content=\"Cuando se presentan las cifras de desempleo, empleo informal, costo de vida e inflaci\u00f3n en general, crecen las preocupaciones de poder mantener el trabajo, satisfacer necesidades, pagos de cr\u00e9ditos y lograr llegar a fin de mes. En Colombia, pa\u00eds en donde se origina BiciUrba, los m\u00e1s recientes datos del DANE, entidad que tiene a su [&hellip;]\" \/>\n<meta property=\"og:url\" content=\"https:\/\/biciurba.com\/index.php\/2024\/09\/30\/cuando-de-estadisticas-se-trata-hay-que-ver-el-contexto\/\" \/>\n<meta property=\"og:site_name\" content=\"Biciurba\" \/>\n<meta property=\"article:published_time\" content=\"2024-09-30T20:21:55+00:00\" \/>\n<meta property=\"article:modified_time\" content=\"2024-09-30T20:30:47+00:00\" \/>\n<meta property=\"og:image\" content=\"https:\/\/biciurba.com\/wp-content\/uploads\/2024\/09\/informales.png\" \/>\n\t<meta property=\"og:image:width\" content=\"600\" \/>\n\t<meta property=\"og:image:height\" content=\"400\" \/>\n\t<meta property=\"og:image:type\" content=\"image\/png\" \/>\n<meta name=\"author\" content=\"Carlos Cantor\" \/>\n<meta name=\"twitter:card\" content=\"summary_large_image\" \/>\n<meta name=\"twitter:label1\" content=\"Escrito por\" \/>\n\t<meta name=\"twitter:data1\" content=\"Carlos Cantor\" \/>\n\t<meta name=\"twitter:label2\" content=\"Tiempo de lectura\" \/>\n\t<meta name=\"twitter:data2\" content=\"9 minutos\" \/>\n<script type=\"application\/ld+json\" class=\"yoast-schema-graph\">{\"@context\":\"https:\/\/schema.org\",\"@graph\":[{\"@type\":\"Article\",\"@id\":\"https:\/\/biciurba.com\/index.php\/2024\/09\/30\/cuando-de-estadisticas-se-trata-hay-que-ver-el-contexto\/#article\",\"isPartOf\":{\"@id\":\"https:\/\/biciurba.com\/index.php\/2024\/09\/30\/cuando-de-estadisticas-se-trata-hay-que-ver-el-contexto\/\"},\"author\":{\"name\":\"Carlos Cantor\",\"@id\":\"https:\/\/biciurba.com\/#\/schema\/person\/d9675ddf29ee982d268db0a3f239eced\"},\"headline\":\"Cuando de estad\u00edsticas se trata, hay que ver el contexto\",\"datePublished\":\"2024-09-30T20:21:55+00:00\",\"dateModified\":\"2024-09-30T20:30:47+00:00\",\"mainEntityOfPage\":{\"@id\":\"https:\/\/biciurba.com\/index.php\/2024\/09\/30\/cuando-de-estadisticas-se-trata-hay-que-ver-el-contexto\/\"},\"wordCount\":1728,\"commentCount\":0,\"publisher\":{\"@id\":\"https:\/\/biciurba.com\/#\/schema\/person\/d9675ddf29ee982d268db0a3f239eced\"},\"image\":{\"@id\":\"https:\/\/biciurba.com\/index.php\/2024\/09\/30\/cuando-de-estadisticas-se-trata-hay-que-ver-el-contexto\/#primaryimage\"},\"thumbnailUrl\":\"https:\/\/biciurba.com\/wp-content\/uploads\/2024\/09\/informales.png\",\"keywords\":[\"calidad de vida\",\"Econom\u00eda regional\",\"Inflaci\u00f3n\",\"macroeconom\u00eda\",\"Suram\u00e9rica\"],\"articleSection\":[\"Editorial\",\"Noticias\"],\"inLanguage\":\"es\",\"potentialAction\":[{\"@type\":\"CommentAction\",\"name\":\"Comment\",\"target\":[\"https:\/\/biciurba.com\/index.php\/2024\/09\/30\/cuando-de-estadisticas-se-trata-hay-que-ver-el-contexto\/#respond\"]}]},{\"@type\":\"WebPage\",\"@id\":\"https:\/\/biciurba.com\/index.php\/2024\/09\/30\/cuando-de-estadisticas-se-trata-hay-que-ver-el-contexto\/\",\"url\":\"https:\/\/biciurba.com\/index.php\/2024\/09\/30\/cuando-de-estadisticas-se-trata-hay-que-ver-el-contexto\/\",\"name\":\"Cuando de estad\u00edsticas se trata, hay que ver el contexto - Biciurba\",\"isPartOf\":{\"@id\":\"https:\/\/biciurba.com\/#website\"},\"primaryImageOfPage\":{\"@id\":\"https:\/\/biciurba.com\/index.php\/2024\/09\/30\/cuando-de-estadisticas-se-trata-hay-que-ver-el-contexto\/#primaryimage\"},\"image\":{\"@id\":\"https:\/\/biciurba.com\/index.php\/2024\/09\/30\/cuando-de-estadisticas-se-trata-hay-que-ver-el-contexto\/#primaryimage\"},\"thumbnailUrl\":\"https:\/\/biciurba.com\/wp-content\/uploads\/2024\/09\/informales.png\",\"datePublished\":\"2024-09-30T20:21:55+00:00\",\"dateModified\":\"2024-09-30T20:30:47+00:00\",\"breadcrumb\":{\"@id\":\"https:\/\/biciurba.com\/index.php\/2024\/09\/30\/cuando-de-estadisticas-se-trata-hay-que-ver-el-contexto\/#breadcrumb\"},\"inLanguage\":\"es\",\"potentialAction\":[{\"@type\":\"ReadAction\",\"target\":[\"https:\/\/biciurba.com\/index.php\/2024\/09\/30\/cuando-de-estadisticas-se-trata-hay-que-ver-el-contexto\/\"]}]},{\"@type\":\"ImageObject\",\"inLanguage\":\"es\",\"@id\":\"https:\/\/biciurba.com\/index.php\/2024\/09\/30\/cuando-de-estadisticas-se-trata-hay-que-ver-el-contexto\/#primaryimage\",\"url\":\"https:\/\/biciurba.com\/wp-content\/uploads\/2024\/09\/informales.png\",\"contentUrl\":\"https:\/\/biciurba.com\/wp-content\/uploads\/2024\/09\/informales.png\",\"width\":600,\"height\":400,\"caption\":\"Suram\u00e9rica atraviesa una de sus crisis econ\u00f3micas m\u00e1s profundas en a\u00f1os recientes, marcada por altos niveles de desempleo, creciente empleo informal, inflaci\u00f3n descontrolada y un preocupante aumento de la pobreza.\"},{\"@type\":\"BreadcrumbList\",\"@id\":\"https:\/\/biciurba.com\/index.php\/2024\/09\/30\/cuando-de-estadisticas-se-trata-hay-que-ver-el-contexto\/#breadcrumb\",\"itemListElement\":[{\"@type\":\"ListItem\",\"position\":1,\"name\":\"Portada\",\"item\":\"https:\/\/biciurba.com\/\"},{\"@type\":\"ListItem\",\"position\":2,\"name\":\"Cuando de estad\u00edsticas se trata, hay que ver el contexto\"}]},{\"@type\":\"WebSite\",\"@id\":\"https:\/\/biciurba.com\/#website\",\"url\":\"https:\/\/biciurba.com\/\",\"name\":\"Biciurba\",\"description\":\"Una mejor manera de vivir\",\"publisher\":{\"@id\":\"https:\/\/biciurba.com\/#\/schema\/person\/d9675ddf29ee982d268db0a3f239eced\"},\"potentialAction\":[{\"@type\":\"SearchAction\",\"target\":{\"@type\":\"EntryPoint\",\"urlTemplate\":\"https:\/\/biciurba.com\/?s={search_term_string}\"},\"query-input\":{\"@type\":\"PropertyValueSpecification\",\"valueRequired\":true,\"valueName\":\"search_term_string\"}}],\"inLanguage\":\"es\"},{\"@type\":[\"Person\",\"Organization\"],\"@id\":\"https:\/\/biciurba.com\/#\/schema\/person\/d9675ddf29ee982d268db0a3f239eced\",\"name\":\"Carlos Cantor\",\"image\":{\"@type\":\"ImageObject\",\"inLanguage\":\"es\",\"@id\":\"https:\/\/biciurba.com\/#\/schema\/person\/image\/\",\"url\":\"https:\/\/biciurba.com\/wp-content\/uploads\/2024\/04\/cropped-logo-1.png\",\"contentUrl\":\"https:\/\/biciurba.com\/wp-content\/uploads\/2024\/04\/cropped-logo-1.png\",\"width\":512,\"height\":318,\"caption\":\"Carlos Cantor\"},\"logo\":{\"@id\":\"https:\/\/biciurba.com\/#\/schema\/person\/image\/\"},\"sameAs\":[\"https:\/\/biciurba.com\"],\"url\":\"https:\/\/biciurba.com\/index.php\/author\/ccantor\/\"}]}<\/script>\n<!-- \/ Yoast SEO plugin. -->","yoast_head_json":{"title":"Cuando de estad\u00edsticas se trata, hay que ver el contexto - Biciurba","robots":{"index":"index","follow":"follow","max-snippet":"max-snippet:-1","max-image-preview":"max-image-preview:large","max-video-preview":"max-video-preview:-1"},"canonical":"https:\/\/biciurba.com\/index.php\/2024\/09\/30\/cuando-de-estadisticas-se-trata-hay-que-ver-el-contexto\/","og_locale":"es_ES","og_type":"article","og_title":"Cuando de estad\u00edsticas se trata, hay que ver el contexto - Biciurba","og_description":"Cuando se presentan las cifras de desempleo, empleo informal, costo de vida e inflaci\u00f3n en general, crecen las preocupaciones de poder mantener el trabajo, satisfacer necesidades, pagos de cr\u00e9ditos y lograr llegar a fin de mes. En Colombia, pa\u00eds en donde se origina BiciUrba, los m\u00e1s recientes datos del DANE, entidad que tiene a su [&hellip;]","og_url":"https:\/\/biciurba.com\/index.php\/2024\/09\/30\/cuando-de-estadisticas-se-trata-hay-que-ver-el-contexto\/","og_site_name":"Biciurba","article_published_time":"2024-09-30T20:21:55+00:00","article_modified_time":"2024-09-30T20:30:47+00:00","og_image":[{"width":600,"height":400,"url":"https:\/\/biciurba.com\/wp-content\/uploads\/2024\/09\/informales.png","type":"image\/png"}],"author":"Carlos Cantor","twitter_card":"summary_large_image","twitter_misc":{"Escrito por":"Carlos Cantor","Tiempo de lectura":"9 minutos"},"schema":{"@context":"https:\/\/schema.org","@graph":[{"@type":"Article","@id":"https:\/\/biciurba.com\/index.php\/2024\/09\/30\/cuando-de-estadisticas-se-trata-hay-que-ver-el-contexto\/#article","isPartOf":{"@id":"https:\/\/biciurba.com\/index.php\/2024\/09\/30\/cuando-de-estadisticas-se-trata-hay-que-ver-el-contexto\/"},"author":{"name":"Carlos Cantor","@id":"https:\/\/biciurba.com\/#\/schema\/person\/d9675ddf29ee982d268db0a3f239eced"},"headline":"Cuando de estad\u00edsticas se trata, hay que ver el contexto","datePublished":"2024-09-30T20:21:55+00:00","dateModified":"2024-09-30T20:30:47+00:00","mainEntityOfPage":{"@id":"https:\/\/biciurba.com\/index.php\/2024\/09\/30\/cuando-de-estadisticas-se-trata-hay-que-ver-el-contexto\/"},"wordCount":1728,"commentCount":0,"publisher":{"@id":"https:\/\/biciurba.com\/#\/schema\/person\/d9675ddf29ee982d268db0a3f239eced"},"image":{"@id":"https:\/\/biciurba.com\/index.php\/2024\/09\/30\/cuando-de-estadisticas-se-trata-hay-que-ver-el-contexto\/#primaryimage"},"thumbnailUrl":"https:\/\/biciurba.com\/wp-content\/uploads\/2024\/09\/informales.png","keywords":["calidad de vida","Econom\u00eda regional","Inflaci\u00f3n","macroeconom\u00eda","Suram\u00e9rica"],"articleSection":["Editorial","Noticias"],"inLanguage":"es","potentialAction":[{"@type":"CommentAction","name":"Comment","target":["https:\/\/biciurba.com\/index.php\/2024\/09\/30\/cuando-de-estadisticas-se-trata-hay-que-ver-el-contexto\/#respond"]}]},{"@type":"WebPage","@id":"https:\/\/biciurba.com\/index.php\/2024\/09\/30\/cuando-de-estadisticas-se-trata-hay-que-ver-el-contexto\/","url":"https:\/\/biciurba.com\/index.php\/2024\/09\/30\/cuando-de-estadisticas-se-trata-hay-que-ver-el-contexto\/","name":"Cuando de estad\u00edsticas se trata, hay que ver el contexto - Biciurba","isPartOf":{"@id":"https:\/\/biciurba.com\/#website"},"primaryImageOfPage":{"@id":"https:\/\/biciurba.com\/index.php\/2024\/09\/30\/cuando-de-estadisticas-se-trata-hay-que-ver-el-contexto\/#primaryimage"},"image":{"@id":"https:\/\/biciurba.com\/index.php\/2024\/09\/30\/cuando-de-estadisticas-se-trata-hay-que-ver-el-contexto\/#primaryimage"},"thumbnailUrl":"https:\/\/biciurba.com\/wp-content\/uploads\/2024\/09\/informales.png","datePublished":"2024-09-30T20:21:55+00:00","dateModified":"2024-09-30T20:30:47+00:00","breadcrumb":{"@id":"https:\/\/biciurba.com\/index.php\/2024\/09\/30\/cuando-de-estadisticas-se-trata-hay-que-ver-el-contexto\/#breadcrumb"},"inLanguage":"es","potentialAction":[{"@type":"ReadAction","target":["https:\/\/biciurba.com\/index.php\/2024\/09\/30\/cuando-de-estadisticas-se-trata-hay-que-ver-el-contexto\/"]}]},{"@type":"ImageObject","inLanguage":"es","@id":"https:\/\/biciurba.com\/index.php\/2024\/09\/30\/cuando-de-estadisticas-se-trata-hay-que-ver-el-contexto\/#primaryimage","url":"https:\/\/biciurba.com\/wp-content\/uploads\/2024\/09\/informales.png","contentUrl":"https:\/\/biciurba.com\/wp-content\/uploads\/2024\/09\/informales.png","width":600,"height":400,"caption":"Suram\u00e9rica atraviesa una de sus crisis econ\u00f3micas m\u00e1s profundas en a\u00f1os recientes, marcada por altos niveles de desempleo, creciente empleo informal, inflaci\u00f3n descontrolada y un preocupante aumento de la pobreza."},{"@type":"BreadcrumbList","@id":"https:\/\/biciurba.com\/index.php\/2024\/09\/30\/cuando-de-estadisticas-se-trata-hay-que-ver-el-contexto\/#breadcrumb","itemListElement":[{"@type":"ListItem","position":1,"name":"Portada","item":"https:\/\/biciurba.com\/"},{"@type":"ListItem","position":2,"name":"Cuando de estad\u00edsticas se trata, hay que ver el contexto"}]},{"@type":"WebSite","@id":"https:\/\/biciurba.com\/#website","url":"https:\/\/biciurba.com\/","name":"Biciurba","description":"Una mejor manera de vivir","publisher":{"@id":"https:\/\/biciurba.com\/#\/schema\/person\/d9675ddf29ee982d268db0a3f239eced"},"potentialAction":[{"@type":"SearchAction","target":{"@type":"EntryPoint","urlTemplate":"https:\/\/biciurba.com\/?s={search_term_string}"},"query-input":{"@type":"PropertyValueSpecification","valueRequired":true,"valueName":"search_term_string"}}],"inLanguage":"es"},{"@type":["Person","Organization"],"@id":"https:\/\/biciurba.com\/#\/schema\/person\/d9675ddf29ee982d268db0a3f239eced","name":"Carlos Cantor","image":{"@type":"ImageObject","inLanguage":"es","@id":"https:\/\/biciurba.com\/#\/schema\/person\/image\/","url":"https:\/\/biciurba.com\/wp-content\/uploads\/2024\/04\/cropped-logo-1.png","contentUrl":"https:\/\/biciurba.com\/wp-content\/uploads\/2024\/04\/cropped-logo-1.png","width":512,"height":318,"caption":"Carlos Cantor"},"logo":{"@id":"https:\/\/biciurba.com\/#\/schema\/person\/image\/"},"sameAs":["https:\/\/biciurba.com"],"url":"https:\/\/biciurba.com\/index.php\/author\/ccantor\/"}]}},"_links":{"self":[{"href":"https:\/\/biciurba.com\/index.php\/wp-json\/wp\/v2\/posts\/1175"}],"collection":[{"href":"https:\/\/biciurba.com\/index.php\/wp-json\/wp\/v2\/posts"}],"about":[{"href":"https:\/\/biciurba.com\/index.php\/wp-json\/wp\/v2\/types\/post"}],"author":[{"embeddable":true,"href":"https:\/\/biciurba.com\/index.php\/wp-json\/wp\/v2\/users\/1"}],"replies":[{"embeddable":true,"href":"https:\/\/biciurba.com\/index.php\/wp-json\/wp\/v2\/comments?post=1175"}],"version-history":[{"count":2,"href":"https:\/\/biciurba.com\/index.php\/wp-json\/wp\/v2\/posts\/1175\/revisions"}],"predecessor-version":[{"id":1182,"href":"https:\/\/biciurba.com\/index.php\/wp-json\/wp\/v2\/posts\/1175\/revisions\/1182"}],"wp:featuredmedia":[{"embeddable":true,"href":"https:\/\/biciurba.com\/index.php\/wp-json\/wp\/v2\/media\/1176"}],"wp:attachment":[{"href":"https:\/\/biciurba.com\/index.php\/wp-json\/wp\/v2\/media?parent=1175"}],"wp:term":[{"taxonomy":"category","embeddable":true,"href":"https:\/\/biciurba.com\/index.php\/wp-json\/wp\/v2\/categories?post=1175"},{"taxonomy":"post_tag","embeddable":true,"href":"https:\/\/biciurba.com\/index.php\/wp-json\/wp\/v2\/tags?post=1175"}],"curies":[{"name":"wp","href":"https:\/\/api.w.org\/{rel}","templated":true}]}}