{"id":1207,"date":"2024-10-07T11:54:26","date_gmt":"2024-10-07T16:54:26","guid":{"rendered":"https:\/\/biciurba.com\/?p=1207"},"modified":"2024-10-07T11:54:27","modified_gmt":"2024-10-07T16:54:27","slug":"a-un-ano-de-un-capitulo-mas-de-una-guerra-que-no-termina-una-mirada-historica-para-entender","status":"publish","type":"post","link":"https:\/\/biciurba.com\/index.php\/2024\/10\/07\/a-un-ano-de-un-capitulo-mas-de-una-guerra-que-no-termina-una-mirada-historica-para-entender\/","title":{"rendered":"A un a\u00f1o de un cap\u00edtulo m\u00e1s, de una guerra que no termina, una mirada hist\u00f3rica para entender"},"content":{"rendered":"\n<p>Cuando nos acercamos a la realidad de la guerra de Israel contra Hamas en Gaza y Hezbol\u00e1 en L\u00edbano, es necesario, para m\u00e1s o menos entenderla, considerar sus or\u00edgenes, que se remontan a los tiempos b\u00edblicos cuando los pueblos semitas, como los hebreos, filisteos, cananeos, y otras tribus en la zona buscaban el predominio de estas tierras, que para los israelitas van unidas a la promesa de Jehov\u00e1 sobre la tierra prometida, en relatos del tiempo de Mois\u00e9s, el evento de salida de Egipto y la fundaci\u00f3n del Reino de Israel bajo los reyes David y Salom\u00f3n.<\/p>\n\n\n\n<p>El impacto de las conquistas sucesivas por imperios como el babilonio, el persa, y el romano, que llevaron a la destrucci\u00f3n del Templo de Jerusal\u00e9n y la di\u00e1spora del pueblo jud\u00edo, dej\u00f3 a la regi\u00f3n en manos de otros imperios, pero el sentido de pertenencia territorial qued\u00f3 arraigado en la narrativa jud\u00eda, que es vinculada directamente a su fe. Por mucho tiempo Israel como pueblo convivi\u00f3 con los Palestinos, hasta que la presencia e intervenci\u00f3n de los intereses imperiales europeos complicaron la vida en esta regi\u00f3n del planeta.<\/p>\n\n\n\n<p>En el siglo XIX, surge el movimiento sionista, que busca un hogar nacional para el pueblo jud\u00edo en respuesta al antisemitismo en Europa. Esto llev\u00f3 a la migraci\u00f3n de jud\u00edos europeos hacia Palestina, donde ya viv\u00eda una poblaci\u00f3n \u00e1rabe. Como parte de la hegemon\u00eda del Imperio brit\u00e1nico, entre los siglos XVI y XX  que modelo la sociedad, los intereses, los territorios a su gusto y conveniencia, y donde tambi\u00e9n se dio camino a establecer un territorio para Israel.<\/p>\n\n\n\n<p>La influencia de Gran Breta\u00f1a en la regi\u00f3n de Palestina fue un periodo clave para  crear y sostener el conflicto entre jud\u00edos y \u00e1rabes. Este mandato fue establecido por la Liga de las Naciones tras la disoluci\u00f3n del Imperio Otomano al final de la Primera Guerra Mundial. La administraci\u00f3n brit\u00e1nica decidi\u00f3 supervisar el territorio de Palestina y preparar su transici\u00f3n hacia una forma de autogobierno, que en realidad era organizar estas tierras para los jud\u00edos.<\/p>\n\n\n\n<p>Uno de los eventos m\u00e1s significativos fue la Declaraci\u00f3n Balfour, emitida en noviembre de 1917 por el secretario de Relaciones Exteriores brit\u00e1nico, con la que se expresaba el apoyo del gobierno brit\u00e1nico para \u00abel establecimiento en Palestina de un hogar nacional para el pueblo jud\u00edo\u00bb, pero tambi\u00e9n a\u00f1ad\u00eda que \u00abno se har\u00eda nada que pudiera perjudicar los derechos civiles y religiosos de las comunidades no jud\u00edas existentes en Palestina\u00bb. Aunque esta declaraci\u00f3n fue interpretada por muchos como un respaldo a las aspiraciones sionistas, carec\u00eda de claridad sobre el estatus pol\u00edtico del territorio y no defin\u00eda c\u00f3mo se equilibrar\u00edan los derechos de los jud\u00edos y los \u00e1rabes.<\/p>\n\n\n\n<p>A partir de ese momento comenz\u00f3 un incremento en la inmigraci\u00f3n jud\u00eda hacia Palestina, particularmente desde Europa. Esto fue en parte fomentado por el sionismo, un movimiento que buscaba un hogar nacional para los jud\u00edos, y la persecuci\u00f3n que muchos jud\u00edos enfrentaban en Europa, especialmente en pa\u00edses como Rusia y Polonia.<\/p>\n\n\n\n<p>Entre 1920 y 1939, la inmigraci\u00f3n jud\u00eda a Palestina creci\u00f3 significativamente en varias olas. Mientras la poblaci\u00f3n jud\u00eda en Palestina aumentaba, las tensiones entre jud\u00edos y \u00e1rabes tambi\u00e9n se intensificaban. Los \u00e1rabes palestinos, que constitu\u00edan la mayor\u00eda de la poblaci\u00f3n antes de la inmigraci\u00f3n masiva jud\u00eda, comenzaron a sentir que su tierra y derechos estaban siendo erosionados. Tem\u00edan que la creaci\u00f3n de un \u00abhogar nacional\u00bb para los jud\u00edos resultara en la colonizaci\u00f3n y desplazamiento de la poblaci\u00f3n \u00e1rabe.<\/p>\n\n\n\n<p>La creciente inmigraci\u00f3n jud\u00eda y la adquisici\u00f3n de tierras por parte de las comunidades jud\u00edas llevaron a violentos enfrentamientos entre \u00e1rabes y jud\u00edos. En 1920 y 1921, los primeros disturbios estallaron en Jerusal\u00e9n y Jaffa. Posteriormente, en 1929, los disturbios de Hebr\u00f3n y otras ciudades provocaron m\u00e1s violencia entre las dos comunidades.<\/p>\n\n\n\n<p>El mot\u00edn \u00e1rabe de 1936-1939, tambi\u00e9n conocido como la Gran Revuelta \u00c1rabe, fue una respuesta directa al creciente n\u00famero de colonos jud\u00edos y a las pol\u00edticas brit\u00e1nicas que parec\u00edan favorecer al sionismo. Los \u00e1rabes palestinos exig\u00edan la restricci\u00f3n de la inmigraci\u00f3n jud\u00eda y la creaci\u00f3n de un gobierno independiente \u00e1rabe. La revuelta fue sofocada por las fuerzas brit\u00e1nicas, pero dej\u00f3 un legado de profunda desconfianza entre las comunidades jud\u00eda y \u00e1rabe, adem\u00e1s de una militarizaci\u00f3n creciente en ambas partes.<\/p>\n\n\n\n<p>En un intento por calmar las tensiones, el gobierno brit\u00e1nico emiti\u00f3 el Libro Blanco de 1939, que propon\u00eda limitar la inmigraci\u00f3n jud\u00eda y restringir la compra de tierras por parte de jud\u00edos, adem\u00e1s de prometer la creaci\u00f3n de un estado binacional en Palestina dentro de 10 a\u00f1os. Sin embargo, este documento fue rechazado por ambos lados: los jud\u00edos lo consideraron una traici\u00f3n a la Declaraci\u00f3n Balfour, mientras que los \u00e1rabes pensaban que no iba lo suficientemente lejos para garantizar la independencia \u00e1rabe.<\/p>\n\n\n\n<p>Con la llegada de la Segunda Guerra Mundial, el Holocausto  alem\u00e1n devastaba a la comunidad jud\u00eda en Europa, la presi\u00f3n para permitir una mayor inmigraci\u00f3n jud\u00eda a Palestina creci\u00f3 dram\u00e1ticamente. Los jud\u00edos supervivientes a la matanza,  vieron en Palestina una opci\u00f3n viable para asentarse y hacer vida, lo que aument\u00f3 las tensiones locales. Sin embargo, los brit\u00e1nicos, ya debilitados por la guerra, continuaron con las restricciones migratorias establecidas en el Libro Blanco, lo que llev\u00f3 a un creciente descontento entre los jud\u00edos.<\/p>\n\n\n<div class=\"wp-block-image\">\n<figure class=\"aligncenter size-full\"><img loading=\"lazy\" decoding=\"async\" width=\"606\" height=\"404\" src=\"https:\/\/biciurba.com\/wp-content\/uploads\/2024\/10\/guerra-1.png\" alt=\"\" class=\"wp-image-1209\" srcset=\"https:\/\/biciurba.com\/wp-content\/uploads\/2024\/10\/guerra-1.png 606w, https:\/\/biciurba.com\/wp-content\/uploads\/2024\/10\/guerra-1-300x200.png 300w\" sizes=\"(max-width: 606px) 100vw, 606px\" \/><figcaption class=\"wp-element-caption\">Ya no son guerras entre militares, es la poblaci\u00f3n civil las victimas, de ahora y hacia el futuro.<\/figcaption><\/figure><\/div>\n\n\n<p>A medida que el conflicto entre jud\u00edos y \u00e1rabes se intensificaba, y el Reino Unido encontraba cada vez m\u00e1s dif\u00edcil mantener el orden, los brit\u00e1nicos anunciaron en 1947 que abandonar\u00edan Palestina y dejar\u00edan el futuro del territorio en manos de las Naciones Unidas. La ONU propuso un plan de partici\u00f3n que dividir\u00eda Palestina en dos estados, uno jud\u00edo y otro \u00e1rabe, con Jerusal\u00e9n bajo administraci\u00f3n internacional. Aunque los jud\u00edos aceptaron el plan, los \u00e1rabes lo rechazaron por completo.<\/p>\n\n\n\n<p>Cuando los brit\u00e1nicos finalmente se retiraron en mayo de 1948, los jud\u00edos proclamaron el establecimiento del Estado de Israel, lo que provoc\u00f3 la guerra \u00e1rabe-israel\u00ed de 1948, en la que los pa\u00edses \u00e1rabes vecinos invadieron en un intento de destruir el nuevo estado jud\u00edo. El conflicto result\u00f3 en la victoria de Israel y en la Nakba (desplazamiento masivo) de cientos de miles de palestinos, que se convirtieron en refugiados de sus propias tierras.<\/p>\n\n\n\n<p>Con la ca\u00edda del Imperio Brit\u00e1nico, en la Segunda Guerra Mundial,  el nuevo protagonismo mundial lo asume Estados Unidos, y qued\u00f3 el conflicto sin resolver en Palestina. Su ambigua pol\u00edtica hacia jud\u00edos y \u00e1rabes, junto con la incapacidad de establecer un acuerdo satisfactorio para ambas partes, sent\u00f3 las bases para d\u00e9cadas de guerra, desplazamientos y tensiones. Aunque el mandato termin\u00f3 oficialmente en 1948, su impacto en la estructura pol\u00edtica y social de la regi\u00f3n sigue siendo evidente en el conflicto que contin\u00faa hasta hoy.<\/p>\n\n\n\n<p>A mediados del siglo XX, se dieron continuos enfrentamientos, la Guerra de los Seis D\u00edas (1967) y Guerra de Yom Kipur (1973) consolidaron el poder militar de Israel y expandi\u00f3 su territorio con la ocupaci\u00f3n de Cisjordania, Gaza y los Altos del Gol\u00e1n, temas a\u00fan candentes en las negociaciones actuales.<\/p>\n\n\n\n<p>Aunque la relaci\u00f3n entre Estados Unidos e Israel comenz\u00f3 oficialmente con el reconocimiento del Estado de Israel en 1948 por el presidente Harry Truman, el apoyo estadounidense a Israel fue relativamente limitado en las primeras dos d\u00e9cadas. Sin embargo, la Guerra de los Seis D\u00edas de 1967 marc\u00f3 un punto de inflexi\u00f3n, con Israel demostrando su capacidad militar y estrat\u00e9gica. A partir de ese momento, EE. UU. empez\u00f3 a ver a Israel como un aliado clave en la regi\u00f3n, particularmente en el contexto de la Guerra Fr\u00eda, donde la influencia sovi\u00e9tica estaba presente en varios pa\u00edses \u00e1rabes.<\/p>\n\n\n\n<p>La Uni\u00f3n Sovi\u00e9tica tuvo un papel crucial durante los primeros a\u00f1os del conflicto y se posicion\u00f3 como un aliado de varios pa\u00edses \u00e1rabes en su lucha contra Israel, buscando expandir su influencia en la regi\u00f3n. Proporcion\u00f3 asistencia militar y t\u00e9cnica a Egipto, Siria e Irak, enviando armas, consejeros militares y entrenando fuerzas \u00e1rabes que combatieron contra Israel en las guerras de 1967 y 1973. Este apoyo formaba parte de la estrategia sovi\u00e9tica de contrarrestar la influencia estadounidense en Oriente Medio.<\/p>\n\n\n\n<p>Con la ca\u00edda de la Uni\u00f3n Sovi\u00e9tica en 1991, Rusia redujo su intervenci\u00f3n directa en la regi\u00f3n. Sin embargo, en las \u00faltimas d\u00e9cadas, bajo el liderazgo de Vladimir Putin,  ha buscado reposicionarse en Oriente Medio, particularmente a trav\u00e9s de su intervenci\u00f3n en la guerra civil siria, donde ha apoyado al r\u00e9gimen de Bashar al-Asad, un cercano aliado de Ir\u00e1n y opositor de Israel. Por ahora Rusia esta ocupada con la Operaci\u00f3n Especial en Ucrania, que no da visos de ser superada y m\u00e1s por el contrario agravarse si los ataques con armas de la OTAN llegan a bombardear suelo ruso.<\/p>\n\n\n<div class=\"wp-block-image\">\n<figure class=\"aligncenter size-full\"><img loading=\"lazy\" decoding=\"async\" width=\"606\" height=\"404\" src=\"https:\/\/biciurba.com\/wp-content\/uploads\/2024\/10\/guerra-3.png\" alt=\"\" class=\"wp-image-1210\" srcset=\"https:\/\/biciurba.com\/wp-content\/uploads\/2024\/10\/guerra-3.png 606w, https:\/\/biciurba.com\/wp-content\/uploads\/2024\/10\/guerra-3-300x200.png 300w\" sizes=\"(max-width: 606px) 100vw, 606px\" \/><figcaption class=\"wp-element-caption\">Destrucci\u00f3n y desolaci\u00f3n, caldo de cultivo para nuevas guerras, que no dan tregua.<\/figcaption><\/figure><\/div>\n\n\n<p>En la d\u00e9cada de 1970, el presidente Richard Nixon y su secretario de Estado, Henry Kissinger, adoptaron la llamada \u00abpol\u00edtica de equilibrio\u00bb, buscando mantener a Israel lo suficientemente fuerte como para disuadir a sus vecinos \u00e1rabes de intentar destruirlo, pero no tanto como para eliminar la posibilidad de negociaciones de paz.<\/p>\n\n\n\n<p>La mediaci\u00f3n en los Acuerdos de Camp David en 1978 entre Israel y Egipto donde el presidente Jimmy Carter jug\u00f3 un papel fundamental en la firma del tratado de paz que llev\u00f3 a la devoluci\u00f3n del Sina\u00ed a Egipto y a la primera paz formal entre Israel y un pa\u00eds \u00e1rabe. Este \u00e9xito diplom\u00e1tico ciment\u00f3 a EE. UU. como el principal mediador en el conflicto \u00e1rabe-israel\u00ed.<\/p>\n\n\n\n<p>Durante las d\u00e9cadas de 1980 y 1990, el apoyo militar y econ\u00f3mico de EE. UU. a Israel se increment\u00f3, apoyando a Israel en su lucha contra la Organizaci\u00f3n para la Liberaci\u00f3n de Palestina (OLP) y m\u00e1s tarde, contra grupos como Hezbollah y Hamas. Bajo la administraci\u00f3n de Bill Clinton, EE. UU. promovi\u00f3 los Acuerdos de Oslo entre Israel y la OLP, aunque estos acuerdos trajeron esperanzas de paz, su implementaci\u00f3n fue incompleta y las tensiones entre israel\u00edes y palestinos no disminuyeron significativamente.<\/p>\n\n\n\n<p>Tras los ataques del 11 de septiembre de 2001, la relaci\u00f3n entre EE. UU. e Israel se fortaleci\u00f3 a\u00fan m\u00e1s en el contexto de la \u00abguerra contra el terrorismo\u00bb. Bajo la administraci\u00f3n de George W. Bush, la pol\u00edtica exterior estadounidense enfatiz\u00f3 la seguridad de Israel frente a amenazas de grupos radicales y pa\u00edses como Ir\u00e1n, que era percibido como un peligro existencial para Israel debido a su programa nuclear. La relaci\u00f3n se solidific\u00f3 con importantes transferencias de tecnolog\u00eda militar y acuerdos de defensa.<\/p>\n\n\n\n<p>Uno de los momentos m\u00e1s controvertidos de la intervenci\u00f3n de EE. UU. en el conflicto fue la decisi\u00f3n del presidente Donald Trump de reconocer a Jerusal\u00e9n como la capital de Israel en 2017, trasladando la embajada de Tel Aviv a Jerusal\u00e9n. Esta medida fue muy bien recibida por el gobierno israel\u00ed, pero intensific\u00f3 las tensiones con los palestinos y otros pa\u00edses \u00e1rabes, ya que Jerusal\u00e9n es un punto sensible en cualquier futuro acuerdo de paz debido a su importancia religiosa y pol\u00edtica.<\/p>\n\n\n\n<p>Con la llegada de Joe Biden al poder en 2021, EE. UU. ha intentado equilibrar su apoyo a Israel con la necesidad de abordar las preocupaciones de los palestinos. La administraci\u00f3n de Biden ha reafirmado el apoyo a una soluci\u00f3n de dos estados, pero sigue siendo un fuerte aliado de Israel en t\u00e9rminos de ayuda militar y diplom\u00e1tica. No obstante, la creciente cr\u00edtica internacional hacia las pol\u00edticas israel\u00edes en Cisjordania y Gaza, as\u00ed como las tensiones internas en el propio Partido Dem\u00f3crata respecto a c\u00f3mo manejar la relaci\u00f3n con Israel, han a\u00f1adido complejidad a la intervenci\u00f3n estadounidense en el conflicto.<\/p>\n\n\n\n<p>El otro protagonista de esta tr\u00e1gica historia es Ir\u00e1n, que ha utilizado la estrategia de grupos aliados y milicias para presionar a Israel. Ir\u00e1n considera a Israel como un \u00abr\u00e9gimen ileg\u00edtimo\u00bb y apoya activamente a grupos como Hezbol\u00e1 en L\u00edbano y Ham\u00e1s en Gaza, que han librado guerras y llevado a cabo ataques contra Israel. En 1979 la revoluci\u00f3n iran\u00ed transform\u00f3 radicalmente la pol\u00edtica exterior del pa\u00eds. Con el liderazgo del ayatol\u00e1 Ruhollah Jomein\u00ed, adopt\u00f3 una postura antiisrael\u00ed y antiestadounidense, que sigue siendo una parte central de su pol\u00edtica exterior. El programa nuclear iran\u00ed es otro de los focos de tensi\u00f3n, ya que Israel lo percibe como una amenaza existencial y ha amenazado con atacar preventivamente instalaciones nucleares iran\u00edes. <\/p>\n\n\n\n<p>No se puede dejar de considerar a Arabia Saudita que ha sido hist\u00f3ricamente uno de los principales financistas de la causa palestina. Sin embargo, en los \u00faltimos a\u00f1os ha habido una creciente normalizaci\u00f3n de relaciones entre Israel y algunos pa\u00edses \u00e1rabes en el marco de los Acuerdos de Abraham (2020), negociados con el apoyo de Estados Unidos. Estos acuerdos, firmados entre Israel y pa\u00edses como los Emiratos \u00c1rabes Unidos y Bahr\u00e9in, marcan un cambio significativo en la geopol\u00edtica de la regi\u00f3n, donde las preocupaciones comunes sobre Ir\u00e1n han acercado a Israel y a algunas monarqu\u00edas del Golfo.<\/p>\n\n\n\n<p>El conflicto entre Israel y sus vecinos no solo ha involucrado a las potencias regionales, sino que ha afectado la pol\u00edtica global de m\u00faltiples maneras. Oriente Medio es una regi\u00f3n clave en la producci\u00f3n de petr\u00f3leo, y las tensiones entre Israel y los pa\u00edses \u00e1rabes han afectado el acceso global a los recursos energ\u00e9ticos. La guerra de 1973 llev\u00f3 a un embargo petrolero \u00e1rabe que afect\u00f3 a Estados Unidos y otros pa\u00edses occidentales, causando una crisis energ\u00e9tica global.<\/p>\n\n\n\n<p>El conflicto ha sido utilizado como justificaci\u00f3n ideol\u00f3gica por grupos yihadistas como Al-Qaeda e ISIS, quienes lo presentan como un s\u00edmbolo de la \u00abopresi\u00f3n\u00bb de los musulmanes a manos de Occidente e Israel. Esto ha contribuido a la expansi\u00f3n del terrorismo global, afectando no solo a los pa\u00edses de Oriente Medio, sino tambi\u00e9n a Europa, Estados Unidos y otras regiones.<\/p>\n\n\n<div class=\"wp-block-image\">\n<figure class=\"aligncenter size-full\"><img loading=\"lazy\" decoding=\"async\" width=\"606\" height=\"404\" src=\"https:\/\/biciurba.com\/wp-content\/uploads\/2024\/10\/guerra-2.png\" alt=\"\" class=\"wp-image-1211\" srcset=\"https:\/\/biciurba.com\/wp-content\/uploads\/2024\/10\/guerra-2.png 606w, https:\/\/biciurba.com\/wp-content\/uploads\/2024\/10\/guerra-2-300x200.png 300w\" sizes=\"(max-width: 606px) 100vw, 606px\" \/><figcaption class=\"wp-element-caption\">Las guerras de hoy, una realidad que quita el presente y el futuro de los civiles v\u00edctimas.<\/figcaption><\/figure><\/div>\n\n\n<p>El conflicto entre Israel y Palestina es un tema constante en las Naciones Unidas, con resoluciones, mediaciones y vetos, principalmente por parte de Estados Unidos en defensa de Israel. A nivel global, el conflicto ha polarizado a muchos pa\u00edses, y sigue siendo uno de los temas m\u00e1s debatidos en la diplomacia internacional.<\/p>\n\n\n\n<p>Por ahora el sufrimiento y desolaci\u00f3n de civiles tanto en la franja de Gaza, en Beirut y en donde esta guerra se extienda, deja las formas de enfrentamiento entre militares, de las viejas guerras convencionales, acabando el presente y el futuro de las poblaciones, de las familias, con una inmensidad de hu\u00e9rfanos que heredan odios, resentimientos y m\u00e1s de un argumento para continuar esta guerra deshumanizante y b\u00e1rbara. M\u00e1s all\u00e1 de qui\u00e9n tiene la raz\u00f3n, puede ser el inicio de una guerra no solo regional, que unida a la de Rusia y Ucrania deja un sabor de angustia, zozobra y terrible incertidumbre para todos los habitantes de esta nave espacial, que adem\u00e1s de enferma, sufre tambi\u00e9n estas locuras criminales humanas de las guerras.<\/p>\n","protected":false},"excerpt":{"rendered":"<p>Cuando nos acercamos a la realidad de la guerra de Israel contra Hamas en Gaza y Hezbol\u00e1 en L\u00edbano, es necesario, para m\u00e1s o menos entenderla, considerar sus or\u00edgenes, que se remontan a los tiempos b\u00edblicos cuando los pueblos semitas, como los hebreos, filisteos, cananeos, y otras tribus en la zona buscaban el predominio de [&hellip;]<\/p>\n","protected":false},"author":1,"featured_media":1208,"comment_status":"open","ping_status":"open","sticky":false,"template":"","format":"standard","meta":{"footnotes":""},"categories":[426,52],"tags":[482,484,483,481,480,479,485],"class_list":["post-1207","post","type-post","status-publish","format-standard","has-post-thumbnail","hentry","category-historia-mundial","category-noticias","tag-franja-de-gaza","tag-guerra-medio-oriente","tag-hamas","tag-holocausto","tag-imperio-britanico","tag-israel","tag-usa"],"yoast_head":"<!-- This site is optimized with the Yoast SEO plugin v23.9 - https:\/\/yoast.com\/wordpress\/plugins\/seo\/ -->\n<title>A un a\u00f1o de un cap\u00edtulo m\u00e1s, de una guerra que no termina, una mirada hist\u00f3rica para entender - Biciurba<\/title>\n<meta name=\"robots\" content=\"index, follow, max-snippet:-1, max-image-preview:large, max-video-preview:-1\" \/>\n<link rel=\"canonical\" href=\"https:\/\/biciurba.com\/index.php\/2024\/10\/07\/a-un-ano-de-un-capitulo-mas-de-una-guerra-que-no-termina-una-mirada-historica-para-entender\/\" \/>\n<meta property=\"og:locale\" content=\"es_ES\" \/>\n<meta property=\"og:type\" content=\"article\" \/>\n<meta property=\"og:title\" content=\"A un a\u00f1o de un cap\u00edtulo m\u00e1s, de una guerra que no termina, una mirada hist\u00f3rica para entender - Biciurba\" \/>\n<meta property=\"og:description\" content=\"Cuando nos acercamos a la realidad de la guerra de Israel contra Hamas en Gaza y Hezbol\u00e1 en L\u00edbano, es necesario, para m\u00e1s o menos entenderla, considerar sus or\u00edgenes, que se remontan a los tiempos b\u00edblicos cuando los pueblos semitas, como los hebreos, filisteos, cananeos, y otras tribus en la zona buscaban el predominio de [&hellip;]\" \/>\n<meta property=\"og:url\" content=\"https:\/\/biciurba.com\/index.php\/2024\/10\/07\/a-un-ano-de-un-capitulo-mas-de-una-guerra-que-no-termina-una-mirada-historica-para-entender\/\" \/>\n<meta property=\"og:site_name\" content=\"Biciurba\" \/>\n<meta property=\"article:published_time\" content=\"2024-10-07T16:54:26+00:00\" \/>\n<meta property=\"article:modified_time\" content=\"2024-10-07T16:54:27+00:00\" \/>\n<meta property=\"og:image\" content=\"https:\/\/biciurba.com\/wp-content\/uploads\/2024\/10\/guerra-4.png\" \/>\n\t<meta property=\"og:image:width\" content=\"606\" \/>\n\t<meta property=\"og:image:height\" content=\"404\" \/>\n\t<meta property=\"og:image:type\" content=\"image\/png\" \/>\n<meta name=\"author\" content=\"Carlos Cantor\" \/>\n<meta name=\"twitter:card\" content=\"summary_large_image\" \/>\n<meta name=\"twitter:label1\" content=\"Escrito por\" \/>\n\t<meta name=\"twitter:data1\" content=\"Carlos Cantor\" \/>\n\t<meta name=\"twitter:label2\" content=\"Tiempo de lectura\" \/>\n\t<meta name=\"twitter:data2\" content=\"13 minutos\" \/>\n<script type=\"application\/ld+json\" class=\"yoast-schema-graph\">{\"@context\":\"https:\/\/schema.org\",\"@graph\":[{\"@type\":\"Article\",\"@id\":\"https:\/\/biciurba.com\/index.php\/2024\/10\/07\/a-un-ano-de-un-capitulo-mas-de-una-guerra-que-no-termina-una-mirada-historica-para-entender\/#article\",\"isPartOf\":{\"@id\":\"https:\/\/biciurba.com\/index.php\/2024\/10\/07\/a-un-ano-de-un-capitulo-mas-de-una-guerra-que-no-termina-una-mirada-historica-para-entender\/\"},\"author\":{\"name\":\"Carlos Cantor\",\"@id\":\"https:\/\/biciurba.com\/#\/schema\/person\/d9675ddf29ee982d268db0a3f239eced\"},\"headline\":\"A un a\u00f1o de un cap\u00edtulo m\u00e1s, de una guerra que no termina, una mirada hist\u00f3rica para entender\",\"datePublished\":\"2024-10-07T16:54:26+00:00\",\"dateModified\":\"2024-10-07T16:54:27+00:00\",\"mainEntityOfPage\":{\"@id\":\"https:\/\/biciurba.com\/index.php\/2024\/10\/07\/a-un-ano-de-un-capitulo-mas-de-una-guerra-que-no-termina-una-mirada-historica-para-entender\/\"},\"wordCount\":2731,\"commentCount\":0,\"publisher\":{\"@id\":\"https:\/\/biciurba.com\/#\/schema\/person\/d9675ddf29ee982d268db0a3f239eced\"},\"image\":{\"@id\":\"https:\/\/biciurba.com\/index.php\/2024\/10\/07\/a-un-ano-de-un-capitulo-mas-de-una-guerra-que-no-termina-una-mirada-historica-para-entender\/#primaryimage\"},\"thumbnailUrl\":\"https:\/\/biciurba.com\/wp-content\/uploads\/2024\/10\/guerra-4.png\",\"keywords\":[\"Franja de Gaza\",\"Guerra medio Oriente\",\"Hamas\",\"Holocausto\",\"Imperio Brit\u00e1nico\",\"Israel\",\"USA\"],\"articleSection\":[\"Historia Mundial\",\"Noticias\"],\"inLanguage\":\"es\",\"potentialAction\":[{\"@type\":\"CommentAction\",\"name\":\"Comment\",\"target\":[\"https:\/\/biciurba.com\/index.php\/2024\/10\/07\/a-un-ano-de-un-capitulo-mas-de-una-guerra-que-no-termina-una-mirada-historica-para-entender\/#respond\"]}]},{\"@type\":\"WebPage\",\"@id\":\"https:\/\/biciurba.com\/index.php\/2024\/10\/07\/a-un-ano-de-un-capitulo-mas-de-una-guerra-que-no-termina-una-mirada-historica-para-entender\/\",\"url\":\"https:\/\/biciurba.com\/index.php\/2024\/10\/07\/a-un-ano-de-un-capitulo-mas-de-una-guerra-que-no-termina-una-mirada-historica-para-entender\/\",\"name\":\"A un a\u00f1o de un cap\u00edtulo m\u00e1s, de una guerra que no termina, una mirada hist\u00f3rica para entender - Biciurba\",\"isPartOf\":{\"@id\":\"https:\/\/biciurba.com\/#website\"},\"primaryImageOfPage\":{\"@id\":\"https:\/\/biciurba.com\/index.php\/2024\/10\/07\/a-un-ano-de-un-capitulo-mas-de-una-guerra-que-no-termina-una-mirada-historica-para-entender\/#primaryimage\"},\"image\":{\"@id\":\"https:\/\/biciurba.com\/index.php\/2024\/10\/07\/a-un-ano-de-un-capitulo-mas-de-una-guerra-que-no-termina-una-mirada-historica-para-entender\/#primaryimage\"},\"thumbnailUrl\":\"https:\/\/biciurba.com\/wp-content\/uploads\/2024\/10\/guerra-4.png\",\"datePublished\":\"2024-10-07T16:54:26+00:00\",\"dateModified\":\"2024-10-07T16:54:27+00:00\",\"breadcrumb\":{\"@id\":\"https:\/\/biciurba.com\/index.php\/2024\/10\/07\/a-un-ano-de-un-capitulo-mas-de-una-guerra-que-no-termina-una-mirada-historica-para-entender\/#breadcrumb\"},\"inLanguage\":\"es\",\"potentialAction\":[{\"@type\":\"ReadAction\",\"target\":[\"https:\/\/biciurba.com\/index.php\/2024\/10\/07\/a-un-ano-de-un-capitulo-mas-de-una-guerra-que-no-termina-una-mirada-historica-para-entender\/\"]}]},{\"@type\":\"ImageObject\",\"inLanguage\":\"es\",\"@id\":\"https:\/\/biciurba.com\/index.php\/2024\/10\/07\/a-un-ano-de-un-capitulo-mas-de-una-guerra-que-no-termina-una-mirada-historica-para-entender\/#primaryimage\",\"url\":\"https:\/\/biciurba.com\/wp-content\/uploads\/2024\/10\/guerra-4.png\",\"contentUrl\":\"https:\/\/biciurba.com\/wp-content\/uploads\/2024\/10\/guerra-4.png\",\"width\":606,\"height\":404,\"caption\":\"Hace un a\u00f1o de los tr\u00e1gicos acontecimientos en el recinto del festival israel\u00ed de m\u00fasica Tribe of Nova, donde 364 personas murieron a manos de los islamistas de Ham\u00e1s, se ha convertido en un espacio para la memoria al que cada semana acuden miles de visitantes.\"},{\"@type\":\"BreadcrumbList\",\"@id\":\"https:\/\/biciurba.com\/index.php\/2024\/10\/07\/a-un-ano-de-un-capitulo-mas-de-una-guerra-que-no-termina-una-mirada-historica-para-entender\/#breadcrumb\",\"itemListElement\":[{\"@type\":\"ListItem\",\"position\":1,\"name\":\"Portada\",\"item\":\"https:\/\/biciurba.com\/\"},{\"@type\":\"ListItem\",\"position\":2,\"name\":\"A un a\u00f1o de un cap\u00edtulo m\u00e1s, de una guerra que no termina, una mirada hist\u00f3rica para entender\"}]},{\"@type\":\"WebSite\",\"@id\":\"https:\/\/biciurba.com\/#website\",\"url\":\"https:\/\/biciurba.com\/\",\"name\":\"Biciurba\",\"description\":\"Una mejor manera de vivir\",\"publisher\":{\"@id\":\"https:\/\/biciurba.com\/#\/schema\/person\/d9675ddf29ee982d268db0a3f239eced\"},\"potentialAction\":[{\"@type\":\"SearchAction\",\"target\":{\"@type\":\"EntryPoint\",\"urlTemplate\":\"https:\/\/biciurba.com\/?s={search_term_string}\"},\"query-input\":{\"@type\":\"PropertyValueSpecification\",\"valueRequired\":true,\"valueName\":\"search_term_string\"}}],\"inLanguage\":\"es\"},{\"@type\":[\"Person\",\"Organization\"],\"@id\":\"https:\/\/biciurba.com\/#\/schema\/person\/d9675ddf29ee982d268db0a3f239eced\",\"name\":\"Carlos Cantor\",\"image\":{\"@type\":\"ImageObject\",\"inLanguage\":\"es\",\"@id\":\"https:\/\/biciurba.com\/#\/schema\/person\/image\/\",\"url\":\"https:\/\/biciurba.com\/wp-content\/uploads\/2024\/04\/cropped-logo-1.png\",\"contentUrl\":\"https:\/\/biciurba.com\/wp-content\/uploads\/2024\/04\/cropped-logo-1.png\",\"width\":512,\"height\":318,\"caption\":\"Carlos Cantor\"},\"logo\":{\"@id\":\"https:\/\/biciurba.com\/#\/schema\/person\/image\/\"},\"sameAs\":[\"https:\/\/biciurba.com\"],\"url\":\"https:\/\/biciurba.com\/index.php\/author\/ccantor\/\"}]}<\/script>\n<!-- \/ Yoast SEO plugin. -->","yoast_head_json":{"title":"A un a\u00f1o de un cap\u00edtulo m\u00e1s, de una guerra que no termina, una mirada hist\u00f3rica para entender - Biciurba","robots":{"index":"index","follow":"follow","max-snippet":"max-snippet:-1","max-image-preview":"max-image-preview:large","max-video-preview":"max-video-preview:-1"},"canonical":"https:\/\/biciurba.com\/index.php\/2024\/10\/07\/a-un-ano-de-un-capitulo-mas-de-una-guerra-que-no-termina-una-mirada-historica-para-entender\/","og_locale":"es_ES","og_type":"article","og_title":"A un a\u00f1o de un cap\u00edtulo m\u00e1s, de una guerra que no termina, una mirada hist\u00f3rica para entender - Biciurba","og_description":"Cuando nos acercamos a la realidad de la guerra de Israel contra Hamas en Gaza y Hezbol\u00e1 en L\u00edbano, es necesario, para m\u00e1s o menos entenderla, considerar sus or\u00edgenes, que se remontan a los tiempos b\u00edblicos cuando los pueblos semitas, como los hebreos, filisteos, cananeos, y otras tribus en la zona buscaban el predominio de [&hellip;]","og_url":"https:\/\/biciurba.com\/index.php\/2024\/10\/07\/a-un-ano-de-un-capitulo-mas-de-una-guerra-que-no-termina-una-mirada-historica-para-entender\/","og_site_name":"Biciurba","article_published_time":"2024-10-07T16:54:26+00:00","article_modified_time":"2024-10-07T16:54:27+00:00","og_image":[{"width":606,"height":404,"url":"https:\/\/biciurba.com\/wp-content\/uploads\/2024\/10\/guerra-4.png","type":"image\/png"}],"author":"Carlos Cantor","twitter_card":"summary_large_image","twitter_misc":{"Escrito por":"Carlos Cantor","Tiempo de lectura":"13 minutos"},"schema":{"@context":"https:\/\/schema.org","@graph":[{"@type":"Article","@id":"https:\/\/biciurba.com\/index.php\/2024\/10\/07\/a-un-ano-de-un-capitulo-mas-de-una-guerra-que-no-termina-una-mirada-historica-para-entender\/#article","isPartOf":{"@id":"https:\/\/biciurba.com\/index.php\/2024\/10\/07\/a-un-ano-de-un-capitulo-mas-de-una-guerra-que-no-termina-una-mirada-historica-para-entender\/"},"author":{"name":"Carlos Cantor","@id":"https:\/\/biciurba.com\/#\/schema\/person\/d9675ddf29ee982d268db0a3f239eced"},"headline":"A un a\u00f1o de un cap\u00edtulo m\u00e1s, de una guerra que no termina, una mirada hist\u00f3rica para entender","datePublished":"2024-10-07T16:54:26+00:00","dateModified":"2024-10-07T16:54:27+00:00","mainEntityOfPage":{"@id":"https:\/\/biciurba.com\/index.php\/2024\/10\/07\/a-un-ano-de-un-capitulo-mas-de-una-guerra-que-no-termina-una-mirada-historica-para-entender\/"},"wordCount":2731,"commentCount":0,"publisher":{"@id":"https:\/\/biciurba.com\/#\/schema\/person\/d9675ddf29ee982d268db0a3f239eced"},"image":{"@id":"https:\/\/biciurba.com\/index.php\/2024\/10\/07\/a-un-ano-de-un-capitulo-mas-de-una-guerra-que-no-termina-una-mirada-historica-para-entender\/#primaryimage"},"thumbnailUrl":"https:\/\/biciurba.com\/wp-content\/uploads\/2024\/10\/guerra-4.png","keywords":["Franja de Gaza","Guerra medio Oriente","Hamas","Holocausto","Imperio Brit\u00e1nico","Israel","USA"],"articleSection":["Historia Mundial","Noticias"],"inLanguage":"es","potentialAction":[{"@type":"CommentAction","name":"Comment","target":["https:\/\/biciurba.com\/index.php\/2024\/10\/07\/a-un-ano-de-un-capitulo-mas-de-una-guerra-que-no-termina-una-mirada-historica-para-entender\/#respond"]}]},{"@type":"WebPage","@id":"https:\/\/biciurba.com\/index.php\/2024\/10\/07\/a-un-ano-de-un-capitulo-mas-de-una-guerra-que-no-termina-una-mirada-historica-para-entender\/","url":"https:\/\/biciurba.com\/index.php\/2024\/10\/07\/a-un-ano-de-un-capitulo-mas-de-una-guerra-que-no-termina-una-mirada-historica-para-entender\/","name":"A un a\u00f1o de un cap\u00edtulo m\u00e1s, de una guerra que no termina, una mirada hist\u00f3rica para entender - Biciurba","isPartOf":{"@id":"https:\/\/biciurba.com\/#website"},"primaryImageOfPage":{"@id":"https:\/\/biciurba.com\/index.php\/2024\/10\/07\/a-un-ano-de-un-capitulo-mas-de-una-guerra-que-no-termina-una-mirada-historica-para-entender\/#primaryimage"},"image":{"@id":"https:\/\/biciurba.com\/index.php\/2024\/10\/07\/a-un-ano-de-un-capitulo-mas-de-una-guerra-que-no-termina-una-mirada-historica-para-entender\/#primaryimage"},"thumbnailUrl":"https:\/\/biciurba.com\/wp-content\/uploads\/2024\/10\/guerra-4.png","datePublished":"2024-10-07T16:54:26+00:00","dateModified":"2024-10-07T16:54:27+00:00","breadcrumb":{"@id":"https:\/\/biciurba.com\/index.php\/2024\/10\/07\/a-un-ano-de-un-capitulo-mas-de-una-guerra-que-no-termina-una-mirada-historica-para-entender\/#breadcrumb"},"inLanguage":"es","potentialAction":[{"@type":"ReadAction","target":["https:\/\/biciurba.com\/index.php\/2024\/10\/07\/a-un-ano-de-un-capitulo-mas-de-una-guerra-que-no-termina-una-mirada-historica-para-entender\/"]}]},{"@type":"ImageObject","inLanguage":"es","@id":"https:\/\/biciurba.com\/index.php\/2024\/10\/07\/a-un-ano-de-un-capitulo-mas-de-una-guerra-que-no-termina-una-mirada-historica-para-entender\/#primaryimage","url":"https:\/\/biciurba.com\/wp-content\/uploads\/2024\/10\/guerra-4.png","contentUrl":"https:\/\/biciurba.com\/wp-content\/uploads\/2024\/10\/guerra-4.png","width":606,"height":404,"caption":"Hace un a\u00f1o de los tr\u00e1gicos acontecimientos en el recinto del festival israel\u00ed de m\u00fasica Tribe of Nova, donde 364 personas murieron a manos de los islamistas de Ham\u00e1s, se ha convertido en un espacio para la memoria al que cada semana acuden miles de visitantes."},{"@type":"BreadcrumbList","@id":"https:\/\/biciurba.com\/index.php\/2024\/10\/07\/a-un-ano-de-un-capitulo-mas-de-una-guerra-que-no-termina-una-mirada-historica-para-entender\/#breadcrumb","itemListElement":[{"@type":"ListItem","position":1,"name":"Portada","item":"https:\/\/biciurba.com\/"},{"@type":"ListItem","position":2,"name":"A un a\u00f1o de un cap\u00edtulo m\u00e1s, de una guerra que no termina, una mirada hist\u00f3rica para entender"}]},{"@type":"WebSite","@id":"https:\/\/biciurba.com\/#website","url":"https:\/\/biciurba.com\/","name":"Biciurba","description":"Una mejor manera de vivir","publisher":{"@id":"https:\/\/biciurba.com\/#\/schema\/person\/d9675ddf29ee982d268db0a3f239eced"},"potentialAction":[{"@type":"SearchAction","target":{"@type":"EntryPoint","urlTemplate":"https:\/\/biciurba.com\/?s={search_term_string}"},"query-input":{"@type":"PropertyValueSpecification","valueRequired":true,"valueName":"search_term_string"}}],"inLanguage":"es"},{"@type":["Person","Organization"],"@id":"https:\/\/biciurba.com\/#\/schema\/person\/d9675ddf29ee982d268db0a3f239eced","name":"Carlos Cantor","image":{"@type":"ImageObject","inLanguage":"es","@id":"https:\/\/biciurba.com\/#\/schema\/person\/image\/","url":"https:\/\/biciurba.com\/wp-content\/uploads\/2024\/04\/cropped-logo-1.png","contentUrl":"https:\/\/biciurba.com\/wp-content\/uploads\/2024\/04\/cropped-logo-1.png","width":512,"height":318,"caption":"Carlos Cantor"},"logo":{"@id":"https:\/\/biciurba.com\/#\/schema\/person\/image\/"},"sameAs":["https:\/\/biciurba.com"],"url":"https:\/\/biciurba.com\/index.php\/author\/ccantor\/"}]}},"_links":{"self":[{"href":"https:\/\/biciurba.com\/index.php\/wp-json\/wp\/v2\/posts\/1207"}],"collection":[{"href":"https:\/\/biciurba.com\/index.php\/wp-json\/wp\/v2\/posts"}],"about":[{"href":"https:\/\/biciurba.com\/index.php\/wp-json\/wp\/v2\/types\/post"}],"author":[{"embeddable":true,"href":"https:\/\/biciurba.com\/index.php\/wp-json\/wp\/v2\/users\/1"}],"replies":[{"embeddable":true,"href":"https:\/\/biciurba.com\/index.php\/wp-json\/wp\/v2\/comments?post=1207"}],"version-history":[{"count":1,"href":"https:\/\/biciurba.com\/index.php\/wp-json\/wp\/v2\/posts\/1207\/revisions"}],"predecessor-version":[{"id":1212,"href":"https:\/\/biciurba.com\/index.php\/wp-json\/wp\/v2\/posts\/1207\/revisions\/1212"}],"wp:featuredmedia":[{"embeddable":true,"href":"https:\/\/biciurba.com\/index.php\/wp-json\/wp\/v2\/media\/1208"}],"wp:attachment":[{"href":"https:\/\/biciurba.com\/index.php\/wp-json\/wp\/v2\/media?parent=1207"}],"wp:term":[{"taxonomy":"category","embeddable":true,"href":"https:\/\/biciurba.com\/index.php\/wp-json\/wp\/v2\/categories?post=1207"},{"taxonomy":"post_tag","embeddable":true,"href":"https:\/\/biciurba.com\/index.php\/wp-json\/wp\/v2\/tags?post=1207"}],"curies":[{"name":"wp","href":"https:\/\/api.w.org\/{rel}","templated":true}]}}