{"id":1227,"date":"2024-10-12T09:49:28","date_gmt":"2024-10-12T14:49:28","guid":{"rendered":"https:\/\/biciurba.com\/?p=1227"},"modified":"2024-10-12T11:01:56","modified_gmt":"2024-10-12T16:01:56","slug":"a-estas-del-doce-de-octubre-un-proceso-de-dominacion-inculturacion-y-devastacion","status":"publish","type":"post","link":"https:\/\/biciurba.com\/index.php\/2024\/10\/12\/a-estas-del-doce-de-octubre-un-proceso-de-dominacion-inculturacion-y-devastacion\/","title":{"rendered":"A estas del Doce de Octubre, un proceso de dominaci\u00f3n, inculturaci\u00f3n y devastaci\u00f3n"},"content":{"rendered":"\n<p>Hoy conmemoramos, en el mundo hispanoamericano, la llegada del italiano Crist\u00f3bal Col\u00f3n a tierras de Abya Yala, lo que marc\u00f3 el inicio de la transformaci\u00f3n radical de la vida de los pueblos originarios en lo que hoy conocemos como Latinoam\u00e9rica.<\/p>\n\n\n\n<p>Como en todas las historias narradas por los vencedores, este \u00abencuentro\u00bb entre dos civilizaciones ha sido interpretado desde una perspectiva euroc\u00e9ntrica como un descubrimiento, cuando en realidad fue un proceso de conquista violento y devastador para las culturas que habitaban Abya Yala, el nombre dado por los pueblos originarios al continente, especialmente por los Kuna de la regi\u00f3n paname\u00f1a y colombiana, que significa \u00abtierra en plena madurez\u00bb. Este nombre, alude a la riqueza cultural, ecol\u00f3gica y espiritual de un territorio que, con la llegada de los europeos, enfrent\u00f3 el saqueo, la muerte y la imposici\u00f3n de una nueva cosmovisi\u00f3n.<\/p>\n\n\n\n<p>La conquista espa\u00f1ola en Latinoam\u00e9rica no solo implic\u00f3 la dominaci\u00f3n militar, sino tambi\u00e9n la subyugaci\u00f3n pol\u00edtica, econ\u00f3mica, social y cultural de las civilizaciones que habitaban este continente. A lo largo de varios siglos, la imposici\u00f3n de la cultura europea, la explotaci\u00f3n de los recursos naturales y humanos, y el establecimiento de estructuras sociales racializadas dejaron secuelas que contin\u00faan marcando la realidad de los habitantes de estas tierras de selvas, valles, monta\u00f1as y una inmensa biodiversidad, que ha marcado el desastre, el saqueo y la muerte durante algo m\u00e1s de seis siglos.<\/p>\n\n\n\n<p>La dominaci\u00f3n espa\u00f1ola en Am\u00e9rica Latina se expandi\u00f3 durante m\u00e1s de tres siglos, comenzando con las expediciones de exploraci\u00f3n y conquista a fines del siglo XV y consolid\u00e1ndose con la ca\u00edda de los grandes imperios ind\u00edgenas. En 1521, Hern\u00e1n Cort\u00e9s conquist\u00f3 el Imperio Azteca tras la ca\u00edda de Tenochtitlan, mientras que en 1533, Francisco Pizarro logr\u00f3 la rendici\u00f3n del Imperio Inca en Per\u00fa. A partir de entonces, Espa\u00f1a impuso su dominio sobre vastos territorios que abarcaron desde M\u00e9xico hasta el Cono Sur, con la excepci\u00f3n de Brasil, que fue colonizado por Portugal.<\/p>\n\n\n\n<p>Este per\u00edodo de dominaci\u00f3n culmin\u00f3 con las guerras de independencia en el siglo XIX, impulsado tanto por factores externos, con guerras europeas protagonizadas por una Francia napole\u00f3nica, adem\u00e1s de el creciente descontento en las colonias debido a la explotaci\u00f3n y las desigualdades impuestas por el sistema colonial espa\u00f1ol.<\/p>\n\n\n\n<p>Tras la colonizaci\u00f3n qued\u00f3 una marca imborrable en las estructuras econ\u00f3micas y sociales de Am\u00e9rica Latina, que a\u00fan perduran con variables que marcan desigualdades que ha generado revoluciones, dictaduras y explotaciones de los recursos naturales a costa del bienestar de los habitantes y como ejemplo de hoy, la destrucci\u00f3n masiva de la Selva Amaz\u00f3nica y con la consiguiente p\u00e9rdida del recurso h\u00eddrico en todo el continente al romperse el ciclo del agua.<\/p>\n\n\n\n<p>Uno de los aspectos m\u00e1s significativos de la conquista fue la imposici\u00f3n del cristianismo, espec\u00edficamente el catolicismo, a trav\u00e9s de la evangelizaci\u00f3n forzada de los pueblos ind\u00edgenas. Los misioneros llegaron a las tierras americanas con el objetivo de \u00abcivilizar\u00bb a los habitantes originarios, quienes eran percibidos por los europeos como seres inferiores, necesitados de ser salvados. Para la Corona espa\u00f1ola, la cristianizaci\u00f3n de los ind\u00edgenas fue tanto una justificaci\u00f3n moral para la conquista como una herramienta para consolidar su poder y hegemonia.<\/p>\n\n\n\n<p>Las religiones y cosmovisiones de los pueblos originarios fueron demonizadas y prohibidas, y los ind\u00edgenas fueron obligados a adoptar el cristianismo como parte de la cultura dominante. Iglesias y catedrales se construyeron sobre los templos ind\u00edgenas, en un esfuerzo simb\u00f3lico por borrar las creencias preexistentes. Sin embargo, a pesar de estos intentos de homogeneizaci\u00f3n cultural, muchos pueblos ind\u00edgenas lograron mantener elementos de sus creencias ancestrales, dando lugar a una forma de sincretismo religioso que fusionaba el catolicismo con sus pr\u00e1cticas espirituales tradicionales, que se pueden observar en M\u00e9xico, Per\u00fa o en las tierras del Choc\u00f3 en Colombia.<\/p>\n\n\n\n<p>La llegada de los europeos trajo consigo una devastaci\u00f3n sin precedentes en la poblaci\u00f3n ind\u00edgena de Am\u00e9rica Latina. Aunque es dif\u00edcil obtener cifras exactas, los historiadores estiman que la poblaci\u00f3n de las Am\u00e9ricas se redujo en un 90% en el primer siglo tras la llegada de los europeos. Antes de la conquista, se calcula que entre 50 y 100 millones de personas viv\u00edan en el continente. Para finales del siglo XVI, esa cifra se hab\u00eda reducido debido a una combinaci\u00f3n de factores: enfermedades tra\u00eddas por los colonizadores como la viruela, el sarampi\u00f3n y la gripe, la guerra, la esclavitud y las masacres perpetradas por los conquistadores.<\/p>\n\n\n\n<p>Uno de los episodios m\u00e1s emblem\u00e1ticos de la violencia colonial fue la matanza de Cholula, donde Hern\u00e1n Cort\u00e9s y sus aliados ind\u00edgenas asesinaron a millas de personas en una ciudad que hab\u00eda ofrecido resistencia. La violencia f\u00edsica, sin embargo, fue solo una parte de la devastaci\u00f3n: las enfermedades, para las cuales los pueblos originarios no ten\u00edan inmunidad, se expandieron con rapidez, diezmando comunidades enteras. En algunos casos, las epidemias fueron utilizadas como armas biol\u00f3gicas, como en el caso de las mantas infectadas con viruela que los colonos brit\u00e1nicos distribuyeron.<\/p>\n\n\n\n<p>As\u00ed como sucede hoy, la explotaci\u00f3n de los recursos naturales fue una de las principales motivaciones detr\u00e1s de la conquista. Desde el principio, los conquistadores europeos buscaron obtener riquezas de las tierras americanas, especialmente oro y plata. La miner\u00eda se convirti\u00f3 en una de las principales actividades econ\u00f3micas, y lugares como Potos\u00ed, en la actual Bolivia, se convirtieron en centros de extracci\u00f3n que alimentaban la econom\u00eda mundial. La mano de obra ind\u00edgena fue explotada a trav\u00e9s de sistemas de trabajo forzado como la encomienda y la mita, que somet\u00edan a los nativos a condiciones inhumanas para beneficiarios a los colonos.<\/p>\n\n\n\n<p>Desde los tiempos de la conquista se abri\u00f3 las puertas al establecimiento de un sistema comercial que favorec\u00eda a Europa a expensas de Am\u00e9rica Latina y en el mundo global de hoy se sintetiza en los acuerdos comerciales entre gobiernos de occidente y las multinacionales, que de alguna forma los representan.<\/p>\n\n\n\n<p>Las coronas europeas, Espa\u00f1a, Portugal y el imperio Brit\u00e1nico, que les gan\u00f3 su preeminencia global hasta la Segunda Guerra Mundial, establecieron rutas comerciales que permit\u00edan la extracci\u00f3n de materias primas de Am\u00e9rica y su exportaci\u00f3n a Europa, mientras que los productos fabricados europeos eran vendidos en las colonias a precios elevados.<\/p>\n\n\n\n<p>Este sistema desigual sent\u00f3 las bases de las econom\u00edas extractivas que todav\u00eda caracterizan a muchos pa\u00edses y que se van modificando seg\u00fan los cambios industriales, ahora el litio, el cobre, el platino y otros minerales que son b\u00e1sicos para las industrias tecnol\u00f3gicas, marcan la ruta de la explotaci\u00f3n y de acuerdos comerciales, casi siempre en detrimento de las finanzas nacionales, adem\u00e1s de generar procesos de corrupci\u00f3n a todos los niveles del estado y la sociedad. Lo que prevalece es la avaricia por el dinero y el descuido total de los biosistemas afectados e irrecuperables en la mayor parte de los casos.<\/p>\n\n\n\n<p>La conquista introdujo un sistema de castas basado en la raza, en el que los europeos se ubican en la c\u00faspide de la jerarqu\u00eda social, seguidos por los mestizos (mezcla de europeos e ind\u00edgenas), y finalmente, los ind\u00edgenas y africanos esclavizados. Este sistema racial fue clave para mantener el control colonial, ya que justificaba la explotaci\u00f3n de los grupos no europeos y aseguraba que el poder se concentra en manos de los colonos.<\/p>\n\n\n\n<p>Las razas en general es una idea y sistema que se estableci\u00f3 para deshumanizar a las personas y convertirlas en m\u00e1quinas de producci\u00f3n y mercanc\u00eda, que se remonta a los imperios antiguos de Asia, \u00c1frica y despu\u00e9s en Europa, donde el hombre con caracter\u00edsticas identificadas al poder sojuzgaba a los distintos, establecidos como inferiores y hasta calificados como animales o cosas.<\/p>\n\n\n\n<p>La explotaci\u00f3n del recurso agrario fortaleci\u00f3 el latifundio, o la concentraci\u00f3n de grandes extensiones de tierra en manos de unos pocos, y fue otra consecuencia del sistema colonial que sigue vigente en muchas partes de Am\u00e9rica Latina. Este modelo de propiedad de la tierra perpetu\u00f3 la desigualdad econ\u00f3mica y social, y contribuy\u00f3 a la marginaci\u00f3n de los pueblos ind\u00edgenas y afrodescendientes. Ha generado incesantes guerras en todos los pa\u00edses latinoamericanos, y hoy se hace a trav\u00e9s de empresas globales que por terceros est\u00e1n comprando tierras para la agroindustria, como sucede en Brasil, Colombia y Argentina principalmente.<\/p>\n\n\n\n<p>La conquista no solo trajo consigo una explotaci\u00f3n econ\u00f3mica y social, sino tambi\u00e9n un proceso de colonizaci\u00f3n cultural. Los colonizadores europeos impusieron su lengua, sus valores y sus formas de vida, promoviendo una visi\u00f3n del mundo en la que Europa era el centro de la civilizaci\u00f3n. Las culturas ind\u00edgenas fueron menospreciadas y vistas como primitivas, y sus lenguas, tradiciones y conocimientos fueron relegados al olvido.<\/p>\n\n\n\n<p>Este proceso de imposici\u00f3n cultural llev\u00f3 a una internalizaci\u00f3n del eurocentrismo por parte de las \u00e9lites criollas y mestizas, que adoptaron los valores europeos y promovieron una visi\u00f3n del progreso que dejaba de lado las contribuciones de las culturas originarias. Esta mentalidad ha tenido consecuencias duraderas en las sociedades latinoamericanas, donde persisten formas de racismo y discriminaci\u00f3n contra los pueblos ind\u00edgenas y afros.<\/p>\n\n\n\n<p>Hoy en d\u00eda, a\u00fan a pesar de movimientos de rescate de las culturas ancestrales, lo cierto es que ese desprecio por lo ind\u00edgena a\u00fan prevalece y siguen siendo victimas de los sistemas de gobierno que favorecen a los latifundistas, a reformas de territorios expropiando o deforestando selvas en donde algunos pueblos han decidido alejarse de las ciudades y pueblos. A\u00fan as\u00ed son destruidos en estos tiempos.<\/p>\n\n\n\n<p>La conquista del imperio espa\u00f1ol en Abya Yala dej\u00f3 cicatrices profundas que todav\u00eda marcan la realidad de Am\u00e9rica Latina. Las estructuras de explotaci\u00f3n econ\u00f3mica, las jerarqu\u00edas raciales y la imposici\u00f3n cultural siguen vigentes, aunque muchas veces de formas m\u00e1s sutiles. A pesar de ello, los pueblos ind\u00edgenas y afrodescendientes han mantenido viva la memoria de sus culturas y siguen luchando por el reconocimiento.<\/p>\n\n\n\n<p>Hoy, los movimientos ind\u00edgenas en Am\u00e9rica Latina reclaman justicia hist\u00f3rica y buscan revertir siglos de marginaci\u00f3n y explotaci\u00f3n. La resistencia cultural y la lucha por la autonom\u00eda sobre sus territorios son una prueba de que, a pesar de la devastaci\u00f3n de la conquista, los pueblos originarios contin\u00faan siendo actores clave en la construcci\u00f3n de una sociedad multicultural. <\/p>\n\n\n\n<p>Es ir\u00f3nico que frente a la crisis clim\u00e1tica, algunos sectores de la academia universitaria se acercan a conocer y validar el conocimiento ancestral, para intentar detener el deterioro del planeta. Una prueba de ello son los procesos agroecol\u00f3gicos por encima de los agroindustriales que tanto da\u00f1o han causado a los biosistemas del continente.<\/p>\n\n\n\n<p>En una Europa a\u00fan m\u00e1s envejecida, en un imperio norteamericano que se encuentra en la encrucijada de la propuesta de un mundo multipolar, de guerras desastrosas e inhumanas a\u00fan por territorios, Abya Yala se enfrenta a la destrucci\u00f3n de sus r\u00edos, selvas, monta\u00f1as, a gobiernos tir\u00e1nicos, otros seudo democr\u00e1ticos marcados por la corrupci\u00f3n y guerras civiles de nunca acabar, ahora financiadas por el narcotr\u00e1fico y ya no por ideas de cambios fundamentales. Adem\u00e1s ve como su juventud formada acad\u00e9micamente se va en busca de sus sue\u00f1os a otras tierras, dejando a la gente mayor en soledad y en la incertidumbre de un presente complejo y un futuro a\u00fan m\u00e1s incierto.<\/p>\n\n\n\n<p>Los imperios cuando cumplen su ciclo y ceden su espacio al siguiente poder global, siempre han dejado miseria, clasismo, corrupci\u00f3n y en el subconsciente colectivo, que el imperio es el sue\u00f1o por lograr, lo que no nos damos cuenta, es que el sue\u00f1o del imperio eran estas tierras que la naturaleza marc\u00f3 con una inmensa riqueza de vida y que solo requiere cuidadores y no explotadores.<\/p>\n","protected":false},"excerpt":{"rendered":"<p>Hoy conmemoramos, en el mundo hispanoamericano, la llegada del italiano Crist\u00f3bal Col\u00f3n a tierras de Abya Yala, lo que marc\u00f3 el inicio de la transformaci\u00f3n radical de la vida de los pueblos originarios en lo que hoy conocemos como Latinoam\u00e9rica. Como en todas las historias narradas por los vencedores, este \u00abencuentro\u00bb entre dos civilizaciones ha [&hellip;]<\/p>\n","protected":false},"author":1,"featured_media":1228,"comment_status":"open","ping_status":"open","sticky":false,"template":"","format":"standard","meta":{"footnotes":""},"categories":[426,52],"tags":[491,493,492,497,496,495,494],"class_list":{"0":"post-1227","1":"post","2":"type-post","3":"status-publish","4":"format-standard","5":"has-post-thumbnail","6":"hentry","7":"category-historia-mundial","8":"category-noticias","9":"tag-491","10":"tag-abya-yala","11":"tag-america","12":"tag-colonialismo","13":"tag-destrucccion","15":"tag-imperialismos"},"yoast_head":"<!-- This site is optimized with the Yoast SEO plugin v23.9 - https:\/\/yoast.com\/wordpress\/plugins\/seo\/ -->\n<title>A estas del Doce de Octubre, un proceso de dominaci\u00f3n, inculturaci\u00f3n y devastaci\u00f3n - Biciurba<\/title>\n<meta name=\"robots\" content=\"index, follow, max-snippet:-1, max-image-preview:large, max-video-preview:-1\" \/>\n<link rel=\"canonical\" href=\"https:\/\/biciurba.com\/index.php\/2024\/10\/12\/a-estas-del-doce-de-octubre-un-proceso-de-dominacion-inculturacion-y-devastacion\/\" \/>\n<meta property=\"og:locale\" content=\"es_ES\" \/>\n<meta property=\"og:type\" content=\"article\" \/>\n<meta property=\"og:title\" content=\"A estas del Doce de Octubre, un proceso de dominaci\u00f3n, inculturaci\u00f3n y devastaci\u00f3n - Biciurba\" \/>\n<meta property=\"og:description\" content=\"Hoy conmemoramos, en el mundo hispanoamericano, la llegada del italiano Crist\u00f3bal Col\u00f3n a tierras de Abya Yala, lo que marc\u00f3 el inicio de la transformaci\u00f3n radical de la vida de los pueblos originarios en lo que hoy conocemos como Latinoam\u00e9rica. Como en todas las historias narradas por los vencedores, este \u00abencuentro\u00bb entre dos civilizaciones ha [&hellip;]\" \/>\n<meta property=\"og:url\" content=\"https:\/\/biciurba.com\/index.php\/2024\/10\/12\/a-estas-del-doce-de-octubre-un-proceso-de-dominacion-inculturacion-y-devastacion\/\" \/>\n<meta property=\"og:site_name\" content=\"Biciurba\" \/>\n<meta property=\"article:published_time\" content=\"2024-10-12T14:49:28+00:00\" \/>\n<meta property=\"article:modified_time\" content=\"2024-10-12T16:01:56+00:00\" \/>\n<meta property=\"og:image\" content=\"https:\/\/biciurba.com\/wp-content\/uploads\/2024\/10\/la-conquista.png\" \/>\n\t<meta property=\"og:image:width\" content=\"606\" \/>\n\t<meta property=\"og:image:height\" content=\"404\" \/>\n\t<meta property=\"og:image:type\" content=\"image\/png\" \/>\n<meta name=\"author\" content=\"Carlos Cantor\" \/>\n<meta name=\"twitter:card\" content=\"summary_large_image\" \/>\n<meta name=\"twitter:label1\" content=\"Escrito por\" \/>\n\t<meta name=\"twitter:data1\" content=\"Carlos Cantor\" \/>\n\t<meta name=\"twitter:label2\" content=\"Tiempo de lectura\" \/>\n\t<meta name=\"twitter:data2\" content=\"9 minutos\" \/>\n<script type=\"application\/ld+json\" class=\"yoast-schema-graph\">{\"@context\":\"https:\/\/schema.org\",\"@graph\":[{\"@type\":\"Article\",\"@id\":\"https:\/\/biciurba.com\/index.php\/2024\/10\/12\/a-estas-del-doce-de-octubre-un-proceso-de-dominacion-inculturacion-y-devastacion\/#article\",\"isPartOf\":{\"@id\":\"https:\/\/biciurba.com\/index.php\/2024\/10\/12\/a-estas-del-doce-de-octubre-un-proceso-de-dominacion-inculturacion-y-devastacion\/\"},\"author\":{\"name\":\"Carlos Cantor\",\"@id\":\"https:\/\/biciurba.com\/#\/schema\/person\/d9675ddf29ee982d268db0a3f239eced\"},\"headline\":\"A estas del Doce de Octubre, un proceso de dominaci\u00f3n, inculturaci\u00f3n y devastaci\u00f3n\",\"datePublished\":\"2024-10-12T14:49:28+00:00\",\"dateModified\":\"2024-10-12T16:01:56+00:00\",\"mainEntityOfPage\":{\"@id\":\"https:\/\/biciurba.com\/index.php\/2024\/10\/12\/a-estas-del-doce-de-octubre-un-proceso-de-dominacion-inculturacion-y-devastacion\/\"},\"wordCount\":2096,\"commentCount\":1,\"publisher\":{\"@id\":\"https:\/\/biciurba.com\/#\/schema\/person\/d9675ddf29ee982d268db0a3f239eced\"},\"image\":{\"@id\":\"https:\/\/biciurba.com\/index.php\/2024\/10\/12\/a-estas-del-doce-de-octubre-un-proceso-de-dominacion-inculturacion-y-devastacion\/#primaryimage\"},\"thumbnailUrl\":\"https:\/\/biciurba.com\/wp-content\/uploads\/2024\/10\/la-conquista.png\",\"keywords\":[\"1492\",\"Abya Yala\",\"Am\u00e9rica\",\"Colonialismo\",\"Destruccci\u00f3n\",\"Espa\u00f1a\",\"Imperialismos\"],\"articleSection\":[\"Historia Mundial\",\"Noticias\"],\"inLanguage\":\"es\",\"potentialAction\":[{\"@type\":\"CommentAction\",\"name\":\"Comment\",\"target\":[\"https:\/\/biciurba.com\/index.php\/2024\/10\/12\/a-estas-del-doce-de-octubre-un-proceso-de-dominacion-inculturacion-y-devastacion\/#respond\"]}]},{\"@type\":\"WebPage\",\"@id\":\"https:\/\/biciurba.com\/index.php\/2024\/10\/12\/a-estas-del-doce-de-octubre-un-proceso-de-dominacion-inculturacion-y-devastacion\/\",\"url\":\"https:\/\/biciurba.com\/index.php\/2024\/10\/12\/a-estas-del-doce-de-octubre-un-proceso-de-dominacion-inculturacion-y-devastacion\/\",\"name\":\"A estas del Doce de Octubre, un proceso de dominaci\u00f3n, inculturaci\u00f3n y devastaci\u00f3n - Biciurba\",\"isPartOf\":{\"@id\":\"https:\/\/biciurba.com\/#website\"},\"primaryImageOfPage\":{\"@id\":\"https:\/\/biciurba.com\/index.php\/2024\/10\/12\/a-estas-del-doce-de-octubre-un-proceso-de-dominacion-inculturacion-y-devastacion\/#primaryimage\"},\"image\":{\"@id\":\"https:\/\/biciurba.com\/index.php\/2024\/10\/12\/a-estas-del-doce-de-octubre-un-proceso-de-dominacion-inculturacion-y-devastacion\/#primaryimage\"},\"thumbnailUrl\":\"https:\/\/biciurba.com\/wp-content\/uploads\/2024\/10\/la-conquista.png\",\"datePublished\":\"2024-10-12T14:49:28+00:00\",\"dateModified\":\"2024-10-12T16:01:56+00:00\",\"breadcrumb\":{\"@id\":\"https:\/\/biciurba.com\/index.php\/2024\/10\/12\/a-estas-del-doce-de-octubre-un-proceso-de-dominacion-inculturacion-y-devastacion\/#breadcrumb\"},\"inLanguage\":\"es\",\"potentialAction\":[{\"@type\":\"ReadAction\",\"target\":[\"https:\/\/biciurba.com\/index.php\/2024\/10\/12\/a-estas-del-doce-de-octubre-un-proceso-de-dominacion-inculturacion-y-devastacion\/\"]}]},{\"@type\":\"ImageObject\",\"inLanguage\":\"es\",\"@id\":\"https:\/\/biciurba.com\/index.php\/2024\/10\/12\/a-estas-del-doce-de-octubre-un-proceso-de-dominacion-inculturacion-y-devastacion\/#primaryimage\",\"url\":\"https:\/\/biciurba.com\/wp-content\/uploads\/2024\/10\/la-conquista.png\",\"contentUrl\":\"https:\/\/biciurba.com\/wp-content\/uploads\/2024\/10\/la-conquista.png\",\"width\":606,\"height\":404,\"caption\":\"Esta denominaci\u00f3n es dada al continente americano por el pueblo Kuna, desde antes de la llegada de los europeos. Este pueblo es originario de la serran\u00eda del Dari\u00e9n, al norte de Colombia.\"},{\"@type\":\"BreadcrumbList\",\"@id\":\"https:\/\/biciurba.com\/index.php\/2024\/10\/12\/a-estas-del-doce-de-octubre-un-proceso-de-dominacion-inculturacion-y-devastacion\/#breadcrumb\",\"itemListElement\":[{\"@type\":\"ListItem\",\"position\":1,\"name\":\"Portada\",\"item\":\"https:\/\/biciurba.com\/\"},{\"@type\":\"ListItem\",\"position\":2,\"name\":\"A estas del Doce de Octubre, un proceso de dominaci\u00f3n, inculturaci\u00f3n y devastaci\u00f3n\"}]},{\"@type\":\"WebSite\",\"@id\":\"https:\/\/biciurba.com\/#website\",\"url\":\"https:\/\/biciurba.com\/\",\"name\":\"Biciurba\",\"description\":\"Una mejor manera de vivir\",\"publisher\":{\"@id\":\"https:\/\/biciurba.com\/#\/schema\/person\/d9675ddf29ee982d268db0a3f239eced\"},\"potentialAction\":[{\"@type\":\"SearchAction\",\"target\":{\"@type\":\"EntryPoint\",\"urlTemplate\":\"https:\/\/biciurba.com\/?s={search_term_string}\"},\"query-input\":{\"@type\":\"PropertyValueSpecification\",\"valueRequired\":true,\"valueName\":\"search_term_string\"}}],\"inLanguage\":\"es\"},{\"@type\":[\"Person\",\"Organization\"],\"@id\":\"https:\/\/biciurba.com\/#\/schema\/person\/d9675ddf29ee982d268db0a3f239eced\",\"name\":\"Carlos Cantor\",\"image\":{\"@type\":\"ImageObject\",\"inLanguage\":\"es\",\"@id\":\"https:\/\/biciurba.com\/#\/schema\/person\/image\/\",\"url\":\"https:\/\/biciurba.com\/wp-content\/uploads\/2024\/04\/cropped-logo-1.png\",\"contentUrl\":\"https:\/\/biciurba.com\/wp-content\/uploads\/2024\/04\/cropped-logo-1.png\",\"width\":512,\"height\":318,\"caption\":\"Carlos Cantor\"},\"logo\":{\"@id\":\"https:\/\/biciurba.com\/#\/schema\/person\/image\/\"},\"sameAs\":[\"https:\/\/biciurba.com\"],\"url\":\"https:\/\/biciurba.com\/index.php\/author\/ccantor\/\"}]}<\/script>\n<!-- \/ Yoast SEO plugin. -->","yoast_head_json":{"title":"A estas del Doce de Octubre, un proceso de dominaci\u00f3n, inculturaci\u00f3n y devastaci\u00f3n - Biciurba","robots":{"index":"index","follow":"follow","max-snippet":"max-snippet:-1","max-image-preview":"max-image-preview:large","max-video-preview":"max-video-preview:-1"},"canonical":"https:\/\/biciurba.com\/index.php\/2024\/10\/12\/a-estas-del-doce-de-octubre-un-proceso-de-dominacion-inculturacion-y-devastacion\/","og_locale":"es_ES","og_type":"article","og_title":"A estas del Doce de Octubre, un proceso de dominaci\u00f3n, inculturaci\u00f3n y devastaci\u00f3n - Biciurba","og_description":"Hoy conmemoramos, en el mundo hispanoamericano, la llegada del italiano Crist\u00f3bal Col\u00f3n a tierras de Abya Yala, lo que marc\u00f3 el inicio de la transformaci\u00f3n radical de la vida de los pueblos originarios en lo que hoy conocemos como Latinoam\u00e9rica. Como en todas las historias narradas por los vencedores, este \u00abencuentro\u00bb entre dos civilizaciones ha [&hellip;]","og_url":"https:\/\/biciurba.com\/index.php\/2024\/10\/12\/a-estas-del-doce-de-octubre-un-proceso-de-dominacion-inculturacion-y-devastacion\/","og_site_name":"Biciurba","article_published_time":"2024-10-12T14:49:28+00:00","article_modified_time":"2024-10-12T16:01:56+00:00","og_image":[{"width":606,"height":404,"url":"https:\/\/biciurba.com\/wp-content\/uploads\/2024\/10\/la-conquista.png","type":"image\/png"}],"author":"Carlos Cantor","twitter_card":"summary_large_image","twitter_misc":{"Escrito por":"Carlos Cantor","Tiempo de lectura":"9 minutos"},"schema":{"@context":"https:\/\/schema.org","@graph":[{"@type":"Article","@id":"https:\/\/biciurba.com\/index.php\/2024\/10\/12\/a-estas-del-doce-de-octubre-un-proceso-de-dominacion-inculturacion-y-devastacion\/#article","isPartOf":{"@id":"https:\/\/biciurba.com\/index.php\/2024\/10\/12\/a-estas-del-doce-de-octubre-un-proceso-de-dominacion-inculturacion-y-devastacion\/"},"author":{"name":"Carlos Cantor","@id":"https:\/\/biciurba.com\/#\/schema\/person\/d9675ddf29ee982d268db0a3f239eced"},"headline":"A estas del Doce de Octubre, un proceso de dominaci\u00f3n, inculturaci\u00f3n y devastaci\u00f3n","datePublished":"2024-10-12T14:49:28+00:00","dateModified":"2024-10-12T16:01:56+00:00","mainEntityOfPage":{"@id":"https:\/\/biciurba.com\/index.php\/2024\/10\/12\/a-estas-del-doce-de-octubre-un-proceso-de-dominacion-inculturacion-y-devastacion\/"},"wordCount":2096,"commentCount":1,"publisher":{"@id":"https:\/\/biciurba.com\/#\/schema\/person\/d9675ddf29ee982d268db0a3f239eced"},"image":{"@id":"https:\/\/biciurba.com\/index.php\/2024\/10\/12\/a-estas-del-doce-de-octubre-un-proceso-de-dominacion-inculturacion-y-devastacion\/#primaryimage"},"thumbnailUrl":"https:\/\/biciurba.com\/wp-content\/uploads\/2024\/10\/la-conquista.png","keywords":["1492","Abya Yala","Am\u00e9rica","Colonialismo","Destruccci\u00f3n","Espa\u00f1a","Imperialismos"],"articleSection":["Historia Mundial","Noticias"],"inLanguage":"es","potentialAction":[{"@type":"CommentAction","name":"Comment","target":["https:\/\/biciurba.com\/index.php\/2024\/10\/12\/a-estas-del-doce-de-octubre-un-proceso-de-dominacion-inculturacion-y-devastacion\/#respond"]}]},{"@type":"WebPage","@id":"https:\/\/biciurba.com\/index.php\/2024\/10\/12\/a-estas-del-doce-de-octubre-un-proceso-de-dominacion-inculturacion-y-devastacion\/","url":"https:\/\/biciurba.com\/index.php\/2024\/10\/12\/a-estas-del-doce-de-octubre-un-proceso-de-dominacion-inculturacion-y-devastacion\/","name":"A estas del Doce de Octubre, un proceso de dominaci\u00f3n, inculturaci\u00f3n y devastaci\u00f3n - Biciurba","isPartOf":{"@id":"https:\/\/biciurba.com\/#website"},"primaryImageOfPage":{"@id":"https:\/\/biciurba.com\/index.php\/2024\/10\/12\/a-estas-del-doce-de-octubre-un-proceso-de-dominacion-inculturacion-y-devastacion\/#primaryimage"},"image":{"@id":"https:\/\/biciurba.com\/index.php\/2024\/10\/12\/a-estas-del-doce-de-octubre-un-proceso-de-dominacion-inculturacion-y-devastacion\/#primaryimage"},"thumbnailUrl":"https:\/\/biciurba.com\/wp-content\/uploads\/2024\/10\/la-conquista.png","datePublished":"2024-10-12T14:49:28+00:00","dateModified":"2024-10-12T16:01:56+00:00","breadcrumb":{"@id":"https:\/\/biciurba.com\/index.php\/2024\/10\/12\/a-estas-del-doce-de-octubre-un-proceso-de-dominacion-inculturacion-y-devastacion\/#breadcrumb"},"inLanguage":"es","potentialAction":[{"@type":"ReadAction","target":["https:\/\/biciurba.com\/index.php\/2024\/10\/12\/a-estas-del-doce-de-octubre-un-proceso-de-dominacion-inculturacion-y-devastacion\/"]}]},{"@type":"ImageObject","inLanguage":"es","@id":"https:\/\/biciurba.com\/index.php\/2024\/10\/12\/a-estas-del-doce-de-octubre-un-proceso-de-dominacion-inculturacion-y-devastacion\/#primaryimage","url":"https:\/\/biciurba.com\/wp-content\/uploads\/2024\/10\/la-conquista.png","contentUrl":"https:\/\/biciurba.com\/wp-content\/uploads\/2024\/10\/la-conquista.png","width":606,"height":404,"caption":"Esta denominaci\u00f3n es dada al continente americano por el pueblo Kuna, desde antes de la llegada de los europeos. Este pueblo es originario de la serran\u00eda del Dari\u00e9n, al norte de Colombia."},{"@type":"BreadcrumbList","@id":"https:\/\/biciurba.com\/index.php\/2024\/10\/12\/a-estas-del-doce-de-octubre-un-proceso-de-dominacion-inculturacion-y-devastacion\/#breadcrumb","itemListElement":[{"@type":"ListItem","position":1,"name":"Portada","item":"https:\/\/biciurba.com\/"},{"@type":"ListItem","position":2,"name":"A estas del Doce de Octubre, un proceso de dominaci\u00f3n, inculturaci\u00f3n y devastaci\u00f3n"}]},{"@type":"WebSite","@id":"https:\/\/biciurba.com\/#website","url":"https:\/\/biciurba.com\/","name":"Biciurba","description":"Una mejor manera de vivir","publisher":{"@id":"https:\/\/biciurba.com\/#\/schema\/person\/d9675ddf29ee982d268db0a3f239eced"},"potentialAction":[{"@type":"SearchAction","target":{"@type":"EntryPoint","urlTemplate":"https:\/\/biciurba.com\/?s={search_term_string}"},"query-input":{"@type":"PropertyValueSpecification","valueRequired":true,"valueName":"search_term_string"}}],"inLanguage":"es"},{"@type":["Person","Organization"],"@id":"https:\/\/biciurba.com\/#\/schema\/person\/d9675ddf29ee982d268db0a3f239eced","name":"Carlos Cantor","image":{"@type":"ImageObject","inLanguage":"es","@id":"https:\/\/biciurba.com\/#\/schema\/person\/image\/","url":"https:\/\/biciurba.com\/wp-content\/uploads\/2024\/04\/cropped-logo-1.png","contentUrl":"https:\/\/biciurba.com\/wp-content\/uploads\/2024\/04\/cropped-logo-1.png","width":512,"height":318,"caption":"Carlos Cantor"},"logo":{"@id":"https:\/\/biciurba.com\/#\/schema\/person\/image\/"},"sameAs":["https:\/\/biciurba.com"],"url":"https:\/\/biciurba.com\/index.php\/author\/ccantor\/"}]}},"_links":{"self":[{"href":"https:\/\/biciurba.com\/index.php\/wp-json\/wp\/v2\/posts\/1227"}],"collection":[{"href":"https:\/\/biciurba.com\/index.php\/wp-json\/wp\/v2\/posts"}],"about":[{"href":"https:\/\/biciurba.com\/index.php\/wp-json\/wp\/v2\/types\/post"}],"author":[{"embeddable":true,"href":"https:\/\/biciurba.com\/index.php\/wp-json\/wp\/v2\/users\/1"}],"replies":[{"embeddable":true,"href":"https:\/\/biciurba.com\/index.php\/wp-json\/wp\/v2\/comments?post=1227"}],"version-history":[{"count":5,"href":"https:\/\/biciurba.com\/index.php\/wp-json\/wp\/v2\/posts\/1227\/revisions"}],"predecessor-version":[{"id":1235,"href":"https:\/\/biciurba.com\/index.php\/wp-json\/wp\/v2\/posts\/1227\/revisions\/1235"}],"wp:featuredmedia":[{"embeddable":true,"href":"https:\/\/biciurba.com\/index.php\/wp-json\/wp\/v2\/media\/1228"}],"wp:attachment":[{"href":"https:\/\/biciurba.com\/index.php\/wp-json\/wp\/v2\/media?parent=1227"}],"wp:term":[{"taxonomy":"category","embeddable":true,"href":"https:\/\/biciurba.com\/index.php\/wp-json\/wp\/v2\/categories?post=1227"},{"taxonomy":"post_tag","embeddable":true,"href":"https:\/\/biciurba.com\/index.php\/wp-json\/wp\/v2\/tags?post=1227"}],"curies":[{"name":"wp","href":"https:\/\/api.w.org\/{rel}","templated":true}]}}