{"id":1245,"date":"2024-10-14T11:56:49","date_gmt":"2024-10-14T16:56:49","guid":{"rendered":"https:\/\/biciurba.com\/?p=1245"},"modified":"2024-10-14T11:56:50","modified_gmt":"2024-10-14T16:56:50","slug":"de-ricos-a-pobres-la-zona-ecuatorial-del-planeta-y-sus-cambios-climaticos","status":"publish","type":"post","link":"https:\/\/biciurba.com\/index.php\/2024\/10\/14\/de-ricos-a-pobres-la-zona-ecuatorial-del-planeta-y-sus-cambios-climaticos\/","title":{"rendered":"\u00bfDe ricos a pobres? La zona ecuatorial del planeta y sus cambios clim\u00e1ticos"},"content":{"rendered":"\n<p>La crisis clim\u00e1tica tiene efectos devastadores en la zona ecuatorial del planeta, una de las regiones m\u00e1s ricas en biodiversidad. En esta franja del mundo, que incluye a pa\u00edses de Am\u00e9rica del Sur, \u00c1frica y Asia, las consecuencias del cambio clim\u00e1tico son particularmente alarmantes debido a su impacto en ecosistemas fr\u00e1giles, como la selva amaz\u00f3nica, y en las poblaciones humanas que viven all\u00ed.<\/p>\n\n\n\n<p>El Amazonas, considerada el \u00abpulm\u00f3n del planeta\u00bb, juega un papel fundamental en la regulaci\u00f3n del clima global y en la absorci\u00f3n de carbono. Sin embargo, el aumento de las temperaturas y las pr\u00e1cticas de deforestaci\u00f3n intensiva, impulsadas por la agroindustria y la explotaci\u00f3n forestal, est\u00e1n acelerando su destrucci\u00f3n.<\/p>\n\n\n\n<p>La p\u00e9rdida de esta vasta \u00e1rea de biodiversidad no solo amenaza a innumerables especies animales y vegetales, sino que tambi\u00e9n libera enormes cantidades de di\u00f3xido de carbono a la atm\u00f3sfera, exacerbando a\u00fan m\u00e1s el calentamiento global. Los pa\u00edses suramericanos que comparten la cuenca amaz\u00f3nica, como Brasil, Per\u00fa, Colombia, Bolivia y Venezuela, enfrentan el desaf\u00edo de encontrar un equilibrio entre el desarrollo econ\u00f3mico y la protecci\u00f3n de estos ecosistemas vitales.<\/p>\n\n\n\n<p>En lineas generales esta zona ecuatorial es muy estable, su clima se establece por la altura sobre el nivel del mar y el ciclo de mayores o menores lluvias, en l\u00edneas generales su estabilidad t\u00e9rmica es permanente durante el a\u00f1o. Ahora se ve afectada por los cambios bruscos de temperatura, lo que atenta contra la inmensidad de vida establecida en estos territorios. Mam\u00edferos, aves, reptiles, peces y una infinita variedad de flora quedan desprotegidas por la destrucci\u00f3n constante del bosque, los r\u00edos, lagunas y dem\u00e1s lugares que hacen posible la vida en tanta abundancia.<\/p>\n\n\n\n<p>Hoy esta zona ecuatorial est\u00e1 experimentando un aumento en la frecuencia y la duraci\u00f3n de las sequ\u00edas, un fen\u00f3meno agravado por el cambio clim\u00e1tico. En Am\u00e9rica del Sur, las sequ\u00edas recurrentes afectan no solo a la Amazon\u00eda, sino tambi\u00e9n a las zonas agr\u00edcolas y las cuencas fluviales que est\u00e1n a su alrededor y que hacen frontera natural con otros accidentes geogr\u00e1ficos como la cordillera de Los Andes.<\/p>\n\n\n\n<p>En \u00c1frica, pa\u00edses como Nigeria, Camer\u00fan y el Congo se enfrentan a una creciente desertificaci\u00f3n y p\u00e9rdida de recursos h\u00eddricos, lo que pone en riesgo la seguridad alimentaria y el acceso al agua potable para millones de personas.<\/p>\n\n\n\n<p>En Asia, regiones como Indonesia y Malasia, con ecosistemas tropicales vitales, tambi\u00e9n enfrentan sequ\u00edas m\u00e1s frecuentes que afectan la producci\u00f3n agr\u00edcola y la vida en general. Toda esta banda verde planetaria, durante siglos ha sido explotada a trav\u00e9s de la agricultura, ganader\u00eda, miner\u00eda y la aplicaci\u00f3n de t\u00e9cnicas industriales del manejo de la tierra. Para ello la deforestaci\u00f3n es una constante, lo que destruye el ciclo natural del agua y la recuperaci\u00f3n del suelo, empobreciendo finalmente a los habitantes de estas regiones.<\/p>\n\n\n\n<p>Los fen\u00f3menos clim\u00e1ticos de El Ni\u00f1o y La Ni\u00f1a afectan gravemente la estabilidad clim\u00e1tica de la zona ecuatorial, son eventos clim\u00e1ticos que se genera cada cierto n\u00famero de a\u00f1os por el calentamiento del oc\u00e9ano Pac\u00edfico, m\u00e1s o menos entre 5 y 7 a\u00f1os. Los vientos alisios empujan las masas de aire caliente del oc\u00e9ano Pac\u00edfico para un extremo o se relajan. Cuando esas aguas calientes se devuelven, a pesar de que es un fen\u00f3meno espec\u00edficamente marino, ocurren implicaciones en el clima y la hidrolog\u00eda de la zona ecuatorial, preferentemente.<\/p>\n\n\n\n<p>En la medida en que hay m\u00e1s calor acumulado en los oc\u00e9anos, eso intensifica la oscilaci\u00f3n o los extremos hidroclimatol\u00f3gicos del Fen\u00f3meno del Ni\u00f1o. De manera que pareciera que el cambio clim\u00e1tico, aunque es distinto del Fen\u00f3meno del Ni\u00f1o, podr\u00eda llegar a intensificarlo. La fase fr\u00eda corresponde a La Ni\u00f1a y pueden durar, con m\u00e1s o menos intensidad, la mayor parte del a\u00f1o, o incluso m\u00e1s. Si bien son c\u00edclicos, la destrucci\u00f3n de la capa vegetal ayuda a que sean m\u00e1s impredecibles en sus efectos, que en todo caso ser\u00e1n m\u00e1s complicados de enfrentar por su intensidad, bien mayor o menor.<\/p>\n\n\n\n<p>Colombia, pa\u00eds situado en la regi\u00f3n ecuatorial y que alberga una de las mayores porciones de la cuenca amaz\u00f3nica, se enfrenta a desaf\u00edos significativos debido a la crisis clim\u00e1tica. Su ubicaci\u00f3n geogr\u00e1fica, su rica biodiversidad y su dependencia de los recursos naturales lo convierten en un pa\u00eds especialmente vulnerable a los efectos del cambio clim\u00e1tico. Las consecuencias afectan no solo al medio ambiente, sino tambi\u00e9n a las comunidades locales, la econom\u00eda y la estabilidad de la vida en las ciudades y campos.<\/p>\n\n\n\n<p>La deforestaci\u00f3n ha aumentado en las \u00faltimas d\u00e9cadas debido a la expansi\u00f3n agr\u00edcola, la ganader\u00eda, la miner\u00eda ilegal, el narcotr\u00e1fico y la construcci\u00f3n de infraestructuras ilegales sin ninguna consideraci\u00f3n ambiental. Hoy est\u00e1 perdiendo inmensas hect\u00e1reas, lo que no solo acelera el cambio clim\u00e1tico al liberar grandes cantidades de carbono almacenadas, sino que tambi\u00e9n pone en peligro la biodiversidad, especialmente en especies clave como jaguares, delfines rosados, una amplia variedad de aves y anfibios que dependen de la salud de la floresta.<\/p>\n\n\n\n<p>Adem\u00e1s, los ecosistemas de los Andes establecidos en las tres cordilleras que atraviesan el pa\u00eds de sur a norte, est\u00e1n en riesgo. El aumento de las temperaturas y los cambios en los patrones de precipitaci\u00f3n afectan directamente a las monta\u00f1as y p\u00e1ramos, zonas clave para el suministro de agua. Los p\u00e1ramos, como el de Sumapaz, que abastecen de agua a gran parte de la poblaci\u00f3n colombiana, est\u00e1n amenazados por la agricultura no planificada y el cambio clim\u00e1tico, lo que podr\u00eda llevar a una reducci\u00f3n significativa de las fuentes. Hoy lo vive Bogot\u00e1, la capital del pa\u00eds, con la posibilidad que sea a\u00fan m\u00e1s fuerte si no llueve en los pr\u00f3ximos meses.<\/p>\n\n\n\n<p>El alterarse los ciclos de lluvia en Colombia, genera fen\u00f3menos meteorol\u00f3gicos extremos m\u00e1s frecuentes, que van de verdaderos diluvios a sequ\u00edas interminables. En la zona Caribe y los Llanos Orientales, las sequ\u00edas prolongadas se han intensificado, afectando gravemente la agricultura, la ganader\u00eda y la seguridad alimentaria de las comunidades locales. Las temperaturas m\u00e1s elevadas y la falta de lluvias tambi\u00e9n agravan el problema de los incendios forestales, que destruyen vastas \u00e1reas de vegetaci\u00f3n y ponen en riesgo tanto a la fauna como a los asentamientos.<\/p>\n\n\n\n<p>Las regiones costeras y fluviales de Colombia, como el Valle del Cauca y el Choc\u00f3, se experimentan frecuentes inundaciones debido a lluvias torrenciales. Estas inundaciones, exacerbadas por el fen\u00f3meno de La Ni\u00f1a, afectan a cientos de personas al provocar deslizamientos de tierra, destrucci\u00f3n de cultivos y viviendas, y la perdida de v\u00edas de comunicaci\u00f3n. Se espera que este a\u00f1o La Ni\u00f1a llegue al final del mismo de forma m\u00e1s leve y breve, lo que afecta en general el suministro de agua a nivel nacional.<\/p>\n\n\n\n<p>En Am\u00e9rica del Sur, pa\u00edses como Per\u00fa y Ecuador son particularmente vulnerables a las inundaciones y da\u00f1os de las tierras urbanas y rurales causados por El Ni\u00f1o. En contraste, La Ni\u00f1a, que enfr\u00eda las aguas del Pac\u00edfico, provoca intensas sequ\u00edas en regiones del sur de \u00c1frica, como en Zambia y Mozambique, y en zonas del sudeste asi\u00e1tico, aumentando la presi\u00f3n sobre los recursos ya escasos.<\/p>\n\n\n\n<p>La biodiversidad en la zona ecuatorial se encuentra bajo una presi\u00f3n sin precedentes. El aumento de las temperaturas, los cambios en los patrones de precipitaci\u00f3n y la destrucci\u00f3n del h\u00e1bitat est\u00e1n empujando a muchas especies al borde de la extinci\u00f3n. Esto es particularmente alarmante en los pa\u00edses con las mayores concentraciones de fauna y flora, como Colombia, Ecuador, Brasil, la Rep\u00fablica Democr\u00e1tica del Congo e Indonesia. La desaparici\u00f3n de especies y la degradaci\u00f3n de los ecosistemas afecta directamente a las comunidades locales, muchas de las cuales dependen de la biodiversidad para su sustento, a trav\u00e9s de la pesca, la agricultura y el turismo ambiental.<\/p>\n\n\n\n<p>Junto a los fen\u00f3menos de El Ni\u00f1a y La Ni\u00f1a, el aumento de los huracanes, tormentas tropicales e incendios forestales, ponen en riesgo la infraestructura y la seguridad de millones de personas. El desplazamiento forzado debido a la p\u00e9rdida de tierras agr\u00edcolas, la escasez de agua y los desastres naturales se convierte en una crisis humanitaria de grandes dimensiones, con migraciones masivas tanto dentro de los pa\u00edses afectados como hacia regiones m\u00e1s seguras.<\/p>\n\n\n\n<p>Los pa\u00edses ecuatoriales en Am\u00e9rica del Sur, \u00c1frica y Asia necesitan adoptar medidas urgentes para mitigar los efectos del cambio clim\u00e1tico, preservar sus ecosistemas y proteger a sus poblaciones m\u00e1s vulnerables. Sin una acci\u00f3n decisiva, las consecuencias ser\u00e1n devastadoras y perdurar\u00e1n por mucho tiempo.<\/p>\n\n\n\n<p>Del otrora para\u00edso de vida estable y predecible, se va convirtiendo en una regi\u00f3n inestable, con tendencia a empobrecerse y ser con el tiempo zonas m\u00e1s des\u00e9rticas e inhabitables. El sello caracter\u00edstico de su destrucci\u00f3n es la avaricia tanto de propios como extra\u00f1os que la saquean indiscriminadamente, como si no tuviera final, la verdad es que si lo tiene.<\/p>\n","protected":false},"excerpt":{"rendered":"<p>La crisis clim\u00e1tica tiene efectos devastadores en la zona ecuatorial del planeta, una de las regiones m\u00e1s ricas en biodiversidad. En esta franja del mundo, que incluye a pa\u00edses de Am\u00e9rica del Sur, \u00c1frica y Asia, las consecuencias del cambio clim\u00e1tico son particularmente alarmantes debido a su impacto en ecosistemas fr\u00e1giles, como la selva amaz\u00f3nica, [&hellip;]<\/p>\n","protected":false},"author":1,"featured_media":1241,"comment_status":"open","ping_status":"open","sticky":false,"template":"","format":"standard","meta":{"footnotes":""},"categories":[95],"tags":[82,19,60,498,76],"class_list":["post-1245","post","type-post","status-publish","format-standard","has-post-thumbnail","hentry","category-crisis-climatica","tag-antropoceno","tag-crisis-climatica","tag-dano-ambiental","tag-el-nino-y-la-nina","tag-sociedad-de-consumo"],"yoast_head":"<!-- This site is optimized with the Yoast SEO plugin v23.9 - https:\/\/yoast.com\/wordpress\/plugins\/seo\/ -->\n<title>\u00bfDe ricos a pobres? La zona ecuatorial del planeta y sus cambios clim\u00e1ticos - Biciurba<\/title>\n<meta name=\"robots\" content=\"index, follow, max-snippet:-1, max-image-preview:large, max-video-preview:-1\" \/>\n<link rel=\"canonical\" href=\"https:\/\/biciurba.com\/index.php\/2024\/10\/14\/de-ricos-a-pobres-la-zona-ecuatorial-del-planeta-y-sus-cambios-climaticos\/\" \/>\n<meta property=\"og:locale\" content=\"es_ES\" \/>\n<meta property=\"og:type\" content=\"article\" \/>\n<meta property=\"og:title\" content=\"\u00bfDe ricos a pobres? La zona ecuatorial del planeta y sus cambios clim\u00e1ticos - Biciurba\" \/>\n<meta property=\"og:description\" content=\"La crisis clim\u00e1tica tiene efectos devastadores en la zona ecuatorial del planeta, una de las regiones m\u00e1s ricas en biodiversidad. En esta franja del mundo, que incluye a pa\u00edses de Am\u00e9rica del Sur, \u00c1frica y Asia, las consecuencias del cambio clim\u00e1tico son particularmente alarmantes debido a su impacto en ecosistemas fr\u00e1giles, como la selva amaz\u00f3nica, [&hellip;]\" \/>\n<meta property=\"og:url\" content=\"https:\/\/biciurba.com\/index.php\/2024\/10\/14\/de-ricos-a-pobres-la-zona-ecuatorial-del-planeta-y-sus-cambios-climaticos\/\" \/>\n<meta property=\"og:site_name\" content=\"Biciurba\" \/>\n<meta property=\"article:published_time\" content=\"2024-10-14T16:56:49+00:00\" \/>\n<meta property=\"article:modified_time\" content=\"2024-10-14T16:56:50+00:00\" \/>\n<meta property=\"og:image\" content=\"https:\/\/biciurba.com\/wp-content\/uploads\/2024\/10\/crisis-climatica.png\" \/>\n\t<meta property=\"og:image:width\" content=\"606\" \/>\n\t<meta property=\"og:image:height\" content=\"404\" \/>\n\t<meta property=\"og:image:type\" content=\"image\/png\" \/>\n<meta name=\"author\" content=\"Carlos Cantor\" \/>\n<meta name=\"twitter:card\" content=\"summary_large_image\" \/>\n<meta name=\"twitter:label1\" content=\"Escrito por\" \/>\n\t<meta name=\"twitter:data1\" content=\"Carlos Cantor\" \/>\n\t<meta name=\"twitter:label2\" content=\"Tiempo de lectura\" \/>\n\t<meta name=\"twitter:data2\" content=\"7 minutos\" \/>\n<script type=\"application\/ld+json\" class=\"yoast-schema-graph\">{\"@context\":\"https:\/\/schema.org\",\"@graph\":[{\"@type\":\"Article\",\"@id\":\"https:\/\/biciurba.com\/index.php\/2024\/10\/14\/de-ricos-a-pobres-la-zona-ecuatorial-del-planeta-y-sus-cambios-climaticos\/#article\",\"isPartOf\":{\"@id\":\"https:\/\/biciurba.com\/index.php\/2024\/10\/14\/de-ricos-a-pobres-la-zona-ecuatorial-del-planeta-y-sus-cambios-climaticos\/\"},\"author\":{\"name\":\"Carlos Cantor\",\"@id\":\"https:\/\/biciurba.com\/#\/schema\/person\/d9675ddf29ee982d268db0a3f239eced\"},\"headline\":\"\u00bfDe ricos a pobres? La zona ecuatorial del planeta y sus cambios clim\u00e1ticos\",\"datePublished\":\"2024-10-14T16:56:49+00:00\",\"dateModified\":\"2024-10-14T16:56:50+00:00\",\"mainEntityOfPage\":{\"@id\":\"https:\/\/biciurba.com\/index.php\/2024\/10\/14\/de-ricos-a-pobres-la-zona-ecuatorial-del-planeta-y-sus-cambios-climaticos\/\"},\"wordCount\":1648,\"commentCount\":0,\"publisher\":{\"@id\":\"https:\/\/biciurba.com\/#\/schema\/person\/d9675ddf29ee982d268db0a3f239eced\"},\"image\":{\"@id\":\"https:\/\/biciurba.com\/index.php\/2024\/10\/14\/de-ricos-a-pobres-la-zona-ecuatorial-del-planeta-y-sus-cambios-climaticos\/#primaryimage\"},\"thumbnailUrl\":\"https:\/\/biciurba.com\/wp-content\/uploads\/2024\/10\/crisis-climatica.png\",\"keywords\":[\"Antropoceno\",\"Crisis clim\u00e1tica\",\"Da\u00f1o ambiental\",\"El Ni\u00f1o y La Ni\u00f1a\",\"Sociedad de consumo\"],\"articleSection\":[\"Crisis clim\u00e1tica\"],\"inLanguage\":\"es\",\"potentialAction\":[{\"@type\":\"CommentAction\",\"name\":\"Comment\",\"target\":[\"https:\/\/biciurba.com\/index.php\/2024\/10\/14\/de-ricos-a-pobres-la-zona-ecuatorial-del-planeta-y-sus-cambios-climaticos\/#respond\"]}]},{\"@type\":\"WebPage\",\"@id\":\"https:\/\/biciurba.com\/index.php\/2024\/10\/14\/de-ricos-a-pobres-la-zona-ecuatorial-del-planeta-y-sus-cambios-climaticos\/\",\"url\":\"https:\/\/biciurba.com\/index.php\/2024\/10\/14\/de-ricos-a-pobres-la-zona-ecuatorial-del-planeta-y-sus-cambios-climaticos\/\",\"name\":\"\u00bfDe ricos a pobres? La zona ecuatorial del planeta y sus cambios clim\u00e1ticos - Biciurba\",\"isPartOf\":{\"@id\":\"https:\/\/biciurba.com\/#website\"},\"primaryImageOfPage\":{\"@id\":\"https:\/\/biciurba.com\/index.php\/2024\/10\/14\/de-ricos-a-pobres-la-zona-ecuatorial-del-planeta-y-sus-cambios-climaticos\/#primaryimage\"},\"image\":{\"@id\":\"https:\/\/biciurba.com\/index.php\/2024\/10\/14\/de-ricos-a-pobres-la-zona-ecuatorial-del-planeta-y-sus-cambios-climaticos\/#primaryimage\"},\"thumbnailUrl\":\"https:\/\/biciurba.com\/wp-content\/uploads\/2024\/10\/crisis-climatica.png\",\"datePublished\":\"2024-10-14T16:56:49+00:00\",\"dateModified\":\"2024-10-14T16:56:50+00:00\",\"breadcrumb\":{\"@id\":\"https:\/\/biciurba.com\/index.php\/2024\/10\/14\/de-ricos-a-pobres-la-zona-ecuatorial-del-planeta-y-sus-cambios-climaticos\/#breadcrumb\"},\"inLanguage\":\"es\",\"potentialAction\":[{\"@type\":\"ReadAction\",\"target\":[\"https:\/\/biciurba.com\/index.php\/2024\/10\/14\/de-ricos-a-pobres-la-zona-ecuatorial-del-planeta-y-sus-cambios-climaticos\/\"]}]},{\"@type\":\"ImageObject\",\"inLanguage\":\"es\",\"@id\":\"https:\/\/biciurba.com\/index.php\/2024\/10\/14\/de-ricos-a-pobres-la-zona-ecuatorial-del-planeta-y-sus-cambios-climaticos\/#primaryimage\",\"url\":\"https:\/\/biciurba.com\/wp-content\/uploads\/2024\/10\/crisis-climatica.png\",\"contentUrl\":\"https:\/\/biciurba.com\/wp-content\/uploads\/2024\/10\/crisis-climatica.png\",\"width\":606,\"height\":404,\"caption\":\"Entre lluvias y sequ\u00edas, m\u00e1s malas pr\u00e1cticas agr\u00edcolas, el da\u00f1o ambiental en la zona ecuatorial del planeta empobrece todos los factores de vida.\"},{\"@type\":\"BreadcrumbList\",\"@id\":\"https:\/\/biciurba.com\/index.php\/2024\/10\/14\/de-ricos-a-pobres-la-zona-ecuatorial-del-planeta-y-sus-cambios-climaticos\/#breadcrumb\",\"itemListElement\":[{\"@type\":\"ListItem\",\"position\":1,\"name\":\"Portada\",\"item\":\"https:\/\/biciurba.com\/\"},{\"@type\":\"ListItem\",\"position\":2,\"name\":\"\u00bfDe ricos a pobres? La zona ecuatorial del planeta y sus cambios clim\u00e1ticos\"}]},{\"@type\":\"WebSite\",\"@id\":\"https:\/\/biciurba.com\/#website\",\"url\":\"https:\/\/biciurba.com\/\",\"name\":\"Biciurba\",\"description\":\"Una mejor manera de vivir\",\"publisher\":{\"@id\":\"https:\/\/biciurba.com\/#\/schema\/person\/d9675ddf29ee982d268db0a3f239eced\"},\"potentialAction\":[{\"@type\":\"SearchAction\",\"target\":{\"@type\":\"EntryPoint\",\"urlTemplate\":\"https:\/\/biciurba.com\/?s={search_term_string}\"},\"query-input\":{\"@type\":\"PropertyValueSpecification\",\"valueRequired\":true,\"valueName\":\"search_term_string\"}}],\"inLanguage\":\"es\"},{\"@type\":[\"Person\",\"Organization\"],\"@id\":\"https:\/\/biciurba.com\/#\/schema\/person\/d9675ddf29ee982d268db0a3f239eced\",\"name\":\"Carlos Cantor\",\"image\":{\"@type\":\"ImageObject\",\"inLanguage\":\"es\",\"@id\":\"https:\/\/biciurba.com\/#\/schema\/person\/image\/\",\"url\":\"https:\/\/biciurba.com\/wp-content\/uploads\/2024\/04\/cropped-logo-1.png\",\"contentUrl\":\"https:\/\/biciurba.com\/wp-content\/uploads\/2024\/04\/cropped-logo-1.png\",\"width\":512,\"height\":318,\"caption\":\"Carlos Cantor\"},\"logo\":{\"@id\":\"https:\/\/biciurba.com\/#\/schema\/person\/image\/\"},\"sameAs\":[\"https:\/\/biciurba.com\"],\"url\":\"https:\/\/biciurba.com\/index.php\/author\/ccantor\/\"}]}<\/script>\n<!-- \/ Yoast SEO plugin. -->","yoast_head_json":{"title":"\u00bfDe ricos a pobres? La zona ecuatorial del planeta y sus cambios clim\u00e1ticos - Biciurba","robots":{"index":"index","follow":"follow","max-snippet":"max-snippet:-1","max-image-preview":"max-image-preview:large","max-video-preview":"max-video-preview:-1"},"canonical":"https:\/\/biciurba.com\/index.php\/2024\/10\/14\/de-ricos-a-pobres-la-zona-ecuatorial-del-planeta-y-sus-cambios-climaticos\/","og_locale":"es_ES","og_type":"article","og_title":"\u00bfDe ricos a pobres? La zona ecuatorial del planeta y sus cambios clim\u00e1ticos - Biciurba","og_description":"La crisis clim\u00e1tica tiene efectos devastadores en la zona ecuatorial del planeta, una de las regiones m\u00e1s ricas en biodiversidad. En esta franja del mundo, que incluye a pa\u00edses de Am\u00e9rica del Sur, \u00c1frica y Asia, las consecuencias del cambio clim\u00e1tico son particularmente alarmantes debido a su impacto en ecosistemas fr\u00e1giles, como la selva amaz\u00f3nica, [&hellip;]","og_url":"https:\/\/biciurba.com\/index.php\/2024\/10\/14\/de-ricos-a-pobres-la-zona-ecuatorial-del-planeta-y-sus-cambios-climaticos\/","og_site_name":"Biciurba","article_published_time":"2024-10-14T16:56:49+00:00","article_modified_time":"2024-10-14T16:56:50+00:00","og_image":[{"width":606,"height":404,"url":"https:\/\/biciurba.com\/wp-content\/uploads\/2024\/10\/crisis-climatica.png","type":"image\/png"}],"author":"Carlos Cantor","twitter_card":"summary_large_image","twitter_misc":{"Escrito por":"Carlos Cantor","Tiempo de lectura":"7 minutos"},"schema":{"@context":"https:\/\/schema.org","@graph":[{"@type":"Article","@id":"https:\/\/biciurba.com\/index.php\/2024\/10\/14\/de-ricos-a-pobres-la-zona-ecuatorial-del-planeta-y-sus-cambios-climaticos\/#article","isPartOf":{"@id":"https:\/\/biciurba.com\/index.php\/2024\/10\/14\/de-ricos-a-pobres-la-zona-ecuatorial-del-planeta-y-sus-cambios-climaticos\/"},"author":{"name":"Carlos Cantor","@id":"https:\/\/biciurba.com\/#\/schema\/person\/d9675ddf29ee982d268db0a3f239eced"},"headline":"\u00bfDe ricos a pobres? La zona ecuatorial del planeta y sus cambios clim\u00e1ticos","datePublished":"2024-10-14T16:56:49+00:00","dateModified":"2024-10-14T16:56:50+00:00","mainEntityOfPage":{"@id":"https:\/\/biciurba.com\/index.php\/2024\/10\/14\/de-ricos-a-pobres-la-zona-ecuatorial-del-planeta-y-sus-cambios-climaticos\/"},"wordCount":1648,"commentCount":0,"publisher":{"@id":"https:\/\/biciurba.com\/#\/schema\/person\/d9675ddf29ee982d268db0a3f239eced"},"image":{"@id":"https:\/\/biciurba.com\/index.php\/2024\/10\/14\/de-ricos-a-pobres-la-zona-ecuatorial-del-planeta-y-sus-cambios-climaticos\/#primaryimage"},"thumbnailUrl":"https:\/\/biciurba.com\/wp-content\/uploads\/2024\/10\/crisis-climatica.png","keywords":["Antropoceno","Crisis clim\u00e1tica","Da\u00f1o ambiental","El Ni\u00f1o y La Ni\u00f1a","Sociedad de consumo"],"articleSection":["Crisis clim\u00e1tica"],"inLanguage":"es","potentialAction":[{"@type":"CommentAction","name":"Comment","target":["https:\/\/biciurba.com\/index.php\/2024\/10\/14\/de-ricos-a-pobres-la-zona-ecuatorial-del-planeta-y-sus-cambios-climaticos\/#respond"]}]},{"@type":"WebPage","@id":"https:\/\/biciurba.com\/index.php\/2024\/10\/14\/de-ricos-a-pobres-la-zona-ecuatorial-del-planeta-y-sus-cambios-climaticos\/","url":"https:\/\/biciurba.com\/index.php\/2024\/10\/14\/de-ricos-a-pobres-la-zona-ecuatorial-del-planeta-y-sus-cambios-climaticos\/","name":"\u00bfDe ricos a pobres? La zona ecuatorial del planeta y sus cambios clim\u00e1ticos - Biciurba","isPartOf":{"@id":"https:\/\/biciurba.com\/#website"},"primaryImageOfPage":{"@id":"https:\/\/biciurba.com\/index.php\/2024\/10\/14\/de-ricos-a-pobres-la-zona-ecuatorial-del-planeta-y-sus-cambios-climaticos\/#primaryimage"},"image":{"@id":"https:\/\/biciurba.com\/index.php\/2024\/10\/14\/de-ricos-a-pobres-la-zona-ecuatorial-del-planeta-y-sus-cambios-climaticos\/#primaryimage"},"thumbnailUrl":"https:\/\/biciurba.com\/wp-content\/uploads\/2024\/10\/crisis-climatica.png","datePublished":"2024-10-14T16:56:49+00:00","dateModified":"2024-10-14T16:56:50+00:00","breadcrumb":{"@id":"https:\/\/biciurba.com\/index.php\/2024\/10\/14\/de-ricos-a-pobres-la-zona-ecuatorial-del-planeta-y-sus-cambios-climaticos\/#breadcrumb"},"inLanguage":"es","potentialAction":[{"@type":"ReadAction","target":["https:\/\/biciurba.com\/index.php\/2024\/10\/14\/de-ricos-a-pobres-la-zona-ecuatorial-del-planeta-y-sus-cambios-climaticos\/"]}]},{"@type":"ImageObject","inLanguage":"es","@id":"https:\/\/biciurba.com\/index.php\/2024\/10\/14\/de-ricos-a-pobres-la-zona-ecuatorial-del-planeta-y-sus-cambios-climaticos\/#primaryimage","url":"https:\/\/biciurba.com\/wp-content\/uploads\/2024\/10\/crisis-climatica.png","contentUrl":"https:\/\/biciurba.com\/wp-content\/uploads\/2024\/10\/crisis-climatica.png","width":606,"height":404,"caption":"Entre lluvias y sequ\u00edas, m\u00e1s malas pr\u00e1cticas agr\u00edcolas, el da\u00f1o ambiental en la zona ecuatorial del planeta empobrece todos los factores de vida."},{"@type":"BreadcrumbList","@id":"https:\/\/biciurba.com\/index.php\/2024\/10\/14\/de-ricos-a-pobres-la-zona-ecuatorial-del-planeta-y-sus-cambios-climaticos\/#breadcrumb","itemListElement":[{"@type":"ListItem","position":1,"name":"Portada","item":"https:\/\/biciurba.com\/"},{"@type":"ListItem","position":2,"name":"\u00bfDe ricos a pobres? La zona ecuatorial del planeta y sus cambios clim\u00e1ticos"}]},{"@type":"WebSite","@id":"https:\/\/biciurba.com\/#website","url":"https:\/\/biciurba.com\/","name":"Biciurba","description":"Una mejor manera de vivir","publisher":{"@id":"https:\/\/biciurba.com\/#\/schema\/person\/d9675ddf29ee982d268db0a3f239eced"},"potentialAction":[{"@type":"SearchAction","target":{"@type":"EntryPoint","urlTemplate":"https:\/\/biciurba.com\/?s={search_term_string}"},"query-input":{"@type":"PropertyValueSpecification","valueRequired":true,"valueName":"search_term_string"}}],"inLanguage":"es"},{"@type":["Person","Organization"],"@id":"https:\/\/biciurba.com\/#\/schema\/person\/d9675ddf29ee982d268db0a3f239eced","name":"Carlos Cantor","image":{"@type":"ImageObject","inLanguage":"es","@id":"https:\/\/biciurba.com\/#\/schema\/person\/image\/","url":"https:\/\/biciurba.com\/wp-content\/uploads\/2024\/04\/cropped-logo-1.png","contentUrl":"https:\/\/biciurba.com\/wp-content\/uploads\/2024\/04\/cropped-logo-1.png","width":512,"height":318,"caption":"Carlos Cantor"},"logo":{"@id":"https:\/\/biciurba.com\/#\/schema\/person\/image\/"},"sameAs":["https:\/\/biciurba.com"],"url":"https:\/\/biciurba.com\/index.php\/author\/ccantor\/"}]}},"_links":{"self":[{"href":"https:\/\/biciurba.com\/index.php\/wp-json\/wp\/v2\/posts\/1245"}],"collection":[{"href":"https:\/\/biciurba.com\/index.php\/wp-json\/wp\/v2\/posts"}],"about":[{"href":"https:\/\/biciurba.com\/index.php\/wp-json\/wp\/v2\/types\/post"}],"author":[{"embeddable":true,"href":"https:\/\/biciurba.com\/index.php\/wp-json\/wp\/v2\/users\/1"}],"replies":[{"embeddable":true,"href":"https:\/\/biciurba.com\/index.php\/wp-json\/wp\/v2\/comments?post=1245"}],"version-history":[{"count":1,"href":"https:\/\/biciurba.com\/index.php\/wp-json\/wp\/v2\/posts\/1245\/revisions"}],"predecessor-version":[{"id":1246,"href":"https:\/\/biciurba.com\/index.php\/wp-json\/wp\/v2\/posts\/1245\/revisions\/1246"}],"wp:featuredmedia":[{"embeddable":true,"href":"https:\/\/biciurba.com\/index.php\/wp-json\/wp\/v2\/media\/1241"}],"wp:attachment":[{"href":"https:\/\/biciurba.com\/index.php\/wp-json\/wp\/v2\/media?parent=1245"}],"wp:term":[{"taxonomy":"category","embeddable":true,"href":"https:\/\/biciurba.com\/index.php\/wp-json\/wp\/v2\/categories?post=1245"},{"taxonomy":"post_tag","embeddable":true,"href":"https:\/\/biciurba.com\/index.php\/wp-json\/wp\/v2\/tags?post=1245"}],"curies":[{"name":"wp","href":"https:\/\/api.w.org\/{rel}","templated":true}]}}