{"id":1252,"date":"2024-10-17T11:32:24","date_gmt":"2024-10-17T16:32:24","guid":{"rendered":"https:\/\/biciurba.com\/?p=1252"},"modified":"2024-10-17T11:32:26","modified_gmt":"2024-10-17T16:32:26","slug":"la-amazonia-en-estos-tiempos","status":"publish","type":"post","link":"https:\/\/biciurba.com\/index.php\/2024\/10\/17\/la-amazonia-en-estos-tiempos\/","title":{"rendered":"La Amazon\u00eda en estos tiempos"},"content":{"rendered":"\n<p>De la magia de la manigua, a las sabanas dedicadas a la producci\u00f3n agroindustrial, la amazonia deforestada se convierte en un riesgo muy alto en temas ambientales para el continente y el mundo. Este pulm\u00f3n del mundo, fuente de agua y vida comienza a verse en un preocupante declive. Conversamos con una especialista, la licenciada en Biolog\u00eda y Qu\u00edmica, y m\u00e1ster en Educaci\u00f3n Ambiental, Jeannette Pita, en BiciUrba sobre \u00e9ste tema de actualidad.<\/p>\n\n\n\n<figure class=\"wp-block-embed is-type-rich is-provider-spotify wp-block-embed-spotify wp-embed-aspect-21-9 wp-has-aspect-ratio\"><div class=\"wp-block-embed__wrapper\">\n<iframe title=\"Spotify Embed: Cap\u00edtulo 22: La Amazon\u00eda en estos tiempos\" style=\"border-radius: 12px\" width=\"100%\" height=\"152\" frameborder=\"0\" allowfullscreen allow=\"autoplay; clipboard-write; encrypted-media; fullscreen; picture-in-picture\" loading=\"lazy\" src=\"https:\/\/open.spotify.com\/embed\/episode\/39aft0pi4uzttKchtsDXxO?si=5baa7751260446f8&#038;utm_source=oembed\"><\/iframe>\n<\/div><\/figure>\n","protected":false},"excerpt":{"rendered":"<p>De la magia de la manigua, a las sabanas dedicadas a la producci\u00f3n agroindustrial, la amazonia deforestada se convierte en un riesgo muy alto en temas ambientales para el continente y el mundo. Este pulm\u00f3n del mundo, fuente de agua y vida comienza a verse en un preocupante declive. Conversamos con una especialista, la licenciada [&hellip;]<\/p>\n","protected":false},"author":1,"featured_media":542,"comment_status":"open","ping_status":"open","sticky":false,"template":"","format":"standard","meta":{"footnotes":""},"categories":[51],"tags":[175,82,19,60,457,76,61],"class_list":["post-1252","post","type-post","status-publish","format-standard","has-post-thumbnail","hentry","category-podcast-biciurba","tag-agua-potable","tag-antropoceno","tag-crisis-climatica","tag-dano-ambiental","tag-deforestacion","tag-sociedad-de-consumo","tag-suramerica"],"yoast_head":"<!-- This site is optimized with the Yoast SEO plugin v23.9 - https:\/\/yoast.com\/wordpress\/plugins\/seo\/ -->\n<title>La Amazon\u00eda en estos tiempos - Biciurba<\/title>\n<meta name=\"description\" content=\"La ilusi\u00f3n de la riqueza esta destruyendo la Amazon\u00eda y con ella el agua y la estabilidad clim\u00e1tica de Suram\u00e9rica\" \/>\n<meta name=\"robots\" content=\"index, follow, max-snippet:-1, max-image-preview:large, max-video-preview:-1\" \/>\n<link rel=\"canonical\" href=\"https:\/\/biciurba.com\/index.php\/2024\/10\/17\/la-amazonia-en-estos-tiempos\/\" \/>\n<meta property=\"og:locale\" content=\"es_ES\" \/>\n<meta property=\"og:type\" content=\"article\" \/>\n<meta property=\"og:title\" content=\"La Amazon\u00eda en estos tiempos - Biciurba\" \/>\n<meta property=\"og:description\" content=\"La ilusi\u00f3n de la riqueza esta destruyendo la Amazon\u00eda y con ella el agua y la estabilidad clim\u00e1tica de Suram\u00e9rica\" \/>\n<meta property=\"og:url\" content=\"https:\/\/biciurba.com\/index.php\/2024\/10\/17\/la-amazonia-en-estos-tiempos\/\" \/>\n<meta property=\"og:site_name\" content=\"Biciurba\" \/>\n<meta property=\"article:published_time\" content=\"2024-10-17T16:32:24+00:00\" \/>\n<meta property=\"article:modified_time\" content=\"2024-10-17T16:32:26+00:00\" \/>\n<meta property=\"og:image\" content=\"https:\/\/biciurba.com\/wp-content\/uploads\/2024\/05\/podcast-logo.png\" \/>\n\t<meta property=\"og:image:width\" content=\"600\" \/>\n\t<meta property=\"og:image:height\" content=\"400\" \/>\n\t<meta property=\"og:image:type\" content=\"image\/png\" \/>\n<meta name=\"author\" content=\"Carlos Cantor\" \/>\n<meta name=\"twitter:card\" content=\"summary_large_image\" \/>\n<meta name=\"twitter:label1\" content=\"Escrito por\" \/>\n\t<meta name=\"twitter:data1\" content=\"Carlos Cantor\" \/>\n\t<meta name=\"twitter:label2\" content=\"Tiempo de lectura\" \/>\n\t<meta name=\"twitter:data2\" content=\"1 minuto\" \/>\n<script type=\"application\/ld+json\" class=\"yoast-schema-graph\">{\"@context\":\"https:\/\/schema.org\",\"@graph\":[{\"@type\":\"Article\",\"@id\":\"https:\/\/biciurba.com\/index.php\/2024\/10\/17\/la-amazonia-en-estos-tiempos\/#article\",\"isPartOf\":{\"@id\":\"https:\/\/biciurba.com\/index.php\/2024\/10\/17\/la-amazonia-en-estos-tiempos\/\"},\"author\":{\"name\":\"Carlos Cantor\",\"@id\":\"https:\/\/biciurba.com\/#\/schema\/person\/d9675ddf29ee982d268db0a3f239eced\"},\"headline\":\"La Amazon\u00eda en estos tiempos\",\"datePublished\":\"2024-10-17T16:32:24+00:00\",\"dateModified\":\"2024-10-17T16:32:26+00:00\",\"mainEntityOfPage\":{\"@id\":\"https:\/\/biciurba.com\/index.php\/2024\/10\/17\/la-amazonia-en-estos-tiempos\/\"},\"wordCount\":96,\"commentCount\":0,\"publisher\":{\"@id\":\"https:\/\/biciurba.com\/#\/schema\/person\/d9675ddf29ee982d268db0a3f239eced\"},\"image\":{\"@id\":\"https:\/\/biciurba.com\/index.php\/2024\/10\/17\/la-amazonia-en-estos-tiempos\/#primaryimage\"},\"thumbnailUrl\":\"https:\/\/biciurba.com\/wp-content\/uploads\/2024\/05\/podcast-logo.png\",\"keywords\":[\"agua potable\",\"Antropoceno\",\"Crisis clim\u00e1tica\",\"Da\u00f1o ambiental\",\"Deforestaci\u00f3n\",\"Sociedad de consumo\",\"Suram\u00e9rica\"],\"articleSection\":[\"Podcast\"],\"inLanguage\":\"es\",\"potentialAction\":[{\"@type\":\"CommentAction\",\"name\":\"Comment\",\"target\":[\"https:\/\/biciurba.com\/index.php\/2024\/10\/17\/la-amazonia-en-estos-tiempos\/#respond\"]}]},{\"@type\":\"WebPage\",\"@id\":\"https:\/\/biciurba.com\/index.php\/2024\/10\/17\/la-amazonia-en-estos-tiempos\/\",\"url\":\"https:\/\/biciurba.com\/index.php\/2024\/10\/17\/la-amazonia-en-estos-tiempos\/\",\"name\":\"La Amazon\u00eda en estos tiempos - Biciurba\",\"isPartOf\":{\"@id\":\"https:\/\/biciurba.com\/#website\"},\"primaryImageOfPage\":{\"@id\":\"https:\/\/biciurba.com\/index.php\/2024\/10\/17\/la-amazonia-en-estos-tiempos\/#primaryimage\"},\"image\":{\"@id\":\"https:\/\/biciurba.com\/index.php\/2024\/10\/17\/la-amazonia-en-estos-tiempos\/#primaryimage\"},\"thumbnailUrl\":\"https:\/\/biciurba.com\/wp-content\/uploads\/2024\/05\/podcast-logo.png\",\"datePublished\":\"2024-10-17T16:32:24+00:00\",\"dateModified\":\"2024-10-17T16:32:26+00:00\",\"description\":\"La ilusi\u00f3n de la riqueza esta destruyendo la Amazon\u00eda y con ella el agua y la estabilidad clim\u00e1tica de Suram\u00e9rica\",\"breadcrumb\":{\"@id\":\"https:\/\/biciurba.com\/index.php\/2024\/10\/17\/la-amazonia-en-estos-tiempos\/#breadcrumb\"},\"inLanguage\":\"es\",\"potentialAction\":[{\"@type\":\"ReadAction\",\"target\":[\"https:\/\/biciurba.com\/index.php\/2024\/10\/17\/la-amazonia-en-estos-tiempos\/\"]}]},{\"@type\":\"ImageObject\",\"inLanguage\":\"es\",\"@id\":\"https:\/\/biciurba.com\/index.php\/2024\/10\/17\/la-amazonia-en-estos-tiempos\/#primaryimage\",\"url\":\"https:\/\/biciurba.com\/wp-content\/uploads\/2024\/05\/podcast-logo.png\",\"contentUrl\":\"https:\/\/biciurba.com\/wp-content\/uploads\/2024\/05\/podcast-logo.png\",\"width\":600,\"height\":400},{\"@type\":\"BreadcrumbList\",\"@id\":\"https:\/\/biciurba.com\/index.php\/2024\/10\/17\/la-amazonia-en-estos-tiempos\/#breadcrumb\",\"itemListElement\":[{\"@type\":\"ListItem\",\"position\":1,\"name\":\"Portada\",\"item\":\"https:\/\/biciurba.com\/\"},{\"@type\":\"ListItem\",\"position\":2,\"name\":\"La Amazon\u00eda en estos tiempos\"}]},{\"@type\":\"WebSite\",\"@id\":\"https:\/\/biciurba.com\/#website\",\"url\":\"https:\/\/biciurba.com\/\",\"name\":\"Biciurba\",\"description\":\"Una mejor manera de vivir\",\"publisher\":{\"@id\":\"https:\/\/biciurba.com\/#\/schema\/person\/d9675ddf29ee982d268db0a3f239eced\"},\"potentialAction\":[{\"@type\":\"SearchAction\",\"target\":{\"@type\":\"EntryPoint\",\"urlTemplate\":\"https:\/\/biciurba.com\/?s={search_term_string}\"},\"query-input\":{\"@type\":\"PropertyValueSpecification\",\"valueRequired\":true,\"valueName\":\"search_term_string\"}}],\"inLanguage\":\"es\"},{\"@type\":[\"Person\",\"Organization\"],\"@id\":\"https:\/\/biciurba.com\/#\/schema\/person\/d9675ddf29ee982d268db0a3f239eced\",\"name\":\"Carlos Cantor\",\"image\":{\"@type\":\"ImageObject\",\"inLanguage\":\"es\",\"@id\":\"https:\/\/biciurba.com\/#\/schema\/person\/image\/\",\"url\":\"https:\/\/biciurba.com\/wp-content\/uploads\/2024\/04\/cropped-logo-1.png\",\"contentUrl\":\"https:\/\/biciurba.com\/wp-content\/uploads\/2024\/04\/cropped-logo-1.png\",\"width\":512,\"height\":318,\"caption\":\"Carlos Cantor\"},\"logo\":{\"@id\":\"https:\/\/biciurba.com\/#\/schema\/person\/image\/\"},\"sameAs\":[\"https:\/\/biciurba.com\"],\"url\":\"https:\/\/biciurba.com\/index.php\/author\/ccantor\/\"}]}<\/script>\n<!-- \/ Yoast SEO plugin. -->","yoast_head_json":{"title":"La Amazon\u00eda en estos tiempos - Biciurba","description":"La ilusi\u00f3n de la riqueza esta destruyendo la Amazon\u00eda y con ella el agua y la estabilidad clim\u00e1tica de Suram\u00e9rica","robots":{"index":"index","follow":"follow","max-snippet":"max-snippet:-1","max-image-preview":"max-image-preview:large","max-video-preview":"max-video-preview:-1"},"canonical":"https:\/\/biciurba.com\/index.php\/2024\/10\/17\/la-amazonia-en-estos-tiempos\/","og_locale":"es_ES","og_type":"article","og_title":"La Amazon\u00eda en estos tiempos - Biciurba","og_description":"La ilusi\u00f3n de la riqueza esta destruyendo la Amazon\u00eda y con ella el agua y la estabilidad clim\u00e1tica de Suram\u00e9rica","og_url":"https:\/\/biciurba.com\/index.php\/2024\/10\/17\/la-amazonia-en-estos-tiempos\/","og_site_name":"Biciurba","article_published_time":"2024-10-17T16:32:24+00:00","article_modified_time":"2024-10-17T16:32:26+00:00","og_image":[{"width":600,"height":400,"url":"https:\/\/biciurba.com\/wp-content\/uploads\/2024\/05\/podcast-logo.png","type":"image\/png"}],"author":"Carlos Cantor","twitter_card":"summary_large_image","twitter_misc":{"Escrito por":"Carlos Cantor","Tiempo de lectura":"1 minuto"},"schema":{"@context":"https:\/\/schema.org","@graph":[{"@type":"Article","@id":"https:\/\/biciurba.com\/index.php\/2024\/10\/17\/la-amazonia-en-estos-tiempos\/#article","isPartOf":{"@id":"https:\/\/biciurba.com\/index.php\/2024\/10\/17\/la-amazonia-en-estos-tiempos\/"},"author":{"name":"Carlos Cantor","@id":"https:\/\/biciurba.com\/#\/schema\/person\/d9675ddf29ee982d268db0a3f239eced"},"headline":"La Amazon\u00eda en estos tiempos","datePublished":"2024-10-17T16:32:24+00:00","dateModified":"2024-10-17T16:32:26+00:00","mainEntityOfPage":{"@id":"https:\/\/biciurba.com\/index.php\/2024\/10\/17\/la-amazonia-en-estos-tiempos\/"},"wordCount":96,"commentCount":0,"publisher":{"@id":"https:\/\/biciurba.com\/#\/schema\/person\/d9675ddf29ee982d268db0a3f239eced"},"image":{"@id":"https:\/\/biciurba.com\/index.php\/2024\/10\/17\/la-amazonia-en-estos-tiempos\/#primaryimage"},"thumbnailUrl":"https:\/\/biciurba.com\/wp-content\/uploads\/2024\/05\/podcast-logo.png","keywords":["agua potable","Antropoceno","Crisis clim\u00e1tica","Da\u00f1o ambiental","Deforestaci\u00f3n","Sociedad de consumo","Suram\u00e9rica"],"articleSection":["Podcast"],"inLanguage":"es","potentialAction":[{"@type":"CommentAction","name":"Comment","target":["https:\/\/biciurba.com\/index.php\/2024\/10\/17\/la-amazonia-en-estos-tiempos\/#respond"]}]},{"@type":"WebPage","@id":"https:\/\/biciurba.com\/index.php\/2024\/10\/17\/la-amazonia-en-estos-tiempos\/","url":"https:\/\/biciurba.com\/index.php\/2024\/10\/17\/la-amazonia-en-estos-tiempos\/","name":"La Amazon\u00eda en estos tiempos - Biciurba","isPartOf":{"@id":"https:\/\/biciurba.com\/#website"},"primaryImageOfPage":{"@id":"https:\/\/biciurba.com\/index.php\/2024\/10\/17\/la-amazonia-en-estos-tiempos\/#primaryimage"},"image":{"@id":"https:\/\/biciurba.com\/index.php\/2024\/10\/17\/la-amazonia-en-estos-tiempos\/#primaryimage"},"thumbnailUrl":"https:\/\/biciurba.com\/wp-content\/uploads\/2024\/05\/podcast-logo.png","datePublished":"2024-10-17T16:32:24+00:00","dateModified":"2024-10-17T16:32:26+00:00","description":"La ilusi\u00f3n de la riqueza esta destruyendo la Amazon\u00eda y con ella el agua y la estabilidad clim\u00e1tica de Suram\u00e9rica","breadcrumb":{"@id":"https:\/\/biciurba.com\/index.php\/2024\/10\/17\/la-amazonia-en-estos-tiempos\/#breadcrumb"},"inLanguage":"es","potentialAction":[{"@type":"ReadAction","target":["https:\/\/biciurba.com\/index.php\/2024\/10\/17\/la-amazonia-en-estos-tiempos\/"]}]},{"@type":"ImageObject","inLanguage":"es","@id":"https:\/\/biciurba.com\/index.php\/2024\/10\/17\/la-amazonia-en-estos-tiempos\/#primaryimage","url":"https:\/\/biciurba.com\/wp-content\/uploads\/2024\/05\/podcast-logo.png","contentUrl":"https:\/\/biciurba.com\/wp-content\/uploads\/2024\/05\/podcast-logo.png","width":600,"height":400},{"@type":"BreadcrumbList","@id":"https:\/\/biciurba.com\/index.php\/2024\/10\/17\/la-amazonia-en-estos-tiempos\/#breadcrumb","itemListElement":[{"@type":"ListItem","position":1,"name":"Portada","item":"https:\/\/biciurba.com\/"},{"@type":"ListItem","position":2,"name":"La Amazon\u00eda en estos tiempos"}]},{"@type":"WebSite","@id":"https:\/\/biciurba.com\/#website","url":"https:\/\/biciurba.com\/","name":"Biciurba","description":"Una mejor manera de vivir","publisher":{"@id":"https:\/\/biciurba.com\/#\/schema\/person\/d9675ddf29ee982d268db0a3f239eced"},"potentialAction":[{"@type":"SearchAction","target":{"@type":"EntryPoint","urlTemplate":"https:\/\/biciurba.com\/?s={search_term_string}"},"query-input":{"@type":"PropertyValueSpecification","valueRequired":true,"valueName":"search_term_string"}}],"inLanguage":"es"},{"@type":["Person","Organization"],"@id":"https:\/\/biciurba.com\/#\/schema\/person\/d9675ddf29ee982d268db0a3f239eced","name":"Carlos Cantor","image":{"@type":"ImageObject","inLanguage":"es","@id":"https:\/\/biciurba.com\/#\/schema\/person\/image\/","url":"https:\/\/biciurba.com\/wp-content\/uploads\/2024\/04\/cropped-logo-1.png","contentUrl":"https:\/\/biciurba.com\/wp-content\/uploads\/2024\/04\/cropped-logo-1.png","width":512,"height":318,"caption":"Carlos Cantor"},"logo":{"@id":"https:\/\/biciurba.com\/#\/schema\/person\/image\/"},"sameAs":["https:\/\/biciurba.com"],"url":"https:\/\/biciurba.com\/index.php\/author\/ccantor\/"}]}},"_links":{"self":[{"href":"https:\/\/biciurba.com\/index.php\/wp-json\/wp\/v2\/posts\/1252"}],"collection":[{"href":"https:\/\/biciurba.com\/index.php\/wp-json\/wp\/v2\/posts"}],"about":[{"href":"https:\/\/biciurba.com\/index.php\/wp-json\/wp\/v2\/types\/post"}],"author":[{"embeddable":true,"href":"https:\/\/biciurba.com\/index.php\/wp-json\/wp\/v2\/users\/1"}],"replies":[{"embeddable":true,"href":"https:\/\/biciurba.com\/index.php\/wp-json\/wp\/v2\/comments?post=1252"}],"version-history":[{"count":1,"href":"https:\/\/biciurba.com\/index.php\/wp-json\/wp\/v2\/posts\/1252\/revisions"}],"predecessor-version":[{"id":1253,"href":"https:\/\/biciurba.com\/index.php\/wp-json\/wp\/v2\/posts\/1252\/revisions\/1253"}],"wp:featuredmedia":[{"embeddable":true,"href":"https:\/\/biciurba.com\/index.php\/wp-json\/wp\/v2\/media\/542"}],"wp:attachment":[{"href":"https:\/\/biciurba.com\/index.php\/wp-json\/wp\/v2\/media?parent=1252"}],"wp:term":[{"taxonomy":"category","embeddable":true,"href":"https:\/\/biciurba.com\/index.php\/wp-json\/wp\/v2\/categories?post=1252"},{"taxonomy":"post_tag","embeddable":true,"href":"https:\/\/biciurba.com\/index.php\/wp-json\/wp\/v2\/tags?post=1252"}],"curies":[{"name":"wp","href":"https:\/\/api.w.org\/{rel}","templated":true}]}}