{"id":1259,"date":"2024-10-19T10:00:00","date_gmt":"2024-10-19T15:00:00","guid":{"rendered":"https:\/\/biciurba.com\/?p=1259"},"modified":"2024-10-19T07:18:15","modified_gmt":"2024-10-19T12:18:15","slug":"cop-16-ninos-ninas-y-adolescentes-de-colombia-tienen-su-espacio","status":"publish","type":"post","link":"https:\/\/biciurba.com\/index.php\/2024\/10\/19\/cop-16-ninos-ninas-y-adolescentes-de-colombia-tienen-su-espacio\/","title":{"rendered":"COP 16: ni\u00f1os, ni\u00f1as y adolescentes de Colombia tienen su espacio"},"content":{"rendered":"\n<p>Los efectos del cambio clim\u00e1tico han acentuado los riesgos de desnutrici\u00f3n infantil, salud y protecci\u00f3n que afectan a miles de ni\u00f1os, ni\u00f1as y adolescentes, limitando sus oportunidades para alcanzar su m\u00e1ximo potencial.&nbsp;Seg\u00fan una consulta global que realizamos en el 2022 a 2.400.000 ni\u00f1os y ni\u00f1as, identificamos que el 83% consideran que los cambios clim\u00e1ticos y la desigualdad los est\u00e1n afectando y el 73% considera que las personas adultas no est\u00e1n haciendo lo suficiente para cuidar el medio ambiente. No obstante, el 70% de los ni\u00f1os y ni\u00f1as en Colombia se encuentran interesados y\/o hacen parte de iniciativas para hacer frente a este fen\u00f3meno.<\/p>\n\n\n\n<p>Save the Children participar\u00e1 en la COP 16 que se llevar\u00e1 a cabo entre el 21 de octubre y el 1 de noviembre en la ciudad de Cali, en la que reafirma su compromiso con la protecci\u00f3n de la ni\u00f1ez, la lucha contra el cambio clim\u00e1tico y la protecci\u00f3n de la biodiversidad, bajo el principio de que la crisis clim\u00e1tica es tambi\u00e9n una crisis de derechos de los ni\u00f1os y ni\u00f1as.<\/p>\n\n\n\n<p>Con el objetivo de asegurar la inclusi\u00f3n de la voz de la ni\u00f1ez en las negociaciones, en este espacio se har\u00e1 \u00e9nfasis en que las pol\u00edticas y decisiones sobre biodiversidad y cambio clim\u00e1tico tengan un enfoque diferencial de ni\u00f1ez, que se fortalezca su participaci\u00f3n activa, que se promueva una educaci\u00f3n ambiental de calidad y que aumente la financiaci\u00f3n para su participaci\u00f3n y protecci\u00f3n frente a los impactos del cambio clim\u00e1tico.<\/p>\n\n\n\n<p>Mar\u00eda Mercedes Li\u00e9vano, directora de la organizaci\u00f3n, destaca que los ni\u00f1os, ni\u00f1as y adolescentes no solo sufren los efectos m\u00e1s severos de esta crisis, sino que tambi\u00e9n deben ser reconocidos como agentes clave en la b\u00fasqueda de soluciones.<\/p>\n\n\n\n<p>\u201cDebemos poner a la ni\u00f1ez en el centro de la agenda clim\u00e1tica. La justicia clim\u00e1tica es, en esencia, una forma de justicia para las generaciones m\u00e1s j\u00f3venes. Necesitamos que las pol\u00edticas ambientales respeten y promuevan sus derechos fundamentales, y garantizar que las voces de los ni\u00f1os y ni\u00f1as sean escuchadas en los escenarios donde se toman decisiones.\u201d.<\/p>\n\n\n<div class=\"wp-block-image\">\n<figure class=\"aligncenter size-full\"><img loading=\"lazy\" decoding=\"async\" width=\"600\" height=\"400\" src=\"https:\/\/biciurba.com\/wp-content\/uploads\/2024\/10\/cop-16-jovenes-1.png\" alt=\"\" class=\"wp-image-1261\" srcset=\"https:\/\/biciurba.com\/wp-content\/uploads\/2024\/10\/cop-16-jovenes-1.png 600w, https:\/\/biciurba.com\/wp-content\/uploads\/2024\/10\/cop-16-jovenes-1-300x200.png 300w\" sizes=\"(max-width: 600px) 100vw, 600px\" \/><figcaption class=\"wp-element-caption\">Save the Children es una organizaci\u00f3n sin \u00e1nimo de lucro con m\u00e1s de 100 a\u00f1os de trayectoria y presencia en m\u00e1s de 110 pa\u00edses que trabaja por el desarrollo y protecci\u00f3n integral de los derechos de la ni\u00f1ez m\u00e1s vulnerable .<\/figcaption><\/figure><\/div>\n\n\n<p>En Colombia la Red Nacional de Participaci\u00f3n: Lideramos el Cambio, apoyada por Save the Children, es la protagonista de esta estrategia. Los ni\u00f1os y ni\u00f1as de diferentes regiones del pa\u00eds participar\u00e1n tanto en la Cumbre Nacional como en la Cumbre Global de Ni\u00f1ez, Adolescencia y Juventud por la Biodiversidad. Adem\u00e1s, dos ni\u00f1as representantes har\u00e1n la entrega de la Declaratoria de los resultados de las cumbres con un enfoque de g\u00e9nero en la Zona Azul de las Naciones Unidas. En estos eventos abogar\u00e1n ante los y las l\u00edderes globales por el derecho de las ni\u00f1as, ni\u00f1os y adolescentes a ser escuchados y tenidos en cuenta en la construcci\u00f3n de las agendas clim\u00e1ticas.<\/p>\n\n\n\n<p>Finalmente, Save the Children har\u00e1 presencia en la Zona Verde de la COP16 con un stand que tendr\u00e1 un espacio abierto al p\u00fablico, cuyo objetivo principal ser\u00e1 facilitar el intercambio de conocimientos y experiencias, inspirar acciones para enfrentar el cambio clim\u00e1tico, promover la conservaci\u00f3n de la biodiversidad y fortalecer la participaci\u00f3n ciudadana en la toma de decisiones ambientales por y para la ni\u00f1ez.<\/p>\n","protected":false},"excerpt":{"rendered":"<p>Los efectos del cambio clim\u00e1tico han acentuado los riesgos de desnutrici\u00f3n infantil, salud y protecci\u00f3n que afectan a miles de ni\u00f1os, ni\u00f1as y adolescentes, limitando sus oportunidades para alcanzar su m\u00e1ximo potencial.&nbsp;Seg\u00fan una consulta global que realizamos en el 2022 a 2.400.000 ni\u00f1os y ni\u00f1as, identificamos que el 83% consideran que los cambios clim\u00e1ticos y [&hellip;]<\/p>\n","protected":false},"author":1,"featured_media":1260,"comment_status":"open","ping_status":"open","sticky":false,"template":"","format":"standard","meta":{"footnotes":""},"categories":[95],"tags":[499,19,500,294,501],"class_list":["post-1259","post","type-post","status-publish","format-standard","has-post-thumbnail","hentry","category-crisis-climatica","tag-cop-16","tag-crisis-climatica","tag-jovenes-cop-16","tag-responsabilidad-social","tag-save-the-children"],"yoast_head":"<!-- This site is optimized with the Yoast SEO plugin v23.9 - https:\/\/yoast.com\/wordpress\/plugins\/seo\/ -->\n<title>COP 16: ni\u00f1os, ni\u00f1as y adolescentes de Colombia tienen su espacio - Biciurba<\/title>\n<meta name=\"robots\" content=\"index, follow, max-snippet:-1, max-image-preview:large, max-video-preview:-1\" \/>\n<link rel=\"canonical\" href=\"https:\/\/biciurba.com\/index.php\/2024\/10\/19\/cop-16-ninos-ninas-y-adolescentes-de-colombia-tienen-su-espacio\/\" \/>\n<meta property=\"og:locale\" content=\"es_ES\" \/>\n<meta property=\"og:type\" content=\"article\" \/>\n<meta property=\"og:title\" content=\"COP 16: ni\u00f1os, ni\u00f1as y adolescentes de Colombia tienen su espacio - Biciurba\" \/>\n<meta property=\"og:description\" content=\"Los efectos del cambio clim\u00e1tico han acentuado los riesgos de desnutrici\u00f3n infantil, salud y protecci\u00f3n que afectan a miles de ni\u00f1os, ni\u00f1as y adolescentes, limitando sus oportunidades para alcanzar su m\u00e1ximo potencial.&nbsp;Seg\u00fan una consulta global que realizamos en el 2022 a 2.400.000 ni\u00f1os y ni\u00f1as, identificamos que el 83% consideran que los cambios clim\u00e1ticos y [&hellip;]\" \/>\n<meta property=\"og:url\" content=\"https:\/\/biciurba.com\/index.php\/2024\/10\/19\/cop-16-ninos-ninas-y-adolescentes-de-colombia-tienen-su-espacio\/\" \/>\n<meta property=\"og:site_name\" content=\"Biciurba\" \/>\n<meta property=\"article:published_time\" content=\"2024-10-19T15:00:00+00:00\" \/>\n<meta property=\"article:modified_time\" content=\"2024-10-19T12:18:15+00:00\" \/>\n<meta property=\"og:image\" content=\"https:\/\/biciurba.com\/wp-content\/uploads\/2024\/10\/cop-16-jovenes-2.png\" \/>\n\t<meta property=\"og:image:width\" content=\"600\" \/>\n\t<meta property=\"og:image:height\" content=\"400\" \/>\n\t<meta property=\"og:image:type\" content=\"image\/png\" \/>\n<meta name=\"author\" content=\"Carlos Cantor\" \/>\n<meta name=\"twitter:card\" content=\"summary_large_image\" \/>\n<meta name=\"twitter:label1\" content=\"Escrito por\" \/>\n\t<meta name=\"twitter:data1\" content=\"Carlos Cantor\" \/>\n\t<meta name=\"twitter:label2\" content=\"Tiempo de lectura\" \/>\n\t<meta name=\"twitter:data2\" content=\"3 minutos\" \/>\n<script type=\"application\/ld+json\" class=\"yoast-schema-graph\">{\"@context\":\"https:\/\/schema.org\",\"@graph\":[{\"@type\":\"Article\",\"@id\":\"https:\/\/biciurba.com\/index.php\/2024\/10\/19\/cop-16-ninos-ninas-y-adolescentes-de-colombia-tienen-su-espacio\/#article\",\"isPartOf\":{\"@id\":\"https:\/\/biciurba.com\/index.php\/2024\/10\/19\/cop-16-ninos-ninas-y-adolescentes-de-colombia-tienen-su-espacio\/\"},\"author\":{\"name\":\"Carlos Cantor\",\"@id\":\"https:\/\/biciurba.com\/#\/schema\/person\/d9675ddf29ee982d268db0a3f239eced\"},\"headline\":\"COP 16: ni\u00f1os, ni\u00f1as y adolescentes de Colombia tienen su espacio\",\"datePublished\":\"2024-10-19T15:00:00+00:00\",\"dateModified\":\"2024-10-19T12:18:15+00:00\",\"mainEntityOfPage\":{\"@id\":\"https:\/\/biciurba.com\/index.php\/2024\/10\/19\/cop-16-ninos-ninas-y-adolescentes-de-colombia-tienen-su-espacio\/\"},\"wordCount\":637,\"commentCount\":0,\"publisher\":{\"@id\":\"https:\/\/biciurba.com\/#\/schema\/person\/d9675ddf29ee982d268db0a3f239eced\"},\"image\":{\"@id\":\"https:\/\/biciurba.com\/index.php\/2024\/10\/19\/cop-16-ninos-ninas-y-adolescentes-de-colombia-tienen-su-espacio\/#primaryimage\"},\"thumbnailUrl\":\"https:\/\/biciurba.com\/wp-content\/uploads\/2024\/10\/cop-16-jovenes-2.png\",\"keywords\":[\"COP 16\",\"Crisis clim\u00e1tica\",\"Jovenes Cop 16\",\"responsabilidad social\",\"Save the Children\"],\"articleSection\":[\"Crisis clim\u00e1tica\"],\"inLanguage\":\"es\",\"potentialAction\":[{\"@type\":\"CommentAction\",\"name\":\"Comment\",\"target\":[\"https:\/\/biciurba.com\/index.php\/2024\/10\/19\/cop-16-ninos-ninas-y-adolescentes-de-colombia-tienen-su-espacio\/#respond\"]}]},{\"@type\":\"WebPage\",\"@id\":\"https:\/\/biciurba.com\/index.php\/2024\/10\/19\/cop-16-ninos-ninas-y-adolescentes-de-colombia-tienen-su-espacio\/\",\"url\":\"https:\/\/biciurba.com\/index.php\/2024\/10\/19\/cop-16-ninos-ninas-y-adolescentes-de-colombia-tienen-su-espacio\/\",\"name\":\"COP 16: ni\u00f1os, ni\u00f1as y adolescentes de Colombia tienen su espacio - Biciurba\",\"isPartOf\":{\"@id\":\"https:\/\/biciurba.com\/#website\"},\"primaryImageOfPage\":{\"@id\":\"https:\/\/biciurba.com\/index.php\/2024\/10\/19\/cop-16-ninos-ninas-y-adolescentes-de-colombia-tienen-su-espacio\/#primaryimage\"},\"image\":{\"@id\":\"https:\/\/biciurba.com\/index.php\/2024\/10\/19\/cop-16-ninos-ninas-y-adolescentes-de-colombia-tienen-su-espacio\/#primaryimage\"},\"thumbnailUrl\":\"https:\/\/biciurba.com\/wp-content\/uploads\/2024\/10\/cop-16-jovenes-2.png\",\"datePublished\":\"2024-10-19T15:00:00+00:00\",\"dateModified\":\"2024-10-19T12:18:15+00:00\",\"breadcrumb\":{\"@id\":\"https:\/\/biciurba.com\/index.php\/2024\/10\/19\/cop-16-ninos-ninas-y-adolescentes-de-colombia-tienen-su-espacio\/#breadcrumb\"},\"inLanguage\":\"es\",\"potentialAction\":[{\"@type\":\"ReadAction\",\"target\":[\"https:\/\/biciurba.com\/index.php\/2024\/10\/19\/cop-16-ninos-ninas-y-adolescentes-de-colombia-tienen-su-espacio\/\"]}]},{\"@type\":\"ImageObject\",\"inLanguage\":\"es\",\"@id\":\"https:\/\/biciurba.com\/index.php\/2024\/10\/19\/cop-16-ninos-ninas-y-adolescentes-de-colombia-tienen-su-espacio\/#primaryimage\",\"url\":\"https:\/\/biciurba.com\/wp-content\/uploads\/2024\/10\/cop-16-jovenes-2.png\",\"contentUrl\":\"https:\/\/biciurba.com\/wp-content\/uploads\/2024\/10\/cop-16-jovenes-2.png\",\"width\":600,\"height\":400,\"caption\":\"A trav\u00e9s de actividades interactivas, mesas de di\u00e1logo, talleres, mensajes audiovisuales y participaci\u00f3n en las negociaciones de la Zona Azul, Save the Children elevar\u00e1 la voz de la ni\u00f1ez colombiana y latinoamericana en el marco de la COP 16 que se llevar\u00e1 a cabo en Cali.\"},{\"@type\":\"BreadcrumbList\",\"@id\":\"https:\/\/biciurba.com\/index.php\/2024\/10\/19\/cop-16-ninos-ninas-y-adolescentes-de-colombia-tienen-su-espacio\/#breadcrumb\",\"itemListElement\":[{\"@type\":\"ListItem\",\"position\":1,\"name\":\"Portada\",\"item\":\"https:\/\/biciurba.com\/\"},{\"@type\":\"ListItem\",\"position\":2,\"name\":\"COP 16: ni\u00f1os, ni\u00f1as y adolescentes de Colombia tienen su espacio\"}]},{\"@type\":\"WebSite\",\"@id\":\"https:\/\/biciurba.com\/#website\",\"url\":\"https:\/\/biciurba.com\/\",\"name\":\"Biciurba\",\"description\":\"Una mejor manera de vivir\",\"publisher\":{\"@id\":\"https:\/\/biciurba.com\/#\/schema\/person\/d9675ddf29ee982d268db0a3f239eced\"},\"potentialAction\":[{\"@type\":\"SearchAction\",\"target\":{\"@type\":\"EntryPoint\",\"urlTemplate\":\"https:\/\/biciurba.com\/?s={search_term_string}\"},\"query-input\":{\"@type\":\"PropertyValueSpecification\",\"valueRequired\":true,\"valueName\":\"search_term_string\"}}],\"inLanguage\":\"es\"},{\"@type\":[\"Person\",\"Organization\"],\"@id\":\"https:\/\/biciurba.com\/#\/schema\/person\/d9675ddf29ee982d268db0a3f239eced\",\"name\":\"Carlos Cantor\",\"image\":{\"@type\":\"ImageObject\",\"inLanguage\":\"es\",\"@id\":\"https:\/\/biciurba.com\/#\/schema\/person\/image\/\",\"url\":\"https:\/\/biciurba.com\/wp-content\/uploads\/2024\/04\/cropped-logo-1.png\",\"contentUrl\":\"https:\/\/biciurba.com\/wp-content\/uploads\/2024\/04\/cropped-logo-1.png\",\"width\":512,\"height\":318,\"caption\":\"Carlos Cantor\"},\"logo\":{\"@id\":\"https:\/\/biciurba.com\/#\/schema\/person\/image\/\"},\"sameAs\":[\"https:\/\/biciurba.com\"],\"url\":\"https:\/\/biciurba.com\/index.php\/author\/ccantor\/\"}]}<\/script>\n<!-- \/ Yoast SEO plugin. -->","yoast_head_json":{"title":"COP 16: ni\u00f1os, ni\u00f1as y adolescentes de Colombia tienen su espacio - Biciurba","robots":{"index":"index","follow":"follow","max-snippet":"max-snippet:-1","max-image-preview":"max-image-preview:large","max-video-preview":"max-video-preview:-1"},"canonical":"https:\/\/biciurba.com\/index.php\/2024\/10\/19\/cop-16-ninos-ninas-y-adolescentes-de-colombia-tienen-su-espacio\/","og_locale":"es_ES","og_type":"article","og_title":"COP 16: ni\u00f1os, ni\u00f1as y adolescentes de Colombia tienen su espacio - Biciurba","og_description":"Los efectos del cambio clim\u00e1tico han acentuado los riesgos de desnutrici\u00f3n infantil, salud y protecci\u00f3n que afectan a miles de ni\u00f1os, ni\u00f1as y adolescentes, limitando sus oportunidades para alcanzar su m\u00e1ximo potencial.&nbsp;Seg\u00fan una consulta global que realizamos en el 2022 a 2.400.000 ni\u00f1os y ni\u00f1as, identificamos que el 83% consideran que los cambios clim\u00e1ticos y [&hellip;]","og_url":"https:\/\/biciurba.com\/index.php\/2024\/10\/19\/cop-16-ninos-ninas-y-adolescentes-de-colombia-tienen-su-espacio\/","og_site_name":"Biciurba","article_published_time":"2024-10-19T15:00:00+00:00","article_modified_time":"2024-10-19T12:18:15+00:00","og_image":[{"width":600,"height":400,"url":"https:\/\/biciurba.com\/wp-content\/uploads\/2024\/10\/cop-16-jovenes-2.png","type":"image\/png"}],"author":"Carlos Cantor","twitter_card":"summary_large_image","twitter_misc":{"Escrito por":"Carlos Cantor","Tiempo de lectura":"3 minutos"},"schema":{"@context":"https:\/\/schema.org","@graph":[{"@type":"Article","@id":"https:\/\/biciurba.com\/index.php\/2024\/10\/19\/cop-16-ninos-ninas-y-adolescentes-de-colombia-tienen-su-espacio\/#article","isPartOf":{"@id":"https:\/\/biciurba.com\/index.php\/2024\/10\/19\/cop-16-ninos-ninas-y-adolescentes-de-colombia-tienen-su-espacio\/"},"author":{"name":"Carlos Cantor","@id":"https:\/\/biciurba.com\/#\/schema\/person\/d9675ddf29ee982d268db0a3f239eced"},"headline":"COP 16: ni\u00f1os, ni\u00f1as y adolescentes de Colombia tienen su espacio","datePublished":"2024-10-19T15:00:00+00:00","dateModified":"2024-10-19T12:18:15+00:00","mainEntityOfPage":{"@id":"https:\/\/biciurba.com\/index.php\/2024\/10\/19\/cop-16-ninos-ninas-y-adolescentes-de-colombia-tienen-su-espacio\/"},"wordCount":637,"commentCount":0,"publisher":{"@id":"https:\/\/biciurba.com\/#\/schema\/person\/d9675ddf29ee982d268db0a3f239eced"},"image":{"@id":"https:\/\/biciurba.com\/index.php\/2024\/10\/19\/cop-16-ninos-ninas-y-adolescentes-de-colombia-tienen-su-espacio\/#primaryimage"},"thumbnailUrl":"https:\/\/biciurba.com\/wp-content\/uploads\/2024\/10\/cop-16-jovenes-2.png","keywords":["COP 16","Crisis clim\u00e1tica","Jovenes Cop 16","responsabilidad social","Save the Children"],"articleSection":["Crisis clim\u00e1tica"],"inLanguage":"es","potentialAction":[{"@type":"CommentAction","name":"Comment","target":["https:\/\/biciurba.com\/index.php\/2024\/10\/19\/cop-16-ninos-ninas-y-adolescentes-de-colombia-tienen-su-espacio\/#respond"]}]},{"@type":"WebPage","@id":"https:\/\/biciurba.com\/index.php\/2024\/10\/19\/cop-16-ninos-ninas-y-adolescentes-de-colombia-tienen-su-espacio\/","url":"https:\/\/biciurba.com\/index.php\/2024\/10\/19\/cop-16-ninos-ninas-y-adolescentes-de-colombia-tienen-su-espacio\/","name":"COP 16: ni\u00f1os, ni\u00f1as y adolescentes de Colombia tienen su espacio - Biciurba","isPartOf":{"@id":"https:\/\/biciurba.com\/#website"},"primaryImageOfPage":{"@id":"https:\/\/biciurba.com\/index.php\/2024\/10\/19\/cop-16-ninos-ninas-y-adolescentes-de-colombia-tienen-su-espacio\/#primaryimage"},"image":{"@id":"https:\/\/biciurba.com\/index.php\/2024\/10\/19\/cop-16-ninos-ninas-y-adolescentes-de-colombia-tienen-su-espacio\/#primaryimage"},"thumbnailUrl":"https:\/\/biciurba.com\/wp-content\/uploads\/2024\/10\/cop-16-jovenes-2.png","datePublished":"2024-10-19T15:00:00+00:00","dateModified":"2024-10-19T12:18:15+00:00","breadcrumb":{"@id":"https:\/\/biciurba.com\/index.php\/2024\/10\/19\/cop-16-ninos-ninas-y-adolescentes-de-colombia-tienen-su-espacio\/#breadcrumb"},"inLanguage":"es","potentialAction":[{"@type":"ReadAction","target":["https:\/\/biciurba.com\/index.php\/2024\/10\/19\/cop-16-ninos-ninas-y-adolescentes-de-colombia-tienen-su-espacio\/"]}]},{"@type":"ImageObject","inLanguage":"es","@id":"https:\/\/biciurba.com\/index.php\/2024\/10\/19\/cop-16-ninos-ninas-y-adolescentes-de-colombia-tienen-su-espacio\/#primaryimage","url":"https:\/\/biciurba.com\/wp-content\/uploads\/2024\/10\/cop-16-jovenes-2.png","contentUrl":"https:\/\/biciurba.com\/wp-content\/uploads\/2024\/10\/cop-16-jovenes-2.png","width":600,"height":400,"caption":"A trav\u00e9s de actividades interactivas, mesas de di\u00e1logo, talleres, mensajes audiovisuales y participaci\u00f3n en las negociaciones de la Zona Azul, Save the Children elevar\u00e1 la voz de la ni\u00f1ez colombiana y latinoamericana en el marco de la COP 16 que se llevar\u00e1 a cabo en Cali."},{"@type":"BreadcrumbList","@id":"https:\/\/biciurba.com\/index.php\/2024\/10\/19\/cop-16-ninos-ninas-y-adolescentes-de-colombia-tienen-su-espacio\/#breadcrumb","itemListElement":[{"@type":"ListItem","position":1,"name":"Portada","item":"https:\/\/biciurba.com\/"},{"@type":"ListItem","position":2,"name":"COP 16: ni\u00f1os, ni\u00f1as y adolescentes de Colombia tienen su espacio"}]},{"@type":"WebSite","@id":"https:\/\/biciurba.com\/#website","url":"https:\/\/biciurba.com\/","name":"Biciurba","description":"Una mejor manera de vivir","publisher":{"@id":"https:\/\/biciurba.com\/#\/schema\/person\/d9675ddf29ee982d268db0a3f239eced"},"potentialAction":[{"@type":"SearchAction","target":{"@type":"EntryPoint","urlTemplate":"https:\/\/biciurba.com\/?s={search_term_string}"},"query-input":{"@type":"PropertyValueSpecification","valueRequired":true,"valueName":"search_term_string"}}],"inLanguage":"es"},{"@type":["Person","Organization"],"@id":"https:\/\/biciurba.com\/#\/schema\/person\/d9675ddf29ee982d268db0a3f239eced","name":"Carlos Cantor","image":{"@type":"ImageObject","inLanguage":"es","@id":"https:\/\/biciurba.com\/#\/schema\/person\/image\/","url":"https:\/\/biciurba.com\/wp-content\/uploads\/2024\/04\/cropped-logo-1.png","contentUrl":"https:\/\/biciurba.com\/wp-content\/uploads\/2024\/04\/cropped-logo-1.png","width":512,"height":318,"caption":"Carlos Cantor"},"logo":{"@id":"https:\/\/biciurba.com\/#\/schema\/person\/image\/"},"sameAs":["https:\/\/biciurba.com"],"url":"https:\/\/biciurba.com\/index.php\/author\/ccantor\/"}]}},"_links":{"self":[{"href":"https:\/\/biciurba.com\/index.php\/wp-json\/wp\/v2\/posts\/1259"}],"collection":[{"href":"https:\/\/biciurba.com\/index.php\/wp-json\/wp\/v2\/posts"}],"about":[{"href":"https:\/\/biciurba.com\/index.php\/wp-json\/wp\/v2\/types\/post"}],"author":[{"embeddable":true,"href":"https:\/\/biciurba.com\/index.php\/wp-json\/wp\/v2\/users\/1"}],"replies":[{"embeddable":true,"href":"https:\/\/biciurba.com\/index.php\/wp-json\/wp\/v2\/comments?post=1259"}],"version-history":[{"count":1,"href":"https:\/\/biciurba.com\/index.php\/wp-json\/wp\/v2\/posts\/1259\/revisions"}],"predecessor-version":[{"id":1262,"href":"https:\/\/biciurba.com\/index.php\/wp-json\/wp\/v2\/posts\/1259\/revisions\/1262"}],"wp:featuredmedia":[{"embeddable":true,"href":"https:\/\/biciurba.com\/index.php\/wp-json\/wp\/v2\/media\/1260"}],"wp:attachment":[{"href":"https:\/\/biciurba.com\/index.php\/wp-json\/wp\/v2\/media?parent=1259"}],"wp:term":[{"taxonomy":"category","embeddable":true,"href":"https:\/\/biciurba.com\/index.php\/wp-json\/wp\/v2\/categories?post=1259"},{"taxonomy":"post_tag","embeddable":true,"href":"https:\/\/biciurba.com\/index.php\/wp-json\/wp\/v2\/tags?post=1259"}],"curies":[{"name":"wp","href":"https:\/\/api.w.org\/{rel}","templated":true}]}}