{"id":1267,"date":"2024-10-21T13:50:57","date_gmt":"2024-10-21T18:50:57","guid":{"rendered":"https:\/\/biciurba.com\/?p=1267"},"modified":"2024-10-21T13:50:59","modified_gmt":"2024-10-21T18:50:59","slug":"cop-enfrentado-el-mundo-ante-su-propia-realidad-economica-y-ambiental","status":"publish","type":"post","link":"https:\/\/biciurba.com\/index.php\/2024\/10\/21\/cop-enfrentado-el-mundo-ante-su-propia-realidad-economica-y-ambiental\/","title":{"rendered":"COP, enfrentado el mundo ante su propia realidad econ\u00f3mica y ambiental"},"content":{"rendered":"\n<p>Colombia est\u00e1 de pl\u00e1cemes al ser sede de la COP 16, lo cual abre una gran cantidad de opciones e interrogantes de c\u00f3mo, a nivel mundial, podemos rehabilitar la vida en el planeta. Esta realidad inobjetable nos hace dialogar entre pares, es decir los pa\u00edses del mundo, porque cada uno y en su totalidad tienen el mismo problema: agotamiento de la vida en sus territorios.<\/p>\n\n\n\n<p>Los acuerdos que se han establecido en las cumbres de la ONU, se siente, para el com\u00fan de las personas, como una p\u00e9rdida de tiempo, porque la realidad es que el sistema econ\u00f3mico imperante, a\u00fan en crisis inflacionaria, no da su brazo a torcer, y se ha aumentado los niveles de contaminaci\u00f3n sumado a desastres ambientales producidos por los incendios  de bosques, fundamentales para corregir el desastre. Nuestra Am\u00e9rica lo ha estado viendo, desde la costa pac\u00edfica de Canad\u00e1, Estados Unidos, bajando hasta Chile. Esa p\u00e9rdida de \u00e1rboles es dram\u00e1tica, porque los bosques no solo son los pulmones del planeta, tambi\u00e9n lo es el agua que all\u00ed se produce, y lo que permite la estabilidad clim\u00e1tica general.<\/p>\n\n\n\n<p>Una de las acciones que hace la floresta es lo que se ha denominado como <em>la bomba bi\u00f3tica<\/em>, una teor\u00eda desarrollada a miles de kil\u00f3metros de la amazonia,  en los bosques de Rusia, que tambi\u00e9n tienen su labor reguladora del clima y del agua en la zona euroasi\u00e1tica del planeta. Los cient\u00edficos Anastassia Makarieva y V\u00edctor Gorshkov en 2006 plantearon la teor\u00eda, seg\u00fan la cual, los bosques no solo influyen en el clima mediante la absorci\u00f3n de gases de efecto invernadero, sino tambi\u00e9n a trav\u00e9s de la regulaci\u00f3n activa del ciclo del agua. En esencia, la vegetaci\u00f3n densa, como la de la Amazon\u00eda, act\u00faa como una bomba gigantesca que succiona humedad desde las regiones oce\u00e1nicas y la distribuye hacia el interior del continente, creando un ciclo autosostenible.<\/p>\n\n\n\n<p>El proceso comienza cuando los \u00e1rboles emiten vapor de agua a la atm\u00f3sfera mediante la transpiraci\u00f3n. Este vapor asciende, formando nubes que eventualmente se condensan y precipitan en forma de lluvia. Sin embargo, no se trata simplemente de un proceso de evaporaci\u00f3n-condensaci\u00f3n; la clave de la bomba bi\u00f3tica radica en que la vegetaci\u00f3n no solo libera vapor de agua, sino que tambi\u00e9n influye en la presi\u00f3n atmosf\u00e9rica local. Las grandes cantidades de humedad evaporada disminuyen la presi\u00f3n atmosf\u00e9rica en la zona, lo que genera corrientes de aire que succionan aire h\u00famedo desde \u00e1reas m\u00e1s secas o desde el oc\u00e9ano hacia la selva. Esta din\u00e1mica genera un ciclo perpetuo de humedad que alimenta a la Amazon\u00eda y las regiones circundantes.<\/p>\n\n\n\n<p>Y entre esta zonas est\u00e1  la Cordillera de los Andes, una de las formaciones monta\u00f1osas m\u00e1s largas del mundo, que forma una barrera natural al oeste de la selva amaz\u00f3nica. A pesar de estar separadas por diferencias geogr\u00e1ficas y altitudinales significativas, la Amazon\u00eda y los Andes est\u00e1n profundamente interconectados a trav\u00e9s de este ciclo h\u00eddrico impulsado por la bomba bi\u00f3tica.<\/p>\n\n\n\n<p>La lluvia que cae en el vertiente oriental de los Andes proviene, en gran medida, de la humedad generada en la Amazon\u00eda. Este proceso es esencial para los ecosistemas de alta monta\u00f1a que dependen de las precipitaciones regulares. Sin las corrientes de aire h\u00famedo que ascienden desde la cuenca amaz\u00f3nica, las \u00e1reas monta\u00f1osas experimentaron una dr\u00e1stica disminuci\u00f3n en la cantidad de lluvias, afectando tanto a la biodiversidad como a los suministros de agua dulce que son cruciales para la regi\u00f3n.<\/p>\n\n\n\n<p>La relaci\u00f3n entre la Amazon\u00eda y los Andes es un ejemplo claro de interdependencia clim\u00e1tica. La p\u00e9rdida de bosques en la Amazon\u00eda, ya sea por la deforestaci\u00f3n o los incendios, tiene el potencial de alterar radicalmente este delicado equilibrio. Menos \u00e1rboles significa menos transpiraci\u00f3n, lo que resulta en menos humedad en el aire y, por ende, menos lluvias en los Andes. Esto puede provocar sequ\u00edas, reduciendo la disponibilidad de agua para los ecosistemas, la agricultura y los millones de personas que dependen de los glaciares andinos y los r\u00edos alimentados por las lluvias.<\/p>\n\n\n\n<p>En vista de las recientes crisis incendiarias y la constante deforestaci\u00f3n, que adem\u00e1s destruye una inmensidad de formas de vida que hacen posible que el bosque exista,  la bomba bi\u00f3tica pierde eficiencia, disminuyendo la capacidad de la selva para generar humedad. Esto, a su vez, afecta el r\u00e9gimen de lluvias en la cordillera y en general en el continente.<\/p>\n\n\n\n<p>En los \u00faltimos tres a\u00f1os el aumento en las temperaturas globales, est\u00e1 llevando a un mayor estr\u00e9s h\u00eddrico en la regi\u00f3n, afectando a los patrones de precipitaci\u00f3n, porque ese delicado y magn\u00edfico equilibrio de humedad y temperatura, est\u00e1 generando que el ciclo natural del agua se rompa, con las consecuentes sequ\u00edas, que en el caso de Bogot\u00e1, ya est\u00e1 viviendo la regulaci\u00f3n del agua potable, al ver los embalses del sistema de reservorios y distribuci\u00f3n del l\u00edquido enfrentar per\u00edodos m\u00e1s largos de sequ\u00eda. Estas alteraciones  clim\u00e1ticas derivadas de la p\u00e9rdida de los r\u00edos voladores, impactan  a la Amazon\u00eda, a las comunidades y ecosistemas en los Andes, que experimentan cambios en la disponibilidad de agua, lo que puede generar inseguridad alimentaria y conflictos por los recursos h\u00eddricos. Hay que considerar que las ciudades capitales andinas est\u00e1n precisamente, sobre la cordillera.<\/p>\n\n\n\n<p>Es esencial implementar pol\u00edticas nacionales y continentales  robustas que combatan la deforestaci\u00f3n, promuevan la reforestaci\u00f3n y protejan los derechos de las comunidades ind\u00edgenas que han sido hist\u00f3ricamente guardianes de estos ecosistemas y que los conocen muy bien. Las iniciativas de conservaci\u00f3n, como los proyectos de REDD+ (Reducci\u00f3n de Emisiones por Deforestaci\u00f3n y Degradaci\u00f3n de los Bosques), pueden desempe\u00f1ar un papel vital en la financiaci\u00f3n de proyectos para mantener la integridad de la selva. Adem\u00e1s, es fundamental fomentar la cooperaci\u00f3n regional entre los pa\u00edses amaz\u00f3nicos y andinos para garantizar que se proteja el ciclo h\u00eddrico que uno de estos dos ecosistemas clave.<\/p>\n\n\n\n<p>Hoy en Cali se busca revitalizar acuerdos, mediar el financiamiento de los mismos y dar viabilidad a las propuestas, que se basan fundamentalmente en el fortalecimiento de los mecanismos REDD+ y as\u00ed  reducir la deforestaci\u00f3n y degradaci\u00f3n de bosques en general y especialmente en pa\u00edses tropicales. Parte de ello est\u00e1 en la creaci\u00f3n del Fondo Verde para el Clima destinado a movilizar financiamiento para apoyar proyectos de mitigaci\u00f3n y adaptaci\u00f3n en pa\u00edses en desarrollo y el reconocimiento del l\u00edmite de 2\u00b0C por encima de los niveles preindustriales para evitar los impactos m\u00e1s graves del cambio clim\u00e1tico.<\/p>\n\n\n\n<p>En el fondo ser\u00e1 protagonista el sistema econ\u00f3mico global, la forma de expoliar la naturaleza para satisfacer las inversiones de capitales, los mercados de dinero, de productos y una forma de consumo despiadado que solo busca satisfacer los requerimientos econ\u00f3micos de quienes manejan el planeta. <\/p>\n\n\n\n<p>Bien lo escribi\u00f3 el papa Francisco en la enc\u00edclica Laudato &#8216;Si : <em>\u201cUn cambio en los estilos de vida podr\u00eda llegar a ejercer una sana presi\u00f3n sobre los que tienen poder pol\u00edtico, econ\u00f3mico y social. Es lo que ocurre cuando los movimientos de consumidores logran que dejen de adquirir ciertos productos y as\u00ed se vuelven efectivos para modificar el comportamiento de las empresas\u201d. Y \u201cLos pa\u00edses pobres necesitan tener como prioridad la erradicaci\u00f3n de la miseria y el desarrollo social de sus habitantes, pero tambi\u00e9n deben analizar el nivel escandaloso de consumo de algunos sectores privilegiados de su poblaci\u00f3n y controlar mejor la corrupci\u00f3n\u201d.<\/em><\/p>\n\n\n\n<p>Adicional a las decisiones de esta COP16, es necesario que cada uno de nosotros modifique sus costumbres de consumo, transporte, uso de la energ\u00eda, el agua y en general entender que no solo es nuestro presente, tambi\u00e9n el futuro pr\u00f3ximo el que se est\u00e1 afectando por la crisis planetaria, la p\u00e9rdida de la biodiversidad y la posibilidad de pasarla bastante mal en un planeta que pasa de la abundancia a la escasez e inmensas dificultades para llevar el d\u00eda a d\u00eda.<\/p>\n\n\n\n<p><\/p>\n","protected":false},"excerpt":{"rendered":"<p>Colombia est\u00e1 de pl\u00e1cemes al ser sede de la COP 16, lo cual abre una gran cantidad de opciones e interrogantes de c\u00f3mo, a nivel mundial, podemos rehabilitar la vida en el planeta. Esta realidad inobjetable nos hace dialogar entre pares, es decir los pa\u00edses del mundo, porque cada uno y en su totalidad tienen [&hellip;]<\/p>\n","protected":false},"author":1,"featured_media":1268,"comment_status":"open","ping_status":"open","sticky":false,"template":"","format":"standard","meta":{"footnotes":""},"categories":[95,52],"tags":[505,506,507,503,502,19,504,508],"class_list":["post-1267","post","type-post","status-publish","format-standard","has-post-thumbnail","hentry","category-crisis-climatica","category-noticias","tag-acuerdos-globales","tag-amazonia-2","tag-andes","tag-cali","tag-cop16","tag-crisis-climatica","tag-onu","tag-sequia-rios"],"yoast_head":"<!-- This site is optimized with the Yoast SEO plugin v23.9 - https:\/\/yoast.com\/wordpress\/plugins\/seo\/ -->\n<title>COP, enfrentado el mundo ante su propia realidad econ\u00f3mica y ambiental - Biciurba<\/title>\n<meta name=\"robots\" content=\"index, follow, max-snippet:-1, max-image-preview:large, max-video-preview:-1\" \/>\n<link rel=\"canonical\" href=\"https:\/\/biciurba.com\/index.php\/2024\/10\/21\/cop-enfrentado-el-mundo-ante-su-propia-realidad-economica-y-ambiental\/\" \/>\n<meta property=\"og:locale\" content=\"es_ES\" \/>\n<meta property=\"og:type\" content=\"article\" \/>\n<meta property=\"og:title\" content=\"COP, enfrentado el mundo ante su propia realidad econ\u00f3mica y ambiental - Biciurba\" \/>\n<meta property=\"og:description\" content=\"Colombia est\u00e1 de pl\u00e1cemes al ser sede de la COP 16, lo cual abre una gran cantidad de opciones e interrogantes de c\u00f3mo, a nivel mundial, podemos rehabilitar la vida en el planeta. Esta realidad inobjetable nos hace dialogar entre pares, es decir los pa\u00edses del mundo, porque cada uno y en su totalidad tienen [&hellip;]\" \/>\n<meta property=\"og:url\" content=\"https:\/\/biciurba.com\/index.php\/2024\/10\/21\/cop-enfrentado-el-mundo-ante-su-propia-realidad-economica-y-ambiental\/\" \/>\n<meta property=\"og:site_name\" content=\"Biciurba\" \/>\n<meta property=\"article:published_time\" content=\"2024-10-21T18:50:57+00:00\" \/>\n<meta property=\"article:modified_time\" content=\"2024-10-21T18:50:59+00:00\" \/>\n<meta property=\"og:image\" content=\"https:\/\/biciurba.com\/wp-content\/uploads\/2024\/10\/logo-cop16.png\" \/>\n\t<meta property=\"og:image:width\" content=\"606\" \/>\n\t<meta property=\"og:image:height\" content=\"404\" \/>\n\t<meta property=\"og:image:type\" content=\"image\/png\" \/>\n<meta name=\"author\" content=\"Carlos Cantor\" \/>\n<meta name=\"twitter:card\" content=\"summary_large_image\" \/>\n<meta name=\"twitter:label1\" content=\"Escrito por\" \/>\n\t<meta name=\"twitter:data1\" content=\"Carlos Cantor\" \/>\n\t<meta name=\"twitter:label2\" content=\"Tiempo de lectura\" \/>\n\t<meta name=\"twitter:data2\" content=\"7 minutos\" \/>\n<script type=\"application\/ld+json\" class=\"yoast-schema-graph\">{\"@context\":\"https:\/\/schema.org\",\"@graph\":[{\"@type\":\"Article\",\"@id\":\"https:\/\/biciurba.com\/index.php\/2024\/10\/21\/cop-enfrentado-el-mundo-ante-su-propia-realidad-economica-y-ambiental\/#article\",\"isPartOf\":{\"@id\":\"https:\/\/biciurba.com\/index.php\/2024\/10\/21\/cop-enfrentado-el-mundo-ante-su-propia-realidad-economica-y-ambiental\/\"},\"author\":{\"name\":\"Carlos Cantor\",\"@id\":\"https:\/\/biciurba.com\/#\/schema\/person\/d9675ddf29ee982d268db0a3f239eced\"},\"headline\":\"COP, enfrentado el mundo ante su propia realidad econ\u00f3mica y ambiental\",\"datePublished\":\"2024-10-21T18:50:57+00:00\",\"dateModified\":\"2024-10-21T18:50:59+00:00\",\"mainEntityOfPage\":{\"@id\":\"https:\/\/biciurba.com\/index.php\/2024\/10\/21\/cop-enfrentado-el-mundo-ante-su-propia-realidad-economica-y-ambiental\/\"},\"wordCount\":1435,\"commentCount\":0,\"publisher\":{\"@id\":\"https:\/\/biciurba.com\/#\/schema\/person\/d9675ddf29ee982d268db0a3f239eced\"},\"image\":{\"@id\":\"https:\/\/biciurba.com\/index.php\/2024\/10\/21\/cop-enfrentado-el-mundo-ante-su-propia-realidad-economica-y-ambiental\/#primaryimage\"},\"thumbnailUrl\":\"https:\/\/biciurba.com\/wp-content\/uploads\/2024\/10\/logo-cop16.png\",\"keywords\":[\"Acuerdos globales\",\"Amazonia\",\"Andes\",\"Cali\",\"COP16\",\"Crisis clim\u00e1tica\",\"ONU\",\"Sequ\u00eda r\u00edos\"],\"articleSection\":[\"Crisis clim\u00e1tica\",\"Noticias\"],\"inLanguage\":\"es\",\"potentialAction\":[{\"@type\":\"CommentAction\",\"name\":\"Comment\",\"target\":[\"https:\/\/biciurba.com\/index.php\/2024\/10\/21\/cop-enfrentado-el-mundo-ante-su-propia-realidad-economica-y-ambiental\/#respond\"]}]},{\"@type\":\"WebPage\",\"@id\":\"https:\/\/biciurba.com\/index.php\/2024\/10\/21\/cop-enfrentado-el-mundo-ante-su-propia-realidad-economica-y-ambiental\/\",\"url\":\"https:\/\/biciurba.com\/index.php\/2024\/10\/21\/cop-enfrentado-el-mundo-ante-su-propia-realidad-economica-y-ambiental\/\",\"name\":\"COP, enfrentado el mundo ante su propia realidad econ\u00f3mica y ambiental - Biciurba\",\"isPartOf\":{\"@id\":\"https:\/\/biciurba.com\/#website\"},\"primaryImageOfPage\":{\"@id\":\"https:\/\/biciurba.com\/index.php\/2024\/10\/21\/cop-enfrentado-el-mundo-ante-su-propia-realidad-economica-y-ambiental\/#primaryimage\"},\"image\":{\"@id\":\"https:\/\/biciurba.com\/index.php\/2024\/10\/21\/cop-enfrentado-el-mundo-ante-su-propia-realidad-economica-y-ambiental\/#primaryimage\"},\"thumbnailUrl\":\"https:\/\/biciurba.com\/wp-content\/uploads\/2024\/10\/logo-cop16.png\",\"datePublished\":\"2024-10-21T18:50:57+00:00\",\"dateModified\":\"2024-10-21T18:50:59+00:00\",\"breadcrumb\":{\"@id\":\"https:\/\/biciurba.com\/index.php\/2024\/10\/21\/cop-enfrentado-el-mundo-ante-su-propia-realidad-economica-y-ambiental\/#breadcrumb\"},\"inLanguage\":\"es\",\"potentialAction\":[{\"@type\":\"ReadAction\",\"target\":[\"https:\/\/biciurba.com\/index.php\/2024\/10\/21\/cop-enfrentado-el-mundo-ante-su-propia-realidad-economica-y-ambiental\/\"]}]},{\"@type\":\"ImageObject\",\"inLanguage\":\"es\",\"@id\":\"https:\/\/biciurba.com\/index.php\/2024\/10\/21\/cop-enfrentado-el-mundo-ante-su-propia-realidad-economica-y-ambiental\/#primaryimage\",\"url\":\"https:\/\/biciurba.com\/wp-content\/uploads\/2024\/10\/logo-cop16.png\",\"contentUrl\":\"https:\/\/biciurba.com\/wp-content\/uploads\/2024\/10\/logo-cop16.png\",\"width\":606,\"height\":404,\"caption\":\"La COP16 aprob\u00f3 por consenso el reconocimiento de la contribuci\u00f3n de las comunidades ind\u00edgenas, afrodescendientes y comunidades locales al cuidado y la preservaci\u00f3n de la biodiversidad e implica \\\"la creaci\u00f3n de un nuevo \u00f3rgano subsidiario del Art\u00edculo 8J\\\" del Marco Global de Biodiversidad Kunming-Montreal.\"},{\"@type\":\"BreadcrumbList\",\"@id\":\"https:\/\/biciurba.com\/index.php\/2024\/10\/21\/cop-enfrentado-el-mundo-ante-su-propia-realidad-economica-y-ambiental\/#breadcrumb\",\"itemListElement\":[{\"@type\":\"ListItem\",\"position\":1,\"name\":\"Portada\",\"item\":\"https:\/\/biciurba.com\/\"},{\"@type\":\"ListItem\",\"position\":2,\"name\":\"COP, enfrentado el mundo ante su propia realidad econ\u00f3mica y ambiental\"}]},{\"@type\":\"WebSite\",\"@id\":\"https:\/\/biciurba.com\/#website\",\"url\":\"https:\/\/biciurba.com\/\",\"name\":\"Biciurba\",\"description\":\"Una mejor manera de vivir\",\"publisher\":{\"@id\":\"https:\/\/biciurba.com\/#\/schema\/person\/d9675ddf29ee982d268db0a3f239eced\"},\"potentialAction\":[{\"@type\":\"SearchAction\",\"target\":{\"@type\":\"EntryPoint\",\"urlTemplate\":\"https:\/\/biciurba.com\/?s={search_term_string}\"},\"query-input\":{\"@type\":\"PropertyValueSpecification\",\"valueRequired\":true,\"valueName\":\"search_term_string\"}}],\"inLanguage\":\"es\"},{\"@type\":[\"Person\",\"Organization\"],\"@id\":\"https:\/\/biciurba.com\/#\/schema\/person\/d9675ddf29ee982d268db0a3f239eced\",\"name\":\"Carlos Cantor\",\"image\":{\"@type\":\"ImageObject\",\"inLanguage\":\"es\",\"@id\":\"https:\/\/biciurba.com\/#\/schema\/person\/image\/\",\"url\":\"https:\/\/biciurba.com\/wp-content\/uploads\/2024\/04\/cropped-logo-1.png\",\"contentUrl\":\"https:\/\/biciurba.com\/wp-content\/uploads\/2024\/04\/cropped-logo-1.png\",\"width\":512,\"height\":318,\"caption\":\"Carlos Cantor\"},\"logo\":{\"@id\":\"https:\/\/biciurba.com\/#\/schema\/person\/image\/\"},\"sameAs\":[\"https:\/\/biciurba.com\"],\"url\":\"https:\/\/biciurba.com\/index.php\/author\/ccantor\/\"}]}<\/script>\n<!-- \/ Yoast SEO plugin. -->","yoast_head_json":{"title":"COP, enfrentado el mundo ante su propia realidad econ\u00f3mica y ambiental - Biciurba","robots":{"index":"index","follow":"follow","max-snippet":"max-snippet:-1","max-image-preview":"max-image-preview:large","max-video-preview":"max-video-preview:-1"},"canonical":"https:\/\/biciurba.com\/index.php\/2024\/10\/21\/cop-enfrentado-el-mundo-ante-su-propia-realidad-economica-y-ambiental\/","og_locale":"es_ES","og_type":"article","og_title":"COP, enfrentado el mundo ante su propia realidad econ\u00f3mica y ambiental - Biciurba","og_description":"Colombia est\u00e1 de pl\u00e1cemes al ser sede de la COP 16, lo cual abre una gran cantidad de opciones e interrogantes de c\u00f3mo, a nivel mundial, podemos rehabilitar la vida en el planeta. Esta realidad inobjetable nos hace dialogar entre pares, es decir los pa\u00edses del mundo, porque cada uno y en su totalidad tienen [&hellip;]","og_url":"https:\/\/biciurba.com\/index.php\/2024\/10\/21\/cop-enfrentado-el-mundo-ante-su-propia-realidad-economica-y-ambiental\/","og_site_name":"Biciurba","article_published_time":"2024-10-21T18:50:57+00:00","article_modified_time":"2024-10-21T18:50:59+00:00","og_image":[{"width":606,"height":404,"url":"https:\/\/biciurba.com\/wp-content\/uploads\/2024\/10\/logo-cop16.png","type":"image\/png"}],"author":"Carlos Cantor","twitter_card":"summary_large_image","twitter_misc":{"Escrito por":"Carlos Cantor","Tiempo de lectura":"7 minutos"},"schema":{"@context":"https:\/\/schema.org","@graph":[{"@type":"Article","@id":"https:\/\/biciurba.com\/index.php\/2024\/10\/21\/cop-enfrentado-el-mundo-ante-su-propia-realidad-economica-y-ambiental\/#article","isPartOf":{"@id":"https:\/\/biciurba.com\/index.php\/2024\/10\/21\/cop-enfrentado-el-mundo-ante-su-propia-realidad-economica-y-ambiental\/"},"author":{"name":"Carlos Cantor","@id":"https:\/\/biciurba.com\/#\/schema\/person\/d9675ddf29ee982d268db0a3f239eced"},"headline":"COP, enfrentado el mundo ante su propia realidad econ\u00f3mica y ambiental","datePublished":"2024-10-21T18:50:57+00:00","dateModified":"2024-10-21T18:50:59+00:00","mainEntityOfPage":{"@id":"https:\/\/biciurba.com\/index.php\/2024\/10\/21\/cop-enfrentado-el-mundo-ante-su-propia-realidad-economica-y-ambiental\/"},"wordCount":1435,"commentCount":0,"publisher":{"@id":"https:\/\/biciurba.com\/#\/schema\/person\/d9675ddf29ee982d268db0a3f239eced"},"image":{"@id":"https:\/\/biciurba.com\/index.php\/2024\/10\/21\/cop-enfrentado-el-mundo-ante-su-propia-realidad-economica-y-ambiental\/#primaryimage"},"thumbnailUrl":"https:\/\/biciurba.com\/wp-content\/uploads\/2024\/10\/logo-cop16.png","keywords":["Acuerdos globales","Amazonia","Andes","Cali","COP16","Crisis clim\u00e1tica","ONU","Sequ\u00eda r\u00edos"],"articleSection":["Crisis clim\u00e1tica","Noticias"],"inLanguage":"es","potentialAction":[{"@type":"CommentAction","name":"Comment","target":["https:\/\/biciurba.com\/index.php\/2024\/10\/21\/cop-enfrentado-el-mundo-ante-su-propia-realidad-economica-y-ambiental\/#respond"]}]},{"@type":"WebPage","@id":"https:\/\/biciurba.com\/index.php\/2024\/10\/21\/cop-enfrentado-el-mundo-ante-su-propia-realidad-economica-y-ambiental\/","url":"https:\/\/biciurba.com\/index.php\/2024\/10\/21\/cop-enfrentado-el-mundo-ante-su-propia-realidad-economica-y-ambiental\/","name":"COP, enfrentado el mundo ante su propia realidad econ\u00f3mica y ambiental - Biciurba","isPartOf":{"@id":"https:\/\/biciurba.com\/#website"},"primaryImageOfPage":{"@id":"https:\/\/biciurba.com\/index.php\/2024\/10\/21\/cop-enfrentado-el-mundo-ante-su-propia-realidad-economica-y-ambiental\/#primaryimage"},"image":{"@id":"https:\/\/biciurba.com\/index.php\/2024\/10\/21\/cop-enfrentado-el-mundo-ante-su-propia-realidad-economica-y-ambiental\/#primaryimage"},"thumbnailUrl":"https:\/\/biciurba.com\/wp-content\/uploads\/2024\/10\/logo-cop16.png","datePublished":"2024-10-21T18:50:57+00:00","dateModified":"2024-10-21T18:50:59+00:00","breadcrumb":{"@id":"https:\/\/biciurba.com\/index.php\/2024\/10\/21\/cop-enfrentado-el-mundo-ante-su-propia-realidad-economica-y-ambiental\/#breadcrumb"},"inLanguage":"es","potentialAction":[{"@type":"ReadAction","target":["https:\/\/biciurba.com\/index.php\/2024\/10\/21\/cop-enfrentado-el-mundo-ante-su-propia-realidad-economica-y-ambiental\/"]}]},{"@type":"ImageObject","inLanguage":"es","@id":"https:\/\/biciurba.com\/index.php\/2024\/10\/21\/cop-enfrentado-el-mundo-ante-su-propia-realidad-economica-y-ambiental\/#primaryimage","url":"https:\/\/biciurba.com\/wp-content\/uploads\/2024\/10\/logo-cop16.png","contentUrl":"https:\/\/biciurba.com\/wp-content\/uploads\/2024\/10\/logo-cop16.png","width":606,"height":404,"caption":"La COP16 aprob\u00f3 por consenso el reconocimiento de la contribuci\u00f3n de las comunidades ind\u00edgenas, afrodescendientes y comunidades locales al cuidado y la preservaci\u00f3n de la biodiversidad e implica \"la creaci\u00f3n de un nuevo \u00f3rgano subsidiario del Art\u00edculo 8J\" del Marco Global de Biodiversidad Kunming-Montreal."},{"@type":"BreadcrumbList","@id":"https:\/\/biciurba.com\/index.php\/2024\/10\/21\/cop-enfrentado-el-mundo-ante-su-propia-realidad-economica-y-ambiental\/#breadcrumb","itemListElement":[{"@type":"ListItem","position":1,"name":"Portada","item":"https:\/\/biciurba.com\/"},{"@type":"ListItem","position":2,"name":"COP, enfrentado el mundo ante su propia realidad econ\u00f3mica y ambiental"}]},{"@type":"WebSite","@id":"https:\/\/biciurba.com\/#website","url":"https:\/\/biciurba.com\/","name":"Biciurba","description":"Una mejor manera de vivir","publisher":{"@id":"https:\/\/biciurba.com\/#\/schema\/person\/d9675ddf29ee982d268db0a3f239eced"},"potentialAction":[{"@type":"SearchAction","target":{"@type":"EntryPoint","urlTemplate":"https:\/\/biciurba.com\/?s={search_term_string}"},"query-input":{"@type":"PropertyValueSpecification","valueRequired":true,"valueName":"search_term_string"}}],"inLanguage":"es"},{"@type":["Person","Organization"],"@id":"https:\/\/biciurba.com\/#\/schema\/person\/d9675ddf29ee982d268db0a3f239eced","name":"Carlos Cantor","image":{"@type":"ImageObject","inLanguage":"es","@id":"https:\/\/biciurba.com\/#\/schema\/person\/image\/","url":"https:\/\/biciurba.com\/wp-content\/uploads\/2024\/04\/cropped-logo-1.png","contentUrl":"https:\/\/biciurba.com\/wp-content\/uploads\/2024\/04\/cropped-logo-1.png","width":512,"height":318,"caption":"Carlos Cantor"},"logo":{"@id":"https:\/\/biciurba.com\/#\/schema\/person\/image\/"},"sameAs":["https:\/\/biciurba.com"],"url":"https:\/\/biciurba.com\/index.php\/author\/ccantor\/"}]}},"_links":{"self":[{"href":"https:\/\/biciurba.com\/index.php\/wp-json\/wp\/v2\/posts\/1267"}],"collection":[{"href":"https:\/\/biciurba.com\/index.php\/wp-json\/wp\/v2\/posts"}],"about":[{"href":"https:\/\/biciurba.com\/index.php\/wp-json\/wp\/v2\/types\/post"}],"author":[{"embeddable":true,"href":"https:\/\/biciurba.com\/index.php\/wp-json\/wp\/v2\/users\/1"}],"replies":[{"embeddable":true,"href":"https:\/\/biciurba.com\/index.php\/wp-json\/wp\/v2\/comments?post=1267"}],"version-history":[{"count":1,"href":"https:\/\/biciurba.com\/index.php\/wp-json\/wp\/v2\/posts\/1267\/revisions"}],"predecessor-version":[{"id":1269,"href":"https:\/\/biciurba.com\/index.php\/wp-json\/wp\/v2\/posts\/1267\/revisions\/1269"}],"wp:featuredmedia":[{"embeddable":true,"href":"https:\/\/biciurba.com\/index.php\/wp-json\/wp\/v2\/media\/1268"}],"wp:attachment":[{"href":"https:\/\/biciurba.com\/index.php\/wp-json\/wp\/v2\/media?parent=1267"}],"wp:term":[{"taxonomy":"category","embeddable":true,"href":"https:\/\/biciurba.com\/index.php\/wp-json\/wp\/v2\/categories?post=1267"},{"taxonomy":"post_tag","embeddable":true,"href":"https:\/\/biciurba.com\/index.php\/wp-json\/wp\/v2\/tags?post=1267"}],"curies":[{"name":"wp","href":"https:\/\/api.w.org\/{rel}","templated":true}]}}