{"id":1277,"date":"2024-10-24T10:00:00","date_gmt":"2024-10-24T15:00:00","guid":{"rendered":"https:\/\/biciurba.com\/?p=1277"},"modified":"2024-10-24T08:52:04","modified_gmt":"2024-10-24T13:52:04","slug":"una-accion-que-afecta-a-la-sociedad-entera","status":"publish","type":"post","link":"https:\/\/biciurba.com\/index.php\/2024\/10\/24\/una-accion-que-afecta-a-la-sociedad-entera\/","title":{"rendered":"Una acci\u00f3n que afecta a la sociedad entera."},"content":{"rendered":"\n<p>La violencia sexual contra los menores de edad es una tragedia mundial, que afecta de forma determinante a las v\u00edctimas, la sociedad y cuestiona el c\u00f3mo llegan a esa situaci\u00f3n los perpetradores. Conversamos con la investigadora Ana Mar\u00eda Venegas, M\u00e1ster en Psicolog\u00eda Jur\u00eddica y peritaje psicol\u00f3gico forense, quien con la abogada Mar\u00eda Victoria Zambrano, se han dedicado al estudio de esta tragedia humana.<\/p>\n\n\n\n<figure class=\"wp-block-embed is-type-rich is-provider-spotify wp-block-embed-spotify wp-embed-aspect-21-9 wp-has-aspect-ratio\"><div class=\"wp-block-embed__wrapper\">\n<iframe title=\"Spotify Embed: Cap\u00edtulo 23: Una acci\u00f3n que afecta a la sociedad entera\" style=\"border-radius: 12px\" width=\"100%\" height=\"152\" frameborder=\"0\" allowfullscreen allow=\"autoplay; clipboard-write; encrypted-media; fullscreen; picture-in-picture\" loading=\"lazy\" src=\"https:\/\/open.spotify.com\/embed\/episode\/0o4eNnW19rKlUeThh0SIKe?si=96cadb5ab5f34b79&#038;utm_source=oembed\"><\/iframe>\n<\/div><\/figure>\n","protected":false},"excerpt":{"rendered":"<p>La violencia sexual contra los menores de edad es una tragedia mundial, que afecta de forma determinante a las v\u00edctimas, la sociedad y cuestiona el c\u00f3mo llegan a esa situaci\u00f3n los perpetradores. Conversamos con la investigadora Ana Mar\u00eda Venegas, M\u00e1ster en Psicolog\u00eda Jur\u00eddica y peritaje psicol\u00f3gico forense, quien con la abogada Mar\u00eda Victoria Zambrano, se [&hellip;]<\/p>\n","protected":false},"author":1,"featured_media":542,"comment_status":"open","ping_status":"open","sticky":false,"template":"","format":"standard","meta":{"footnotes":""},"categories":[51],"tags":[511,512,510,509],"class_list":["post-1277","post","type-post","status-publish","format-standard","has-post-thumbnail","hentry","category-podcast-biciurba","tag-delitos-carnales","tag-enfermos-mentales","tag-ninez-ultrajada","tag-violencia-sexual"],"yoast_head":"<!-- This site is optimized with the Yoast SEO plugin v23.9 - https:\/\/yoast.com\/wordpress\/plugins\/seo\/ -->\n<title>Una acci\u00f3n que afecta a la sociedad entera. - Biciurba<\/title>\n<meta name=\"description\" content=\"Una investigaci\u00f3n acad\u00e9mica sobre la violencia sexual a menores de edad\" \/>\n<meta name=\"robots\" content=\"index, follow, max-snippet:-1, max-image-preview:large, max-video-preview:-1\" \/>\n<link rel=\"canonical\" href=\"https:\/\/biciurba.com\/index.php\/2024\/10\/24\/una-accion-que-afecta-a-la-sociedad-entera\/\" \/>\n<meta property=\"og:locale\" content=\"es_ES\" \/>\n<meta property=\"og:type\" content=\"article\" \/>\n<meta property=\"og:title\" content=\"Una acci\u00f3n que afecta a la sociedad entera. - Biciurba\" \/>\n<meta property=\"og:description\" content=\"Una investigaci\u00f3n acad\u00e9mica sobre la violencia sexual a menores de edad\" \/>\n<meta property=\"og:url\" content=\"https:\/\/biciurba.com\/index.php\/2024\/10\/24\/una-accion-que-afecta-a-la-sociedad-entera\/\" \/>\n<meta property=\"og:site_name\" content=\"Biciurba\" \/>\n<meta property=\"article:published_time\" content=\"2024-10-24T15:00:00+00:00\" \/>\n<meta property=\"article:modified_time\" content=\"2024-10-24T13:52:04+00:00\" \/>\n<meta property=\"og:image\" content=\"https:\/\/biciurba.com\/wp-content\/uploads\/2024\/05\/podcast-logo.png\" \/>\n\t<meta property=\"og:image:width\" content=\"600\" \/>\n\t<meta property=\"og:image:height\" content=\"400\" \/>\n\t<meta property=\"og:image:type\" content=\"image\/png\" \/>\n<meta name=\"author\" content=\"Carlos Cantor\" \/>\n<meta name=\"twitter:card\" content=\"summary_large_image\" \/>\n<meta name=\"twitter:label1\" content=\"Escrito por\" \/>\n\t<meta name=\"twitter:data1\" content=\"Carlos Cantor\" \/>\n\t<meta name=\"twitter:label2\" content=\"Tiempo de lectura\" \/>\n\t<meta name=\"twitter:data2\" content=\"1 minuto\" \/>\n<script type=\"application\/ld+json\" class=\"yoast-schema-graph\">{\"@context\":\"https:\/\/schema.org\",\"@graph\":[{\"@type\":\"Article\",\"@id\":\"https:\/\/biciurba.com\/index.php\/2024\/10\/24\/una-accion-que-afecta-a-la-sociedad-entera\/#article\",\"isPartOf\":{\"@id\":\"https:\/\/biciurba.com\/index.php\/2024\/10\/24\/una-accion-que-afecta-a-la-sociedad-entera\/\"},\"author\":{\"name\":\"Carlos Cantor\",\"@id\":\"https:\/\/biciurba.com\/#\/schema\/person\/d9675ddf29ee982d268db0a3f239eced\"},\"headline\":\"Una acci\u00f3n que afecta a la sociedad entera.\",\"datePublished\":\"2024-10-24T15:00:00+00:00\",\"dateModified\":\"2024-10-24T13:52:04+00:00\",\"mainEntityOfPage\":{\"@id\":\"https:\/\/biciurba.com\/index.php\/2024\/10\/24\/una-accion-que-afecta-a-la-sociedad-entera\/\"},\"wordCount\":95,\"commentCount\":0,\"publisher\":{\"@id\":\"https:\/\/biciurba.com\/#\/schema\/person\/d9675ddf29ee982d268db0a3f239eced\"},\"image\":{\"@id\":\"https:\/\/biciurba.com\/index.php\/2024\/10\/24\/una-accion-que-afecta-a-la-sociedad-entera\/#primaryimage\"},\"thumbnailUrl\":\"https:\/\/biciurba.com\/wp-content\/uploads\/2024\/05\/podcast-logo.png\",\"keywords\":[\"delitos carnales\",\"Enfermos mentales\",\"Ni\u00f1ez ultrajada\",\"Violencia sexual\"],\"articleSection\":[\"Podcast\"],\"inLanguage\":\"es\",\"potentialAction\":[{\"@type\":\"CommentAction\",\"name\":\"Comment\",\"target\":[\"https:\/\/biciurba.com\/index.php\/2024\/10\/24\/una-accion-que-afecta-a-la-sociedad-entera\/#respond\"]}]},{\"@type\":\"WebPage\",\"@id\":\"https:\/\/biciurba.com\/index.php\/2024\/10\/24\/una-accion-que-afecta-a-la-sociedad-entera\/\",\"url\":\"https:\/\/biciurba.com\/index.php\/2024\/10\/24\/una-accion-que-afecta-a-la-sociedad-entera\/\",\"name\":\"Una acci\u00f3n que afecta a la sociedad entera. - Biciurba\",\"isPartOf\":{\"@id\":\"https:\/\/biciurba.com\/#website\"},\"primaryImageOfPage\":{\"@id\":\"https:\/\/biciurba.com\/index.php\/2024\/10\/24\/una-accion-que-afecta-a-la-sociedad-entera\/#primaryimage\"},\"image\":{\"@id\":\"https:\/\/biciurba.com\/index.php\/2024\/10\/24\/una-accion-que-afecta-a-la-sociedad-entera\/#primaryimage\"},\"thumbnailUrl\":\"https:\/\/biciurba.com\/wp-content\/uploads\/2024\/05\/podcast-logo.png\",\"datePublished\":\"2024-10-24T15:00:00+00:00\",\"dateModified\":\"2024-10-24T13:52:04+00:00\",\"description\":\"Una investigaci\u00f3n acad\u00e9mica sobre la violencia sexual a menores de edad\",\"breadcrumb\":{\"@id\":\"https:\/\/biciurba.com\/index.php\/2024\/10\/24\/una-accion-que-afecta-a-la-sociedad-entera\/#breadcrumb\"},\"inLanguage\":\"es\",\"potentialAction\":[{\"@type\":\"ReadAction\",\"target\":[\"https:\/\/biciurba.com\/index.php\/2024\/10\/24\/una-accion-que-afecta-a-la-sociedad-entera\/\"]}]},{\"@type\":\"ImageObject\",\"inLanguage\":\"es\",\"@id\":\"https:\/\/biciurba.com\/index.php\/2024\/10\/24\/una-accion-que-afecta-a-la-sociedad-entera\/#primaryimage\",\"url\":\"https:\/\/biciurba.com\/wp-content\/uploads\/2024\/05\/podcast-logo.png\",\"contentUrl\":\"https:\/\/biciurba.com\/wp-content\/uploads\/2024\/05\/podcast-logo.png\",\"width\":600,\"height\":400},{\"@type\":\"BreadcrumbList\",\"@id\":\"https:\/\/biciurba.com\/index.php\/2024\/10\/24\/una-accion-que-afecta-a-la-sociedad-entera\/#breadcrumb\",\"itemListElement\":[{\"@type\":\"ListItem\",\"position\":1,\"name\":\"Portada\",\"item\":\"https:\/\/biciurba.com\/\"},{\"@type\":\"ListItem\",\"position\":2,\"name\":\"Una acci\u00f3n que afecta a la sociedad entera.\"}]},{\"@type\":\"WebSite\",\"@id\":\"https:\/\/biciurba.com\/#website\",\"url\":\"https:\/\/biciurba.com\/\",\"name\":\"Biciurba\",\"description\":\"Una mejor manera de vivir\",\"publisher\":{\"@id\":\"https:\/\/biciurba.com\/#\/schema\/person\/d9675ddf29ee982d268db0a3f239eced\"},\"potentialAction\":[{\"@type\":\"SearchAction\",\"target\":{\"@type\":\"EntryPoint\",\"urlTemplate\":\"https:\/\/biciurba.com\/?s={search_term_string}\"},\"query-input\":{\"@type\":\"PropertyValueSpecification\",\"valueRequired\":true,\"valueName\":\"search_term_string\"}}],\"inLanguage\":\"es\"},{\"@type\":[\"Person\",\"Organization\"],\"@id\":\"https:\/\/biciurba.com\/#\/schema\/person\/d9675ddf29ee982d268db0a3f239eced\",\"name\":\"Carlos Cantor\",\"image\":{\"@type\":\"ImageObject\",\"inLanguage\":\"es\",\"@id\":\"https:\/\/biciurba.com\/#\/schema\/person\/image\/\",\"url\":\"https:\/\/biciurba.com\/wp-content\/uploads\/2024\/04\/cropped-logo-1.png\",\"contentUrl\":\"https:\/\/biciurba.com\/wp-content\/uploads\/2024\/04\/cropped-logo-1.png\",\"width\":512,\"height\":318,\"caption\":\"Carlos Cantor\"},\"logo\":{\"@id\":\"https:\/\/biciurba.com\/#\/schema\/person\/image\/\"},\"sameAs\":[\"https:\/\/biciurba.com\"],\"url\":\"https:\/\/biciurba.com\/index.php\/author\/ccantor\/\"}]}<\/script>\n<!-- \/ Yoast SEO plugin. -->","yoast_head_json":{"title":"Una acci\u00f3n que afecta a la sociedad entera. - Biciurba","description":"Una investigaci\u00f3n acad\u00e9mica sobre la violencia sexual a menores de edad","robots":{"index":"index","follow":"follow","max-snippet":"max-snippet:-1","max-image-preview":"max-image-preview:large","max-video-preview":"max-video-preview:-1"},"canonical":"https:\/\/biciurba.com\/index.php\/2024\/10\/24\/una-accion-que-afecta-a-la-sociedad-entera\/","og_locale":"es_ES","og_type":"article","og_title":"Una acci\u00f3n que afecta a la sociedad entera. - Biciurba","og_description":"Una investigaci\u00f3n acad\u00e9mica sobre la violencia sexual a menores de edad","og_url":"https:\/\/biciurba.com\/index.php\/2024\/10\/24\/una-accion-que-afecta-a-la-sociedad-entera\/","og_site_name":"Biciurba","article_published_time":"2024-10-24T15:00:00+00:00","article_modified_time":"2024-10-24T13:52:04+00:00","og_image":[{"width":600,"height":400,"url":"https:\/\/biciurba.com\/wp-content\/uploads\/2024\/05\/podcast-logo.png","type":"image\/png"}],"author":"Carlos Cantor","twitter_card":"summary_large_image","twitter_misc":{"Escrito por":"Carlos Cantor","Tiempo de lectura":"1 minuto"},"schema":{"@context":"https:\/\/schema.org","@graph":[{"@type":"Article","@id":"https:\/\/biciurba.com\/index.php\/2024\/10\/24\/una-accion-que-afecta-a-la-sociedad-entera\/#article","isPartOf":{"@id":"https:\/\/biciurba.com\/index.php\/2024\/10\/24\/una-accion-que-afecta-a-la-sociedad-entera\/"},"author":{"name":"Carlos Cantor","@id":"https:\/\/biciurba.com\/#\/schema\/person\/d9675ddf29ee982d268db0a3f239eced"},"headline":"Una acci\u00f3n que afecta a la sociedad entera.","datePublished":"2024-10-24T15:00:00+00:00","dateModified":"2024-10-24T13:52:04+00:00","mainEntityOfPage":{"@id":"https:\/\/biciurba.com\/index.php\/2024\/10\/24\/una-accion-que-afecta-a-la-sociedad-entera\/"},"wordCount":95,"commentCount":0,"publisher":{"@id":"https:\/\/biciurba.com\/#\/schema\/person\/d9675ddf29ee982d268db0a3f239eced"},"image":{"@id":"https:\/\/biciurba.com\/index.php\/2024\/10\/24\/una-accion-que-afecta-a-la-sociedad-entera\/#primaryimage"},"thumbnailUrl":"https:\/\/biciurba.com\/wp-content\/uploads\/2024\/05\/podcast-logo.png","keywords":["delitos carnales","Enfermos mentales","Ni\u00f1ez ultrajada","Violencia sexual"],"articleSection":["Podcast"],"inLanguage":"es","potentialAction":[{"@type":"CommentAction","name":"Comment","target":["https:\/\/biciurba.com\/index.php\/2024\/10\/24\/una-accion-que-afecta-a-la-sociedad-entera\/#respond"]}]},{"@type":"WebPage","@id":"https:\/\/biciurba.com\/index.php\/2024\/10\/24\/una-accion-que-afecta-a-la-sociedad-entera\/","url":"https:\/\/biciurba.com\/index.php\/2024\/10\/24\/una-accion-que-afecta-a-la-sociedad-entera\/","name":"Una acci\u00f3n que afecta a la sociedad entera. - Biciurba","isPartOf":{"@id":"https:\/\/biciurba.com\/#website"},"primaryImageOfPage":{"@id":"https:\/\/biciurba.com\/index.php\/2024\/10\/24\/una-accion-que-afecta-a-la-sociedad-entera\/#primaryimage"},"image":{"@id":"https:\/\/biciurba.com\/index.php\/2024\/10\/24\/una-accion-que-afecta-a-la-sociedad-entera\/#primaryimage"},"thumbnailUrl":"https:\/\/biciurba.com\/wp-content\/uploads\/2024\/05\/podcast-logo.png","datePublished":"2024-10-24T15:00:00+00:00","dateModified":"2024-10-24T13:52:04+00:00","description":"Una investigaci\u00f3n acad\u00e9mica sobre la violencia sexual a menores de edad","breadcrumb":{"@id":"https:\/\/biciurba.com\/index.php\/2024\/10\/24\/una-accion-que-afecta-a-la-sociedad-entera\/#breadcrumb"},"inLanguage":"es","potentialAction":[{"@type":"ReadAction","target":["https:\/\/biciurba.com\/index.php\/2024\/10\/24\/una-accion-que-afecta-a-la-sociedad-entera\/"]}]},{"@type":"ImageObject","inLanguage":"es","@id":"https:\/\/biciurba.com\/index.php\/2024\/10\/24\/una-accion-que-afecta-a-la-sociedad-entera\/#primaryimage","url":"https:\/\/biciurba.com\/wp-content\/uploads\/2024\/05\/podcast-logo.png","contentUrl":"https:\/\/biciurba.com\/wp-content\/uploads\/2024\/05\/podcast-logo.png","width":600,"height":400},{"@type":"BreadcrumbList","@id":"https:\/\/biciurba.com\/index.php\/2024\/10\/24\/una-accion-que-afecta-a-la-sociedad-entera\/#breadcrumb","itemListElement":[{"@type":"ListItem","position":1,"name":"Portada","item":"https:\/\/biciurba.com\/"},{"@type":"ListItem","position":2,"name":"Una acci\u00f3n que afecta a la sociedad entera."}]},{"@type":"WebSite","@id":"https:\/\/biciurba.com\/#website","url":"https:\/\/biciurba.com\/","name":"Biciurba","description":"Una mejor manera de vivir","publisher":{"@id":"https:\/\/biciurba.com\/#\/schema\/person\/d9675ddf29ee982d268db0a3f239eced"},"potentialAction":[{"@type":"SearchAction","target":{"@type":"EntryPoint","urlTemplate":"https:\/\/biciurba.com\/?s={search_term_string}"},"query-input":{"@type":"PropertyValueSpecification","valueRequired":true,"valueName":"search_term_string"}}],"inLanguage":"es"},{"@type":["Person","Organization"],"@id":"https:\/\/biciurba.com\/#\/schema\/person\/d9675ddf29ee982d268db0a3f239eced","name":"Carlos Cantor","image":{"@type":"ImageObject","inLanguage":"es","@id":"https:\/\/biciurba.com\/#\/schema\/person\/image\/","url":"https:\/\/biciurba.com\/wp-content\/uploads\/2024\/04\/cropped-logo-1.png","contentUrl":"https:\/\/biciurba.com\/wp-content\/uploads\/2024\/04\/cropped-logo-1.png","width":512,"height":318,"caption":"Carlos Cantor"},"logo":{"@id":"https:\/\/biciurba.com\/#\/schema\/person\/image\/"},"sameAs":["https:\/\/biciurba.com"],"url":"https:\/\/biciurba.com\/index.php\/author\/ccantor\/"}]}},"_links":{"self":[{"href":"https:\/\/biciurba.com\/index.php\/wp-json\/wp\/v2\/posts\/1277"}],"collection":[{"href":"https:\/\/biciurba.com\/index.php\/wp-json\/wp\/v2\/posts"}],"about":[{"href":"https:\/\/biciurba.com\/index.php\/wp-json\/wp\/v2\/types\/post"}],"author":[{"embeddable":true,"href":"https:\/\/biciurba.com\/index.php\/wp-json\/wp\/v2\/users\/1"}],"replies":[{"embeddable":true,"href":"https:\/\/biciurba.com\/index.php\/wp-json\/wp\/v2\/comments?post=1277"}],"version-history":[{"count":1,"href":"https:\/\/biciurba.com\/index.php\/wp-json\/wp\/v2\/posts\/1277\/revisions"}],"predecessor-version":[{"id":1278,"href":"https:\/\/biciurba.com\/index.php\/wp-json\/wp\/v2\/posts\/1277\/revisions\/1278"}],"wp:featuredmedia":[{"embeddable":true,"href":"https:\/\/biciurba.com\/index.php\/wp-json\/wp\/v2\/media\/542"}],"wp:attachment":[{"href":"https:\/\/biciurba.com\/index.php\/wp-json\/wp\/v2\/media?parent=1277"}],"wp:term":[{"taxonomy":"category","embeddable":true,"href":"https:\/\/biciurba.com\/index.php\/wp-json\/wp\/v2\/categories?post=1277"},{"taxonomy":"post_tag","embeddable":true,"href":"https:\/\/biciurba.com\/index.php\/wp-json\/wp\/v2\/tags?post=1277"}],"curies":[{"name":"wp","href":"https:\/\/api.w.org\/{rel}","templated":true}]}}