{"id":1281,"date":"2024-10-25T10:00:00","date_gmt":"2024-10-25T15:00:00","guid":{"rendered":"https:\/\/biciurba.com\/?p=1281"},"modified":"2024-10-25T07:25:08","modified_gmt":"2024-10-25T12:25:08","slug":"pnuma-las-emisiones-anuales-de-gases-de-efecto-invernadero-estan-en-su-punto-mas-alto","status":"publish","type":"post","link":"https:\/\/biciurba.com\/index.php\/2024\/10\/25\/pnuma-las-emisiones-anuales-de-gases-de-efecto-invernadero-estan-en-su-punto-mas-alto\/","title":{"rendered":"PNUMA \u00abLas emisiones anuales de gases de efecto invernadero est\u00e1n en su punto m\u00e1s alto\u00bb"},"content":{"rendered":"\n<p>Las emisiones anuales de gases de efecto invernadero est\u00e1n en su punto m\u00e1s alto, con un aumento del 1,3% el a\u00f1o pasado. Las emisiones deber\u00edan disminuir un 9% cada a\u00f1o hasta 2030 para limitar el aumento de la temperatura global a 1,5 grados cent\u00edgrados y evitar lo peor del cambio clim\u00e1tico, pero las pol\u00edticas actuales nos encaminan hacia un catastr\u00f3fico aumento de la temperatura de 3,1 grados cent\u00edgrados a finales de siglo. \u00abHa llegado la hora de la verdad\u00bb, declar\u00f3 Inger Andersen, directora ejecutiva del Programa de las Naciones Unidas para el Medio Ambiente (PNUMA).<\/p>\n\n\n\n<p>\u00abNecesitamos una movilizaci\u00f3n mundial a una escala y a un ritmo nunca vistos, empezando ahora mismo, antes de la pr\u00f3xima ronda de compromisos clim\u00e1ticos\u00bb, de lo contrario, advirti\u00f3, el objetivo de mantener la temperatura media de la tierra 1,5 grados cent\u00edgrados por encima de la era preindustrial para frenar el aumento de las temperaturas fijado en el Acuerdo de Par\u00eds sobre el cambio clim\u00e1tico \u00abpronto estar\u00e1 muerto, y muy el aumento de 2 grados cent\u00edgrados ocupar\u00e1 su lugar en la unidad de cuidados intensivos\u00bb.<\/p>\n\n\n\n<p>Presentado en la conferencia mundial sobre biodiversidad COP16 en Cali , el informe rastrea la brecha entre las emisiones globales que se proyectan y las que deber\u00edan producirse para limitar el calentamiento a los 1,5 grados, ese objetivo desaparecer\u00e1 en pocos a\u00f1os a menos que las naciones se comprometen colectivamente a reducir el 42% de las emisiones anuales de gases de efecto invernadero para 2030 y el 57% para 2035 en sus planes nacionales.<\/p>\n\n\n\n<p>Esos planes esbozan medidas para reducir las emisiones y adaptarse a los impactos clim\u00e1ticos, desde sequ\u00edas, inundaciones y fen\u00f3menos meteorol\u00f3gicos extremos, asegurando los fondos necesarios y actualizando los objetivos cada cinco a\u00f1os. La pr\u00f3xima ronda para adquirir nuevos compromisos nacionales ser\u00e1 a principios de 2025, antes de las conversaciones sobre el clima de la COP30 en Brasil.<\/p>\n\n\n\n<p>Si no se reducen dr\u00e1sticamente las emisiones de gases de efecto invernadero, el mundo podr\u00eda enfrentarse a un inevitable y catastr\u00f3fico aumento de la temperatura de 3,1 grados, seg\u00fan el informe, que llega en un momento en que los gobiernos no est\u00e1n cumpliendo plenamente sus promesas.<\/p>\n\n\n\n<p>El Secretario General de la ONU, Ant\u00f3nio Guterres, afirm\u00f3 que existe una relaci\u00f3n directa entre el aumento de las emisiones y los desastres clim\u00e1ticos cada vez m\u00e1s frecuentes e intensos. \u00abNos estamos tambaleando sobre una cuerda floja planetaria\u00bb, advirti\u00f3 en un mensaje de v\u00eddeo, dado a conocer tras el informe anual. \u00abO los l\u00edderes colman la brecha de emisiones o nos lanzamos de cabeza a un desastre clim\u00e1tico, en el que los m\u00e1s pobres y vulnerables ser\u00e1n los que m\u00e1s sufran\u00bb.<\/p>\n\n\n\n<p>La Conferencia de las Naciones Unidas sobre el Cambio Clim\u00e1tico (COP29), que comenzar\u00e1 en noviembre en Bak\u00fa (Azerbaiy\u00e1n), deber\u00eda servir de plataforma de lanzamiento para un debate detallado de estos nuevos y ambiciosos planes nacionales, afirm\u00f3, se\u00f1alando que el evento \u00abpone en marcha el reloj para que los pa\u00edses presenten nuevos planes nacionales de acci\u00f3n clim\u00e1tica antes del a\u00f1o que viene\u00bb. Esto significa que deben reducir todas las emisiones de gases de efecto invernadero abarcando toda la econom\u00eda, impulsando el progreso en todos los sectores, dijo, instando a las econom\u00edas m\u00e1s grandes, los miembros del G20 responsables de alrededor del 80% de todas las emisiones, a liderar este proceso.<\/p>\n\n\n\n<p>El informe muestra un potencial significativo para reducir las emisiones en hasta 31 gigatoneladas de CO\u2082 para 2030, lo que se traduce en alrededor del 52% de las emisiones registradas en 2023, y en 41 gigatoneladas para 2035, ayudando a cumplir el objetivo de 1,5 para ambos a\u00f1os. Impulsar el uso de la energ\u00eda solar fotovoltaica y e\u00f3lica podr\u00eda contribuir al 27% de la reducci\u00f3n total en 2030 y al 38% en 2035. Adem\u00e1s, la conservaci\u00f3n de los bosques podr\u00eda aportar alrededor del 20% de las reducciones necesarias en ambos a\u00f1os. Otras estrategias eficaces son la mejora de la eficiencia energ\u00e9tica, la electrificaci\u00f3n de diversos sectores y la transici\u00f3n desde los combustibles f\u00f3siles en los edificios, el transporte y la industria.<\/p>\n\n\n\n<p>Sin embargo, el informe afirma que para hacer realidad incluso una fracci\u00f3n de este potencial ser\u00e1 necesaria una cooperaci\u00f3n internacional sin precedentes y un planteamiento global por parte de los gobiernos, centrado en maximizar los beneficios socioecon\u00f3micos y medioambientales minimizando las compensaciones.<\/p>\n\n\n\n<p>Fuente: PNUMA &#8211; ONU . COP16<\/p>\n\n\n\n<p><\/p>\n","protected":false},"excerpt":{"rendered":"<p>Las emisiones anuales de gases de efecto invernadero est\u00e1n en su punto m\u00e1s alto, con un aumento del 1,3% el a\u00f1o pasado. Las emisiones deber\u00edan disminuir un 9% cada a\u00f1o hasta 2030 para limitar el aumento de la temperatura global a 1,5 grados cent\u00edgrados y evitar lo peor del cambio clim\u00e1tico, pero las pol\u00edticas actuales [&hellip;]<\/p>\n","protected":false},"author":1,"featured_media":1282,"comment_status":"open","ping_status":"open","sticky":false,"template":"","format":"standard","meta":{"footnotes":""},"categories":[95,52],"tags":[],"class_list":["post-1281","post","type-post","status-publish","format-standard","has-post-thumbnail","hentry","category-crisis-climatica","category-noticias"],"yoast_head":"<!-- This site is optimized with the Yoast SEO plugin v23.9 - https:\/\/yoast.com\/wordpress\/plugins\/seo\/ -->\n<title>PNUMA &quot;Las emisiones anuales de gases de efecto invernadero est\u00e1n en su punto m\u00e1s alto&quot; - Biciurba<\/title>\n<meta name=\"robots\" content=\"index, follow, max-snippet:-1, max-image-preview:large, max-video-preview:-1\" \/>\n<link rel=\"canonical\" href=\"https:\/\/biciurba.com\/index.php\/2024\/10\/25\/pnuma-las-emisiones-anuales-de-gases-de-efecto-invernadero-estan-en-su-punto-mas-alto\/\" \/>\n<meta property=\"og:locale\" content=\"es_ES\" \/>\n<meta property=\"og:type\" content=\"article\" \/>\n<meta property=\"og:title\" content=\"PNUMA &quot;Las emisiones anuales de gases de efecto invernadero est\u00e1n en su punto m\u00e1s alto&quot; - Biciurba\" \/>\n<meta property=\"og:description\" content=\"Las emisiones anuales de gases de efecto invernadero est\u00e1n en su punto m\u00e1s alto, con un aumento del 1,3% el a\u00f1o pasado. Las emisiones deber\u00edan disminuir un 9% cada a\u00f1o hasta 2030 para limitar el aumento de la temperatura global a 1,5 grados cent\u00edgrados y evitar lo peor del cambio clim\u00e1tico, pero las pol\u00edticas actuales [&hellip;]\" \/>\n<meta property=\"og:url\" content=\"https:\/\/biciurba.com\/index.php\/2024\/10\/25\/pnuma-las-emisiones-anuales-de-gases-de-efecto-invernadero-estan-en-su-punto-mas-alto\/\" \/>\n<meta property=\"og:site_name\" content=\"Biciurba\" \/>\n<meta property=\"article:published_time\" content=\"2024-10-25T15:00:00+00:00\" \/>\n<meta property=\"article:modified_time\" content=\"2024-10-25T12:25:08+00:00\" \/>\n<meta property=\"og:image\" content=\"https:\/\/biciurba.com\/wp-content\/uploads\/2024\/10\/energias-verdes.png\" \/>\n\t<meta property=\"og:image:width\" content=\"606\" \/>\n\t<meta property=\"og:image:height\" content=\"404\" \/>\n\t<meta property=\"og:image:type\" content=\"image\/png\" \/>\n<meta name=\"author\" content=\"Carlos Cantor\" \/>\n<meta name=\"twitter:card\" content=\"summary_large_image\" \/>\n<meta name=\"twitter:label1\" content=\"Escrito por\" \/>\n\t<meta name=\"twitter:data1\" content=\"Carlos Cantor\" \/>\n\t<meta name=\"twitter:label2\" content=\"Tiempo de lectura\" \/>\n\t<meta name=\"twitter:data2\" content=\"4 minutos\" \/>\n<script type=\"application\/ld+json\" class=\"yoast-schema-graph\">{\"@context\":\"https:\/\/schema.org\",\"@graph\":[{\"@type\":\"Article\",\"@id\":\"https:\/\/biciurba.com\/index.php\/2024\/10\/25\/pnuma-las-emisiones-anuales-de-gases-de-efecto-invernadero-estan-en-su-punto-mas-alto\/#article\",\"isPartOf\":{\"@id\":\"https:\/\/biciurba.com\/index.php\/2024\/10\/25\/pnuma-las-emisiones-anuales-de-gases-de-efecto-invernadero-estan-en-su-punto-mas-alto\/\"},\"author\":{\"name\":\"Carlos Cantor\",\"@id\":\"https:\/\/biciurba.com\/#\/schema\/person\/d9675ddf29ee982d268db0a3f239eced\"},\"headline\":\"PNUMA \u00abLas emisiones anuales de gases de efecto invernadero est\u00e1n en su punto m\u00e1s alto\u00bb\",\"datePublished\":\"2024-10-25T15:00:00+00:00\",\"dateModified\":\"2024-10-25T12:25:08+00:00\",\"mainEntityOfPage\":{\"@id\":\"https:\/\/biciurba.com\/index.php\/2024\/10\/25\/pnuma-las-emisiones-anuales-de-gases-de-efecto-invernadero-estan-en-su-punto-mas-alto\/\"},\"wordCount\":770,\"commentCount\":0,\"publisher\":{\"@id\":\"https:\/\/biciurba.com\/#\/schema\/person\/d9675ddf29ee982d268db0a3f239eced\"},\"image\":{\"@id\":\"https:\/\/biciurba.com\/index.php\/2024\/10\/25\/pnuma-las-emisiones-anuales-de-gases-de-efecto-invernadero-estan-en-su-punto-mas-alto\/#primaryimage\"},\"thumbnailUrl\":\"https:\/\/biciurba.com\/wp-content\/uploads\/2024\/10\/energias-verdes.png\",\"articleSection\":[\"Crisis clim\u00e1tica\",\"Noticias\"],\"inLanguage\":\"es\",\"potentialAction\":[{\"@type\":\"CommentAction\",\"name\":\"Comment\",\"target\":[\"https:\/\/biciurba.com\/index.php\/2024\/10\/25\/pnuma-las-emisiones-anuales-de-gases-de-efecto-invernadero-estan-en-su-punto-mas-alto\/#respond\"]}]},{\"@type\":\"WebPage\",\"@id\":\"https:\/\/biciurba.com\/index.php\/2024\/10\/25\/pnuma-las-emisiones-anuales-de-gases-de-efecto-invernadero-estan-en-su-punto-mas-alto\/\",\"url\":\"https:\/\/biciurba.com\/index.php\/2024\/10\/25\/pnuma-las-emisiones-anuales-de-gases-de-efecto-invernadero-estan-en-su-punto-mas-alto\/\",\"name\":\"PNUMA \\\"Las emisiones anuales de gases de efecto invernadero est\u00e1n en su punto m\u00e1s alto\\\" - Biciurba\",\"isPartOf\":{\"@id\":\"https:\/\/biciurba.com\/#website\"},\"primaryImageOfPage\":{\"@id\":\"https:\/\/biciurba.com\/index.php\/2024\/10\/25\/pnuma-las-emisiones-anuales-de-gases-de-efecto-invernadero-estan-en-su-punto-mas-alto\/#primaryimage\"},\"image\":{\"@id\":\"https:\/\/biciurba.com\/index.php\/2024\/10\/25\/pnuma-las-emisiones-anuales-de-gases-de-efecto-invernadero-estan-en-su-punto-mas-alto\/#primaryimage\"},\"thumbnailUrl\":\"https:\/\/biciurba.com\/wp-content\/uploads\/2024\/10\/energias-verdes.png\",\"datePublished\":\"2024-10-25T15:00:00+00:00\",\"dateModified\":\"2024-10-25T12:25:08+00:00\",\"breadcrumb\":{\"@id\":\"https:\/\/biciurba.com\/index.php\/2024\/10\/25\/pnuma-las-emisiones-anuales-de-gases-de-efecto-invernadero-estan-en-su-punto-mas-alto\/#breadcrumb\"},\"inLanguage\":\"es\",\"potentialAction\":[{\"@type\":\"ReadAction\",\"target\":[\"https:\/\/biciurba.com\/index.php\/2024\/10\/25\/pnuma-las-emisiones-anuales-de-gases-de-efecto-invernadero-estan-en-su-punto-mas-alto\/\"]}]},{\"@type\":\"ImageObject\",\"inLanguage\":\"es\",\"@id\":\"https:\/\/biciurba.com\/index.php\/2024\/10\/25\/pnuma-las-emisiones-anuales-de-gases-de-efecto-invernadero-estan-en-su-punto-mas-alto\/#primaryimage\",\"url\":\"https:\/\/biciurba.com\/wp-content\/uploads\/2024\/10\/energias-verdes.png\",\"contentUrl\":\"https:\/\/biciurba.com\/wp-content\/uploads\/2024\/10\/energias-verdes.png\",\"width\":606,\"height\":404,\"caption\":\"Las pol\u00edticas actuales nos encaminan hacia un catastr\u00f3fico aumento de la temperatura media del planetea de 3,1 grados cent\u00edgrados a finales de siglo, muy por encima del calentamiento de 1,5 grados pactado en el Acuerdo de Par\u00eds.\"},{\"@type\":\"BreadcrumbList\",\"@id\":\"https:\/\/biciurba.com\/index.php\/2024\/10\/25\/pnuma-las-emisiones-anuales-de-gases-de-efecto-invernadero-estan-en-su-punto-mas-alto\/#breadcrumb\",\"itemListElement\":[{\"@type\":\"ListItem\",\"position\":1,\"name\":\"Portada\",\"item\":\"https:\/\/biciurba.com\/\"},{\"@type\":\"ListItem\",\"position\":2,\"name\":\"PNUMA \u00abLas emisiones anuales de gases de efecto invernadero est\u00e1n en su punto m\u00e1s alto\u00bb\"}]},{\"@type\":\"WebSite\",\"@id\":\"https:\/\/biciurba.com\/#website\",\"url\":\"https:\/\/biciurba.com\/\",\"name\":\"Biciurba\",\"description\":\"Una mejor manera de vivir\",\"publisher\":{\"@id\":\"https:\/\/biciurba.com\/#\/schema\/person\/d9675ddf29ee982d268db0a3f239eced\"},\"potentialAction\":[{\"@type\":\"SearchAction\",\"target\":{\"@type\":\"EntryPoint\",\"urlTemplate\":\"https:\/\/biciurba.com\/?s={search_term_string}\"},\"query-input\":{\"@type\":\"PropertyValueSpecification\",\"valueRequired\":true,\"valueName\":\"search_term_string\"}}],\"inLanguage\":\"es\"},{\"@type\":[\"Person\",\"Organization\"],\"@id\":\"https:\/\/biciurba.com\/#\/schema\/person\/d9675ddf29ee982d268db0a3f239eced\",\"name\":\"Carlos Cantor\",\"image\":{\"@type\":\"ImageObject\",\"inLanguage\":\"es\",\"@id\":\"https:\/\/biciurba.com\/#\/schema\/person\/image\/\",\"url\":\"https:\/\/biciurba.com\/wp-content\/uploads\/2024\/04\/cropped-logo-1.png\",\"contentUrl\":\"https:\/\/biciurba.com\/wp-content\/uploads\/2024\/04\/cropped-logo-1.png\",\"width\":512,\"height\":318,\"caption\":\"Carlos Cantor\"},\"logo\":{\"@id\":\"https:\/\/biciurba.com\/#\/schema\/person\/image\/\"},\"sameAs\":[\"https:\/\/biciurba.com\"],\"url\":\"https:\/\/biciurba.com\/index.php\/author\/ccantor\/\"}]}<\/script>\n<!-- \/ Yoast SEO plugin. -->","yoast_head_json":{"title":"PNUMA \"Las emisiones anuales de gases de efecto invernadero est\u00e1n en su punto m\u00e1s alto\" - Biciurba","robots":{"index":"index","follow":"follow","max-snippet":"max-snippet:-1","max-image-preview":"max-image-preview:large","max-video-preview":"max-video-preview:-1"},"canonical":"https:\/\/biciurba.com\/index.php\/2024\/10\/25\/pnuma-las-emisiones-anuales-de-gases-de-efecto-invernadero-estan-en-su-punto-mas-alto\/","og_locale":"es_ES","og_type":"article","og_title":"PNUMA \"Las emisiones anuales de gases de efecto invernadero est\u00e1n en su punto m\u00e1s alto\" - Biciurba","og_description":"Las emisiones anuales de gases de efecto invernadero est\u00e1n en su punto m\u00e1s alto, con un aumento del 1,3% el a\u00f1o pasado. Las emisiones deber\u00edan disminuir un 9% cada a\u00f1o hasta 2030 para limitar el aumento de la temperatura global a 1,5 grados cent\u00edgrados y evitar lo peor del cambio clim\u00e1tico, pero las pol\u00edticas actuales [&hellip;]","og_url":"https:\/\/biciurba.com\/index.php\/2024\/10\/25\/pnuma-las-emisiones-anuales-de-gases-de-efecto-invernadero-estan-en-su-punto-mas-alto\/","og_site_name":"Biciurba","article_published_time":"2024-10-25T15:00:00+00:00","article_modified_time":"2024-10-25T12:25:08+00:00","og_image":[{"width":606,"height":404,"url":"https:\/\/biciurba.com\/wp-content\/uploads\/2024\/10\/energias-verdes.png","type":"image\/png"}],"author":"Carlos Cantor","twitter_card":"summary_large_image","twitter_misc":{"Escrito por":"Carlos Cantor","Tiempo de lectura":"4 minutos"},"schema":{"@context":"https:\/\/schema.org","@graph":[{"@type":"Article","@id":"https:\/\/biciurba.com\/index.php\/2024\/10\/25\/pnuma-las-emisiones-anuales-de-gases-de-efecto-invernadero-estan-en-su-punto-mas-alto\/#article","isPartOf":{"@id":"https:\/\/biciurba.com\/index.php\/2024\/10\/25\/pnuma-las-emisiones-anuales-de-gases-de-efecto-invernadero-estan-en-su-punto-mas-alto\/"},"author":{"name":"Carlos Cantor","@id":"https:\/\/biciurba.com\/#\/schema\/person\/d9675ddf29ee982d268db0a3f239eced"},"headline":"PNUMA \u00abLas emisiones anuales de gases de efecto invernadero est\u00e1n en su punto m\u00e1s alto\u00bb","datePublished":"2024-10-25T15:00:00+00:00","dateModified":"2024-10-25T12:25:08+00:00","mainEntityOfPage":{"@id":"https:\/\/biciurba.com\/index.php\/2024\/10\/25\/pnuma-las-emisiones-anuales-de-gases-de-efecto-invernadero-estan-en-su-punto-mas-alto\/"},"wordCount":770,"commentCount":0,"publisher":{"@id":"https:\/\/biciurba.com\/#\/schema\/person\/d9675ddf29ee982d268db0a3f239eced"},"image":{"@id":"https:\/\/biciurba.com\/index.php\/2024\/10\/25\/pnuma-las-emisiones-anuales-de-gases-de-efecto-invernadero-estan-en-su-punto-mas-alto\/#primaryimage"},"thumbnailUrl":"https:\/\/biciurba.com\/wp-content\/uploads\/2024\/10\/energias-verdes.png","articleSection":["Crisis clim\u00e1tica","Noticias"],"inLanguage":"es","potentialAction":[{"@type":"CommentAction","name":"Comment","target":["https:\/\/biciurba.com\/index.php\/2024\/10\/25\/pnuma-las-emisiones-anuales-de-gases-de-efecto-invernadero-estan-en-su-punto-mas-alto\/#respond"]}]},{"@type":"WebPage","@id":"https:\/\/biciurba.com\/index.php\/2024\/10\/25\/pnuma-las-emisiones-anuales-de-gases-de-efecto-invernadero-estan-en-su-punto-mas-alto\/","url":"https:\/\/biciurba.com\/index.php\/2024\/10\/25\/pnuma-las-emisiones-anuales-de-gases-de-efecto-invernadero-estan-en-su-punto-mas-alto\/","name":"PNUMA \"Las emisiones anuales de gases de efecto invernadero est\u00e1n en su punto m\u00e1s alto\" - Biciurba","isPartOf":{"@id":"https:\/\/biciurba.com\/#website"},"primaryImageOfPage":{"@id":"https:\/\/biciurba.com\/index.php\/2024\/10\/25\/pnuma-las-emisiones-anuales-de-gases-de-efecto-invernadero-estan-en-su-punto-mas-alto\/#primaryimage"},"image":{"@id":"https:\/\/biciurba.com\/index.php\/2024\/10\/25\/pnuma-las-emisiones-anuales-de-gases-de-efecto-invernadero-estan-en-su-punto-mas-alto\/#primaryimage"},"thumbnailUrl":"https:\/\/biciurba.com\/wp-content\/uploads\/2024\/10\/energias-verdes.png","datePublished":"2024-10-25T15:00:00+00:00","dateModified":"2024-10-25T12:25:08+00:00","breadcrumb":{"@id":"https:\/\/biciurba.com\/index.php\/2024\/10\/25\/pnuma-las-emisiones-anuales-de-gases-de-efecto-invernadero-estan-en-su-punto-mas-alto\/#breadcrumb"},"inLanguage":"es","potentialAction":[{"@type":"ReadAction","target":["https:\/\/biciurba.com\/index.php\/2024\/10\/25\/pnuma-las-emisiones-anuales-de-gases-de-efecto-invernadero-estan-en-su-punto-mas-alto\/"]}]},{"@type":"ImageObject","inLanguage":"es","@id":"https:\/\/biciurba.com\/index.php\/2024\/10\/25\/pnuma-las-emisiones-anuales-de-gases-de-efecto-invernadero-estan-en-su-punto-mas-alto\/#primaryimage","url":"https:\/\/biciurba.com\/wp-content\/uploads\/2024\/10\/energias-verdes.png","contentUrl":"https:\/\/biciurba.com\/wp-content\/uploads\/2024\/10\/energias-verdes.png","width":606,"height":404,"caption":"Las pol\u00edticas actuales nos encaminan hacia un catastr\u00f3fico aumento de la temperatura media del planetea de 3,1 grados cent\u00edgrados a finales de siglo, muy por encima del calentamiento de 1,5 grados pactado en el Acuerdo de Par\u00eds."},{"@type":"BreadcrumbList","@id":"https:\/\/biciurba.com\/index.php\/2024\/10\/25\/pnuma-las-emisiones-anuales-de-gases-de-efecto-invernadero-estan-en-su-punto-mas-alto\/#breadcrumb","itemListElement":[{"@type":"ListItem","position":1,"name":"Portada","item":"https:\/\/biciurba.com\/"},{"@type":"ListItem","position":2,"name":"PNUMA \u00abLas emisiones anuales de gases de efecto invernadero est\u00e1n en su punto m\u00e1s alto\u00bb"}]},{"@type":"WebSite","@id":"https:\/\/biciurba.com\/#website","url":"https:\/\/biciurba.com\/","name":"Biciurba","description":"Una mejor manera de vivir","publisher":{"@id":"https:\/\/biciurba.com\/#\/schema\/person\/d9675ddf29ee982d268db0a3f239eced"},"potentialAction":[{"@type":"SearchAction","target":{"@type":"EntryPoint","urlTemplate":"https:\/\/biciurba.com\/?s={search_term_string}"},"query-input":{"@type":"PropertyValueSpecification","valueRequired":true,"valueName":"search_term_string"}}],"inLanguage":"es"},{"@type":["Person","Organization"],"@id":"https:\/\/biciurba.com\/#\/schema\/person\/d9675ddf29ee982d268db0a3f239eced","name":"Carlos Cantor","image":{"@type":"ImageObject","inLanguage":"es","@id":"https:\/\/biciurba.com\/#\/schema\/person\/image\/","url":"https:\/\/biciurba.com\/wp-content\/uploads\/2024\/04\/cropped-logo-1.png","contentUrl":"https:\/\/biciurba.com\/wp-content\/uploads\/2024\/04\/cropped-logo-1.png","width":512,"height":318,"caption":"Carlos Cantor"},"logo":{"@id":"https:\/\/biciurba.com\/#\/schema\/person\/image\/"},"sameAs":["https:\/\/biciurba.com"],"url":"https:\/\/biciurba.com\/index.php\/author\/ccantor\/"}]}},"_links":{"self":[{"href":"https:\/\/biciurba.com\/index.php\/wp-json\/wp\/v2\/posts\/1281"}],"collection":[{"href":"https:\/\/biciurba.com\/index.php\/wp-json\/wp\/v2\/posts"}],"about":[{"href":"https:\/\/biciurba.com\/index.php\/wp-json\/wp\/v2\/types\/post"}],"author":[{"embeddable":true,"href":"https:\/\/biciurba.com\/index.php\/wp-json\/wp\/v2\/users\/1"}],"replies":[{"embeddable":true,"href":"https:\/\/biciurba.com\/index.php\/wp-json\/wp\/v2\/comments?post=1281"}],"version-history":[{"count":1,"href":"https:\/\/biciurba.com\/index.php\/wp-json\/wp\/v2\/posts\/1281\/revisions"}],"predecessor-version":[{"id":1283,"href":"https:\/\/biciurba.com\/index.php\/wp-json\/wp\/v2\/posts\/1281\/revisions\/1283"}],"wp:featuredmedia":[{"embeddable":true,"href":"https:\/\/biciurba.com\/index.php\/wp-json\/wp\/v2\/media\/1282"}],"wp:attachment":[{"href":"https:\/\/biciurba.com\/index.php\/wp-json\/wp\/v2\/media?parent=1281"}],"wp:term":[{"taxonomy":"category","embeddable":true,"href":"https:\/\/biciurba.com\/index.php\/wp-json\/wp\/v2\/categories?post=1281"},{"taxonomy":"post_tag","embeddable":true,"href":"https:\/\/biciurba.com\/index.php\/wp-json\/wp\/v2\/tags?post=1281"}],"curies":[{"name":"wp","href":"https:\/\/api.w.org\/{rel}","templated":true}]}}