{"id":1290,"date":"2024-10-29T10:00:00","date_gmt":"2024-10-29T15:00:00","guid":{"rendered":"https:\/\/biciurba.com\/?p=1290"},"modified":"2024-10-29T09:40:59","modified_gmt":"2024-10-29T14:40:59","slug":"una-carrera-contra-el-tiempo-para-salvar-el-cerebro","status":"publish","type":"post","link":"https:\/\/biciurba.com\/index.php\/2024\/10\/29\/una-carrera-contra-el-tiempo-para-salvar-el-cerebro\/","title":{"rendered":"Una carrera contra el tiempo para salvar el cerebro"},"content":{"rendered":"\n<p>En el D\u00eda Mundial del Ataque Cerebrovascular, organizaciones de salud, expertos m\u00e9dicos, y asociaciones nacionales unen fuerzas para crear conciencia sobre la importancia de reconocer, tratar y prevenir esta condici\u00f3n. En Colombia, se registran aproximadamente 43.000 casos al a\u00f1o, con un saldo estimado de 16.000 muertes, siendo la segunda causa de muerte en el pa\u00eds. <\/p>\n\n\n\n<p>Por tanto, es importante recordar que cada minuto cuenta y actuar con velocidad salva vidas, as\u00ed la poblaci\u00f3n general, los profesionales de salud y las instituciones deben fortalecer la prevenci\u00f3n y la atenci\u00f3n de los ACV Ataque Cerebrovascular. Identificar r\u00e1pidamente los s\u00edntomas de un ACV es crucial. Para ello, se recomienda recordar la escala CORRE: Cara Torcida, Ojo alteraciones visuales, R\u00e1pida debilidad de un brazo o pierna, Raro al hablar, Emergencias. Al identificar uno de estos s\u00edntomas se debe acudir inmediatamente al servicio de urgencias de un hospital que cuente con servicio de urgencias y tomograf\u00eda cerebral.<\/p>\n\n\n\n<p>\u00a8El ACV es una enfermedad neurol\u00f3gica que habitualmente afecta a las personas mayores de 65 a\u00f1os, sin embargo, en las \u00faltimas dos d\u00e9cadas la incidencia aumento significativamente en los menores de 55 a\u00f1os. Adem\u00e1s, en Am\u00e9rica Latina el 40% de las muertes por ACV ocurren en los a\u00f1os m\u00e1s productivos de la vida. Por lo anterior, es importante tener en cuenta que se puede presentar en cualquier momento de la vida, lo que nos obliga a sumar esfuerzos en la prevenci\u00f3n y tratamiento de esta enfermedad\u00a8, refiri\u00f3 el Dr. Andr\u00e9s Mauricio Betancourt, Neur\u00f3logo, director del Centro de ACV del Hospital de Occidente de Kennedy de la Sub-Red Sur Occidente de Bogot\u00e1.<\/p>\n\n\n\n<p>En Colombia, diversas instituciones est\u00e1n trabajando para desarrollar redes integradas que garanticen una atenci\u00f3n eficaz y oportuna para el ACV en todas las regiones del pa\u00eds. Estas redes buscan optimizar el diagn\u00f3stico y tratamiento, desde el momento en que ocurre el ACV hasta el seguimiento en la fase post-aguda, mejorando as\u00ed los resultados cl\u00ednicos y la calidad de vida de los pacientes.<\/p>\n\n\n\n<p>En este D\u00eda Mundial del ACV, invitamos a todos a conocer los signos de alerta y a ser proactivos en la prevenci\u00f3n de esta condici\u00f3n. Al compartir esta informaci\u00f3n con familiares y amigos, podemos salvar vidas y reducir el impacto del ACV en nuestra comunidad. Reducir el impacto del ataque cerebrovascular es responsabilidad de todos.<\/p>\n\n\n\n<p><\/p>\n","protected":false},"excerpt":{"rendered":"<p>En el D\u00eda Mundial del Ataque Cerebrovascular, organizaciones de salud, expertos m\u00e9dicos, y asociaciones nacionales unen fuerzas para crear conciencia sobre la importancia de reconocer, tratar y prevenir esta condici\u00f3n. En Colombia, se registran aproximadamente 43.000 casos al a\u00f1o, con un saldo estimado de 16.000 muertes, siendo la segunda causa de muerte en el pa\u00eds. [&hellip;]<\/p>\n","protected":false},"author":1,"featured_media":1291,"comment_status":"open","ping_status":"open","sticky":false,"template":"","format":"standard","meta":{"footnotes":""},"categories":[50],"tags":[515,513,514,516],"class_list":["post-1290","post","type-post","status-publish","format-standard","has-post-thumbnail","hentry","category-salud-y-bienestar","tag-accidente-cerebral","tag-acv","tag-cerebro","tag-salud-del-cerebro"],"yoast_head":"<!-- This site is optimized with the Yoast SEO plugin v23.9 - https:\/\/yoast.com\/wordpress\/plugins\/seo\/ -->\n<title>Una carrera contra el tiempo para salvar el cerebro - Biciurba<\/title>\n<meta name=\"robots\" content=\"index, follow, max-snippet:-1, max-image-preview:large, max-video-preview:-1\" \/>\n<link rel=\"canonical\" href=\"https:\/\/biciurba.com\/index.php\/2024\/10\/29\/una-carrera-contra-el-tiempo-para-salvar-el-cerebro\/\" \/>\n<meta property=\"og:locale\" content=\"es_ES\" \/>\n<meta property=\"og:type\" content=\"article\" \/>\n<meta property=\"og:title\" content=\"Una carrera contra el tiempo para salvar el cerebro - Biciurba\" \/>\n<meta property=\"og:description\" content=\"En el D\u00eda Mundial del Ataque Cerebrovascular, organizaciones de salud, expertos m\u00e9dicos, y asociaciones nacionales unen fuerzas para crear conciencia sobre la importancia de reconocer, tratar y prevenir esta condici\u00f3n. En Colombia, se registran aproximadamente 43.000 casos al a\u00f1o, con un saldo estimado de 16.000 muertes, siendo la segunda causa de muerte en el pa\u00eds. [&hellip;]\" \/>\n<meta property=\"og:url\" content=\"https:\/\/biciurba.com\/index.php\/2024\/10\/29\/una-carrera-contra-el-tiempo-para-salvar-el-cerebro\/\" \/>\n<meta property=\"og:site_name\" content=\"Biciurba\" \/>\n<meta property=\"article:published_time\" content=\"2024-10-29T15:00:00+00:00\" \/>\n<meta property=\"article:modified_time\" content=\"2024-10-29T14:40:59+00:00\" \/>\n<meta property=\"og:image\" content=\"https:\/\/biciurba.com\/wp-content\/uploads\/2024\/10\/cva.png\" \/>\n\t<meta property=\"og:image:width\" content=\"606\" \/>\n\t<meta property=\"og:image:height\" content=\"404\" \/>\n\t<meta property=\"og:image:type\" content=\"image\/png\" \/>\n<meta name=\"author\" content=\"Carlos Cantor\" \/>\n<meta name=\"twitter:card\" content=\"summary_large_image\" \/>\n<meta name=\"twitter:label1\" content=\"Escrito por\" \/>\n\t<meta name=\"twitter:data1\" content=\"Carlos Cantor\" \/>\n\t<meta name=\"twitter:label2\" content=\"Tiempo de lectura\" \/>\n\t<meta name=\"twitter:data2\" content=\"2 minutos\" \/>\n<script type=\"application\/ld+json\" class=\"yoast-schema-graph\">{\"@context\":\"https:\/\/schema.org\",\"@graph\":[{\"@type\":\"Article\",\"@id\":\"https:\/\/biciurba.com\/index.php\/2024\/10\/29\/una-carrera-contra-el-tiempo-para-salvar-el-cerebro\/#article\",\"isPartOf\":{\"@id\":\"https:\/\/biciurba.com\/index.php\/2024\/10\/29\/una-carrera-contra-el-tiempo-para-salvar-el-cerebro\/\"},\"author\":{\"name\":\"Carlos Cantor\",\"@id\":\"https:\/\/biciurba.com\/#\/schema\/person\/d9675ddf29ee982d268db0a3f239eced\"},\"headline\":\"Una carrera contra el tiempo para salvar el cerebro\",\"datePublished\":\"2024-10-29T15:00:00+00:00\",\"dateModified\":\"2024-10-29T14:40:59+00:00\",\"mainEntityOfPage\":{\"@id\":\"https:\/\/biciurba.com\/index.php\/2024\/10\/29\/una-carrera-contra-el-tiempo-para-salvar-el-cerebro\/\"},\"wordCount\":417,\"commentCount\":1,\"publisher\":{\"@id\":\"https:\/\/biciurba.com\/#\/schema\/person\/d9675ddf29ee982d268db0a3f239eced\"},\"image\":{\"@id\":\"https:\/\/biciurba.com\/index.php\/2024\/10\/29\/una-carrera-contra-el-tiempo-para-salvar-el-cerebro\/#primaryimage\"},\"thumbnailUrl\":\"https:\/\/biciurba.com\/wp-content\/uploads\/2024\/10\/cva.png\",\"keywords\":[\"accidente cerebral\",\"ACV\",\"cerebro\",\"salud del cerebro\"],\"articleSection\":[\"Vida Buena\"],\"inLanguage\":\"es\",\"potentialAction\":[{\"@type\":\"CommentAction\",\"name\":\"Comment\",\"target\":[\"https:\/\/biciurba.com\/index.php\/2024\/10\/29\/una-carrera-contra-el-tiempo-para-salvar-el-cerebro\/#respond\"]}]},{\"@type\":\"WebPage\",\"@id\":\"https:\/\/biciurba.com\/index.php\/2024\/10\/29\/una-carrera-contra-el-tiempo-para-salvar-el-cerebro\/\",\"url\":\"https:\/\/biciurba.com\/index.php\/2024\/10\/29\/una-carrera-contra-el-tiempo-para-salvar-el-cerebro\/\",\"name\":\"Una carrera contra el tiempo para salvar el cerebro - Biciurba\",\"isPartOf\":{\"@id\":\"https:\/\/biciurba.com\/#website\"},\"primaryImageOfPage\":{\"@id\":\"https:\/\/biciurba.com\/index.php\/2024\/10\/29\/una-carrera-contra-el-tiempo-para-salvar-el-cerebro\/#primaryimage\"},\"image\":{\"@id\":\"https:\/\/biciurba.com\/index.php\/2024\/10\/29\/una-carrera-contra-el-tiempo-para-salvar-el-cerebro\/#primaryimage\"},\"thumbnailUrl\":\"https:\/\/biciurba.com\/wp-content\/uploads\/2024\/10\/cva.png\",\"datePublished\":\"2024-10-29T15:00:00+00:00\",\"dateModified\":\"2024-10-29T14:40:59+00:00\",\"breadcrumb\":{\"@id\":\"https:\/\/biciurba.com\/index.php\/2024\/10\/29\/una-carrera-contra-el-tiempo-para-salvar-el-cerebro\/#breadcrumb\"},\"inLanguage\":\"es\",\"potentialAction\":[{\"@type\":\"ReadAction\",\"target\":[\"https:\/\/biciurba.com\/index.php\/2024\/10\/29\/una-carrera-contra-el-tiempo-para-salvar-el-cerebro\/\"]}]},{\"@type\":\"ImageObject\",\"inLanguage\":\"es\",\"@id\":\"https:\/\/biciurba.com\/index.php\/2024\/10\/29\/una-carrera-contra-el-tiempo-para-salvar-el-cerebro\/#primaryimage\",\"url\":\"https:\/\/biciurba.com\/wp-content\/uploads\/2024\/10\/cva.png\",\"contentUrl\":\"https:\/\/biciurba.com\/wp-content\/uploads\/2024\/10\/cva.png\",\"width\":606,\"height\":404,\"caption\":\"La r\u00e1pida identificaci\u00f3n de los s\u00edntomas y la activaci\u00f3n de servicios de emergencia aumentan las probabilidades de recuperaci\u00f3n sin secuelas de un accidente cerebro vascular.\"},{\"@type\":\"BreadcrumbList\",\"@id\":\"https:\/\/biciurba.com\/index.php\/2024\/10\/29\/una-carrera-contra-el-tiempo-para-salvar-el-cerebro\/#breadcrumb\",\"itemListElement\":[{\"@type\":\"ListItem\",\"position\":1,\"name\":\"Portada\",\"item\":\"https:\/\/biciurba.com\/\"},{\"@type\":\"ListItem\",\"position\":2,\"name\":\"Una carrera contra el tiempo para salvar el cerebro\"}]},{\"@type\":\"WebSite\",\"@id\":\"https:\/\/biciurba.com\/#website\",\"url\":\"https:\/\/biciurba.com\/\",\"name\":\"Biciurba\",\"description\":\"Una mejor manera de vivir\",\"publisher\":{\"@id\":\"https:\/\/biciurba.com\/#\/schema\/person\/d9675ddf29ee982d268db0a3f239eced\"},\"potentialAction\":[{\"@type\":\"SearchAction\",\"target\":{\"@type\":\"EntryPoint\",\"urlTemplate\":\"https:\/\/biciurba.com\/?s={search_term_string}\"},\"query-input\":{\"@type\":\"PropertyValueSpecification\",\"valueRequired\":true,\"valueName\":\"search_term_string\"}}],\"inLanguage\":\"es\"},{\"@type\":[\"Person\",\"Organization\"],\"@id\":\"https:\/\/biciurba.com\/#\/schema\/person\/d9675ddf29ee982d268db0a3f239eced\",\"name\":\"Carlos Cantor\",\"image\":{\"@type\":\"ImageObject\",\"inLanguage\":\"es\",\"@id\":\"https:\/\/biciurba.com\/#\/schema\/person\/image\/\",\"url\":\"https:\/\/biciurba.com\/wp-content\/uploads\/2024\/04\/cropped-logo-1.png\",\"contentUrl\":\"https:\/\/biciurba.com\/wp-content\/uploads\/2024\/04\/cropped-logo-1.png\",\"width\":512,\"height\":318,\"caption\":\"Carlos Cantor\"},\"logo\":{\"@id\":\"https:\/\/biciurba.com\/#\/schema\/person\/image\/\"},\"sameAs\":[\"https:\/\/biciurba.com\"],\"url\":\"https:\/\/biciurba.com\/index.php\/author\/ccantor\/\"}]}<\/script>\n<!-- \/ Yoast SEO plugin. -->","yoast_head_json":{"title":"Una carrera contra el tiempo para salvar el cerebro - Biciurba","robots":{"index":"index","follow":"follow","max-snippet":"max-snippet:-1","max-image-preview":"max-image-preview:large","max-video-preview":"max-video-preview:-1"},"canonical":"https:\/\/biciurba.com\/index.php\/2024\/10\/29\/una-carrera-contra-el-tiempo-para-salvar-el-cerebro\/","og_locale":"es_ES","og_type":"article","og_title":"Una carrera contra el tiempo para salvar el cerebro - Biciurba","og_description":"En el D\u00eda Mundial del Ataque Cerebrovascular, organizaciones de salud, expertos m\u00e9dicos, y asociaciones nacionales unen fuerzas para crear conciencia sobre la importancia de reconocer, tratar y prevenir esta condici\u00f3n. En Colombia, se registran aproximadamente 43.000 casos al a\u00f1o, con un saldo estimado de 16.000 muertes, siendo la segunda causa de muerte en el pa\u00eds. [&hellip;]","og_url":"https:\/\/biciurba.com\/index.php\/2024\/10\/29\/una-carrera-contra-el-tiempo-para-salvar-el-cerebro\/","og_site_name":"Biciurba","article_published_time":"2024-10-29T15:00:00+00:00","article_modified_time":"2024-10-29T14:40:59+00:00","og_image":[{"width":606,"height":404,"url":"https:\/\/biciurba.com\/wp-content\/uploads\/2024\/10\/cva.png","type":"image\/png"}],"author":"Carlos Cantor","twitter_card":"summary_large_image","twitter_misc":{"Escrito por":"Carlos Cantor","Tiempo de lectura":"2 minutos"},"schema":{"@context":"https:\/\/schema.org","@graph":[{"@type":"Article","@id":"https:\/\/biciurba.com\/index.php\/2024\/10\/29\/una-carrera-contra-el-tiempo-para-salvar-el-cerebro\/#article","isPartOf":{"@id":"https:\/\/biciurba.com\/index.php\/2024\/10\/29\/una-carrera-contra-el-tiempo-para-salvar-el-cerebro\/"},"author":{"name":"Carlos Cantor","@id":"https:\/\/biciurba.com\/#\/schema\/person\/d9675ddf29ee982d268db0a3f239eced"},"headline":"Una carrera contra el tiempo para salvar el cerebro","datePublished":"2024-10-29T15:00:00+00:00","dateModified":"2024-10-29T14:40:59+00:00","mainEntityOfPage":{"@id":"https:\/\/biciurba.com\/index.php\/2024\/10\/29\/una-carrera-contra-el-tiempo-para-salvar-el-cerebro\/"},"wordCount":417,"commentCount":1,"publisher":{"@id":"https:\/\/biciurba.com\/#\/schema\/person\/d9675ddf29ee982d268db0a3f239eced"},"image":{"@id":"https:\/\/biciurba.com\/index.php\/2024\/10\/29\/una-carrera-contra-el-tiempo-para-salvar-el-cerebro\/#primaryimage"},"thumbnailUrl":"https:\/\/biciurba.com\/wp-content\/uploads\/2024\/10\/cva.png","keywords":["accidente cerebral","ACV","cerebro","salud del cerebro"],"articleSection":["Vida Buena"],"inLanguage":"es","potentialAction":[{"@type":"CommentAction","name":"Comment","target":["https:\/\/biciurba.com\/index.php\/2024\/10\/29\/una-carrera-contra-el-tiempo-para-salvar-el-cerebro\/#respond"]}]},{"@type":"WebPage","@id":"https:\/\/biciurba.com\/index.php\/2024\/10\/29\/una-carrera-contra-el-tiempo-para-salvar-el-cerebro\/","url":"https:\/\/biciurba.com\/index.php\/2024\/10\/29\/una-carrera-contra-el-tiempo-para-salvar-el-cerebro\/","name":"Una carrera contra el tiempo para salvar el cerebro - Biciurba","isPartOf":{"@id":"https:\/\/biciurba.com\/#website"},"primaryImageOfPage":{"@id":"https:\/\/biciurba.com\/index.php\/2024\/10\/29\/una-carrera-contra-el-tiempo-para-salvar-el-cerebro\/#primaryimage"},"image":{"@id":"https:\/\/biciurba.com\/index.php\/2024\/10\/29\/una-carrera-contra-el-tiempo-para-salvar-el-cerebro\/#primaryimage"},"thumbnailUrl":"https:\/\/biciurba.com\/wp-content\/uploads\/2024\/10\/cva.png","datePublished":"2024-10-29T15:00:00+00:00","dateModified":"2024-10-29T14:40:59+00:00","breadcrumb":{"@id":"https:\/\/biciurba.com\/index.php\/2024\/10\/29\/una-carrera-contra-el-tiempo-para-salvar-el-cerebro\/#breadcrumb"},"inLanguage":"es","potentialAction":[{"@type":"ReadAction","target":["https:\/\/biciurba.com\/index.php\/2024\/10\/29\/una-carrera-contra-el-tiempo-para-salvar-el-cerebro\/"]}]},{"@type":"ImageObject","inLanguage":"es","@id":"https:\/\/biciurba.com\/index.php\/2024\/10\/29\/una-carrera-contra-el-tiempo-para-salvar-el-cerebro\/#primaryimage","url":"https:\/\/biciurba.com\/wp-content\/uploads\/2024\/10\/cva.png","contentUrl":"https:\/\/biciurba.com\/wp-content\/uploads\/2024\/10\/cva.png","width":606,"height":404,"caption":"La r\u00e1pida identificaci\u00f3n de los s\u00edntomas y la activaci\u00f3n de servicios de emergencia aumentan las probabilidades de recuperaci\u00f3n sin secuelas de un accidente cerebro vascular."},{"@type":"BreadcrumbList","@id":"https:\/\/biciurba.com\/index.php\/2024\/10\/29\/una-carrera-contra-el-tiempo-para-salvar-el-cerebro\/#breadcrumb","itemListElement":[{"@type":"ListItem","position":1,"name":"Portada","item":"https:\/\/biciurba.com\/"},{"@type":"ListItem","position":2,"name":"Una carrera contra el tiempo para salvar el cerebro"}]},{"@type":"WebSite","@id":"https:\/\/biciurba.com\/#website","url":"https:\/\/biciurba.com\/","name":"Biciurba","description":"Una mejor manera de vivir","publisher":{"@id":"https:\/\/biciurba.com\/#\/schema\/person\/d9675ddf29ee982d268db0a3f239eced"},"potentialAction":[{"@type":"SearchAction","target":{"@type":"EntryPoint","urlTemplate":"https:\/\/biciurba.com\/?s={search_term_string}"},"query-input":{"@type":"PropertyValueSpecification","valueRequired":true,"valueName":"search_term_string"}}],"inLanguage":"es"},{"@type":["Person","Organization"],"@id":"https:\/\/biciurba.com\/#\/schema\/person\/d9675ddf29ee982d268db0a3f239eced","name":"Carlos Cantor","image":{"@type":"ImageObject","inLanguage":"es","@id":"https:\/\/biciurba.com\/#\/schema\/person\/image\/","url":"https:\/\/biciurba.com\/wp-content\/uploads\/2024\/04\/cropped-logo-1.png","contentUrl":"https:\/\/biciurba.com\/wp-content\/uploads\/2024\/04\/cropped-logo-1.png","width":512,"height":318,"caption":"Carlos Cantor"},"logo":{"@id":"https:\/\/biciurba.com\/#\/schema\/person\/image\/"},"sameAs":["https:\/\/biciurba.com"],"url":"https:\/\/biciurba.com\/index.php\/author\/ccantor\/"}]}},"_links":{"self":[{"href":"https:\/\/biciurba.com\/index.php\/wp-json\/wp\/v2\/posts\/1290"}],"collection":[{"href":"https:\/\/biciurba.com\/index.php\/wp-json\/wp\/v2\/posts"}],"about":[{"href":"https:\/\/biciurba.com\/index.php\/wp-json\/wp\/v2\/types\/post"}],"author":[{"embeddable":true,"href":"https:\/\/biciurba.com\/index.php\/wp-json\/wp\/v2\/users\/1"}],"replies":[{"embeddable":true,"href":"https:\/\/biciurba.com\/index.php\/wp-json\/wp\/v2\/comments?post=1290"}],"version-history":[{"count":1,"href":"https:\/\/biciurba.com\/index.php\/wp-json\/wp\/v2\/posts\/1290\/revisions"}],"predecessor-version":[{"id":1292,"href":"https:\/\/biciurba.com\/index.php\/wp-json\/wp\/v2\/posts\/1290\/revisions\/1292"}],"wp:featuredmedia":[{"embeddable":true,"href":"https:\/\/biciurba.com\/index.php\/wp-json\/wp\/v2\/media\/1291"}],"wp:attachment":[{"href":"https:\/\/biciurba.com\/index.php\/wp-json\/wp\/v2\/media?parent=1290"}],"wp:term":[{"taxonomy":"category","embeddable":true,"href":"https:\/\/biciurba.com\/index.php\/wp-json\/wp\/v2\/categories?post=1290"},{"taxonomy":"post_tag","embeddable":true,"href":"https:\/\/biciurba.com\/index.php\/wp-json\/wp\/v2\/tags?post=1290"}],"curies":[{"name":"wp","href":"https:\/\/api.w.org\/{rel}","templated":true}]}}