{"id":1296,"date":"2024-10-31T10:00:00","date_gmt":"2024-10-31T15:00:00","guid":{"rendered":"https:\/\/biciurba.com\/?p=1296"},"modified":"2024-10-31T09:18:53","modified_gmt":"2024-10-31T14:18:53","slug":"la-menopausia-y-la-andropausia-ciclo-natural-de-la-vida-humana","status":"publish","type":"post","link":"https:\/\/biciurba.com\/index.php\/2024\/10\/31\/la-menopausia-y-la-andropausia-ciclo-natural-de-la-vida-humana\/","title":{"rendered":"La Menopausia y la andropausia, ciclo natural de la vida humana"},"content":{"rendered":"\n<p>Con el Dr. Alvaro Monterrosa Castro, y desde la ciudad de Cartagena, conversamos sobre este tema, que para algunas personas es una tragedia, para muchas otras es solo una etapa de la vida que se agradece, porque est\u00e1n vivas. Un tema de permanente actualidad y m\u00e1s cuando la poblaci\u00f3n, en general, se va envejeciendo en el mundo.<\/p>\n\n\n\n<figure class=\"wp-block-embed is-type-rich is-provider-spotify wp-block-embed-spotify wp-embed-aspect-21-9 wp-has-aspect-ratio\"><div class=\"wp-block-embed__wrapper\">\n<iframe title=\"Spotify Embed: Cap\u00edtulo 24: La Menopausia y la andropausia, ciclo natural de la vida humana\" style=\"border-radius: 12px\" width=\"100%\" height=\"152\" frameborder=\"0\" allowfullscreen allow=\"autoplay; clipboard-write; encrypted-media; fullscreen; picture-in-picture\" loading=\"lazy\" src=\"https:\/\/open.spotify.com\/embed\/episode\/5eWMKix1DlySUjBzX7Ii8I?si=de04786661cf477b&#038;utm_source=oembed\"><\/iframe>\n<\/div><\/figure>\n\n\n\n<p><\/p>\n","protected":false},"excerpt":{"rendered":"<p>Envejecer es parte de la vida, y claro, trae sus complicaciones que hay que tomar con naturalidad y tranquilidad.<\/p>\n","protected":false},"author":1,"featured_media":542,"comment_status":"open","ping_status":"open","sticky":false,"template":"","format":"standard","meta":{"footnotes":""},"categories":[51],"tags":[519,521,520,522,517,518],"class_list":["post-1296","post","type-post","status-publish","format-standard","has-post-thumbnail","hentry","category-podcast-biciurba","tag-andropausia","tag-ciclos-de-la-vida","tag-dr-alvaro-monterrosa-castro","tag-envejecer","tag-menopausia","tag-salud-femenina"],"yoast_head":"<!-- This site is optimized with the Yoast SEO plugin v23.9 - https:\/\/yoast.com\/wordpress\/plugins\/seo\/ -->\n<title>La Menopausia y la andropausia, ciclo natural de la vida humana - Biciurba<\/title>\n<meta name=\"description\" content=\"Una etapa de la vida que se agradece porque estamos vivos y sanos, menopausia y andropausia\" \/>\n<meta name=\"robots\" content=\"index, follow, max-snippet:-1, max-image-preview:large, max-video-preview:-1\" \/>\n<link rel=\"canonical\" href=\"https:\/\/biciurba.com\/index.php\/2024\/10\/31\/la-menopausia-y-la-andropausia-ciclo-natural-de-la-vida-humana\/\" \/>\n<meta property=\"og:locale\" content=\"es_ES\" \/>\n<meta property=\"og:type\" content=\"article\" \/>\n<meta property=\"og:title\" content=\"La Menopausia y la andropausia, ciclo natural de la vida humana - Biciurba\" \/>\n<meta property=\"og:description\" content=\"Una etapa de la vida que se agradece porque estamos vivos y sanos, menopausia y andropausia\" \/>\n<meta property=\"og:url\" content=\"https:\/\/biciurba.com\/index.php\/2024\/10\/31\/la-menopausia-y-la-andropausia-ciclo-natural-de-la-vida-humana\/\" \/>\n<meta property=\"og:site_name\" content=\"Biciurba\" \/>\n<meta property=\"article:published_time\" content=\"2024-10-31T15:00:00+00:00\" \/>\n<meta property=\"article:modified_time\" content=\"2024-10-31T14:18:53+00:00\" \/>\n<meta property=\"og:image\" content=\"https:\/\/biciurba.com\/wp-content\/uploads\/2024\/05\/podcast-logo.png\" \/>\n\t<meta property=\"og:image:width\" content=\"600\" \/>\n\t<meta property=\"og:image:height\" content=\"400\" \/>\n\t<meta property=\"og:image:type\" content=\"image\/png\" \/>\n<meta name=\"author\" content=\"Carlos Cantor\" \/>\n<meta name=\"twitter:card\" content=\"summary_large_image\" \/>\n<meta name=\"twitter:label1\" content=\"Escrito por\" \/>\n\t<meta name=\"twitter:data1\" content=\"Carlos Cantor\" \/>\n\t<meta name=\"twitter:label2\" content=\"Tiempo de lectura\" \/>\n\t<meta name=\"twitter:data2\" content=\"1 minuto\" \/>\n<script type=\"application\/ld+json\" class=\"yoast-schema-graph\">{\"@context\":\"https:\/\/schema.org\",\"@graph\":[{\"@type\":\"Article\",\"@id\":\"https:\/\/biciurba.com\/index.php\/2024\/10\/31\/la-menopausia-y-la-andropausia-ciclo-natural-de-la-vida-humana\/#article\",\"isPartOf\":{\"@id\":\"https:\/\/biciurba.com\/index.php\/2024\/10\/31\/la-menopausia-y-la-andropausia-ciclo-natural-de-la-vida-humana\/\"},\"author\":{\"name\":\"Carlos Cantor\",\"@id\":\"https:\/\/biciurba.com\/#\/schema\/person\/d9675ddf29ee982d268db0a3f239eced\"},\"headline\":\"La Menopausia y la andropausia, ciclo natural de la vida humana\",\"datePublished\":\"2024-10-31T15:00:00+00:00\",\"dateModified\":\"2024-10-31T14:18:53+00:00\",\"mainEntityOfPage\":{\"@id\":\"https:\/\/biciurba.com\/index.php\/2024\/10\/31\/la-menopausia-y-la-andropausia-ciclo-natural-de-la-vida-humana\/\"},\"wordCount\":84,\"commentCount\":0,\"publisher\":{\"@id\":\"https:\/\/biciurba.com\/#\/schema\/person\/d9675ddf29ee982d268db0a3f239eced\"},\"image\":{\"@id\":\"https:\/\/biciurba.com\/index.php\/2024\/10\/31\/la-menopausia-y-la-andropausia-ciclo-natural-de-la-vida-humana\/#primaryimage\"},\"thumbnailUrl\":\"https:\/\/biciurba.com\/wp-content\/uploads\/2024\/05\/podcast-logo.png\",\"keywords\":[\"andropausia\",\"Ciclos de la vida\",\"Dr. Alvaro Monterrosa Castro\",\"envejecer\",\"Menopausia\",\"salud femenina\"],\"articleSection\":[\"Podcast\"],\"inLanguage\":\"es\",\"potentialAction\":[{\"@type\":\"CommentAction\",\"name\":\"Comment\",\"target\":[\"https:\/\/biciurba.com\/index.php\/2024\/10\/31\/la-menopausia-y-la-andropausia-ciclo-natural-de-la-vida-humana\/#respond\"]}]},{\"@type\":\"WebPage\",\"@id\":\"https:\/\/biciurba.com\/index.php\/2024\/10\/31\/la-menopausia-y-la-andropausia-ciclo-natural-de-la-vida-humana\/\",\"url\":\"https:\/\/biciurba.com\/index.php\/2024\/10\/31\/la-menopausia-y-la-andropausia-ciclo-natural-de-la-vida-humana\/\",\"name\":\"La Menopausia y la andropausia, ciclo natural de la vida humana - Biciurba\",\"isPartOf\":{\"@id\":\"https:\/\/biciurba.com\/#website\"},\"primaryImageOfPage\":{\"@id\":\"https:\/\/biciurba.com\/index.php\/2024\/10\/31\/la-menopausia-y-la-andropausia-ciclo-natural-de-la-vida-humana\/#primaryimage\"},\"image\":{\"@id\":\"https:\/\/biciurba.com\/index.php\/2024\/10\/31\/la-menopausia-y-la-andropausia-ciclo-natural-de-la-vida-humana\/#primaryimage\"},\"thumbnailUrl\":\"https:\/\/biciurba.com\/wp-content\/uploads\/2024\/05\/podcast-logo.png\",\"datePublished\":\"2024-10-31T15:00:00+00:00\",\"dateModified\":\"2024-10-31T14:18:53+00:00\",\"description\":\"Una etapa de la vida que se agradece porque estamos vivos y sanos, menopausia y andropausia\",\"breadcrumb\":{\"@id\":\"https:\/\/biciurba.com\/index.php\/2024\/10\/31\/la-menopausia-y-la-andropausia-ciclo-natural-de-la-vida-humana\/#breadcrumb\"},\"inLanguage\":\"es\",\"potentialAction\":[{\"@type\":\"ReadAction\",\"target\":[\"https:\/\/biciurba.com\/index.php\/2024\/10\/31\/la-menopausia-y-la-andropausia-ciclo-natural-de-la-vida-humana\/\"]}]},{\"@type\":\"ImageObject\",\"inLanguage\":\"es\",\"@id\":\"https:\/\/biciurba.com\/index.php\/2024\/10\/31\/la-menopausia-y-la-andropausia-ciclo-natural-de-la-vida-humana\/#primaryimage\",\"url\":\"https:\/\/biciurba.com\/wp-content\/uploads\/2024\/05\/podcast-logo.png\",\"contentUrl\":\"https:\/\/biciurba.com\/wp-content\/uploads\/2024\/05\/podcast-logo.png\",\"width\":600,\"height\":400},{\"@type\":\"BreadcrumbList\",\"@id\":\"https:\/\/biciurba.com\/index.php\/2024\/10\/31\/la-menopausia-y-la-andropausia-ciclo-natural-de-la-vida-humana\/#breadcrumb\",\"itemListElement\":[{\"@type\":\"ListItem\",\"position\":1,\"name\":\"Portada\",\"item\":\"https:\/\/biciurba.com\/\"},{\"@type\":\"ListItem\",\"position\":2,\"name\":\"La Menopausia y la andropausia, ciclo natural de la vida humana\"}]},{\"@type\":\"WebSite\",\"@id\":\"https:\/\/biciurba.com\/#website\",\"url\":\"https:\/\/biciurba.com\/\",\"name\":\"Biciurba\",\"description\":\"Una mejor manera de vivir\",\"publisher\":{\"@id\":\"https:\/\/biciurba.com\/#\/schema\/person\/d9675ddf29ee982d268db0a3f239eced\"},\"potentialAction\":[{\"@type\":\"SearchAction\",\"target\":{\"@type\":\"EntryPoint\",\"urlTemplate\":\"https:\/\/biciurba.com\/?s={search_term_string}\"},\"query-input\":{\"@type\":\"PropertyValueSpecification\",\"valueRequired\":true,\"valueName\":\"search_term_string\"}}],\"inLanguage\":\"es\"},{\"@type\":[\"Person\",\"Organization\"],\"@id\":\"https:\/\/biciurba.com\/#\/schema\/person\/d9675ddf29ee982d268db0a3f239eced\",\"name\":\"Carlos Cantor\",\"image\":{\"@type\":\"ImageObject\",\"inLanguage\":\"es\",\"@id\":\"https:\/\/biciurba.com\/#\/schema\/person\/image\/\",\"url\":\"https:\/\/biciurba.com\/wp-content\/uploads\/2024\/04\/cropped-logo-1.png\",\"contentUrl\":\"https:\/\/biciurba.com\/wp-content\/uploads\/2024\/04\/cropped-logo-1.png\",\"width\":512,\"height\":318,\"caption\":\"Carlos Cantor\"},\"logo\":{\"@id\":\"https:\/\/biciurba.com\/#\/schema\/person\/image\/\"},\"sameAs\":[\"https:\/\/biciurba.com\"],\"url\":\"https:\/\/biciurba.com\/index.php\/author\/ccantor\/\"}]}<\/script>\n<!-- \/ Yoast SEO plugin. -->","yoast_head_json":{"title":"La Menopausia y la andropausia, ciclo natural de la vida humana - Biciurba","description":"Una etapa de la vida que se agradece porque estamos vivos y sanos, menopausia y andropausia","robots":{"index":"index","follow":"follow","max-snippet":"max-snippet:-1","max-image-preview":"max-image-preview:large","max-video-preview":"max-video-preview:-1"},"canonical":"https:\/\/biciurba.com\/index.php\/2024\/10\/31\/la-menopausia-y-la-andropausia-ciclo-natural-de-la-vida-humana\/","og_locale":"es_ES","og_type":"article","og_title":"La Menopausia y la andropausia, ciclo natural de la vida humana - Biciurba","og_description":"Una etapa de la vida que se agradece porque estamos vivos y sanos, menopausia y andropausia","og_url":"https:\/\/biciurba.com\/index.php\/2024\/10\/31\/la-menopausia-y-la-andropausia-ciclo-natural-de-la-vida-humana\/","og_site_name":"Biciurba","article_published_time":"2024-10-31T15:00:00+00:00","article_modified_time":"2024-10-31T14:18:53+00:00","og_image":[{"width":600,"height":400,"url":"https:\/\/biciurba.com\/wp-content\/uploads\/2024\/05\/podcast-logo.png","type":"image\/png"}],"author":"Carlos Cantor","twitter_card":"summary_large_image","twitter_misc":{"Escrito por":"Carlos Cantor","Tiempo de lectura":"1 minuto"},"schema":{"@context":"https:\/\/schema.org","@graph":[{"@type":"Article","@id":"https:\/\/biciurba.com\/index.php\/2024\/10\/31\/la-menopausia-y-la-andropausia-ciclo-natural-de-la-vida-humana\/#article","isPartOf":{"@id":"https:\/\/biciurba.com\/index.php\/2024\/10\/31\/la-menopausia-y-la-andropausia-ciclo-natural-de-la-vida-humana\/"},"author":{"name":"Carlos Cantor","@id":"https:\/\/biciurba.com\/#\/schema\/person\/d9675ddf29ee982d268db0a3f239eced"},"headline":"La Menopausia y la andropausia, ciclo natural de la vida humana","datePublished":"2024-10-31T15:00:00+00:00","dateModified":"2024-10-31T14:18:53+00:00","mainEntityOfPage":{"@id":"https:\/\/biciurba.com\/index.php\/2024\/10\/31\/la-menopausia-y-la-andropausia-ciclo-natural-de-la-vida-humana\/"},"wordCount":84,"commentCount":0,"publisher":{"@id":"https:\/\/biciurba.com\/#\/schema\/person\/d9675ddf29ee982d268db0a3f239eced"},"image":{"@id":"https:\/\/biciurba.com\/index.php\/2024\/10\/31\/la-menopausia-y-la-andropausia-ciclo-natural-de-la-vida-humana\/#primaryimage"},"thumbnailUrl":"https:\/\/biciurba.com\/wp-content\/uploads\/2024\/05\/podcast-logo.png","keywords":["andropausia","Ciclos de la vida","Dr. Alvaro Monterrosa Castro","envejecer","Menopausia","salud femenina"],"articleSection":["Podcast"],"inLanguage":"es","potentialAction":[{"@type":"CommentAction","name":"Comment","target":["https:\/\/biciurba.com\/index.php\/2024\/10\/31\/la-menopausia-y-la-andropausia-ciclo-natural-de-la-vida-humana\/#respond"]}]},{"@type":"WebPage","@id":"https:\/\/biciurba.com\/index.php\/2024\/10\/31\/la-menopausia-y-la-andropausia-ciclo-natural-de-la-vida-humana\/","url":"https:\/\/biciurba.com\/index.php\/2024\/10\/31\/la-menopausia-y-la-andropausia-ciclo-natural-de-la-vida-humana\/","name":"La Menopausia y la andropausia, ciclo natural de la vida humana - Biciurba","isPartOf":{"@id":"https:\/\/biciurba.com\/#website"},"primaryImageOfPage":{"@id":"https:\/\/biciurba.com\/index.php\/2024\/10\/31\/la-menopausia-y-la-andropausia-ciclo-natural-de-la-vida-humana\/#primaryimage"},"image":{"@id":"https:\/\/biciurba.com\/index.php\/2024\/10\/31\/la-menopausia-y-la-andropausia-ciclo-natural-de-la-vida-humana\/#primaryimage"},"thumbnailUrl":"https:\/\/biciurba.com\/wp-content\/uploads\/2024\/05\/podcast-logo.png","datePublished":"2024-10-31T15:00:00+00:00","dateModified":"2024-10-31T14:18:53+00:00","description":"Una etapa de la vida que se agradece porque estamos vivos y sanos, menopausia y andropausia","breadcrumb":{"@id":"https:\/\/biciurba.com\/index.php\/2024\/10\/31\/la-menopausia-y-la-andropausia-ciclo-natural-de-la-vida-humana\/#breadcrumb"},"inLanguage":"es","potentialAction":[{"@type":"ReadAction","target":["https:\/\/biciurba.com\/index.php\/2024\/10\/31\/la-menopausia-y-la-andropausia-ciclo-natural-de-la-vida-humana\/"]}]},{"@type":"ImageObject","inLanguage":"es","@id":"https:\/\/biciurba.com\/index.php\/2024\/10\/31\/la-menopausia-y-la-andropausia-ciclo-natural-de-la-vida-humana\/#primaryimage","url":"https:\/\/biciurba.com\/wp-content\/uploads\/2024\/05\/podcast-logo.png","contentUrl":"https:\/\/biciurba.com\/wp-content\/uploads\/2024\/05\/podcast-logo.png","width":600,"height":400},{"@type":"BreadcrumbList","@id":"https:\/\/biciurba.com\/index.php\/2024\/10\/31\/la-menopausia-y-la-andropausia-ciclo-natural-de-la-vida-humana\/#breadcrumb","itemListElement":[{"@type":"ListItem","position":1,"name":"Portada","item":"https:\/\/biciurba.com\/"},{"@type":"ListItem","position":2,"name":"La Menopausia y la andropausia, ciclo natural de la vida humana"}]},{"@type":"WebSite","@id":"https:\/\/biciurba.com\/#website","url":"https:\/\/biciurba.com\/","name":"Biciurba","description":"Una mejor manera de vivir","publisher":{"@id":"https:\/\/biciurba.com\/#\/schema\/person\/d9675ddf29ee982d268db0a3f239eced"},"potentialAction":[{"@type":"SearchAction","target":{"@type":"EntryPoint","urlTemplate":"https:\/\/biciurba.com\/?s={search_term_string}"},"query-input":{"@type":"PropertyValueSpecification","valueRequired":true,"valueName":"search_term_string"}}],"inLanguage":"es"},{"@type":["Person","Organization"],"@id":"https:\/\/biciurba.com\/#\/schema\/person\/d9675ddf29ee982d268db0a3f239eced","name":"Carlos Cantor","image":{"@type":"ImageObject","inLanguage":"es","@id":"https:\/\/biciurba.com\/#\/schema\/person\/image\/","url":"https:\/\/biciurba.com\/wp-content\/uploads\/2024\/04\/cropped-logo-1.png","contentUrl":"https:\/\/biciurba.com\/wp-content\/uploads\/2024\/04\/cropped-logo-1.png","width":512,"height":318,"caption":"Carlos Cantor"},"logo":{"@id":"https:\/\/biciurba.com\/#\/schema\/person\/image\/"},"sameAs":["https:\/\/biciurba.com"],"url":"https:\/\/biciurba.com\/index.php\/author\/ccantor\/"}]}},"_links":{"self":[{"href":"https:\/\/biciurba.com\/index.php\/wp-json\/wp\/v2\/posts\/1296"}],"collection":[{"href":"https:\/\/biciurba.com\/index.php\/wp-json\/wp\/v2\/posts"}],"about":[{"href":"https:\/\/biciurba.com\/index.php\/wp-json\/wp\/v2\/types\/post"}],"author":[{"embeddable":true,"href":"https:\/\/biciurba.com\/index.php\/wp-json\/wp\/v2\/users\/1"}],"replies":[{"embeddable":true,"href":"https:\/\/biciurba.com\/index.php\/wp-json\/wp\/v2\/comments?post=1296"}],"version-history":[{"count":1,"href":"https:\/\/biciurba.com\/index.php\/wp-json\/wp\/v2\/posts\/1296\/revisions"}],"predecessor-version":[{"id":1297,"href":"https:\/\/biciurba.com\/index.php\/wp-json\/wp\/v2\/posts\/1296\/revisions\/1297"}],"wp:featuredmedia":[{"embeddable":true,"href":"https:\/\/biciurba.com\/index.php\/wp-json\/wp\/v2\/media\/542"}],"wp:attachment":[{"href":"https:\/\/biciurba.com\/index.php\/wp-json\/wp\/v2\/media?parent=1296"}],"wp:term":[{"taxonomy":"category","embeddable":true,"href":"https:\/\/biciurba.com\/index.php\/wp-json\/wp\/v2\/categories?post=1296"},{"taxonomy":"post_tag","embeddable":true,"href":"https:\/\/biciurba.com\/index.php\/wp-json\/wp\/v2\/tags?post=1296"}],"curies":[{"name":"wp","href":"https:\/\/api.w.org\/{rel}","templated":true}]}}