{"id":1298,"date":"2024-10-31T16:36:57","date_gmt":"2024-10-31T21:36:57","guid":{"rendered":"https:\/\/biciurba.com\/?p=1298"},"modified":"2024-10-31T16:38:27","modified_gmt":"2024-10-31T21:38:27","slug":"ciudad-sedienta-victima-de-su-desorden-y-de-la-deforestacion-amazonica","status":"publish","type":"post","link":"https:\/\/biciurba.com\/index.php\/2024\/10\/31\/ciudad-sedienta-victima-de-su-desorden-y-de-la-deforestacion-amazonica\/","title":{"rendered":"Ciudad sedienta, v\u00edctima de su desorden y de la deforestaci\u00f3n amaz\u00f3nica"},"content":{"rendered":"\n<p>Esto se lee en las noticias de la COP16: \u201cEn lo alto de las monta\u00f1as, existe uno de los ecosistemas m\u00e1s bellos del mundo: el ecosistema de p\u00e1ramos. En Colombia, los p\u00e1ramos cubren aproximadamente el 2% del territorio nacional, y producen el 85% del agua que consume la poblaci\u00f3n. Es por esto que los convierte en un ecosistema clave para la conservaci\u00f3n de la biodiversidad y en verdaderos reguladores h\u00eddricos, beneficiando tanto a las comunidades rurales como a las urbanas\u201d.<\/p>\n\n\n\n<p>Y prosigue: \u201cPor esta raz\u00f3n, en la cumbre de biodiversidad , COP16, se convirti\u00f3 en el escenario perfecto para que miles de visitantes a la Zona Verde se puedan sensibilizar sobre la importancia de estos ecosistemas estrat\u00e9gicos. De hecho, m\u00e1s de 17 millones de colombianos dependen del suministro de agua que viene de los p\u00e1ramos y abastecen en total a 16 ciudades capitales. Tan solo el p\u00e1ramo de Chingaza, aporta el 80% del agua a Bogot\u00e1, suministrando 14 mil litros de agua por segundo que llegan a 7.2 millones de habitantes\u201d.<\/p>\n\n\n\n<p>A\u00fan as\u00ed, Bogot\u00e1 la capital pol\u00edtica de Colombia esta pasando tiempos de sed. Esta ciudad que no deja de crecer, en una sabana que era abundante en tierra f\u00e9rtil para cultivar, de monta\u00f1as verdes cubiertas de bosques andinos, que contaba con  extensos p\u00e1ramos, nacimientos de una gran cantidad de r\u00edos y riachuelos, que adem\u00e1s contaba con hermosos humedales plenos de vida y albergue para aves migratorias, hoy lamentablemente tiene sed.<\/p>\n\n\n\n<p>La destrucci\u00f3n causada por el crecimiento desbordado de la urbe, que en la d\u00e9cada de los a\u00f1os cincuenta del siglo pasado, anex\u00f3 una serie de municipios que ahora son parte de la ciudad, extendi\u00f3 su territorio sin control, renunciando a ser una urbe organizada, amable y c\u00f3moda, y m\u00e1s por el contrario, creci\u00f3 de forma desordenada, an\u00e1rquica lo que hizo que las administraciones distritales a trav\u00e9s de la alcald\u00eda y el Consejo Distrital, en algunas ocasiones luchara para corregir en algo el desastre y en otras ocasiones fueron complices de los constructores piratas y de la invasi\u00f3n de terrenos en la sabana y en las monta\u00f1as que hacen el marco natural.<\/p>\n\n\n\n<p>Pero no solo vivienda fueron los destructores, con el tiempo y bajo promesas de desarrollo y riqueza, se cambi\u00f3 el destino campesino de tierras de incalculable productividad agropecuaria para pasar a centros industriales, grandes superficies de cemento, ladrillo y camiones que contaminan, complican las pocas v\u00edas con embotellamientos sin fin todos los d\u00edas, y en donde una vez m\u00e1s la falta de planeaci\u00f3n y la presencia de intereses econ\u00f3micos, atacan lo que fuera la Sabana de Bogot\u00e1, de la que ha perdido una enorme superficie de vida a cambio de la ilusi\u00f3n de empleos y dinero.<\/p>\n\n\n\n<p>Gracias a la COP16, que se celebra en Cali, capital del Valle del Cauca, los alcaldes tuvieron el escenario para decir algunas verdades sobre los temas ambientales de las urbes que administran. Como siempre, han sido acusados y condenado por dar parte de los da\u00f1os ambientales que se viven en sus territorios. Y esta vez, dejaron de ser pol\u00edticamente correctos, para dejar entrever verdades que con el tiempo, y cuando ya no sean burgomaestres, ser\u00e1n da\u00f1os cada vez menos reparables, empobreciendo la vida de los residentes y con costos en servicios a\u00fan m\u00e1s altos.<\/p>\n\n\n\n<p>Bogot\u00e1 de por si, es una ciudad muy costosa. Tuvo fama de ser un vividero para trabajar, estudiar y hacer plata. Hoy ya no lo es tanto, y en la realidad la calidad de vida ha descendido de forma consistente y permanente. Temas de inseguridad, inflaci\u00f3n, desempleo, costo de las viviendas, que disminuyen en espacio pero aumentan en precio, problemas sociales que se palpan con solo salir a sus calles, y adem\u00e1s de una caracter\u00edstica que no se ha podido corregir: la anarqu\u00eda en que desarrollan la vida sus habitantes.<\/p>\n\n\n\n<p>En el siglo pasado en los a\u00f1os 1995-1997, el entonces alcalde Antanas Mockus se propuso cambiar esa forma de comportamiento social, algo se logr\u00f3, pero con el tiempo se han dejado de lado esas elementales normas de la buena convivencia. Las siguientes administraciones se dedicaron a tratar el tema de pobreza, infraestructura, educaci\u00f3n, pero el tema ambiental siempre ha quedado relegado, a menos que haya un incendio en los cerros y se plantee la necesidad de cuidarlos.<\/p>\n\n\n\n<p>Hoy el tema es agua. Era uno de los pilares mas positivos de la ciudad, aqu\u00ed sobraba agua, a\u00fan para lavar el auto familiar frente a la vivienda y desperdiciando el liquido a gusto. Lo mismo lavar fachadas, calles, regar jardines y todo lo que se le pudiera ocurrir. Siempre hubo agua para botar. Hoy ya no. Y cuando el actual alcalde nos dice \u201cDurante el primer trimestre de 2024, la deforestaci\u00f3n en la Amazon\u00eda aument\u00f3 en un 230% seg\u00fan el bolet\u00edn trimestral de alertas tempranas sobre deforestaci\u00f3n del IDEAM, vemos que una de las razones de la sequ\u00eda de hoy y del futuro inmediato, no solo son los fen\u00f3menos del El Ni\u00f1o y La Ni\u00f1a, es la destrucci\u00f3n de las selvas de la Amazon\u00eda y la Orinoqu\u00eda.<\/p>\n\n\n\n<p>Se nos olvida que somos un sistema integrado y que la destrucci\u00f3n del Amazonas afecta directamente a la cordillera de Los Andes, y Bogot\u00e1 est\u00e1 sobre un ramal de ella. Se sumar\u00e1 pr\u00f3ximamente problemas de energ\u00eda el\u00e9ctrica, ya lo anuncia el Centro de Estudios Econ\u00f3micos de ANIF, \u201cColombia viene enfrentando graves desaf\u00edos clim\u00e1ticos que redujeron las reservas h\u00eddricas del pa\u00eds, afectando su sistema energ\u00e9tico. La dependencia del agua de embalses y r\u00edos para la generaci\u00f3n de electricidad es evidente.\u201d Y agrega, \u201cla situaci\u00f3n es particularmente grave en Bogot\u00e1, donde las autoridades tuvieron que volver a los racionamientos de agua, ante el agotamiento de las fuentes h\u00eddricas.\u201d. Hay una tendencia decreciente desde julio, evidenciando el agotamiento reciente de los recursos.<\/p>\n\n\n\n<p>De ciudades pr\u00f3speras o por lo menos con planes para serlo, hoy se replantea una situaci\u00f3n que seguir\u00e1 escalando, haci\u00e9ndolas menos atractivas para habitarlas, trabajar y hacer vida. Pueden condenar al presente alcalde, pero ha sido una manera de vida desbordada, inconsciente del da\u00f1o ambiental que por a\u00f1os se ha hecho en el territorio y que a\u00fan no sabemos, en un sistema interconectado como es el biosistema andino-amaz\u00f3nico, que pasar\u00e1 con el departamento y en general con el territorio de la belleza, que hoy va camino a enfrentar las consecuencias de la crisis clim\u00e1tica.<\/p>\n","protected":false},"excerpt":{"rendered":"<p>Esto se lee en las noticias de la COP16: \u201cEn lo alto de las monta\u00f1as, existe uno de los ecosistemas m\u00e1s bellos del mundo: el ecosistema de p\u00e1ramos. En Colombia, los p\u00e1ramos cubren aproximadamente el 2% del territorio nacional, y producen el 85% del agua que consume la poblaci\u00f3n. Es por esto que los convierte [&hellip;]<\/p>\n","protected":false},"author":1,"featured_media":1299,"comment_status":"open","ping_status":"open","sticky":false,"template":"","format":"standard","meta":{"footnotes":""},"categories":[14],"tags":[175,87,502,306,19,523],"class_list":["post-1298","post","type-post","status-publish","format-standard","has-post-thumbnail","hentry","category-sostenibilidad","tag-agua-potable","tag-bogota","tag-cop16","tag-crecimiento-urbano","tag-crisis-climatica","tag-energia-electrica-2"],"yoast_head":"<!-- This site is optimized with the Yoast SEO plugin v23.9 - https:\/\/yoast.com\/wordpress\/plugins\/seo\/ -->\n<title>Ciudad sedienta, v\u00edctima de su desorden y de la deforestaci\u00f3n amaz\u00f3nica - Biciurba<\/title>\n<meta name=\"description\" content=\"Bogot\u00e1 vive hoy los embates de la destrucci\u00f3n de sus fuentes de agua causadas por la deforestaci\u00f3n amaz\u00f3nica\" \/>\n<meta name=\"robots\" content=\"index, follow, max-snippet:-1, max-image-preview:large, max-video-preview:-1\" \/>\n<link rel=\"canonical\" href=\"https:\/\/biciurba.com\/index.php\/2024\/10\/31\/ciudad-sedienta-victima-de-su-desorden-y-de-la-deforestacion-amazonica\/\" \/>\n<meta property=\"og:locale\" content=\"es_ES\" \/>\n<meta property=\"og:type\" content=\"article\" \/>\n<meta property=\"og:title\" content=\"Ciudad sedienta, v\u00edctima de su desorden y de la deforestaci\u00f3n amaz\u00f3nica - Biciurba\" \/>\n<meta property=\"og:description\" content=\"Bogot\u00e1 vive hoy los embates de la destrucci\u00f3n de sus fuentes de agua causadas por la deforestaci\u00f3n amaz\u00f3nica\" \/>\n<meta property=\"og:url\" content=\"https:\/\/biciurba.com\/index.php\/2024\/10\/31\/ciudad-sedienta-victima-de-su-desorden-y-de-la-deforestacion-amazonica\/\" \/>\n<meta property=\"og:site_name\" content=\"Biciurba\" \/>\n<meta property=\"article:published_time\" content=\"2024-10-31T21:36:57+00:00\" \/>\n<meta property=\"article:modified_time\" content=\"2024-10-31T21:38:27+00:00\" \/>\n<meta property=\"og:image\" content=\"https:\/\/biciurba.com\/wp-content\/uploads\/2024\/10\/Saban-de-Bogota.png\" \/>\n\t<meta property=\"og:image:width\" content=\"606\" \/>\n\t<meta property=\"og:image:height\" content=\"404\" \/>\n\t<meta property=\"og:image:type\" content=\"image\/png\" \/>\n<meta name=\"author\" content=\"Carlos Cantor\" \/>\n<meta name=\"twitter:card\" content=\"summary_large_image\" \/>\n<meta name=\"twitter:label1\" content=\"Escrito por\" \/>\n\t<meta name=\"twitter:data1\" content=\"Carlos Cantor\" \/>\n\t<meta name=\"twitter:label2\" content=\"Tiempo de lectura\" \/>\n\t<meta name=\"twitter:data2\" content=\"6 minutos\" \/>\n<script type=\"application\/ld+json\" class=\"yoast-schema-graph\">{\"@context\":\"https:\/\/schema.org\",\"@graph\":[{\"@type\":\"Article\",\"@id\":\"https:\/\/biciurba.com\/index.php\/2024\/10\/31\/ciudad-sedienta-victima-de-su-desorden-y-de-la-deforestacion-amazonica\/#article\",\"isPartOf\":{\"@id\":\"https:\/\/biciurba.com\/index.php\/2024\/10\/31\/ciudad-sedienta-victima-de-su-desorden-y-de-la-deforestacion-amazonica\/\"},\"author\":{\"name\":\"Carlos Cantor\",\"@id\":\"https:\/\/biciurba.com\/#\/schema\/person\/d9675ddf29ee982d268db0a3f239eced\"},\"headline\":\"Ciudad sedienta, v\u00edctima de su desorden y de la deforestaci\u00f3n amaz\u00f3nica\",\"datePublished\":\"2024-10-31T21:36:57+00:00\",\"dateModified\":\"2024-10-31T21:38:27+00:00\",\"mainEntityOfPage\":{\"@id\":\"https:\/\/biciurba.com\/index.php\/2024\/10\/31\/ciudad-sedienta-victima-de-su-desorden-y-de-la-deforestacion-amazonica\/\"},\"wordCount\":1136,\"commentCount\":0,\"publisher\":{\"@id\":\"https:\/\/biciurba.com\/#\/schema\/person\/d9675ddf29ee982d268db0a3f239eced\"},\"image\":{\"@id\":\"https:\/\/biciurba.com\/index.php\/2024\/10\/31\/ciudad-sedienta-victima-de-su-desorden-y-de-la-deforestacion-amazonica\/#primaryimage\"},\"thumbnailUrl\":\"https:\/\/biciurba.com\/wp-content\/uploads\/2024\/10\/Saban-de-Bogota.png\",\"keywords\":[\"agua potable\",\"Bogot\u00e1\",\"COP16\",\"crecimiento urbano\",\"Crisis clim\u00e1tica\",\"energ\u00eda electrica\"],\"articleSection\":[\"Ciudad Sostenible\"],\"inLanguage\":\"es\",\"potentialAction\":[{\"@type\":\"CommentAction\",\"name\":\"Comment\",\"target\":[\"https:\/\/biciurba.com\/index.php\/2024\/10\/31\/ciudad-sedienta-victima-de-su-desorden-y-de-la-deforestacion-amazonica\/#respond\"]}]},{\"@type\":\"WebPage\",\"@id\":\"https:\/\/biciurba.com\/index.php\/2024\/10\/31\/ciudad-sedienta-victima-de-su-desorden-y-de-la-deforestacion-amazonica\/\",\"url\":\"https:\/\/biciurba.com\/index.php\/2024\/10\/31\/ciudad-sedienta-victima-de-su-desorden-y-de-la-deforestacion-amazonica\/\",\"name\":\"Ciudad sedienta, v\u00edctima de su desorden y de la deforestaci\u00f3n amaz\u00f3nica - Biciurba\",\"isPartOf\":{\"@id\":\"https:\/\/biciurba.com\/#website\"},\"primaryImageOfPage\":{\"@id\":\"https:\/\/biciurba.com\/index.php\/2024\/10\/31\/ciudad-sedienta-victima-de-su-desorden-y-de-la-deforestacion-amazonica\/#primaryimage\"},\"image\":{\"@id\":\"https:\/\/biciurba.com\/index.php\/2024\/10\/31\/ciudad-sedienta-victima-de-su-desorden-y-de-la-deforestacion-amazonica\/#primaryimage\"},\"thumbnailUrl\":\"https:\/\/biciurba.com\/wp-content\/uploads\/2024\/10\/Saban-de-Bogota.png\",\"datePublished\":\"2024-10-31T21:36:57+00:00\",\"dateModified\":\"2024-10-31T21:38:27+00:00\",\"description\":\"Bogot\u00e1 vive hoy los embates de la destrucci\u00f3n de sus fuentes de agua causadas por la deforestaci\u00f3n amaz\u00f3nica\",\"breadcrumb\":{\"@id\":\"https:\/\/biciurba.com\/index.php\/2024\/10\/31\/ciudad-sedienta-victima-de-su-desorden-y-de-la-deforestacion-amazonica\/#breadcrumb\"},\"inLanguage\":\"es\",\"potentialAction\":[{\"@type\":\"ReadAction\",\"target\":[\"https:\/\/biciurba.com\/index.php\/2024\/10\/31\/ciudad-sedienta-victima-de-su-desorden-y-de-la-deforestacion-amazonica\/\"]}]},{\"@type\":\"ImageObject\",\"inLanguage\":\"es\",\"@id\":\"https:\/\/biciurba.com\/index.php\/2024\/10\/31\/ciudad-sedienta-victima-de-su-desorden-y-de-la-deforestacion-amazonica\/#primaryimage\",\"url\":\"https:\/\/biciurba.com\/wp-content\/uploads\/2024\/10\/Saban-de-Bogota.png\",\"contentUrl\":\"https:\/\/biciurba.com\/wp-content\/uploads\/2024\/10\/Saban-de-Bogota.png\",\"width\":606,\"height\":404,\"caption\":\"El costo que se est\u00e1 comenzado a pagar por vivir en una ciudad que est\u00e1 agotando sus recursos de agua, energ\u00eda y en general de un buen vivir.\"},{\"@type\":\"BreadcrumbList\",\"@id\":\"https:\/\/biciurba.com\/index.php\/2024\/10\/31\/ciudad-sedienta-victima-de-su-desorden-y-de-la-deforestacion-amazonica\/#breadcrumb\",\"itemListElement\":[{\"@type\":\"ListItem\",\"position\":1,\"name\":\"Portada\",\"item\":\"https:\/\/biciurba.com\/\"},{\"@type\":\"ListItem\",\"position\":2,\"name\":\"Ciudad sedienta, v\u00edctima de su desorden y de la deforestaci\u00f3n amaz\u00f3nica\"}]},{\"@type\":\"WebSite\",\"@id\":\"https:\/\/biciurba.com\/#website\",\"url\":\"https:\/\/biciurba.com\/\",\"name\":\"Biciurba\",\"description\":\"Una mejor manera de vivir\",\"publisher\":{\"@id\":\"https:\/\/biciurba.com\/#\/schema\/person\/d9675ddf29ee982d268db0a3f239eced\"},\"potentialAction\":[{\"@type\":\"SearchAction\",\"target\":{\"@type\":\"EntryPoint\",\"urlTemplate\":\"https:\/\/biciurba.com\/?s={search_term_string}\"},\"query-input\":{\"@type\":\"PropertyValueSpecification\",\"valueRequired\":true,\"valueName\":\"search_term_string\"}}],\"inLanguage\":\"es\"},{\"@type\":[\"Person\",\"Organization\"],\"@id\":\"https:\/\/biciurba.com\/#\/schema\/person\/d9675ddf29ee982d268db0a3f239eced\",\"name\":\"Carlos Cantor\",\"image\":{\"@type\":\"ImageObject\",\"inLanguage\":\"es\",\"@id\":\"https:\/\/biciurba.com\/#\/schema\/person\/image\/\",\"url\":\"https:\/\/biciurba.com\/wp-content\/uploads\/2024\/04\/cropped-logo-1.png\",\"contentUrl\":\"https:\/\/biciurba.com\/wp-content\/uploads\/2024\/04\/cropped-logo-1.png\",\"width\":512,\"height\":318,\"caption\":\"Carlos Cantor\"},\"logo\":{\"@id\":\"https:\/\/biciurba.com\/#\/schema\/person\/image\/\"},\"sameAs\":[\"https:\/\/biciurba.com\"],\"url\":\"https:\/\/biciurba.com\/index.php\/author\/ccantor\/\"}]}<\/script>\n<!-- \/ Yoast SEO plugin. -->","yoast_head_json":{"title":"Ciudad sedienta, v\u00edctima de su desorden y de la deforestaci\u00f3n amaz\u00f3nica - Biciurba","description":"Bogot\u00e1 vive hoy los embates de la destrucci\u00f3n de sus fuentes de agua causadas por la deforestaci\u00f3n amaz\u00f3nica","robots":{"index":"index","follow":"follow","max-snippet":"max-snippet:-1","max-image-preview":"max-image-preview:large","max-video-preview":"max-video-preview:-1"},"canonical":"https:\/\/biciurba.com\/index.php\/2024\/10\/31\/ciudad-sedienta-victima-de-su-desorden-y-de-la-deforestacion-amazonica\/","og_locale":"es_ES","og_type":"article","og_title":"Ciudad sedienta, v\u00edctima de su desorden y de la deforestaci\u00f3n amaz\u00f3nica - Biciurba","og_description":"Bogot\u00e1 vive hoy los embates de la destrucci\u00f3n de sus fuentes de agua causadas por la deforestaci\u00f3n amaz\u00f3nica","og_url":"https:\/\/biciurba.com\/index.php\/2024\/10\/31\/ciudad-sedienta-victima-de-su-desorden-y-de-la-deforestacion-amazonica\/","og_site_name":"Biciurba","article_published_time":"2024-10-31T21:36:57+00:00","article_modified_time":"2024-10-31T21:38:27+00:00","og_image":[{"width":606,"height":404,"url":"https:\/\/biciurba.com\/wp-content\/uploads\/2024\/10\/Saban-de-Bogota.png","type":"image\/png"}],"author":"Carlos Cantor","twitter_card":"summary_large_image","twitter_misc":{"Escrito por":"Carlos Cantor","Tiempo de lectura":"6 minutos"},"schema":{"@context":"https:\/\/schema.org","@graph":[{"@type":"Article","@id":"https:\/\/biciurba.com\/index.php\/2024\/10\/31\/ciudad-sedienta-victima-de-su-desorden-y-de-la-deforestacion-amazonica\/#article","isPartOf":{"@id":"https:\/\/biciurba.com\/index.php\/2024\/10\/31\/ciudad-sedienta-victima-de-su-desorden-y-de-la-deforestacion-amazonica\/"},"author":{"name":"Carlos Cantor","@id":"https:\/\/biciurba.com\/#\/schema\/person\/d9675ddf29ee982d268db0a3f239eced"},"headline":"Ciudad sedienta, v\u00edctima de su desorden y de la deforestaci\u00f3n amaz\u00f3nica","datePublished":"2024-10-31T21:36:57+00:00","dateModified":"2024-10-31T21:38:27+00:00","mainEntityOfPage":{"@id":"https:\/\/biciurba.com\/index.php\/2024\/10\/31\/ciudad-sedienta-victima-de-su-desorden-y-de-la-deforestacion-amazonica\/"},"wordCount":1136,"commentCount":0,"publisher":{"@id":"https:\/\/biciurba.com\/#\/schema\/person\/d9675ddf29ee982d268db0a3f239eced"},"image":{"@id":"https:\/\/biciurba.com\/index.php\/2024\/10\/31\/ciudad-sedienta-victima-de-su-desorden-y-de-la-deforestacion-amazonica\/#primaryimage"},"thumbnailUrl":"https:\/\/biciurba.com\/wp-content\/uploads\/2024\/10\/Saban-de-Bogota.png","keywords":["agua potable","Bogot\u00e1","COP16","crecimiento urbano","Crisis clim\u00e1tica","energ\u00eda electrica"],"articleSection":["Ciudad Sostenible"],"inLanguage":"es","potentialAction":[{"@type":"CommentAction","name":"Comment","target":["https:\/\/biciurba.com\/index.php\/2024\/10\/31\/ciudad-sedienta-victima-de-su-desorden-y-de-la-deforestacion-amazonica\/#respond"]}]},{"@type":"WebPage","@id":"https:\/\/biciurba.com\/index.php\/2024\/10\/31\/ciudad-sedienta-victima-de-su-desorden-y-de-la-deforestacion-amazonica\/","url":"https:\/\/biciurba.com\/index.php\/2024\/10\/31\/ciudad-sedienta-victima-de-su-desorden-y-de-la-deforestacion-amazonica\/","name":"Ciudad sedienta, v\u00edctima de su desorden y de la deforestaci\u00f3n amaz\u00f3nica - Biciurba","isPartOf":{"@id":"https:\/\/biciurba.com\/#website"},"primaryImageOfPage":{"@id":"https:\/\/biciurba.com\/index.php\/2024\/10\/31\/ciudad-sedienta-victima-de-su-desorden-y-de-la-deforestacion-amazonica\/#primaryimage"},"image":{"@id":"https:\/\/biciurba.com\/index.php\/2024\/10\/31\/ciudad-sedienta-victima-de-su-desorden-y-de-la-deforestacion-amazonica\/#primaryimage"},"thumbnailUrl":"https:\/\/biciurba.com\/wp-content\/uploads\/2024\/10\/Saban-de-Bogota.png","datePublished":"2024-10-31T21:36:57+00:00","dateModified":"2024-10-31T21:38:27+00:00","description":"Bogot\u00e1 vive hoy los embates de la destrucci\u00f3n de sus fuentes de agua causadas por la deforestaci\u00f3n amaz\u00f3nica","breadcrumb":{"@id":"https:\/\/biciurba.com\/index.php\/2024\/10\/31\/ciudad-sedienta-victima-de-su-desorden-y-de-la-deforestacion-amazonica\/#breadcrumb"},"inLanguage":"es","potentialAction":[{"@type":"ReadAction","target":["https:\/\/biciurba.com\/index.php\/2024\/10\/31\/ciudad-sedienta-victima-de-su-desorden-y-de-la-deforestacion-amazonica\/"]}]},{"@type":"ImageObject","inLanguage":"es","@id":"https:\/\/biciurba.com\/index.php\/2024\/10\/31\/ciudad-sedienta-victima-de-su-desorden-y-de-la-deforestacion-amazonica\/#primaryimage","url":"https:\/\/biciurba.com\/wp-content\/uploads\/2024\/10\/Saban-de-Bogota.png","contentUrl":"https:\/\/biciurba.com\/wp-content\/uploads\/2024\/10\/Saban-de-Bogota.png","width":606,"height":404,"caption":"El costo que se est\u00e1 comenzado a pagar por vivir en una ciudad que est\u00e1 agotando sus recursos de agua, energ\u00eda y en general de un buen vivir."},{"@type":"BreadcrumbList","@id":"https:\/\/biciurba.com\/index.php\/2024\/10\/31\/ciudad-sedienta-victima-de-su-desorden-y-de-la-deforestacion-amazonica\/#breadcrumb","itemListElement":[{"@type":"ListItem","position":1,"name":"Portada","item":"https:\/\/biciurba.com\/"},{"@type":"ListItem","position":2,"name":"Ciudad sedienta, v\u00edctima de su desorden y de la deforestaci\u00f3n amaz\u00f3nica"}]},{"@type":"WebSite","@id":"https:\/\/biciurba.com\/#website","url":"https:\/\/biciurba.com\/","name":"Biciurba","description":"Una mejor manera de vivir","publisher":{"@id":"https:\/\/biciurba.com\/#\/schema\/person\/d9675ddf29ee982d268db0a3f239eced"},"potentialAction":[{"@type":"SearchAction","target":{"@type":"EntryPoint","urlTemplate":"https:\/\/biciurba.com\/?s={search_term_string}"},"query-input":{"@type":"PropertyValueSpecification","valueRequired":true,"valueName":"search_term_string"}}],"inLanguage":"es"},{"@type":["Person","Organization"],"@id":"https:\/\/biciurba.com\/#\/schema\/person\/d9675ddf29ee982d268db0a3f239eced","name":"Carlos Cantor","image":{"@type":"ImageObject","inLanguage":"es","@id":"https:\/\/biciurba.com\/#\/schema\/person\/image\/","url":"https:\/\/biciurba.com\/wp-content\/uploads\/2024\/04\/cropped-logo-1.png","contentUrl":"https:\/\/biciurba.com\/wp-content\/uploads\/2024\/04\/cropped-logo-1.png","width":512,"height":318,"caption":"Carlos Cantor"},"logo":{"@id":"https:\/\/biciurba.com\/#\/schema\/person\/image\/"},"sameAs":["https:\/\/biciurba.com"],"url":"https:\/\/biciurba.com\/index.php\/author\/ccantor\/"}]}},"_links":{"self":[{"href":"https:\/\/biciurba.com\/index.php\/wp-json\/wp\/v2\/posts\/1298"}],"collection":[{"href":"https:\/\/biciurba.com\/index.php\/wp-json\/wp\/v2\/posts"}],"about":[{"href":"https:\/\/biciurba.com\/index.php\/wp-json\/wp\/v2\/types\/post"}],"author":[{"embeddable":true,"href":"https:\/\/biciurba.com\/index.php\/wp-json\/wp\/v2\/users\/1"}],"replies":[{"embeddable":true,"href":"https:\/\/biciurba.com\/index.php\/wp-json\/wp\/v2\/comments?post=1298"}],"version-history":[{"count":1,"href":"https:\/\/biciurba.com\/index.php\/wp-json\/wp\/v2\/posts\/1298\/revisions"}],"predecessor-version":[{"id":1300,"href":"https:\/\/biciurba.com\/index.php\/wp-json\/wp\/v2\/posts\/1298\/revisions\/1300"}],"wp:featuredmedia":[{"embeddable":true,"href":"https:\/\/biciurba.com\/index.php\/wp-json\/wp\/v2\/media\/1299"}],"wp:attachment":[{"href":"https:\/\/biciurba.com\/index.php\/wp-json\/wp\/v2\/media?parent=1298"}],"wp:term":[{"taxonomy":"category","embeddable":true,"href":"https:\/\/biciurba.com\/index.php\/wp-json\/wp\/v2\/categories?post=1298"},{"taxonomy":"post_tag","embeddable":true,"href":"https:\/\/biciurba.com\/index.php\/wp-json\/wp\/v2\/tags?post=1298"}],"curies":[{"name":"wp","href":"https:\/\/api.w.org\/{rel}","templated":true}]}}