{"id":1314,"date":"2024-11-04T10:30:15","date_gmt":"2024-11-04T15:30:15","guid":{"rendered":"https:\/\/biciurba.com\/?p=1314"},"modified":"2024-11-04T18:45:46","modified_gmt":"2024-11-04T23:45:46","slug":"al-terminar-la-fiesta-de-la-cop16-que-quedo-en-realidad","status":"publish","type":"post","link":"https:\/\/biciurba.com\/index.php\/2024\/11\/04\/al-terminar-la-fiesta-de-la-cop16-que-quedo-en-realidad\/","title":{"rendered":"Al terminar la fiesta de la COP16, \u00bfQu\u00e9 qued\u00f3 en realidad?"},"content":{"rendered":"\n<p>Como toda fiesta, al final comienzan los balances y la tarea de poner en orden del lugar en donde se celebr\u00f3. As\u00ed sucede en Cali, que durante la COP16 mostr\u00f3 nuevamente ese rostro de ciudad c\u00edvica, bonita, amable en donde la vida se goza a placer. Despu\u00e9s de meses de mucha incertidumbre causada en parte por los movimientos civiles, que la pusieron en jaque, volvimos a so\u00f1ar con el Valle del Cauca. Arte, cultura e integraci\u00f3n global se hicieron presente para dialogar sobre un tema que deber\u00eda ser diario para todos: la crisis ambiental y el cap\u00edtulo de la biodiversidad.<\/p>\n\n\n\n<p>Este tiempo en el que vivimos y en el marco cultural que desarrollamos nuestra existencia, nos ha ense\u00f1ado a ser derrochadores, inescrupulosos con la naturaleza y sentirnos como el centro de toda la vida en este planeta que asumimos como nuestro, cuando en realidad somos existencias transitorias, que a duras penas llegamos a tres cuartas partes de un siglo. Realmente los que superan los cien a\u00f1os de vida son la excepci\u00f3n y no la norma.<\/p>\n\n\n\n<p>Esta civilizaci\u00f3n occidental liberal y supuestamente democr\u00e1tica, porque a la final la interpretaci\u00f3n de la democracia no es solo ejercer el voto universal, encierra muchas otras acciones sociales que no se dan en reg\u00edmenes autoritarios que pululan por doquier, muy bien disfrazados. As\u00ed las cosas, en la COP 16 se plane\u00f3 la necesidad de la defensa y el cuidado de la biodiversidad, porque su destrucci\u00f3n genera grandes desequilibrios ambientales que atentan contra todas las formas d vida que nos rodean.<\/p>\n\n\n\n<p>Al romper el equilibrio biol\u00f3gico atentamos contra los ciclos del agua, de los gases, de las temperaturas y las corrientes de aire fr\u00edo y caliente, en fin creamos el caos de un planeta que hace 12mil a\u00f1os se organiz\u00f3 para que pudi\u00e9ramos habitarlo y vivir de su bondad. Y nuestra historia se considera que se inici\u00f3 hace 10,000 a\u00f1os y de los cuales en los dos \u00faltimos siglos, cuando desarrollamos las revoluciones industriales y nos volvimos mayoritariamente urbanos, tambi\u00e9n iniciamos una aventura que por ahora, nos esta alertando de los malos tiempos que tendremos en un futuro no tan lejano.<\/p>\n\n\n\n<p>La preocupaci\u00f3n de cient\u00edficos, de algunas organizaciones, entre ella la ONU, buscan la forma que todos los gobiernos del mundo cambien su mirada de lo que debe ser nuestra forma de utilizar los que hemos denominado recursos naturales, una forma bastante materialista de nombrar las bondades del planeta, de la forma de consumir bienes y servicios, y de entender que lo que se esta poniendo en riesgo letal es nuestra propia existencia sobre la superficie de este planeta.<\/p>\n\n\n\n<p>Para muchos todo el tema se reduce a un proceso natural del planeta que ya ha experimentado tras transformaciones geol\u00f3gicas: Prec\u00e1mbrico (Arcaica), Paleozoica, Mesozoica, Cenozoica Terciaria y Cuaternaria (algunos autores la consideran). Hoy le sumamos el Antropoceno, que es la aceleraci\u00f3n de las transformaciones y destrucci\u00f3n de la vida en el planeta. Ahora bien, esto no suceder\u00e1 de la noche a la ma\u00f1ana, pasar\u00e1n a\u00f1os en los cuales se nuestros descendientes tendr\u00e1n muy malos ratos. Seg\u00fan parece esto no le importa a los poderosos de estos tiempos.<\/p>\n\n\n\n<p>Seg\u00fan la pagina de la ONU, \u201cAl t\u00e9rmino de la COP16 quedaron dos puntos pendientes de acuerdo, ambos trascendentales para la implementaci\u00f3n del Marco Mundial Kunming-Montreal para la Biodiversidad, el plan global que se adopt\u00f3 durante la COP15 en Canad\u00e1 para detener y revertir la p\u00e9rdida de biodiversidad para el a\u00f1o 2030. La raz\u00f3n fue la suspensi\u00f3n de la cumbre debido a que ya no hab\u00eda un n\u00famero suficiente de negociadores. \u201cEso deja algunos retos para la convenci\u00f3n y corresponde empezar a subsanarlos\u201d, reconoci\u00f3 la ministra de ambiente de Colombia y presidenta de la Conferencia, Susana Muhamad\u201d.<\/p>\n\n\n\n<p>Y agrega el texto: \u201cUno de ellos fue la falta de definici\u00f3n de un modelo de financiamiento para llevar el plan de protecci\u00f3n de la biodiversidad a la realidad, identificando las fuentes de recursos, los mecanismos de acceso y de ejecuci\u00f3n. Los c\u00e1lculos indican que para la implementaci\u00f3n del marco se requieren 700.000 millones de d\u00f3lares. El otro punto que no se alcanz\u00f3 a concretar fue el del mecanismo de monitoreo para medir los avances de los pa\u00edses en el cumplimiento de la hoja de ruta para la protecci\u00f3n de la biodiversidad\u201d.<\/p>\n\n\n\n<p>Suena a frase de caj\u00f3n que m\u00e1s se gasta en la guerra fratricida y es cierto, veamos. La guerra en Ucrania en 2023 alcanz\u00f3 la cifra 2,44 billones de d\u00f3lares, un 6,8 % m\u00e1s en t\u00e9rminos reales que en 2022 y un 2,3 % del Producto Interior Bruto (PIB) global. Estados Unidos gast\u00f3 916.000 millones de d\u00f3lares, en esa guerra. La OTAN ascendi\u00f3 a 1,34 billones de d\u00f3lares. Rusia, destin\u00f3 una cifra estimada de 109.000 millones de d\u00f3lares, Ucrania, el octavo inversor mundial en armas, aument\u00f3 su gasto un 51 % hasta 64.800 millones de d\u00f3lares, un tercio de su PIB.<\/p>\n\n\n\n<p>China gast\u00f3 cerca de 296.000 millones de d\u00f3lares, un 6 % m\u00e1s y el 12 % del total, lo que supuso la mitad de la inversi\u00f3n en la regi\u00f3n Asia-Ocean\u00eda y arrastr\u00f3 a otros pa\u00edses, as\u00ed, Jap\u00f3n aument\u00f3 su gasto militar un 11 % y, Taiwan, un 11 %. Oriente Medio registr\u00f3 la mayor subida en una d\u00e9cada, un 9 %, con Arabia Saud\u00ed como l\u00edder regional, seguido por Israel, que aument\u00f3 un 24 % su gasto por su ofensiva a gran escala en la Franja de Gaza tras los ataques de Ham\u00e1s en octubre de 2023.<\/p>\n\n\n\n<p>Ciertamente la humanidad no aprende las lecciones, en el fondo seguimos siendo los mismos, solo cambiamos y desarrollamos tecnolog\u00edas, pero la ambici\u00f3n de poder, el adue\u00f1arse de todo lo que existe en el planeta sigue rondando en la cabeza de los l\u00edderes mundiales a todos los niveles. Ante esta realidad queda un camino posible, que como humanidad podremos transitar pero depende de cada uno. Vivir con menos, consumir menos, aprovechar ciertas tecnolog\u00edas como la energ\u00eda fotovoltaica, la reutilizaci\u00f3n y purificaci\u00f3n de agua de forma natural, cuidar los suelos que sustentan la vida y tener una movilidad adecuada que no consuma fuentes contaminadoras.<\/p>\n\n\n\n<p>La tarea es compleja, pero lo ser\u00e1 m\u00e1s para los que vienen, estar\u00e1n en un planeta muy dif\u00edcil, que ya no ser\u00e1 de la abundancia y debemos comenzar a entender que somos los que les ense\u00f1aremos a los que est\u00e1n naciendo a vivir con menos, a no desperdiciar, a cuidar y proteger el entorno. Los economistas pondr\u00e1n el grito en cielo, pero su inmenso poder decisorio debe cambiar, es m\u00e1s importante la vida que el dinero y la rentabilidad que logran con la destrucci\u00f3n generalizada del planeta.<\/p>\n","protected":false},"excerpt":{"rendered":"<p>La COP16 aprob\u00f3 por consenso el reconocimiento de la contribuci\u00f3n de las comunidades ind\u00edgenas, afrodescendientes y comunidades locales al cuidado y la preservaci\u00f3n de la biodiversidad e implica \u00abla creaci\u00f3n de un nuevo \u00f3rgano subsidiario del Art\u00edculo 8J\u00bb del Marco Global de Biodiversidad Kunming-Montreal.<\/p>\n","protected":false},"author":1,"featured_media":1315,"comment_status":"open","ping_status":"open","sticky":false,"template":"","format":"standard","meta":{"footnotes":""},"categories":[95],"tags":[82,502,19,524],"class_list":["post-1314","post","type-post","status-publish","format-standard","has-post-thumbnail","hentry","category-crisis-climatica","tag-antropoceno","tag-cop16","tag-crisis-climatica","tag-destruccion"],"yoast_head":"<!-- This site is optimized with the Yoast SEO plugin v23.9 - https:\/\/yoast.com\/wordpress\/plugins\/seo\/ -->\n<title>Al terminar la fiesta de la COP16, \u00bfQu\u00e9 qued\u00f3 en realidad? - Biciurba<\/title>\n<meta name=\"robots\" content=\"index, follow, max-snippet:-1, max-image-preview:large, max-video-preview:-1\" \/>\n<link rel=\"canonical\" href=\"https:\/\/biciurba.com\/index.php\/2024\/11\/04\/al-terminar-la-fiesta-de-la-cop16-que-quedo-en-realidad\/\" \/>\n<meta property=\"og:locale\" content=\"es_ES\" \/>\n<meta property=\"og:type\" content=\"article\" \/>\n<meta property=\"og:title\" content=\"Al terminar la fiesta de la COP16, \u00bfQu\u00e9 qued\u00f3 en realidad? - Biciurba\" \/>\n<meta property=\"og:description\" content=\"La COP16 aprob\u00f3 por consenso el reconocimiento de la contribuci\u00f3n de las comunidades ind\u00edgenas, afrodescendientes y comunidades locales al cuidado y la preservaci\u00f3n de la biodiversidad e implica &quot;la creaci\u00f3n de un nuevo \u00f3rgano subsidiario del Art\u00edculo 8J&quot; del Marco Global de Biodiversidad Kunming-Montreal.\" \/>\n<meta property=\"og:url\" content=\"https:\/\/biciurba.com\/index.php\/2024\/11\/04\/al-terminar-la-fiesta-de-la-cop16-que-quedo-en-realidad\/\" \/>\n<meta property=\"og:site_name\" content=\"Biciurba\" \/>\n<meta property=\"article:published_time\" content=\"2024-11-04T15:30:15+00:00\" \/>\n<meta property=\"article:modified_time\" content=\"2024-11-04T23:45:46+00:00\" \/>\n<meta property=\"og:image\" content=\"https:\/\/biciurba.com\/wp-content\/uploads\/2024\/11\/promocion.png\" \/>\n\t<meta property=\"og:image:width\" content=\"600\" \/>\n\t<meta property=\"og:image:height\" content=\"400\" \/>\n\t<meta property=\"og:image:type\" content=\"image\/png\" \/>\n<meta name=\"author\" content=\"Carlos Cantor\" \/>\n<meta name=\"twitter:card\" content=\"summary_large_image\" \/>\n<meta name=\"twitter:label1\" content=\"Escrito por\" \/>\n\t<meta name=\"twitter:data1\" content=\"Carlos Cantor\" \/>\n\t<meta name=\"twitter:label2\" content=\"Tiempo de lectura\" \/>\n\t<meta name=\"twitter:data2\" content=\"6 minutos\" \/>\n<script type=\"application\/ld+json\" class=\"yoast-schema-graph\">{\"@context\":\"https:\/\/schema.org\",\"@graph\":[{\"@type\":\"Article\",\"@id\":\"https:\/\/biciurba.com\/index.php\/2024\/11\/04\/al-terminar-la-fiesta-de-la-cop16-que-quedo-en-realidad\/#article\",\"isPartOf\":{\"@id\":\"https:\/\/biciurba.com\/index.php\/2024\/11\/04\/al-terminar-la-fiesta-de-la-cop16-que-quedo-en-realidad\/\"},\"author\":{\"name\":\"Carlos Cantor\",\"@id\":\"https:\/\/biciurba.com\/#\/schema\/person\/d9675ddf29ee982d268db0a3f239eced\"},\"headline\":\"Al terminar la fiesta de la COP16, \u00bfQu\u00e9 qued\u00f3 en realidad?\",\"datePublished\":\"2024-11-04T15:30:15+00:00\",\"dateModified\":\"2024-11-04T23:45:46+00:00\",\"mainEntityOfPage\":{\"@id\":\"https:\/\/biciurba.com\/index.php\/2024\/11\/04\/al-terminar-la-fiesta-de-la-cop16-que-quedo-en-realidad\/\"},\"wordCount\":1160,\"commentCount\":0,\"publisher\":{\"@id\":\"https:\/\/biciurba.com\/#\/schema\/person\/d9675ddf29ee982d268db0a3f239eced\"},\"image\":{\"@id\":\"https:\/\/biciurba.com\/index.php\/2024\/11\/04\/al-terminar-la-fiesta-de-la-cop16-que-quedo-en-realidad\/#primaryimage\"},\"thumbnailUrl\":\"https:\/\/biciurba.com\/wp-content\/uploads\/2024\/11\/promocion.png\",\"keywords\":[\"Antropoceno\",\"COP16\",\"Crisis clim\u00e1tica\",\"destrucci\u00f3n\"],\"articleSection\":[\"Crisis clim\u00e1tica\"],\"inLanguage\":\"es\",\"potentialAction\":[{\"@type\":\"CommentAction\",\"name\":\"Comment\",\"target\":[\"https:\/\/biciurba.com\/index.php\/2024\/11\/04\/al-terminar-la-fiesta-de-la-cop16-que-quedo-en-realidad\/#respond\"]}]},{\"@type\":\"WebPage\",\"@id\":\"https:\/\/biciurba.com\/index.php\/2024\/11\/04\/al-terminar-la-fiesta-de-la-cop16-que-quedo-en-realidad\/\",\"url\":\"https:\/\/biciurba.com\/index.php\/2024\/11\/04\/al-terminar-la-fiesta-de-la-cop16-que-quedo-en-realidad\/\",\"name\":\"Al terminar la fiesta de la COP16, \u00bfQu\u00e9 qued\u00f3 en realidad? - Biciurba\",\"isPartOf\":{\"@id\":\"https:\/\/biciurba.com\/#website\"},\"primaryImageOfPage\":{\"@id\":\"https:\/\/biciurba.com\/index.php\/2024\/11\/04\/al-terminar-la-fiesta-de-la-cop16-que-quedo-en-realidad\/#primaryimage\"},\"image\":{\"@id\":\"https:\/\/biciurba.com\/index.php\/2024\/11\/04\/al-terminar-la-fiesta-de-la-cop16-que-quedo-en-realidad\/#primaryimage\"},\"thumbnailUrl\":\"https:\/\/biciurba.com\/wp-content\/uploads\/2024\/11\/promocion.png\",\"datePublished\":\"2024-11-04T15:30:15+00:00\",\"dateModified\":\"2024-11-04T23:45:46+00:00\",\"breadcrumb\":{\"@id\":\"https:\/\/biciurba.com\/index.php\/2024\/11\/04\/al-terminar-la-fiesta-de-la-cop16-que-quedo-en-realidad\/#breadcrumb\"},\"inLanguage\":\"es\",\"potentialAction\":[{\"@type\":\"ReadAction\",\"target\":[\"https:\/\/biciurba.com\/index.php\/2024\/11\/04\/al-terminar-la-fiesta-de-la-cop16-que-quedo-en-realidad\/\"]}]},{\"@type\":\"ImageObject\",\"inLanguage\":\"es\",\"@id\":\"https:\/\/biciurba.com\/index.php\/2024\/11\/04\/al-terminar-la-fiesta-de-la-cop16-que-quedo-en-realidad\/#primaryimage\",\"url\":\"https:\/\/biciurba.com\/wp-content\/uploads\/2024\/11\/promocion.png\",\"contentUrl\":\"https:\/\/biciurba.com\/wp-content\/uploads\/2024\/11\/promocion.png\",\"width\":600,\"height\":400},{\"@type\":\"BreadcrumbList\",\"@id\":\"https:\/\/biciurba.com\/index.php\/2024\/11\/04\/al-terminar-la-fiesta-de-la-cop16-que-quedo-en-realidad\/#breadcrumb\",\"itemListElement\":[{\"@type\":\"ListItem\",\"position\":1,\"name\":\"Portada\",\"item\":\"https:\/\/biciurba.com\/\"},{\"@type\":\"ListItem\",\"position\":2,\"name\":\"Al terminar la fiesta de la COP16, \u00bfQu\u00e9 qued\u00f3 en realidad?\"}]},{\"@type\":\"WebSite\",\"@id\":\"https:\/\/biciurba.com\/#website\",\"url\":\"https:\/\/biciurba.com\/\",\"name\":\"Biciurba\",\"description\":\"Una mejor manera de vivir\",\"publisher\":{\"@id\":\"https:\/\/biciurba.com\/#\/schema\/person\/d9675ddf29ee982d268db0a3f239eced\"},\"potentialAction\":[{\"@type\":\"SearchAction\",\"target\":{\"@type\":\"EntryPoint\",\"urlTemplate\":\"https:\/\/biciurba.com\/?s={search_term_string}\"},\"query-input\":{\"@type\":\"PropertyValueSpecification\",\"valueRequired\":true,\"valueName\":\"search_term_string\"}}],\"inLanguage\":\"es\"},{\"@type\":[\"Person\",\"Organization\"],\"@id\":\"https:\/\/biciurba.com\/#\/schema\/person\/d9675ddf29ee982d268db0a3f239eced\",\"name\":\"Carlos Cantor\",\"image\":{\"@type\":\"ImageObject\",\"inLanguage\":\"es\",\"@id\":\"https:\/\/biciurba.com\/#\/schema\/person\/image\/\",\"url\":\"https:\/\/biciurba.com\/wp-content\/uploads\/2024\/04\/cropped-logo-1.png\",\"contentUrl\":\"https:\/\/biciurba.com\/wp-content\/uploads\/2024\/04\/cropped-logo-1.png\",\"width\":512,\"height\":318,\"caption\":\"Carlos Cantor\"},\"logo\":{\"@id\":\"https:\/\/biciurba.com\/#\/schema\/person\/image\/\"},\"sameAs\":[\"https:\/\/biciurba.com\"],\"url\":\"https:\/\/biciurba.com\/index.php\/author\/ccantor\/\"}]}<\/script>\n<!-- \/ Yoast SEO plugin. -->","yoast_head_json":{"title":"Al terminar la fiesta de la COP16, \u00bfQu\u00e9 qued\u00f3 en realidad? - Biciurba","robots":{"index":"index","follow":"follow","max-snippet":"max-snippet:-1","max-image-preview":"max-image-preview:large","max-video-preview":"max-video-preview:-1"},"canonical":"https:\/\/biciurba.com\/index.php\/2024\/11\/04\/al-terminar-la-fiesta-de-la-cop16-que-quedo-en-realidad\/","og_locale":"es_ES","og_type":"article","og_title":"Al terminar la fiesta de la COP16, \u00bfQu\u00e9 qued\u00f3 en realidad? - Biciurba","og_description":"La COP16 aprob\u00f3 por consenso el reconocimiento de la contribuci\u00f3n de las comunidades ind\u00edgenas, afrodescendientes y comunidades locales al cuidado y la preservaci\u00f3n de la biodiversidad e implica \"la creaci\u00f3n de un nuevo \u00f3rgano subsidiario del Art\u00edculo 8J\" del Marco Global de Biodiversidad Kunming-Montreal.","og_url":"https:\/\/biciurba.com\/index.php\/2024\/11\/04\/al-terminar-la-fiesta-de-la-cop16-que-quedo-en-realidad\/","og_site_name":"Biciurba","article_published_time":"2024-11-04T15:30:15+00:00","article_modified_time":"2024-11-04T23:45:46+00:00","og_image":[{"width":600,"height":400,"url":"https:\/\/biciurba.com\/wp-content\/uploads\/2024\/11\/promocion.png","type":"image\/png"}],"author":"Carlos Cantor","twitter_card":"summary_large_image","twitter_misc":{"Escrito por":"Carlos Cantor","Tiempo de lectura":"6 minutos"},"schema":{"@context":"https:\/\/schema.org","@graph":[{"@type":"Article","@id":"https:\/\/biciurba.com\/index.php\/2024\/11\/04\/al-terminar-la-fiesta-de-la-cop16-que-quedo-en-realidad\/#article","isPartOf":{"@id":"https:\/\/biciurba.com\/index.php\/2024\/11\/04\/al-terminar-la-fiesta-de-la-cop16-que-quedo-en-realidad\/"},"author":{"name":"Carlos Cantor","@id":"https:\/\/biciurba.com\/#\/schema\/person\/d9675ddf29ee982d268db0a3f239eced"},"headline":"Al terminar la fiesta de la COP16, \u00bfQu\u00e9 qued\u00f3 en realidad?","datePublished":"2024-11-04T15:30:15+00:00","dateModified":"2024-11-04T23:45:46+00:00","mainEntityOfPage":{"@id":"https:\/\/biciurba.com\/index.php\/2024\/11\/04\/al-terminar-la-fiesta-de-la-cop16-que-quedo-en-realidad\/"},"wordCount":1160,"commentCount":0,"publisher":{"@id":"https:\/\/biciurba.com\/#\/schema\/person\/d9675ddf29ee982d268db0a3f239eced"},"image":{"@id":"https:\/\/biciurba.com\/index.php\/2024\/11\/04\/al-terminar-la-fiesta-de-la-cop16-que-quedo-en-realidad\/#primaryimage"},"thumbnailUrl":"https:\/\/biciurba.com\/wp-content\/uploads\/2024\/11\/promocion.png","keywords":["Antropoceno","COP16","Crisis clim\u00e1tica","destrucci\u00f3n"],"articleSection":["Crisis clim\u00e1tica"],"inLanguage":"es","potentialAction":[{"@type":"CommentAction","name":"Comment","target":["https:\/\/biciurba.com\/index.php\/2024\/11\/04\/al-terminar-la-fiesta-de-la-cop16-que-quedo-en-realidad\/#respond"]}]},{"@type":"WebPage","@id":"https:\/\/biciurba.com\/index.php\/2024\/11\/04\/al-terminar-la-fiesta-de-la-cop16-que-quedo-en-realidad\/","url":"https:\/\/biciurba.com\/index.php\/2024\/11\/04\/al-terminar-la-fiesta-de-la-cop16-que-quedo-en-realidad\/","name":"Al terminar la fiesta de la COP16, \u00bfQu\u00e9 qued\u00f3 en realidad? - Biciurba","isPartOf":{"@id":"https:\/\/biciurba.com\/#website"},"primaryImageOfPage":{"@id":"https:\/\/biciurba.com\/index.php\/2024\/11\/04\/al-terminar-la-fiesta-de-la-cop16-que-quedo-en-realidad\/#primaryimage"},"image":{"@id":"https:\/\/biciurba.com\/index.php\/2024\/11\/04\/al-terminar-la-fiesta-de-la-cop16-que-quedo-en-realidad\/#primaryimage"},"thumbnailUrl":"https:\/\/biciurba.com\/wp-content\/uploads\/2024\/11\/promocion.png","datePublished":"2024-11-04T15:30:15+00:00","dateModified":"2024-11-04T23:45:46+00:00","breadcrumb":{"@id":"https:\/\/biciurba.com\/index.php\/2024\/11\/04\/al-terminar-la-fiesta-de-la-cop16-que-quedo-en-realidad\/#breadcrumb"},"inLanguage":"es","potentialAction":[{"@type":"ReadAction","target":["https:\/\/biciurba.com\/index.php\/2024\/11\/04\/al-terminar-la-fiesta-de-la-cop16-que-quedo-en-realidad\/"]}]},{"@type":"ImageObject","inLanguage":"es","@id":"https:\/\/biciurba.com\/index.php\/2024\/11\/04\/al-terminar-la-fiesta-de-la-cop16-que-quedo-en-realidad\/#primaryimage","url":"https:\/\/biciurba.com\/wp-content\/uploads\/2024\/11\/promocion.png","contentUrl":"https:\/\/biciurba.com\/wp-content\/uploads\/2024\/11\/promocion.png","width":600,"height":400},{"@type":"BreadcrumbList","@id":"https:\/\/biciurba.com\/index.php\/2024\/11\/04\/al-terminar-la-fiesta-de-la-cop16-que-quedo-en-realidad\/#breadcrumb","itemListElement":[{"@type":"ListItem","position":1,"name":"Portada","item":"https:\/\/biciurba.com\/"},{"@type":"ListItem","position":2,"name":"Al terminar la fiesta de la COP16, \u00bfQu\u00e9 qued\u00f3 en realidad?"}]},{"@type":"WebSite","@id":"https:\/\/biciurba.com\/#website","url":"https:\/\/biciurba.com\/","name":"Biciurba","description":"Una mejor manera de vivir","publisher":{"@id":"https:\/\/biciurba.com\/#\/schema\/person\/d9675ddf29ee982d268db0a3f239eced"},"potentialAction":[{"@type":"SearchAction","target":{"@type":"EntryPoint","urlTemplate":"https:\/\/biciurba.com\/?s={search_term_string}"},"query-input":{"@type":"PropertyValueSpecification","valueRequired":true,"valueName":"search_term_string"}}],"inLanguage":"es"},{"@type":["Person","Organization"],"@id":"https:\/\/biciurba.com\/#\/schema\/person\/d9675ddf29ee982d268db0a3f239eced","name":"Carlos Cantor","image":{"@type":"ImageObject","inLanguage":"es","@id":"https:\/\/biciurba.com\/#\/schema\/person\/image\/","url":"https:\/\/biciurba.com\/wp-content\/uploads\/2024\/04\/cropped-logo-1.png","contentUrl":"https:\/\/biciurba.com\/wp-content\/uploads\/2024\/04\/cropped-logo-1.png","width":512,"height":318,"caption":"Carlos Cantor"},"logo":{"@id":"https:\/\/biciurba.com\/#\/schema\/person\/image\/"},"sameAs":["https:\/\/biciurba.com"],"url":"https:\/\/biciurba.com\/index.php\/author\/ccantor\/"}]}},"_links":{"self":[{"href":"https:\/\/biciurba.com\/index.php\/wp-json\/wp\/v2\/posts\/1314"}],"collection":[{"href":"https:\/\/biciurba.com\/index.php\/wp-json\/wp\/v2\/posts"}],"about":[{"href":"https:\/\/biciurba.com\/index.php\/wp-json\/wp\/v2\/types\/post"}],"author":[{"embeddable":true,"href":"https:\/\/biciurba.com\/index.php\/wp-json\/wp\/v2\/users\/1"}],"replies":[{"embeddable":true,"href":"https:\/\/biciurba.com\/index.php\/wp-json\/wp\/v2\/comments?post=1314"}],"version-history":[{"count":2,"href":"https:\/\/biciurba.com\/index.php\/wp-json\/wp\/v2\/posts\/1314\/revisions"}],"predecessor-version":[{"id":1317,"href":"https:\/\/biciurba.com\/index.php\/wp-json\/wp\/v2\/posts\/1314\/revisions\/1317"}],"wp:featuredmedia":[{"embeddable":true,"href":"https:\/\/biciurba.com\/index.php\/wp-json\/wp\/v2\/media\/1315"}],"wp:attachment":[{"href":"https:\/\/biciurba.com\/index.php\/wp-json\/wp\/v2\/media?parent=1314"}],"wp:term":[{"taxonomy":"category","embeddable":true,"href":"https:\/\/biciurba.com\/index.php\/wp-json\/wp\/v2\/categories?post=1314"},{"taxonomy":"post_tag","embeddable":true,"href":"https:\/\/biciurba.com\/index.php\/wp-json\/wp\/v2\/tags?post=1314"}],"curies":[{"name":"wp","href":"https:\/\/api.w.org\/{rel}","templated":true}]}}