{"id":1342,"date":"2024-11-19T14:20:18","date_gmt":"2024-11-19T19:20:18","guid":{"rendered":"https:\/\/biciurba.com\/?p=1342"},"modified":"2024-11-19T14:20:20","modified_gmt":"2024-11-19T19:20:20","slug":"los-que-sufriran-la-crisis-climatica-alzan-su-voz-en-la-cop-29","status":"publish","type":"post","link":"https:\/\/biciurba.com\/index.php\/2024\/11\/19\/los-que-sufriran-la-crisis-climatica-alzan-su-voz-en-la-cop-29\/","title":{"rendered":"Los que sufrir\u00e1n la crisis clim\u00e1tica alzan su voz en la COP 29"},"content":{"rendered":"\n<p>Fuente: Noticias ONU<\/p>\n\n\n\n<p>Adem\u00e1s de las negociaciones, en otras reuniones y actos de alto nivel de la COP29 se trataron diversos temas, desde el nexo entre el clima y la salud hasta el desarrollo humano y la educaci\u00f3n. Los ni\u00f1os y los j\u00f3venes tambi\u00e9n hicieron o\u00edr su voz en varios actos muy animados y concurridos, en los que pidieron protecci\u00f3n contra los efectos del cambio clim\u00e1tico, medidas para evitar una mayor destrucci\u00f3n del planeta y esfuerzos para preservar la naturaleza.<\/p>\n\n\n\n<p>Instaron a los responsables de la toma de decisiones a que les concedan un asiento en la mesa de negociaciones sobre el clima y a que organicen una conferencia de la ONU sobre el clima espec\u00edfica para los ni\u00f1os.<\/p>\n\n\n\n<p>Seg\u00fan el Fondo de las Naciones Unidas para la Infancia (UNICEF), el cambio clim\u00e1tico afecta al bienestar de mil millones de ni\u00f1os, la mitad de la poblaci\u00f3n infantil mundial. La contaminaci\u00f3n atmosf\u00e9rica, las enfermedades infecciosas, la degradaci\u00f3n del medio ambiente y los fen\u00f3menos meteorol\u00f3gicos extremos comprometen la salud de los ni\u00f1os, obstaculizan su educaci\u00f3n y les privan de la nutrici\u00f3n que necesitan para crecer y prosperar.<\/p>\n\n\n\n<p>Durante las olas de calor, los ni\u00f1os peque\u00f1os corren el riesgo de deshidratarse porque sus cuerpos no pueden regular la temperatura eficazmente. Las inundaciones y las sequ\u00edas empobrecen a las familias, dejando que los ni\u00f1os sufran las consecuencias. \u00abLas inundaciones obligan a cerrar las escuelas en Liberia, y los ni\u00f1os faltan a clase\u00bb, explica Juanita Tamba, de la Asociaci\u00f3n Mundial de las Gu\u00edas Scouts, el mayor movimiento de voluntariado del mundo para el empoderamiento de las ni\u00f1as y las j\u00f3venes.<\/p>\n\n\n\n<p>\u00abY durante la estaci\u00f3n seca, tenemos que recorrer largas distancias para ir a buscar agua, y las ni\u00f1as a menudo se enfrentan a la violencia mientras tratan de conseguir agua\u00bb, dijo a Noticias ONU.<\/p>\n\n\n\n<p>UNICEF calcula que los desastres relacionados con el clima hacen que unos 40 millones de ni\u00f1os pierdan la escuela cada a\u00f1o, y la cifra va en aumento.<\/p>\n\n\n\n<p>Zunaira, de Pakist\u00e1n, una de las participantes m\u00e1s j\u00f3venes en Bak\u00fa, asiste a la COP29 con el apoyo de UNICEF. \u00abCuando hay inundaciones en mi pa\u00eds, los recursos se vuelven limitados y no hay suficientes para todos. Los ni\u00f1os, especialmente las ni\u00f1as, son los m\u00e1s afectados\u00bb, dijo Zunaira a Noticias ONU.<\/p>\n\n\n\n<p>En una conferencia de prensa de UNICEF sobre la acci\u00f3n clim\u00e1tica liderada por los j\u00f3venes, Rasul, de Azerbaiy\u00e1n, destac\u00f3 los peligros a los que se enfrenta el mar Caspio. \u00abDebido al aumento de las temperaturas y a las prolongadas olas de calor, el nivel del agua de esta incre\u00edble masa de agua est\u00e1 descendiendo\u00bb, afirm\u00f3.<\/p>\n\n\n\n<p>Se\u00f1al\u00f3 que la disminuci\u00f3n del Mar Caspio ya est\u00e1 afectando a la poblaci\u00f3n de Azerbaiy\u00e1n, que tambi\u00e9n est\u00e1 sufriendo el aumento de las temperaturas: \u00abTanto el verano como el invierno en Azerbaiy\u00e1n son cada vez m\u00e1s c\u00e1lidos\u00bb.<\/p>\n\n\n\n<p><strong>El futuro necesita una voz<\/strong><br>Catarina, una activista medioambiental de 16 a\u00f1os de Salvador (Brasil), ciudad situada a orillas del oc\u00e9ano Atl\u00e1ntico, tambi\u00e9n comparti\u00f3 sus experiencias. Apasionada del surf desde ni\u00f1a, se\u00f1al\u00f3: \u00abCuando ten\u00eda nueve a\u00f1os, sent\u00ed el calentamiento del oc\u00e9ano. Como surfista, estoy constantemente en el oc\u00e9ano. Me di cuenta de que algo iba mal cuando el agua estaba mucho m\u00e1s caliente de lo normal en las zonas que frecuentaba. Entonces me di cuenta de que los arrecifes de coral estaban cubiertos de manchas blancas: la decoloraci\u00f3n del coral era algo que nunca hab\u00eda visto antes\u00bb.<\/p>\n\n\n\n<p>A pesar de su corta edad, Catarina es una activista clim\u00e1tica experimentada. Cuando s\u00f3lo ten\u00eda 12 a\u00f1os, se uni\u00f3 a otros ni\u00f1os para presentar una queja ante el Comit\u00e9 de los Derechos del Ni\u00f1o de la ONU para protestar por la inacci\u00f3n del gobierno ante la crisis clim\u00e1tica. \u00abEra la primera vez que unos ni\u00f1os presentaban una queja global a trav\u00e9s de un mecanismo de la ONU. Denunciamos a cinco pa\u00edses y, como resultado, la ONU reconoci\u00f3 oficialmente que los derechos de los ni\u00f1os se ven afectados por la falta de acci\u00f3n clim\u00e1tica\u00bb, dijo Catarina.<\/p>\n\n\n\n<p>En su emotivo discurso, hizo hincapi\u00e9 en: \u00abLos ni\u00f1os tenemos cosas que decir, y sabemos c\u00f3mo decirlas. Necesitamos el espacio (\u2026) \u00a1Necesitamos una COP para los ni\u00f1os ahora mismo!\u00bb.<\/p>\n\n\n\n<p>Catarina se mostr\u00f3 preocupada por el hecho de que, cuando alcance una posici\u00f3n influyente, pueda ser demasiado tarde para poner en marcha un cambio significativo. \u00abLas acciones efectivas tienen que producirse ahora. Por eso hay que incluir a los ni\u00f1os en el proceso de toma de decisiones. Si somos el futuro, ese futuro debe tener voz\u00bb, concluy\u00f3.<\/p>\n\n\n\n<p><strong>Incluir a los ni\u00f1os en los planes<\/strong><br>La directora ejecutiva de UNICEF, Katherine Russell, se ha hecho eco de los sentimientos de Catarina, afirmando a principios de este mes: \u00abEn la COP29 y a trav\u00e9s de las Contribuciones Determinadas a Nivel Nacional, los gobiernos deben dar prioridad a los derechos de la infancia\u00bb.<\/p>\n\n\n\n<p>\u00abEs necesario incluir a los ni\u00f1os en las soluciones, y los l\u00edderes mundiales deben hacer que los sistemas de atenci\u00f3n sanitaria, educaci\u00f3n, agua y saneamiento sean m\u00e1s resistentes a los impactos del cambio clim\u00e1tico. Ahora es el momento de actuar\u00bb.<\/p>\n\n\n\n<p>En virtud del Acuerdo de Par\u00eds, los pa\u00edses deben presentar planes nacionales de acci\u00f3n clim\u00e1tica actualizados (NDC, por sus siglas en ingl\u00e9s), el pr\u00f3ximo a\u00f1o en la COP30. En ese contexto, UNICEF advierte que menos de la mitad de los planes actuales tienen en cuenta a los ni\u00f1os o los j\u00f3venes, y solo el 3% se elaboraron mediante procesos participativos en los que intervinieron ni\u00f1os.<\/p>\n\n\n\n<p>La canadiense Payton Esau, de 16 a\u00f1os, llev\u00f3 a la conferencia sobre el clima un manifiesto firmado por 800 de sus compa\u00f1eros. \u00abExigimos que los gobiernos se comuniquen en un lenguaje que los j\u00f3venes puedan entender para que sepamos qu\u00e9 medidas se est\u00e1n tomando para combatir el cambio clim\u00e1tico. Los gobiernos deben actuar sin demora para mantener el calentamiento por debajo de 1,5 grados cent\u00edgrados\u00bb, dijo Payton a Noticias ONU.<\/p>\n","protected":false},"excerpt":{"rendered":"<p>En la COP29 las conversaciones sobre financiaci\u00f3n clim\u00e1tica han sido lentas y contenciosas, y las delegaciones se han atrincherado en sus posiciones en lugar de buscar un terreno com\u00fan.<\/p>\n","protected":false},"author":1,"featured_media":1343,"comment_status":"open","ping_status":"open","sticky":false,"template":"","format":"standard","meta":{"footnotes":""},"categories":[95],"tags":[531,19,533,532],"class_list":["post-1342","post","type-post","status-publish","format-standard","has-post-thumbnail","hentry","category-crisis-climatica","tag-cop29","tag-crisis-climatica","tag-futuro-incierto","tag-ninez-afectada"],"yoast_head":"<!-- This site is optimized with the Yoast SEO plugin v23.9 - https:\/\/yoast.com\/wordpress\/plugins\/seo\/ -->\n<title>Los que sufrir\u00e1n la crisis clim\u00e1tica alzan su voz en la COP 29 - Biciurba<\/title>\n<meta name=\"robots\" content=\"index, follow, max-snippet:-1, max-image-preview:large, max-video-preview:-1\" \/>\n<link rel=\"canonical\" href=\"https:\/\/biciurba.com\/index.php\/2024\/11\/19\/los-que-sufriran-la-crisis-climatica-alzan-su-voz-en-la-cop-29\/\" \/>\n<meta property=\"og:locale\" content=\"es_ES\" \/>\n<meta property=\"og:type\" content=\"article\" \/>\n<meta property=\"og:title\" content=\"Los que sufrir\u00e1n la crisis clim\u00e1tica alzan su voz en la COP 29 - Biciurba\" \/>\n<meta property=\"og:description\" content=\"En la COP29 las conversaciones sobre financiaci\u00f3n clim\u00e1tica han sido lentas y contenciosas, y las delegaciones se han atrincherado en sus posiciones en lugar de buscar un terreno com\u00fan.\" \/>\n<meta property=\"og:url\" content=\"https:\/\/biciurba.com\/index.php\/2024\/11\/19\/los-que-sufriran-la-crisis-climatica-alzan-su-voz-en-la-cop-29\/\" \/>\n<meta property=\"og:site_name\" content=\"Biciurba\" \/>\n<meta property=\"article:published_time\" content=\"2024-11-19T19:20:18+00:00\" \/>\n<meta property=\"article:modified_time\" content=\"2024-11-19T19:20:20+00:00\" \/>\n<meta property=\"og:image\" content=\"https:\/\/biciurba.com\/wp-content\/uploads\/2024\/11\/ninez-sedienta.png\" \/>\n\t<meta property=\"og:image:width\" content=\"606\" \/>\n\t<meta property=\"og:image:height\" content=\"404\" \/>\n\t<meta property=\"og:image:type\" content=\"image\/png\" \/>\n<meta name=\"author\" content=\"Carlos Cantor\" \/>\n<meta name=\"twitter:card\" content=\"summary_large_image\" \/>\n<meta name=\"twitter:label1\" content=\"Escrito por\" \/>\n\t<meta name=\"twitter:data1\" content=\"Carlos Cantor\" \/>\n\t<meta name=\"twitter:label2\" content=\"Tiempo de lectura\" \/>\n\t<meta name=\"twitter:data2\" content=\"5 minutos\" \/>\n<script type=\"application\/ld+json\" class=\"yoast-schema-graph\">{\"@context\":\"https:\/\/schema.org\",\"@graph\":[{\"@type\":\"Article\",\"@id\":\"https:\/\/biciurba.com\/index.php\/2024\/11\/19\/los-que-sufriran-la-crisis-climatica-alzan-su-voz-en-la-cop-29\/#article\",\"isPartOf\":{\"@id\":\"https:\/\/biciurba.com\/index.php\/2024\/11\/19\/los-que-sufriran-la-crisis-climatica-alzan-su-voz-en-la-cop-29\/\"},\"author\":{\"name\":\"Carlos Cantor\",\"@id\":\"https:\/\/biciurba.com\/#\/schema\/person\/d9675ddf29ee982d268db0a3f239eced\"},\"headline\":\"Los que sufrir\u00e1n la crisis clim\u00e1tica alzan su voz en la COP 29\",\"datePublished\":\"2024-11-19T19:20:18+00:00\",\"dateModified\":\"2024-11-19T19:20:20+00:00\",\"mainEntityOfPage\":{\"@id\":\"https:\/\/biciurba.com\/index.php\/2024\/11\/19\/los-que-sufriran-la-crisis-climatica-alzan-su-voz-en-la-cop-29\/\"},\"wordCount\":1093,\"commentCount\":0,\"publisher\":{\"@id\":\"https:\/\/biciurba.com\/#\/schema\/person\/d9675ddf29ee982d268db0a3f239eced\"},\"image\":{\"@id\":\"https:\/\/biciurba.com\/index.php\/2024\/11\/19\/los-que-sufriran-la-crisis-climatica-alzan-su-voz-en-la-cop-29\/#primaryimage\"},\"thumbnailUrl\":\"https:\/\/biciurba.com\/wp-content\/uploads\/2024\/11\/ninez-sedienta.png\",\"keywords\":[\"cop29\",\"Crisis clim\u00e1tica\",\"futuro incierto\",\"ni\u00f1ez afectada\"],\"articleSection\":[\"Crisis clim\u00e1tica\"],\"inLanguage\":\"es\",\"potentialAction\":[{\"@type\":\"CommentAction\",\"name\":\"Comment\",\"target\":[\"https:\/\/biciurba.com\/index.php\/2024\/11\/19\/los-que-sufriran-la-crisis-climatica-alzan-su-voz-en-la-cop-29\/#respond\"]}]},{\"@type\":\"WebPage\",\"@id\":\"https:\/\/biciurba.com\/index.php\/2024\/11\/19\/los-que-sufriran-la-crisis-climatica-alzan-su-voz-en-la-cop-29\/\",\"url\":\"https:\/\/biciurba.com\/index.php\/2024\/11\/19\/los-que-sufriran-la-crisis-climatica-alzan-su-voz-en-la-cop-29\/\",\"name\":\"Los que sufrir\u00e1n la crisis clim\u00e1tica alzan su voz en la COP 29 - Biciurba\",\"isPartOf\":{\"@id\":\"https:\/\/biciurba.com\/#website\"},\"primaryImageOfPage\":{\"@id\":\"https:\/\/biciurba.com\/index.php\/2024\/11\/19\/los-que-sufriran-la-crisis-climatica-alzan-su-voz-en-la-cop-29\/#primaryimage\"},\"image\":{\"@id\":\"https:\/\/biciurba.com\/index.php\/2024\/11\/19\/los-que-sufriran-la-crisis-climatica-alzan-su-voz-en-la-cop-29\/#primaryimage\"},\"thumbnailUrl\":\"https:\/\/biciurba.com\/wp-content\/uploads\/2024\/11\/ninez-sedienta.png\",\"datePublished\":\"2024-11-19T19:20:18+00:00\",\"dateModified\":\"2024-11-19T19:20:20+00:00\",\"breadcrumb\":{\"@id\":\"https:\/\/biciurba.com\/index.php\/2024\/11\/19\/los-que-sufriran-la-crisis-climatica-alzan-su-voz-en-la-cop-29\/#breadcrumb\"},\"inLanguage\":\"es\",\"potentialAction\":[{\"@type\":\"ReadAction\",\"target\":[\"https:\/\/biciurba.com\/index.php\/2024\/11\/19\/los-que-sufriran-la-crisis-climatica-alzan-su-voz-en-la-cop-29\/\"]}]},{\"@type\":\"ImageObject\",\"inLanguage\":\"es\",\"@id\":\"https:\/\/biciurba.com\/index.php\/2024\/11\/19\/los-que-sufriran-la-crisis-climatica-alzan-su-voz-en-la-cop-29\/#primaryimage\",\"url\":\"https:\/\/biciurba.com\/wp-content\/uploads\/2024\/11\/ninez-sedienta.png\",\"contentUrl\":\"https:\/\/biciurba.com\/wp-content\/uploads\/2024\/11\/ninez-sedienta.png\",\"width\":606,\"height\":404},{\"@type\":\"BreadcrumbList\",\"@id\":\"https:\/\/biciurba.com\/index.php\/2024\/11\/19\/los-que-sufriran-la-crisis-climatica-alzan-su-voz-en-la-cop-29\/#breadcrumb\",\"itemListElement\":[{\"@type\":\"ListItem\",\"position\":1,\"name\":\"Portada\",\"item\":\"https:\/\/biciurba.com\/\"},{\"@type\":\"ListItem\",\"position\":2,\"name\":\"Los que sufrir\u00e1n la crisis clim\u00e1tica alzan su voz en la COP 29\"}]},{\"@type\":\"WebSite\",\"@id\":\"https:\/\/biciurba.com\/#website\",\"url\":\"https:\/\/biciurba.com\/\",\"name\":\"Biciurba\",\"description\":\"Una mejor manera de vivir\",\"publisher\":{\"@id\":\"https:\/\/biciurba.com\/#\/schema\/person\/d9675ddf29ee982d268db0a3f239eced\"},\"potentialAction\":[{\"@type\":\"SearchAction\",\"target\":{\"@type\":\"EntryPoint\",\"urlTemplate\":\"https:\/\/biciurba.com\/?s={search_term_string}\"},\"query-input\":{\"@type\":\"PropertyValueSpecification\",\"valueRequired\":true,\"valueName\":\"search_term_string\"}}],\"inLanguage\":\"es\"},{\"@type\":[\"Person\",\"Organization\"],\"@id\":\"https:\/\/biciurba.com\/#\/schema\/person\/d9675ddf29ee982d268db0a3f239eced\",\"name\":\"Carlos Cantor\",\"image\":{\"@type\":\"ImageObject\",\"inLanguage\":\"es\",\"@id\":\"https:\/\/biciurba.com\/#\/schema\/person\/image\/\",\"url\":\"https:\/\/biciurba.com\/wp-content\/uploads\/2024\/04\/cropped-logo-1.png\",\"contentUrl\":\"https:\/\/biciurba.com\/wp-content\/uploads\/2024\/04\/cropped-logo-1.png\",\"width\":512,\"height\":318,\"caption\":\"Carlos Cantor\"},\"logo\":{\"@id\":\"https:\/\/biciurba.com\/#\/schema\/person\/image\/\"},\"sameAs\":[\"https:\/\/biciurba.com\"],\"url\":\"https:\/\/biciurba.com\/index.php\/author\/ccantor\/\"}]}<\/script>\n<!-- \/ Yoast SEO plugin. -->","yoast_head_json":{"title":"Los que sufrir\u00e1n la crisis clim\u00e1tica alzan su voz en la COP 29 - Biciurba","robots":{"index":"index","follow":"follow","max-snippet":"max-snippet:-1","max-image-preview":"max-image-preview:large","max-video-preview":"max-video-preview:-1"},"canonical":"https:\/\/biciurba.com\/index.php\/2024\/11\/19\/los-que-sufriran-la-crisis-climatica-alzan-su-voz-en-la-cop-29\/","og_locale":"es_ES","og_type":"article","og_title":"Los que sufrir\u00e1n la crisis clim\u00e1tica alzan su voz en la COP 29 - Biciurba","og_description":"En la COP29 las conversaciones sobre financiaci\u00f3n clim\u00e1tica han sido lentas y contenciosas, y las delegaciones se han atrincherado en sus posiciones en lugar de buscar un terreno com\u00fan.","og_url":"https:\/\/biciurba.com\/index.php\/2024\/11\/19\/los-que-sufriran-la-crisis-climatica-alzan-su-voz-en-la-cop-29\/","og_site_name":"Biciurba","article_published_time":"2024-11-19T19:20:18+00:00","article_modified_time":"2024-11-19T19:20:20+00:00","og_image":[{"width":606,"height":404,"url":"https:\/\/biciurba.com\/wp-content\/uploads\/2024\/11\/ninez-sedienta.png","type":"image\/png"}],"author":"Carlos Cantor","twitter_card":"summary_large_image","twitter_misc":{"Escrito por":"Carlos Cantor","Tiempo de lectura":"5 minutos"},"schema":{"@context":"https:\/\/schema.org","@graph":[{"@type":"Article","@id":"https:\/\/biciurba.com\/index.php\/2024\/11\/19\/los-que-sufriran-la-crisis-climatica-alzan-su-voz-en-la-cop-29\/#article","isPartOf":{"@id":"https:\/\/biciurba.com\/index.php\/2024\/11\/19\/los-que-sufriran-la-crisis-climatica-alzan-su-voz-en-la-cop-29\/"},"author":{"name":"Carlos Cantor","@id":"https:\/\/biciurba.com\/#\/schema\/person\/d9675ddf29ee982d268db0a3f239eced"},"headline":"Los que sufrir\u00e1n la crisis clim\u00e1tica alzan su voz en la COP 29","datePublished":"2024-11-19T19:20:18+00:00","dateModified":"2024-11-19T19:20:20+00:00","mainEntityOfPage":{"@id":"https:\/\/biciurba.com\/index.php\/2024\/11\/19\/los-que-sufriran-la-crisis-climatica-alzan-su-voz-en-la-cop-29\/"},"wordCount":1093,"commentCount":0,"publisher":{"@id":"https:\/\/biciurba.com\/#\/schema\/person\/d9675ddf29ee982d268db0a3f239eced"},"image":{"@id":"https:\/\/biciurba.com\/index.php\/2024\/11\/19\/los-que-sufriran-la-crisis-climatica-alzan-su-voz-en-la-cop-29\/#primaryimage"},"thumbnailUrl":"https:\/\/biciurba.com\/wp-content\/uploads\/2024\/11\/ninez-sedienta.png","keywords":["cop29","Crisis clim\u00e1tica","futuro incierto","ni\u00f1ez afectada"],"articleSection":["Crisis clim\u00e1tica"],"inLanguage":"es","potentialAction":[{"@type":"CommentAction","name":"Comment","target":["https:\/\/biciurba.com\/index.php\/2024\/11\/19\/los-que-sufriran-la-crisis-climatica-alzan-su-voz-en-la-cop-29\/#respond"]}]},{"@type":"WebPage","@id":"https:\/\/biciurba.com\/index.php\/2024\/11\/19\/los-que-sufriran-la-crisis-climatica-alzan-su-voz-en-la-cop-29\/","url":"https:\/\/biciurba.com\/index.php\/2024\/11\/19\/los-que-sufriran-la-crisis-climatica-alzan-su-voz-en-la-cop-29\/","name":"Los que sufrir\u00e1n la crisis clim\u00e1tica alzan su voz en la COP 29 - Biciurba","isPartOf":{"@id":"https:\/\/biciurba.com\/#website"},"primaryImageOfPage":{"@id":"https:\/\/biciurba.com\/index.php\/2024\/11\/19\/los-que-sufriran-la-crisis-climatica-alzan-su-voz-en-la-cop-29\/#primaryimage"},"image":{"@id":"https:\/\/biciurba.com\/index.php\/2024\/11\/19\/los-que-sufriran-la-crisis-climatica-alzan-su-voz-en-la-cop-29\/#primaryimage"},"thumbnailUrl":"https:\/\/biciurba.com\/wp-content\/uploads\/2024\/11\/ninez-sedienta.png","datePublished":"2024-11-19T19:20:18+00:00","dateModified":"2024-11-19T19:20:20+00:00","breadcrumb":{"@id":"https:\/\/biciurba.com\/index.php\/2024\/11\/19\/los-que-sufriran-la-crisis-climatica-alzan-su-voz-en-la-cop-29\/#breadcrumb"},"inLanguage":"es","potentialAction":[{"@type":"ReadAction","target":["https:\/\/biciurba.com\/index.php\/2024\/11\/19\/los-que-sufriran-la-crisis-climatica-alzan-su-voz-en-la-cop-29\/"]}]},{"@type":"ImageObject","inLanguage":"es","@id":"https:\/\/biciurba.com\/index.php\/2024\/11\/19\/los-que-sufriran-la-crisis-climatica-alzan-su-voz-en-la-cop-29\/#primaryimage","url":"https:\/\/biciurba.com\/wp-content\/uploads\/2024\/11\/ninez-sedienta.png","contentUrl":"https:\/\/biciurba.com\/wp-content\/uploads\/2024\/11\/ninez-sedienta.png","width":606,"height":404},{"@type":"BreadcrumbList","@id":"https:\/\/biciurba.com\/index.php\/2024\/11\/19\/los-que-sufriran-la-crisis-climatica-alzan-su-voz-en-la-cop-29\/#breadcrumb","itemListElement":[{"@type":"ListItem","position":1,"name":"Portada","item":"https:\/\/biciurba.com\/"},{"@type":"ListItem","position":2,"name":"Los que sufrir\u00e1n la crisis clim\u00e1tica alzan su voz en la COP 29"}]},{"@type":"WebSite","@id":"https:\/\/biciurba.com\/#website","url":"https:\/\/biciurba.com\/","name":"Biciurba","description":"Una mejor manera de vivir","publisher":{"@id":"https:\/\/biciurba.com\/#\/schema\/person\/d9675ddf29ee982d268db0a3f239eced"},"potentialAction":[{"@type":"SearchAction","target":{"@type":"EntryPoint","urlTemplate":"https:\/\/biciurba.com\/?s={search_term_string}"},"query-input":{"@type":"PropertyValueSpecification","valueRequired":true,"valueName":"search_term_string"}}],"inLanguage":"es"},{"@type":["Person","Organization"],"@id":"https:\/\/biciurba.com\/#\/schema\/person\/d9675ddf29ee982d268db0a3f239eced","name":"Carlos Cantor","image":{"@type":"ImageObject","inLanguage":"es","@id":"https:\/\/biciurba.com\/#\/schema\/person\/image\/","url":"https:\/\/biciurba.com\/wp-content\/uploads\/2024\/04\/cropped-logo-1.png","contentUrl":"https:\/\/biciurba.com\/wp-content\/uploads\/2024\/04\/cropped-logo-1.png","width":512,"height":318,"caption":"Carlos Cantor"},"logo":{"@id":"https:\/\/biciurba.com\/#\/schema\/person\/image\/"},"sameAs":["https:\/\/biciurba.com"],"url":"https:\/\/biciurba.com\/index.php\/author\/ccantor\/"}]}},"_links":{"self":[{"href":"https:\/\/biciurba.com\/index.php\/wp-json\/wp\/v2\/posts\/1342"}],"collection":[{"href":"https:\/\/biciurba.com\/index.php\/wp-json\/wp\/v2\/posts"}],"about":[{"href":"https:\/\/biciurba.com\/index.php\/wp-json\/wp\/v2\/types\/post"}],"author":[{"embeddable":true,"href":"https:\/\/biciurba.com\/index.php\/wp-json\/wp\/v2\/users\/1"}],"replies":[{"embeddable":true,"href":"https:\/\/biciurba.com\/index.php\/wp-json\/wp\/v2\/comments?post=1342"}],"version-history":[{"count":1,"href":"https:\/\/biciurba.com\/index.php\/wp-json\/wp\/v2\/posts\/1342\/revisions"}],"predecessor-version":[{"id":1344,"href":"https:\/\/biciurba.com\/index.php\/wp-json\/wp\/v2\/posts\/1342\/revisions\/1344"}],"wp:featuredmedia":[{"embeddable":true,"href":"https:\/\/biciurba.com\/index.php\/wp-json\/wp\/v2\/media\/1343"}],"wp:attachment":[{"href":"https:\/\/biciurba.com\/index.php\/wp-json\/wp\/v2\/media?parent=1342"}],"wp:term":[{"taxonomy":"category","embeddable":true,"href":"https:\/\/biciurba.com\/index.php\/wp-json\/wp\/v2\/categories?post=1342"},{"taxonomy":"post_tag","embeddable":true,"href":"https:\/\/biciurba.com\/index.php\/wp-json\/wp\/v2\/tags?post=1342"}],"curies":[{"name":"wp","href":"https:\/\/api.w.org\/{rel}","templated":true}]}}