{"id":1348,"date":"2024-11-21T15:23:13","date_gmt":"2024-11-21T20:23:13","guid":{"rendered":"https:\/\/biciurba.com\/?p=1348"},"modified":"2024-11-21T15:48:24","modified_gmt":"2024-11-21T20:48:24","slug":"paris-se-alista-para-abrir-la-catedral-de-nuestra-senora","status":"publish","type":"post","link":"https:\/\/biciurba.com\/index.php\/2024\/11\/21\/paris-se-alista-para-abrir-la-catedral-de-nuestra-senora\/","title":{"rendered":"Paris se alista para abrir la catedral de Nuestra Se\u00f1ora"},"content":{"rendered":"\n<p>La famosa talla de la Virgen Mar\u00eda con el Ni\u00f1o, que se hab\u00eda salvado milagrosamente del incendio de la catedral de Notre Dame en abril de 2019, regres\u00f3 a su lugar original en la catedral tras m\u00e1s de cinco a\u00f1os. Esta imagen hab\u00eda sido retirada y resguardada en la iglesia cercana de Saint Germain l&#8217;Auxerrois mientras se realizaban las labores de restauraci\u00f3n del templo.<\/p>\n\n\n\n<p>El regreso de la estatua, que es una obra del siglo XIV, es un momento simb\u00f3lico importante, ya que marca la recta final de los trabajos de restauraci\u00f3n de Notre Dame, los cuales culminar\u00e1n con la reapertura oficial de la catedral el 7 de diciembre de 2024. La estatua fue llevada de regreso en una procesi\u00f3n y, aunque la original es fr\u00e1gil, fue sustituida por una copia durante la ceremonia. La imagen fue bendecida por el arzobispo de Par\u00eds, Laurent Ulric.<\/p>\n\n\n<div class=\"wp-block-image\">\n<figure class=\"aligncenter size-full\"><img loading=\"lazy\" decoding=\"async\" width=\"606\" height=\"404\" src=\"https:\/\/biciurba.com\/wp-content\/uploads\/2024\/11\/procesion-1.png\" alt=\"\" class=\"wp-image-1352\" srcset=\"https:\/\/biciurba.com\/wp-content\/uploads\/2024\/11\/procesion-1.png 606w, https:\/\/biciurba.com\/wp-content\/uploads\/2024\/11\/procesion-1-300x200.png 300w\" sizes=\"(max-width: 606px) 100vw, 606px\" \/><figcaption class=\"wp-element-caption\">Regreso de la imagen de la virgen a Notre Dame, 15 noviembre 2024, procesi\u00f3n a lo largo del Sena hasta la catedral. Foto: MH. Escalante<\/figcaption><\/figure><\/div>\n\n\n<p>La reapertura de Notre Dame ser\u00e1 un evento significativo, que contar\u00e1 con la presencia del presidente de Francia, Emmanuel Macron, y otros invitados importantes. Tambi\u00e9n se celebrar\u00e1 una misa de consagraci\u00f3n para los fieles el 8 de diciembre, ya desde el 16 de diciembre, la catedral quedar\u00e1 abierta al publico.<\/p>\n\n\n<div class=\"wp-block-image\">\n<figure class=\"aligncenter size-full\"><img loading=\"lazy\" decoding=\"async\" width=\"606\" height=\"404\" src=\"https:\/\/biciurba.com\/wp-content\/uploads\/2024\/11\/procesion.png\" alt=\"\" class=\"wp-image-1350\" srcset=\"https:\/\/biciurba.com\/wp-content\/uploads\/2024\/11\/procesion.png 606w, https:\/\/biciurba.com\/wp-content\/uploads\/2024\/11\/procesion-300x200.png 300w\" sizes=\"(max-width: 606px) 100vw, 606px\" \/><figcaption class=\"wp-element-caption\">Foto de MH. Escalante<\/figcaption><\/figure><\/div>\n\n\n<p>Se estima que unas 2.000 personas, entre ellas m\u00e1s de 150 obispos de Francia y de todo el mundo, adem\u00e1s de diversos jefes de estado como el franc\u00e9s Emmanuel Macron, participar\u00e1n en las celebraciones del fin de semana del 7 y 8 de diciembre.<\/p>\n\n\n\n<p>La ceremonia de apertura el s\u00e1bado 7 la presidir\u00e1 el Arzobispo de Par\u00eds y entre los actos que se realizar\u00e1n est\u00e1n \u201cel despertar del gran \u00f3rgano, el canto de un himno, un salmo, el Magnificat, intenciones de oraci\u00f3n por el mundo entero y el rezo del Padre Nuestro antes de la bendici\u00f3n final y el Te Deum\u201d.<\/p>\n\n\n\n<p>La oraci\u00f3n estar\u00e1 acompa\u00f1ada por \u201clos coros de la milenaria Ma\u00eetrise Notre-Dame de Par\u00eds, creada al mismo tiempo que la catedral en el siglo XII\u201d.<\/p>\n\n\n\n<figure class=\"wp-block-image aligncenter size-full\"><img loading=\"lazy\" decoding=\"async\" width=\"606\" height=\"404\" src=\"https:\/\/biciurba.com\/wp-content\/uploads\/2024\/11\/procesion-2.png\" alt=\"\" class=\"wp-image-1356\" srcset=\"https:\/\/biciurba.com\/wp-content\/uploads\/2024\/11\/procesion-2.png 606w, https:\/\/biciurba.com\/wp-content\/uploads\/2024\/11\/procesion-2-300x200.png 300w\" sizes=\"(max-width: 606px) 100vw, 606px\" \/><figcaption class=\"wp-element-caption\">Una congregaci\u00f3n de parisinos la acompa\u00f1aron a lo largo del R\u00edo Sena hasta la Catedral Notre Dame de Paris que reabrir\u00e1 sus puertas el 8 de diciembre 2024\nPor el arzobispo de Paris Monse\u00f1or Laurent Ulrich y el presidente Emmanuel Macron. Foto MH. Escalante<\/figcaption><\/figure>\n\n\n\n<p>El domingo 8 de diciembre, Solemnidad de la Inmaculada Concepci\u00f3n y segundo Domingo de Adviento, se celebrar\u00e1 la Misa inaugural a las 10:30 a.m. (hora local), presidida por Mons. Ulrich. Adem\u00e1s de los obispos participar\u00e1 un sacerdote de cada una de las 106 parroquias de la Arquidi\u00f3cesis de Par\u00eds y un sacerdote de cada una de las siete iglesias cat\u00f3licas de rito oriental. Macro tambi\u00e9n estar\u00e1 en la Eucarist\u00eda.<\/p>\n\n\n\n<p>Los fieles podr\u00e1n volver a la catedral a partir de la tarde del 8 de diciembre, en horarios espec\u00edficos durante el octavario. Durante esos ocho d\u00edas, se celebrar\u00e1n diversas misas por los parisinos y por quienes han contribuido a la restauraci\u00f3n de Notre Dame<\/p>\n\n\n\n<p>La catedral abrir\u00e1 por completo sus puertas al p\u00fablico desde el lunes 16 de diciembre.<\/p>\n","protected":false},"excerpt":{"rendered":"<p>La famosa talla de la Virgen Mar\u00eda con el Ni\u00f1o, que se hab\u00eda salvado milagrosamente del incendio de la catedral de Notre Dame en abril de 2019, regres\u00f3 a su lugar original en la catedral tras m\u00e1s de cinco a\u00f1os. Esta imagen hab\u00eda sido retirada y resguardada en la iglesia cercana de Saint Germain l&#8217;Auxerrois [&hellip;]<\/p>\n","protected":false},"author":1,"featured_media":1349,"comment_status":"open","ping_status":"open","sticky":false,"template":"","format":"standard","meta":{"footnotes":""},"categories":[52],"tags":[538,537,539],"class_list":["post-1348","post","type-post","status-publish","format-standard","has-post-thumbnail","hentry","category-noticias","tag-nuestra-senora-de-paris","tag-paris","tag-restauracion-catedral"],"yoast_head":"<!-- This site is optimized with the Yoast SEO plugin v23.9 - https:\/\/yoast.com\/wordpress\/plugins\/seo\/ -->\n<title>Paris se alista para abrir la catedral de Nuestra Se\u00f1ora - Biciurba<\/title>\n<meta name=\"robots\" content=\"index, follow, max-snippet:-1, max-image-preview:large, max-video-preview:-1\" \/>\n<link rel=\"canonical\" href=\"https:\/\/biciurba.com\/index.php\/2024\/11\/21\/paris-se-alista-para-abrir-la-catedral-de-nuestra-senora\/\" \/>\n<meta property=\"og:locale\" content=\"es_ES\" \/>\n<meta property=\"og:type\" content=\"article\" \/>\n<meta property=\"og:title\" content=\"Paris se alista para abrir la catedral de Nuestra Se\u00f1ora - Biciurba\" \/>\n<meta property=\"og:description\" content=\"La famosa talla de la Virgen Mar\u00eda con el Ni\u00f1o, que se hab\u00eda salvado milagrosamente del incendio de la catedral de Notre Dame en abril de 2019, regres\u00f3 a su lugar original en la catedral tras m\u00e1s de cinco a\u00f1os. Esta imagen hab\u00eda sido retirada y resguardada en la iglesia cercana de Saint Germain l&#8217;Auxerrois [&hellip;]\" \/>\n<meta property=\"og:url\" content=\"https:\/\/biciurba.com\/index.php\/2024\/11\/21\/paris-se-alista-para-abrir-la-catedral-de-nuestra-senora\/\" \/>\n<meta property=\"og:site_name\" content=\"Biciurba\" \/>\n<meta property=\"article:published_time\" content=\"2024-11-21T20:23:13+00:00\" \/>\n<meta property=\"article:modified_time\" content=\"2024-11-21T20:48:24+00:00\" \/>\n<meta property=\"og:image\" content=\"https:\/\/biciurba.com\/wp-content\/uploads\/2024\/11\/Nuestra-Senora-de-Paris.png\" \/>\n\t<meta property=\"og:image:width\" content=\"606\" \/>\n\t<meta property=\"og:image:height\" content=\"404\" \/>\n\t<meta property=\"og:image:type\" content=\"image\/png\" \/>\n<meta name=\"author\" content=\"Carlos Cantor\" \/>\n<meta name=\"twitter:card\" content=\"summary_large_image\" \/>\n<meta name=\"twitter:label1\" content=\"Escrito por\" \/>\n\t<meta name=\"twitter:data1\" content=\"Carlos Cantor\" \/>\n\t<meta name=\"twitter:label2\" content=\"Tiempo de lectura\" \/>\n\t<meta name=\"twitter:data2\" content=\"4 minutos\" \/>\n<script type=\"application\/ld+json\" class=\"yoast-schema-graph\">{\"@context\":\"https:\/\/schema.org\",\"@graph\":[{\"@type\":\"Article\",\"@id\":\"https:\/\/biciurba.com\/index.php\/2024\/11\/21\/paris-se-alista-para-abrir-la-catedral-de-nuestra-senora\/#article\",\"isPartOf\":{\"@id\":\"https:\/\/biciurba.com\/index.php\/2024\/11\/21\/paris-se-alista-para-abrir-la-catedral-de-nuestra-senora\/\"},\"author\":{\"name\":\"Carlos Cantor\",\"@id\":\"https:\/\/biciurba.com\/#\/schema\/person\/d9675ddf29ee982d268db0a3f239eced\"},\"headline\":\"Paris se alista para abrir la catedral de Nuestra Se\u00f1ora\",\"datePublished\":\"2024-11-21T20:23:13+00:00\",\"dateModified\":\"2024-11-21T20:48:24+00:00\",\"mainEntityOfPage\":{\"@id\":\"https:\/\/biciurba.com\/index.php\/2024\/11\/21\/paris-se-alista-para-abrir-la-catedral-de-nuestra-senora\/\"},\"wordCount\":563,\"commentCount\":0,\"publisher\":{\"@id\":\"https:\/\/biciurba.com\/#\/schema\/person\/d9675ddf29ee982d268db0a3f239eced\"},\"image\":{\"@id\":\"https:\/\/biciurba.com\/index.php\/2024\/11\/21\/paris-se-alista-para-abrir-la-catedral-de-nuestra-senora\/#primaryimage\"},\"thumbnailUrl\":\"https:\/\/biciurba.com\/wp-content\/uploads\/2024\/11\/Nuestra-Senora-de-Paris.png\",\"keywords\":[\"Nuestra Se\u00f1ora de Par\u00eds\",\"Par\u00eds.\",\"Restauraci\u00f3n catedral\"],\"articleSection\":[\"Noticias\"],\"inLanguage\":\"es\",\"potentialAction\":[{\"@type\":\"CommentAction\",\"name\":\"Comment\",\"target\":[\"https:\/\/biciurba.com\/index.php\/2024\/11\/21\/paris-se-alista-para-abrir-la-catedral-de-nuestra-senora\/#respond\"]}]},{\"@type\":\"WebPage\",\"@id\":\"https:\/\/biciurba.com\/index.php\/2024\/11\/21\/paris-se-alista-para-abrir-la-catedral-de-nuestra-senora\/\",\"url\":\"https:\/\/biciurba.com\/index.php\/2024\/11\/21\/paris-se-alista-para-abrir-la-catedral-de-nuestra-senora\/\",\"name\":\"Paris se alista para abrir la catedral de Nuestra Se\u00f1ora - Biciurba\",\"isPartOf\":{\"@id\":\"https:\/\/biciurba.com\/#website\"},\"primaryImageOfPage\":{\"@id\":\"https:\/\/biciurba.com\/index.php\/2024\/11\/21\/paris-se-alista-para-abrir-la-catedral-de-nuestra-senora\/#primaryimage\"},\"image\":{\"@id\":\"https:\/\/biciurba.com\/index.php\/2024\/11\/21\/paris-se-alista-para-abrir-la-catedral-de-nuestra-senora\/#primaryimage\"},\"thumbnailUrl\":\"https:\/\/biciurba.com\/wp-content\/uploads\/2024\/11\/Nuestra-Senora-de-Paris.png\",\"datePublished\":\"2024-11-21T20:23:13+00:00\",\"dateModified\":\"2024-11-21T20:48:24+00:00\",\"breadcrumb\":{\"@id\":\"https:\/\/biciurba.com\/index.php\/2024\/11\/21\/paris-se-alista-para-abrir-la-catedral-de-nuestra-senora\/#breadcrumb\"},\"inLanguage\":\"es\",\"potentialAction\":[{\"@type\":\"ReadAction\",\"target\":[\"https:\/\/biciurba.com\/index.php\/2024\/11\/21\/paris-se-alista-para-abrir-la-catedral-de-nuestra-senora\/\"]}]},{\"@type\":\"ImageObject\",\"inLanguage\":\"es\",\"@id\":\"https:\/\/biciurba.com\/index.php\/2024\/11\/21\/paris-se-alista-para-abrir-la-catedral-de-nuestra-senora\/#primaryimage\",\"url\":\"https:\/\/biciurba.com\/wp-content\/uploads\/2024\/11\/Nuestra-Senora-de-Paris.png\",\"contentUrl\":\"https:\/\/biciurba.com\/wp-content\/uploads\/2024\/11\/Nuestra-Senora-de-Paris.png\",\"width\":606,\"height\":404,\"caption\":\"Foto de MH. Escalante.\"},{\"@type\":\"BreadcrumbList\",\"@id\":\"https:\/\/biciurba.com\/index.php\/2024\/11\/21\/paris-se-alista-para-abrir-la-catedral-de-nuestra-senora\/#breadcrumb\",\"itemListElement\":[{\"@type\":\"ListItem\",\"position\":1,\"name\":\"Portada\",\"item\":\"https:\/\/biciurba.com\/\"},{\"@type\":\"ListItem\",\"position\":2,\"name\":\"Paris se alista para abrir la catedral de Nuestra Se\u00f1ora\"}]},{\"@type\":\"WebSite\",\"@id\":\"https:\/\/biciurba.com\/#website\",\"url\":\"https:\/\/biciurba.com\/\",\"name\":\"Biciurba\",\"description\":\"Una mejor manera de vivir\",\"publisher\":{\"@id\":\"https:\/\/biciurba.com\/#\/schema\/person\/d9675ddf29ee982d268db0a3f239eced\"},\"potentialAction\":[{\"@type\":\"SearchAction\",\"target\":{\"@type\":\"EntryPoint\",\"urlTemplate\":\"https:\/\/biciurba.com\/?s={search_term_string}\"},\"query-input\":{\"@type\":\"PropertyValueSpecification\",\"valueRequired\":true,\"valueName\":\"search_term_string\"}}],\"inLanguage\":\"es\"},{\"@type\":[\"Person\",\"Organization\"],\"@id\":\"https:\/\/biciurba.com\/#\/schema\/person\/d9675ddf29ee982d268db0a3f239eced\",\"name\":\"Carlos Cantor\",\"image\":{\"@type\":\"ImageObject\",\"inLanguage\":\"es\",\"@id\":\"https:\/\/biciurba.com\/#\/schema\/person\/image\/\",\"url\":\"https:\/\/biciurba.com\/wp-content\/uploads\/2024\/04\/cropped-logo-1.png\",\"contentUrl\":\"https:\/\/biciurba.com\/wp-content\/uploads\/2024\/04\/cropped-logo-1.png\",\"width\":512,\"height\":318,\"caption\":\"Carlos Cantor\"},\"logo\":{\"@id\":\"https:\/\/biciurba.com\/#\/schema\/person\/image\/\"},\"sameAs\":[\"https:\/\/biciurba.com\"],\"url\":\"https:\/\/biciurba.com\/index.php\/author\/ccantor\/\"}]}<\/script>\n<!-- \/ Yoast SEO plugin. -->","yoast_head_json":{"title":"Paris se alista para abrir la catedral de Nuestra Se\u00f1ora - Biciurba","robots":{"index":"index","follow":"follow","max-snippet":"max-snippet:-1","max-image-preview":"max-image-preview:large","max-video-preview":"max-video-preview:-1"},"canonical":"https:\/\/biciurba.com\/index.php\/2024\/11\/21\/paris-se-alista-para-abrir-la-catedral-de-nuestra-senora\/","og_locale":"es_ES","og_type":"article","og_title":"Paris se alista para abrir la catedral de Nuestra Se\u00f1ora - Biciurba","og_description":"La famosa talla de la Virgen Mar\u00eda con el Ni\u00f1o, que se hab\u00eda salvado milagrosamente del incendio de la catedral de Notre Dame en abril de 2019, regres\u00f3 a su lugar original en la catedral tras m\u00e1s de cinco a\u00f1os. Esta imagen hab\u00eda sido retirada y resguardada en la iglesia cercana de Saint Germain l&#8217;Auxerrois [&hellip;]","og_url":"https:\/\/biciurba.com\/index.php\/2024\/11\/21\/paris-se-alista-para-abrir-la-catedral-de-nuestra-senora\/","og_site_name":"Biciurba","article_published_time":"2024-11-21T20:23:13+00:00","article_modified_time":"2024-11-21T20:48:24+00:00","og_image":[{"width":606,"height":404,"url":"https:\/\/biciurba.com\/wp-content\/uploads\/2024\/11\/Nuestra-Senora-de-Paris.png","type":"image\/png"}],"author":"Carlos Cantor","twitter_card":"summary_large_image","twitter_misc":{"Escrito por":"Carlos Cantor","Tiempo de lectura":"4 minutos"},"schema":{"@context":"https:\/\/schema.org","@graph":[{"@type":"Article","@id":"https:\/\/biciurba.com\/index.php\/2024\/11\/21\/paris-se-alista-para-abrir-la-catedral-de-nuestra-senora\/#article","isPartOf":{"@id":"https:\/\/biciurba.com\/index.php\/2024\/11\/21\/paris-se-alista-para-abrir-la-catedral-de-nuestra-senora\/"},"author":{"name":"Carlos Cantor","@id":"https:\/\/biciurba.com\/#\/schema\/person\/d9675ddf29ee982d268db0a3f239eced"},"headline":"Paris se alista para abrir la catedral de Nuestra Se\u00f1ora","datePublished":"2024-11-21T20:23:13+00:00","dateModified":"2024-11-21T20:48:24+00:00","mainEntityOfPage":{"@id":"https:\/\/biciurba.com\/index.php\/2024\/11\/21\/paris-se-alista-para-abrir-la-catedral-de-nuestra-senora\/"},"wordCount":563,"commentCount":0,"publisher":{"@id":"https:\/\/biciurba.com\/#\/schema\/person\/d9675ddf29ee982d268db0a3f239eced"},"image":{"@id":"https:\/\/biciurba.com\/index.php\/2024\/11\/21\/paris-se-alista-para-abrir-la-catedral-de-nuestra-senora\/#primaryimage"},"thumbnailUrl":"https:\/\/biciurba.com\/wp-content\/uploads\/2024\/11\/Nuestra-Senora-de-Paris.png","keywords":["Nuestra Se\u00f1ora de Par\u00eds","Par\u00eds.","Restauraci\u00f3n catedral"],"articleSection":["Noticias"],"inLanguage":"es","potentialAction":[{"@type":"CommentAction","name":"Comment","target":["https:\/\/biciurba.com\/index.php\/2024\/11\/21\/paris-se-alista-para-abrir-la-catedral-de-nuestra-senora\/#respond"]}]},{"@type":"WebPage","@id":"https:\/\/biciurba.com\/index.php\/2024\/11\/21\/paris-se-alista-para-abrir-la-catedral-de-nuestra-senora\/","url":"https:\/\/biciurba.com\/index.php\/2024\/11\/21\/paris-se-alista-para-abrir-la-catedral-de-nuestra-senora\/","name":"Paris se alista para abrir la catedral de Nuestra Se\u00f1ora - Biciurba","isPartOf":{"@id":"https:\/\/biciurba.com\/#website"},"primaryImageOfPage":{"@id":"https:\/\/biciurba.com\/index.php\/2024\/11\/21\/paris-se-alista-para-abrir-la-catedral-de-nuestra-senora\/#primaryimage"},"image":{"@id":"https:\/\/biciurba.com\/index.php\/2024\/11\/21\/paris-se-alista-para-abrir-la-catedral-de-nuestra-senora\/#primaryimage"},"thumbnailUrl":"https:\/\/biciurba.com\/wp-content\/uploads\/2024\/11\/Nuestra-Senora-de-Paris.png","datePublished":"2024-11-21T20:23:13+00:00","dateModified":"2024-11-21T20:48:24+00:00","breadcrumb":{"@id":"https:\/\/biciurba.com\/index.php\/2024\/11\/21\/paris-se-alista-para-abrir-la-catedral-de-nuestra-senora\/#breadcrumb"},"inLanguage":"es","potentialAction":[{"@type":"ReadAction","target":["https:\/\/biciurba.com\/index.php\/2024\/11\/21\/paris-se-alista-para-abrir-la-catedral-de-nuestra-senora\/"]}]},{"@type":"ImageObject","inLanguage":"es","@id":"https:\/\/biciurba.com\/index.php\/2024\/11\/21\/paris-se-alista-para-abrir-la-catedral-de-nuestra-senora\/#primaryimage","url":"https:\/\/biciurba.com\/wp-content\/uploads\/2024\/11\/Nuestra-Senora-de-Paris.png","contentUrl":"https:\/\/biciurba.com\/wp-content\/uploads\/2024\/11\/Nuestra-Senora-de-Paris.png","width":606,"height":404,"caption":"Foto de MH. Escalante."},{"@type":"BreadcrumbList","@id":"https:\/\/biciurba.com\/index.php\/2024\/11\/21\/paris-se-alista-para-abrir-la-catedral-de-nuestra-senora\/#breadcrumb","itemListElement":[{"@type":"ListItem","position":1,"name":"Portada","item":"https:\/\/biciurba.com\/"},{"@type":"ListItem","position":2,"name":"Paris se alista para abrir la catedral de Nuestra Se\u00f1ora"}]},{"@type":"WebSite","@id":"https:\/\/biciurba.com\/#website","url":"https:\/\/biciurba.com\/","name":"Biciurba","description":"Una mejor manera de vivir","publisher":{"@id":"https:\/\/biciurba.com\/#\/schema\/person\/d9675ddf29ee982d268db0a3f239eced"},"potentialAction":[{"@type":"SearchAction","target":{"@type":"EntryPoint","urlTemplate":"https:\/\/biciurba.com\/?s={search_term_string}"},"query-input":{"@type":"PropertyValueSpecification","valueRequired":true,"valueName":"search_term_string"}}],"inLanguage":"es"},{"@type":["Person","Organization"],"@id":"https:\/\/biciurba.com\/#\/schema\/person\/d9675ddf29ee982d268db0a3f239eced","name":"Carlos Cantor","image":{"@type":"ImageObject","inLanguage":"es","@id":"https:\/\/biciurba.com\/#\/schema\/person\/image\/","url":"https:\/\/biciurba.com\/wp-content\/uploads\/2024\/04\/cropped-logo-1.png","contentUrl":"https:\/\/biciurba.com\/wp-content\/uploads\/2024\/04\/cropped-logo-1.png","width":512,"height":318,"caption":"Carlos Cantor"},"logo":{"@id":"https:\/\/biciurba.com\/#\/schema\/person\/image\/"},"sameAs":["https:\/\/biciurba.com"],"url":"https:\/\/biciurba.com\/index.php\/author\/ccantor\/"}]}},"_links":{"self":[{"href":"https:\/\/biciurba.com\/index.php\/wp-json\/wp\/v2\/posts\/1348"}],"collection":[{"href":"https:\/\/biciurba.com\/index.php\/wp-json\/wp\/v2\/posts"}],"about":[{"href":"https:\/\/biciurba.com\/index.php\/wp-json\/wp\/v2\/types\/post"}],"author":[{"embeddable":true,"href":"https:\/\/biciurba.com\/index.php\/wp-json\/wp\/v2\/users\/1"}],"replies":[{"embeddable":true,"href":"https:\/\/biciurba.com\/index.php\/wp-json\/wp\/v2\/comments?post=1348"}],"version-history":[{"count":3,"href":"https:\/\/biciurba.com\/index.php\/wp-json\/wp\/v2\/posts\/1348\/revisions"}],"predecessor-version":[{"id":1357,"href":"https:\/\/biciurba.com\/index.php\/wp-json\/wp\/v2\/posts\/1348\/revisions\/1357"}],"wp:featuredmedia":[{"embeddable":true,"href":"https:\/\/biciurba.com\/index.php\/wp-json\/wp\/v2\/media\/1349"}],"wp:attachment":[{"href":"https:\/\/biciurba.com\/index.php\/wp-json\/wp\/v2\/media?parent=1348"}],"wp:term":[{"taxonomy":"category","embeddable":true,"href":"https:\/\/biciurba.com\/index.php\/wp-json\/wp\/v2\/categories?post=1348"},{"taxonomy":"post_tag","embeddable":true,"href":"https:\/\/biciurba.com\/index.php\/wp-json\/wp\/v2\/tags?post=1348"}],"curies":[{"name":"wp","href":"https:\/\/api.w.org\/{rel}","templated":true}]}}