{"id":1359,"date":"2024-11-28T08:05:02","date_gmt":"2024-11-28T13:05:02","guid":{"rendered":"https:\/\/biciurba.com\/?p=1359"},"modified":"2024-11-27T08:51:03","modified_gmt":"2024-11-27T13:51:03","slug":"una-mirada-a-nuestra-realidad-desde-la-sociologia","status":"publish","type":"post","link":"https:\/\/biciurba.com\/index.php\/2024\/11\/28\/una-mirada-a-nuestra-realidad-desde-la-sociologia\/","title":{"rendered":"Una mirada a nuestra realidad desde la sociolog\u00eda"},"content":{"rendered":"\n<p>Las noticias del d\u00eda a d\u00eda nos retratan un mundo ca\u00f3tico, emproblemado desde lo social, econ\u00f3mico, pol\u00edtico, ambiental y de manera especial en las personas que protagonizamos este tiempo de la historia de la humanidad. Serian muchas las preguntas y otras tantas las respuestas. Con Eduardo Pe\u00f1a, soci\u00f3logo egresado de la Universidad Nacional de Colombia, hacemos un peque\u00f1o acercamiento a estas realidades  buscando una serie de respuestas.<\/p>\n\n\n\n<p>Con este podcasts terminamos la primera serie de estas entrevistas, para retomar en el 2025 con temas que nos invitan a repensar el mundo que hemos construido y algunas propuestas para hacerlo m\u00e1s vivible, m\u00e1s humano, dignificante y ambientalmente posible para proteger la vida del planeta.<\/p>\n\n\n\n<figure class=\"wp-block-embed is-type-rich is-provider-spotify wp-block-embed-spotify wp-embed-aspect-21-9 wp-has-aspect-ratio\"><div class=\"wp-block-embed__wrapper\">\n<iframe title=\"Spotify Embed: Cap\u00edtulo 27: Una mirada a nuestra realidad desde la sociolog\u00eda\" style=\"border-radius: 12px\" width=\"100%\" height=\"152\" frameborder=\"0\" allowfullscreen allow=\"autoplay; clipboard-write; encrypted-media; fullscreen; picture-in-picture\" loading=\"lazy\" src=\"https:\/\/open.spotify.com\/embed\/episode\/1M3nNxikOGVgFmlzMmCfZf?si=9cf6bf9d109648d5&#038;utm_source=oembed\"><\/iframe>\n<\/div><\/figure>\n\n\n\n<p><\/p>\n","protected":false},"excerpt":{"rendered":"<p>Las noticias del d\u00eda a d\u00eda nos retratan un mundo ca\u00f3tico, emproblemado desde lo social, econ\u00f3mico, pol\u00edtico, ambiental y de manera especial en las personas que protagonizamos este tiempo de la historia de la humanidad. Serian muchas las preguntas y otras tantas las respuestas. Con Eduardo Pe\u00f1a, soci\u00f3logo egresado de la Universidad Nacional de Colombia, [&hellip;]<\/p>\n","protected":false},"author":1,"featured_media":542,"comment_status":"open","ping_status":"open","sticky":false,"template":"","format":"standard","meta":{"footnotes":""},"categories":[51],"tags":[540,415,358,541],"class_list":["post-1359","post","type-post","status-publish","format-standard","has-post-thumbnail","hentry","category-podcast-biciurba","tag-crisis-ambiental","tag-crisis-social","tag-humanidad","tag-sociologia"],"yoast_head":"<!-- This site is optimized with the Yoast SEO plugin v23.9 - https:\/\/yoast.com\/wordpress\/plugins\/seo\/ -->\n<title>Una mirada a nuestra realidad desde la sociolog\u00eda - Biciurba<\/title>\n<meta name=\"robots\" content=\"index, follow, max-snippet:-1, max-image-preview:large, max-video-preview:-1\" \/>\n<link rel=\"canonical\" href=\"https:\/\/biciurba.com\/index.php\/2024\/11\/28\/una-mirada-a-nuestra-realidad-desde-la-sociologia\/\" \/>\n<meta property=\"og:locale\" content=\"es_ES\" \/>\n<meta property=\"og:type\" content=\"article\" \/>\n<meta property=\"og:title\" content=\"Una mirada a nuestra realidad desde la sociolog\u00eda - Biciurba\" \/>\n<meta property=\"og:description\" content=\"Las noticias del d\u00eda a d\u00eda nos retratan un mundo ca\u00f3tico, emproblemado desde lo social, econ\u00f3mico, pol\u00edtico, ambiental y de manera especial en las personas que protagonizamos este tiempo de la historia de la humanidad. Serian muchas las preguntas y otras tantas las respuestas. Con Eduardo Pe\u00f1a, soci\u00f3logo egresado de la Universidad Nacional de Colombia, [&hellip;]\" \/>\n<meta property=\"og:url\" content=\"https:\/\/biciurba.com\/index.php\/2024\/11\/28\/una-mirada-a-nuestra-realidad-desde-la-sociologia\/\" \/>\n<meta property=\"og:site_name\" content=\"Biciurba\" \/>\n<meta property=\"article:published_time\" content=\"2024-11-28T13:05:02+00:00\" \/>\n<meta property=\"article:modified_time\" content=\"2024-11-27T13:51:03+00:00\" \/>\n<meta property=\"og:image\" content=\"https:\/\/biciurba.com\/wp-content\/uploads\/2024\/05\/podcast-logo.png\" \/>\n\t<meta property=\"og:image:width\" content=\"600\" \/>\n\t<meta property=\"og:image:height\" content=\"400\" \/>\n\t<meta property=\"og:image:type\" content=\"image\/png\" \/>\n<meta name=\"author\" content=\"Carlos Cantor\" \/>\n<meta name=\"twitter:card\" content=\"summary_large_image\" \/>\n<meta name=\"twitter:label1\" content=\"Escrito por\" \/>\n\t<meta name=\"twitter:data1\" content=\"Carlos Cantor\" \/>\n\t<meta name=\"twitter:label2\" content=\"Tiempo de lectura\" \/>\n\t<meta name=\"twitter:data2\" content=\"1 minuto\" \/>\n<script type=\"application\/ld+json\" class=\"yoast-schema-graph\">{\"@context\":\"https:\/\/schema.org\",\"@graph\":[{\"@type\":\"Article\",\"@id\":\"https:\/\/biciurba.com\/index.php\/2024\/11\/28\/una-mirada-a-nuestra-realidad-desde-la-sociologia\/#article\",\"isPartOf\":{\"@id\":\"https:\/\/biciurba.com\/index.php\/2024\/11\/28\/una-mirada-a-nuestra-realidad-desde-la-sociologia\/\"},\"author\":{\"name\":\"Carlos Cantor\",\"@id\":\"https:\/\/biciurba.com\/#\/schema\/person\/d9675ddf29ee982d268db0a3f239eced\"},\"headline\":\"Una mirada a nuestra realidad desde la sociolog\u00eda\",\"datePublished\":\"2024-11-28T13:05:02+00:00\",\"dateModified\":\"2024-11-27T13:51:03+00:00\",\"mainEntityOfPage\":{\"@id\":\"https:\/\/biciurba.com\/index.php\/2024\/11\/28\/una-mirada-a-nuestra-realidad-desde-la-sociologia\/\"},\"wordCount\":143,\"commentCount\":0,\"publisher\":{\"@id\":\"https:\/\/biciurba.com\/#\/schema\/person\/d9675ddf29ee982d268db0a3f239eced\"},\"image\":{\"@id\":\"https:\/\/biciurba.com\/index.php\/2024\/11\/28\/una-mirada-a-nuestra-realidad-desde-la-sociologia\/#primaryimage\"},\"thumbnailUrl\":\"https:\/\/biciurba.com\/wp-content\/uploads\/2024\/05\/podcast-logo.png\",\"keywords\":[\"crisis ambiental\",\"Crisis social\",\"humanidad\",\"Sociolog\u00eda\"],\"articleSection\":[\"Podcast\"],\"inLanguage\":\"es\",\"potentialAction\":[{\"@type\":\"CommentAction\",\"name\":\"Comment\",\"target\":[\"https:\/\/biciurba.com\/index.php\/2024\/11\/28\/una-mirada-a-nuestra-realidad-desde-la-sociologia\/#respond\"]}]},{\"@type\":\"WebPage\",\"@id\":\"https:\/\/biciurba.com\/index.php\/2024\/11\/28\/una-mirada-a-nuestra-realidad-desde-la-sociologia\/\",\"url\":\"https:\/\/biciurba.com\/index.php\/2024\/11\/28\/una-mirada-a-nuestra-realidad-desde-la-sociologia\/\",\"name\":\"Una mirada a nuestra realidad desde la sociolog\u00eda - Biciurba\",\"isPartOf\":{\"@id\":\"https:\/\/biciurba.com\/#website\"},\"primaryImageOfPage\":{\"@id\":\"https:\/\/biciurba.com\/index.php\/2024\/11\/28\/una-mirada-a-nuestra-realidad-desde-la-sociologia\/#primaryimage\"},\"image\":{\"@id\":\"https:\/\/biciurba.com\/index.php\/2024\/11\/28\/una-mirada-a-nuestra-realidad-desde-la-sociologia\/#primaryimage\"},\"thumbnailUrl\":\"https:\/\/biciurba.com\/wp-content\/uploads\/2024\/05\/podcast-logo.png\",\"datePublished\":\"2024-11-28T13:05:02+00:00\",\"dateModified\":\"2024-11-27T13:51:03+00:00\",\"breadcrumb\":{\"@id\":\"https:\/\/biciurba.com\/index.php\/2024\/11\/28\/una-mirada-a-nuestra-realidad-desde-la-sociologia\/#breadcrumb\"},\"inLanguage\":\"es\",\"potentialAction\":[{\"@type\":\"ReadAction\",\"target\":[\"https:\/\/biciurba.com\/index.php\/2024\/11\/28\/una-mirada-a-nuestra-realidad-desde-la-sociologia\/\"]}]},{\"@type\":\"ImageObject\",\"inLanguage\":\"es\",\"@id\":\"https:\/\/biciurba.com\/index.php\/2024\/11\/28\/una-mirada-a-nuestra-realidad-desde-la-sociologia\/#primaryimage\",\"url\":\"https:\/\/biciurba.com\/wp-content\/uploads\/2024\/05\/podcast-logo.png\",\"contentUrl\":\"https:\/\/biciurba.com\/wp-content\/uploads\/2024\/05\/podcast-logo.png\",\"width\":600,\"height\":400},{\"@type\":\"BreadcrumbList\",\"@id\":\"https:\/\/biciurba.com\/index.php\/2024\/11\/28\/una-mirada-a-nuestra-realidad-desde-la-sociologia\/#breadcrumb\",\"itemListElement\":[{\"@type\":\"ListItem\",\"position\":1,\"name\":\"Portada\",\"item\":\"https:\/\/biciurba.com\/\"},{\"@type\":\"ListItem\",\"position\":2,\"name\":\"Una mirada a nuestra realidad desde la sociolog\u00eda\"}]},{\"@type\":\"WebSite\",\"@id\":\"https:\/\/biciurba.com\/#website\",\"url\":\"https:\/\/biciurba.com\/\",\"name\":\"Biciurba\",\"description\":\"Una mejor manera de vivir\",\"publisher\":{\"@id\":\"https:\/\/biciurba.com\/#\/schema\/person\/d9675ddf29ee982d268db0a3f239eced\"},\"potentialAction\":[{\"@type\":\"SearchAction\",\"target\":{\"@type\":\"EntryPoint\",\"urlTemplate\":\"https:\/\/biciurba.com\/?s={search_term_string}\"},\"query-input\":{\"@type\":\"PropertyValueSpecification\",\"valueRequired\":true,\"valueName\":\"search_term_string\"}}],\"inLanguage\":\"es\"},{\"@type\":[\"Person\",\"Organization\"],\"@id\":\"https:\/\/biciurba.com\/#\/schema\/person\/d9675ddf29ee982d268db0a3f239eced\",\"name\":\"Carlos Cantor\",\"image\":{\"@type\":\"ImageObject\",\"inLanguage\":\"es\",\"@id\":\"https:\/\/biciurba.com\/#\/schema\/person\/image\/\",\"url\":\"https:\/\/biciurba.com\/wp-content\/uploads\/2024\/04\/cropped-logo-1.png\",\"contentUrl\":\"https:\/\/biciurba.com\/wp-content\/uploads\/2024\/04\/cropped-logo-1.png\",\"width\":512,\"height\":318,\"caption\":\"Carlos Cantor\"},\"logo\":{\"@id\":\"https:\/\/biciurba.com\/#\/schema\/person\/image\/\"},\"sameAs\":[\"https:\/\/biciurba.com\"],\"url\":\"https:\/\/biciurba.com\/index.php\/author\/ccantor\/\"}]}<\/script>\n<!-- \/ Yoast SEO plugin. -->","yoast_head_json":{"title":"Una mirada a nuestra realidad desde la sociolog\u00eda - Biciurba","robots":{"index":"index","follow":"follow","max-snippet":"max-snippet:-1","max-image-preview":"max-image-preview:large","max-video-preview":"max-video-preview:-1"},"canonical":"https:\/\/biciurba.com\/index.php\/2024\/11\/28\/una-mirada-a-nuestra-realidad-desde-la-sociologia\/","og_locale":"es_ES","og_type":"article","og_title":"Una mirada a nuestra realidad desde la sociolog\u00eda - Biciurba","og_description":"Las noticias del d\u00eda a d\u00eda nos retratan un mundo ca\u00f3tico, emproblemado desde lo social, econ\u00f3mico, pol\u00edtico, ambiental y de manera especial en las personas que protagonizamos este tiempo de la historia de la humanidad. Serian muchas las preguntas y otras tantas las respuestas. Con Eduardo Pe\u00f1a, soci\u00f3logo egresado de la Universidad Nacional de Colombia, [&hellip;]","og_url":"https:\/\/biciurba.com\/index.php\/2024\/11\/28\/una-mirada-a-nuestra-realidad-desde-la-sociologia\/","og_site_name":"Biciurba","article_published_time":"2024-11-28T13:05:02+00:00","article_modified_time":"2024-11-27T13:51:03+00:00","og_image":[{"width":600,"height":400,"url":"https:\/\/biciurba.com\/wp-content\/uploads\/2024\/05\/podcast-logo.png","type":"image\/png"}],"author":"Carlos Cantor","twitter_card":"summary_large_image","twitter_misc":{"Escrito por":"Carlos Cantor","Tiempo de lectura":"1 minuto"},"schema":{"@context":"https:\/\/schema.org","@graph":[{"@type":"Article","@id":"https:\/\/biciurba.com\/index.php\/2024\/11\/28\/una-mirada-a-nuestra-realidad-desde-la-sociologia\/#article","isPartOf":{"@id":"https:\/\/biciurba.com\/index.php\/2024\/11\/28\/una-mirada-a-nuestra-realidad-desde-la-sociologia\/"},"author":{"name":"Carlos Cantor","@id":"https:\/\/biciurba.com\/#\/schema\/person\/d9675ddf29ee982d268db0a3f239eced"},"headline":"Una mirada a nuestra realidad desde la sociolog\u00eda","datePublished":"2024-11-28T13:05:02+00:00","dateModified":"2024-11-27T13:51:03+00:00","mainEntityOfPage":{"@id":"https:\/\/biciurba.com\/index.php\/2024\/11\/28\/una-mirada-a-nuestra-realidad-desde-la-sociologia\/"},"wordCount":143,"commentCount":0,"publisher":{"@id":"https:\/\/biciurba.com\/#\/schema\/person\/d9675ddf29ee982d268db0a3f239eced"},"image":{"@id":"https:\/\/biciurba.com\/index.php\/2024\/11\/28\/una-mirada-a-nuestra-realidad-desde-la-sociologia\/#primaryimage"},"thumbnailUrl":"https:\/\/biciurba.com\/wp-content\/uploads\/2024\/05\/podcast-logo.png","keywords":["crisis ambiental","Crisis social","humanidad","Sociolog\u00eda"],"articleSection":["Podcast"],"inLanguage":"es","potentialAction":[{"@type":"CommentAction","name":"Comment","target":["https:\/\/biciurba.com\/index.php\/2024\/11\/28\/una-mirada-a-nuestra-realidad-desde-la-sociologia\/#respond"]}]},{"@type":"WebPage","@id":"https:\/\/biciurba.com\/index.php\/2024\/11\/28\/una-mirada-a-nuestra-realidad-desde-la-sociologia\/","url":"https:\/\/biciurba.com\/index.php\/2024\/11\/28\/una-mirada-a-nuestra-realidad-desde-la-sociologia\/","name":"Una mirada a nuestra realidad desde la sociolog\u00eda - Biciurba","isPartOf":{"@id":"https:\/\/biciurba.com\/#website"},"primaryImageOfPage":{"@id":"https:\/\/biciurba.com\/index.php\/2024\/11\/28\/una-mirada-a-nuestra-realidad-desde-la-sociologia\/#primaryimage"},"image":{"@id":"https:\/\/biciurba.com\/index.php\/2024\/11\/28\/una-mirada-a-nuestra-realidad-desde-la-sociologia\/#primaryimage"},"thumbnailUrl":"https:\/\/biciurba.com\/wp-content\/uploads\/2024\/05\/podcast-logo.png","datePublished":"2024-11-28T13:05:02+00:00","dateModified":"2024-11-27T13:51:03+00:00","breadcrumb":{"@id":"https:\/\/biciurba.com\/index.php\/2024\/11\/28\/una-mirada-a-nuestra-realidad-desde-la-sociologia\/#breadcrumb"},"inLanguage":"es","potentialAction":[{"@type":"ReadAction","target":["https:\/\/biciurba.com\/index.php\/2024\/11\/28\/una-mirada-a-nuestra-realidad-desde-la-sociologia\/"]}]},{"@type":"ImageObject","inLanguage":"es","@id":"https:\/\/biciurba.com\/index.php\/2024\/11\/28\/una-mirada-a-nuestra-realidad-desde-la-sociologia\/#primaryimage","url":"https:\/\/biciurba.com\/wp-content\/uploads\/2024\/05\/podcast-logo.png","contentUrl":"https:\/\/biciurba.com\/wp-content\/uploads\/2024\/05\/podcast-logo.png","width":600,"height":400},{"@type":"BreadcrumbList","@id":"https:\/\/biciurba.com\/index.php\/2024\/11\/28\/una-mirada-a-nuestra-realidad-desde-la-sociologia\/#breadcrumb","itemListElement":[{"@type":"ListItem","position":1,"name":"Portada","item":"https:\/\/biciurba.com\/"},{"@type":"ListItem","position":2,"name":"Una mirada a nuestra realidad desde la sociolog\u00eda"}]},{"@type":"WebSite","@id":"https:\/\/biciurba.com\/#website","url":"https:\/\/biciurba.com\/","name":"Biciurba","description":"Una mejor manera de vivir","publisher":{"@id":"https:\/\/biciurba.com\/#\/schema\/person\/d9675ddf29ee982d268db0a3f239eced"},"potentialAction":[{"@type":"SearchAction","target":{"@type":"EntryPoint","urlTemplate":"https:\/\/biciurba.com\/?s={search_term_string}"},"query-input":{"@type":"PropertyValueSpecification","valueRequired":true,"valueName":"search_term_string"}}],"inLanguage":"es"},{"@type":["Person","Organization"],"@id":"https:\/\/biciurba.com\/#\/schema\/person\/d9675ddf29ee982d268db0a3f239eced","name":"Carlos Cantor","image":{"@type":"ImageObject","inLanguage":"es","@id":"https:\/\/biciurba.com\/#\/schema\/person\/image\/","url":"https:\/\/biciurba.com\/wp-content\/uploads\/2024\/04\/cropped-logo-1.png","contentUrl":"https:\/\/biciurba.com\/wp-content\/uploads\/2024\/04\/cropped-logo-1.png","width":512,"height":318,"caption":"Carlos Cantor"},"logo":{"@id":"https:\/\/biciurba.com\/#\/schema\/person\/image\/"},"sameAs":["https:\/\/biciurba.com"],"url":"https:\/\/biciurba.com\/index.php\/author\/ccantor\/"}]}},"_links":{"self":[{"href":"https:\/\/biciurba.com\/index.php\/wp-json\/wp\/v2\/posts\/1359"}],"collection":[{"href":"https:\/\/biciurba.com\/index.php\/wp-json\/wp\/v2\/posts"}],"about":[{"href":"https:\/\/biciurba.com\/index.php\/wp-json\/wp\/v2\/types\/post"}],"author":[{"embeddable":true,"href":"https:\/\/biciurba.com\/index.php\/wp-json\/wp\/v2\/users\/1"}],"replies":[{"embeddable":true,"href":"https:\/\/biciurba.com\/index.php\/wp-json\/wp\/v2\/comments?post=1359"}],"version-history":[{"count":3,"href":"https:\/\/biciurba.com\/index.php\/wp-json\/wp\/v2\/posts\/1359\/revisions"}],"predecessor-version":[{"id":1363,"href":"https:\/\/biciurba.com\/index.php\/wp-json\/wp\/v2\/posts\/1359\/revisions\/1363"}],"wp:featuredmedia":[{"embeddable":true,"href":"https:\/\/biciurba.com\/index.php\/wp-json\/wp\/v2\/media\/542"}],"wp:attachment":[{"href":"https:\/\/biciurba.com\/index.php\/wp-json\/wp\/v2\/media?parent=1359"}],"wp:term":[{"taxonomy":"category","embeddable":true,"href":"https:\/\/biciurba.com\/index.php\/wp-json\/wp\/v2\/categories?post=1359"},{"taxonomy":"post_tag","embeddable":true,"href":"https:\/\/biciurba.com\/index.php\/wp-json\/wp\/v2\/tags?post=1359"}],"curies":[{"name":"wp","href":"https:\/\/api.w.org\/{rel}","templated":true}]}}