{"id":1364,"date":"2024-11-27T09:59:27","date_gmt":"2024-11-27T14:59:27","guid":{"rendered":"https:\/\/biciurba.com\/?p=1364"},"modified":"2024-11-27T09:59:29","modified_gmt":"2024-11-27T14:59:29","slug":"la-alianza-de-civilizaciones-de-la-onu-promoviendo-la-paz-y-la-diversidad-en-un-mundo-fragmentado","status":"publish","type":"post","link":"https:\/\/biciurba.com\/index.php\/2024\/11\/27\/la-alianza-de-civilizaciones-de-la-onu-promoviendo-la-paz-y-la-diversidad-en-un-mundo-fragmentado\/","title":{"rendered":"La Alianza de Civilizaciones de la ONU: Promoviendo la Paz y la Diversidad en un Mundo Fragmentado"},"content":{"rendered":"\n<p>El lema de la Alianza de Civilizaciones de la ONU, \u00abMuchas culturas, una humanidad\u00bb, refleja la misi\u00f3n central de esta iniciativa, creada en 2005 por el entonces Secretario General Kofi Annan. Su objetivo principal es promover la diversidad cultural, el pluralismo religioso y el respeto mutuo, elementos esenciales para avanzar hacia un mundo m\u00e1s pac\u00edfico e integrador. A lo largo de casi dos d\u00e9cadas, ha sido un actor clave en la construcci\u00f3n de puentes entre distintas culturas, trabajando con actores globales, desde m\u00fasicos israel\u00edes y palestinos hasta l\u00edderes religiosos y de la sociedad civil.<\/p>\n\n\n\n<p>Con el apoyo de aliados internacionales, la Alianza ha impulsado la diplomacia a nivel local y mundial, promoviendo el entendimiento y la colaboraci\u00f3n entre pueblos con diferentes or\u00edgenes y creencias. Esta labor se refleja en iniciativas como simposios sobre el odio hacia los refugiados y di\u00e1logos interreligiosos en diversas regiones. El trabajo de la Alianza tambi\u00e9n se encuentra alineado con los valores de la Agenda 2030 para el Desarrollo Sostenible y el Pacto para el Futuro, adoptado recientemente.<\/p>\n\n\n\n<p>El Secretario General de la ONU, Ant\u00f3nio Guterres, destac\u00f3 en varias ocasiones que la Alianza no es solo una iniciativa simb\u00f3lica, sino una herramienta esencial para la paz, la seguridad y el desarrollo sostenible en el mundo actual. A trav\u00e9s de sus foros mundiales, que re\u00fanen a delegados de m\u00e1s de 130 pa\u00edses, se busca identificar soluciones a los retos globales m\u00e1s urgentes.<\/p>\n\n\n\n<p>El Foro tambi\u00e9n destaca la importancia de la juventud en la construcci\u00f3n de un futuro mejor. Durante el evento, se organiza un Foro de la Juventud con actividades paralelas en las que participar\u00e1n miles de j\u00f3venes de todo el mundo. Estos j\u00f3venes no solo son vistos como agentes de cambio social, sino tambi\u00e9n como los l\u00edderes del futuro en la lucha contra la intolerancia y la desinformaci\u00f3n. El festival PLURAL+, centrado en el cine realizado por j\u00f3venes, exhibi\u00f3 cortometrajes de 32 pa\u00edses, incluyendo Afganist\u00e1n, Israel y Yemen, que mostraron la diversidad cultural y los esfuerzos de los j\u00f3venes por promover un cambio positivo.<\/p>\n\n\n\n<p>Un aspecto clave de la Cumbre fue la adopci\u00f3n de la Declaraci\u00f3n de Cascais por parte de los jefes de Estado y de Gobierno de varios pa\u00edses. Esta declaraci\u00f3n subraya la necesidad de una acci\u00f3n coordinada para hacer frente a los conflictos en regiones como Gaza, L\u00edbano, Sud\u00e1n y Ucrania, as\u00ed como para contrarrestar la propagaci\u00f3n del antisemitismo, el nacionalismo y la xenofobia. En su discurso inaugural, Guterres enfatiz\u00f3 que \u00abnecesitamos la paz ahora\u201d. \u201cLa Alianza no es una iniciativa para sentirse bien, es fundamental para la paz, para la seguridad, para el desarrollo sostenible y para el mundo que necesitamos construir\u201d.<\/p>\n\n\n\n<p>La Declaraci\u00f3n de Cascais tambi\u00e9n abord\u00f3 temas cruciales como el uso de la IA para facilitar el di\u00e1logo intercultural e interreligioso, as\u00ed como la necesidad de combatir la desinformaci\u00f3n y los discursos de odio en l\u00ednea. A lo largo del evento, se resalt\u00f3 el papel de la \u00abdiplomacia del deporte\u00bb como una poderosa herramienta para promover el entendimiento mutuo, y se subray\u00f3 la importancia de fortalecer el papel de las mujeres como mediadoras, negociadoras y pacificadoras en los procesos de paz. .<\/p>\n\n\n\n<p>Los compromisos adoptados en la declaraci\u00f3n incluyen acciones espec\u00edficas para combatir la intolerancia religiosa, promover la educaci\u00f3n como medio para la paz y los derechos humanos, y apoyar una migraci\u00f3n segura, ordenada y regular que fomente el pluralismo cultural. Adem\u00e1s, se reconoce la importancia del multilateralismo y la inclusi\u00f3n de las voces religiosas en la promoci\u00f3n de una cultura de paz. La declaraci\u00f3n tambi\u00e9n hizo un llamado a la implementaci\u00f3n del Plan de Acci\u00f3n de la ONU para proteger los lugares religiosos, una iniciativa clave en la preservaci\u00f3n del patrimonio cultural y la promoci\u00f3n de la libertad religiosa.<\/p>\n\n\n\n<p>Un momento destacado de la Cumbre fue la intervenci\u00f3n de la primera ministra de Senegal, Aminata Tour\u00e9, quien destac\u00f3 la tragedia humana en Gaza. En su discurso, Tour\u00e9 reflexion\u00f3 sobre el significado de \u00abcivilizaci\u00f3n\u00bb en el contexto de la guerra, cuestionando las desigualdades en el tratamiento de las v\u00edctimas y subrayando la necesidad de un enfoque basado en la igualdad de derechos. Por su parte, el Rey Don Felipe VI de Espa\u00f1a destac\u00f3 la importancia de una diplomacia renovada, m\u00e1s audaz y pragm\u00e1tica, que vaya m\u00e1s all\u00e1 de las conferencias internacionales.<\/p>\n\n\n\n<p>Miguel \u00c1ngel Moratinos, alto representante de la Alianza, renov\u00f3 su llamado a una \u00abalianza por la paz\u00bb, destacando que, adem\u00e1s de proteger la biodiversidad, tambi\u00e9n es crucial proteger la diversidad humana. En su intervenci\u00f3n, destac\u00f3 que la Alianza de Civilizaciones es la plataforma ideal para lograr este objetivo, abogando por un enfoque integral que promueva la paz tanto con la naturaleza como entre los seres humanos.<\/p>\n\n\n\n<p>La Alianza de Civilizaciones de la ONU contin\u00faa desempe\u00f1ando un papel fundamental en la promoci\u00f3n de la paz, el entendimiento y la inclusi\u00f3n en un mundo cada vez m\u00e1s polarizado. Si bien se han logrado avances significativos, las palabras de Guterres y Moratinos dejan claro que queda mucho por hacer en la lucha contra el odio y la intolerancia, y que la cooperaci\u00f3n internacional es m\u00e1s.<\/p>\n\n\n\n<p><\/p>\n","protected":false},"excerpt":{"rendered":"<p>El lema de la Alianza de Civilizaciones de la ONU, \u00abMuchas culturas, una humanidad\u00bb, refleja la misi\u00f3n central de esta iniciativa, creada en 2005 por el entonces Secretario General Kofi Annan. Su objetivo principal es promover la diversidad cultural, el pluralismo religioso y el respeto mutuo, elementos esenciales para avanzar hacia un mundo m\u00e1s pac\u00edfico [&hellip;]<\/p>\n","protected":false},"author":1,"featured_media":1365,"comment_status":"open","ping_status":"open","sticky":false,"template":"","format":"standard","meta":{"footnotes":""},"categories":[52],"tags":[543,504,542],"class_list":["post-1364","post","type-post","status-publish","format-standard","has-post-thumbnail","hentry","category-noticias","tag-alianza-de-civilizaciones","tag-onu","tag-paz-mundial"],"yoast_head":"<!-- This site is optimized with the Yoast SEO plugin v23.9 - https:\/\/yoast.com\/wordpress\/plugins\/seo\/ -->\n<title>La Alianza de Civilizaciones de la ONU: Promoviendo la Paz y la Diversidad en un Mundo Fragmentado - Biciurba<\/title>\n<meta name=\"robots\" content=\"index, follow, max-snippet:-1, max-image-preview:large, max-video-preview:-1\" \/>\n<link rel=\"canonical\" href=\"https:\/\/biciurba.com\/index.php\/2024\/11\/27\/la-alianza-de-civilizaciones-de-la-onu-promoviendo-la-paz-y-la-diversidad-en-un-mundo-fragmentado\/\" \/>\n<meta property=\"og:locale\" content=\"es_ES\" \/>\n<meta property=\"og:type\" content=\"article\" \/>\n<meta property=\"og:title\" content=\"La Alianza de Civilizaciones de la ONU: Promoviendo la Paz y la Diversidad en un Mundo Fragmentado - Biciurba\" \/>\n<meta property=\"og:description\" content=\"El lema de la Alianza de Civilizaciones de la ONU, \u00abMuchas culturas, una humanidad\u00bb, refleja la misi\u00f3n central de esta iniciativa, creada en 2005 por el entonces Secretario General Kofi Annan. Su objetivo principal es promover la diversidad cultural, el pluralismo religioso y el respeto mutuo, elementos esenciales para avanzar hacia un mundo m\u00e1s pac\u00edfico [&hellip;]\" \/>\n<meta property=\"og:url\" content=\"https:\/\/biciurba.com\/index.php\/2024\/11\/27\/la-alianza-de-civilizaciones-de-la-onu-promoviendo-la-paz-y-la-diversidad-en-un-mundo-fragmentado\/\" \/>\n<meta property=\"og:site_name\" content=\"Biciurba\" \/>\n<meta property=\"article:published_time\" content=\"2024-11-27T14:59:27+00:00\" \/>\n<meta property=\"article:modified_time\" content=\"2024-11-27T14:59:29+00:00\" \/>\n<meta property=\"og:image\" content=\"https:\/\/biciurba.com\/wp-content\/uploads\/2024\/11\/ONU.png\" \/>\n\t<meta property=\"og:image:width\" content=\"606\" \/>\n\t<meta property=\"og:image:height\" content=\"404\" \/>\n\t<meta property=\"og:image:type\" content=\"image\/png\" \/>\n<meta name=\"author\" content=\"Carlos Cantor\" \/>\n<meta name=\"twitter:card\" content=\"summary_large_image\" \/>\n<meta name=\"twitter:label1\" content=\"Escrito por\" \/>\n\t<meta name=\"twitter:data1\" content=\"Carlos Cantor\" \/>\n\t<meta name=\"twitter:label2\" content=\"Tiempo de lectura\" \/>\n\t<meta name=\"twitter:data2\" content=\"5 minutos\" \/>\n<script type=\"application\/ld+json\" class=\"yoast-schema-graph\">{\"@context\":\"https:\/\/schema.org\",\"@graph\":[{\"@type\":\"Article\",\"@id\":\"https:\/\/biciurba.com\/index.php\/2024\/11\/27\/la-alianza-de-civilizaciones-de-la-onu-promoviendo-la-paz-y-la-diversidad-en-un-mundo-fragmentado\/#article\",\"isPartOf\":{\"@id\":\"https:\/\/biciurba.com\/index.php\/2024\/11\/27\/la-alianza-de-civilizaciones-de-la-onu-promoviendo-la-paz-y-la-diversidad-en-un-mundo-fragmentado\/\"},\"author\":{\"name\":\"Carlos Cantor\",\"@id\":\"https:\/\/biciurba.com\/#\/schema\/person\/d9675ddf29ee982d268db0a3f239eced\"},\"headline\":\"La Alianza de Civilizaciones de la ONU: Promoviendo la Paz y la Diversidad en un Mundo Fragmentado\",\"datePublished\":\"2024-11-27T14:59:27+00:00\",\"dateModified\":\"2024-11-27T14:59:29+00:00\",\"mainEntityOfPage\":{\"@id\":\"https:\/\/biciurba.com\/index.php\/2024\/11\/27\/la-alianza-de-civilizaciones-de-la-onu-promoviendo-la-paz-y-la-diversidad-en-un-mundo-fragmentado\/\"},\"wordCount\":929,\"commentCount\":0,\"publisher\":{\"@id\":\"https:\/\/biciurba.com\/#\/schema\/person\/d9675ddf29ee982d268db0a3f239eced\"},\"image\":{\"@id\":\"https:\/\/biciurba.com\/index.php\/2024\/11\/27\/la-alianza-de-civilizaciones-de-la-onu-promoviendo-la-paz-y-la-diversidad-en-un-mundo-fragmentado\/#primaryimage\"},\"thumbnailUrl\":\"https:\/\/biciurba.com\/wp-content\/uploads\/2024\/11\/ONU.png\",\"keywords\":[\"Alianza de Civilizaciones\",\"ONU\",\"Paz mundial\"],\"articleSection\":[\"Noticias\"],\"inLanguage\":\"es\",\"potentialAction\":[{\"@type\":\"CommentAction\",\"name\":\"Comment\",\"target\":[\"https:\/\/biciurba.com\/index.php\/2024\/11\/27\/la-alianza-de-civilizaciones-de-la-onu-promoviendo-la-paz-y-la-diversidad-en-un-mundo-fragmentado\/#respond\"]}]},{\"@type\":\"WebPage\",\"@id\":\"https:\/\/biciurba.com\/index.php\/2024\/11\/27\/la-alianza-de-civilizaciones-de-la-onu-promoviendo-la-paz-y-la-diversidad-en-un-mundo-fragmentado\/\",\"url\":\"https:\/\/biciurba.com\/index.php\/2024\/11\/27\/la-alianza-de-civilizaciones-de-la-onu-promoviendo-la-paz-y-la-diversidad-en-un-mundo-fragmentado\/\",\"name\":\"La Alianza de Civilizaciones de la ONU: Promoviendo la Paz y la Diversidad en un Mundo Fragmentado - Biciurba\",\"isPartOf\":{\"@id\":\"https:\/\/biciurba.com\/#website\"},\"primaryImageOfPage\":{\"@id\":\"https:\/\/biciurba.com\/index.php\/2024\/11\/27\/la-alianza-de-civilizaciones-de-la-onu-promoviendo-la-paz-y-la-diversidad-en-un-mundo-fragmentado\/#primaryimage\"},\"image\":{\"@id\":\"https:\/\/biciurba.com\/index.php\/2024\/11\/27\/la-alianza-de-civilizaciones-de-la-onu-promoviendo-la-paz-y-la-diversidad-en-un-mundo-fragmentado\/#primaryimage\"},\"thumbnailUrl\":\"https:\/\/biciurba.com\/wp-content\/uploads\/2024\/11\/ONU.png\",\"datePublished\":\"2024-11-27T14:59:27+00:00\",\"dateModified\":\"2024-11-27T14:59:29+00:00\",\"breadcrumb\":{\"@id\":\"https:\/\/biciurba.com\/index.php\/2024\/11\/27\/la-alianza-de-civilizaciones-de-la-onu-promoviendo-la-paz-y-la-diversidad-en-un-mundo-fragmentado\/#breadcrumb\"},\"inLanguage\":\"es\",\"potentialAction\":[{\"@type\":\"ReadAction\",\"target\":[\"https:\/\/biciurba.com\/index.php\/2024\/11\/27\/la-alianza-de-civilizaciones-de-la-onu-promoviendo-la-paz-y-la-diversidad-en-un-mundo-fragmentado\/\"]}]},{\"@type\":\"ImageObject\",\"inLanguage\":\"es\",\"@id\":\"https:\/\/biciurba.com\/index.php\/2024\/11\/27\/la-alianza-de-civilizaciones-de-la-onu-promoviendo-la-paz-y-la-diversidad-en-un-mundo-fragmentado\/#primaryimage\",\"url\":\"https:\/\/biciurba.com\/wp-content\/uploads\/2024\/11\/ONU.png\",\"contentUrl\":\"https:\/\/biciurba.com\/wp-content\/uploads\/2024\/11\/ONU.png\",\"width\":606,\"height\":404,\"caption\":\"La Declaraci\u00f3n de Cascais, adoptada durante el10\u00ba Foro Mundial de la Alianza de Civilizaciones, promueve el uso de la inteligencia artificial (IA) para combatir la incitaci\u00f3n al odio y la desinformaci\u00f3n en pro del fortalecimiento de la paz y el entendimiento mutuo.\"},{\"@type\":\"BreadcrumbList\",\"@id\":\"https:\/\/biciurba.com\/index.php\/2024\/11\/27\/la-alianza-de-civilizaciones-de-la-onu-promoviendo-la-paz-y-la-diversidad-en-un-mundo-fragmentado\/#breadcrumb\",\"itemListElement\":[{\"@type\":\"ListItem\",\"position\":1,\"name\":\"Portada\",\"item\":\"https:\/\/biciurba.com\/\"},{\"@type\":\"ListItem\",\"position\":2,\"name\":\"La Alianza de Civilizaciones de la ONU: Promoviendo la Paz y la Diversidad en un Mundo Fragmentado\"}]},{\"@type\":\"WebSite\",\"@id\":\"https:\/\/biciurba.com\/#website\",\"url\":\"https:\/\/biciurba.com\/\",\"name\":\"Biciurba\",\"description\":\"Una mejor manera de vivir\",\"publisher\":{\"@id\":\"https:\/\/biciurba.com\/#\/schema\/person\/d9675ddf29ee982d268db0a3f239eced\"},\"potentialAction\":[{\"@type\":\"SearchAction\",\"target\":{\"@type\":\"EntryPoint\",\"urlTemplate\":\"https:\/\/biciurba.com\/?s={search_term_string}\"},\"query-input\":{\"@type\":\"PropertyValueSpecification\",\"valueRequired\":true,\"valueName\":\"search_term_string\"}}],\"inLanguage\":\"es\"},{\"@type\":[\"Person\",\"Organization\"],\"@id\":\"https:\/\/biciurba.com\/#\/schema\/person\/d9675ddf29ee982d268db0a3f239eced\",\"name\":\"Carlos Cantor\",\"image\":{\"@type\":\"ImageObject\",\"inLanguage\":\"es\",\"@id\":\"https:\/\/biciurba.com\/#\/schema\/person\/image\/\",\"url\":\"https:\/\/biciurba.com\/wp-content\/uploads\/2024\/04\/cropped-logo-1.png\",\"contentUrl\":\"https:\/\/biciurba.com\/wp-content\/uploads\/2024\/04\/cropped-logo-1.png\",\"width\":512,\"height\":318,\"caption\":\"Carlos Cantor\"},\"logo\":{\"@id\":\"https:\/\/biciurba.com\/#\/schema\/person\/image\/\"},\"sameAs\":[\"https:\/\/biciurba.com\"],\"url\":\"https:\/\/biciurba.com\/index.php\/author\/ccantor\/\"}]}<\/script>\n<!-- \/ Yoast SEO plugin. -->","yoast_head_json":{"title":"La Alianza de Civilizaciones de la ONU: Promoviendo la Paz y la Diversidad en un Mundo Fragmentado - Biciurba","robots":{"index":"index","follow":"follow","max-snippet":"max-snippet:-1","max-image-preview":"max-image-preview:large","max-video-preview":"max-video-preview:-1"},"canonical":"https:\/\/biciurba.com\/index.php\/2024\/11\/27\/la-alianza-de-civilizaciones-de-la-onu-promoviendo-la-paz-y-la-diversidad-en-un-mundo-fragmentado\/","og_locale":"es_ES","og_type":"article","og_title":"La Alianza de Civilizaciones de la ONU: Promoviendo la Paz y la Diversidad en un Mundo Fragmentado - Biciurba","og_description":"El lema de la Alianza de Civilizaciones de la ONU, \u00abMuchas culturas, una humanidad\u00bb, refleja la misi\u00f3n central de esta iniciativa, creada en 2005 por el entonces Secretario General Kofi Annan. Su objetivo principal es promover la diversidad cultural, el pluralismo religioso y el respeto mutuo, elementos esenciales para avanzar hacia un mundo m\u00e1s pac\u00edfico [&hellip;]","og_url":"https:\/\/biciurba.com\/index.php\/2024\/11\/27\/la-alianza-de-civilizaciones-de-la-onu-promoviendo-la-paz-y-la-diversidad-en-un-mundo-fragmentado\/","og_site_name":"Biciurba","article_published_time":"2024-11-27T14:59:27+00:00","article_modified_time":"2024-11-27T14:59:29+00:00","og_image":[{"width":606,"height":404,"url":"https:\/\/biciurba.com\/wp-content\/uploads\/2024\/11\/ONU.png","type":"image\/png"}],"author":"Carlos Cantor","twitter_card":"summary_large_image","twitter_misc":{"Escrito por":"Carlos Cantor","Tiempo de lectura":"5 minutos"},"schema":{"@context":"https:\/\/schema.org","@graph":[{"@type":"Article","@id":"https:\/\/biciurba.com\/index.php\/2024\/11\/27\/la-alianza-de-civilizaciones-de-la-onu-promoviendo-la-paz-y-la-diversidad-en-un-mundo-fragmentado\/#article","isPartOf":{"@id":"https:\/\/biciurba.com\/index.php\/2024\/11\/27\/la-alianza-de-civilizaciones-de-la-onu-promoviendo-la-paz-y-la-diversidad-en-un-mundo-fragmentado\/"},"author":{"name":"Carlos Cantor","@id":"https:\/\/biciurba.com\/#\/schema\/person\/d9675ddf29ee982d268db0a3f239eced"},"headline":"La Alianza de Civilizaciones de la ONU: Promoviendo la Paz y la Diversidad en un Mundo Fragmentado","datePublished":"2024-11-27T14:59:27+00:00","dateModified":"2024-11-27T14:59:29+00:00","mainEntityOfPage":{"@id":"https:\/\/biciurba.com\/index.php\/2024\/11\/27\/la-alianza-de-civilizaciones-de-la-onu-promoviendo-la-paz-y-la-diversidad-en-un-mundo-fragmentado\/"},"wordCount":929,"commentCount":0,"publisher":{"@id":"https:\/\/biciurba.com\/#\/schema\/person\/d9675ddf29ee982d268db0a3f239eced"},"image":{"@id":"https:\/\/biciurba.com\/index.php\/2024\/11\/27\/la-alianza-de-civilizaciones-de-la-onu-promoviendo-la-paz-y-la-diversidad-en-un-mundo-fragmentado\/#primaryimage"},"thumbnailUrl":"https:\/\/biciurba.com\/wp-content\/uploads\/2024\/11\/ONU.png","keywords":["Alianza de Civilizaciones","ONU","Paz mundial"],"articleSection":["Noticias"],"inLanguage":"es","potentialAction":[{"@type":"CommentAction","name":"Comment","target":["https:\/\/biciurba.com\/index.php\/2024\/11\/27\/la-alianza-de-civilizaciones-de-la-onu-promoviendo-la-paz-y-la-diversidad-en-un-mundo-fragmentado\/#respond"]}]},{"@type":"WebPage","@id":"https:\/\/biciurba.com\/index.php\/2024\/11\/27\/la-alianza-de-civilizaciones-de-la-onu-promoviendo-la-paz-y-la-diversidad-en-un-mundo-fragmentado\/","url":"https:\/\/biciurba.com\/index.php\/2024\/11\/27\/la-alianza-de-civilizaciones-de-la-onu-promoviendo-la-paz-y-la-diversidad-en-un-mundo-fragmentado\/","name":"La Alianza de Civilizaciones de la ONU: Promoviendo la Paz y la Diversidad en un Mundo Fragmentado - Biciurba","isPartOf":{"@id":"https:\/\/biciurba.com\/#website"},"primaryImageOfPage":{"@id":"https:\/\/biciurba.com\/index.php\/2024\/11\/27\/la-alianza-de-civilizaciones-de-la-onu-promoviendo-la-paz-y-la-diversidad-en-un-mundo-fragmentado\/#primaryimage"},"image":{"@id":"https:\/\/biciurba.com\/index.php\/2024\/11\/27\/la-alianza-de-civilizaciones-de-la-onu-promoviendo-la-paz-y-la-diversidad-en-un-mundo-fragmentado\/#primaryimage"},"thumbnailUrl":"https:\/\/biciurba.com\/wp-content\/uploads\/2024\/11\/ONU.png","datePublished":"2024-11-27T14:59:27+00:00","dateModified":"2024-11-27T14:59:29+00:00","breadcrumb":{"@id":"https:\/\/biciurba.com\/index.php\/2024\/11\/27\/la-alianza-de-civilizaciones-de-la-onu-promoviendo-la-paz-y-la-diversidad-en-un-mundo-fragmentado\/#breadcrumb"},"inLanguage":"es","potentialAction":[{"@type":"ReadAction","target":["https:\/\/biciurba.com\/index.php\/2024\/11\/27\/la-alianza-de-civilizaciones-de-la-onu-promoviendo-la-paz-y-la-diversidad-en-un-mundo-fragmentado\/"]}]},{"@type":"ImageObject","inLanguage":"es","@id":"https:\/\/biciurba.com\/index.php\/2024\/11\/27\/la-alianza-de-civilizaciones-de-la-onu-promoviendo-la-paz-y-la-diversidad-en-un-mundo-fragmentado\/#primaryimage","url":"https:\/\/biciurba.com\/wp-content\/uploads\/2024\/11\/ONU.png","contentUrl":"https:\/\/biciurba.com\/wp-content\/uploads\/2024\/11\/ONU.png","width":606,"height":404,"caption":"La Declaraci\u00f3n de Cascais, adoptada durante el10\u00ba Foro Mundial de la Alianza de Civilizaciones, promueve el uso de la inteligencia artificial (IA) para combatir la incitaci\u00f3n al odio y la desinformaci\u00f3n en pro del fortalecimiento de la paz y el entendimiento mutuo."},{"@type":"BreadcrumbList","@id":"https:\/\/biciurba.com\/index.php\/2024\/11\/27\/la-alianza-de-civilizaciones-de-la-onu-promoviendo-la-paz-y-la-diversidad-en-un-mundo-fragmentado\/#breadcrumb","itemListElement":[{"@type":"ListItem","position":1,"name":"Portada","item":"https:\/\/biciurba.com\/"},{"@type":"ListItem","position":2,"name":"La Alianza de Civilizaciones de la ONU: Promoviendo la Paz y la Diversidad en un Mundo Fragmentado"}]},{"@type":"WebSite","@id":"https:\/\/biciurba.com\/#website","url":"https:\/\/biciurba.com\/","name":"Biciurba","description":"Una mejor manera de vivir","publisher":{"@id":"https:\/\/biciurba.com\/#\/schema\/person\/d9675ddf29ee982d268db0a3f239eced"},"potentialAction":[{"@type":"SearchAction","target":{"@type":"EntryPoint","urlTemplate":"https:\/\/biciurba.com\/?s={search_term_string}"},"query-input":{"@type":"PropertyValueSpecification","valueRequired":true,"valueName":"search_term_string"}}],"inLanguage":"es"},{"@type":["Person","Organization"],"@id":"https:\/\/biciurba.com\/#\/schema\/person\/d9675ddf29ee982d268db0a3f239eced","name":"Carlos Cantor","image":{"@type":"ImageObject","inLanguage":"es","@id":"https:\/\/biciurba.com\/#\/schema\/person\/image\/","url":"https:\/\/biciurba.com\/wp-content\/uploads\/2024\/04\/cropped-logo-1.png","contentUrl":"https:\/\/biciurba.com\/wp-content\/uploads\/2024\/04\/cropped-logo-1.png","width":512,"height":318,"caption":"Carlos Cantor"},"logo":{"@id":"https:\/\/biciurba.com\/#\/schema\/person\/image\/"},"sameAs":["https:\/\/biciurba.com"],"url":"https:\/\/biciurba.com\/index.php\/author\/ccantor\/"}]}},"_links":{"self":[{"href":"https:\/\/biciurba.com\/index.php\/wp-json\/wp\/v2\/posts\/1364"}],"collection":[{"href":"https:\/\/biciurba.com\/index.php\/wp-json\/wp\/v2\/posts"}],"about":[{"href":"https:\/\/biciurba.com\/index.php\/wp-json\/wp\/v2\/types\/post"}],"author":[{"embeddable":true,"href":"https:\/\/biciurba.com\/index.php\/wp-json\/wp\/v2\/users\/1"}],"replies":[{"embeddable":true,"href":"https:\/\/biciurba.com\/index.php\/wp-json\/wp\/v2\/comments?post=1364"}],"version-history":[{"count":1,"href":"https:\/\/biciurba.com\/index.php\/wp-json\/wp\/v2\/posts\/1364\/revisions"}],"predecessor-version":[{"id":1366,"href":"https:\/\/biciurba.com\/index.php\/wp-json\/wp\/v2\/posts\/1364\/revisions\/1366"}],"wp:featuredmedia":[{"embeddable":true,"href":"https:\/\/biciurba.com\/index.php\/wp-json\/wp\/v2\/media\/1365"}],"wp:attachment":[{"href":"https:\/\/biciurba.com\/index.php\/wp-json\/wp\/v2\/media?parent=1364"}],"wp:term":[{"taxonomy":"category","embeddable":true,"href":"https:\/\/biciurba.com\/index.php\/wp-json\/wp\/v2\/categories?post=1364"},{"taxonomy":"post_tag","embeddable":true,"href":"https:\/\/biciurba.com\/index.php\/wp-json\/wp\/v2\/tags?post=1364"}],"curies":[{"name":"wp","href":"https:\/\/api.w.org\/{rel}","templated":true}]}}