{"id":1367,"date":"2024-11-28T08:39:05","date_gmt":"2024-11-28T13:39:05","guid":{"rendered":"https:\/\/biciurba.com\/?p=1367"},"modified":"2024-11-28T08:39:07","modified_gmt":"2024-11-28T13:39:07","slug":"la-navidad-una-celebracion-que-trasciende-lo-religioso-y-lo-historico","status":"publish","type":"post","link":"https:\/\/biciurba.com\/index.php\/2024\/11\/28\/la-navidad-una-celebracion-que-trasciende-lo-religioso-y-lo-historico\/","title":{"rendered":"La Navidad: Una celebraci\u00f3n que trasciende lo religioso y lo hist\u00f3rico"},"content":{"rendered":"\n<p>La Navidad, considerada una de las festividades m\u00e1s importantes en todo el mundo, encarna un crisol de tradiciones, significados y transformaciones a lo largo de los siglos. Aunque actualmente se asocia con regalos, celebraciones familiares y un ambiente festivo, sus ra\u00edces hist\u00f3ricas son mucho m\u00e1s complejas y menos cristianas de lo que muchos pudieran considerar.<\/p>\n\n\n\n<p>Si bien la Navidad conmemora el nacimiento de Jes\u00fas de Nazaret, la fecha exacta de este evento es un enigma hist\u00f3rico. Investigaciones documentos basados \u200b\u200ben los Evangelios y otros sugieren que el nacimiento de Cristo podr\u00eda haber ocurrido en primavera, entre abril y mayo, o incluso en oto\u00f1o, alrededor de septiembre. Sin embargo, fue el 25 de diciembre la fecha elegida por la Iglesia en el siglo IV.<\/p>\n\n\n\n<p>\u00bfPor qu\u00e9 esta elecci\u00f3n? La respuesta reside en el contexto cultural y pol\u00edtico del Imperio Romano. Durante estas fechas, los romanos celebraban la Saturnalia, un festival en honor al dios Saturno, marcado por banquetes, intercambio de regalos y un ambiente de desenfreno. Para consolidar la influencia cristiana en el imperio, los l\u00edderes de la Iglesia adoptaron este d\u00eda como el nacimiento de Cristo, desplazando las festividades paganas.<\/p>\n\n\n\n<p>La Saturnalia, que coincid\u00eda con el solsticio de invierno, simbolizaba el renacimiento del sol y marcaba un per\u00edodo de esperanza para las cosechas venideras. Durante esta celebraci\u00f3n, los romanos intercambiaron regalos y adornaron sus hogares con luces, tradiciones que permanecen en la Navidad moderna. En este contexto, se impuso la narrativa del nacimiento de Jes\u00fas como \u00abla luz del mundo\u00bb, reinterpretando el simbolismo solar bajo una \u00f3ptica cristiana.<\/p>\n\n\n\n<p>Sin embargo, en los primeros siglos del cristianismo, celebrar nacimientos era algo inusual. Los cristianos primitivos daban mayor importancia a la muerte y resurrecci\u00f3n, considerando que las festividades de nacimiento ten\u00edan connotaciones paganas.<\/p>\n\n\n\n<p>El personaje de Santa Claus, que domina el imaginario navide\u00f1o actual, tiene sus ra\u00edces en San Nicol\u00e1s, un obispo de origen turco del siglo IV conocido por su generosidad. Con el tiempo, este personaje se transform\u00f3 en el \u00abalegre Nick\u00bb, con influencias germ\u00e1nicas y escandinavas, Santa era el nombre del dios Nimrod en Asia menor.<\/p>\n\n\n\n<p>El Santa Claus moderno, con su ic\u00f3nico traje rojo y blanco, surgi\u00f3 en gran parte gracias a una campa\u00f1a publicitaria de Coca-Cola en la d\u00e9cada de 1930. Este personaje, dise\u00f1ado para reforzar el esp\u00edritu navide\u00f1o, simboliza el papel del consumismo en la \u00e9poca actual de centros comerciales, ventas y promociones de cuanta cosa nos podamos imaginar, propias de la sociedad de consumo, que gasta dinero por montones y mueve la econom\u00eda global.<\/p>\n\n\n\n<p>M\u00e1s all\u00e1 del cristianismo, otras culturas tambi\u00e9n celebraban eventos vinculados al solsticio de invierno. Los egipcios adoraban un Vulcano; los griegos, a Cronos; y los celtas, a Baal. Estos dioses compart\u00edan caracter\u00edsticas con Saturno, vinculados al fuego, el sol y el tiempo de siembra. M\u00e1s tarde, cuando la religi\u00f3n cristiana se impuso en todo el Imperio Romano, el emperador Justiniano declar\u00f3 la Navidad como unas fiestas c\u00edvicas, en la Edad Media las fiestas navide\u00f1as se convirtieron en d\u00edas para beber y estar de juerga, de la ma\u00f1ana a la noche.<\/p>\n\n\n\n<p>Uno de los aspectos m\u00e1s controvertidos de estas celebraciones era el sacrificio de ni\u00f1os, una pr\u00e1ctica que reflejaba la creencia en el poder purificador del fuego. Aunque estas costumbres desaparecieron con el tiempo, su simbolismo persiste en elementos como las luces y el calor asociado a la Navidad.<\/p>\n\n\n\n<p>Entre las tradiciones navide\u00f1as m\u00e1s arraigadas se encuentra el pesebre, cuya primera representaci\u00f3n se atribuye a San Francisco de As\u00eds en 1223. En un peque\u00f1o pueblo italiano, Greccio, el santo recre\u00f3 el nacimiento de Jes\u00fas con figuras humanas y animales, dando origen a una costumbre. que se expandi\u00f3 r\u00e1pidamente por Europa y el mundo.<\/p>\n\n\n\n<p>El pesebre simboliza la humildad y espiritualidad de la Navidad, contrastando con el enfoque consumista predominante en la actualidad. Lugares como Greccio mantienen viva esta tradici\u00f3n, con representaciones vivientes que atraen a millas de peregrinos cada a\u00f1o. Fue all\u00ed don de Franciso de Asis, hizo la representanci\u00f3n en vivo del pesebre seg\u00fan la tradici\u00f3n cristiana \u2013 cat\u00f3lica. De eso ya han pasado m\u00e1s de ocho siglos y hoy es parte fundamental para los cristianos, no as\u00ed para los intereses comerciales donde predomina el \u00e1rbol, los trineos y pap\u00e1 Noel.<\/p>\n\n\n\n<p>En pa\u00edses como Colombia y Ecuador, la Novena de Navidad es una pr\u00e1ctica devocional que combina oraciones, cantos y reflexiones diarias en los nueve d\u00edas previos a la Nochebuena. Introducida por el sacerdote quite\u00f1o Fernando de Jes\u00fas en 1784, esta tradici\u00f3n conmemorativa eventos clave como la Anunciaci\u00f3n y la llegada de los reyes magos y hace alusi\u00f3n a los nueve meses del embarazo de Mar\u00eda.<\/p>\n\n\n\n<p>Aunque las ra\u00edces hist\u00f3ricas de la Navidad est\u00e1n entrelazadas con festividades paganas y estrategias pol\u00edticas de la Iglesia Catolica, su esencia ha evolucionado hacia un significado m\u00e1s amplio. Para muchas familias, estas fechas son un momento de reflexi\u00f3n, uni\u00f3n y generosidad, independientemente de sus creencias religiosas.<\/p>\n\n\n\n<p>La Navidad es, en \u00faltima instancia, una celebraci\u00f3n de esperanza y renovaci\u00f3n, valores que trascienden las divisiones hist\u00f3ricas y culturales. Ya sea a trav\u00e9s de un pesebre, un \u00e1rbol iluminado o una mesa compartida, lo importante es el esp\u00edritu que inspira esta festividad universal, que trasciende los temas comerciales que ahora la promueven como el momento de las mejores ventas del a\u00f1o, dejando de lado lo realmente importante.<\/p>\n","protected":false},"excerpt":{"rendered":"<p>La Navidad, considerada una de las festividades m\u00e1s importantes en todo el mundo, encarna un crisol de tradiciones, significados y transformaciones a lo largo de los siglos. Aunque actualmente se asocia con regalos, celebraciones familiares y un ambiente festivo, sus ra\u00edces hist\u00f3ricas son mucho m\u00e1s complejas y menos cristianas de lo que muchos pudieran considerar. [&hellip;]<\/p>\n","protected":false},"author":1,"featured_media":1368,"comment_status":"open","ping_status":"open","sticky":false,"template":"","format":"standard","meta":{"footnotes":""},"categories":[50],"tags":[544,76,545],"class_list":["post-1367","post","type-post","status-publish","format-standard","has-post-thumbnail","hentry","category-salud-y-bienestar","tag-navidad","tag-sociedad-de-consumo","tag-tradiciones-paganas"],"yoast_head":"<!-- This site is optimized with the Yoast SEO plugin v23.9 - https:\/\/yoast.com\/wordpress\/plugins\/seo\/ -->\n<title>La Navidad: Una celebraci\u00f3n que trasciende lo religioso y lo hist\u00f3rico - Biciurba<\/title>\n<meta name=\"robots\" content=\"index, follow, max-snippet:-1, max-image-preview:large, max-video-preview:-1\" \/>\n<link rel=\"canonical\" href=\"https:\/\/biciurba.com\/index.php\/2024\/11\/28\/la-navidad-una-celebracion-que-trasciende-lo-religioso-y-lo-historico\/\" \/>\n<meta property=\"og:locale\" content=\"es_ES\" \/>\n<meta property=\"og:type\" content=\"article\" \/>\n<meta property=\"og:title\" content=\"La Navidad: Una celebraci\u00f3n que trasciende lo religioso y lo hist\u00f3rico - Biciurba\" \/>\n<meta property=\"og:description\" content=\"La Navidad, considerada una de las festividades m\u00e1s importantes en todo el mundo, encarna un crisol de tradiciones, significados y transformaciones a lo largo de los siglos. Aunque actualmente se asocia con regalos, celebraciones familiares y un ambiente festivo, sus ra\u00edces hist\u00f3ricas son mucho m\u00e1s complejas y menos cristianas de lo que muchos pudieran considerar. [&hellip;]\" \/>\n<meta property=\"og:url\" content=\"https:\/\/biciurba.com\/index.php\/2024\/11\/28\/la-navidad-una-celebracion-que-trasciende-lo-religioso-y-lo-historico\/\" \/>\n<meta property=\"og:site_name\" content=\"Biciurba\" \/>\n<meta property=\"article:published_time\" content=\"2024-11-28T13:39:05+00:00\" \/>\n<meta property=\"article:modified_time\" content=\"2024-11-28T13:39:07+00:00\" \/>\n<meta property=\"og:image\" content=\"https:\/\/biciurba.com\/wp-content\/uploads\/2024\/11\/comerio.png\" \/>\n\t<meta property=\"og:image:width\" content=\"606\" \/>\n\t<meta property=\"og:image:height\" content=\"404\" \/>\n\t<meta property=\"og:image:type\" content=\"image\/png\" \/>\n<meta name=\"author\" content=\"Carlos Cantor\" \/>\n<meta name=\"twitter:card\" content=\"summary_large_image\" \/>\n<meta name=\"twitter:label1\" content=\"Escrito por\" \/>\n\t<meta name=\"twitter:data1\" content=\"Carlos Cantor\" \/>\n\t<meta name=\"twitter:label2\" content=\"Tiempo de lectura\" \/>\n\t<meta name=\"twitter:data2\" content=\"5 minutos\" \/>\n<script type=\"application\/ld+json\" class=\"yoast-schema-graph\">{\"@context\":\"https:\/\/schema.org\",\"@graph\":[{\"@type\":\"Article\",\"@id\":\"https:\/\/biciurba.com\/index.php\/2024\/11\/28\/la-navidad-una-celebracion-que-trasciende-lo-religioso-y-lo-historico\/#article\",\"isPartOf\":{\"@id\":\"https:\/\/biciurba.com\/index.php\/2024\/11\/28\/la-navidad-una-celebracion-que-trasciende-lo-religioso-y-lo-historico\/\"},\"author\":{\"name\":\"Carlos Cantor\",\"@id\":\"https:\/\/biciurba.com\/#\/schema\/person\/d9675ddf29ee982d268db0a3f239eced\"},\"headline\":\"La Navidad: Una celebraci\u00f3n que trasciende lo religioso y lo hist\u00f3rico\",\"datePublished\":\"2024-11-28T13:39:05+00:00\",\"dateModified\":\"2024-11-28T13:39:07+00:00\",\"mainEntityOfPage\":{\"@id\":\"https:\/\/biciurba.com\/index.php\/2024\/11\/28\/la-navidad-una-celebracion-que-trasciende-lo-religioso-y-lo-historico\/\"},\"wordCount\":964,\"commentCount\":0,\"publisher\":{\"@id\":\"https:\/\/biciurba.com\/#\/schema\/person\/d9675ddf29ee982d268db0a3f239eced\"},\"image\":{\"@id\":\"https:\/\/biciurba.com\/index.php\/2024\/11\/28\/la-navidad-una-celebracion-que-trasciende-lo-religioso-y-lo-historico\/#primaryimage\"},\"thumbnailUrl\":\"https:\/\/biciurba.com\/wp-content\/uploads\/2024\/11\/comerio.png\",\"keywords\":[\"Navidad\",\"Sociedad de consumo\",\"Tradiciones paganas\"],\"articleSection\":[\"Vida Buena\"],\"inLanguage\":\"es\",\"potentialAction\":[{\"@type\":\"CommentAction\",\"name\":\"Comment\",\"target\":[\"https:\/\/biciurba.com\/index.php\/2024\/11\/28\/la-navidad-una-celebracion-que-trasciende-lo-religioso-y-lo-historico\/#respond\"]}]},{\"@type\":\"WebPage\",\"@id\":\"https:\/\/biciurba.com\/index.php\/2024\/11\/28\/la-navidad-una-celebracion-que-trasciende-lo-religioso-y-lo-historico\/\",\"url\":\"https:\/\/biciurba.com\/index.php\/2024\/11\/28\/la-navidad-una-celebracion-que-trasciende-lo-religioso-y-lo-historico\/\",\"name\":\"La Navidad: Una celebraci\u00f3n que trasciende lo religioso y lo hist\u00f3rico - Biciurba\",\"isPartOf\":{\"@id\":\"https:\/\/biciurba.com\/#website\"},\"primaryImageOfPage\":{\"@id\":\"https:\/\/biciurba.com\/index.php\/2024\/11\/28\/la-navidad-una-celebracion-que-trasciende-lo-religioso-y-lo-historico\/#primaryimage\"},\"image\":{\"@id\":\"https:\/\/biciurba.com\/index.php\/2024\/11\/28\/la-navidad-una-celebracion-que-trasciende-lo-religioso-y-lo-historico\/#primaryimage\"},\"thumbnailUrl\":\"https:\/\/biciurba.com\/wp-content\/uploads\/2024\/11\/comerio.png\",\"datePublished\":\"2024-11-28T13:39:05+00:00\",\"dateModified\":\"2024-11-28T13:39:07+00:00\",\"breadcrumb\":{\"@id\":\"https:\/\/biciurba.com\/index.php\/2024\/11\/28\/la-navidad-una-celebracion-que-trasciende-lo-religioso-y-lo-historico\/#breadcrumb\"},\"inLanguage\":\"es\",\"potentialAction\":[{\"@type\":\"ReadAction\",\"target\":[\"https:\/\/biciurba.com\/index.php\/2024\/11\/28\/la-navidad-una-celebracion-que-trasciende-lo-religioso-y-lo-historico\/\"]}]},{\"@type\":\"ImageObject\",\"inLanguage\":\"es\",\"@id\":\"https:\/\/biciurba.com\/index.php\/2024\/11\/28\/la-navidad-una-celebracion-que-trasciende-lo-religioso-y-lo-historico\/#primaryimage\",\"url\":\"https:\/\/biciurba.com\/wp-content\/uploads\/2024\/11\/comerio.png\",\"contentUrl\":\"https:\/\/biciurba.com\/wp-content\/uploads\/2024\/11\/comerio.png\",\"width\":606,\"height\":404,\"caption\":\"La cultura del consumo se ha tomado una festividad que trasciende la historia.\"},{\"@type\":\"BreadcrumbList\",\"@id\":\"https:\/\/biciurba.com\/index.php\/2024\/11\/28\/la-navidad-una-celebracion-que-trasciende-lo-religioso-y-lo-historico\/#breadcrumb\",\"itemListElement\":[{\"@type\":\"ListItem\",\"position\":1,\"name\":\"Portada\",\"item\":\"https:\/\/biciurba.com\/\"},{\"@type\":\"ListItem\",\"position\":2,\"name\":\"La Navidad: Una celebraci\u00f3n que trasciende lo religioso y lo hist\u00f3rico\"}]},{\"@type\":\"WebSite\",\"@id\":\"https:\/\/biciurba.com\/#website\",\"url\":\"https:\/\/biciurba.com\/\",\"name\":\"Biciurba\",\"description\":\"Una mejor manera de vivir\",\"publisher\":{\"@id\":\"https:\/\/biciurba.com\/#\/schema\/person\/d9675ddf29ee982d268db0a3f239eced\"},\"potentialAction\":[{\"@type\":\"SearchAction\",\"target\":{\"@type\":\"EntryPoint\",\"urlTemplate\":\"https:\/\/biciurba.com\/?s={search_term_string}\"},\"query-input\":{\"@type\":\"PropertyValueSpecification\",\"valueRequired\":true,\"valueName\":\"search_term_string\"}}],\"inLanguage\":\"es\"},{\"@type\":[\"Person\",\"Organization\"],\"@id\":\"https:\/\/biciurba.com\/#\/schema\/person\/d9675ddf29ee982d268db0a3f239eced\",\"name\":\"Carlos Cantor\",\"image\":{\"@type\":\"ImageObject\",\"inLanguage\":\"es\",\"@id\":\"https:\/\/biciurba.com\/#\/schema\/person\/image\/\",\"url\":\"https:\/\/biciurba.com\/wp-content\/uploads\/2024\/04\/cropped-logo-1.png\",\"contentUrl\":\"https:\/\/biciurba.com\/wp-content\/uploads\/2024\/04\/cropped-logo-1.png\",\"width\":512,\"height\":318,\"caption\":\"Carlos Cantor\"},\"logo\":{\"@id\":\"https:\/\/biciurba.com\/#\/schema\/person\/image\/\"},\"sameAs\":[\"https:\/\/biciurba.com\"],\"url\":\"https:\/\/biciurba.com\/index.php\/author\/ccantor\/\"}]}<\/script>\n<!-- \/ Yoast SEO plugin. -->","yoast_head_json":{"title":"La Navidad: Una celebraci\u00f3n que trasciende lo religioso y lo hist\u00f3rico - Biciurba","robots":{"index":"index","follow":"follow","max-snippet":"max-snippet:-1","max-image-preview":"max-image-preview:large","max-video-preview":"max-video-preview:-1"},"canonical":"https:\/\/biciurba.com\/index.php\/2024\/11\/28\/la-navidad-una-celebracion-que-trasciende-lo-religioso-y-lo-historico\/","og_locale":"es_ES","og_type":"article","og_title":"La Navidad: Una celebraci\u00f3n que trasciende lo religioso y lo hist\u00f3rico - Biciurba","og_description":"La Navidad, considerada una de las festividades m\u00e1s importantes en todo el mundo, encarna un crisol de tradiciones, significados y transformaciones a lo largo de los siglos. Aunque actualmente se asocia con regalos, celebraciones familiares y un ambiente festivo, sus ra\u00edces hist\u00f3ricas son mucho m\u00e1s complejas y menos cristianas de lo que muchos pudieran considerar. [&hellip;]","og_url":"https:\/\/biciurba.com\/index.php\/2024\/11\/28\/la-navidad-una-celebracion-que-trasciende-lo-religioso-y-lo-historico\/","og_site_name":"Biciurba","article_published_time":"2024-11-28T13:39:05+00:00","article_modified_time":"2024-11-28T13:39:07+00:00","og_image":[{"width":606,"height":404,"url":"https:\/\/biciurba.com\/wp-content\/uploads\/2024\/11\/comerio.png","type":"image\/png"}],"author":"Carlos Cantor","twitter_card":"summary_large_image","twitter_misc":{"Escrito por":"Carlos Cantor","Tiempo de lectura":"5 minutos"},"schema":{"@context":"https:\/\/schema.org","@graph":[{"@type":"Article","@id":"https:\/\/biciurba.com\/index.php\/2024\/11\/28\/la-navidad-una-celebracion-que-trasciende-lo-religioso-y-lo-historico\/#article","isPartOf":{"@id":"https:\/\/biciurba.com\/index.php\/2024\/11\/28\/la-navidad-una-celebracion-que-trasciende-lo-religioso-y-lo-historico\/"},"author":{"name":"Carlos Cantor","@id":"https:\/\/biciurba.com\/#\/schema\/person\/d9675ddf29ee982d268db0a3f239eced"},"headline":"La Navidad: Una celebraci\u00f3n que trasciende lo religioso y lo hist\u00f3rico","datePublished":"2024-11-28T13:39:05+00:00","dateModified":"2024-11-28T13:39:07+00:00","mainEntityOfPage":{"@id":"https:\/\/biciurba.com\/index.php\/2024\/11\/28\/la-navidad-una-celebracion-que-trasciende-lo-religioso-y-lo-historico\/"},"wordCount":964,"commentCount":0,"publisher":{"@id":"https:\/\/biciurba.com\/#\/schema\/person\/d9675ddf29ee982d268db0a3f239eced"},"image":{"@id":"https:\/\/biciurba.com\/index.php\/2024\/11\/28\/la-navidad-una-celebracion-que-trasciende-lo-religioso-y-lo-historico\/#primaryimage"},"thumbnailUrl":"https:\/\/biciurba.com\/wp-content\/uploads\/2024\/11\/comerio.png","keywords":["Navidad","Sociedad de consumo","Tradiciones paganas"],"articleSection":["Vida Buena"],"inLanguage":"es","potentialAction":[{"@type":"CommentAction","name":"Comment","target":["https:\/\/biciurba.com\/index.php\/2024\/11\/28\/la-navidad-una-celebracion-que-trasciende-lo-religioso-y-lo-historico\/#respond"]}]},{"@type":"WebPage","@id":"https:\/\/biciurba.com\/index.php\/2024\/11\/28\/la-navidad-una-celebracion-que-trasciende-lo-religioso-y-lo-historico\/","url":"https:\/\/biciurba.com\/index.php\/2024\/11\/28\/la-navidad-una-celebracion-que-trasciende-lo-religioso-y-lo-historico\/","name":"La Navidad: Una celebraci\u00f3n que trasciende lo religioso y lo hist\u00f3rico - Biciurba","isPartOf":{"@id":"https:\/\/biciurba.com\/#website"},"primaryImageOfPage":{"@id":"https:\/\/biciurba.com\/index.php\/2024\/11\/28\/la-navidad-una-celebracion-que-trasciende-lo-religioso-y-lo-historico\/#primaryimage"},"image":{"@id":"https:\/\/biciurba.com\/index.php\/2024\/11\/28\/la-navidad-una-celebracion-que-trasciende-lo-religioso-y-lo-historico\/#primaryimage"},"thumbnailUrl":"https:\/\/biciurba.com\/wp-content\/uploads\/2024\/11\/comerio.png","datePublished":"2024-11-28T13:39:05+00:00","dateModified":"2024-11-28T13:39:07+00:00","breadcrumb":{"@id":"https:\/\/biciurba.com\/index.php\/2024\/11\/28\/la-navidad-una-celebracion-que-trasciende-lo-religioso-y-lo-historico\/#breadcrumb"},"inLanguage":"es","potentialAction":[{"@type":"ReadAction","target":["https:\/\/biciurba.com\/index.php\/2024\/11\/28\/la-navidad-una-celebracion-que-trasciende-lo-religioso-y-lo-historico\/"]}]},{"@type":"ImageObject","inLanguage":"es","@id":"https:\/\/biciurba.com\/index.php\/2024\/11\/28\/la-navidad-una-celebracion-que-trasciende-lo-religioso-y-lo-historico\/#primaryimage","url":"https:\/\/biciurba.com\/wp-content\/uploads\/2024\/11\/comerio.png","contentUrl":"https:\/\/biciurba.com\/wp-content\/uploads\/2024\/11\/comerio.png","width":606,"height":404,"caption":"La cultura del consumo se ha tomado una festividad que trasciende la historia."},{"@type":"BreadcrumbList","@id":"https:\/\/biciurba.com\/index.php\/2024\/11\/28\/la-navidad-una-celebracion-que-trasciende-lo-religioso-y-lo-historico\/#breadcrumb","itemListElement":[{"@type":"ListItem","position":1,"name":"Portada","item":"https:\/\/biciurba.com\/"},{"@type":"ListItem","position":2,"name":"La Navidad: Una celebraci\u00f3n que trasciende lo religioso y lo hist\u00f3rico"}]},{"@type":"WebSite","@id":"https:\/\/biciurba.com\/#website","url":"https:\/\/biciurba.com\/","name":"Biciurba","description":"Una mejor manera de vivir","publisher":{"@id":"https:\/\/biciurba.com\/#\/schema\/person\/d9675ddf29ee982d268db0a3f239eced"},"potentialAction":[{"@type":"SearchAction","target":{"@type":"EntryPoint","urlTemplate":"https:\/\/biciurba.com\/?s={search_term_string}"},"query-input":{"@type":"PropertyValueSpecification","valueRequired":true,"valueName":"search_term_string"}}],"inLanguage":"es"},{"@type":["Person","Organization"],"@id":"https:\/\/biciurba.com\/#\/schema\/person\/d9675ddf29ee982d268db0a3f239eced","name":"Carlos Cantor","image":{"@type":"ImageObject","inLanguage":"es","@id":"https:\/\/biciurba.com\/#\/schema\/person\/image\/","url":"https:\/\/biciurba.com\/wp-content\/uploads\/2024\/04\/cropped-logo-1.png","contentUrl":"https:\/\/biciurba.com\/wp-content\/uploads\/2024\/04\/cropped-logo-1.png","width":512,"height":318,"caption":"Carlos Cantor"},"logo":{"@id":"https:\/\/biciurba.com\/#\/schema\/person\/image\/"},"sameAs":["https:\/\/biciurba.com"],"url":"https:\/\/biciurba.com\/index.php\/author\/ccantor\/"}]}},"_links":{"self":[{"href":"https:\/\/biciurba.com\/index.php\/wp-json\/wp\/v2\/posts\/1367"}],"collection":[{"href":"https:\/\/biciurba.com\/index.php\/wp-json\/wp\/v2\/posts"}],"about":[{"href":"https:\/\/biciurba.com\/index.php\/wp-json\/wp\/v2\/types\/post"}],"author":[{"embeddable":true,"href":"https:\/\/biciurba.com\/index.php\/wp-json\/wp\/v2\/users\/1"}],"replies":[{"embeddable":true,"href":"https:\/\/biciurba.com\/index.php\/wp-json\/wp\/v2\/comments?post=1367"}],"version-history":[{"count":1,"href":"https:\/\/biciurba.com\/index.php\/wp-json\/wp\/v2\/posts\/1367\/revisions"}],"predecessor-version":[{"id":1369,"href":"https:\/\/biciurba.com\/index.php\/wp-json\/wp\/v2\/posts\/1367\/revisions\/1369"}],"wp:featuredmedia":[{"embeddable":true,"href":"https:\/\/biciurba.com\/index.php\/wp-json\/wp\/v2\/media\/1368"}],"wp:attachment":[{"href":"https:\/\/biciurba.com\/index.php\/wp-json\/wp\/v2\/media?parent=1367"}],"wp:term":[{"taxonomy":"category","embeddable":true,"href":"https:\/\/biciurba.com\/index.php\/wp-json\/wp\/v2\/categories?post=1367"},{"taxonomy":"post_tag","embeddable":true,"href":"https:\/\/biciurba.com\/index.php\/wp-json\/wp\/v2\/tags?post=1367"}],"curies":[{"name":"wp","href":"https:\/\/api.w.org\/{rel}","templated":true}]}}