{"id":1370,"date":"2024-11-28T14:10:50","date_gmt":"2024-11-28T19:10:50","guid":{"rendered":"https:\/\/biciurba.com\/?p=1370"},"modified":"2024-11-28T14:10:52","modified_gmt":"2024-11-28T19:10:52","slug":"herpes-zoster-y-los-mitos-mas-comunes-sobre-esta-enfermedad","status":"publish","type":"post","link":"https:\/\/biciurba.com\/index.php\/2024\/11\/28\/herpes-zoster-y-los-mitos-mas-comunes-sobre-esta-enfermedad\/","title":{"rendered":"Herpes z\u00f3ster y los mitos m\u00e1s comunes sobre esta enfermedad"},"content":{"rendered":"\n<p>El herpes z\u00f3ster es una condici\u00f3n dolorosa producida por el virus de la varicela-z\u00f3ster, el mismo que, durante la ni\u00f1ez, causa la varicela. Esta se considera como la infecci\u00f3n primaria, que, desde ese momento, pasa a una fase de latencia o inactividad, localiz\u00e1ndose en el sistema nervioso. <\/p>\n\n\n\n<p>A\u00f1os m\u00e1s tarde, este puede reactivarse ocasionando herpes z\u00f3ster. Se estima que el 99 % de las personas mayores de 40 a\u00f1os han tenido varicela en alg\u00fan momento de su vida y, de esos casos, 1 de cada 3 desarrollar\u00e1 herpes z\u00f3ster cuando tenga 50 a\u00f1os o m\u00e1s. A pesar de que la varicela es \u00fanica causa para la aparici\u00f3n de esta condici\u00f3n, existen algunos factores de riesgo que aumentan la probabilidad de reactivar el virus. <\/p>\n\n\n\n<p>Personas con sistemas inmunitarios debilitados, ya sea por medicamentos o por enfermedades cr\u00f3nicas como el c\u00e1ncer, el VIH o la diabetes. Incluso, tambi\u00e9n hay otras posibles situaciones que pueden desencadenar la activaci\u00f3n de este virus como el estr\u00e9s cr\u00f3nico, estado que genera la liberaci\u00f3n de hormonas como el cortisol al sistema inmune, suprimiendo las respuestas inmunol\u00f3gicas normales.<\/p>\n\n\n\n<p>Esta enfermedad suele reconocerse por su intenso dolor, pues, seg\u00fan estudios, el herpes z\u00f3ster en su fase aguda y la neuralgia postherp\u00e9tica (dolor cr\u00f3nico que puede persistir incluso despu\u00e9s de que las lesiones hayan desaparecido) puede ser incluso comparable con el dolor de un parto o un postoperatorio, convirti\u00e9ndolo en una condici\u00f3n que impacta las actividades diarias de una persona. Adem\u00e1s, al ser una infecci\u00f3n que afecta los nervios que est\u00e1n debajo de la piel, puede desencadenar s\u00edntomas como ardor, hormigueo, sensibilidad, sarpullido, ampollas o picaz\u00f3n en uno de los lados del cuerpo, ya sea cuello, cara o torso.<\/p>\n\n\n\n<p>Con el paso del tiempo, se han generado mitos alrededor del herpes z\u00f3ster que pueden producir confusi\u00f3n entre las personas. Ante esto, el doctor V\u00edctor Saravia, gerente m\u00e9dico de vacunas en GSK Colombia desmitifica algunos conceptos comunes que hay en torno a esta condici\u00f3n.<br><\/p>\n\n\n\n<p><strong>Mito 1. Es altamente contagioso.<\/strong><br>Verdadero, pero depende. \u201cEl herpes z\u00f3ster no es contagioso en s\u00ed, es decir, un paciente que tiene esta infecci\u00f3n no puede transmitir la enfermedad (culebrilla). Lo que s\u00ed se puede transmitir es el virus de la varicela en personas que no han tenido jam\u00e1s esta condici\u00f3n y entraron en contacto directo con el l\u00edquido de las ampollas, lo que genera la infecci\u00f3n primaria, que es la varicela\u201d, asegur\u00f3 Saravia. Adem\u00e1s, es importante entender que el herpes z\u00f3ster se presenta despu\u00e9s de haber tenido varicela, por lo tanto, si un paciente nunca se ha contagiado, no tiene riesgo de desarrollar herpes z\u00f3ster en un futuro. <\/p>\n\n\n\n<p><strong>Mito 2. No es grave, por lo que no es necesario tratarlo.<\/strong><br>Falso. Esta es una enfermedad que puede afectar el bienestar de los pacientes, sobre todo, si el virus se reactiva en ciertas partes del cuerpo como la cara, ojos u o\u00eddos. En esos casos, la persona puede experimentar complicaciones como p\u00e9rdida de visi\u00f3n o problemas en la audici\u00f3n. Incluso, en casos extremos, puede provocar neumon\u00eda o inflamaci\u00f3n en el cerebro. <br>Sin embargo, es importante enfatizar que la complicaci\u00f3n m\u00e1s com\u00fan es la neuralgia posherp\u00e9tica, ya que puede perdurar tiempo despu\u00e9s de desaparecer el sarpullido de la piel. Por eso, es fundamental acudir al m\u00e9dico para recibir una atenci\u00f3n adecuada, controlar los s\u00edntomas y tratar este tipo de condiciones durante el proceso de recuperaci\u00f3n.<\/p>\n\n\n\n<p><strong>Mito 3. Para que no se extienda la culebrilla en el cuerpo, se deben rodear las ampollas con esfero o tinta roja.<\/strong><br>Falso. \u201cEste es un mito muy com\u00fan entre las personas. Sin embargo, es falso. Lo recomendable, para evitar complicaciones y mitigar los s\u00edntomas, es contar con un tratamiento que incluya antivirales o analg\u00e9sicos recetados por un profesional de la salud\u201d, sostuvo Saravia. Generalmente, para que el tratamiento sea m\u00e1s efectivo, se debe tratar dentro de los 3 d\u00edas posteriores a la aparici\u00f3n de las ampollas, con el fin de que el progreso de la enfermedad sea menor y menos grave. <\/p>\n\n\n\n<p><strong>Mito 4. No se puede prevenir.<\/strong><br>Falso. Actualmente, existen algunas medidas que se pueden implementar para evitar la trasmisi\u00f3n del virus. Una de las formas m\u00e1s efectivas es la vacunaci\u00f3n, iniciando con el cumplimiento de los esquemas de inmunizaci\u00f3n contra la varicela en la ni\u00f1ez9 y luego, contra el herpes z\u00f3ster en la etapa adulta.10 Sin embargo, es importante consultar siempre al m\u00e9dico de cabecera para recibir las indicaciones necesarias al momento de cumplir con los esquemas de inmunizaci\u00f3n. 11 Adem\u00e1s, para evitar que otras personas entren en contacto directo con el sarpullido de herpes, se debe mantener cubiertas las zonas afectadas y tener un lavado de manos frecuente.<\/p>\n\n\n\n<p><strong>Mito 5. Si se une la cabeza y la cola del sarpullido, la persona podr\u00eda morir.<\/strong><br>Falso, pero depende. Por lo general, el herpes z\u00f3ster suele aparecer en un solo lado del cuerpo, sin embargo, hay casos en los que el sarpullido se puede presentar en m\u00e1s de una zona; esto se conoce como herpes z\u00f3ster grave, condici\u00f3n que depende del estado del sistema inmune del paciente y, que, de no ser tratado a tiempo, puede ser letal, sobre todo cuando el virus empieza a expandirse a otras partes del cuerpo, afectando \u00f3rganos como pulmones, cerebro o ri\u00f1ones. <\/p>\n\n\n\n<p>\u201cEs importante aclarar que este tipo de situaciones no son comunes y en su gran mayor\u00eda, sucede en personas inmunosuprimidas. En pacientes con sistemas inmunol\u00f3gicos normales, es una condici\u00f3n que se puede controlar y tratar sin llegar hasta este punto\u201d, concluy\u00f3 Saravia. Al ser una enfermedad com\u00fan, muchas personas pueden normalizar los s\u00edntomas o pensar que no puede afectar su d\u00eda a d\u00eda. Por eso, ante cualquier signo, sobre todo, despu\u00e9s de los 50 a\u00f1os, es fundamental acudir al m\u00e9dico, ya que es una enfermedad que se puede prevenir y controlar por medio de soluciones como la vacunaci\u00f3n, esto le ayudar\u00e1 a tener un curso de vida m\u00e1s saludable. \u00a1Ante la duda, consulte!<\/p>\n","protected":false},"excerpt":{"rendered":"<p>El herpes z\u00f3ster es una condici\u00f3n dolorosa producida por el virus de la varicela-z\u00f3ster, el mismo que, durante la ni\u00f1ez, causa la varicela. Esta se considera como la infecci\u00f3n primaria, que, desde ese momento, pasa a una fase de latencia o inactividad, localiz\u00e1ndose en el sistema nervioso. A\u00f1os m\u00e1s tarde, este puede reactivarse ocasionando herpes [&hellip;]<\/p>\n","protected":false},"author":1,"featured_media":1371,"comment_status":"open","ping_status":"open","sticky":false,"template":"","format":"standard","meta":{"footnotes":""},"categories":[98],"tags":[547,550,548,546,549],"class_list":["post-1370","post","type-post","status-publish","format-standard","has-post-thumbnail","hentry","category-ciencia","tag-contagio","tag-contgiosa","tag-dolor","tag-herpes-zoster","tag-varicela"],"yoast_head":"<!-- This site is optimized with the Yoast SEO plugin v23.9 - https:\/\/yoast.com\/wordpress\/plugins\/seo\/ -->\n<title>Herpes z\u00f3ster y los mitos m\u00e1s comunes sobre esta enfermedad - Biciurba<\/title>\n<meta name=\"robots\" content=\"index, follow, max-snippet:-1, max-image-preview:large, max-video-preview:-1\" \/>\n<link rel=\"canonical\" href=\"https:\/\/biciurba.com\/index.php\/2024\/11\/28\/herpes-zoster-y-los-mitos-mas-comunes-sobre-esta-enfermedad\/\" \/>\n<meta property=\"og:locale\" content=\"es_ES\" \/>\n<meta property=\"og:type\" content=\"article\" \/>\n<meta property=\"og:title\" content=\"Herpes z\u00f3ster y los mitos m\u00e1s comunes sobre esta enfermedad - Biciurba\" \/>\n<meta property=\"og:description\" content=\"El herpes z\u00f3ster es una condici\u00f3n dolorosa producida por el virus de la varicela-z\u00f3ster, el mismo que, durante la ni\u00f1ez, causa la varicela. Esta se considera como la infecci\u00f3n primaria, que, desde ese momento, pasa a una fase de latencia o inactividad, localiz\u00e1ndose en el sistema nervioso. A\u00f1os m\u00e1s tarde, este puede reactivarse ocasionando herpes [&hellip;]\" \/>\n<meta property=\"og:url\" content=\"https:\/\/biciurba.com\/index.php\/2024\/11\/28\/herpes-zoster-y-los-mitos-mas-comunes-sobre-esta-enfermedad\/\" \/>\n<meta property=\"og:site_name\" content=\"Biciurba\" \/>\n<meta property=\"article:published_time\" content=\"2024-11-28T19:10:50+00:00\" \/>\n<meta property=\"article:modified_time\" content=\"2024-11-28T19:10:52+00:00\" \/>\n<meta property=\"og:image\" content=\"https:\/\/biciurba.com\/wp-content\/uploads\/2024\/11\/herpes.png\" \/>\n\t<meta property=\"og:image:width\" content=\"606\" \/>\n\t<meta property=\"og:image:height\" content=\"404\" \/>\n\t<meta property=\"og:image:type\" content=\"image\/png\" \/>\n<meta name=\"author\" content=\"Carlos Cantor\" \/>\n<meta name=\"twitter:card\" content=\"summary_large_image\" \/>\n<meta name=\"twitter:label1\" content=\"Escrito por\" \/>\n\t<meta name=\"twitter:data1\" content=\"Carlos Cantor\" \/>\n\t<meta name=\"twitter:label2\" content=\"Tiempo de lectura\" \/>\n\t<meta name=\"twitter:data2\" content=\"5 minutos\" \/>\n<script type=\"application\/ld+json\" class=\"yoast-schema-graph\">{\"@context\":\"https:\/\/schema.org\",\"@graph\":[{\"@type\":\"Article\",\"@id\":\"https:\/\/biciurba.com\/index.php\/2024\/11\/28\/herpes-zoster-y-los-mitos-mas-comunes-sobre-esta-enfermedad\/#article\",\"isPartOf\":{\"@id\":\"https:\/\/biciurba.com\/index.php\/2024\/11\/28\/herpes-zoster-y-los-mitos-mas-comunes-sobre-esta-enfermedad\/\"},\"author\":{\"name\":\"Carlos Cantor\",\"@id\":\"https:\/\/biciurba.com\/#\/schema\/person\/d9675ddf29ee982d268db0a3f239eced\"},\"headline\":\"Herpes z\u00f3ster y los mitos m\u00e1s comunes sobre esta enfermedad\",\"datePublished\":\"2024-11-28T19:10:50+00:00\",\"dateModified\":\"2024-11-28T19:10:52+00:00\",\"mainEntityOfPage\":{\"@id\":\"https:\/\/biciurba.com\/index.php\/2024\/11\/28\/herpes-zoster-y-los-mitos-mas-comunes-sobre-esta-enfermedad\/\"},\"wordCount\":1076,\"commentCount\":0,\"publisher\":{\"@id\":\"https:\/\/biciurba.com\/#\/schema\/person\/d9675ddf29ee982d268db0a3f239eced\"},\"image\":{\"@id\":\"https:\/\/biciurba.com\/index.php\/2024\/11\/28\/herpes-zoster-y-los-mitos-mas-comunes-sobre-esta-enfermedad\/#primaryimage\"},\"thumbnailUrl\":\"https:\/\/biciurba.com\/wp-content\/uploads\/2024\/11\/herpes.png\",\"keywords\":[\"contagio\",\"contgiosa\",\"dolor\",\"Herpes zoster\",\"varicela\"],\"articleSection\":[\"Ciencia\"],\"inLanguage\":\"es\",\"potentialAction\":[{\"@type\":\"CommentAction\",\"name\":\"Comment\",\"target\":[\"https:\/\/biciurba.com\/index.php\/2024\/11\/28\/herpes-zoster-y-los-mitos-mas-comunes-sobre-esta-enfermedad\/#respond\"]}]},{\"@type\":\"WebPage\",\"@id\":\"https:\/\/biciurba.com\/index.php\/2024\/11\/28\/herpes-zoster-y-los-mitos-mas-comunes-sobre-esta-enfermedad\/\",\"url\":\"https:\/\/biciurba.com\/index.php\/2024\/11\/28\/herpes-zoster-y-los-mitos-mas-comunes-sobre-esta-enfermedad\/\",\"name\":\"Herpes z\u00f3ster y los mitos m\u00e1s comunes sobre esta enfermedad - Biciurba\",\"isPartOf\":{\"@id\":\"https:\/\/biciurba.com\/#website\"},\"primaryImageOfPage\":{\"@id\":\"https:\/\/biciurba.com\/index.php\/2024\/11\/28\/herpes-zoster-y-los-mitos-mas-comunes-sobre-esta-enfermedad\/#primaryimage\"},\"image\":{\"@id\":\"https:\/\/biciurba.com\/index.php\/2024\/11\/28\/herpes-zoster-y-los-mitos-mas-comunes-sobre-esta-enfermedad\/#primaryimage\"},\"thumbnailUrl\":\"https:\/\/biciurba.com\/wp-content\/uploads\/2024\/11\/herpes.png\",\"datePublished\":\"2024-11-28T19:10:50+00:00\",\"dateModified\":\"2024-11-28T19:10:52+00:00\",\"breadcrumb\":{\"@id\":\"https:\/\/biciurba.com\/index.php\/2024\/11\/28\/herpes-zoster-y-los-mitos-mas-comunes-sobre-esta-enfermedad\/#breadcrumb\"},\"inLanguage\":\"es\",\"potentialAction\":[{\"@type\":\"ReadAction\",\"target\":[\"https:\/\/biciurba.com\/index.php\/2024\/11\/28\/herpes-zoster-y-los-mitos-mas-comunes-sobre-esta-enfermedad\/\"]}]},{\"@type\":\"ImageObject\",\"inLanguage\":\"es\",\"@id\":\"https:\/\/biciurba.com\/index.php\/2024\/11\/28\/herpes-zoster-y-los-mitos-mas-comunes-sobre-esta-enfermedad\/#primaryimage\",\"url\":\"https:\/\/biciurba.com\/wp-content\/uploads\/2024\/11\/herpes.png\",\"contentUrl\":\"https:\/\/biciurba.com\/wp-content\/uploads\/2024\/11\/herpes.png\",\"width\":606,\"height\":404,\"caption\":\"Se estima que el 95% de las personas han tenido varicela en alg\u00fan momento de su vida, as\u00ed se haya o no manifestado con el brote, pueden contraer esta enfermedad. Seg\u00fan estad\u00edsticas, y tendencias que se muestran en los cinco continentes, la edad es el factor de riesgo m\u00e1s importante para contraer la \u2018culebrilla\u2019. Aproximadamente 1 de cada 3 personas mayores de 50 a\u00f1os sufrir\u00e1 de esta afecci\u00f3n que puede durar meses, y si no se tiene los cuidados se puede prolongar hasta a\u00f1os, incluso despu\u00e9s de desaparecer.\"},{\"@type\":\"BreadcrumbList\",\"@id\":\"https:\/\/biciurba.com\/index.php\/2024\/11\/28\/herpes-zoster-y-los-mitos-mas-comunes-sobre-esta-enfermedad\/#breadcrumb\",\"itemListElement\":[{\"@type\":\"ListItem\",\"position\":1,\"name\":\"Portada\",\"item\":\"https:\/\/biciurba.com\/\"},{\"@type\":\"ListItem\",\"position\":2,\"name\":\"Herpes z\u00f3ster y los mitos m\u00e1s comunes sobre esta enfermedad\"}]},{\"@type\":\"WebSite\",\"@id\":\"https:\/\/biciurba.com\/#website\",\"url\":\"https:\/\/biciurba.com\/\",\"name\":\"Biciurba\",\"description\":\"Una mejor manera de vivir\",\"publisher\":{\"@id\":\"https:\/\/biciurba.com\/#\/schema\/person\/d9675ddf29ee982d268db0a3f239eced\"},\"potentialAction\":[{\"@type\":\"SearchAction\",\"target\":{\"@type\":\"EntryPoint\",\"urlTemplate\":\"https:\/\/biciurba.com\/?s={search_term_string}\"},\"query-input\":{\"@type\":\"PropertyValueSpecification\",\"valueRequired\":true,\"valueName\":\"search_term_string\"}}],\"inLanguage\":\"es\"},{\"@type\":[\"Person\",\"Organization\"],\"@id\":\"https:\/\/biciurba.com\/#\/schema\/person\/d9675ddf29ee982d268db0a3f239eced\",\"name\":\"Carlos Cantor\",\"image\":{\"@type\":\"ImageObject\",\"inLanguage\":\"es\",\"@id\":\"https:\/\/biciurba.com\/#\/schema\/person\/image\/\",\"url\":\"https:\/\/biciurba.com\/wp-content\/uploads\/2024\/04\/cropped-logo-1.png\",\"contentUrl\":\"https:\/\/biciurba.com\/wp-content\/uploads\/2024\/04\/cropped-logo-1.png\",\"width\":512,\"height\":318,\"caption\":\"Carlos Cantor\"},\"logo\":{\"@id\":\"https:\/\/biciurba.com\/#\/schema\/person\/image\/\"},\"sameAs\":[\"https:\/\/biciurba.com\"],\"url\":\"https:\/\/biciurba.com\/index.php\/author\/ccantor\/\"}]}<\/script>\n<!-- \/ Yoast SEO plugin. -->","yoast_head_json":{"title":"Herpes z\u00f3ster y los mitos m\u00e1s comunes sobre esta enfermedad - Biciurba","robots":{"index":"index","follow":"follow","max-snippet":"max-snippet:-1","max-image-preview":"max-image-preview:large","max-video-preview":"max-video-preview:-1"},"canonical":"https:\/\/biciurba.com\/index.php\/2024\/11\/28\/herpes-zoster-y-los-mitos-mas-comunes-sobre-esta-enfermedad\/","og_locale":"es_ES","og_type":"article","og_title":"Herpes z\u00f3ster y los mitos m\u00e1s comunes sobre esta enfermedad - Biciurba","og_description":"El herpes z\u00f3ster es una condici\u00f3n dolorosa producida por el virus de la varicela-z\u00f3ster, el mismo que, durante la ni\u00f1ez, causa la varicela. Esta se considera como la infecci\u00f3n primaria, que, desde ese momento, pasa a una fase de latencia o inactividad, localiz\u00e1ndose en el sistema nervioso. A\u00f1os m\u00e1s tarde, este puede reactivarse ocasionando herpes [&hellip;]","og_url":"https:\/\/biciurba.com\/index.php\/2024\/11\/28\/herpes-zoster-y-los-mitos-mas-comunes-sobre-esta-enfermedad\/","og_site_name":"Biciurba","article_published_time":"2024-11-28T19:10:50+00:00","article_modified_time":"2024-11-28T19:10:52+00:00","og_image":[{"width":606,"height":404,"url":"https:\/\/biciurba.com\/wp-content\/uploads\/2024\/11\/herpes.png","type":"image\/png"}],"author":"Carlos Cantor","twitter_card":"summary_large_image","twitter_misc":{"Escrito por":"Carlos Cantor","Tiempo de lectura":"5 minutos"},"schema":{"@context":"https:\/\/schema.org","@graph":[{"@type":"Article","@id":"https:\/\/biciurba.com\/index.php\/2024\/11\/28\/herpes-zoster-y-los-mitos-mas-comunes-sobre-esta-enfermedad\/#article","isPartOf":{"@id":"https:\/\/biciurba.com\/index.php\/2024\/11\/28\/herpes-zoster-y-los-mitos-mas-comunes-sobre-esta-enfermedad\/"},"author":{"name":"Carlos Cantor","@id":"https:\/\/biciurba.com\/#\/schema\/person\/d9675ddf29ee982d268db0a3f239eced"},"headline":"Herpes z\u00f3ster y los mitos m\u00e1s comunes sobre esta enfermedad","datePublished":"2024-11-28T19:10:50+00:00","dateModified":"2024-11-28T19:10:52+00:00","mainEntityOfPage":{"@id":"https:\/\/biciurba.com\/index.php\/2024\/11\/28\/herpes-zoster-y-los-mitos-mas-comunes-sobre-esta-enfermedad\/"},"wordCount":1076,"commentCount":0,"publisher":{"@id":"https:\/\/biciurba.com\/#\/schema\/person\/d9675ddf29ee982d268db0a3f239eced"},"image":{"@id":"https:\/\/biciurba.com\/index.php\/2024\/11\/28\/herpes-zoster-y-los-mitos-mas-comunes-sobre-esta-enfermedad\/#primaryimage"},"thumbnailUrl":"https:\/\/biciurba.com\/wp-content\/uploads\/2024\/11\/herpes.png","keywords":["contagio","contgiosa","dolor","Herpes zoster","varicela"],"articleSection":["Ciencia"],"inLanguage":"es","potentialAction":[{"@type":"CommentAction","name":"Comment","target":["https:\/\/biciurba.com\/index.php\/2024\/11\/28\/herpes-zoster-y-los-mitos-mas-comunes-sobre-esta-enfermedad\/#respond"]}]},{"@type":"WebPage","@id":"https:\/\/biciurba.com\/index.php\/2024\/11\/28\/herpes-zoster-y-los-mitos-mas-comunes-sobre-esta-enfermedad\/","url":"https:\/\/biciurba.com\/index.php\/2024\/11\/28\/herpes-zoster-y-los-mitos-mas-comunes-sobre-esta-enfermedad\/","name":"Herpes z\u00f3ster y los mitos m\u00e1s comunes sobre esta enfermedad - Biciurba","isPartOf":{"@id":"https:\/\/biciurba.com\/#website"},"primaryImageOfPage":{"@id":"https:\/\/biciurba.com\/index.php\/2024\/11\/28\/herpes-zoster-y-los-mitos-mas-comunes-sobre-esta-enfermedad\/#primaryimage"},"image":{"@id":"https:\/\/biciurba.com\/index.php\/2024\/11\/28\/herpes-zoster-y-los-mitos-mas-comunes-sobre-esta-enfermedad\/#primaryimage"},"thumbnailUrl":"https:\/\/biciurba.com\/wp-content\/uploads\/2024\/11\/herpes.png","datePublished":"2024-11-28T19:10:50+00:00","dateModified":"2024-11-28T19:10:52+00:00","breadcrumb":{"@id":"https:\/\/biciurba.com\/index.php\/2024\/11\/28\/herpes-zoster-y-los-mitos-mas-comunes-sobre-esta-enfermedad\/#breadcrumb"},"inLanguage":"es","potentialAction":[{"@type":"ReadAction","target":["https:\/\/biciurba.com\/index.php\/2024\/11\/28\/herpes-zoster-y-los-mitos-mas-comunes-sobre-esta-enfermedad\/"]}]},{"@type":"ImageObject","inLanguage":"es","@id":"https:\/\/biciurba.com\/index.php\/2024\/11\/28\/herpes-zoster-y-los-mitos-mas-comunes-sobre-esta-enfermedad\/#primaryimage","url":"https:\/\/biciurba.com\/wp-content\/uploads\/2024\/11\/herpes.png","contentUrl":"https:\/\/biciurba.com\/wp-content\/uploads\/2024\/11\/herpes.png","width":606,"height":404,"caption":"Se estima que el 95% de las personas han tenido varicela en alg\u00fan momento de su vida, as\u00ed se haya o no manifestado con el brote, pueden contraer esta enfermedad. Seg\u00fan estad\u00edsticas, y tendencias que se muestran en los cinco continentes, la edad es el factor de riesgo m\u00e1s importante para contraer la \u2018culebrilla\u2019. Aproximadamente 1 de cada 3 personas mayores de 50 a\u00f1os sufrir\u00e1 de esta afecci\u00f3n que puede durar meses, y si no se tiene los cuidados se puede prolongar hasta a\u00f1os, incluso despu\u00e9s de desaparecer."},{"@type":"BreadcrumbList","@id":"https:\/\/biciurba.com\/index.php\/2024\/11\/28\/herpes-zoster-y-los-mitos-mas-comunes-sobre-esta-enfermedad\/#breadcrumb","itemListElement":[{"@type":"ListItem","position":1,"name":"Portada","item":"https:\/\/biciurba.com\/"},{"@type":"ListItem","position":2,"name":"Herpes z\u00f3ster y los mitos m\u00e1s comunes sobre esta enfermedad"}]},{"@type":"WebSite","@id":"https:\/\/biciurba.com\/#website","url":"https:\/\/biciurba.com\/","name":"Biciurba","description":"Una mejor manera de vivir","publisher":{"@id":"https:\/\/biciurba.com\/#\/schema\/person\/d9675ddf29ee982d268db0a3f239eced"},"potentialAction":[{"@type":"SearchAction","target":{"@type":"EntryPoint","urlTemplate":"https:\/\/biciurba.com\/?s={search_term_string}"},"query-input":{"@type":"PropertyValueSpecification","valueRequired":true,"valueName":"search_term_string"}}],"inLanguage":"es"},{"@type":["Person","Organization"],"@id":"https:\/\/biciurba.com\/#\/schema\/person\/d9675ddf29ee982d268db0a3f239eced","name":"Carlos Cantor","image":{"@type":"ImageObject","inLanguage":"es","@id":"https:\/\/biciurba.com\/#\/schema\/person\/image\/","url":"https:\/\/biciurba.com\/wp-content\/uploads\/2024\/04\/cropped-logo-1.png","contentUrl":"https:\/\/biciurba.com\/wp-content\/uploads\/2024\/04\/cropped-logo-1.png","width":512,"height":318,"caption":"Carlos Cantor"},"logo":{"@id":"https:\/\/biciurba.com\/#\/schema\/person\/image\/"},"sameAs":["https:\/\/biciurba.com"],"url":"https:\/\/biciurba.com\/index.php\/author\/ccantor\/"}]}},"_links":{"self":[{"href":"https:\/\/biciurba.com\/index.php\/wp-json\/wp\/v2\/posts\/1370"}],"collection":[{"href":"https:\/\/biciurba.com\/index.php\/wp-json\/wp\/v2\/posts"}],"about":[{"href":"https:\/\/biciurba.com\/index.php\/wp-json\/wp\/v2\/types\/post"}],"author":[{"embeddable":true,"href":"https:\/\/biciurba.com\/index.php\/wp-json\/wp\/v2\/users\/1"}],"replies":[{"embeddable":true,"href":"https:\/\/biciurba.com\/index.php\/wp-json\/wp\/v2\/comments?post=1370"}],"version-history":[{"count":1,"href":"https:\/\/biciurba.com\/index.php\/wp-json\/wp\/v2\/posts\/1370\/revisions"}],"predecessor-version":[{"id":1372,"href":"https:\/\/biciurba.com\/index.php\/wp-json\/wp\/v2\/posts\/1370\/revisions\/1372"}],"wp:featuredmedia":[{"embeddable":true,"href":"https:\/\/biciurba.com\/index.php\/wp-json\/wp\/v2\/media\/1371"}],"wp:attachment":[{"href":"https:\/\/biciurba.com\/index.php\/wp-json\/wp\/v2\/media?parent=1370"}],"wp:term":[{"taxonomy":"category","embeddable":true,"href":"https:\/\/biciurba.com\/index.php\/wp-json\/wp\/v2\/categories?post=1370"},{"taxonomy":"post_tag","embeddable":true,"href":"https:\/\/biciurba.com\/index.php\/wp-json\/wp\/v2\/tags?post=1370"}],"curies":[{"name":"wp","href":"https:\/\/api.w.org\/{rel}","templated":true}]}}