{"id":1377,"date":"2024-12-02T11:09:13","date_gmt":"2024-12-02T16:09:13","guid":{"rendered":"https:\/\/biciurba.com\/?p=1377"},"modified":"2024-12-02T12:20:39","modified_gmt":"2024-12-02T17:20:39","slug":"francia-ante-el-insoportable-donald-trump","status":"publish","type":"post","link":"https:\/\/biciurba.com\/index.php\/2024\/12\/02\/francia-ante-el-insoportable-donald-trump\/","title":{"rendered":"Francia ante el insoportable Donald Trump"},"content":{"rendered":"\n<p>Por MH Escalante<br>Paris, 2 diciembre 2024<\/p>\n\n\n\n<p>En una reciente entrevista difundida por YouTube el expresidente ruso Dimitri Medvedev hablaba de la incidencia de la elecci\u00f3n de Donald Trump en la situaci\u00f3n geopol\u00edtica actual : \u201cTrump, aunque no haya trabajado en el gobierno antes de su primera presidencia y se presente como una figura menos convencional que los otros no har\u00e1 nada diferente que pueda contrariar lo que se denomina \u201cel estado profundo\u201d, lo cual no hace referencia a una teor\u00eda del complot sino a una red de hombres pol\u00edticos influyentes, hombres de negocios, banqueros y otras figuras poderosas capaces de pesar con todo su peso en todos los acontecimientos\u201d. (1)<\/p>\n\n\n\n<p>Ahora que Donald Trump acaba de ser de nuevo elegido presidente de los Estados Unidos de Am\u00e9rica, el 62 por ciento de los franceses se dice inquieto con esa elecci\u00f3n del pueblo americano seg\u00fan un sondeo de la cadena de televisi\u00f3n BFMTV.<\/p>\n\n\n\n<p>Pese a que Donald Trump prometi\u00f3 acabar con la guerra de Rusia y Ucrania en 24 horas, una guerra contra la cual no se protesta en las calles de Francia pero que inquieta a la ciudadan\u00eda, y aunque los tiempos en ese terreno puedan alargarse para Donald Trump, es un punto que en algunos espacios de opini\u00f3n franceses se anota a su favor.<\/p>\n\n\n\n<p>Por estos d\u00edas la guerra en Ucrania toma proporciones alarmantes y que en el torbellino de las noticias la victoria de Donald Trump el 5 de noviembre parezca asunto lejano, el protagonismo se retorna hacia el presidente saliente Joe Biden al autorizar ataques con misiles de largo alcance en territorio ruso. Es as\u00ed como pese a la victoria de Trump declarado antiguerra, la guerra se intensifica.<\/p>\n\n\n\n<p>Las preguntas ya no son como ser\u00e1 Trump segundo mandato sino si ese ataque que puede poner en peligro la paz en Europa y por consecuencia en el mundo ha tenido la aprobaci\u00f3n del presidente electo o si al menos fue consultado. \u00bfY si no lo fue en d\u00f3nde est\u00e1 el error?<\/p>\n\n\n\n<p>Hoy, la segunda presidencia de Donald Trump gira en torno del rumbo que se le dar\u00e1 a esa guerra. El presidente franc\u00e9s Emmanuel Macron ha sido favorable desde el principio (marzo 2022) a la ayuda militar a Ucrania en este conflicto con Rusia, al opuesto del candidato y ahora presidente electo que promete no financiarla m\u00e1s. Emmanuel Macron ha llegado incluso a proponer el env\u00edo de soldados de la OTAN en territorio de guerra, lo cual vuelve coherente que ahora valide junto con Polonia y Reino Unido la orden de ataque impartida por saliente presidente Joe Biden.<\/p>\n\n\n\n<p>Esos posicionamientos no le impidieron a Emmanuel Macron ser uno de los primeros dirigentes en felicitar a Donald Trump por lo que \u00e9l calific\u00f3 una incontestable victoria para el americano, \u201ccon sus convicciones y las m\u00edas, con respeto y ambici\u00f3n, por m\u00e1s paz y prosperidad\u201d.<\/p>\n\n\n\n<p>Esa dualidad simpat\u00eda-rechazo hacia Donal Trump tal vez ilustre la delicadeza que exigen las relaciones de Francia con la primera potencia mundial, (aunque todo se maneje desde el eje europeo), en el fondo, Donald Trump y Francia parecen no ir \u201censemble\u201d.<\/p>\n\n\n\n<p>Donald Trump, quien en su primer mandato parec\u00eda experimentar poco afecto por Francia o por lo menos por su clase dirigente, la cual en esos mismos a\u00f1os (2018 y 2020), se vio confrontada al estallido social de los llamados \u201cChalecos amarillos\u201d, una irrupci\u00f3n espont\u00e1nea de descontento de las clases medias por el empobrecimiento que \u00e9stas le atribu\u00edan a la gesti\u00f3n de austeridad que promet\u00eda el gobierno del presidente Emmanuel Macron. Durante meses se vieron a los Chalecos amarillos por las calles de Francia con la pancarta \u201cMacron, casse-toi\u201d, Macron, vete.<\/p>\n\n\n\n<p>Los chalecos amarillos desaparecieron del paisaje franc\u00e9s luego de una intensa represi\u00f3n y por falta de liderazgo entre ellos mismos, mientras que el presidente Emmanuel Macron culminar\u00e1 dos mandatos consecutivos en 2027.<\/p>\n\n\n\n<p>En cuanto a los ciudadanos franceses y hoy como ayer, ellos se declaran contra Donald Trump, a quien lo califican de fascista, machista, extremista pero tampoco quieren la guerra. Y as\u00ed como est\u00e1n contra Trump est\u00e1n contra Emmanuel Macron, cuya impopularidad es cada d\u00eda m\u00e1s latente, pero defendiendo siempre a Ucrania.<\/p>\n\n\n\n<p>Y si bien Francia apoya ahora el ataque de Ucrania en territorio ruso, tampoco es que tenga muy claro el m\u00e9todo que deber\u00e1 aplicar para la segunda presidencia de Donald Trump. Los aranceles a los medicamentos fabricados en Francia pueden hacerle da\u00f1o, como tambi\u00e9n la carga impositiva a productores y exportadores de vino franc\u00e9s que promete el futuro segundo gobierno de Donald Trump. Ello puede terminar por debilitar a un sector bastante golpeado ya por la concurrencia mundial y las cat\u00e1strofes naturales de orden clim\u00e1tico.<\/p>\n\n\n\n<p>Por el momento se dir\u00eda que Francia no sabe \u201csur quel pied danser\u201d, con qu\u00e9 pie iniciar el paso o posicionarse en esta relaci\u00f3n que se promete \u00e1spera. O que de pronto se suavizar\u00e1 sensiblemente con Charles Kushner, el consuegro de Donald Trump, pues es nada menos que \u00e9l quien acaba de ser nominado como nuevo embajador de los Estados Unidos en Francia.<\/p>\n\n\n\n<p>\u00bfPara mantener o hacer perdurar una relaci\u00f3n que ha sido en general fluida? Si, pero s\u00f3lo cuando los dem\u00f3cratas son los que est\u00e1n en la Casa Blanca.<\/p>\n\n\n\n<p>Los desacuerdos entre Francia y Estados Unidos en materia de pol\u00edtica exterior han sido mas bien escasos desde 2007, a\u00f1o en que fue elegido el derechista Nicolas Sarkozy. Antes, hubo una excepci\u00f3n hist\u00f3rica: el veto de Francia ante la ONU a la intervenci\u00f3n americana en Irak en 2003 por decisi\u00f3n del entonces presidente Jacques Chirac.<\/p>\n\n\n\n<p>Por el resto, entre Estados Unidos y Francia no ha existido desacuerdos coyunturales respecto de intervenciones militares en Medio Oriente por ejemplo, en especial en aquellas que siguieron a las \u201cPrimaveras \u00e1rabes\u201d en la segunda d\u00e9cada de este milenio y que hicieron caer a reg\u00edmenes longevos en Egipto, T\u00fanez, Libia pero que dejaron rota a Siria, nuevamente amenazada hoy en Alepo por grupos yihadistas tras seis a\u00f1os de paz incierta. Como tampoco ha habido desacuerdos revelados en los enfrentamientos directos e indirectos de las tropas americanas en Afganist\u00e1n.<\/p>\n\n\n\n<p>No se incluye aqu\u00ed el asunto palestino, que ahora sirve como elemento unificador entre el gobierno franc\u00e9s y la opini\u00f3n p\u00fablica en la condena a los atentados de Hamas en Israel el 7 de octubre de 2023 y del derecho que tiene \u00e9ste a defenderse, uno de los pocos puntos en com\u00fan de los franceses con Donald Trump.<\/p>\n\n\n\n<p>Ahora que Donald Trump vuelve a la presidencia de los Estados Unidos de Am\u00e9rica se le sigue viendo como en 2016, como un dirigente que alberga una cierta animadversi\u00f3n por la Francia del intelecto y como en ese entonces, su apellido puede servir ahora para hacer una broma \u201cno seas tan facho\u201d, o para evocar aquello que est\u00e1 prohibido en una democracia que se respete como \u00e9sta que encarna el presidente Emmanuel Macron, a quien como a Donald Trump se le ha tildado de eg\u00f3latra y de dictador, como ocurri\u00f3 cuando llam\u00f3 a la disoluci\u00f3n de la Asamblea Nacional en mayo pasado por lo que se cree fue un simple capricho de \u201cJ\u00fapiter\u201d, como se le suele llamar.<\/p>\n\n\n\n<p>En Francia no se fijan l\u00edmites para criticar a Trump. Se le trata de fascista, xen\u00f3fobo, racista, supremacista, machista, de querer influir en los hombres para que se comporten como \u00e9l, as\u00ed lo aclamaban las feministas en Trocad\u00e9ro en enero de 2017 y ahora que ha ganado una segunda vez con pancartas de bienvenida que dec\u00edan d\u00edas despu\u00e9s de su elecci\u00f3n : \u201cParis contra Against Trump\u201d.<\/p>\n\n\n<div class=\"wp-block-image\">\n<figure class=\"aligncenter size-full\"><img loading=\"lazy\" decoding=\"async\" width=\"606\" height=\"404\" src=\"https:\/\/biciurba.com\/wp-content\/uploads\/2024\/12\/Paris-contra-Trump.png\" alt=\"\" class=\"wp-image-1378\" srcset=\"https:\/\/biciurba.com\/wp-content\/uploads\/2024\/12\/Paris-contra-Trump.png 606w, https:\/\/biciurba.com\/wp-content\/uploads\/2024\/12\/Paris-contra-Trump-300x200.png 300w\" sizes=\"(max-width: 606px) 100vw, 606px\" \/><\/figure><\/div>\n\n\n<p>Foto Romain D\u00e9z\u00e8que \/ Franceinfo<\/p>\n\n\n\n<p>Fue cosa corriente en los a\u00f1os de su primera presidencia organizar manifestaciones en su contra, sobre todo cuando Donald Trump se \u201catrev\u00eda\u201d a venir a Par\u00eds como ocurri\u00f3 en su primera visita en julio de 2017 como invitado de honor de la Fiesta Nacional del 14 de julio.<\/p>\n\n\n<div class=\"wp-block-image\">\n<figure class=\"aligncenter size-full\"><img loading=\"lazy\" decoding=\"async\" width=\"606\" height=\"404\" src=\"https:\/\/biciurba.com\/wp-content\/uploads\/2024\/12\/Macron-y-Trump.png\" alt=\"Donald Trump y Emmanuel Macron junto a Melania Trump el 14 de julio 2017 para asistir al desfile militar en los Campos Eliseos\/ Foto Christophe ARCHAMBAULT\/AFP\" class=\"wp-image-1379\" srcset=\"https:\/\/biciurba.com\/wp-content\/uploads\/2024\/12\/Macron-y-Trump.png 606w, https:\/\/biciurba.com\/wp-content\/uploads\/2024\/12\/Macron-y-Trump-300x200.png 300w\" sizes=\"(max-width: 606px) 100vw, 606px\" \/><\/figure><\/div>\n\n\n<p>Donald Trump y Emmanuel Macron junto a Melania Trump el 14 de julio 2017 para asistir al desfile militar en los Campos Eliseos\/ Foto Christophe ARCHAMBAULT\/AFP<\/p>\n\n\n\n<p>De ese verano de 2017 se recuerda de nuevo la dualidad detestaci\u00f3n#admiraci\u00f3n que suscita la personalidad de Donald Trump en Francia con pancartas de manifestantes en su contra, pero tambi\u00e9n con la pompa y la fanfarrea que despleg\u00f3 el presidente Macron para impresionar a su invitado, de quien se dice que al opuesto de la elegancia de los franceses gusta estar rodeado de objetos dorados, m\u00e1rmol y terciopelos. Eso es olvidar la ostentaci\u00f3n de un monarca como Luis XIV cuyo Sal\u00f3n de los Espejos del Palacio de Versalles ha sido copiado en menor escala por Donald Trump en su mansi\u00f3n de Mar-a-Lago en Palm Beach.<\/p>\n\n\n\n<p>Tampoco se olvida las protestas cuando Donald Trump vino por segunda vez a Paris en 2018 para la ceremonia de conmemoraci\u00f3n del Armisticio del 11 de noviembre de 1918, en cuyo acto se le vio por primera vez al lado de Vladimir Putin en territorio franc\u00e9s, al pie del Arco del Triunfo, junto a la tumba del soldado desconocido de la Primera Guerra Mundial.<\/p>\n\n\n<div class=\"wp-block-image\">\n<figure class=\"aligncenter size-full\"><img loading=\"lazy\" decoding=\"async\" width=\"606\" height=\"404\" src=\"https:\/\/biciurba.com\/wp-content\/uploads\/2024\/12\/Putin.png\" alt=\"\" class=\"wp-image-1380\" srcset=\"https:\/\/biciurba.com\/wp-content\/uploads\/2024\/12\/Putin.png 606w, https:\/\/biciurba.com\/wp-content\/uploads\/2024\/12\/Putin-300x200.png 300w\" sizes=\"(max-width: 606px) 100vw, 606px\" \/><figcaption class=\"wp-element-caption\">Foto AFP <\/figcaption><\/figure><\/div>\n\n\n<p>Foto AFP<\/p>\n\n\n\n<p>Aquel fue el primer encuentro de grandes lideres mundiales de este milenio, en un ambiente relajado para honorar el fin de la llamada guerra de las trincheras, que otra que se perfilar\u00eda cuatro a\u00f1os m\u00e1s tarde vendr\u00e1 no s\u00f3lo para copiar el modelo sino para modernizarlo.<\/p>\n\n\n\n<p>Como dec\u00eda Dimitri Medvedev uno de los hombres m\u00e1s cercanos al presidente Vladimir Putin, si el pr\u00f3ximo presidente americano alimenta con ardor el conflicto, eso significar\u00e1 ir por una v\u00eda hacia el infierno o hacia una tercera guerra mundial.<\/p>\n\n\n\n<p>El ultim\u00e1tum ha sido pronunciado por un presidente en fin de mandato ante el silencio de su sucesor. Entre tanto Francia sigue con sus convicciones, con o sin Donald Trump.<\/p>\n\n\n\n<p>(1) DIMITRI MEDVEDEV DEVOILE TOUT DANS CETTE INTERVIEW<br>https:\/\/www.youtube.com\/watch?v=oHs5HLpr_bo<\/p>\n","protected":false},"excerpt":{"rendered":"<p>Por MH EscalanteParis, 2 diciembre 2024 En una reciente entrevista difundida por YouTube el expresidente ruso Dimitri Medvedev hablaba de la incidencia de la elecci\u00f3n de Donald Trump en la situaci\u00f3n geopol\u00edtica actual : \u201cTrump, aunque no haya trabajado en el gobierno antes de su primera presidencia y se presente como una figura menos convencional [&hellip;]<\/p>\n","protected":false},"author":1,"featured_media":1382,"comment_status":"open","ping_status":"open","sticky":false,"template":"","format":"standard","meta":{"footnotes":""},"categories":[52],"tags":[],"class_list":["post-1377","post","type-post","status-publish","format-standard","has-post-thumbnail","hentry","category-noticias"],"yoast_head":"<!-- This site is optimized with the Yoast SEO plugin v23.9 - https:\/\/yoast.com\/wordpress\/plugins\/seo\/ -->\n<title>Francia ante el insoportable Donald Trump - Biciurba<\/title>\n<meta name=\"robots\" content=\"index, follow, max-snippet:-1, max-image-preview:large, max-video-preview:-1\" \/>\n<link rel=\"canonical\" href=\"https:\/\/biciurba.com\/index.php\/2024\/12\/02\/francia-ante-el-insoportable-donald-trump\/\" \/>\n<meta property=\"og:locale\" content=\"es_ES\" \/>\n<meta property=\"og:type\" content=\"article\" \/>\n<meta property=\"og:title\" content=\"Francia ante el insoportable Donald Trump - Biciurba\" \/>\n<meta property=\"og:description\" content=\"Por MH EscalanteParis, 2 diciembre 2024 En una reciente entrevista difundida por YouTube el expresidente ruso Dimitri Medvedev hablaba de la incidencia de la elecci\u00f3n de Donald Trump en la situaci\u00f3n geopol\u00edtica actual : \u201cTrump, aunque no haya trabajado en el gobierno antes de su primera presidencia y se presente como una figura menos convencional [&hellip;]\" \/>\n<meta property=\"og:url\" content=\"https:\/\/biciurba.com\/index.php\/2024\/12\/02\/francia-ante-el-insoportable-donald-trump\/\" \/>\n<meta property=\"og:site_name\" content=\"Biciurba\" \/>\n<meta property=\"article:published_time\" content=\"2024-12-02T16:09:13+00:00\" \/>\n<meta property=\"article:modified_time\" content=\"2024-12-02T17:20:39+00:00\" \/>\n<meta property=\"og:image\" content=\"https:\/\/biciurba.com\/wp-content\/uploads\/2024\/12\/Presidentes.png\" \/>\n\t<meta property=\"og:image:width\" content=\"606\" \/>\n\t<meta property=\"og:image:height\" content=\"404\" \/>\n\t<meta property=\"og:image:type\" content=\"image\/png\" \/>\n<meta name=\"author\" content=\"Carlos Cantor\" \/>\n<meta name=\"twitter:card\" content=\"summary_large_image\" \/>\n<meta name=\"twitter:label1\" content=\"Escrito por\" \/>\n\t<meta name=\"twitter:data1\" content=\"Carlos Cantor\" \/>\n\t<meta name=\"twitter:label2\" content=\"Tiempo de lectura\" \/>\n\t<meta name=\"twitter:data2\" content=\"9 minutos\" \/>\n<script type=\"application\/ld+json\" class=\"yoast-schema-graph\">{\"@context\":\"https:\/\/schema.org\",\"@graph\":[{\"@type\":\"Article\",\"@id\":\"https:\/\/biciurba.com\/index.php\/2024\/12\/02\/francia-ante-el-insoportable-donald-trump\/#article\",\"isPartOf\":{\"@id\":\"https:\/\/biciurba.com\/index.php\/2024\/12\/02\/francia-ante-el-insoportable-donald-trump\/\"},\"author\":{\"name\":\"Carlos Cantor\",\"@id\":\"https:\/\/biciurba.com\/#\/schema\/person\/d9675ddf29ee982d268db0a3f239eced\"},\"headline\":\"Francia ante el insoportable Donald Trump\",\"datePublished\":\"2024-12-02T16:09:13+00:00\",\"dateModified\":\"2024-12-02T17:20:39+00:00\",\"mainEntityOfPage\":{\"@id\":\"https:\/\/biciurba.com\/index.php\/2024\/12\/02\/francia-ante-el-insoportable-donald-trump\/\"},\"wordCount\":1708,\"commentCount\":0,\"publisher\":{\"@id\":\"https:\/\/biciurba.com\/#\/schema\/person\/d9675ddf29ee982d268db0a3f239eced\"},\"image\":{\"@id\":\"https:\/\/biciurba.com\/index.php\/2024\/12\/02\/francia-ante-el-insoportable-donald-trump\/#primaryimage\"},\"thumbnailUrl\":\"https:\/\/biciurba.com\/wp-content\/uploads\/2024\/12\/Presidentes.png\",\"articleSection\":[\"Noticias\"],\"inLanguage\":\"es\",\"potentialAction\":[{\"@type\":\"CommentAction\",\"name\":\"Comment\",\"target\":[\"https:\/\/biciurba.com\/index.php\/2024\/12\/02\/francia-ante-el-insoportable-donald-trump\/#respond\"]}]},{\"@type\":\"WebPage\",\"@id\":\"https:\/\/biciurba.com\/index.php\/2024\/12\/02\/francia-ante-el-insoportable-donald-trump\/\",\"url\":\"https:\/\/biciurba.com\/index.php\/2024\/12\/02\/francia-ante-el-insoportable-donald-trump\/\",\"name\":\"Francia ante el insoportable Donald Trump - Biciurba\",\"isPartOf\":{\"@id\":\"https:\/\/biciurba.com\/#website\"},\"primaryImageOfPage\":{\"@id\":\"https:\/\/biciurba.com\/index.php\/2024\/12\/02\/francia-ante-el-insoportable-donald-trump\/#primaryimage\"},\"image\":{\"@id\":\"https:\/\/biciurba.com\/index.php\/2024\/12\/02\/francia-ante-el-insoportable-donald-trump\/#primaryimage\"},\"thumbnailUrl\":\"https:\/\/biciurba.com\/wp-content\/uploads\/2024\/12\/Presidentes.png\",\"datePublished\":\"2024-12-02T16:09:13+00:00\",\"dateModified\":\"2024-12-02T17:20:39+00:00\",\"breadcrumb\":{\"@id\":\"https:\/\/biciurba.com\/index.php\/2024\/12\/02\/francia-ante-el-insoportable-donald-trump\/#breadcrumb\"},\"inLanguage\":\"es\",\"potentialAction\":[{\"@type\":\"ReadAction\",\"target\":[\"https:\/\/biciurba.com\/index.php\/2024\/12\/02\/francia-ante-el-insoportable-donald-trump\/\"]}]},{\"@type\":\"ImageObject\",\"inLanguage\":\"es\",\"@id\":\"https:\/\/biciurba.com\/index.php\/2024\/12\/02\/francia-ante-el-insoportable-donald-trump\/#primaryimage\",\"url\":\"https:\/\/biciurba.com\/wp-content\/uploads\/2024\/12\/Presidentes.png\",\"contentUrl\":\"https:\/\/biciurba.com\/wp-content\/uploads\/2024\/12\/Presidentes.png\",\"width\":606,\"height\":404},{\"@type\":\"BreadcrumbList\",\"@id\":\"https:\/\/biciurba.com\/index.php\/2024\/12\/02\/francia-ante-el-insoportable-donald-trump\/#breadcrumb\",\"itemListElement\":[{\"@type\":\"ListItem\",\"position\":1,\"name\":\"Portada\",\"item\":\"https:\/\/biciurba.com\/\"},{\"@type\":\"ListItem\",\"position\":2,\"name\":\"Francia ante el insoportable Donald Trump\"}]},{\"@type\":\"WebSite\",\"@id\":\"https:\/\/biciurba.com\/#website\",\"url\":\"https:\/\/biciurba.com\/\",\"name\":\"Biciurba\",\"description\":\"Una mejor manera de vivir\",\"publisher\":{\"@id\":\"https:\/\/biciurba.com\/#\/schema\/person\/d9675ddf29ee982d268db0a3f239eced\"},\"potentialAction\":[{\"@type\":\"SearchAction\",\"target\":{\"@type\":\"EntryPoint\",\"urlTemplate\":\"https:\/\/biciurba.com\/?s={search_term_string}\"},\"query-input\":{\"@type\":\"PropertyValueSpecification\",\"valueRequired\":true,\"valueName\":\"search_term_string\"}}],\"inLanguage\":\"es\"},{\"@type\":[\"Person\",\"Organization\"],\"@id\":\"https:\/\/biciurba.com\/#\/schema\/person\/d9675ddf29ee982d268db0a3f239eced\",\"name\":\"Carlos Cantor\",\"image\":{\"@type\":\"ImageObject\",\"inLanguage\":\"es\",\"@id\":\"https:\/\/biciurba.com\/#\/schema\/person\/image\/\",\"url\":\"https:\/\/biciurba.com\/wp-content\/uploads\/2024\/04\/cropped-logo-1.png\",\"contentUrl\":\"https:\/\/biciurba.com\/wp-content\/uploads\/2024\/04\/cropped-logo-1.png\",\"width\":512,\"height\":318,\"caption\":\"Carlos Cantor\"},\"logo\":{\"@id\":\"https:\/\/biciurba.com\/#\/schema\/person\/image\/\"},\"sameAs\":[\"https:\/\/biciurba.com\"],\"url\":\"https:\/\/biciurba.com\/index.php\/author\/ccantor\/\"}]}<\/script>\n<!-- \/ Yoast SEO plugin. -->","yoast_head_json":{"title":"Francia ante el insoportable Donald Trump - Biciurba","robots":{"index":"index","follow":"follow","max-snippet":"max-snippet:-1","max-image-preview":"max-image-preview:large","max-video-preview":"max-video-preview:-1"},"canonical":"https:\/\/biciurba.com\/index.php\/2024\/12\/02\/francia-ante-el-insoportable-donald-trump\/","og_locale":"es_ES","og_type":"article","og_title":"Francia ante el insoportable Donald Trump - Biciurba","og_description":"Por MH EscalanteParis, 2 diciembre 2024 En una reciente entrevista difundida por YouTube el expresidente ruso Dimitri Medvedev hablaba de la incidencia de la elecci\u00f3n de Donald Trump en la situaci\u00f3n geopol\u00edtica actual : \u201cTrump, aunque no haya trabajado en el gobierno antes de su primera presidencia y se presente como una figura menos convencional [&hellip;]","og_url":"https:\/\/biciurba.com\/index.php\/2024\/12\/02\/francia-ante-el-insoportable-donald-trump\/","og_site_name":"Biciurba","article_published_time":"2024-12-02T16:09:13+00:00","article_modified_time":"2024-12-02T17:20:39+00:00","og_image":[{"width":606,"height":404,"url":"https:\/\/biciurba.com\/wp-content\/uploads\/2024\/12\/Presidentes.png","type":"image\/png"}],"author":"Carlos Cantor","twitter_card":"summary_large_image","twitter_misc":{"Escrito por":"Carlos Cantor","Tiempo de lectura":"9 minutos"},"schema":{"@context":"https:\/\/schema.org","@graph":[{"@type":"Article","@id":"https:\/\/biciurba.com\/index.php\/2024\/12\/02\/francia-ante-el-insoportable-donald-trump\/#article","isPartOf":{"@id":"https:\/\/biciurba.com\/index.php\/2024\/12\/02\/francia-ante-el-insoportable-donald-trump\/"},"author":{"name":"Carlos Cantor","@id":"https:\/\/biciurba.com\/#\/schema\/person\/d9675ddf29ee982d268db0a3f239eced"},"headline":"Francia ante el insoportable Donald Trump","datePublished":"2024-12-02T16:09:13+00:00","dateModified":"2024-12-02T17:20:39+00:00","mainEntityOfPage":{"@id":"https:\/\/biciurba.com\/index.php\/2024\/12\/02\/francia-ante-el-insoportable-donald-trump\/"},"wordCount":1708,"commentCount":0,"publisher":{"@id":"https:\/\/biciurba.com\/#\/schema\/person\/d9675ddf29ee982d268db0a3f239eced"},"image":{"@id":"https:\/\/biciurba.com\/index.php\/2024\/12\/02\/francia-ante-el-insoportable-donald-trump\/#primaryimage"},"thumbnailUrl":"https:\/\/biciurba.com\/wp-content\/uploads\/2024\/12\/Presidentes.png","articleSection":["Noticias"],"inLanguage":"es","potentialAction":[{"@type":"CommentAction","name":"Comment","target":["https:\/\/biciurba.com\/index.php\/2024\/12\/02\/francia-ante-el-insoportable-donald-trump\/#respond"]}]},{"@type":"WebPage","@id":"https:\/\/biciurba.com\/index.php\/2024\/12\/02\/francia-ante-el-insoportable-donald-trump\/","url":"https:\/\/biciurba.com\/index.php\/2024\/12\/02\/francia-ante-el-insoportable-donald-trump\/","name":"Francia ante el insoportable Donald Trump - Biciurba","isPartOf":{"@id":"https:\/\/biciurba.com\/#website"},"primaryImageOfPage":{"@id":"https:\/\/biciurba.com\/index.php\/2024\/12\/02\/francia-ante-el-insoportable-donald-trump\/#primaryimage"},"image":{"@id":"https:\/\/biciurba.com\/index.php\/2024\/12\/02\/francia-ante-el-insoportable-donald-trump\/#primaryimage"},"thumbnailUrl":"https:\/\/biciurba.com\/wp-content\/uploads\/2024\/12\/Presidentes.png","datePublished":"2024-12-02T16:09:13+00:00","dateModified":"2024-12-02T17:20:39+00:00","breadcrumb":{"@id":"https:\/\/biciurba.com\/index.php\/2024\/12\/02\/francia-ante-el-insoportable-donald-trump\/#breadcrumb"},"inLanguage":"es","potentialAction":[{"@type":"ReadAction","target":["https:\/\/biciurba.com\/index.php\/2024\/12\/02\/francia-ante-el-insoportable-donald-trump\/"]}]},{"@type":"ImageObject","inLanguage":"es","@id":"https:\/\/biciurba.com\/index.php\/2024\/12\/02\/francia-ante-el-insoportable-donald-trump\/#primaryimage","url":"https:\/\/biciurba.com\/wp-content\/uploads\/2024\/12\/Presidentes.png","contentUrl":"https:\/\/biciurba.com\/wp-content\/uploads\/2024\/12\/Presidentes.png","width":606,"height":404},{"@type":"BreadcrumbList","@id":"https:\/\/biciurba.com\/index.php\/2024\/12\/02\/francia-ante-el-insoportable-donald-trump\/#breadcrumb","itemListElement":[{"@type":"ListItem","position":1,"name":"Portada","item":"https:\/\/biciurba.com\/"},{"@type":"ListItem","position":2,"name":"Francia ante el insoportable Donald Trump"}]},{"@type":"WebSite","@id":"https:\/\/biciurba.com\/#website","url":"https:\/\/biciurba.com\/","name":"Biciurba","description":"Una mejor manera de vivir","publisher":{"@id":"https:\/\/biciurba.com\/#\/schema\/person\/d9675ddf29ee982d268db0a3f239eced"},"potentialAction":[{"@type":"SearchAction","target":{"@type":"EntryPoint","urlTemplate":"https:\/\/biciurba.com\/?s={search_term_string}"},"query-input":{"@type":"PropertyValueSpecification","valueRequired":true,"valueName":"search_term_string"}}],"inLanguage":"es"},{"@type":["Person","Organization"],"@id":"https:\/\/biciurba.com\/#\/schema\/person\/d9675ddf29ee982d268db0a3f239eced","name":"Carlos Cantor","image":{"@type":"ImageObject","inLanguage":"es","@id":"https:\/\/biciurba.com\/#\/schema\/person\/image\/","url":"https:\/\/biciurba.com\/wp-content\/uploads\/2024\/04\/cropped-logo-1.png","contentUrl":"https:\/\/biciurba.com\/wp-content\/uploads\/2024\/04\/cropped-logo-1.png","width":512,"height":318,"caption":"Carlos Cantor"},"logo":{"@id":"https:\/\/biciurba.com\/#\/schema\/person\/image\/"},"sameAs":["https:\/\/biciurba.com"],"url":"https:\/\/biciurba.com\/index.php\/author\/ccantor\/"}]}},"_links":{"self":[{"href":"https:\/\/biciurba.com\/index.php\/wp-json\/wp\/v2\/posts\/1377"}],"collection":[{"href":"https:\/\/biciurba.com\/index.php\/wp-json\/wp\/v2\/posts"}],"about":[{"href":"https:\/\/biciurba.com\/index.php\/wp-json\/wp\/v2\/types\/post"}],"author":[{"embeddable":true,"href":"https:\/\/biciurba.com\/index.php\/wp-json\/wp\/v2\/users\/1"}],"replies":[{"embeddable":true,"href":"https:\/\/biciurba.com\/index.php\/wp-json\/wp\/v2\/comments?post=1377"}],"version-history":[{"count":3,"href":"https:\/\/biciurba.com\/index.php\/wp-json\/wp\/v2\/posts\/1377\/revisions"}],"predecessor-version":[{"id":1385,"href":"https:\/\/biciurba.com\/index.php\/wp-json\/wp\/v2\/posts\/1377\/revisions\/1385"}],"wp:featuredmedia":[{"embeddable":true,"href":"https:\/\/biciurba.com\/index.php\/wp-json\/wp\/v2\/media\/1382"}],"wp:attachment":[{"href":"https:\/\/biciurba.com\/index.php\/wp-json\/wp\/v2\/media?parent=1377"}],"wp:term":[{"taxonomy":"category","embeddable":true,"href":"https:\/\/biciurba.com\/index.php\/wp-json\/wp\/v2\/categories?post=1377"},{"taxonomy":"post_tag","embeddable":true,"href":"https:\/\/biciurba.com\/index.php\/wp-json\/wp\/v2\/tags?post=1377"}],"curies":[{"name":"wp","href":"https:\/\/api.w.org\/{rel}","templated":true}]}}