{"id":1393,"date":"2025-01-16T12:05:54","date_gmt":"2025-01-16T17:05:54","guid":{"rendered":"https:\/\/biciurba.com\/?p=1393"},"modified":"2025-01-16T12:05:55","modified_gmt":"2025-01-16T17:05:55","slug":"un-cambio-que-es-necesario-por-muchas-razones","status":"publish","type":"post","link":"https:\/\/biciurba.com\/index.php\/2025\/01\/16\/un-cambio-que-es-necesario-por-muchas-razones\/","title":{"rendered":"Un cambio que es necesario por muchas razones"},"content":{"rendered":"\n<p>Al arrancar el a\u00f1o nos enfrentamos a las deudas que se generaron en las fiestas de fin de a\u00f1o, que en la realidad son del comercio y del turismo, nada que ver con un sentimiento religioso, caso concreto para los cristianos.  Ahora esta la cuesta del arranque del a\u00f1o.<\/p>\n\n\n\n<p>Como siempre el costo de los escolares cada vez es mayor, tanto en el precio de matriculas y pensiones, como en el costo de \u00fatiles y textos. All\u00e1 tambi\u00e9n esta la moda y los intereses comerciales en las g\u00f3ndolas de supermercados, papeler\u00edas y tiendas en general. Y la moda exige equipos de computo, libros descartables de un solo uso, cuadernos a precios desorbitados por las ilustraciones de las pastas, calcomanias y dem\u00e1s accesorios que se han inventado para incentivar desde ya la participaci\u00f3n de los estudiantes en la sociedad de consumo.<\/p>\n\n\n\n<p>En lineas generales cuando se revisa el gasto y su real utilidad, el desperdicio es grande. De los cuadernos del a\u00f1o anterior seguro no se gastaron en su totalidad. Los libros que se han inventado como descartables ah\u00ed est\u00e1n, quiz\u00e1s borrando o fotocopiado puedan servir de nuevo, pero los mismos  colegios no lo permiten, muchos han entrado en la din\u00e1mica de ser escenario de venta de las editoriales. Al igual que muchos otros sectores, son visitados por mercadotecnistas que los comprometen con regalos y otras prebendas para no permitir el reuso de materiales. Hay que mover el negocio.<\/p>\n\n\n\n<p>En el caso de las grandes ciudades, este mes es muy complejo. Muchos tendr\u00e1n la mala noticia que se han quedo sin empleo. Otros por fortuna lo han logrado. Otros  preocupados por el aumento o no de sus ingresos, y muchos otros manipulados por la incertidumbre, trabajando gratis en muchos casos por un tiempo. En las ciudades peque\u00f1as y en la ruralidad la sobrevivencia continua, especialmente en los paises con problemas de inflaci\u00f3n, baja inversi\u00f3n y casi siempre con inmensos recursos naturales que caen en manos de multinacionales que tienen el m\u00fasculo financiero e intereses particulares para explotar dichos recursos, sin que  necesariamente beneficien a los naturales con estas inversiones. Casi siempre sucede lo contrario.<\/p>\n\n\n\n<p>En un mundo que busca solucionar un tema acuciante como es la crisis clim\u00e1tica, seguimos en la pol\u00edtica comercial e industrial del desperdicio, y es patente en las ferias escolares, cuando realmente se puede trabajar de otra forma. Una de ellas y considerando las nuevas generaciones que nacen al frente de una pantalla, seria interesante hacer un mejor uso de este recurso. Adem\u00e1s de formar a los usuarios en la responsabilidad que implica conectarse, de estar expuestos a la IA y a las multinacionales due\u00f1as de las redes sociales y de lo que hay en Internet, es una herramienta muy creativa, global y es una biblioteca abierta.<\/p>\n\n\n\n<p>Los contradictores afirmaran que es anti ambiental por el consumo de recursos energ\u00e9ticos, pero si se hace un buen uso a nivel escolar, donde no tienen porque estar todos conectados, mas por el contrario, centralizar en la gran pantalla de lo que fue el tablero convencional, la din\u00e1mica ser\u00e1 otra. Es cuesti\u00f3n de ver opciones, optimizar recursos y hacer que este medio, que por ahora distrae, obnubila y abre espacios para la ludopat\u00eda, se convierta en la biblioteca activa, en el cuaderno digital, en la posibilidad de compartir conocimientos y experiencias en una escuela abierta y global.<\/p>\n\n\n\n<p>A esto formar a los chicos en el cuidado y la responsabilidad personal y social de su uso, a dejar de ser simples consumidores de modas y corrientes destructivas que aniquilan, esclavizan y desorientan a los usuarios.<\/p>\n\n\n\n<p>Este comienzo de a\u00f1o deber\u00eda ser diferente, pero los cambios necesarios no llegan con la rapidez que se requieren en todo el sistema escolar. Lo cierto es que despu\u00e9s de la pandemia del Coviid las tecnolog\u00edas digitales entraron en la conversaci\u00f3n acad\u00e9mica de forma amplia, muchas instituciones mejoraron su oferta con estudios en modalidad a distancia y semipresencial. Las herramientas est\u00e1n, el problema b\u00e1sico es cambiar un sistema, que sufre ciertos problemas por falta de clientes, mejor preparaci\u00f3n de los profesionales que le atienden y porque es una industria que debe rendir ganancias.<\/p>\n\n\n\n<p><\/p>\n","protected":false},"excerpt":{"rendered":"<p>Al arrancar el a\u00f1o nos enfrentamos a las deudas que se generaron en las fiestas de fin de a\u00f1o, que en la realidad son del comercio y del turismo, nada que ver con un sentimiento religioso, caso concreto para los cristianos. Ahora esta la cuesta del arranque del a\u00f1o. Como siempre el costo de los [&hellip;]<\/p>\n","protected":false},"author":1,"featured_media":1394,"comment_status":"open","ping_status":"open","sticky":false,"template":"","format":"standard","meta":{"footnotes":""},"categories":[50],"tags":[559,437,558,267],"class_list":["post-1393","post","type-post","status-publish","format-standard","has-post-thumbnail","hentry","category-salud-y-bienestar","tag-colegios","tag-crisis-economica","tag-escolares","tag-tecnologia"],"yoast_head":"<!-- This site is optimized with the Yoast SEO plugin v23.9 - https:\/\/yoast.com\/wordpress\/plugins\/seo\/ -->\n<title>Un cambio que es necesario por muchas razones - Biciurba<\/title>\n<meta name=\"robots\" content=\"index, follow, max-snippet:-1, max-image-preview:large, max-video-preview:-1\" \/>\n<link rel=\"canonical\" href=\"https:\/\/biciurba.com\/index.php\/2025\/01\/16\/un-cambio-que-es-necesario-por-muchas-razones\/\" \/>\n<meta property=\"og:locale\" content=\"es_ES\" \/>\n<meta property=\"og:type\" content=\"article\" \/>\n<meta property=\"og:title\" content=\"Un cambio que es necesario por muchas razones - Biciurba\" \/>\n<meta property=\"og:description\" content=\"Al arrancar el a\u00f1o nos enfrentamos a las deudas que se generaron en las fiestas de fin de a\u00f1o, que en la realidad son del comercio y del turismo, nada que ver con un sentimiento religioso, caso concreto para los cristianos. Ahora esta la cuesta del arranque del a\u00f1o. Como siempre el costo de los [&hellip;]\" \/>\n<meta property=\"og:url\" content=\"https:\/\/biciurba.com\/index.php\/2025\/01\/16\/un-cambio-que-es-necesario-por-muchas-razones\/\" \/>\n<meta property=\"og:site_name\" content=\"Biciurba\" \/>\n<meta property=\"article:published_time\" content=\"2025-01-16T17:05:54+00:00\" \/>\n<meta property=\"article:modified_time\" content=\"2025-01-16T17:05:55+00:00\" \/>\n<meta property=\"og:image\" content=\"https:\/\/biciurba.com\/wp-content\/uploads\/2025\/01\/escolares.png\" \/>\n\t<meta property=\"og:image:width\" content=\"600\" \/>\n\t<meta property=\"og:image:height\" content=\"400\" \/>\n\t<meta property=\"og:image:type\" content=\"image\/png\" \/>\n<meta name=\"author\" content=\"Carlos Cantor\" \/>\n<meta name=\"twitter:card\" content=\"summary_large_image\" \/>\n<meta name=\"twitter:label1\" content=\"Escrito por\" \/>\n\t<meta name=\"twitter:data1\" content=\"Carlos Cantor\" \/>\n\t<meta name=\"twitter:label2\" content=\"Tiempo de lectura\" \/>\n\t<meta name=\"twitter:data2\" content=\"4 minutos\" \/>\n<script type=\"application\/ld+json\" class=\"yoast-schema-graph\">{\"@context\":\"https:\/\/schema.org\",\"@graph\":[{\"@type\":\"Article\",\"@id\":\"https:\/\/biciurba.com\/index.php\/2025\/01\/16\/un-cambio-que-es-necesario-por-muchas-razones\/#article\",\"isPartOf\":{\"@id\":\"https:\/\/biciurba.com\/index.php\/2025\/01\/16\/un-cambio-que-es-necesario-por-muchas-razones\/\"},\"author\":{\"name\":\"Carlos Cantor\",\"@id\":\"https:\/\/biciurba.com\/#\/schema\/person\/d9675ddf29ee982d268db0a3f239eced\"},\"headline\":\"Un cambio que es necesario por muchas razones\",\"datePublished\":\"2025-01-16T17:05:54+00:00\",\"dateModified\":\"2025-01-16T17:05:55+00:00\",\"mainEntityOfPage\":{\"@id\":\"https:\/\/biciurba.com\/index.php\/2025\/01\/16\/un-cambio-que-es-necesario-por-muchas-razones\/\"},\"wordCount\":729,\"commentCount\":0,\"publisher\":{\"@id\":\"https:\/\/biciurba.com\/#\/schema\/person\/d9675ddf29ee982d268db0a3f239eced\"},\"image\":{\"@id\":\"https:\/\/biciurba.com\/index.php\/2025\/01\/16\/un-cambio-que-es-necesario-por-muchas-razones\/#primaryimage\"},\"thumbnailUrl\":\"https:\/\/biciurba.com\/wp-content\/uploads\/2025\/01\/escolares.png\",\"keywords\":[\"colegios\",\"Crisis econ\u00f3mica\",\"escolares\",\"Tecnolog\u00eda\"],\"articleSection\":[\"Vida Buena\"],\"inLanguage\":\"es\",\"potentialAction\":[{\"@type\":\"CommentAction\",\"name\":\"Comment\",\"target\":[\"https:\/\/biciurba.com\/index.php\/2025\/01\/16\/un-cambio-que-es-necesario-por-muchas-razones\/#respond\"]}]},{\"@type\":\"WebPage\",\"@id\":\"https:\/\/biciurba.com\/index.php\/2025\/01\/16\/un-cambio-que-es-necesario-por-muchas-razones\/\",\"url\":\"https:\/\/biciurba.com\/index.php\/2025\/01\/16\/un-cambio-que-es-necesario-por-muchas-razones\/\",\"name\":\"Un cambio que es necesario por muchas razones - Biciurba\",\"isPartOf\":{\"@id\":\"https:\/\/biciurba.com\/#website\"},\"primaryImageOfPage\":{\"@id\":\"https:\/\/biciurba.com\/index.php\/2025\/01\/16\/un-cambio-que-es-necesario-por-muchas-razones\/#primaryimage\"},\"image\":{\"@id\":\"https:\/\/biciurba.com\/index.php\/2025\/01\/16\/un-cambio-que-es-necesario-por-muchas-razones\/#primaryimage\"},\"thumbnailUrl\":\"https:\/\/biciurba.com\/wp-content\/uploads\/2025\/01\/escolares.png\",\"datePublished\":\"2025-01-16T17:05:54+00:00\",\"dateModified\":\"2025-01-16T17:05:55+00:00\",\"breadcrumb\":{\"@id\":\"https:\/\/biciurba.com\/index.php\/2025\/01\/16\/un-cambio-que-es-necesario-por-muchas-razones\/#breadcrumb\"},\"inLanguage\":\"es\",\"potentialAction\":[{\"@type\":\"ReadAction\",\"target\":[\"https:\/\/biciurba.com\/index.php\/2025\/01\/16\/un-cambio-que-es-necesario-por-muchas-razones\/\"]}]},{\"@type\":\"ImageObject\",\"inLanguage\":\"es\",\"@id\":\"https:\/\/biciurba.com\/index.php\/2025\/01\/16\/un-cambio-que-es-necesario-por-muchas-razones\/#primaryimage\",\"url\":\"https:\/\/biciurba.com\/wp-content\/uploads\/2025\/01\/escolares.png\",\"contentUrl\":\"https:\/\/biciurba.com\/wp-content\/uploads\/2025\/01\/escolares.png\",\"width\":600,\"height\":400},{\"@type\":\"BreadcrumbList\",\"@id\":\"https:\/\/biciurba.com\/index.php\/2025\/01\/16\/un-cambio-que-es-necesario-por-muchas-razones\/#breadcrumb\",\"itemListElement\":[{\"@type\":\"ListItem\",\"position\":1,\"name\":\"Portada\",\"item\":\"https:\/\/biciurba.com\/\"},{\"@type\":\"ListItem\",\"position\":2,\"name\":\"Un cambio que es necesario por muchas razones\"}]},{\"@type\":\"WebSite\",\"@id\":\"https:\/\/biciurba.com\/#website\",\"url\":\"https:\/\/biciurba.com\/\",\"name\":\"Biciurba\",\"description\":\"Una mejor manera de vivir\",\"publisher\":{\"@id\":\"https:\/\/biciurba.com\/#\/schema\/person\/d9675ddf29ee982d268db0a3f239eced\"},\"potentialAction\":[{\"@type\":\"SearchAction\",\"target\":{\"@type\":\"EntryPoint\",\"urlTemplate\":\"https:\/\/biciurba.com\/?s={search_term_string}\"},\"query-input\":{\"@type\":\"PropertyValueSpecification\",\"valueRequired\":true,\"valueName\":\"search_term_string\"}}],\"inLanguage\":\"es\"},{\"@type\":[\"Person\",\"Organization\"],\"@id\":\"https:\/\/biciurba.com\/#\/schema\/person\/d9675ddf29ee982d268db0a3f239eced\",\"name\":\"Carlos Cantor\",\"image\":{\"@type\":\"ImageObject\",\"inLanguage\":\"es\",\"@id\":\"https:\/\/biciurba.com\/#\/schema\/person\/image\/\",\"url\":\"https:\/\/biciurba.com\/wp-content\/uploads\/2024\/04\/cropped-logo-1.png\",\"contentUrl\":\"https:\/\/biciurba.com\/wp-content\/uploads\/2024\/04\/cropped-logo-1.png\",\"width\":512,\"height\":318,\"caption\":\"Carlos Cantor\"},\"logo\":{\"@id\":\"https:\/\/biciurba.com\/#\/schema\/person\/image\/\"},\"sameAs\":[\"https:\/\/biciurba.com\"],\"url\":\"https:\/\/biciurba.com\/index.php\/author\/ccantor\/\"}]}<\/script>\n<!-- \/ Yoast SEO plugin. -->","yoast_head_json":{"title":"Un cambio que es necesario por muchas razones - Biciurba","robots":{"index":"index","follow":"follow","max-snippet":"max-snippet:-1","max-image-preview":"max-image-preview:large","max-video-preview":"max-video-preview:-1"},"canonical":"https:\/\/biciurba.com\/index.php\/2025\/01\/16\/un-cambio-que-es-necesario-por-muchas-razones\/","og_locale":"es_ES","og_type":"article","og_title":"Un cambio que es necesario por muchas razones - Biciurba","og_description":"Al arrancar el a\u00f1o nos enfrentamos a las deudas que se generaron en las fiestas de fin de a\u00f1o, que en la realidad son del comercio y del turismo, nada que ver con un sentimiento religioso, caso concreto para los cristianos. Ahora esta la cuesta del arranque del a\u00f1o. Como siempre el costo de los [&hellip;]","og_url":"https:\/\/biciurba.com\/index.php\/2025\/01\/16\/un-cambio-que-es-necesario-por-muchas-razones\/","og_site_name":"Biciurba","article_published_time":"2025-01-16T17:05:54+00:00","article_modified_time":"2025-01-16T17:05:55+00:00","og_image":[{"width":600,"height":400,"url":"https:\/\/biciurba.com\/wp-content\/uploads\/2025\/01\/escolares.png","type":"image\/png"}],"author":"Carlos Cantor","twitter_card":"summary_large_image","twitter_misc":{"Escrito por":"Carlos Cantor","Tiempo de lectura":"4 minutos"},"schema":{"@context":"https:\/\/schema.org","@graph":[{"@type":"Article","@id":"https:\/\/biciurba.com\/index.php\/2025\/01\/16\/un-cambio-que-es-necesario-por-muchas-razones\/#article","isPartOf":{"@id":"https:\/\/biciurba.com\/index.php\/2025\/01\/16\/un-cambio-que-es-necesario-por-muchas-razones\/"},"author":{"name":"Carlos Cantor","@id":"https:\/\/biciurba.com\/#\/schema\/person\/d9675ddf29ee982d268db0a3f239eced"},"headline":"Un cambio que es necesario por muchas razones","datePublished":"2025-01-16T17:05:54+00:00","dateModified":"2025-01-16T17:05:55+00:00","mainEntityOfPage":{"@id":"https:\/\/biciurba.com\/index.php\/2025\/01\/16\/un-cambio-que-es-necesario-por-muchas-razones\/"},"wordCount":729,"commentCount":0,"publisher":{"@id":"https:\/\/biciurba.com\/#\/schema\/person\/d9675ddf29ee982d268db0a3f239eced"},"image":{"@id":"https:\/\/biciurba.com\/index.php\/2025\/01\/16\/un-cambio-que-es-necesario-por-muchas-razones\/#primaryimage"},"thumbnailUrl":"https:\/\/biciurba.com\/wp-content\/uploads\/2025\/01\/escolares.png","keywords":["colegios","Crisis econ\u00f3mica","escolares","Tecnolog\u00eda"],"articleSection":["Vida Buena"],"inLanguage":"es","potentialAction":[{"@type":"CommentAction","name":"Comment","target":["https:\/\/biciurba.com\/index.php\/2025\/01\/16\/un-cambio-que-es-necesario-por-muchas-razones\/#respond"]}]},{"@type":"WebPage","@id":"https:\/\/biciurba.com\/index.php\/2025\/01\/16\/un-cambio-que-es-necesario-por-muchas-razones\/","url":"https:\/\/biciurba.com\/index.php\/2025\/01\/16\/un-cambio-que-es-necesario-por-muchas-razones\/","name":"Un cambio que es necesario por muchas razones - Biciurba","isPartOf":{"@id":"https:\/\/biciurba.com\/#website"},"primaryImageOfPage":{"@id":"https:\/\/biciurba.com\/index.php\/2025\/01\/16\/un-cambio-que-es-necesario-por-muchas-razones\/#primaryimage"},"image":{"@id":"https:\/\/biciurba.com\/index.php\/2025\/01\/16\/un-cambio-que-es-necesario-por-muchas-razones\/#primaryimage"},"thumbnailUrl":"https:\/\/biciurba.com\/wp-content\/uploads\/2025\/01\/escolares.png","datePublished":"2025-01-16T17:05:54+00:00","dateModified":"2025-01-16T17:05:55+00:00","breadcrumb":{"@id":"https:\/\/biciurba.com\/index.php\/2025\/01\/16\/un-cambio-que-es-necesario-por-muchas-razones\/#breadcrumb"},"inLanguage":"es","potentialAction":[{"@type":"ReadAction","target":["https:\/\/biciurba.com\/index.php\/2025\/01\/16\/un-cambio-que-es-necesario-por-muchas-razones\/"]}]},{"@type":"ImageObject","inLanguage":"es","@id":"https:\/\/biciurba.com\/index.php\/2025\/01\/16\/un-cambio-que-es-necesario-por-muchas-razones\/#primaryimage","url":"https:\/\/biciurba.com\/wp-content\/uploads\/2025\/01\/escolares.png","contentUrl":"https:\/\/biciurba.com\/wp-content\/uploads\/2025\/01\/escolares.png","width":600,"height":400},{"@type":"BreadcrumbList","@id":"https:\/\/biciurba.com\/index.php\/2025\/01\/16\/un-cambio-que-es-necesario-por-muchas-razones\/#breadcrumb","itemListElement":[{"@type":"ListItem","position":1,"name":"Portada","item":"https:\/\/biciurba.com\/"},{"@type":"ListItem","position":2,"name":"Un cambio que es necesario por muchas razones"}]},{"@type":"WebSite","@id":"https:\/\/biciurba.com\/#website","url":"https:\/\/biciurba.com\/","name":"Biciurba","description":"Una mejor manera de vivir","publisher":{"@id":"https:\/\/biciurba.com\/#\/schema\/person\/d9675ddf29ee982d268db0a3f239eced"},"potentialAction":[{"@type":"SearchAction","target":{"@type":"EntryPoint","urlTemplate":"https:\/\/biciurba.com\/?s={search_term_string}"},"query-input":{"@type":"PropertyValueSpecification","valueRequired":true,"valueName":"search_term_string"}}],"inLanguage":"es"},{"@type":["Person","Organization"],"@id":"https:\/\/biciurba.com\/#\/schema\/person\/d9675ddf29ee982d268db0a3f239eced","name":"Carlos Cantor","image":{"@type":"ImageObject","inLanguage":"es","@id":"https:\/\/biciurba.com\/#\/schema\/person\/image\/","url":"https:\/\/biciurba.com\/wp-content\/uploads\/2024\/04\/cropped-logo-1.png","contentUrl":"https:\/\/biciurba.com\/wp-content\/uploads\/2024\/04\/cropped-logo-1.png","width":512,"height":318,"caption":"Carlos Cantor"},"logo":{"@id":"https:\/\/biciurba.com\/#\/schema\/person\/image\/"},"sameAs":["https:\/\/biciurba.com"],"url":"https:\/\/biciurba.com\/index.php\/author\/ccantor\/"}]}},"_links":{"self":[{"href":"https:\/\/biciurba.com\/index.php\/wp-json\/wp\/v2\/posts\/1393"}],"collection":[{"href":"https:\/\/biciurba.com\/index.php\/wp-json\/wp\/v2\/posts"}],"about":[{"href":"https:\/\/biciurba.com\/index.php\/wp-json\/wp\/v2\/types\/post"}],"author":[{"embeddable":true,"href":"https:\/\/biciurba.com\/index.php\/wp-json\/wp\/v2\/users\/1"}],"replies":[{"embeddable":true,"href":"https:\/\/biciurba.com\/index.php\/wp-json\/wp\/v2\/comments?post=1393"}],"version-history":[{"count":1,"href":"https:\/\/biciurba.com\/index.php\/wp-json\/wp\/v2\/posts\/1393\/revisions"}],"predecessor-version":[{"id":1395,"href":"https:\/\/biciurba.com\/index.php\/wp-json\/wp\/v2\/posts\/1393\/revisions\/1395"}],"wp:featuredmedia":[{"embeddable":true,"href":"https:\/\/biciurba.com\/index.php\/wp-json\/wp\/v2\/media\/1394"}],"wp:attachment":[{"href":"https:\/\/biciurba.com\/index.php\/wp-json\/wp\/v2\/media?parent=1393"}],"wp:term":[{"taxonomy":"category","embeddable":true,"href":"https:\/\/biciurba.com\/index.php\/wp-json\/wp\/v2\/categories?post=1393"},{"taxonomy":"post_tag","embeddable":true,"href":"https:\/\/biciurba.com\/index.php\/wp-json\/wp\/v2\/tags?post=1393"}],"curies":[{"name":"wp","href":"https:\/\/api.w.org\/{rel}","templated":true}]}}