{"id":1407,"date":"2025-01-22T14:48:35","date_gmt":"2025-01-22T19:48:35","guid":{"rendered":"https:\/\/biciurba.com\/?p=1407"},"modified":"2025-01-22T14:50:52","modified_gmt":"2025-01-22T19:50:52","slug":"tiene-limites-la-arrogancia-del-poder","status":"publish","type":"post","link":"https:\/\/biciurba.com\/index.php\/2025\/01\/22\/tiene-limites-la-arrogancia-del-poder\/","title":{"rendered":"\u00bfTiene l\u00edmites la arrogancia del poder?"},"content":{"rendered":"\n<p>Esta condici\u00f3n no es nueva en aquellos que de una u otra forma llegan al poder a administrar un pa\u00eds o naci\u00f3n dependiendo del estado de desarrollo y su visi\u00f3n conjunta como sociedad respecto a como se sienten en el mundo.<\/p>\n\n\n\n<p>Desde los tiempos m\u00e0s remotos el l\u00edder determina la muerte y la vida, tanto de sus enemigos como de sus aliados, lo importante es lograr sus objetivos,  argumentando el bienestar de la sociedad que le ha encargado esa tarea, eso por lo menos en los estados liberales, dem\u00f2cratas y donde la participaci\u00f2n electoral por los ciudadanos es posible.<\/p>\n\n\n\n<p>Ahora bien, ese derecho del voto no necesariamente representa los intereses de la mayor\u00eda, es m\u00e0s, en much\u00edsimas circunstancias son manipulados de diversas formas para garantizar la continuidad del supuesto l\u00edder, que con el tiempo se siente como el unico que es capaz de dirigir a esa sociedad para alcanzar la plenitud de vida en comunidad y riqueza.<\/p>\n\n\n\n<p>En sus bravuconadas asesinan, exilian y buscan suprimir cualquier voz disidente y a\u00f9n m\u00e0s aquellos que se han tomado el derecho de criticarlos, su destino es la mazmorra o la muerte. Con el tiempo en el poder desconocen cualquier control pol\u00edtico, tanto al interno como desde el exterior, y en l\u00edneas generales la voz internacional,  con el tiempo se va volviendo una voz que no representa nada. Se vuelve como el ni\u00f1o rebelde, autosuficiente, que no requiere de nadie para hacer su voluntad por encima de cualquier voz que le acuse.<\/p>\n\n\n\n<p>Determinan el sistema econ\u00f2mico que m\u00e0s les convenga, siempre terminan multimillonarios, sus familias y los cercanos al poder. No importa que inmensas mayor\u00edas no lleguen a fin de mes, y muchos ni al fin de semana. Pero eso no importa, la vanidad del poder y el tenerlo, justifica todas esas situaciones, finalmente son prescindibles ya que no aportan nada al sistema, solo cifras negativas. Esto en pa\u00ecses o estados peque\u00f1os y medianos. <\/p>\n\n\n\n<p>Cuando se trata de estados l\u00ecderes en el mundo, las condiciones de vanidad, soberbia, avaricia y criminalidad se disparan. Finalmente el ser l\u00ecder en el mundo les garantiza la inmunidad y la dominaci\u00f2n  ante cualquiera que se levante. La \u00fanica opci\u00f2n posible es ver el mundo a trav\u00e8s de sus miradas, las dem\u00e0s son innecesarias, equivocadas, anticuadas y muy poco reales ante las propuestas e intereses del momento.<\/p>\n\n\n\n<p>Lo interesante de todo esto, es que la f\u00f3rmula del poder sigue siendo la misma, solo cambia el discurso que siempre promete el cielo en la tierra, y la verdad es que se acerca m\u00e0s al purgatorio y al infierno. Todos buscan dominar la econom\u00eca, las materias primas, el tema energ\u00e8tico, las rutas comerciales, la ideolog\u00eca y por ende la cultura y la forma como nos vemos en la sociedad que imponen.<\/p>\n\n\n\n<p>Todos buscan tener esclavos que les trabajen, y no en el sentido de los pueblos avasallados de \u00c0frica, hoy est\u00e1n en todas partes del planeta trabajando como m\u00e0quinas para sostener econom\u00ecas que no solucionan los problemas de las mayor\u00edas, m\u00e0s por el contrario se espera que sigan siendo pobres para mantener la producci\u00f2n a precios competitivos, mantener o acrecentar el consumo de productos que los dem\u00e0s pagaran a los precios que establezca el mercado, que es manejado por intereses financieros muy claros.<\/p>\n\n\n\n<p>El tema entonces del poder se une el factor riqueza, ahora dir\u00edamos dinero, en otros tiempos fueron muchas otras formas, hasta conchas de moluscos muy espec\u00edficos del mar. Realmente el invento del papel moneda es la ficci\u00f2n m\u00e0s exitosa que hayan logrado los poderosos. Finalmente por muchas caracter\u00edsticas del papel moneda, sigue siendo un impreso que a la final no vale nada. Basta pensar en el bol\u00edvar venezolano o lo que muy pronto le suceder\u00e0 al peso argentino. Es un simple acuerdo social impuesto, creo que a nadie le han preguntado sobre el valor real del dinero y si est\u00e0 de acuerdo, solo circula y lo manejan otros para que tenga valor, aunque s\u00f3lo son papelitos impresos.<\/p>\n\n\n\n<p>Hoy desde el poder del imperio actual, se establece que luchas globales en temas de medio ambiente son descartables. Que prima por encima de cualquier otro inter\u00e8s industrias llamadas a transformarse como el de los autos. Se sigue vendiendo parte del sue\u00f1o americano de mediados del siglo pasado, tener el auto m\u00e0s grande, con el motor m\u00e0s potente, y con el consumo de gasolina en concordancia.<\/p>\n\n\n\n<p>Hoy la juventud lo piensa dos veces. Primero el costo de adquisici\u00f2n, mantenimiento, estacionamiento y garaje. Toda una serie de factores que en las grandes ciudades le complican la vida al tenedor de la supuesta comodidad y estatus social. Peor a\u00f9n en pol\u00edticas, como en el caso colombiano, de restricci\u00f2n de su uso por falta de v\u00ecas, desarrollo urbano insuficiente lo que limita un derecho de trasladarse en su auto. Hoy buscan otras formas de movilidad y los veh\u00ecculos el\u00e9ctricos ganan espacio en las ciudades. Patinetas y e-bike ganan terreno por practicidad, econom\u00eca y por una infraestructura de ciclorrutas que cada vez m\u00e0s va creciendo en las urbes.<\/p>\n\n\n\n<p>As\u00ec los automotores son para usos m\u00e0s espec\u00edficos, aunque l\u00ecneas f\u00e9rreas se intentan potenciar para no estar tan amarrados a los camiones que a mediados del siglo pasado buscaron enterrar los trenes para ampliar el consumos de combustibles, la compra de camiones y ampliar el negocio de la infraestructura vehicular. El imperio establece el modelo de desarrollo que m\u00e0s le conviene.<\/p>\n\n\n\n<p>Lo quieran reconocer o no, la juventud que se levanta hoy tiene m\u00e0s cercan\u00eca con los temas ambientales. Es m\u00e0s, en muchas ciudades se vive cierto tipo de escasez energ\u00e8tica, agua y hasta de alimentos, esto hace que se comienza a tener en claro que la crisis clim\u00e0tica afecta a todos los seres vivos de este planeta y de forma muy preferencial a las grandes ciudades. Sus costos ambientales de operaci\u00f2n son muy altos, lo que hace que una inmensa mayor\u00eda de gente joven busque vivir en las afueras y conectados para trabajar desubicados de oficinas y centros empresariales.<\/p>\n\n\n\n<p>El nuevo emperador promete un imperio dorado, de una inmensa riqueza y prosperidad, retomando formas de una pasado cercano, reencauchando modelos ya reevaluados en un planeta que nos llama la atenci\u00f2n con tormentas espantosas, incendios voraces, escasez de agua potable y migraciones a todo nivel y causas. Pero la arrogancia y el coro que le acompa\u00f1a no logran entrever que esta vez hay un factor que no pueden manejar a su voluntad, la fuerza de la naturaleza es imparable y est\u00e1 desatando eventos realmente preocupantes y muy costosos. Pero la arrogancia es tal, que se sue\u00f1a con llegar a Marte, quiz\u00e0s para trasladarse una vez esta nave espacial ya no sea \u00f9til ni pr\u00e0ctica, para el poder todo es posible. Me acuerdo de esta pel\u00edcula que bien vale la pena volver a ver&#8230;<\/p>\n\n\n<div class=\"wp-block-image\">\n<figure class=\"aligncenter size-full\"><img loading=\"lazy\" decoding=\"async\" width=\"686\" height=\"386\" src=\"https:\/\/biciurba.com\/wp-content\/uploads\/2025\/01\/no-miren-arriba.png\" alt=\"\" class=\"wp-image-1409\" srcset=\"https:\/\/biciurba.com\/wp-content\/uploads\/2025\/01\/no-miren-arriba.png 686w, https:\/\/biciurba.com\/wp-content\/uploads\/2025\/01\/no-miren-arriba-300x169.png 300w, https:\/\/biciurba.com\/wp-content\/uploads\/2025\/01\/no-miren-arriba-640x360.png 640w, https:\/\/biciurba.com\/wp-content\/uploads\/2025\/01\/no-miren-arriba-681x383.png 681w\" sizes=\"(max-width: 686px) 100vw, 686px\" \/><\/figure><\/div>\n\n\n<p><\/p>\n","protected":false},"excerpt":{"rendered":"<p>Esta condici\u00f3n no es nueva en aquellos que de una u otra forma llegan al poder a administrar un pa\u00eds o naci\u00f3n dependiendo del estado de desarrollo y su visi\u00f3n conjunta como sociedad respecto a como se sienten en el mundo. Desde los tiempos m\u00e0s remotos el l\u00edder determina la muerte y la vida, tanto [&hellip;]<\/p>\n","protected":false},"author":1,"featured_media":1408,"comment_status":"open","ping_status":"open","sticky":false,"template":"","format":"standard","meta":{"footnotes":""},"categories":[95,1],"tags":[571,570,569],"class_list":["post-1407","post","type-post","status-publish","format-standard","has-post-thumbnail","hentry","category-crisis-climatica","category-blog","tag-combustibles-fosiles","tag-crisis-climatica-2","tag-trump"],"yoast_head":"<!-- This site is optimized with the Yoast SEO plugin v23.9 - https:\/\/yoast.com\/wordpress\/plugins\/seo\/ -->\n<title>\u00bfTiene l\u00edmites la arrogancia del poder? - Biciurba<\/title>\n<meta name=\"robots\" content=\"index, follow, max-snippet:-1, max-image-preview:large, max-video-preview:-1\" \/>\n<link rel=\"canonical\" href=\"https:\/\/biciurba.com\/index.php\/2025\/01\/22\/tiene-limites-la-arrogancia-del-poder\/\" \/>\n<meta property=\"og:locale\" content=\"es_ES\" \/>\n<meta property=\"og:type\" content=\"article\" \/>\n<meta property=\"og:title\" content=\"\u00bfTiene l\u00edmites la arrogancia del poder? - Biciurba\" \/>\n<meta property=\"og:description\" content=\"Esta condici\u00f3n no es nueva en aquellos que de una u otra forma llegan al poder a administrar un pa\u00eds o naci\u00f3n dependiendo del estado de desarrollo y su visi\u00f3n conjunta como sociedad respecto a como se sienten en el mundo. Desde los tiempos m\u00e0s remotos el l\u00edder determina la muerte y la vida, tanto [&hellip;]\" \/>\n<meta property=\"og:url\" content=\"https:\/\/biciurba.com\/index.php\/2025\/01\/22\/tiene-limites-la-arrogancia-del-poder\/\" \/>\n<meta property=\"og:site_name\" content=\"Biciurba\" \/>\n<meta property=\"article:published_time\" content=\"2025-01-22T19:48:35+00:00\" \/>\n<meta property=\"article:modified_time\" content=\"2025-01-22T19:50:52+00:00\" \/>\n<meta property=\"og:image\" content=\"https:\/\/biciurba.com\/wp-content\/uploads\/2025\/01\/Trump.png\" \/>\n\t<meta property=\"og:image:width\" content=\"600\" \/>\n\t<meta property=\"og:image:height\" content=\"400\" \/>\n\t<meta property=\"og:image:type\" content=\"image\/png\" \/>\n<meta name=\"author\" content=\"Carlos Cantor\" \/>\n<meta name=\"twitter:card\" content=\"summary_large_image\" \/>\n<meta name=\"twitter:label1\" content=\"Escrito por\" \/>\n\t<meta name=\"twitter:data1\" content=\"Carlos Cantor\" \/>\n\t<meta name=\"twitter:label2\" content=\"Tiempo de lectura\" \/>\n\t<meta name=\"twitter:data2\" content=\"6 minutos\" \/>\n<script type=\"application\/ld+json\" class=\"yoast-schema-graph\">{\"@context\":\"https:\/\/schema.org\",\"@graph\":[{\"@type\":\"Article\",\"@id\":\"https:\/\/biciurba.com\/index.php\/2025\/01\/22\/tiene-limites-la-arrogancia-del-poder\/#article\",\"isPartOf\":{\"@id\":\"https:\/\/biciurba.com\/index.php\/2025\/01\/22\/tiene-limites-la-arrogancia-del-poder\/\"},\"author\":{\"name\":\"Carlos Cantor\",\"@id\":\"https:\/\/biciurba.com\/#\/schema\/person\/d9675ddf29ee982d268db0a3f239eced\"},\"headline\":\"\u00bfTiene l\u00edmites la arrogancia del poder?\",\"datePublished\":\"2025-01-22T19:48:35+00:00\",\"dateModified\":\"2025-01-22T19:50:52+00:00\",\"mainEntityOfPage\":{\"@id\":\"https:\/\/biciurba.com\/index.php\/2025\/01\/22\/tiene-limites-la-arrogancia-del-poder\/\"},\"wordCount\":1211,\"commentCount\":4,\"publisher\":{\"@id\":\"https:\/\/biciurba.com\/#\/schema\/person\/d9675ddf29ee982d268db0a3f239eced\"},\"image\":{\"@id\":\"https:\/\/biciurba.com\/index.php\/2025\/01\/22\/tiene-limites-la-arrogancia-del-poder\/#primaryimage\"},\"thumbnailUrl\":\"https:\/\/biciurba.com\/wp-content\/uploads\/2025\/01\/Trump.png\",\"keywords\":[\"combustibles f\u00f2siles\",\"Crisis clim\u00e0tica\",\"Trump\"],\"articleSection\":[\"Crisis clim\u00e1tica\",\"Editorial\"],\"inLanguage\":\"es\",\"potentialAction\":[{\"@type\":\"CommentAction\",\"name\":\"Comment\",\"target\":[\"https:\/\/biciurba.com\/index.php\/2025\/01\/22\/tiene-limites-la-arrogancia-del-poder\/#respond\"]}]},{\"@type\":\"WebPage\",\"@id\":\"https:\/\/biciurba.com\/index.php\/2025\/01\/22\/tiene-limites-la-arrogancia-del-poder\/\",\"url\":\"https:\/\/biciurba.com\/index.php\/2025\/01\/22\/tiene-limites-la-arrogancia-del-poder\/\",\"name\":\"\u00bfTiene l\u00edmites la arrogancia del poder? - Biciurba\",\"isPartOf\":{\"@id\":\"https:\/\/biciurba.com\/#website\"},\"primaryImageOfPage\":{\"@id\":\"https:\/\/biciurba.com\/index.php\/2025\/01\/22\/tiene-limites-la-arrogancia-del-poder\/#primaryimage\"},\"image\":{\"@id\":\"https:\/\/biciurba.com\/index.php\/2025\/01\/22\/tiene-limites-la-arrogancia-del-poder\/#primaryimage\"},\"thumbnailUrl\":\"https:\/\/biciurba.com\/wp-content\/uploads\/2025\/01\/Trump.png\",\"datePublished\":\"2025-01-22T19:48:35+00:00\",\"dateModified\":\"2025-01-22T19:50:52+00:00\",\"breadcrumb\":{\"@id\":\"https:\/\/biciurba.com\/index.php\/2025\/01\/22\/tiene-limites-la-arrogancia-del-poder\/#breadcrumb\"},\"inLanguage\":\"es\",\"potentialAction\":[{\"@type\":\"ReadAction\",\"target\":[\"https:\/\/biciurba.com\/index.php\/2025\/01\/22\/tiene-limites-la-arrogancia-del-poder\/\"]}]},{\"@type\":\"ImageObject\",\"inLanguage\":\"es\",\"@id\":\"https:\/\/biciurba.com\/index.php\/2025\/01\/22\/tiene-limites-la-arrogancia-del-poder\/#primaryimage\",\"url\":\"https:\/\/biciurba.com\/wp-content\/uploads\/2025\/01\/Trump.png\",\"contentUrl\":\"https:\/\/biciurba.com\/wp-content\/uploads\/2025\/01\/Trump.png\",\"width\":600,\"height\":400,\"caption\":\"El poder de las promesas frente a las realidades planetarias que presenta la crisis clim\u00e0tica en curso.\"},{\"@type\":\"BreadcrumbList\",\"@id\":\"https:\/\/biciurba.com\/index.php\/2025\/01\/22\/tiene-limites-la-arrogancia-del-poder\/#breadcrumb\",\"itemListElement\":[{\"@type\":\"ListItem\",\"position\":1,\"name\":\"Portada\",\"item\":\"https:\/\/biciurba.com\/\"},{\"@type\":\"ListItem\",\"position\":2,\"name\":\"\u00bfTiene l\u00edmites la arrogancia del poder?\"}]},{\"@type\":\"WebSite\",\"@id\":\"https:\/\/biciurba.com\/#website\",\"url\":\"https:\/\/biciurba.com\/\",\"name\":\"Biciurba\",\"description\":\"Una mejor manera de vivir\",\"publisher\":{\"@id\":\"https:\/\/biciurba.com\/#\/schema\/person\/d9675ddf29ee982d268db0a3f239eced\"},\"potentialAction\":[{\"@type\":\"SearchAction\",\"target\":{\"@type\":\"EntryPoint\",\"urlTemplate\":\"https:\/\/biciurba.com\/?s={search_term_string}\"},\"query-input\":{\"@type\":\"PropertyValueSpecification\",\"valueRequired\":true,\"valueName\":\"search_term_string\"}}],\"inLanguage\":\"es\"},{\"@type\":[\"Person\",\"Organization\"],\"@id\":\"https:\/\/biciurba.com\/#\/schema\/person\/d9675ddf29ee982d268db0a3f239eced\",\"name\":\"Carlos Cantor\",\"image\":{\"@type\":\"ImageObject\",\"inLanguage\":\"es\",\"@id\":\"https:\/\/biciurba.com\/#\/schema\/person\/image\/\",\"url\":\"https:\/\/biciurba.com\/wp-content\/uploads\/2024\/04\/cropped-logo-1.png\",\"contentUrl\":\"https:\/\/biciurba.com\/wp-content\/uploads\/2024\/04\/cropped-logo-1.png\",\"width\":512,\"height\":318,\"caption\":\"Carlos Cantor\"},\"logo\":{\"@id\":\"https:\/\/biciurba.com\/#\/schema\/person\/image\/\"},\"sameAs\":[\"https:\/\/biciurba.com\"],\"url\":\"https:\/\/biciurba.com\/index.php\/author\/ccantor\/\"}]}<\/script>\n<!-- \/ Yoast SEO plugin. -->","yoast_head_json":{"title":"\u00bfTiene l\u00edmites la arrogancia del poder? - Biciurba","robots":{"index":"index","follow":"follow","max-snippet":"max-snippet:-1","max-image-preview":"max-image-preview:large","max-video-preview":"max-video-preview:-1"},"canonical":"https:\/\/biciurba.com\/index.php\/2025\/01\/22\/tiene-limites-la-arrogancia-del-poder\/","og_locale":"es_ES","og_type":"article","og_title":"\u00bfTiene l\u00edmites la arrogancia del poder? - Biciurba","og_description":"Esta condici\u00f3n no es nueva en aquellos que de una u otra forma llegan al poder a administrar un pa\u00eds o naci\u00f3n dependiendo del estado de desarrollo y su visi\u00f3n conjunta como sociedad respecto a como se sienten en el mundo. Desde los tiempos m\u00e0s remotos el l\u00edder determina la muerte y la vida, tanto [&hellip;]","og_url":"https:\/\/biciurba.com\/index.php\/2025\/01\/22\/tiene-limites-la-arrogancia-del-poder\/","og_site_name":"Biciurba","article_published_time":"2025-01-22T19:48:35+00:00","article_modified_time":"2025-01-22T19:50:52+00:00","og_image":[{"width":600,"height":400,"url":"https:\/\/biciurba.com\/wp-content\/uploads\/2025\/01\/Trump.png","type":"image\/png"}],"author":"Carlos Cantor","twitter_card":"summary_large_image","twitter_misc":{"Escrito por":"Carlos Cantor","Tiempo de lectura":"6 minutos"},"schema":{"@context":"https:\/\/schema.org","@graph":[{"@type":"Article","@id":"https:\/\/biciurba.com\/index.php\/2025\/01\/22\/tiene-limites-la-arrogancia-del-poder\/#article","isPartOf":{"@id":"https:\/\/biciurba.com\/index.php\/2025\/01\/22\/tiene-limites-la-arrogancia-del-poder\/"},"author":{"name":"Carlos Cantor","@id":"https:\/\/biciurba.com\/#\/schema\/person\/d9675ddf29ee982d268db0a3f239eced"},"headline":"\u00bfTiene l\u00edmites la arrogancia del poder?","datePublished":"2025-01-22T19:48:35+00:00","dateModified":"2025-01-22T19:50:52+00:00","mainEntityOfPage":{"@id":"https:\/\/biciurba.com\/index.php\/2025\/01\/22\/tiene-limites-la-arrogancia-del-poder\/"},"wordCount":1211,"commentCount":4,"publisher":{"@id":"https:\/\/biciurba.com\/#\/schema\/person\/d9675ddf29ee982d268db0a3f239eced"},"image":{"@id":"https:\/\/biciurba.com\/index.php\/2025\/01\/22\/tiene-limites-la-arrogancia-del-poder\/#primaryimage"},"thumbnailUrl":"https:\/\/biciurba.com\/wp-content\/uploads\/2025\/01\/Trump.png","keywords":["combustibles f\u00f2siles","Crisis clim\u00e0tica","Trump"],"articleSection":["Crisis clim\u00e1tica","Editorial"],"inLanguage":"es","potentialAction":[{"@type":"CommentAction","name":"Comment","target":["https:\/\/biciurba.com\/index.php\/2025\/01\/22\/tiene-limites-la-arrogancia-del-poder\/#respond"]}]},{"@type":"WebPage","@id":"https:\/\/biciurba.com\/index.php\/2025\/01\/22\/tiene-limites-la-arrogancia-del-poder\/","url":"https:\/\/biciurba.com\/index.php\/2025\/01\/22\/tiene-limites-la-arrogancia-del-poder\/","name":"\u00bfTiene l\u00edmites la arrogancia del poder? - Biciurba","isPartOf":{"@id":"https:\/\/biciurba.com\/#website"},"primaryImageOfPage":{"@id":"https:\/\/biciurba.com\/index.php\/2025\/01\/22\/tiene-limites-la-arrogancia-del-poder\/#primaryimage"},"image":{"@id":"https:\/\/biciurba.com\/index.php\/2025\/01\/22\/tiene-limites-la-arrogancia-del-poder\/#primaryimage"},"thumbnailUrl":"https:\/\/biciurba.com\/wp-content\/uploads\/2025\/01\/Trump.png","datePublished":"2025-01-22T19:48:35+00:00","dateModified":"2025-01-22T19:50:52+00:00","breadcrumb":{"@id":"https:\/\/biciurba.com\/index.php\/2025\/01\/22\/tiene-limites-la-arrogancia-del-poder\/#breadcrumb"},"inLanguage":"es","potentialAction":[{"@type":"ReadAction","target":["https:\/\/biciurba.com\/index.php\/2025\/01\/22\/tiene-limites-la-arrogancia-del-poder\/"]}]},{"@type":"ImageObject","inLanguage":"es","@id":"https:\/\/biciurba.com\/index.php\/2025\/01\/22\/tiene-limites-la-arrogancia-del-poder\/#primaryimage","url":"https:\/\/biciurba.com\/wp-content\/uploads\/2025\/01\/Trump.png","contentUrl":"https:\/\/biciurba.com\/wp-content\/uploads\/2025\/01\/Trump.png","width":600,"height":400,"caption":"El poder de las promesas frente a las realidades planetarias que presenta la crisis clim\u00e0tica en curso."},{"@type":"BreadcrumbList","@id":"https:\/\/biciurba.com\/index.php\/2025\/01\/22\/tiene-limites-la-arrogancia-del-poder\/#breadcrumb","itemListElement":[{"@type":"ListItem","position":1,"name":"Portada","item":"https:\/\/biciurba.com\/"},{"@type":"ListItem","position":2,"name":"\u00bfTiene l\u00edmites la arrogancia del poder?"}]},{"@type":"WebSite","@id":"https:\/\/biciurba.com\/#website","url":"https:\/\/biciurba.com\/","name":"Biciurba","description":"Una mejor manera de vivir","publisher":{"@id":"https:\/\/biciurba.com\/#\/schema\/person\/d9675ddf29ee982d268db0a3f239eced"},"potentialAction":[{"@type":"SearchAction","target":{"@type":"EntryPoint","urlTemplate":"https:\/\/biciurba.com\/?s={search_term_string}"},"query-input":{"@type":"PropertyValueSpecification","valueRequired":true,"valueName":"search_term_string"}}],"inLanguage":"es"},{"@type":["Person","Organization"],"@id":"https:\/\/biciurba.com\/#\/schema\/person\/d9675ddf29ee982d268db0a3f239eced","name":"Carlos Cantor","image":{"@type":"ImageObject","inLanguage":"es","@id":"https:\/\/biciurba.com\/#\/schema\/person\/image\/","url":"https:\/\/biciurba.com\/wp-content\/uploads\/2024\/04\/cropped-logo-1.png","contentUrl":"https:\/\/biciurba.com\/wp-content\/uploads\/2024\/04\/cropped-logo-1.png","width":512,"height":318,"caption":"Carlos Cantor"},"logo":{"@id":"https:\/\/biciurba.com\/#\/schema\/person\/image\/"},"sameAs":["https:\/\/biciurba.com"],"url":"https:\/\/biciurba.com\/index.php\/author\/ccantor\/"}]}},"_links":{"self":[{"href":"https:\/\/biciurba.com\/index.php\/wp-json\/wp\/v2\/posts\/1407"}],"collection":[{"href":"https:\/\/biciurba.com\/index.php\/wp-json\/wp\/v2\/posts"}],"about":[{"href":"https:\/\/biciurba.com\/index.php\/wp-json\/wp\/v2\/types\/post"}],"author":[{"embeddable":true,"href":"https:\/\/biciurba.com\/index.php\/wp-json\/wp\/v2\/users\/1"}],"replies":[{"embeddable":true,"href":"https:\/\/biciurba.com\/index.php\/wp-json\/wp\/v2\/comments?post=1407"}],"version-history":[{"count":1,"href":"https:\/\/biciurba.com\/index.php\/wp-json\/wp\/v2\/posts\/1407\/revisions"}],"predecessor-version":[{"id":1410,"href":"https:\/\/biciurba.com\/index.php\/wp-json\/wp\/v2\/posts\/1407\/revisions\/1410"}],"wp:featuredmedia":[{"embeddable":true,"href":"https:\/\/biciurba.com\/index.php\/wp-json\/wp\/v2\/media\/1408"}],"wp:attachment":[{"href":"https:\/\/biciurba.com\/index.php\/wp-json\/wp\/v2\/media?parent=1407"}],"wp:term":[{"taxonomy":"category","embeddable":true,"href":"https:\/\/biciurba.com\/index.php\/wp-json\/wp\/v2\/categories?post=1407"},{"taxonomy":"post_tag","embeddable":true,"href":"https:\/\/biciurba.com\/index.php\/wp-json\/wp\/v2\/tags?post=1407"}],"curies":[{"name":"wp","href":"https:\/\/api.w.org\/{rel}","templated":true}]}}