{"id":1412,"date":"2025-01-24T15:01:00","date_gmt":"2025-01-24T20:01:00","guid":{"rendered":"https:\/\/biciurba.com\/?p=1412"},"modified":"2025-01-24T15:01:02","modified_gmt":"2025-01-24T20:01:02","slug":"somos-una-familia-planetaria-pero-hay-que-ver-que-familia","status":"publish","type":"post","link":"https:\/\/biciurba.com\/index.php\/2025\/01\/24\/somos-una-familia-planetaria-pero-hay-que-ver-que-familia\/","title":{"rendered":"Somos una familia planetaria, pero !hay que ver que familia!"},"content":{"rendered":"\n<p>Hace uno d\u00edas un joven amigo me pregunt\u00f3 si era posible representar el mundo y los poderes que encierra. Le contest\u00e9 que todo es posible y que adem\u00e1s las palabras nos permiten recrear cualquier pensamiento o idea. A continuaci\u00f3n me anim\u00f3 a que le contara esa historia, y todo esto a ra\u00edz del nuevo presidente en USA.<\/p>\n\n\n\n<p>El asunto es que nuestra sociedad mundial se parece un tanto a una gran familia en donde hay de todo, los abuelos sabios, los padres diligentes, los j\u00f3venes luchadores que van conquistando sus sue\u00f1os, la prima loca y coqueta, el primo \u00eddem, los t\u00edos boyantes y los arruinados y alguno que otro de la noche a ma\u00f1ana se vuelve rico y con el tiempo vuelve a su estado de precariedad despu\u00e9s de haber gozado de los placeres del mundo.<\/p>\n\n\n\n<p>Tambi\u00e9n los hay oportunistas, los que no dejan hacer nada porque cualquier venta familiar le toca su parte, que en compa\u00f1\u00eda del avivato no dejan herencia quieta y de la cual aspiran a sacar el mayor partido. A estos tipos se suma el avasallador, que va esquilmando a todos y se siente el se\u00f1or todo poderoso, representante de la familia y protagonista de los grandes \u00e9xitos de los apellidos.<\/p>\n\n\n\n<p>Nunca falta el jugador y timador que va engatusando al que se le pase por delante y a los que primero esquilma es a sus mas cercanos, comenzando por sus padres. Hay otro grupo que son los sacrificados de siempre. No tienen mucho y su esp\u00edritu anda apagado, solo entienden de trabajar, trabajar y trabajar y sobrevivir cada d\u00eda. Su d\u00eda a d\u00eda es quejarse un poco, aceptar su condici\u00f3n como una fatalidad de la cual no pueden salir jamas. Y se pasan toda su existencia sobrellevando el peso de la vida, arrastrando la vida.<\/p>\n\n\n\n<p>Algunos familiares tratan de ayudar, pero con el tiempo se dan cuenta que no hay nada por hacer. Se van dando cuenta sus familiares que estas pobres almas irredentas est\u00e1n sobre un gran tesoro que nunca supieron reconocer y ponerlo a su favor.<\/p>\n\n\n\n<p>Es aqu\u00ed donde los esquilmadores encuentran riqueza y a los pobres primos lejanos, son aplastados sin misericordia, en algunos casos los vuelven sus esclavos, todo desde una idea de rehabilitaci\u00f3n y de justicia, los ricos merecen serlo m\u00e1s y los pobres a su suerte.<\/p>\n\n\n\n<p>En esta familia global muchas veces algunos primos han encontrado su fortuna, la han hecho brillar pero nunca supieron invertir en otras opciones para no limitar su suerte a ese solo factor, que entre otras todos sab\u00edan que se acabara o cambiaran las condiciones. Cuando llega esa crisis los lamentos van y vienen, las discusiones y peleas por el infortunio que van en creciendo. No hacen sino recordar las buenas \u00e9pocas, echarse en cara la situaci\u00f3n presente y ah\u00ed van acabando con todo. De vez en cuando pareciera que han encontrado el camino, pero el remedio es peor que la enfermedad.<\/p>\n\n\n\n<p>En contra posici\u00f3n est\u00e1n los que si saben para que es el poder, el dinero, el apellido familiar, las haciendas y fortunas que andan por ah\u00ed. No le tienen temor a nada, finalmente sus predecesores m\u00e1s remotos hicieron lo mismo, quitarle al que no tiene y al que tiene y amasar una fortuna y una forma de hacer las cosas donde no hay limites.<\/p>\n\n\n\n<p>Todos sus familiares los distinguen, quisieran vivir como ellos, tienen de todo, no faltan casa y mansiones. Viajes de lujo, autos, empresas de todo orden y cuentas bancarias envidiables. Ahora bien, cuando hay la oportunidad de adentrarse entre ellos, se da uno cuenta que son vanidosos, soberbios, avaros, que si le das la oportunidad te sacan hasta el aire y sin ninguna consideraci\u00f3n.<\/p>\n\n\n\n<p>Es m\u00e1s se sienten elegidos, designados por los dioses, la vida y por ellos mismos como luz y faro de toda la familia, y qu\u00e9 seria de los apellidos y las fortunas familiares de no estar all\u00ed para hacerlas m\u00e1s grandes. Al revisar su historia sus antecesores fueron villanos, homicidas y gente complicada, pero construyeron imperios a costa de mucho dolor, y en su interior esa marca permanece, solo basta la oportunidad o la ocasi\u00f3n para ponerla en practica. Eso si, han aprendido a justificar lo injustificable y quedar maravillosamente bien ante los ojos de los dem\u00e1s. Finalmente son los duros, los fuertes, los que saben c\u00f3mo es la cosa para ser m\u00e1s poderosos.<\/p>\n\n\n\n<p>Y as\u00ed va por el tiempo esta familia, algunas veces un poco mejor, pero casi siempre con enemistades, alianzas y acuerdos para hacerse pasito o para hacerle la vida imposible al primo que no les es favorable.<\/p>\n\n\n\n<p>Los viejos sabios, que en realidad son muy pocos, ya han pasado por todas, fueron conquistados y conquistadores, pasaron de los campos a las ciudades, del arado a la industria, y de tecnolog\u00edas manuales a la automatizaci\u00f3n digital. Ellos, los viejos sabios, saben a ciencia cierta que nada es para siempre y que por m\u00e1s que se pelen los familiares, unos y otros se requieren para poder seguir viviendo y que por m\u00e1s que no lo quieran, el tiempo y la naturaleza son implacables y que a todo indistintamente nos llega el momento de revisar lo que hemos hecho , para muchos ser\u00e1 demasiado tarde.<\/p>\n\n\n\n<p>Se dar\u00e1n cuenta que solo le dieron paso a sus pasiones, a la avaricia, que sacrificaron a mucha gente a su paso, que arruinaron la naturaleza y que ahora, en su lecho de moribundo se da cuenta que tanto alboroto no sirvi\u00f3 de nada. Su tiempo en esta dimensi\u00f3n ha caducado.<\/p>\n\n\n\n<p>Estos personajes no se resignan a morir y hablan de su legado a la familia, lo cierto es que ser\u00f3n incinerados, ya no se entierran cad\u00e1veres, y que como cualquier otro mortal sus cenizas est\u00e1n en un contenedor que demuestra que somos polvo, de elementos qu\u00edmicos que llegaron del espacio sideral. Que sigue despu\u00e9s, la lucha por el testamento y vuelve y juega la rueda de la vida.<\/p>\n\n\n\n<p>Sus historias y las nuestras est\u00e1n enmarcadas en la opci\u00f3n de hacer el bien sin mirar a quien, o explotar al m\u00e1ximo al otro, muchas veces mir\u00e1ndolo a los ojos y de forma s\u00e1dica ver el dolor que causamos. Para el momento de nuestra partida ya todo esta jugado, y si revisamos los credos del mundo, siempre hay un premio o un castigo eterno que hace referencia a nuestras decisiones y lo que generaron.<\/p>\n\n\n\n<p>En continuidad de la vida quedan las cosas, son parte de esta realidad que con el tiempo tambi\u00e9n cambiara. Much\u00edsimas historias de la familia ya no son recordadas, otras son olvidadas por vergonzosas, y otras son publicitadas muy generosamente como maravillosas. Al despulgarlas nos damos cuenta que no fueron tan maravillosas y m\u00e1s bien fueron bastante oscuras.<\/p>\n\n\n\n<p>La familia siempre espera que las nuevas generaciones corrijan los errores del pasado, la verdad, es que con el ejemplo que van recibiendo no promete nada bueno. Esperar entonces que surge de sus propias metas, sue\u00f1os, pero ya han pasado muchas historias y la cosa no pinta mejor, es la familia finalmente, humanos, criaturas que viven en dos alternativas b\u00e1sicas y de ellas una variedad infinita de opciones.<\/p>\n\n\n\n<p>Creo que le cumpl\u00ed a mi interlocutor sobre este s\u00edmil, espero que ustedes lo encuentren\u2026<\/p>\n\n\n\n<p><\/p>\n","protected":false},"excerpt":{"rendered":"<p>Hace uno d\u00edas un joven amigo me pregunt\u00f3 si era posible representar el mundo y los poderes que encierra. Le contest\u00e9 que todo es posible y que adem\u00e1s las palabras nos permiten recrear cualquier pensamiento o idea. A continuaci\u00f3n me anim\u00f3 a que le contara esa historia, y todo esto a ra\u00edz del nuevo presidente [&hellip;]<\/p>\n","protected":false},"author":1,"featured_media":1413,"comment_status":"open","ping_status":"open","sticky":false,"template":"","format":"standard","meta":{"footnotes":""},"categories":[50],"tags":[229,573,255,572],"class_list":["post-1412","post","type-post","status-publish","format-standard","has-post-thumbnail","hentry","category-salud-y-bienestar","tag-poder","tag-tiempo","tag-vanidad","tag-vida"],"yoast_head":"<!-- This site is optimized with the Yoast SEO plugin v23.9 - https:\/\/yoast.com\/wordpress\/plugins\/seo\/ -->\n<title>Somos una familia planetaria, pero !hay que ver que familia! - Biciurba<\/title>\n<meta name=\"robots\" content=\"index, follow, max-snippet:-1, max-image-preview:large, max-video-preview:-1\" \/>\n<link rel=\"canonical\" href=\"https:\/\/biciurba.com\/index.php\/2025\/01\/24\/somos-una-familia-planetaria-pero-hay-que-ver-que-familia\/\" \/>\n<meta property=\"og:locale\" content=\"es_ES\" \/>\n<meta property=\"og:type\" content=\"article\" \/>\n<meta property=\"og:title\" content=\"Somos una familia planetaria, pero !hay que ver que familia! - Biciurba\" \/>\n<meta property=\"og:description\" content=\"Hace uno d\u00edas un joven amigo me pregunt\u00f3 si era posible representar el mundo y los poderes que encierra. Le contest\u00e9 que todo es posible y que adem\u00e1s las palabras nos permiten recrear cualquier pensamiento o idea. A continuaci\u00f3n me anim\u00f3 a que le contara esa historia, y todo esto a ra\u00edz del nuevo presidente [&hellip;]\" \/>\n<meta property=\"og:url\" content=\"https:\/\/biciurba.com\/index.php\/2025\/01\/24\/somos-una-familia-planetaria-pero-hay-que-ver-que-familia\/\" \/>\n<meta property=\"og:site_name\" content=\"Biciurba\" \/>\n<meta property=\"article:published_time\" content=\"2025-01-24T20:01:00+00:00\" \/>\n<meta property=\"article:modified_time\" content=\"2025-01-24T20:01:02+00:00\" \/>\n<meta property=\"og:image\" content=\"https:\/\/biciurba.com\/wp-content\/uploads\/2025\/01\/tiempo.png\" \/>\n\t<meta property=\"og:image:width\" content=\"600\" \/>\n\t<meta property=\"og:image:height\" content=\"400\" \/>\n\t<meta property=\"og:image:type\" content=\"image\/png\" \/>\n<meta name=\"author\" content=\"Carlos Cantor\" \/>\n<meta name=\"twitter:card\" content=\"summary_large_image\" \/>\n<meta name=\"twitter:label1\" content=\"Escrito por\" \/>\n\t<meta name=\"twitter:data1\" content=\"Carlos Cantor\" \/>\n\t<meta name=\"twitter:label2\" content=\"Tiempo de lectura\" \/>\n\t<meta name=\"twitter:data2\" content=\"6 minutos\" \/>\n<script type=\"application\/ld+json\" class=\"yoast-schema-graph\">{\"@context\":\"https:\/\/schema.org\",\"@graph\":[{\"@type\":\"Article\",\"@id\":\"https:\/\/biciurba.com\/index.php\/2025\/01\/24\/somos-una-familia-planetaria-pero-hay-que-ver-que-familia\/#article\",\"isPartOf\":{\"@id\":\"https:\/\/biciurba.com\/index.php\/2025\/01\/24\/somos-una-familia-planetaria-pero-hay-que-ver-que-familia\/\"},\"author\":{\"name\":\"Carlos Cantor\",\"@id\":\"https:\/\/biciurba.com\/#\/schema\/person\/d9675ddf29ee982d268db0a3f239eced\"},\"headline\":\"Somos una familia planetaria, pero !hay que ver que familia!\",\"datePublished\":\"2025-01-24T20:01:00+00:00\",\"dateModified\":\"2025-01-24T20:01:02+00:00\",\"mainEntityOfPage\":{\"@id\":\"https:\/\/biciurba.com\/index.php\/2025\/01\/24\/somos-una-familia-planetaria-pero-hay-que-ver-que-familia\/\"},\"wordCount\":1267,\"commentCount\":1,\"publisher\":{\"@id\":\"https:\/\/biciurba.com\/#\/schema\/person\/d9675ddf29ee982d268db0a3f239eced\"},\"image\":{\"@id\":\"https:\/\/biciurba.com\/index.php\/2025\/01\/24\/somos-una-familia-planetaria-pero-hay-que-ver-que-familia\/#primaryimage\"},\"thumbnailUrl\":\"https:\/\/biciurba.com\/wp-content\/uploads\/2025\/01\/tiempo.png\",\"keywords\":[\"poder\",\"tiempo\",\"Vanidad\",\"vida\"],\"articleSection\":[\"Vida Buena\"],\"inLanguage\":\"es\",\"potentialAction\":[{\"@type\":\"CommentAction\",\"name\":\"Comment\",\"target\":[\"https:\/\/biciurba.com\/index.php\/2025\/01\/24\/somos-una-familia-planetaria-pero-hay-que-ver-que-familia\/#respond\"]}]},{\"@type\":\"WebPage\",\"@id\":\"https:\/\/biciurba.com\/index.php\/2025\/01\/24\/somos-una-familia-planetaria-pero-hay-que-ver-que-familia\/\",\"url\":\"https:\/\/biciurba.com\/index.php\/2025\/01\/24\/somos-una-familia-planetaria-pero-hay-que-ver-que-familia\/\",\"name\":\"Somos una familia planetaria, pero !hay que ver que familia! - Biciurba\",\"isPartOf\":{\"@id\":\"https:\/\/biciurba.com\/#website\"},\"primaryImageOfPage\":{\"@id\":\"https:\/\/biciurba.com\/index.php\/2025\/01\/24\/somos-una-familia-planetaria-pero-hay-que-ver-que-familia\/#primaryimage\"},\"image\":{\"@id\":\"https:\/\/biciurba.com\/index.php\/2025\/01\/24\/somos-una-familia-planetaria-pero-hay-que-ver-que-familia\/#primaryimage\"},\"thumbnailUrl\":\"https:\/\/biciurba.com\/wp-content\/uploads\/2025\/01\/tiempo.png\",\"datePublished\":\"2025-01-24T20:01:00+00:00\",\"dateModified\":\"2025-01-24T20:01:02+00:00\",\"breadcrumb\":{\"@id\":\"https:\/\/biciurba.com\/index.php\/2025\/01\/24\/somos-una-familia-planetaria-pero-hay-que-ver-que-familia\/#breadcrumb\"},\"inLanguage\":\"es\",\"potentialAction\":[{\"@type\":\"ReadAction\",\"target\":[\"https:\/\/biciurba.com\/index.php\/2025\/01\/24\/somos-una-familia-planetaria-pero-hay-que-ver-que-familia\/\"]}]},{\"@type\":\"ImageObject\",\"inLanguage\":\"es\",\"@id\":\"https:\/\/biciurba.com\/index.php\/2025\/01\/24\/somos-una-familia-planetaria-pero-hay-que-ver-que-familia\/#primaryimage\",\"url\":\"https:\/\/biciurba.com\/wp-content\/uploads\/2025\/01\/tiempo.png\",\"contentUrl\":\"https:\/\/biciurba.com\/wp-content\/uploads\/2025\/01\/tiempo.png\",\"width\":600,\"height\":400,\"caption\":\"Por mas que la humanidad quiera, nunca podr\u00e1 adue\u00f1arse del tiempo\"},{\"@type\":\"BreadcrumbList\",\"@id\":\"https:\/\/biciurba.com\/index.php\/2025\/01\/24\/somos-una-familia-planetaria-pero-hay-que-ver-que-familia\/#breadcrumb\",\"itemListElement\":[{\"@type\":\"ListItem\",\"position\":1,\"name\":\"Portada\",\"item\":\"https:\/\/biciurba.com\/\"},{\"@type\":\"ListItem\",\"position\":2,\"name\":\"Somos una familia planetaria, pero !hay que ver que familia!\"}]},{\"@type\":\"WebSite\",\"@id\":\"https:\/\/biciurba.com\/#website\",\"url\":\"https:\/\/biciurba.com\/\",\"name\":\"Biciurba\",\"description\":\"Una mejor manera de vivir\",\"publisher\":{\"@id\":\"https:\/\/biciurba.com\/#\/schema\/person\/d9675ddf29ee982d268db0a3f239eced\"},\"potentialAction\":[{\"@type\":\"SearchAction\",\"target\":{\"@type\":\"EntryPoint\",\"urlTemplate\":\"https:\/\/biciurba.com\/?s={search_term_string}\"},\"query-input\":{\"@type\":\"PropertyValueSpecification\",\"valueRequired\":true,\"valueName\":\"search_term_string\"}}],\"inLanguage\":\"es\"},{\"@type\":[\"Person\",\"Organization\"],\"@id\":\"https:\/\/biciurba.com\/#\/schema\/person\/d9675ddf29ee982d268db0a3f239eced\",\"name\":\"Carlos Cantor\",\"image\":{\"@type\":\"ImageObject\",\"inLanguage\":\"es\",\"@id\":\"https:\/\/biciurba.com\/#\/schema\/person\/image\/\",\"url\":\"https:\/\/biciurba.com\/wp-content\/uploads\/2024\/04\/cropped-logo-1.png\",\"contentUrl\":\"https:\/\/biciurba.com\/wp-content\/uploads\/2024\/04\/cropped-logo-1.png\",\"width\":512,\"height\":318,\"caption\":\"Carlos Cantor\"},\"logo\":{\"@id\":\"https:\/\/biciurba.com\/#\/schema\/person\/image\/\"},\"sameAs\":[\"https:\/\/biciurba.com\"],\"url\":\"https:\/\/biciurba.com\/index.php\/author\/ccantor\/\"}]}<\/script>\n<!-- \/ Yoast SEO plugin. -->","yoast_head_json":{"title":"Somos una familia planetaria, pero !hay que ver que familia! - Biciurba","robots":{"index":"index","follow":"follow","max-snippet":"max-snippet:-1","max-image-preview":"max-image-preview:large","max-video-preview":"max-video-preview:-1"},"canonical":"https:\/\/biciurba.com\/index.php\/2025\/01\/24\/somos-una-familia-planetaria-pero-hay-que-ver-que-familia\/","og_locale":"es_ES","og_type":"article","og_title":"Somos una familia planetaria, pero !hay que ver que familia! - Biciurba","og_description":"Hace uno d\u00edas un joven amigo me pregunt\u00f3 si era posible representar el mundo y los poderes que encierra. Le contest\u00e9 que todo es posible y que adem\u00e1s las palabras nos permiten recrear cualquier pensamiento o idea. A continuaci\u00f3n me anim\u00f3 a que le contara esa historia, y todo esto a ra\u00edz del nuevo presidente [&hellip;]","og_url":"https:\/\/biciurba.com\/index.php\/2025\/01\/24\/somos-una-familia-planetaria-pero-hay-que-ver-que-familia\/","og_site_name":"Biciurba","article_published_time":"2025-01-24T20:01:00+00:00","article_modified_time":"2025-01-24T20:01:02+00:00","og_image":[{"width":600,"height":400,"url":"https:\/\/biciurba.com\/wp-content\/uploads\/2025\/01\/tiempo.png","type":"image\/png"}],"author":"Carlos Cantor","twitter_card":"summary_large_image","twitter_misc":{"Escrito por":"Carlos Cantor","Tiempo de lectura":"6 minutos"},"schema":{"@context":"https:\/\/schema.org","@graph":[{"@type":"Article","@id":"https:\/\/biciurba.com\/index.php\/2025\/01\/24\/somos-una-familia-planetaria-pero-hay-que-ver-que-familia\/#article","isPartOf":{"@id":"https:\/\/biciurba.com\/index.php\/2025\/01\/24\/somos-una-familia-planetaria-pero-hay-que-ver-que-familia\/"},"author":{"name":"Carlos Cantor","@id":"https:\/\/biciurba.com\/#\/schema\/person\/d9675ddf29ee982d268db0a3f239eced"},"headline":"Somos una familia planetaria, pero !hay que ver que familia!","datePublished":"2025-01-24T20:01:00+00:00","dateModified":"2025-01-24T20:01:02+00:00","mainEntityOfPage":{"@id":"https:\/\/biciurba.com\/index.php\/2025\/01\/24\/somos-una-familia-planetaria-pero-hay-que-ver-que-familia\/"},"wordCount":1267,"commentCount":1,"publisher":{"@id":"https:\/\/biciurba.com\/#\/schema\/person\/d9675ddf29ee982d268db0a3f239eced"},"image":{"@id":"https:\/\/biciurba.com\/index.php\/2025\/01\/24\/somos-una-familia-planetaria-pero-hay-que-ver-que-familia\/#primaryimage"},"thumbnailUrl":"https:\/\/biciurba.com\/wp-content\/uploads\/2025\/01\/tiempo.png","keywords":["poder","tiempo","Vanidad","vida"],"articleSection":["Vida Buena"],"inLanguage":"es","potentialAction":[{"@type":"CommentAction","name":"Comment","target":["https:\/\/biciurba.com\/index.php\/2025\/01\/24\/somos-una-familia-planetaria-pero-hay-que-ver-que-familia\/#respond"]}]},{"@type":"WebPage","@id":"https:\/\/biciurba.com\/index.php\/2025\/01\/24\/somos-una-familia-planetaria-pero-hay-que-ver-que-familia\/","url":"https:\/\/biciurba.com\/index.php\/2025\/01\/24\/somos-una-familia-planetaria-pero-hay-que-ver-que-familia\/","name":"Somos una familia planetaria, pero !hay que ver que familia! - Biciurba","isPartOf":{"@id":"https:\/\/biciurba.com\/#website"},"primaryImageOfPage":{"@id":"https:\/\/biciurba.com\/index.php\/2025\/01\/24\/somos-una-familia-planetaria-pero-hay-que-ver-que-familia\/#primaryimage"},"image":{"@id":"https:\/\/biciurba.com\/index.php\/2025\/01\/24\/somos-una-familia-planetaria-pero-hay-que-ver-que-familia\/#primaryimage"},"thumbnailUrl":"https:\/\/biciurba.com\/wp-content\/uploads\/2025\/01\/tiempo.png","datePublished":"2025-01-24T20:01:00+00:00","dateModified":"2025-01-24T20:01:02+00:00","breadcrumb":{"@id":"https:\/\/biciurba.com\/index.php\/2025\/01\/24\/somos-una-familia-planetaria-pero-hay-que-ver-que-familia\/#breadcrumb"},"inLanguage":"es","potentialAction":[{"@type":"ReadAction","target":["https:\/\/biciurba.com\/index.php\/2025\/01\/24\/somos-una-familia-planetaria-pero-hay-que-ver-que-familia\/"]}]},{"@type":"ImageObject","inLanguage":"es","@id":"https:\/\/biciurba.com\/index.php\/2025\/01\/24\/somos-una-familia-planetaria-pero-hay-que-ver-que-familia\/#primaryimage","url":"https:\/\/biciurba.com\/wp-content\/uploads\/2025\/01\/tiempo.png","contentUrl":"https:\/\/biciurba.com\/wp-content\/uploads\/2025\/01\/tiempo.png","width":600,"height":400,"caption":"Por mas que la humanidad quiera, nunca podr\u00e1 adue\u00f1arse del tiempo"},{"@type":"BreadcrumbList","@id":"https:\/\/biciurba.com\/index.php\/2025\/01\/24\/somos-una-familia-planetaria-pero-hay-que-ver-que-familia\/#breadcrumb","itemListElement":[{"@type":"ListItem","position":1,"name":"Portada","item":"https:\/\/biciurba.com\/"},{"@type":"ListItem","position":2,"name":"Somos una familia planetaria, pero !hay que ver que familia!"}]},{"@type":"WebSite","@id":"https:\/\/biciurba.com\/#website","url":"https:\/\/biciurba.com\/","name":"Biciurba","description":"Una mejor manera de vivir","publisher":{"@id":"https:\/\/biciurba.com\/#\/schema\/person\/d9675ddf29ee982d268db0a3f239eced"},"potentialAction":[{"@type":"SearchAction","target":{"@type":"EntryPoint","urlTemplate":"https:\/\/biciurba.com\/?s={search_term_string}"},"query-input":{"@type":"PropertyValueSpecification","valueRequired":true,"valueName":"search_term_string"}}],"inLanguage":"es"},{"@type":["Person","Organization"],"@id":"https:\/\/biciurba.com\/#\/schema\/person\/d9675ddf29ee982d268db0a3f239eced","name":"Carlos Cantor","image":{"@type":"ImageObject","inLanguage":"es","@id":"https:\/\/biciurba.com\/#\/schema\/person\/image\/","url":"https:\/\/biciurba.com\/wp-content\/uploads\/2024\/04\/cropped-logo-1.png","contentUrl":"https:\/\/biciurba.com\/wp-content\/uploads\/2024\/04\/cropped-logo-1.png","width":512,"height":318,"caption":"Carlos Cantor"},"logo":{"@id":"https:\/\/biciurba.com\/#\/schema\/person\/image\/"},"sameAs":["https:\/\/biciurba.com"],"url":"https:\/\/biciurba.com\/index.php\/author\/ccantor\/"}]}},"_links":{"self":[{"href":"https:\/\/biciurba.com\/index.php\/wp-json\/wp\/v2\/posts\/1412"}],"collection":[{"href":"https:\/\/biciurba.com\/index.php\/wp-json\/wp\/v2\/posts"}],"about":[{"href":"https:\/\/biciurba.com\/index.php\/wp-json\/wp\/v2\/types\/post"}],"author":[{"embeddable":true,"href":"https:\/\/biciurba.com\/index.php\/wp-json\/wp\/v2\/users\/1"}],"replies":[{"embeddable":true,"href":"https:\/\/biciurba.com\/index.php\/wp-json\/wp\/v2\/comments?post=1412"}],"version-history":[{"count":1,"href":"https:\/\/biciurba.com\/index.php\/wp-json\/wp\/v2\/posts\/1412\/revisions"}],"predecessor-version":[{"id":1414,"href":"https:\/\/biciurba.com\/index.php\/wp-json\/wp\/v2\/posts\/1412\/revisions\/1414"}],"wp:featuredmedia":[{"embeddable":true,"href":"https:\/\/biciurba.com\/index.php\/wp-json\/wp\/v2\/media\/1413"}],"wp:attachment":[{"href":"https:\/\/biciurba.com\/index.php\/wp-json\/wp\/v2\/media?parent=1412"}],"wp:term":[{"taxonomy":"category","embeddable":true,"href":"https:\/\/biciurba.com\/index.php\/wp-json\/wp\/v2\/categories?post=1412"},{"taxonomy":"post_tag","embeddable":true,"href":"https:\/\/biciurba.com\/index.php\/wp-json\/wp\/v2\/tags?post=1412"}],"curies":[{"name":"wp","href":"https:\/\/api.w.org\/{rel}","templated":true}]}}