{"id":1417,"date":"2025-01-28T14:33:00","date_gmt":"2025-01-28T19:33:00","guid":{"rendered":"https:\/\/biciurba.com\/?p=1417"},"modified":"2025-01-28T14:39:45","modified_gmt":"2025-01-28T19:39:45","slug":"el-poder-solo-conoce-un-camino-la-fuerza-y-el-autoritarismo","status":"publish","type":"post","link":"https:\/\/biciurba.com\/index.php\/2025\/01\/28\/el-poder-solo-conoce-un-camino-la-fuerza-y-el-autoritarismo\/","title":{"rendered":"El poder solo conoce un camino: la fuerza y el autoritarismo"},"content":{"rendered":"\n<p>Las noticias del d\u00eca a d\u00eca son cada vez m\u00e0s preocupante,  porque las estamos viviendo y es nuestra realidad. El poder desde siempre se ha mostrado indolente ante el dolor y necesidades que considera ajenas y que son prescindibles, porque quien la vive tambi\u00e8n lo es.<\/p>\n\n\n\n<p>La persecuci\u00f2n a los migrantes legales o ilegales en USA nos muestran que solo importa una visi\u00f2n, en un mundo unipolar, autosufciente y que decide quien vive y qui\u00e9n no en su territorio. Si eres de los supuestos afortunados que vas porque tienes estudios superiores, porque tu perfil le interesa al sistema y cabes en la m\u00e0quina de producci\u00f2n eres aceptado, de lo contrario aquellos que llegan de forma irregular tendr\u00e0n que pasar por todas las malas experiencias que bien pueda considerar.<\/p>\n\n\n\n<p>La mayor\u00eca van con la \u00fanica opci\u00f2n que encuentran para salir de situaciones lamentables. En el caso de Colombia hay que entender que es un pa\u00ecs que no termina una guerra interna, que en la realidad lleva m\u00e0s de doscientos a\u00f1os y que dadas las noticias recientes no terminar\u00e0 pronto. El costo social sigue siendo muy alto y la estabilidad del pa\u00ecs continiuar\u00e0 como parte de la incertidumbre habitual en la que hacemos la vida.<\/p>\n\n\n\n<p>Cada pa\u00ecs de latinoam\u00e8rica tiene sus guerras y desequilibrios pol\u00ecticos. Cuando se suman encontramos que el poder norteamericano de una o de otra forma ha mantenido estos paises en crisis por much\u00edsimas razones. A eso se suma malas administraciones, corrupci\u00f2n a todos lo niveles, dictaduras aberrantes, desequilibrios sociales y econ\u00f2micos que marcan la sociedad entre una mayor\u00eda que vive en miseria y pobreza y otros que viven al estilo norteamericano y so\u00f1ando con ello. Romper ese c\u00ecrculo vicioso no se ha logrado en ning\u00f9n pa\u00ecs del continente. Ni en apuestas liberales, comunista o socialistas, en general  es un continente bastante conservador y que de alguna forma busca mantener los privilegios ya establecidos.<\/p>\n\n\n\n<p>No importa la l\u00ecnea pol\u00ectica que se imponga, el resultado siempre es el mismo. El costo social y humano cada vez ser\u00e0 mayor. Revise usted la historia de cada pa\u00ecs y se dar\u00e0 cuenta que se vuelve a lo mismo. A\u00f9n las dictaduras como la de Nicaragua, el poder se vuelve presa de su propio ego\u00edsmo y vanidad. No hay cambios reales para que las  poblaciones vivan mejor.<\/p>\n\n\n\n<p>Las migraciones intercontinentales han sido un fen\u00f3meno constante a lo largo de la historia, impulsado por diversos factores sociales, econ\u00f3micos, pol\u00edticos y culturales. En los siglos XIX y XX, las migraciones adquirieron una magnitud global, transformando las sociedades receptoras y las de los pa\u00edses de origen.<\/p>\n\n\n\n<p>Uno de los episodios m\u00e1s significativos de expulsi\u00f3n de migrantes en el siglo XX fue la creaci\u00f3n del Estado de Israel y el consiguiente \u00e9xodo de palestinos. La guerra \u00e1rabe-israel\u00ed de 1948. El siglo XXI ha visto un aumento dram\u00e1tico en los flujos migratorios debido a las guerras, las persecuciones y las crisis humanitarias en el Medio Oriente, \u00c1frica y Asia. Igual en Europa, la desaparici\u00f2n de la URSS anim\u00f2 a  muchos europeos orientales buscar a la Europa rica de occidentes un lugar para vivir.<\/p>\n\n\n\n<p>Ser migrante, detr\u00e0s del sue\u00f1o americano, o europeo y quiz\u00e0s con el tiempo asi\u00e1tico, nos debe inquietar ante la p\u00e9rdida de talento humano, ante el  maltrato, explotaci\u00f2n, violaci\u00f2n y ene cantidad de vejaciones a las que se ven expuestos aquellos que se atreven a romper con su triste y pat\u00e8tica realidad. Vidas sin futuro, muy complicadas, v\u00edctimas de sociedades que no han logrado el equilibrio justo y donde las personas pueden desarrollar su talento y  hacer una vida productiva para todos.<\/p>\n\n\n\n<p>Quiz\u00e0s para los d\u00e9spotas de turno lo mejor ser\u00eca desaparecer o sacar del planeta a los migrantes que tanto estorbo les ocasiona. Pero aqu\u00ec hay un punto a considerar, estos poderosos son de or\u00edgenes migrantes cuyos antecesores escaparon de la Europa muerta de hambre, del Asia destruida y aplastada por los imperios occidentales y de territorios en guerras en donde era imposible vivir y llevar una vida. <\/p>\n\n\n\n<p>Hoy se desprecia a Latinoem\u00e8rica, pero siempre estan atentos a buscar el recurso natural que pueden explotar y apropiarse de el,  o que ventaja competitiva le pueden sacar, siempre en perjuicio de sus habitantes. La historia as\u00ec lo demuestra. El gobierno norteamericano seguir\u00e1 imponiendo su fuerza y su visi\u00f2n de purificaci\u00f2n de la poblaci\u00f2n y la fuerza, la arbitrariedad y el abuso seguir\u00e1n siendo las pauta en estos  procedimiento de b\u00fasqueda, arresto y expulsi\u00f2n.  <\/p>\n\n\n\n<p>Las migraciones, tanto voluntarias como forzadas, seguir\u00e1n siendo un aspecto crucial en la configuraci\u00f3n de las sociedades del presente y del futuro. Es esencial que los pa\u00edses y las organizaciones internacionales colaboren para gestionar estos flujos de manera humana, respetando los derechos de los migrantes y refugiados, y garantizando su bienestar y su integraci\u00f3n en las sociedades receptoras. Y un punto adicional, pronto llegar\u00e0n las migraciones causadas directamente por la Crisis Clim\u00e0tica, la destrucci\u00f2n de territorios habitados, la falta de alimentos, agua potable y medios de subsistencia. \u00bfQu\u00e8 har\u00e0 el poder ante estas realidades planetarias?<\/p>\n\n\n\n<p>Por ahora desde USA su presidente en su discurso de posesi\u00f3n se sostiene que \u00abSe detendr\u00e1 inmediatamente toda entrada ilegal, y comenzaremos el proceso de devolver a millones y millones de extranjeros criminales a los lugares de donde vinieron\u00bb. Lo de criminal es bastante discutible, quiz\u00e0s son m\u00e0s v\u00edctimas de realidades que claman justicia pero solo dan muerte de muchas formas y no solo de forma f\u00edsica.<\/p>\n\n\n<div class=\"wp-block-image\">\n<figure class=\"aligncenter size-full\"><img loading=\"lazy\" decoding=\"async\" width=\"720\" height=\"720\" src=\"https:\/\/biciurba.com\/wp-content\/uploads\/2025\/01\/image.png\" alt=\"\" class=\"wp-image-1421\" srcset=\"https:\/\/biciurba.com\/wp-content\/uploads\/2025\/01\/image.png 720w, https:\/\/biciurba.com\/wp-content\/uploads\/2025\/01\/image-300x300.png 300w, https:\/\/biciurba.com\/wp-content\/uploads\/2025\/01\/image-150x150.png 150w, https:\/\/biciurba.com\/wp-content\/uploads\/2025\/01\/image-420x420.png 420w, https:\/\/biciurba.com\/wp-content\/uploads\/2025\/01\/image-640x640.png 640w, https:\/\/biciurba.com\/wp-content\/uploads\/2025\/01\/image-681x681.png 681w\" sizes=\"(max-width: 720px) 100vw, 720px\" \/><\/figure><\/div>","protected":false},"excerpt":{"rendered":"<p>Las noticias del d\u00eca a d\u00eca son cada vez m\u00e0s preocupante, porque las estamos viviendo y es nuestra realidad. El poder desde siempre se ha mostrado indolente ante el dolor y necesidades que considera ajenas y que son prescindibles, porque quien la vive tambi\u00e8n lo es. La persecuci\u00f2n a los migrantes legales o ilegales en [&hellip;]<\/p>\n","protected":false},"author":1,"featured_media":1419,"comment_status":"open","ping_status":"open","sticky":false,"template":"","format":"standard","meta":{"footnotes":""},"categories":[426,52],"tags":[575,574],"class_list":["post-1417","post","type-post","status-publish","format-standard","has-post-thumbnail","hentry","category-historia-mundial","category-noticias","tag-estradicion","tag-migracion-2"],"yoast_head":"<!-- This site is optimized with the Yoast SEO plugin v23.9 - https:\/\/yoast.com\/wordpress\/plugins\/seo\/ -->\n<title>El poder solo conoce un camino: la fuerza y el autoritarismo - Biciurba<\/title>\n<meta name=\"robots\" content=\"index, follow, max-snippet:-1, max-image-preview:large, max-video-preview:-1\" \/>\n<link rel=\"canonical\" href=\"https:\/\/biciurba.com\/index.php\/2025\/01\/28\/el-poder-solo-conoce-un-camino-la-fuerza-y-el-autoritarismo\/\" \/>\n<meta property=\"og:locale\" content=\"es_ES\" \/>\n<meta property=\"og:type\" content=\"article\" \/>\n<meta property=\"og:title\" content=\"El poder solo conoce un camino: la fuerza y el autoritarismo - Biciurba\" \/>\n<meta property=\"og:description\" content=\"Las noticias del d\u00eca a d\u00eca son cada vez m\u00e0s preocupante, porque las estamos viviendo y es nuestra realidad. El poder desde siempre se ha mostrado indolente ante el dolor y necesidades que considera ajenas y que son prescindibles, porque quien la vive tambi\u00e8n lo es. La persecuci\u00f2n a los migrantes legales o ilegales en [&hellip;]\" \/>\n<meta property=\"og:url\" content=\"https:\/\/biciurba.com\/index.php\/2025\/01\/28\/el-poder-solo-conoce-un-camino-la-fuerza-y-el-autoritarismo\/\" \/>\n<meta property=\"og:site_name\" content=\"Biciurba\" \/>\n<meta property=\"article:published_time\" content=\"2025-01-28T19:33:00+00:00\" \/>\n<meta property=\"article:modified_time\" content=\"2025-01-28T19:39:45+00:00\" \/>\n<meta property=\"og:image\" content=\"https:\/\/biciurba.com\/wp-content\/uploads\/2025\/01\/deportados.png\" \/>\n\t<meta property=\"og:image:width\" content=\"600\" \/>\n\t<meta property=\"og:image:height\" content=\"400\" \/>\n\t<meta property=\"og:image:type\" content=\"image\/png\" \/>\n<meta name=\"author\" content=\"Carlos Cantor\" \/>\n<meta name=\"twitter:card\" content=\"summary_large_image\" \/>\n<meta name=\"twitter:label1\" content=\"Escrito por\" \/>\n\t<meta name=\"twitter:data1\" content=\"Carlos Cantor\" \/>\n\t<meta name=\"twitter:label2\" content=\"Tiempo de lectura\" \/>\n\t<meta name=\"twitter:data2\" content=\"5 minutos\" \/>\n<script type=\"application\/ld+json\" class=\"yoast-schema-graph\">{\"@context\":\"https:\/\/schema.org\",\"@graph\":[{\"@type\":\"Article\",\"@id\":\"https:\/\/biciurba.com\/index.php\/2025\/01\/28\/el-poder-solo-conoce-un-camino-la-fuerza-y-el-autoritarismo\/#article\",\"isPartOf\":{\"@id\":\"https:\/\/biciurba.com\/index.php\/2025\/01\/28\/el-poder-solo-conoce-un-camino-la-fuerza-y-el-autoritarismo\/\"},\"author\":{\"name\":\"Carlos Cantor\",\"@id\":\"https:\/\/biciurba.com\/#\/schema\/person\/d9675ddf29ee982d268db0a3f239eced\"},\"headline\":\"El poder solo conoce un camino: la fuerza y el autoritarismo\",\"datePublished\":\"2025-01-28T19:33:00+00:00\",\"dateModified\":\"2025-01-28T19:39:45+00:00\",\"mainEntityOfPage\":{\"@id\":\"https:\/\/biciurba.com\/index.php\/2025\/01\/28\/el-poder-solo-conoce-un-camino-la-fuerza-y-el-autoritarismo\/\"},\"wordCount\":981,\"commentCount\":0,\"publisher\":{\"@id\":\"https:\/\/biciurba.com\/#\/schema\/person\/d9675ddf29ee982d268db0a3f239eced\"},\"image\":{\"@id\":\"https:\/\/biciurba.com\/index.php\/2025\/01\/28\/el-poder-solo-conoce-un-camino-la-fuerza-y-el-autoritarismo\/#primaryimage\"},\"thumbnailUrl\":\"https:\/\/biciurba.com\/wp-content\/uploads\/2025\/01\/deportados.png\",\"keywords\":[\"estradici\u00f2n\",\"migraci\u00f2n\"],\"articleSection\":[\"Historia Mundial\",\"Noticias\"],\"inLanguage\":\"es\",\"potentialAction\":[{\"@type\":\"CommentAction\",\"name\":\"Comment\",\"target\":[\"https:\/\/biciurba.com\/index.php\/2025\/01\/28\/el-poder-solo-conoce-un-camino-la-fuerza-y-el-autoritarismo\/#respond\"]}]},{\"@type\":\"WebPage\",\"@id\":\"https:\/\/biciurba.com\/index.php\/2025\/01\/28\/el-poder-solo-conoce-un-camino-la-fuerza-y-el-autoritarismo\/\",\"url\":\"https:\/\/biciurba.com\/index.php\/2025\/01\/28\/el-poder-solo-conoce-un-camino-la-fuerza-y-el-autoritarismo\/\",\"name\":\"El poder solo conoce un camino: la fuerza y el autoritarismo - Biciurba\",\"isPartOf\":{\"@id\":\"https:\/\/biciurba.com\/#website\"},\"primaryImageOfPage\":{\"@id\":\"https:\/\/biciurba.com\/index.php\/2025\/01\/28\/el-poder-solo-conoce-un-camino-la-fuerza-y-el-autoritarismo\/#primaryimage\"},\"image\":{\"@id\":\"https:\/\/biciurba.com\/index.php\/2025\/01\/28\/el-poder-solo-conoce-un-camino-la-fuerza-y-el-autoritarismo\/#primaryimage\"},\"thumbnailUrl\":\"https:\/\/biciurba.com\/wp-content\/uploads\/2025\/01\/deportados.png\",\"datePublished\":\"2025-01-28T19:33:00+00:00\",\"dateModified\":\"2025-01-28T19:39:45+00:00\",\"breadcrumb\":{\"@id\":\"https:\/\/biciurba.com\/index.php\/2025\/01\/28\/el-poder-solo-conoce-un-camino-la-fuerza-y-el-autoritarismo\/#breadcrumb\"},\"inLanguage\":\"es\",\"potentialAction\":[{\"@type\":\"ReadAction\",\"target\":[\"https:\/\/biciurba.com\/index.php\/2025\/01\/28\/el-poder-solo-conoce-un-camino-la-fuerza-y-el-autoritarismo\/\"]}]},{\"@type\":\"ImageObject\",\"inLanguage\":\"es\",\"@id\":\"https:\/\/biciurba.com\/index.php\/2025\/01\/28\/el-poder-solo-conoce-un-camino-la-fuerza-y-el-autoritarismo\/#primaryimage\",\"url\":\"https:\/\/biciurba.com\/wp-content\/uploads\/2025\/01\/deportados.png\",\"contentUrl\":\"https:\/\/biciurba.com\/wp-content\/uploads\/2025\/01\/deportados.png\",\"width\":600,\"height\":400,\"caption\":\"En el curso de los pr\u00f3ximos meses ingresen al pa\u00eds cerca de 14.000 colombianos m\u00e1s deportados de EE. UU. | Foto cortes\u00eda de la Defensor\u00eda del Pueblo\"},{\"@type\":\"BreadcrumbList\",\"@id\":\"https:\/\/biciurba.com\/index.php\/2025\/01\/28\/el-poder-solo-conoce-un-camino-la-fuerza-y-el-autoritarismo\/#breadcrumb\",\"itemListElement\":[{\"@type\":\"ListItem\",\"position\":1,\"name\":\"Portada\",\"item\":\"https:\/\/biciurba.com\/\"},{\"@type\":\"ListItem\",\"position\":2,\"name\":\"El poder solo conoce un camino: la fuerza y el autoritarismo\"}]},{\"@type\":\"WebSite\",\"@id\":\"https:\/\/biciurba.com\/#website\",\"url\":\"https:\/\/biciurba.com\/\",\"name\":\"Biciurba\",\"description\":\"Una mejor manera de vivir\",\"publisher\":{\"@id\":\"https:\/\/biciurba.com\/#\/schema\/person\/d9675ddf29ee982d268db0a3f239eced\"},\"potentialAction\":[{\"@type\":\"SearchAction\",\"target\":{\"@type\":\"EntryPoint\",\"urlTemplate\":\"https:\/\/biciurba.com\/?s={search_term_string}\"},\"query-input\":{\"@type\":\"PropertyValueSpecification\",\"valueRequired\":true,\"valueName\":\"search_term_string\"}}],\"inLanguage\":\"es\"},{\"@type\":[\"Person\",\"Organization\"],\"@id\":\"https:\/\/biciurba.com\/#\/schema\/person\/d9675ddf29ee982d268db0a3f239eced\",\"name\":\"Carlos Cantor\",\"image\":{\"@type\":\"ImageObject\",\"inLanguage\":\"es\",\"@id\":\"https:\/\/biciurba.com\/#\/schema\/person\/image\/\",\"url\":\"https:\/\/biciurba.com\/wp-content\/uploads\/2024\/04\/cropped-logo-1.png\",\"contentUrl\":\"https:\/\/biciurba.com\/wp-content\/uploads\/2024\/04\/cropped-logo-1.png\",\"width\":512,\"height\":318,\"caption\":\"Carlos Cantor\"},\"logo\":{\"@id\":\"https:\/\/biciurba.com\/#\/schema\/person\/image\/\"},\"sameAs\":[\"https:\/\/biciurba.com\"],\"url\":\"https:\/\/biciurba.com\/index.php\/author\/ccantor\/\"}]}<\/script>\n<!-- \/ Yoast SEO plugin. -->","yoast_head_json":{"title":"El poder solo conoce un camino: la fuerza y el autoritarismo - Biciurba","robots":{"index":"index","follow":"follow","max-snippet":"max-snippet:-1","max-image-preview":"max-image-preview:large","max-video-preview":"max-video-preview:-1"},"canonical":"https:\/\/biciurba.com\/index.php\/2025\/01\/28\/el-poder-solo-conoce-un-camino-la-fuerza-y-el-autoritarismo\/","og_locale":"es_ES","og_type":"article","og_title":"El poder solo conoce un camino: la fuerza y el autoritarismo - Biciurba","og_description":"Las noticias del d\u00eca a d\u00eca son cada vez m\u00e0s preocupante, porque las estamos viviendo y es nuestra realidad. El poder desde siempre se ha mostrado indolente ante el dolor y necesidades que considera ajenas y que son prescindibles, porque quien la vive tambi\u00e8n lo es. La persecuci\u00f2n a los migrantes legales o ilegales en [&hellip;]","og_url":"https:\/\/biciurba.com\/index.php\/2025\/01\/28\/el-poder-solo-conoce-un-camino-la-fuerza-y-el-autoritarismo\/","og_site_name":"Biciurba","article_published_time":"2025-01-28T19:33:00+00:00","article_modified_time":"2025-01-28T19:39:45+00:00","og_image":[{"width":600,"height":400,"url":"https:\/\/biciurba.com\/wp-content\/uploads\/2025\/01\/deportados.png","type":"image\/png"}],"author":"Carlos Cantor","twitter_card":"summary_large_image","twitter_misc":{"Escrito por":"Carlos Cantor","Tiempo de lectura":"5 minutos"},"schema":{"@context":"https:\/\/schema.org","@graph":[{"@type":"Article","@id":"https:\/\/biciurba.com\/index.php\/2025\/01\/28\/el-poder-solo-conoce-un-camino-la-fuerza-y-el-autoritarismo\/#article","isPartOf":{"@id":"https:\/\/biciurba.com\/index.php\/2025\/01\/28\/el-poder-solo-conoce-un-camino-la-fuerza-y-el-autoritarismo\/"},"author":{"name":"Carlos Cantor","@id":"https:\/\/biciurba.com\/#\/schema\/person\/d9675ddf29ee982d268db0a3f239eced"},"headline":"El poder solo conoce un camino: la fuerza y el autoritarismo","datePublished":"2025-01-28T19:33:00+00:00","dateModified":"2025-01-28T19:39:45+00:00","mainEntityOfPage":{"@id":"https:\/\/biciurba.com\/index.php\/2025\/01\/28\/el-poder-solo-conoce-un-camino-la-fuerza-y-el-autoritarismo\/"},"wordCount":981,"commentCount":0,"publisher":{"@id":"https:\/\/biciurba.com\/#\/schema\/person\/d9675ddf29ee982d268db0a3f239eced"},"image":{"@id":"https:\/\/biciurba.com\/index.php\/2025\/01\/28\/el-poder-solo-conoce-un-camino-la-fuerza-y-el-autoritarismo\/#primaryimage"},"thumbnailUrl":"https:\/\/biciurba.com\/wp-content\/uploads\/2025\/01\/deportados.png","keywords":["estradici\u00f2n","migraci\u00f2n"],"articleSection":["Historia Mundial","Noticias"],"inLanguage":"es","potentialAction":[{"@type":"CommentAction","name":"Comment","target":["https:\/\/biciurba.com\/index.php\/2025\/01\/28\/el-poder-solo-conoce-un-camino-la-fuerza-y-el-autoritarismo\/#respond"]}]},{"@type":"WebPage","@id":"https:\/\/biciurba.com\/index.php\/2025\/01\/28\/el-poder-solo-conoce-un-camino-la-fuerza-y-el-autoritarismo\/","url":"https:\/\/biciurba.com\/index.php\/2025\/01\/28\/el-poder-solo-conoce-un-camino-la-fuerza-y-el-autoritarismo\/","name":"El poder solo conoce un camino: la fuerza y el autoritarismo - Biciurba","isPartOf":{"@id":"https:\/\/biciurba.com\/#website"},"primaryImageOfPage":{"@id":"https:\/\/biciurba.com\/index.php\/2025\/01\/28\/el-poder-solo-conoce-un-camino-la-fuerza-y-el-autoritarismo\/#primaryimage"},"image":{"@id":"https:\/\/biciurba.com\/index.php\/2025\/01\/28\/el-poder-solo-conoce-un-camino-la-fuerza-y-el-autoritarismo\/#primaryimage"},"thumbnailUrl":"https:\/\/biciurba.com\/wp-content\/uploads\/2025\/01\/deportados.png","datePublished":"2025-01-28T19:33:00+00:00","dateModified":"2025-01-28T19:39:45+00:00","breadcrumb":{"@id":"https:\/\/biciurba.com\/index.php\/2025\/01\/28\/el-poder-solo-conoce-un-camino-la-fuerza-y-el-autoritarismo\/#breadcrumb"},"inLanguage":"es","potentialAction":[{"@type":"ReadAction","target":["https:\/\/biciurba.com\/index.php\/2025\/01\/28\/el-poder-solo-conoce-un-camino-la-fuerza-y-el-autoritarismo\/"]}]},{"@type":"ImageObject","inLanguage":"es","@id":"https:\/\/biciurba.com\/index.php\/2025\/01\/28\/el-poder-solo-conoce-un-camino-la-fuerza-y-el-autoritarismo\/#primaryimage","url":"https:\/\/biciurba.com\/wp-content\/uploads\/2025\/01\/deportados.png","contentUrl":"https:\/\/biciurba.com\/wp-content\/uploads\/2025\/01\/deportados.png","width":600,"height":400,"caption":"En el curso de los pr\u00f3ximos meses ingresen al pa\u00eds cerca de 14.000 colombianos m\u00e1s deportados de EE. UU. | Foto cortes\u00eda de la Defensor\u00eda del Pueblo"},{"@type":"BreadcrumbList","@id":"https:\/\/biciurba.com\/index.php\/2025\/01\/28\/el-poder-solo-conoce-un-camino-la-fuerza-y-el-autoritarismo\/#breadcrumb","itemListElement":[{"@type":"ListItem","position":1,"name":"Portada","item":"https:\/\/biciurba.com\/"},{"@type":"ListItem","position":2,"name":"El poder solo conoce un camino: la fuerza y el autoritarismo"}]},{"@type":"WebSite","@id":"https:\/\/biciurba.com\/#website","url":"https:\/\/biciurba.com\/","name":"Biciurba","description":"Una mejor manera de vivir","publisher":{"@id":"https:\/\/biciurba.com\/#\/schema\/person\/d9675ddf29ee982d268db0a3f239eced"},"potentialAction":[{"@type":"SearchAction","target":{"@type":"EntryPoint","urlTemplate":"https:\/\/biciurba.com\/?s={search_term_string}"},"query-input":{"@type":"PropertyValueSpecification","valueRequired":true,"valueName":"search_term_string"}}],"inLanguage":"es"},{"@type":["Person","Organization"],"@id":"https:\/\/biciurba.com\/#\/schema\/person\/d9675ddf29ee982d268db0a3f239eced","name":"Carlos Cantor","image":{"@type":"ImageObject","inLanguage":"es","@id":"https:\/\/biciurba.com\/#\/schema\/person\/image\/","url":"https:\/\/biciurba.com\/wp-content\/uploads\/2024\/04\/cropped-logo-1.png","contentUrl":"https:\/\/biciurba.com\/wp-content\/uploads\/2024\/04\/cropped-logo-1.png","width":512,"height":318,"caption":"Carlos Cantor"},"logo":{"@id":"https:\/\/biciurba.com\/#\/schema\/person\/image\/"},"sameAs":["https:\/\/biciurba.com"],"url":"https:\/\/biciurba.com\/index.php\/author\/ccantor\/"}]}},"_links":{"self":[{"href":"https:\/\/biciurba.com\/index.php\/wp-json\/wp\/v2\/posts\/1417"}],"collection":[{"href":"https:\/\/biciurba.com\/index.php\/wp-json\/wp\/v2\/posts"}],"about":[{"href":"https:\/\/biciurba.com\/index.php\/wp-json\/wp\/v2\/types\/post"}],"author":[{"embeddable":true,"href":"https:\/\/biciurba.com\/index.php\/wp-json\/wp\/v2\/users\/1"}],"replies":[{"embeddable":true,"href":"https:\/\/biciurba.com\/index.php\/wp-json\/wp\/v2\/comments?post=1417"}],"version-history":[{"count":3,"href":"https:\/\/biciurba.com\/index.php\/wp-json\/wp\/v2\/posts\/1417\/revisions"}],"predecessor-version":[{"id":1422,"href":"https:\/\/biciurba.com\/index.php\/wp-json\/wp\/v2\/posts\/1417\/revisions\/1422"}],"wp:featuredmedia":[{"embeddable":true,"href":"https:\/\/biciurba.com\/index.php\/wp-json\/wp\/v2\/media\/1419"}],"wp:attachment":[{"href":"https:\/\/biciurba.com\/index.php\/wp-json\/wp\/v2\/media?parent=1417"}],"wp:term":[{"taxonomy":"category","embeddable":true,"href":"https:\/\/biciurba.com\/index.php\/wp-json\/wp\/v2\/categories?post=1417"},{"taxonomy":"post_tag","embeddable":true,"href":"https:\/\/biciurba.com\/index.php\/wp-json\/wp\/v2\/tags?post=1417"}],"curies":[{"name":"wp","href":"https:\/\/api.w.org\/{rel}","templated":true}]}}