{"id":1429,"date":"2025-02-07T14:33:12","date_gmt":"2025-02-07T19:33:12","guid":{"rendered":"https:\/\/biciurba.com\/?p=1429"},"modified":"2025-02-07T14:33:13","modified_gmt":"2025-02-07T19:33:13","slug":"una-forma-equivocada-de-vivir-en-sociedad","status":"publish","type":"post","link":"https:\/\/biciurba.com\/index.php\/2025\/02\/07\/una-forma-equivocada-de-vivir-en-sociedad\/","title":{"rendered":"Una forma equivocada de vivir en sociedad"},"content":{"rendered":"\n<p>Una verdad de apu\u00f1o y en este caso, a pu\u00f1o limpio. El periodista nicarag\u00fcense Miguel \u00c1ngel Mendoza Urbina,  con m\u00e1s de 30 a\u00f1os de experiencia profesional, y extraditado de su pa\u00eds a Estado Unidos por el r\u00e9gimen  de  Ortega  y Murillo, y quien fue puesto prisionero el  21 de junio de 2021 como parte de una represi\u00f3n m\u00e1s generalizada contra personajes de la oposici\u00f3n y los medios independientes. Acusado de conspiraci\u00f3n y diseminaci\u00f3n de noticias falsas, fue sentenciado a nueve a\u00f1os de prisi\u00f3n. Menos de dos a\u00f1os despu\u00e9s, el 9 de febrero de 2023, fue uno de los prisioneros pol\u00edticos inesperadamente liberados por las autoridades nicarag\u00fcenses, y deportados a Estados Unidos.<\/p>\n\n\n\n<p>All\u00ec se ha hecho un espacio en medios digitales, comentando la realidad de los latinos en norteam\u00e9rica  y defendiendo la causa de los nicarag\u00fcenses que siguen soportando la dictadura, de los que se supondr\u00eca iban a liberar el pa\u00ecs: la Revoluci\u00f3n Sandinista, encabezada por el Frente Sandinista de Liberaci\u00f3n Nacional.  Un sue\u00f1o popular que termin\u00f3 en una dictadura de marca mayor.<\/p>\n\n\n\n<p>En una publicaci\u00f2n reciente en TikTok, hace una descripci\u00f3n muy clara de las malas costumbres que caracteriza a  una buena parte de los suramericanos: el desorden social, que en el caso de la publicaci\u00f2n est\u00e1 centrada en la ciudad de Nueva York. La arbitrariedad que nos es propia y que rompen con todas las normas de una convivencia respetuosa del espacio p\u00f9blico, del pago en los sistemas de transporte p\u00fablico, del ruido excesivo, y en general de atropellar todas las normas de convivencia que hace posible una vida ordenada.<\/p>\n\n\n\n<p>Cuando hace su descripci\u00f2n, perfectamente retrata cualquier ciudad del continente, y de manera muy especial en la zona norte, los paises caribe\u00f1os, ruidosos, arbitrarios y  para algunos pintorescos. Pero en la realidad es bastante molesta tanta anarqu\u00eca y desafuero.<\/p>\n\n\n<div class=\"wp-block-image\">\n<figure class=\"aligncenter size-full\"><img loading=\"lazy\" decoding=\"async\" width=\"600\" height=\"400\" src=\"https:\/\/biciurba.com\/wp-content\/uploads\/2025\/02\/ambulantes-NY.png\" alt=\"\" class=\"wp-image-1432\" srcset=\"https:\/\/biciurba.com\/wp-content\/uploads\/2025\/02\/ambulantes-NY.png 600w, https:\/\/biciurba.com\/wp-content\/uploads\/2025\/02\/ambulantes-NY-300x200.png 300w\" sizes=\"(max-width: 600px) 100vw, 600px\" \/><figcaption class=\"wp-element-caption\">Invasi\u00f2n del espacio p\u00fablico sin ninguna consideraci\u00f2n, al igual que las ciudades latinoamericanas.<\/figcaption><\/figure><\/div>\n\n\n<p>En el caso de Bogot\u00e0, ciudad andina,  el drama del mal uso del espacio p\u00fablico es de dimensiones astron\u00f3micas. No bastan \u00absoluciones dr\u00e1sticas\u00bb, con manifestaciones y enfrentamientos con la autoridad por parte de los vendedores informales. Despu\u00e9s de d\u00edas de enfrentamiento, vuelven de nuevo a ocupar los espacios supuestamente recuperados. La Localidad de Suba es un ejemplo claro. Cada Centro Comercial est\u00e1 sitiado por los informales. Esto afecta radicalmente al comercio formal y a los propietarios de predios tanto de casas como edificios de apartamentos. Vender es casi imposible y arrendar toca a personas que nunca se hubieran considerado, pero el da\u00f1o causado est\u00e1 ah\u00ed, a\u00fan pagando impuestos y servicios costosos.<\/p>\n\n\n\n<p>La lucha de Transmilenio para disminuir a los colados, los que no pagan y se burlan de la autoridad y de la estructura de las estaciones , que se han agregado a un alto costo, no son disuasores para acceder al sistema sin pagar. Y entre otras, hacer de las estaciones plazas de mercado y de cuanta arbitrariedad  se les pueda ocurrir es una realidad permanente y muy preocupante por temas de salubridad y seguridad.. Y al interior el viaje se vuelve un largometraje de cuanta historia de dolor, pobreza, abandono y miseria humana se le pueda ocurrir a un ingenioso escritor.<\/p>\n\n\n<div class=\"wp-block-image\">\n<figure class=\"aligncenter size-full\"><img loading=\"lazy\" decoding=\"async\" width=\"600\" height=\"400\" src=\"https:\/\/biciurba.com\/wp-content\/uploads\/2025\/02\/colado-metro.png\" alt=\"\" class=\"wp-image-1433\" srcset=\"https:\/\/biciurba.com\/wp-content\/uploads\/2025\/02\/colado-metro.png 600w, https:\/\/biciurba.com\/wp-content\/uploads\/2025\/02\/colado-metro-300x200.png 300w\" sizes=\"(max-width: 600px) 100vw, 600px\" \/><figcaption class=\"wp-element-caption\">Operativo de agentes encubiertos del NYPD en la estaci\u00f3n Hunts Point de El Bronx contra evasores de tarifas y sindicados de delitos con cuentas pendientes Cr\u00e9dito: Edwin Mart\u00ednez | Impremedia. Peri\u00f3dico El Diario<\/figcaption><\/figure><\/div>\n\n\n<p>Basura, grafitis, y un supuesto arte callejero rondan todas las esquinas. No hay un espacio en la ciudad que en cualquier momento no sea atacado por el aerosol, y si el muro esta recien pintado, es una invitaci\u00f2n a atacar con rabia, supuestamente art\u00edstica, sin considerar que aunque el muro est\u00e1 hacia la calle es parte de una propiedad privada, lo que no le interesa en lo m\u00e1s m\u00ednimo al aerosol.<\/p>\n\n\n\n<p>Junto a esto, los contenedores, que se supone son una soluci\u00f3n para el buen manejo de los desperdicios, se convierte en un foco de desorden, basura esparcida y una vista muy desagradable de las calles. A esto se suma  la destrucci\u00f2n de estos cajones pl\u00e1sticos en cada tropel\u00eda o simplemente por hacer el da\u00f1o en propiedad ajena. Aqu\u00ed no hay autoridad local que funcione. Por m\u00e1s que se limpie, m\u00e0s se demoran en asear, que los moradores y recicladores establezcan nuevamente el desorden.<\/p>\n\n\n\n<p>Estas y otras condiciones de nuestra vida urbana habitual hacen parte del reconocimiento del nicarag\u00fcense en su post en la plataforma. Esto muestra a las claras la dificultad de integraci\u00f2n a un sistema de vida respetuoso, organizado, que busca mantener una est\u00e9tica urbana que hace parte del sue\u00f1o americano y no del desorden hispanoamericano, y por eso el claro titular: \u00abPor eso Trump no nos quiere\u00bb&#8216;.<\/p>\n\n\n\n<p>Para algunos extranjeros que vienen al Sur, les parece genial el desorden y el caos en el que vivimos. Sienten que aqu\u00ed palpita la vida y que se puede hacer lo que se quiera, sin ninguna consideraci\u00f2n que no sea la de satisfacer sus deseos, sean estos totalmente caprichoso. Claro, aqu\u00ed la informalidad es la respuesta al desempleo, el rebusque para no morirse de hambre y en general un auto permiso en la poblaci\u00f2n para saltarse el orden establecido.<\/p>\n\n\n\n<p>La migraci\u00f3n exige integrarse, compartir normas y formas de habitar las ciudades y poblados.  No es solo el tema del idioma, es la mirada de mundo, el marco social y de convivencia que ya han establecido y que los reci\u00e9n llegados intentan saltarlos o que se cambien las normas a su favor. Algunos sienten que el mundo les debe y exigen sin dar nada a cambio, ni siquiera buen comportamiento social.<\/p>\n\n\n\n<figure class=\"wp-block-embed is-type-video is-provider-tiktok wp-block-embed-tiktok\"><div class=\"wp-block-embed__wrapper\">\n<blockquote class=\"tiktok-embed\" cite=\"https:\/\/www.tiktok.com\/@miguelmendoza_vlog\/video\/7466507355006487854\" data-video-id=\"7466507355006487854\" data-embed-from=\"oembed\" style=\"max-width:605px; min-width:325px;\"> <section> <a target=\"_blank\" title=\"@miguelmendoza_vlog\" href=\"https:\/\/www.tiktok.com\/@miguelmendoza_vlog?refer=embed\">@miguelmendoza_vlog<\/a> <p>Por esto es que Trump no nos quiere. <a title=\"migrantes\" target=\"_blank\" href=\"https:\/\/www.tiktok.com\/tag\/migrantes?refer=embed\">#migrantes<\/a> <a title=\"latinos\" target=\"_blank\" href=\"https:\/\/www.tiktok.com\/tag\/latinos?refer=embed\">#latinos<\/a> <a title=\"estadosunidos\" target=\"_blank\" href=\"https:\/\/www.tiktok.com\/tag\/estadosunidos?refer=embed\">#estadosunidos<\/a><\/p> <a target=\"_blank\" title=\"\u266c sonido original - Miguel Mendoza\" href=\"https:\/\/www.tiktok.com\/music\/sonido-original-7466507425957317419?refer=embed\">\u266c sonido original &#8211; Miguel Mendoza<\/a> <\/section> <\/blockquote> <script async src=\"https:\/\/www.tiktok.com\/embed.js\"><\/script>\n<\/div><\/figure>\n","protected":false},"excerpt":{"rendered":"<p>Una verdad de apu\u00f1o y en este caso, a pu\u00f1o limpio. El periodista nicarag\u00fcense Miguel \u00c1ngel Mendoza Urbina, con m\u00e1s de 30 a\u00f1os de experiencia profesional, y extraditado de su pa\u00eds a Estado Unidos por el r\u00e9gimen de Ortega y Murillo, y quien fue puesto prisionero el 21 de junio de 2021 como parte de [&hellip;]<\/p>\n","protected":false},"author":1,"featured_media":1431,"comment_status":"open","ping_status":"open","sticky":false,"template":"","format":"standard","meta":{"footnotes":""},"categories":[50],"tags":[578,576,577,220],"class_list":["post-1429","post","type-post","status-publish","format-standard","has-post-thumbnail","hentry","category-salud-y-bienestar","tag-cultura-social","tag-migrantes","tag-ny-city","tag-vida-urbana"],"yoast_head":"<!-- This site is optimized with the Yoast SEO plugin v23.9 - https:\/\/yoast.com\/wordpress\/plugins\/seo\/ -->\n<title>Una forma equivocada de vivir en sociedad - Biciurba<\/title>\n<meta name=\"robots\" content=\"index, follow, max-snippet:-1, max-image-preview:large, max-video-preview:-1\" \/>\n<link rel=\"canonical\" href=\"https:\/\/biciurba.com\/index.php\/2025\/02\/07\/una-forma-equivocada-de-vivir-en-sociedad\/\" \/>\n<meta property=\"og:locale\" content=\"es_ES\" \/>\n<meta property=\"og:type\" content=\"article\" \/>\n<meta property=\"og:title\" content=\"Una forma equivocada de vivir en sociedad - Biciurba\" \/>\n<meta property=\"og:description\" content=\"Una verdad de apu\u00f1o y en este caso, a pu\u00f1o limpio. El periodista nicarag\u00fcense Miguel \u00c1ngel Mendoza Urbina, con m\u00e1s de 30 a\u00f1os de experiencia profesional, y extraditado de su pa\u00eds a Estado Unidos por el r\u00e9gimen de Ortega y Murillo, y quien fue puesto prisionero el 21 de junio de 2021 como parte de [&hellip;]\" \/>\n<meta property=\"og:url\" content=\"https:\/\/biciurba.com\/index.php\/2025\/02\/07\/una-forma-equivocada-de-vivir-en-sociedad\/\" \/>\n<meta property=\"og:site_name\" content=\"Biciurba\" \/>\n<meta property=\"article:published_time\" content=\"2025-02-07T19:33:12+00:00\" \/>\n<meta property=\"article:modified_time\" content=\"2025-02-07T19:33:13+00:00\" \/>\n<meta property=\"og:image\" content=\"https:\/\/biciurba.com\/wp-content\/uploads\/2025\/02\/mugrienta-NY.png\" \/>\n\t<meta property=\"og:image:width\" content=\"600\" \/>\n\t<meta property=\"og:image:height\" content=\"400\" \/>\n\t<meta property=\"og:image:type\" content=\"image\/png\" \/>\n<meta name=\"author\" content=\"Carlos Cantor\" \/>\n<meta name=\"twitter:card\" content=\"summary_large_image\" \/>\n<meta name=\"twitter:label1\" content=\"Escrito por\" \/>\n\t<meta name=\"twitter:data1\" content=\"Carlos Cantor\" \/>\n\t<meta name=\"twitter:label2\" content=\"Tiempo de lectura\" \/>\n\t<meta name=\"twitter:data2\" content=\"5 minutos\" \/>\n<script type=\"application\/ld+json\" class=\"yoast-schema-graph\">{\"@context\":\"https:\/\/schema.org\",\"@graph\":[{\"@type\":\"Article\",\"@id\":\"https:\/\/biciurba.com\/index.php\/2025\/02\/07\/una-forma-equivocada-de-vivir-en-sociedad\/#article\",\"isPartOf\":{\"@id\":\"https:\/\/biciurba.com\/index.php\/2025\/02\/07\/una-forma-equivocada-de-vivir-en-sociedad\/\"},\"author\":{\"name\":\"Carlos Cantor\",\"@id\":\"https:\/\/biciurba.com\/#\/schema\/person\/d9675ddf29ee982d268db0a3f239eced\"},\"headline\":\"Una forma equivocada de vivir en sociedad\",\"datePublished\":\"2025-02-07T19:33:12+00:00\",\"dateModified\":\"2025-02-07T19:33:13+00:00\",\"mainEntityOfPage\":{\"@id\":\"https:\/\/biciurba.com\/index.php\/2025\/02\/07\/una-forma-equivocada-de-vivir-en-sociedad\/\"},\"wordCount\":1037,\"commentCount\":0,\"publisher\":{\"@id\":\"https:\/\/biciurba.com\/#\/schema\/person\/d9675ddf29ee982d268db0a3f239eced\"},\"image\":{\"@id\":\"https:\/\/biciurba.com\/index.php\/2025\/02\/07\/una-forma-equivocada-de-vivir-en-sociedad\/#primaryimage\"},\"thumbnailUrl\":\"https:\/\/biciurba.com\/wp-content\/uploads\/2025\/02\/mugrienta-NY.png\",\"keywords\":[\"Cultura social\",\"Migrantes\",\"NY City\",\"vida urbana\"],\"articleSection\":[\"Vida Buena\"],\"inLanguage\":\"es\",\"potentialAction\":[{\"@type\":\"CommentAction\",\"name\":\"Comment\",\"target\":[\"https:\/\/biciurba.com\/index.php\/2025\/02\/07\/una-forma-equivocada-de-vivir-en-sociedad\/#respond\"]}]},{\"@type\":\"WebPage\",\"@id\":\"https:\/\/biciurba.com\/index.php\/2025\/02\/07\/una-forma-equivocada-de-vivir-en-sociedad\/\",\"url\":\"https:\/\/biciurba.com\/index.php\/2025\/02\/07\/una-forma-equivocada-de-vivir-en-sociedad\/\",\"name\":\"Una forma equivocada de vivir en sociedad - Biciurba\",\"isPartOf\":{\"@id\":\"https:\/\/biciurba.com\/#website\"},\"primaryImageOfPage\":{\"@id\":\"https:\/\/biciurba.com\/index.php\/2025\/02\/07\/una-forma-equivocada-de-vivir-en-sociedad\/#primaryimage\"},\"image\":{\"@id\":\"https:\/\/biciurba.com\/index.php\/2025\/02\/07\/una-forma-equivocada-de-vivir-en-sociedad\/#primaryimage\"},\"thumbnailUrl\":\"https:\/\/biciurba.com\/wp-content\/uploads\/2025\/02\/mugrienta-NY.png\",\"datePublished\":\"2025-02-07T19:33:12+00:00\",\"dateModified\":\"2025-02-07T19:33:13+00:00\",\"breadcrumb\":{\"@id\":\"https:\/\/biciurba.com\/index.php\/2025\/02\/07\/una-forma-equivocada-de-vivir-en-sociedad\/#breadcrumb\"},\"inLanguage\":\"es\",\"potentialAction\":[{\"@type\":\"ReadAction\",\"target\":[\"https:\/\/biciurba.com\/index.php\/2025\/02\/07\/una-forma-equivocada-de-vivir-en-sociedad\/\"]}]},{\"@type\":\"ImageObject\",\"inLanguage\":\"es\",\"@id\":\"https:\/\/biciurba.com\/index.php\/2025\/02\/07\/una-forma-equivocada-de-vivir-en-sociedad\/#primaryimage\",\"url\":\"https:\/\/biciurba.com\/wp-content\/uploads\/2025\/02\/mugrienta-NY.png\",\"contentUrl\":\"https:\/\/biciurba.com\/wp-content\/uploads\/2025\/02\/mugrienta-NY.png\",\"width\":600,\"height\":400,\"caption\":\"Una ciudad que vive de su buena imagen ante el mundo, hoy deteriorada por la falta se civismo de algunos de sus residentes.\"},{\"@type\":\"BreadcrumbList\",\"@id\":\"https:\/\/biciurba.com\/index.php\/2025\/02\/07\/una-forma-equivocada-de-vivir-en-sociedad\/#breadcrumb\",\"itemListElement\":[{\"@type\":\"ListItem\",\"position\":1,\"name\":\"Portada\",\"item\":\"https:\/\/biciurba.com\/\"},{\"@type\":\"ListItem\",\"position\":2,\"name\":\"Una forma equivocada de vivir en sociedad\"}]},{\"@type\":\"WebSite\",\"@id\":\"https:\/\/biciurba.com\/#website\",\"url\":\"https:\/\/biciurba.com\/\",\"name\":\"Biciurba\",\"description\":\"Una mejor manera de vivir\",\"publisher\":{\"@id\":\"https:\/\/biciurba.com\/#\/schema\/person\/d9675ddf29ee982d268db0a3f239eced\"},\"potentialAction\":[{\"@type\":\"SearchAction\",\"target\":{\"@type\":\"EntryPoint\",\"urlTemplate\":\"https:\/\/biciurba.com\/?s={search_term_string}\"},\"query-input\":{\"@type\":\"PropertyValueSpecification\",\"valueRequired\":true,\"valueName\":\"search_term_string\"}}],\"inLanguage\":\"es\"},{\"@type\":[\"Person\",\"Organization\"],\"@id\":\"https:\/\/biciurba.com\/#\/schema\/person\/d9675ddf29ee982d268db0a3f239eced\",\"name\":\"Carlos Cantor\",\"image\":{\"@type\":\"ImageObject\",\"inLanguage\":\"es\",\"@id\":\"https:\/\/biciurba.com\/#\/schema\/person\/image\/\",\"url\":\"https:\/\/biciurba.com\/wp-content\/uploads\/2024\/04\/cropped-logo-1.png\",\"contentUrl\":\"https:\/\/biciurba.com\/wp-content\/uploads\/2024\/04\/cropped-logo-1.png\",\"width\":512,\"height\":318,\"caption\":\"Carlos Cantor\"},\"logo\":{\"@id\":\"https:\/\/biciurba.com\/#\/schema\/person\/image\/\"},\"sameAs\":[\"https:\/\/biciurba.com\"],\"url\":\"https:\/\/biciurba.com\/index.php\/author\/ccantor\/\"}]}<\/script>\n<!-- \/ Yoast SEO plugin. -->","yoast_head_json":{"title":"Una forma equivocada de vivir en sociedad - Biciurba","robots":{"index":"index","follow":"follow","max-snippet":"max-snippet:-1","max-image-preview":"max-image-preview:large","max-video-preview":"max-video-preview:-1"},"canonical":"https:\/\/biciurba.com\/index.php\/2025\/02\/07\/una-forma-equivocada-de-vivir-en-sociedad\/","og_locale":"es_ES","og_type":"article","og_title":"Una forma equivocada de vivir en sociedad - Biciurba","og_description":"Una verdad de apu\u00f1o y en este caso, a pu\u00f1o limpio. El periodista nicarag\u00fcense Miguel \u00c1ngel Mendoza Urbina, con m\u00e1s de 30 a\u00f1os de experiencia profesional, y extraditado de su pa\u00eds a Estado Unidos por el r\u00e9gimen de Ortega y Murillo, y quien fue puesto prisionero el 21 de junio de 2021 como parte de [&hellip;]","og_url":"https:\/\/biciurba.com\/index.php\/2025\/02\/07\/una-forma-equivocada-de-vivir-en-sociedad\/","og_site_name":"Biciurba","article_published_time":"2025-02-07T19:33:12+00:00","article_modified_time":"2025-02-07T19:33:13+00:00","og_image":[{"width":600,"height":400,"url":"https:\/\/biciurba.com\/wp-content\/uploads\/2025\/02\/mugrienta-NY.png","type":"image\/png"}],"author":"Carlos Cantor","twitter_card":"summary_large_image","twitter_misc":{"Escrito por":"Carlos Cantor","Tiempo de lectura":"5 minutos"},"schema":{"@context":"https:\/\/schema.org","@graph":[{"@type":"Article","@id":"https:\/\/biciurba.com\/index.php\/2025\/02\/07\/una-forma-equivocada-de-vivir-en-sociedad\/#article","isPartOf":{"@id":"https:\/\/biciurba.com\/index.php\/2025\/02\/07\/una-forma-equivocada-de-vivir-en-sociedad\/"},"author":{"name":"Carlos Cantor","@id":"https:\/\/biciurba.com\/#\/schema\/person\/d9675ddf29ee982d268db0a3f239eced"},"headline":"Una forma equivocada de vivir en sociedad","datePublished":"2025-02-07T19:33:12+00:00","dateModified":"2025-02-07T19:33:13+00:00","mainEntityOfPage":{"@id":"https:\/\/biciurba.com\/index.php\/2025\/02\/07\/una-forma-equivocada-de-vivir-en-sociedad\/"},"wordCount":1037,"commentCount":0,"publisher":{"@id":"https:\/\/biciurba.com\/#\/schema\/person\/d9675ddf29ee982d268db0a3f239eced"},"image":{"@id":"https:\/\/biciurba.com\/index.php\/2025\/02\/07\/una-forma-equivocada-de-vivir-en-sociedad\/#primaryimage"},"thumbnailUrl":"https:\/\/biciurba.com\/wp-content\/uploads\/2025\/02\/mugrienta-NY.png","keywords":["Cultura social","Migrantes","NY City","vida urbana"],"articleSection":["Vida Buena"],"inLanguage":"es","potentialAction":[{"@type":"CommentAction","name":"Comment","target":["https:\/\/biciurba.com\/index.php\/2025\/02\/07\/una-forma-equivocada-de-vivir-en-sociedad\/#respond"]}]},{"@type":"WebPage","@id":"https:\/\/biciurba.com\/index.php\/2025\/02\/07\/una-forma-equivocada-de-vivir-en-sociedad\/","url":"https:\/\/biciurba.com\/index.php\/2025\/02\/07\/una-forma-equivocada-de-vivir-en-sociedad\/","name":"Una forma equivocada de vivir en sociedad - Biciurba","isPartOf":{"@id":"https:\/\/biciurba.com\/#website"},"primaryImageOfPage":{"@id":"https:\/\/biciurba.com\/index.php\/2025\/02\/07\/una-forma-equivocada-de-vivir-en-sociedad\/#primaryimage"},"image":{"@id":"https:\/\/biciurba.com\/index.php\/2025\/02\/07\/una-forma-equivocada-de-vivir-en-sociedad\/#primaryimage"},"thumbnailUrl":"https:\/\/biciurba.com\/wp-content\/uploads\/2025\/02\/mugrienta-NY.png","datePublished":"2025-02-07T19:33:12+00:00","dateModified":"2025-02-07T19:33:13+00:00","breadcrumb":{"@id":"https:\/\/biciurba.com\/index.php\/2025\/02\/07\/una-forma-equivocada-de-vivir-en-sociedad\/#breadcrumb"},"inLanguage":"es","potentialAction":[{"@type":"ReadAction","target":["https:\/\/biciurba.com\/index.php\/2025\/02\/07\/una-forma-equivocada-de-vivir-en-sociedad\/"]}]},{"@type":"ImageObject","inLanguage":"es","@id":"https:\/\/biciurba.com\/index.php\/2025\/02\/07\/una-forma-equivocada-de-vivir-en-sociedad\/#primaryimage","url":"https:\/\/biciurba.com\/wp-content\/uploads\/2025\/02\/mugrienta-NY.png","contentUrl":"https:\/\/biciurba.com\/wp-content\/uploads\/2025\/02\/mugrienta-NY.png","width":600,"height":400,"caption":"Una ciudad que vive de su buena imagen ante el mundo, hoy deteriorada por la falta se civismo de algunos de sus residentes."},{"@type":"BreadcrumbList","@id":"https:\/\/biciurba.com\/index.php\/2025\/02\/07\/una-forma-equivocada-de-vivir-en-sociedad\/#breadcrumb","itemListElement":[{"@type":"ListItem","position":1,"name":"Portada","item":"https:\/\/biciurba.com\/"},{"@type":"ListItem","position":2,"name":"Una forma equivocada de vivir en sociedad"}]},{"@type":"WebSite","@id":"https:\/\/biciurba.com\/#website","url":"https:\/\/biciurba.com\/","name":"Biciurba","description":"Una mejor manera de vivir","publisher":{"@id":"https:\/\/biciurba.com\/#\/schema\/person\/d9675ddf29ee982d268db0a3f239eced"},"potentialAction":[{"@type":"SearchAction","target":{"@type":"EntryPoint","urlTemplate":"https:\/\/biciurba.com\/?s={search_term_string}"},"query-input":{"@type":"PropertyValueSpecification","valueRequired":true,"valueName":"search_term_string"}}],"inLanguage":"es"},{"@type":["Person","Organization"],"@id":"https:\/\/biciurba.com\/#\/schema\/person\/d9675ddf29ee982d268db0a3f239eced","name":"Carlos Cantor","image":{"@type":"ImageObject","inLanguage":"es","@id":"https:\/\/biciurba.com\/#\/schema\/person\/image\/","url":"https:\/\/biciurba.com\/wp-content\/uploads\/2024\/04\/cropped-logo-1.png","contentUrl":"https:\/\/biciurba.com\/wp-content\/uploads\/2024\/04\/cropped-logo-1.png","width":512,"height":318,"caption":"Carlos Cantor"},"logo":{"@id":"https:\/\/biciurba.com\/#\/schema\/person\/image\/"},"sameAs":["https:\/\/biciurba.com"],"url":"https:\/\/biciurba.com\/index.php\/author\/ccantor\/"}]}},"_links":{"self":[{"href":"https:\/\/biciurba.com\/index.php\/wp-json\/wp\/v2\/posts\/1429"}],"collection":[{"href":"https:\/\/biciurba.com\/index.php\/wp-json\/wp\/v2\/posts"}],"about":[{"href":"https:\/\/biciurba.com\/index.php\/wp-json\/wp\/v2\/types\/post"}],"author":[{"embeddable":true,"href":"https:\/\/biciurba.com\/index.php\/wp-json\/wp\/v2\/users\/1"}],"replies":[{"embeddable":true,"href":"https:\/\/biciurba.com\/index.php\/wp-json\/wp\/v2\/comments?post=1429"}],"version-history":[{"count":2,"href":"https:\/\/biciurba.com\/index.php\/wp-json\/wp\/v2\/posts\/1429\/revisions"}],"predecessor-version":[{"id":1434,"href":"https:\/\/biciurba.com\/index.php\/wp-json\/wp\/v2\/posts\/1429\/revisions\/1434"}],"wp:featuredmedia":[{"embeddable":true,"href":"https:\/\/biciurba.com\/index.php\/wp-json\/wp\/v2\/media\/1431"}],"wp:attachment":[{"href":"https:\/\/biciurba.com\/index.php\/wp-json\/wp\/v2\/media?parent=1429"}],"wp:term":[{"taxonomy":"category","embeddable":true,"href":"https:\/\/biciurba.com\/index.php\/wp-json\/wp\/v2\/categories?post=1429"},{"taxonomy":"post_tag","embeddable":true,"href":"https:\/\/biciurba.com\/index.php\/wp-json\/wp\/v2\/tags?post=1429"}],"curies":[{"name":"wp","href":"https:\/\/api.w.org\/{rel}","templated":true}]}}