{"id":1443,"date":"2025-03-25T11:31:10","date_gmt":"2025-03-25T16:31:10","guid":{"rendered":"https:\/\/biciurba.com\/?p=1443"},"modified":"2025-03-25T11:31:12","modified_gmt":"2025-03-25T16:31:12","slug":"el-deshielo-de-los-glaciares-una-amenaza-global-para-el-agua-y-las-comunidades","status":"publish","type":"post","link":"https:\/\/biciurba.com\/index.php\/2025\/03\/25\/el-deshielo-de-los-glaciares-una-amenaza-global-para-el-agua-y-las-comunidades\/","title":{"rendered":"El Deshielo de los Glaciares: Una Amenaza Global para el Agua y las Comunidades"},"content":{"rendered":"\n<p><\/p>\n\n\n\n<p>Junto con las capas de hielo de Groenlandia y la Ant\u00e1rtida, los glaciares concentran cerca del 70% de las reservas mundiales de agua dulce, desempe\u00f1ando un papel crucial en el equilibrio del sistema h\u00eddrico global. Estos gigantes de hielo, en su mayor\u00eda estables en climas fr\u00edos, se han convertido en indicadores del cambio clim\u00e1tico, ya que tienden a mantener su tama\u00f1o en condiciones clim\u00e1ticas estables. Sin embargo, la acelerada crisis clim\u00e1tica ha puesto en peligro su existencia, y con ello, la estabilidad de ecosistemas y comunidades enteras.<\/p>\n\n\n\n<p>El aumento de las temperaturas, producto del calentamiento global inducido por actividades humanas, est\u00e1 acelerando el derretimiento de los glaciares a un ritmo de alarma. Seg\u00fan informes recientes, los glaciares en regiones como Escandinavia, el archipi\u00e9lago noruego de Svalbard y el norte de Asia experimentaron la mayor p\u00e9rdida de masa glaciar registrada en la historia durante el a\u00f1o pasado. En la cordillera del Hindu Kush, que se extiende desde Afganist\u00e1n hasta Pakist\u00e1n, la vida de m\u00e1s de 120 millones de personas depende del agua proveniente de estos glaciares. Esta regi\u00f3n, apodada el \u00abtercer polo\u00bb por sus vastos recursos h\u00eddricos, est\u00e1 viendo c\u00f3mo sus glaciares se desvanecen r\u00e1pidamente.<\/p>\n\n\n\n<p><strong>Deshielos Sin Precedentes<\/strong><\/p>\n\n\n\n<p>El retroceso del glaciar se ha intensificado en los \u00faltimos a\u00f1os. En cinco de los \u00faltimos seis a\u00f1os, se ha registrado el deshielo m\u00e1s r\u00e1pido de la historia, y entre 2022 y 2024 se produjo la mayor p\u00e9rdida trienal de masa glaciar documentada. Ninguna regi\u00f3n est\u00e1 a salvo. En los glaciares tropicales de Per\u00fa, por ejemplo, se ha registrado un retroceso del 40%, mientras que en Europa central casi el 40% del hielo restante ya ha desaparecido. De continuar esta tendencia, se estima que los glaciares de los Alpes no sobrevivir\u00e1n este siglo.<\/p>\n\n\n\n<p>El Servicio Mundial de Monitoreo de Glaciares (WGMS) calcula que, desde 1975, los glaciares (excluyendo las capas de hielo de Groenlandia y la Ant\u00e1rtida) han perdido m\u00e1s de 9.000 billones de toneladas de masa. En t\u00e9rminos anuales, el mundo ha perdido una media de 273.000 millones de toneladas de hielo desde el a\u00f1o 2000, lo que equivale a la cantidad de agua consumida por toda la poblaci\u00f3n mundial durante 30 a\u00f1os. Este fen\u00f3meno no solo amenaza el suministro de agua dulce, sino que tambi\u00e9n tiene implicaciones graves para el nivel del mar.<\/p>\n\n\n\n<p><strong>Impacto en el Nivel del Mar y la Econom\u00eda Global<\/strong><\/p>\n\n\n\n<p>El deshielo de los glaciares contribuye directamente al aumento del nivel del mar, que sube aproximadamente un mil\u00edmetro por a\u00f1o. Aunque esta cifra puede parecer peque\u00f1a, cada mil\u00edmetro adicional puede abarcar entre 200.000 y 300.000 personas. Las consecuencias de este aumento son vastas: las inundaciones afectar\u00e1n las zonas costeras, desplazando a millones de personas y alterando comunidades enteras.<\/p>\n\n\n\n<p>Adem\u00e1s, el desastre desencadena una serie de fen\u00f3menos meteorol\u00f3gicos extremos, como aluviones y deslaves, capaces de destruir infraestructuras vitales y sumergir pueblos enteros. Por otro lado, la p\u00e9rdida de glaciares en \u00e1reas como Per\u00fa, donde estas masas de hielo han sido veneradas como fuentes de vida y agua por las comunidades ind\u00edgenas durante milenios, tambi\u00e9n plantea graves riesgos sociales y culturales.<\/p>\n\n\n\n<p><strong>Los Glaciares Tropicales: Un Caso Especial<\/strong><\/p>\n\n\n\n<p>En el caso de los glaciares tropicales, los cuales se encuentran a gran altitud en regiones cercanas al ecuador, como la cordillera de los Andes, el retroceso es especialmente dram\u00e1tico. Per\u00fa, que alberga m\u00e1s del 70% de los glaciares tropicales del mundo, enfrenta una p\u00e9rdida masiva de estos recursos. En las \u00faltimas d\u00e9cadas, los glaciares peruanos han retrocedido un 40%. Seg\u00fan las proyecciones, si las temperaturas globales aumentan en 1,5 grados Celsius para 2100, m\u00e1s de la mitad de los glaciares del pa\u00eds podr\u00edan desaparecer. En un escenario pesimista, con un aumento de entre 4 y 5 grados Celsius, solo quedar\u00eda entre el 1% y el 5% de estos glaciares al final del siglo.<\/p>\n\n\n\n<p>En Colombia, los glaciares tambi\u00e9n est\u00e1n experimentando un retroceso alarmante, que pone en riesgo los recursos h\u00eddricos de diversas regiones. Colombia alberga varios glaciares, principalmente en las altas cumbres de los Andes, como los ubicados en el Parque Nacional Natural de Los Nevados, el Nevado del Ruiz, el Nevado del Huila y el Nevado de Santa Isabel. Estos glaciares son fundamentales para el suministro de agua en las regiones circundantes, tanto para las comunidades rurales como para las ciudades cercanas, que dependen de estos sistemas para su abastecimiento de agua potable y riego agr\u00edcola.<\/p>\n\n\n\n<p>El deshielo en Colombia es particularmente preocupante, ya que muchos de estos glaciares han perdido m\u00e1s de la mitad de su masa en los \u00faltimos 30 a\u00f1os. Seg\u00fan estudios realizados por el Instituto de Hidrolog\u00eda, Meteorolog\u00eda y Estudios Ambientales (IDEAM), la desaparici\u00f3n de los glaciares afectar\u00e1 gravemente a las cuencas hidrogr\u00e1ficas que abastecen a millas de personas. Las comunidades que dependen de estos recursos se enfrentar\u00e1n a una escasez de agua, lo que aumentar\u00e1 los riesgos de sequ\u00edas y afectar\u00e1 la agricultura, adem\u00e1s de poner en peligro los ecosistemas locales que dependen de estos cuerpos de agua.<\/p>\n\n\n\n<p><strong>La Necesidad de un Cambio de Paradigma en la Gesti\u00f3n del Agua<\/strong><\/p>\n\n\n\n<p>El deshielo de los glaciares plantea un desaf\u00edo insuperable para las estrategias actuales de gesti\u00f3n del agua. Las soluciones tradicionales, como la construcci\u00f3n de embalses o el almacenamiento de lluvias, no ser\u00e1n suficientes para suplir la falta de agua dulce cuando los glaciares desaparezcan. Es necesario replantear nuestra manera de abordar los recursos h\u00eddricos, movi\u00e9ndonos hacia una gesti\u00f3n m\u00e1s eficiente y centrada en la reducci\u00f3n de p\u00e9rdidas.<\/p>\n\n\n\n<p>Adem\u00e1s, el cambio de paradigma debe incluir la adopci\u00f3n de nuevas tecnolog\u00edas que permitan optimizar el uso del agua y que sean socialmente aceptadas por las comunidades. En muchas regiones, la resistencia a las nuevas tecnolog\u00edas ha impedido su implementaci\u00f3n efectiva, lo que ha resultado en grandes p\u00e9rdidas de agua en infraestructuras ineficientes.<\/p>\n\n\n\n<p><strong>Mirando al Futuro: Conciencia y Acci\u00f3n Urgente<\/strong><\/p>\n\n\n\n<p>El futuro de los glaciares es incierto, y no existe tecnolog\u00eda actual que pueda detener su derretimiento. La inercia del proceso significa que, incluso si se lograra detener el calentamiento global hoy mismo, el deshielo continuar\u00e1 durante varias d\u00e9cadas. Lo que hagamos ahora impactar\u00e1 en las pr\u00f3ximas generaciones, por lo que es urgente que los gobiernos y la sociedad civil tomen conciencia de la crisis que estamos viviendo.<\/p>\n\n\n\n<p>Es fundamental que se promueva una mayor comprensi\u00f3n de los glaciares, no solo como una fuente de agua, sino tambi\u00e9n como indicadores del cambio clim\u00e1tico y potenciales focos de peligro. La concienciaci\u00f3n sobre este tema es clave para exigir a los responsables pol\u00edticos que act\u00faen con rapidez y con un enfoque adaptado a las realidades locales de cada regi\u00f3n.<\/p>\n\n\n\n<p>Fuente: Organizaci\u00f3n Meteorol\u00f3gica Mundial<\/p>\n","protected":false},"excerpt":{"rendered":"<p>Junto con las capas de hielo de Groenlandia y la Ant\u00e1rtida, los glaciares concentran cerca del 70% de las reservas mundiales de agua dulce, desempe\u00f1ando un papel crucial en el equilibrio del sistema h\u00eddrico global. Estos gigantes de hielo, en su mayor\u00eda estables en climas fr\u00edos, se han convertido en indicadores del cambio clim\u00e1tico, ya [&hellip;]<\/p>\n","protected":false},"author":1,"featured_media":1444,"comment_status":"open","ping_status":"open","sticky":false,"template":"","format":"standard","meta":{"footnotes":""},"categories":[95],"tags":[507,19,579,580],"class_list":["post-1443","post","type-post","status-publish","format-standard","has-post-thumbnail","hentry","category-crisis-climatica","tag-andes","tag-crisis-climatica","tag-descongelamiento","tag-nieve"],"yoast_head":"<!-- This site is optimized with the Yoast SEO plugin v23.9 - https:\/\/yoast.com\/wordpress\/plugins\/seo\/ -->\n<title>El Deshielo de los Glaciares: Una Amenaza Global para el Agua y las Comunidades - Biciurba<\/title>\n<meta name=\"robots\" content=\"index, follow, max-snippet:-1, max-image-preview:large, max-video-preview:-1\" \/>\n<link rel=\"canonical\" href=\"https:\/\/biciurba.com\/index.php\/2025\/03\/25\/el-deshielo-de-los-glaciares-una-amenaza-global-para-el-agua-y-las-comunidades\/\" \/>\n<meta property=\"og:locale\" content=\"es_ES\" \/>\n<meta property=\"og:type\" content=\"article\" \/>\n<meta property=\"og:title\" content=\"El Deshielo de los Glaciares: Una Amenaza Global para el Agua y las Comunidades - Biciurba\" \/>\n<meta property=\"og:description\" content=\"Junto con las capas de hielo de Groenlandia y la Ant\u00e1rtida, los glaciares concentran cerca del 70% de las reservas mundiales de agua dulce, desempe\u00f1ando un papel crucial en el equilibrio del sistema h\u00eddrico global. Estos gigantes de hielo, en su mayor\u00eda estables en climas fr\u00edos, se han convertido en indicadores del cambio clim\u00e1tico, ya [&hellip;]\" \/>\n<meta property=\"og:url\" content=\"https:\/\/biciurba.com\/index.php\/2025\/03\/25\/el-deshielo-de-los-glaciares-una-amenaza-global-para-el-agua-y-las-comunidades\/\" \/>\n<meta property=\"og:site_name\" content=\"Biciurba\" \/>\n<meta property=\"article:published_time\" content=\"2025-03-25T16:31:10+00:00\" \/>\n<meta property=\"article:modified_time\" content=\"2025-03-25T16:31:12+00:00\" \/>\n<meta property=\"og:image\" content=\"https:\/\/biciurba.com\/wp-content\/uploads\/2025\/03\/glacial.png\" \/>\n\t<meta property=\"og:image:width\" content=\"791\" \/>\n\t<meta property=\"og:image:height\" content=\"521\" \/>\n\t<meta property=\"og:image:type\" content=\"image\/png\" \/>\n<meta name=\"author\" content=\"Carlos Cantor\" \/>\n<meta name=\"twitter:card\" content=\"summary_large_image\" \/>\n<meta name=\"twitter:label1\" content=\"Escrito por\" \/>\n\t<meta name=\"twitter:data1\" content=\"Carlos Cantor\" \/>\n\t<meta name=\"twitter:label2\" content=\"Tiempo de lectura\" \/>\n\t<meta name=\"twitter:data2\" content=\"6 minutos\" \/>\n<script type=\"application\/ld+json\" class=\"yoast-schema-graph\">{\"@context\":\"https:\/\/schema.org\",\"@graph\":[{\"@type\":\"Article\",\"@id\":\"https:\/\/biciurba.com\/index.php\/2025\/03\/25\/el-deshielo-de-los-glaciares-una-amenaza-global-para-el-agua-y-las-comunidades\/#article\",\"isPartOf\":{\"@id\":\"https:\/\/biciurba.com\/index.php\/2025\/03\/25\/el-deshielo-de-los-glaciares-una-amenaza-global-para-el-agua-y-las-comunidades\/\"},\"author\":{\"name\":\"Carlos Cantor\",\"@id\":\"https:\/\/biciurba.com\/#\/schema\/person\/d9675ddf29ee982d268db0a3f239eced\"},\"headline\":\"El Deshielo de los Glaciares: Una Amenaza Global para el Agua y las Comunidades\",\"datePublished\":\"2025-03-25T16:31:10+00:00\",\"dateModified\":\"2025-03-25T16:31:12+00:00\",\"mainEntityOfPage\":{\"@id\":\"https:\/\/biciurba.com\/index.php\/2025\/03\/25\/el-deshielo-de-los-glaciares-una-amenaza-global-para-el-agua-y-las-comunidades\/\"},\"wordCount\":1184,\"commentCount\":0,\"publisher\":{\"@id\":\"https:\/\/biciurba.com\/#\/schema\/person\/d9675ddf29ee982d268db0a3f239eced\"},\"image\":{\"@id\":\"https:\/\/biciurba.com\/index.php\/2025\/03\/25\/el-deshielo-de-los-glaciares-una-amenaza-global-para-el-agua-y-las-comunidades\/#primaryimage\"},\"thumbnailUrl\":\"https:\/\/biciurba.com\/wp-content\/uploads\/2025\/03\/glacial.png\",\"keywords\":[\"Andes\",\"Crisis clim\u00e1tica\",\"descongelamiento\",\"Nieve\"],\"articleSection\":[\"Crisis clim\u00e1tica\"],\"inLanguage\":\"es\",\"potentialAction\":[{\"@type\":\"CommentAction\",\"name\":\"Comment\",\"target\":[\"https:\/\/biciurba.com\/index.php\/2025\/03\/25\/el-deshielo-de-los-glaciares-una-amenaza-global-para-el-agua-y-las-comunidades\/#respond\"]}]},{\"@type\":\"WebPage\",\"@id\":\"https:\/\/biciurba.com\/index.php\/2025\/03\/25\/el-deshielo-de-los-glaciares-una-amenaza-global-para-el-agua-y-las-comunidades\/\",\"url\":\"https:\/\/biciurba.com\/index.php\/2025\/03\/25\/el-deshielo-de-los-glaciares-una-amenaza-global-para-el-agua-y-las-comunidades\/\",\"name\":\"El Deshielo de los Glaciares: Una Amenaza Global para el Agua y las Comunidades - Biciurba\",\"isPartOf\":{\"@id\":\"https:\/\/biciurba.com\/#website\"},\"primaryImageOfPage\":{\"@id\":\"https:\/\/biciurba.com\/index.php\/2025\/03\/25\/el-deshielo-de-los-glaciares-una-amenaza-global-para-el-agua-y-las-comunidades\/#primaryimage\"},\"image\":{\"@id\":\"https:\/\/biciurba.com\/index.php\/2025\/03\/25\/el-deshielo-de-los-glaciares-una-amenaza-global-para-el-agua-y-las-comunidades\/#primaryimage\"},\"thumbnailUrl\":\"https:\/\/biciurba.com\/wp-content\/uploads\/2025\/03\/glacial.png\",\"datePublished\":\"2025-03-25T16:31:10+00:00\",\"dateModified\":\"2025-03-25T16:31:12+00:00\",\"breadcrumb\":{\"@id\":\"https:\/\/biciurba.com\/index.php\/2025\/03\/25\/el-deshielo-de-los-glaciares-una-amenaza-global-para-el-agua-y-las-comunidades\/#breadcrumb\"},\"inLanguage\":\"es\",\"potentialAction\":[{\"@type\":\"ReadAction\",\"target\":[\"https:\/\/biciurba.com\/index.php\/2025\/03\/25\/el-deshielo-de-los-glaciares-una-amenaza-global-para-el-agua-y-las-comunidades\/\"]}]},{\"@type\":\"ImageObject\",\"inLanguage\":\"es\",\"@id\":\"https:\/\/biciurba.com\/index.php\/2025\/03\/25\/el-deshielo-de-los-glaciares-una-amenaza-global-para-el-agua-y-las-comunidades\/#primaryimage\",\"url\":\"https:\/\/biciurba.com\/wp-content\/uploads\/2025\/03\/glacial.png\",\"contentUrl\":\"https:\/\/biciurba.com\/wp-content\/uploads\/2025\/03\/glacial.png\",\"width\":791,\"height\":521,\"caption\":\"Muchos glaciares en el mundo retrocenden en un proceso irreversible.\"},{\"@type\":\"BreadcrumbList\",\"@id\":\"https:\/\/biciurba.com\/index.php\/2025\/03\/25\/el-deshielo-de-los-glaciares-una-amenaza-global-para-el-agua-y-las-comunidades\/#breadcrumb\",\"itemListElement\":[{\"@type\":\"ListItem\",\"position\":1,\"name\":\"Portada\",\"item\":\"https:\/\/biciurba.com\/\"},{\"@type\":\"ListItem\",\"position\":2,\"name\":\"El Deshielo de los Glaciares: Una Amenaza Global para el Agua y las Comunidades\"}]},{\"@type\":\"WebSite\",\"@id\":\"https:\/\/biciurba.com\/#website\",\"url\":\"https:\/\/biciurba.com\/\",\"name\":\"Biciurba\",\"description\":\"Una mejor manera de vivir\",\"publisher\":{\"@id\":\"https:\/\/biciurba.com\/#\/schema\/person\/d9675ddf29ee982d268db0a3f239eced\"},\"potentialAction\":[{\"@type\":\"SearchAction\",\"target\":{\"@type\":\"EntryPoint\",\"urlTemplate\":\"https:\/\/biciurba.com\/?s={search_term_string}\"},\"query-input\":{\"@type\":\"PropertyValueSpecification\",\"valueRequired\":true,\"valueName\":\"search_term_string\"}}],\"inLanguage\":\"es\"},{\"@type\":[\"Person\",\"Organization\"],\"@id\":\"https:\/\/biciurba.com\/#\/schema\/person\/d9675ddf29ee982d268db0a3f239eced\",\"name\":\"Carlos Cantor\",\"image\":{\"@type\":\"ImageObject\",\"inLanguage\":\"es\",\"@id\":\"https:\/\/biciurba.com\/#\/schema\/person\/image\/\",\"url\":\"https:\/\/biciurba.com\/wp-content\/uploads\/2024\/04\/cropped-logo-1.png\",\"contentUrl\":\"https:\/\/biciurba.com\/wp-content\/uploads\/2024\/04\/cropped-logo-1.png\",\"width\":512,\"height\":318,\"caption\":\"Carlos Cantor\"},\"logo\":{\"@id\":\"https:\/\/biciurba.com\/#\/schema\/person\/image\/\"},\"sameAs\":[\"https:\/\/biciurba.com\"],\"url\":\"https:\/\/biciurba.com\/index.php\/author\/ccantor\/\"}]}<\/script>\n<!-- \/ Yoast SEO plugin. -->","yoast_head_json":{"title":"El Deshielo de los Glaciares: Una Amenaza Global para el Agua y las Comunidades - Biciurba","robots":{"index":"index","follow":"follow","max-snippet":"max-snippet:-1","max-image-preview":"max-image-preview:large","max-video-preview":"max-video-preview:-1"},"canonical":"https:\/\/biciurba.com\/index.php\/2025\/03\/25\/el-deshielo-de-los-glaciares-una-amenaza-global-para-el-agua-y-las-comunidades\/","og_locale":"es_ES","og_type":"article","og_title":"El Deshielo de los Glaciares: Una Amenaza Global para el Agua y las Comunidades - Biciurba","og_description":"Junto con las capas de hielo de Groenlandia y la Ant\u00e1rtida, los glaciares concentran cerca del 70% de las reservas mundiales de agua dulce, desempe\u00f1ando un papel crucial en el equilibrio del sistema h\u00eddrico global. Estos gigantes de hielo, en su mayor\u00eda estables en climas fr\u00edos, se han convertido en indicadores del cambio clim\u00e1tico, ya [&hellip;]","og_url":"https:\/\/biciurba.com\/index.php\/2025\/03\/25\/el-deshielo-de-los-glaciares-una-amenaza-global-para-el-agua-y-las-comunidades\/","og_site_name":"Biciurba","article_published_time":"2025-03-25T16:31:10+00:00","article_modified_time":"2025-03-25T16:31:12+00:00","og_image":[{"width":791,"height":521,"url":"https:\/\/biciurba.com\/wp-content\/uploads\/2025\/03\/glacial.png","type":"image\/png"}],"author":"Carlos Cantor","twitter_card":"summary_large_image","twitter_misc":{"Escrito por":"Carlos Cantor","Tiempo de lectura":"6 minutos"},"schema":{"@context":"https:\/\/schema.org","@graph":[{"@type":"Article","@id":"https:\/\/biciurba.com\/index.php\/2025\/03\/25\/el-deshielo-de-los-glaciares-una-amenaza-global-para-el-agua-y-las-comunidades\/#article","isPartOf":{"@id":"https:\/\/biciurba.com\/index.php\/2025\/03\/25\/el-deshielo-de-los-glaciares-una-amenaza-global-para-el-agua-y-las-comunidades\/"},"author":{"name":"Carlos Cantor","@id":"https:\/\/biciurba.com\/#\/schema\/person\/d9675ddf29ee982d268db0a3f239eced"},"headline":"El Deshielo de los Glaciares: Una Amenaza Global para el Agua y las Comunidades","datePublished":"2025-03-25T16:31:10+00:00","dateModified":"2025-03-25T16:31:12+00:00","mainEntityOfPage":{"@id":"https:\/\/biciurba.com\/index.php\/2025\/03\/25\/el-deshielo-de-los-glaciares-una-amenaza-global-para-el-agua-y-las-comunidades\/"},"wordCount":1184,"commentCount":0,"publisher":{"@id":"https:\/\/biciurba.com\/#\/schema\/person\/d9675ddf29ee982d268db0a3f239eced"},"image":{"@id":"https:\/\/biciurba.com\/index.php\/2025\/03\/25\/el-deshielo-de-los-glaciares-una-amenaza-global-para-el-agua-y-las-comunidades\/#primaryimage"},"thumbnailUrl":"https:\/\/biciurba.com\/wp-content\/uploads\/2025\/03\/glacial.png","keywords":["Andes","Crisis clim\u00e1tica","descongelamiento","Nieve"],"articleSection":["Crisis clim\u00e1tica"],"inLanguage":"es","potentialAction":[{"@type":"CommentAction","name":"Comment","target":["https:\/\/biciurba.com\/index.php\/2025\/03\/25\/el-deshielo-de-los-glaciares-una-amenaza-global-para-el-agua-y-las-comunidades\/#respond"]}]},{"@type":"WebPage","@id":"https:\/\/biciurba.com\/index.php\/2025\/03\/25\/el-deshielo-de-los-glaciares-una-amenaza-global-para-el-agua-y-las-comunidades\/","url":"https:\/\/biciurba.com\/index.php\/2025\/03\/25\/el-deshielo-de-los-glaciares-una-amenaza-global-para-el-agua-y-las-comunidades\/","name":"El Deshielo de los Glaciares: Una Amenaza Global para el Agua y las Comunidades - Biciurba","isPartOf":{"@id":"https:\/\/biciurba.com\/#website"},"primaryImageOfPage":{"@id":"https:\/\/biciurba.com\/index.php\/2025\/03\/25\/el-deshielo-de-los-glaciares-una-amenaza-global-para-el-agua-y-las-comunidades\/#primaryimage"},"image":{"@id":"https:\/\/biciurba.com\/index.php\/2025\/03\/25\/el-deshielo-de-los-glaciares-una-amenaza-global-para-el-agua-y-las-comunidades\/#primaryimage"},"thumbnailUrl":"https:\/\/biciurba.com\/wp-content\/uploads\/2025\/03\/glacial.png","datePublished":"2025-03-25T16:31:10+00:00","dateModified":"2025-03-25T16:31:12+00:00","breadcrumb":{"@id":"https:\/\/biciurba.com\/index.php\/2025\/03\/25\/el-deshielo-de-los-glaciares-una-amenaza-global-para-el-agua-y-las-comunidades\/#breadcrumb"},"inLanguage":"es","potentialAction":[{"@type":"ReadAction","target":["https:\/\/biciurba.com\/index.php\/2025\/03\/25\/el-deshielo-de-los-glaciares-una-amenaza-global-para-el-agua-y-las-comunidades\/"]}]},{"@type":"ImageObject","inLanguage":"es","@id":"https:\/\/biciurba.com\/index.php\/2025\/03\/25\/el-deshielo-de-los-glaciares-una-amenaza-global-para-el-agua-y-las-comunidades\/#primaryimage","url":"https:\/\/biciurba.com\/wp-content\/uploads\/2025\/03\/glacial.png","contentUrl":"https:\/\/biciurba.com\/wp-content\/uploads\/2025\/03\/glacial.png","width":791,"height":521,"caption":"Muchos glaciares en el mundo retrocenden en un proceso irreversible."},{"@type":"BreadcrumbList","@id":"https:\/\/biciurba.com\/index.php\/2025\/03\/25\/el-deshielo-de-los-glaciares-una-amenaza-global-para-el-agua-y-las-comunidades\/#breadcrumb","itemListElement":[{"@type":"ListItem","position":1,"name":"Portada","item":"https:\/\/biciurba.com\/"},{"@type":"ListItem","position":2,"name":"El Deshielo de los Glaciares: Una Amenaza Global para el Agua y las Comunidades"}]},{"@type":"WebSite","@id":"https:\/\/biciurba.com\/#website","url":"https:\/\/biciurba.com\/","name":"Biciurba","description":"Una mejor manera de vivir","publisher":{"@id":"https:\/\/biciurba.com\/#\/schema\/person\/d9675ddf29ee982d268db0a3f239eced"},"potentialAction":[{"@type":"SearchAction","target":{"@type":"EntryPoint","urlTemplate":"https:\/\/biciurba.com\/?s={search_term_string}"},"query-input":{"@type":"PropertyValueSpecification","valueRequired":true,"valueName":"search_term_string"}}],"inLanguage":"es"},{"@type":["Person","Organization"],"@id":"https:\/\/biciurba.com\/#\/schema\/person\/d9675ddf29ee982d268db0a3f239eced","name":"Carlos Cantor","image":{"@type":"ImageObject","inLanguage":"es","@id":"https:\/\/biciurba.com\/#\/schema\/person\/image\/","url":"https:\/\/biciurba.com\/wp-content\/uploads\/2024\/04\/cropped-logo-1.png","contentUrl":"https:\/\/biciurba.com\/wp-content\/uploads\/2024\/04\/cropped-logo-1.png","width":512,"height":318,"caption":"Carlos Cantor"},"logo":{"@id":"https:\/\/biciurba.com\/#\/schema\/person\/image\/"},"sameAs":["https:\/\/biciurba.com"],"url":"https:\/\/biciurba.com\/index.php\/author\/ccantor\/"}]}},"_links":{"self":[{"href":"https:\/\/biciurba.com\/index.php\/wp-json\/wp\/v2\/posts\/1443"}],"collection":[{"href":"https:\/\/biciurba.com\/index.php\/wp-json\/wp\/v2\/posts"}],"about":[{"href":"https:\/\/biciurba.com\/index.php\/wp-json\/wp\/v2\/types\/post"}],"author":[{"embeddable":true,"href":"https:\/\/biciurba.com\/index.php\/wp-json\/wp\/v2\/users\/1"}],"replies":[{"embeddable":true,"href":"https:\/\/biciurba.com\/index.php\/wp-json\/wp\/v2\/comments?post=1443"}],"version-history":[{"count":1,"href":"https:\/\/biciurba.com\/index.php\/wp-json\/wp\/v2\/posts\/1443\/revisions"}],"predecessor-version":[{"id":1445,"href":"https:\/\/biciurba.com\/index.php\/wp-json\/wp\/v2\/posts\/1443\/revisions\/1445"}],"wp:featuredmedia":[{"embeddable":true,"href":"https:\/\/biciurba.com\/index.php\/wp-json\/wp\/v2\/media\/1444"}],"wp:attachment":[{"href":"https:\/\/biciurba.com\/index.php\/wp-json\/wp\/v2\/media?parent=1443"}],"wp:term":[{"taxonomy":"category","embeddable":true,"href":"https:\/\/biciurba.com\/index.php\/wp-json\/wp\/v2\/categories?post=1443"},{"taxonomy":"post_tag","embeddable":true,"href":"https:\/\/biciurba.com\/index.php\/wp-json\/wp\/v2\/tags?post=1443"}],"curies":[{"name":"wp","href":"https:\/\/api.w.org\/{rel}","templated":true}]}}