{"id":1458,"date":"2026-04-30T09:48:30","date_gmt":"2026-04-30T14:48:30","guid":{"rendered":"https:\/\/biciurba.com\/?p=1458"},"modified":"2026-04-30T09:48:32","modified_gmt":"2026-04-30T14:48:32","slug":"la-bici-tambien-incluye-a-la-tercera-edad","status":"publish","type":"post","link":"https:\/\/biciurba.com\/index.php\/2026\/04\/30\/la-bici-tambien-incluye-a-la-tercera-edad\/","title":{"rendered":"La bici tambi\u00e9n incluye a la tercera edad"},"content":{"rendered":"\n<p>Las personas mayores, especialmente de ciudad, encuentran en su jubilaci\u00f3n tiempo de sobre, lo cual para muchos es un problema, porque desde muy j\u00f3venes su vida ha transcurrido en una constante carrera contra el tiempo, el mundo laboral exigente y sin tregua no permite aprender a relajarnos y disfrutar la existencia. As\u00ed las cosas, aprender a disfrutar el tiempo es cuesti\u00f3n de salud mental y f\u00edsica.<\/p>\n\n\n\n<p>Muchos dedican el tiempo a los nietos, si los hay, algunos a animales de compa\u00f1\u00eda, que en la mayor\u00eda de los casos se vuelven un problema con canes hiperactivos y destrozadores de cuanta cosa encuentran en casa. Otros prefieren la vida social o por lo menos sentirse rodeados de otras personas en los Centros Comerciales, sus compras casi siempre ser\u00e1 un caf\u00e9 y un producto de panader\u00eda.<\/p>\n\n\n\n<p>Hay otros que se buscan mantenerse activos en los gimnasios, pero all\u00ed se corren muchos peligros al no saber hacer ejercicio adecuado, y piensan que las pesas es el mejor medio para ganar masa muscular, tan importante en la tercera edad, pero son un riesgo si no se tiene ni idea de su uso deportivo. Siempre existir\u00e1 la posibilidad de un accidente serio si no hay instructores conocedores de las necesidades f\u00edsicas de los mayores.<\/p>\n\n\n\n<p>Quiz\u00e1s uno de los grupos m\u00e1s interesantes son los que se dedican al ciclismo, bien urbano o rural. Y m\u00e1s cuando se vive en ciudades peque\u00f1as donde hay ciclorrutas, parques c\u00f3modos o rutas llenas de paisajes, buen aire, climas suaves y sitios donde detenerse para interactuar con otras personas, estos realmente son unos suertudos.<\/p>\n\n\n\n<p>Los circuitos pueden demorar de una a tres horas, pedaleando la mayor parte, ejercitando piernas, cadera, brazos, sistema cardio y pulmonar, los sentidos del o\u00eddo y la vista. Junto a ello el equilibrio, la habilidad en los movimientos, la agilidad mental y en general pone en juego todo su cuerpo en un ejercicio que genera inmensa alegr\u00eda y placer. Eso si, deben ser prudentes, no exagerar y cumplir con las normas de transito en cualquier ruta que se use.<\/p>\n\n\n\n<p>Y c\u00f3mo es la bicicleta ideal para estas jornadas diarias de rutas sencillas, en pavimento, cemento o en carretables, veamos\u2026<\/p>\n\n\n\n<p>La caracter\u00edstica m\u00e1s importante es la de tener un cuadro de \u00abPaso Bajo\u00bb, no tiene el tubo superior horizontal, lo que permite subir y bajar de la bicicleta sin tener que levantar mucho la pierna, evitando problemas de equilibrio o cadera. A diferencia de las otras bicis se busca que el ciclista pedalee con la espalda totalmente recta. Esto reduce la tensi\u00f3n en las lumbares, el cuello y las mu\u00f1ecas, adem\u00e1s de ofrecer una mejor visibilidad del entorno y evitar accidentes.<\/p>\n\n\n\n<p>Con la llegada de los a\u00f1os vamos perdiendo masa en la zona del perineo, por eso es muy importante usar un sill\u00edn ancho y con gel, para minimizar molestias en rodajes largos. Tambi\u00e9n puede usar la badana, que es la pantaloneta que lleva almohadillas internas que protege la zona perineal. Debe ser de espuma de alta densidad o gel. Las mejores tienen propiedades antibacterianas y de secado r\u00e1pido para evitar infecciones y rozaduras. Existen badanas espec\u00edficas para hombres y mujeres, adaptadas a la anatom\u00eda de los isquiones de cada uno. Se sugiere usarla sin ropa interior ya que las costuras de los calzoncillos o bragas causan rozaduras graves y acumulan humedad.<\/p>\n\n\n\n<p>Si va hacer el ejercicio diariamente es mejor usar ropa deportiva de ciclista, le ayudar\u00e1 con los cambios de clima, algunas son impermeables, en general manejan muy bien la temperatura y el sudor, adem\u00e1s que le da un tono de elegancia muy especial. Y recuerde guantes que cubran la totalidad de la mano, casco de calidad y anteojos de seguridad para proteger sus ojos, si usa anteojos por receta busque con el tiempo una montura que se ajuste mejor, que no se le vayan a caer en plena ruta.<\/p>\n\n\n\n<p>Su bicicleta debe tener un manubrio alto que se acerque al cuerpo para que los brazos vayan relajados, t\u00edpico de las bicis denominadas playeras. Busque que tenga suspensi\u00f3n delantera lo que le facilitar\u00e1 el rodaje. Cambios, los hay internos de muy buena calidad o los cl\u00e1sicos de siete pi\u00f1ones y tres platos con controles en el manubrio. Agr\u00e9guele frenos de disco, especialmente hidr\u00e1ulicos por su suavidad al operarlos cuando ya tenemos problemas de artritis o p\u00e9rdida de fuerza en las manos.<\/p>\n\n\n\n<p>Hay otros accesorios que pasamos por alto, pero que son muy importantes, como el soporte para estacionar la bici en cualquier espacio, las luces tipo led de carga con adaptador de celular y que ayuda a que seamos visibles en la ruta, la cubre cadena y guadabarros para evitar ensuciar la ropa, y pueden ser de pl\u00e1stico, bastante ligeros y discretos.<\/p>\n\n\n\n<p>Un detalle que no puede faltar la carama\u00f1ola, el recipiente dise\u00f1ado espec\u00edficamente para que los ciclistas transporten l\u00edquidos y se hidraten sin detener la marcha, a diferencia de una botella convencional que requiere detenerse para abrirla. M\u00e1s que refrescos ricos en azucares, el agua con una pizca de sal marina es compa\u00f1era ideal en el recorrido.<\/p>\n\n\n\n<p>Los adultos mayores no deben excluir hacer ejercicio y m\u00e1s cuando se cruza la frontera de los setenta a\u00f1os, lo importante es que se sienta bien, no exagerar porque va en contra de nuestro organismo, es un deporte recreativo, no de competencia, busque las mejores rutas por seguridad y paisajismo. Hidratarse es la regla, comer bien y sano, hay frutas que le van ayudar a mantener la energ\u00eda y la prote\u00edna, especialmente de los huevos, le van ayudar a sus m\u00fasculos de forma determinante.<\/p>\n\n\n\n<p>Ahora bien, si la bici es solo un recuerdo de su ni\u00f1ez, comience por caminar, con buenas zapatillas deportivas, ropa adecuada e hidratarse, hasta que sus piernas vuelva a estar en mejor tono.<\/p>\n","protected":false},"excerpt":{"rendered":"<p>Las personas mayores, especialmente de ciudad, encuentran en su jubilaci\u00f3n tiempo de sobre, lo cual para muchos es un problema, porque desde muy j\u00f3venes su vida ha transcurrido en una constante carrera contra el tiempo, el mundo laboral exigente y sin tregua no permite aprender a relajarnos y disfrutar la existencia. As\u00ed las cosas, aprender [&hellip;]<\/p>\n","protected":false},"author":1,"featured_media":1459,"comment_status":"open","ping_status":"open","sticky":false,"template":"","format":"standard","meta":{"footnotes":""},"categories":[50],"tags":[587,588,327,586],"class_list":["post-1458","post","type-post","status-publish","format-standard","has-post-thumbnail","hentry","category-salud-y-bienestar","tag-ciclismo","tag-deporte-adecuado","tag-tercera-edad","tag-vida-sana"],"yoast_head":"<!-- This site is optimized with the Yoast SEO plugin v23.9 - https:\/\/yoast.com\/wordpress\/plugins\/seo\/ -->\n<title>La bici tambi\u00e9n incluye a la tercera edad - Biciurba<\/title>\n<meta name=\"description\" content=\"El ciclismo recreativo en la tercera edad, un medio divertido que requiere cumplir pautas de seguridad.\" \/>\n<meta name=\"robots\" content=\"index, follow, max-snippet:-1, max-image-preview:large, max-video-preview:-1\" \/>\n<link rel=\"canonical\" href=\"https:\/\/biciurba.com\/index.php\/2026\/04\/30\/la-bici-tambien-incluye-a-la-tercera-edad\/\" \/>\n<meta property=\"og:locale\" content=\"es_ES\" \/>\n<meta property=\"og:type\" content=\"article\" \/>\n<meta property=\"og:title\" content=\"La bici tambi\u00e9n incluye a la tercera edad - Biciurba\" \/>\n<meta property=\"og:description\" content=\"El ciclismo recreativo en la tercera edad, un medio divertido que requiere cumplir pautas de seguridad.\" \/>\n<meta property=\"og:url\" content=\"https:\/\/biciurba.com\/index.php\/2026\/04\/30\/la-bici-tambien-incluye-a-la-tercera-edad\/\" \/>\n<meta property=\"og:site_name\" content=\"Biciurba\" \/>\n<meta property=\"article:published_time\" content=\"2026-04-30T14:48:30+00:00\" \/>\n<meta property=\"article:modified_time\" content=\"2026-04-30T14:48:32+00:00\" \/>\n<meta property=\"og:image\" content=\"https:\/\/biciurba.com\/wp-content\/uploads\/2026\/04\/ciclista-mayor.jpg\" \/>\n\t<meta property=\"og:image:width\" content=\"1500\" \/>\n\t<meta property=\"og:image:height\" content=\"1000\" \/>\n\t<meta property=\"og:image:type\" content=\"image\/jpeg\" \/>\n<meta name=\"author\" content=\"Carlos Cantor\" \/>\n<meta name=\"twitter:card\" content=\"summary_large_image\" \/>\n<meta name=\"twitter:label1\" content=\"Escrito por\" \/>\n\t<meta name=\"twitter:data1\" content=\"Carlos Cantor\" \/>\n\t<meta name=\"twitter:label2\" content=\"Tiempo de lectura\" \/>\n\t<meta name=\"twitter:data2\" content=\"5 minutos\" \/>\n<script type=\"application\/ld+json\" class=\"yoast-schema-graph\">{\"@context\":\"https:\/\/schema.org\",\"@graph\":[{\"@type\":\"Article\",\"@id\":\"https:\/\/biciurba.com\/index.php\/2026\/04\/30\/la-bici-tambien-incluye-a-la-tercera-edad\/#article\",\"isPartOf\":{\"@id\":\"https:\/\/biciurba.com\/index.php\/2026\/04\/30\/la-bici-tambien-incluye-a-la-tercera-edad\/\"},\"author\":{\"name\":\"Carlos Cantor\",\"@id\":\"https:\/\/biciurba.com\/#\/schema\/person\/d9675ddf29ee982d268db0a3f239eced\"},\"headline\":\"La bici tambi\u00e9n incluye a la tercera edad\",\"datePublished\":\"2026-04-30T14:48:30+00:00\",\"dateModified\":\"2026-04-30T14:48:32+00:00\",\"mainEntityOfPage\":{\"@id\":\"https:\/\/biciurba.com\/index.php\/2026\/04\/30\/la-bici-tambien-incluye-a-la-tercera-edad\/\"},\"wordCount\":1014,\"commentCount\":0,\"publisher\":{\"@id\":\"https:\/\/biciurba.com\/#\/schema\/person\/d9675ddf29ee982d268db0a3f239eced\"},\"image\":{\"@id\":\"https:\/\/biciurba.com\/index.php\/2026\/04\/30\/la-bici-tambien-incluye-a-la-tercera-edad\/#primaryimage\"},\"thumbnailUrl\":\"https:\/\/biciurba.com\/wp-content\/uploads\/2026\/04\/ciclista-mayor.jpg\",\"keywords\":[\"ciclismo\",\"deporte adecuado\",\"Tercera edad\",\"vida sana\"],\"articleSection\":[\"Vida Buena\"],\"inLanguage\":\"es\",\"potentialAction\":[{\"@type\":\"CommentAction\",\"name\":\"Comment\",\"target\":[\"https:\/\/biciurba.com\/index.php\/2026\/04\/30\/la-bici-tambien-incluye-a-la-tercera-edad\/#respond\"]}]},{\"@type\":\"WebPage\",\"@id\":\"https:\/\/biciurba.com\/index.php\/2026\/04\/30\/la-bici-tambien-incluye-a-la-tercera-edad\/\",\"url\":\"https:\/\/biciurba.com\/index.php\/2026\/04\/30\/la-bici-tambien-incluye-a-la-tercera-edad\/\",\"name\":\"La bici tambi\u00e9n incluye a la tercera edad - Biciurba\",\"isPartOf\":{\"@id\":\"https:\/\/biciurba.com\/#website\"},\"primaryImageOfPage\":{\"@id\":\"https:\/\/biciurba.com\/index.php\/2026\/04\/30\/la-bici-tambien-incluye-a-la-tercera-edad\/#primaryimage\"},\"image\":{\"@id\":\"https:\/\/biciurba.com\/index.php\/2026\/04\/30\/la-bici-tambien-incluye-a-la-tercera-edad\/#primaryimage\"},\"thumbnailUrl\":\"https:\/\/biciurba.com\/wp-content\/uploads\/2026\/04\/ciclista-mayor.jpg\",\"datePublished\":\"2026-04-30T14:48:30+00:00\",\"dateModified\":\"2026-04-30T14:48:32+00:00\",\"description\":\"El ciclismo recreativo en la tercera edad, un medio divertido que requiere cumplir pautas de seguridad.\",\"breadcrumb\":{\"@id\":\"https:\/\/biciurba.com\/index.php\/2026\/04\/30\/la-bici-tambien-incluye-a-la-tercera-edad\/#breadcrumb\"},\"inLanguage\":\"es\",\"potentialAction\":[{\"@type\":\"ReadAction\",\"target\":[\"https:\/\/biciurba.com\/index.php\/2026\/04\/30\/la-bici-tambien-incluye-a-la-tercera-edad\/\"]}]},{\"@type\":\"ImageObject\",\"inLanguage\":\"es\",\"@id\":\"https:\/\/biciurba.com\/index.php\/2026\/04\/30\/la-bici-tambien-incluye-a-la-tercera-edad\/#primaryimage\",\"url\":\"https:\/\/biciurba.com\/wp-content\/uploads\/2026\/04\/ciclista-mayor.jpg\",\"contentUrl\":\"https:\/\/biciurba.com\/wp-content\/uploads\/2026\/04\/ciclista-mayor.jpg\",\"width\":1500,\"height\":1000,\"caption\":\"Ser adulto mayor no significa quedarse quieto, es hacer deporte con prudencia y adecuado a esa edad, la idea es divertirse y mover el cuerpo.\"},{\"@type\":\"BreadcrumbList\",\"@id\":\"https:\/\/biciurba.com\/index.php\/2026\/04\/30\/la-bici-tambien-incluye-a-la-tercera-edad\/#breadcrumb\",\"itemListElement\":[{\"@type\":\"ListItem\",\"position\":1,\"name\":\"Portada\",\"item\":\"https:\/\/biciurba.com\/\"},{\"@type\":\"ListItem\",\"position\":2,\"name\":\"La bici tambi\u00e9n incluye a la tercera edad\"}]},{\"@type\":\"WebSite\",\"@id\":\"https:\/\/biciurba.com\/#website\",\"url\":\"https:\/\/biciurba.com\/\",\"name\":\"Biciurba\",\"description\":\"Una mejor manera de vivir\",\"publisher\":{\"@id\":\"https:\/\/biciurba.com\/#\/schema\/person\/d9675ddf29ee982d268db0a3f239eced\"},\"potentialAction\":[{\"@type\":\"SearchAction\",\"target\":{\"@type\":\"EntryPoint\",\"urlTemplate\":\"https:\/\/biciurba.com\/?s={search_term_string}\"},\"query-input\":{\"@type\":\"PropertyValueSpecification\",\"valueRequired\":true,\"valueName\":\"search_term_string\"}}],\"inLanguage\":\"es\"},{\"@type\":[\"Person\",\"Organization\"],\"@id\":\"https:\/\/biciurba.com\/#\/schema\/person\/d9675ddf29ee982d268db0a3f239eced\",\"name\":\"Carlos Cantor\",\"image\":{\"@type\":\"ImageObject\",\"inLanguage\":\"es\",\"@id\":\"https:\/\/biciurba.com\/#\/schema\/person\/image\/\",\"url\":\"https:\/\/biciurba.com\/wp-content\/uploads\/2024\/04\/cropped-logo-1.png\",\"contentUrl\":\"https:\/\/biciurba.com\/wp-content\/uploads\/2024\/04\/cropped-logo-1.png\",\"width\":512,\"height\":318,\"caption\":\"Carlos Cantor\"},\"logo\":{\"@id\":\"https:\/\/biciurba.com\/#\/schema\/person\/image\/\"},\"sameAs\":[\"https:\/\/biciurba.com\"],\"url\":\"https:\/\/biciurba.com\/index.php\/author\/ccantor\/\"}]}<\/script>\n<!-- \/ Yoast SEO plugin. -->","yoast_head_json":{"title":"La bici tambi\u00e9n incluye a la tercera edad - Biciurba","description":"El ciclismo recreativo en la tercera edad, un medio divertido que requiere cumplir pautas de seguridad.","robots":{"index":"index","follow":"follow","max-snippet":"max-snippet:-1","max-image-preview":"max-image-preview:large","max-video-preview":"max-video-preview:-1"},"canonical":"https:\/\/biciurba.com\/index.php\/2026\/04\/30\/la-bici-tambien-incluye-a-la-tercera-edad\/","og_locale":"es_ES","og_type":"article","og_title":"La bici tambi\u00e9n incluye a la tercera edad - Biciurba","og_description":"El ciclismo recreativo en la tercera edad, un medio divertido que requiere cumplir pautas de seguridad.","og_url":"https:\/\/biciurba.com\/index.php\/2026\/04\/30\/la-bici-tambien-incluye-a-la-tercera-edad\/","og_site_name":"Biciurba","article_published_time":"2026-04-30T14:48:30+00:00","article_modified_time":"2026-04-30T14:48:32+00:00","og_image":[{"width":1500,"height":1000,"url":"https:\/\/biciurba.com\/wp-content\/uploads\/2026\/04\/ciclista-mayor.jpg","type":"image\/jpeg"}],"author":"Carlos Cantor","twitter_card":"summary_large_image","twitter_misc":{"Escrito por":"Carlos Cantor","Tiempo de lectura":"5 minutos"},"schema":{"@context":"https:\/\/schema.org","@graph":[{"@type":"Article","@id":"https:\/\/biciurba.com\/index.php\/2026\/04\/30\/la-bici-tambien-incluye-a-la-tercera-edad\/#article","isPartOf":{"@id":"https:\/\/biciurba.com\/index.php\/2026\/04\/30\/la-bici-tambien-incluye-a-la-tercera-edad\/"},"author":{"name":"Carlos Cantor","@id":"https:\/\/biciurba.com\/#\/schema\/person\/d9675ddf29ee982d268db0a3f239eced"},"headline":"La bici tambi\u00e9n incluye a la tercera edad","datePublished":"2026-04-30T14:48:30+00:00","dateModified":"2026-04-30T14:48:32+00:00","mainEntityOfPage":{"@id":"https:\/\/biciurba.com\/index.php\/2026\/04\/30\/la-bici-tambien-incluye-a-la-tercera-edad\/"},"wordCount":1014,"commentCount":0,"publisher":{"@id":"https:\/\/biciurba.com\/#\/schema\/person\/d9675ddf29ee982d268db0a3f239eced"},"image":{"@id":"https:\/\/biciurba.com\/index.php\/2026\/04\/30\/la-bici-tambien-incluye-a-la-tercera-edad\/#primaryimage"},"thumbnailUrl":"https:\/\/biciurba.com\/wp-content\/uploads\/2026\/04\/ciclista-mayor.jpg","keywords":["ciclismo","deporte adecuado","Tercera edad","vida sana"],"articleSection":["Vida Buena"],"inLanguage":"es","potentialAction":[{"@type":"CommentAction","name":"Comment","target":["https:\/\/biciurba.com\/index.php\/2026\/04\/30\/la-bici-tambien-incluye-a-la-tercera-edad\/#respond"]}]},{"@type":"WebPage","@id":"https:\/\/biciurba.com\/index.php\/2026\/04\/30\/la-bici-tambien-incluye-a-la-tercera-edad\/","url":"https:\/\/biciurba.com\/index.php\/2026\/04\/30\/la-bici-tambien-incluye-a-la-tercera-edad\/","name":"La bici tambi\u00e9n incluye a la tercera edad - Biciurba","isPartOf":{"@id":"https:\/\/biciurba.com\/#website"},"primaryImageOfPage":{"@id":"https:\/\/biciurba.com\/index.php\/2026\/04\/30\/la-bici-tambien-incluye-a-la-tercera-edad\/#primaryimage"},"image":{"@id":"https:\/\/biciurba.com\/index.php\/2026\/04\/30\/la-bici-tambien-incluye-a-la-tercera-edad\/#primaryimage"},"thumbnailUrl":"https:\/\/biciurba.com\/wp-content\/uploads\/2026\/04\/ciclista-mayor.jpg","datePublished":"2026-04-30T14:48:30+00:00","dateModified":"2026-04-30T14:48:32+00:00","description":"El ciclismo recreativo en la tercera edad, un medio divertido que requiere cumplir pautas de seguridad.","breadcrumb":{"@id":"https:\/\/biciurba.com\/index.php\/2026\/04\/30\/la-bici-tambien-incluye-a-la-tercera-edad\/#breadcrumb"},"inLanguage":"es","potentialAction":[{"@type":"ReadAction","target":["https:\/\/biciurba.com\/index.php\/2026\/04\/30\/la-bici-tambien-incluye-a-la-tercera-edad\/"]}]},{"@type":"ImageObject","inLanguage":"es","@id":"https:\/\/biciurba.com\/index.php\/2026\/04\/30\/la-bici-tambien-incluye-a-la-tercera-edad\/#primaryimage","url":"https:\/\/biciurba.com\/wp-content\/uploads\/2026\/04\/ciclista-mayor.jpg","contentUrl":"https:\/\/biciurba.com\/wp-content\/uploads\/2026\/04\/ciclista-mayor.jpg","width":1500,"height":1000,"caption":"Ser adulto mayor no significa quedarse quieto, es hacer deporte con prudencia y adecuado a esa edad, la idea es divertirse y mover el cuerpo."},{"@type":"BreadcrumbList","@id":"https:\/\/biciurba.com\/index.php\/2026\/04\/30\/la-bici-tambien-incluye-a-la-tercera-edad\/#breadcrumb","itemListElement":[{"@type":"ListItem","position":1,"name":"Portada","item":"https:\/\/biciurba.com\/"},{"@type":"ListItem","position":2,"name":"La bici tambi\u00e9n incluye a la tercera edad"}]},{"@type":"WebSite","@id":"https:\/\/biciurba.com\/#website","url":"https:\/\/biciurba.com\/","name":"Biciurba","description":"Una mejor manera de vivir","publisher":{"@id":"https:\/\/biciurba.com\/#\/schema\/person\/d9675ddf29ee982d268db0a3f239eced"},"potentialAction":[{"@type":"SearchAction","target":{"@type":"EntryPoint","urlTemplate":"https:\/\/biciurba.com\/?s={search_term_string}"},"query-input":{"@type":"PropertyValueSpecification","valueRequired":true,"valueName":"search_term_string"}}],"inLanguage":"es"},{"@type":["Person","Organization"],"@id":"https:\/\/biciurba.com\/#\/schema\/person\/d9675ddf29ee982d268db0a3f239eced","name":"Carlos Cantor","image":{"@type":"ImageObject","inLanguage":"es","@id":"https:\/\/biciurba.com\/#\/schema\/person\/image\/","url":"https:\/\/biciurba.com\/wp-content\/uploads\/2024\/04\/cropped-logo-1.png","contentUrl":"https:\/\/biciurba.com\/wp-content\/uploads\/2024\/04\/cropped-logo-1.png","width":512,"height":318,"caption":"Carlos Cantor"},"logo":{"@id":"https:\/\/biciurba.com\/#\/schema\/person\/image\/"},"sameAs":["https:\/\/biciurba.com"],"url":"https:\/\/biciurba.com\/index.php\/author\/ccantor\/"}]}},"_links":{"self":[{"href":"https:\/\/biciurba.com\/index.php\/wp-json\/wp\/v2\/posts\/1458"}],"collection":[{"href":"https:\/\/biciurba.com\/index.php\/wp-json\/wp\/v2\/posts"}],"about":[{"href":"https:\/\/biciurba.com\/index.php\/wp-json\/wp\/v2\/types\/post"}],"author":[{"embeddable":true,"href":"https:\/\/biciurba.com\/index.php\/wp-json\/wp\/v2\/users\/1"}],"replies":[{"embeddable":true,"href":"https:\/\/biciurba.com\/index.php\/wp-json\/wp\/v2\/comments?post=1458"}],"version-history":[{"count":1,"href":"https:\/\/biciurba.com\/index.php\/wp-json\/wp\/v2\/posts\/1458\/revisions"}],"predecessor-version":[{"id":1460,"href":"https:\/\/biciurba.com\/index.php\/wp-json\/wp\/v2\/posts\/1458\/revisions\/1460"}],"wp:featuredmedia":[{"embeddable":true,"href":"https:\/\/biciurba.com\/index.php\/wp-json\/wp\/v2\/media\/1459"}],"wp:attachment":[{"href":"https:\/\/biciurba.com\/index.php\/wp-json\/wp\/v2\/media?parent=1458"}],"wp:term":[{"taxonomy":"category","embeddable":true,"href":"https:\/\/biciurba.com\/index.php\/wp-json\/wp\/v2\/categories?post=1458"},{"taxonomy":"post_tag","embeddable":true,"href":"https:\/\/biciurba.com\/index.php\/wp-json\/wp\/v2\/tags?post=1458"}],"curies":[{"name":"wp","href":"https:\/\/api.w.org\/{rel}","templated":true}]}}