{"id":1461,"date":"2026-05-01T09:39:41","date_gmt":"2026-05-01T14:39:41","guid":{"rendered":"https:\/\/biciurba.com\/?p=1461"},"modified":"2026-05-01T09:42:04","modified_gmt":"2026-05-01T14:42:04","slug":"eficientes-justas-y-a-la-medida-asi-son-las-bicicletas","status":"publish","type":"post","link":"https:\/\/biciurba.com\/index.php\/2026\/05\/01\/eficientes-justas-y-a-la-medida-asi-son-las-bicicletas\/","title":{"rendered":"Eficientes, justas y a la medida, as\u00ed son las bicicletas"},"content":{"rendered":"\n<p>Cuando decide rodar y hacer de la bici una compa\u00f1era inseparable, hay que revisar un poco este maravilloso invento de 1885 que ha evolucionado hasta lograr m\u00e1quinas estupendas y dise\u00f1adas para diferentes formas de uso. Recreativas y de competencia, en calle, pista o campo traviesa, para todos los gustos, desde lo m\u00e1s tranquilos hasta los m\u00e1s riesgosos, siempre esta ah\u00ed para llevarnos a donde queremos y podemos.<\/p>\n\n\n\n<p>Las usamos para ser m\u00e1s r\u00e1pidos individual o por equipos en pistas ovales, para largos trayectos entre valles y monta\u00f1as en competencias por equipos, competencias de explosi\u00f3n f\u00edsica en trayectos de pistas como la BMX, el ciclocr\u00f3s donde no solo se requieren piernas, tambi\u00e9n determinaci\u00f3n y coraje, as\u00ed las cosas determinar la bici apropiada ya no es tan f\u00e1cil.<\/p>\n\n\n\n<p>Hay que tener presente su estatura, porque la bici al igual que los zapatos deben ser c\u00f3modos, de su talla, aqu\u00ed no es que sean solo bonitos o de moda, aqu\u00ed es un tema de ajuste a tu cuerpo. Una bici que le quede peque\u00f1a es incomoda, da\u00f1a las articulaciones de las piernas y cadera y es un desperdicio de energ\u00eda. Si esta en la talla adecuada las piernas, rodillas y la articulaci\u00f3n de la cadera se lo agradecer\u00e1, adem\u00e1s de los brazos que estar\u00e1n en una posici\u00f3n m\u00e1s natural y la energ\u00eda no se desperdicia, se aplica de forma adecuada a todo el sistema de pedaleo.<\/p>\n\n\n\n<p>As\u00ed las bicis de competici\u00f3n en ruta se destacan por su ligereza y eficiencia en asfalto, son particularmente livianas para facilitar ascensos, de estructura perfilada para minimizar la resistencia al viento en los trayectos planos. Si el tema es competir en pista el cuadro es altamente aerodin\u00e1micos y manillares con acoples para que el ciclista adopte una postura casi horizontal. No intente llevarla a la carretera, se fatigar\u00e1 m\u00e1s r\u00e1pido por la forma como va sobre la bici.<\/p>\n\n\n\n<p>En la pista de competencia se usan las de pi\u00f1\u00f3n fijo, no tienen frenos y siempre debe pedalear, a\u00fan muy suave para no caerse. Tienen el eje del pedalier m\u00e1s alto para no rozar el suelo en las curvas inclinadas del vel\u00f3dromo. Son muy especializadas y no son para la calle o el parque.<\/p>\n\n\n\n<p>Si lo suyo es la aventura las bici de monta\u00f1a MTB, o las de cross-country XC son muy ligeras y por los impactos del terreno en toda la estructura pueden ser r\u00edgidas con solo suspensi\u00f3n delantera o de doble suspensi\u00f3n con recorrido corto de 100-120mm. Si le gusta la modalidad enduro debe llevar doble suspensi\u00f3n con mayor recorrido de150-170mm para absorber grandes impactos en bajadas t\u00e9cnicas.<\/p>\n\n\n\n<p>Si usted hace parte de los m\u00e1s atrevidos y le gusta la adrenalina en sus m\u00e1ximos registros lo suyo es la modalidad Downhill, donde el peso y la robustez, con suspensiones de largo recorrido (200mm) y geometr\u00edas pensadas exclusivamente para bajar, son la norma. Aqu\u00ed adem\u00e1s de la bici la ropa debe ser adecuada para protecci\u00f3n al m\u00e1ximo por ca\u00eddas, impactos y rodadas sobre el terreno, casco con protecci\u00f3n total, especialmente la mand\u00edbula, guantes, botas, en fin, la protecci\u00f3n es alta porque el riesgo de \u00e9sta pr\u00e1ctica tambi\u00e9n lo es.<\/p>\n\n\n<div class=\"wp-block-image\">\n<figure class=\"aligncenter size-large is-resized\"><img loading=\"lazy\" decoding=\"async\" width=\"1024\" height=\"768\" src=\"https:\/\/biciurba.com\/wp-content\/uploads\/2026\/05\/P1290782-1024x768.jpg\" alt=\"\" class=\"wp-image-1463\" style=\"width:521px;height:auto\" srcset=\"https:\/\/biciurba.com\/wp-content\/uploads\/2026\/05\/P1290782-1024x768.jpg 1024w, https:\/\/biciurba.com\/wp-content\/uploads\/2026\/05\/P1290782-300x225.jpg 300w, https:\/\/biciurba.com\/wp-content\/uploads\/2026\/05\/P1290782-768x576.jpg 768w, https:\/\/biciurba.com\/wp-content\/uploads\/2026\/05\/P1290782-1536x1152.jpg 1536w, https:\/\/biciurba.com\/wp-content\/uploads\/2026\/05\/P1290782-2048x1536.jpg 2048w, https:\/\/biciurba.com\/wp-content\/uploads\/2026\/05\/P1290782-560x420.jpg 560w, https:\/\/biciurba.com\/wp-content\/uploads\/2026\/05\/P1290782-80x60.jpg 80w, https:\/\/biciurba.com\/wp-content\/uploads\/2026\/05\/P1290782-100x75.jpg 100w, https:\/\/biciurba.com\/wp-content\/uploads\/2026\/05\/P1290782-180x135.jpg 180w, https:\/\/biciurba.com\/wp-content\/uploads\/2026\/05\/P1290782-238x178.jpg 238w, https:\/\/biciurba.com\/wp-content\/uploads\/2026\/05\/P1290782-640x480.jpg 640w, https:\/\/biciurba.com\/wp-content\/uploads\/2026\/05\/P1290782-681x511.jpg 681w\" sizes=\"(max-width: 1024px) 100vw, 1024px\" \/><\/figure><\/div>\n\n\n<p>Quedan otras modalidades con bicis construidas para tal fin como las de BMX, ciclocr\u00f3s, y las h\u00edbridas, esta \u00faltimas son bastante comunes y sirven para rodar en carreteras, en terrenos destapados y se caracterizan por sus llantas de taco. Si quiere hacer espect\u00e1culo en el parque en las pistas de saltos y rampas las de trial son las indicadas, son muy peque\u00f1as, con cuadros reforzados y sin sill\u00edn, dise\u00f1adas para saltar y mantener el equilibrio sobre obst\u00e1culos.<\/p>\n\n\n\n<p>Cuando decida adquirir a sus compa\u00f1era considere el uso y el material adecuado en su construcci\u00f3n, que ciertamente influir\u00e1 directamente en costos.<\/p>\n\n\n\n<p>Para ciclismo de ruta y pista se usa la fibra de carbono y es el est\u00e1ndar en alta competici\u00f3n por su excelente relaci\u00f3n rigidez-peso. Permite absorber vibraciones del asfalto sin perder eficiencia en el pedaleo. En las gamas medias el aluminio esta presente favoreciendo la rigidez del marco aunque se siente m\u00e1s las vibraciones, pero es m\u00e1s econ\u00f3mico.<\/p>\n\n\n\n<p>Para el ciclismo de monta\u00f1a el aluminio es el preferido por su durabilidad y resistencia a impactos accidentales con rocas. Tambi\u00e9n esta la estructura en carbono por m\u00e1xima ligereza. Algunas opciones est\u00e1n construidas en titanio y son virtualmente indestructible, ligero y con una flexibilidad natural que mejora la comodidad en baches.<\/p>\n\n\n\n<p>En BMX la mezcla de acero cromo-molibdeno esencial en Freestyle por su capacidad para soportar grandes tensiones y ca\u00eddas sin romperse y en la modalidad BMX Race el aluminio permite mayor aceleraci\u00f3n en el arranque y durante la competencia en pista.<\/p>\n\n\n\n<p>Como se puede observar la adquisici\u00f3n de la bici no solo es dinero y pinta, es importante determinar su uso, la edad del usuario y su estado f\u00edsico en general. Si quiere hacer recorridos largos, cortos, en ciudad, parques, carreteras, o de aventura, todo depende de lo que busque y del presupuesto. Lo importante es la comodidad, eficiencia en el pedaleo, resistencia del material y mantener en buen estado su compa\u00f1era de aventuras para que pueda disfrutar por largo tiempo de esta actividad f\u00edsica que nos hace sentir sanos en todo nuestro organismo.<\/p>\n\n\n<div class=\"wp-block-image\">\n<figure class=\"aligncenter size-large is-resized\"><img loading=\"lazy\" decoding=\"async\" width=\"1024\" height=\"768\" src=\"https:\/\/biciurba.com\/wp-content\/uploads\/2026\/05\/P1290775-1024x768.jpg\" alt=\"\" class=\"wp-image-1464\" style=\"width:585px;height:auto\" srcset=\"https:\/\/biciurba.com\/wp-content\/uploads\/2026\/05\/P1290775-1024x768.jpg 1024w, https:\/\/biciurba.com\/wp-content\/uploads\/2026\/05\/P1290775-300x225.jpg 300w, https:\/\/biciurba.com\/wp-content\/uploads\/2026\/05\/P1290775-768x576.jpg 768w, https:\/\/biciurba.com\/wp-content\/uploads\/2026\/05\/P1290775-1536x1152.jpg 1536w, https:\/\/biciurba.com\/wp-content\/uploads\/2026\/05\/P1290775-2048x1536.jpg 2048w, https:\/\/biciurba.com\/wp-content\/uploads\/2026\/05\/P1290775-560x420.jpg 560w, https:\/\/biciurba.com\/wp-content\/uploads\/2026\/05\/P1290775-80x60.jpg 80w, https:\/\/biciurba.com\/wp-content\/uploads\/2026\/05\/P1290775-100x75.jpg 100w, https:\/\/biciurba.com\/wp-content\/uploads\/2026\/05\/P1290775-180x135.jpg 180w, https:\/\/biciurba.com\/wp-content\/uploads\/2026\/05\/P1290775-238x178.jpg 238w, https:\/\/biciurba.com\/wp-content\/uploads\/2026\/05\/P1290775-640x480.jpg 640w, https:\/\/biciurba.com\/wp-content\/uploads\/2026\/05\/P1290775-681x511.jpg 681w\" sizes=\"(max-width: 1024px) 100vw, 1024px\" \/><\/figure><\/div>\n\n\n<p>Sea cual fuere su uso, recuerde siempre llevar casco, guantes, anteojos de seguridad, ropa adecuada, hidrataci\u00f3n y cumplir con las normas de transito y la buena convivencia en las ciclorrutas, todos somos responsables de todos.<\/p>\n","protected":false},"excerpt":{"rendered":"<p>Cuando decide rodar y hacer de la bici una compa\u00f1era inseparable, hay que revisar un poco este maravilloso invento de 1885 que ha evolucionado hasta lograr m\u00e1quinas estupendas y dise\u00f1adas para diferentes formas de uso. Recreativas y de competencia, en calle, pista o campo traviesa, para todos los gustos, desde lo m\u00e1s tranquilos hasta los [&hellip;]<\/p>\n","protected":false},"author":1,"featured_media":1462,"comment_status":"open","ping_status":"open","sticky":false,"template":"","format":"standard","meta":{"footnotes":""},"categories":[1,50],"tags":[],"class_list":["post-1461","post","type-post","status-publish","format-standard","has-post-thumbnail","hentry","category-blog","category-salud-y-bienestar"],"yoast_head":"<!-- This site is optimized with the Yoast SEO plugin v23.9 - https:\/\/yoast.com\/wordpress\/plugins\/seo\/ -->\n<title>Eficientes, justas y a la medida, as\u00ed son las bicicletas - Biciurba<\/title>\n<meta name=\"description\" content=\"Seleccionar una bici es tanto como escoger los zapatos m\u00e1s adecuados a nuestros pies.\" \/>\n<meta name=\"robots\" content=\"index, follow, max-snippet:-1, max-image-preview:large, max-video-preview:-1\" \/>\n<link rel=\"canonical\" href=\"https:\/\/biciurba.com\/index.php\/2026\/05\/01\/eficientes-justas-y-a-la-medida-asi-son-las-bicicletas\/\" \/>\n<meta property=\"og:locale\" content=\"es_ES\" \/>\n<meta property=\"og:type\" content=\"article\" \/>\n<meta property=\"og:title\" content=\"Eficientes, justas y a la medida, as\u00ed son las bicicletas - Biciurba\" \/>\n<meta property=\"og:description\" content=\"Seleccionar una bici es tanto como escoger los zapatos m\u00e1s adecuados a nuestros pies.\" \/>\n<meta property=\"og:url\" content=\"https:\/\/biciurba.com\/index.php\/2026\/05\/01\/eficientes-justas-y-a-la-medida-asi-son-las-bicicletas\/\" \/>\n<meta property=\"og:site_name\" content=\"Biciurba\" \/>\n<meta property=\"article:published_time\" content=\"2026-05-01T14:39:41+00:00\" \/>\n<meta property=\"article:modified_time\" content=\"2026-05-01T14:42:04+00:00\" \/>\n<meta property=\"og:image\" content=\"https:\/\/biciurba.com\/wp-content\/uploads\/2026\/05\/venta-de-bicis.jpeg\" \/>\n\t<meta property=\"og:image:width\" content=\"1920\" \/>\n\t<meta property=\"og:image:height\" content=\"1357\" \/>\n\t<meta property=\"og:image:type\" content=\"image\/jpeg\" \/>\n<meta name=\"author\" content=\"Carlos Cantor\" \/>\n<meta name=\"twitter:card\" content=\"summary_large_image\" \/>\n<meta name=\"twitter:label1\" content=\"Escrito por\" \/>\n\t<meta name=\"twitter:data1\" content=\"Carlos Cantor\" \/>\n\t<meta name=\"twitter:label2\" content=\"Tiempo de lectura\" \/>\n\t<meta name=\"twitter:data2\" content=\"5 minutos\" \/>\n<script type=\"application\/ld+json\" class=\"yoast-schema-graph\">{\"@context\":\"https:\/\/schema.org\",\"@graph\":[{\"@type\":\"Article\",\"@id\":\"https:\/\/biciurba.com\/index.php\/2026\/05\/01\/eficientes-justas-y-a-la-medida-asi-son-las-bicicletas\/#article\",\"isPartOf\":{\"@id\":\"https:\/\/biciurba.com\/index.php\/2026\/05\/01\/eficientes-justas-y-a-la-medida-asi-son-las-bicicletas\/\"},\"author\":{\"name\":\"Carlos Cantor\",\"@id\":\"https:\/\/biciurba.com\/#\/schema\/person\/d9675ddf29ee982d268db0a3f239eced\"},\"headline\":\"Eficientes, justas y a la medida, as\u00ed son las bicicletas\",\"datePublished\":\"2026-05-01T14:39:41+00:00\",\"dateModified\":\"2026-05-01T14:42:04+00:00\",\"mainEntityOfPage\":{\"@id\":\"https:\/\/biciurba.com\/index.php\/2026\/05\/01\/eficientes-justas-y-a-la-medida-asi-son-las-bicicletas\/\"},\"wordCount\":986,\"commentCount\":0,\"publisher\":{\"@id\":\"https:\/\/biciurba.com\/#\/schema\/person\/d9675ddf29ee982d268db0a3f239eced\"},\"image\":{\"@id\":\"https:\/\/biciurba.com\/index.php\/2026\/05\/01\/eficientes-justas-y-a-la-medida-asi-son-las-bicicletas\/#primaryimage\"},\"thumbnailUrl\":\"https:\/\/biciurba.com\/wp-content\/uploads\/2026\/05\/venta-de-bicis.jpeg\",\"articleSection\":[\"Editorial\",\"Vida Buena\"],\"inLanguage\":\"es\",\"potentialAction\":[{\"@type\":\"CommentAction\",\"name\":\"Comment\",\"target\":[\"https:\/\/biciurba.com\/index.php\/2026\/05\/01\/eficientes-justas-y-a-la-medida-asi-son-las-bicicletas\/#respond\"]}]},{\"@type\":\"WebPage\",\"@id\":\"https:\/\/biciurba.com\/index.php\/2026\/05\/01\/eficientes-justas-y-a-la-medida-asi-son-las-bicicletas\/\",\"url\":\"https:\/\/biciurba.com\/index.php\/2026\/05\/01\/eficientes-justas-y-a-la-medida-asi-son-las-bicicletas\/\",\"name\":\"Eficientes, justas y a la medida, as\u00ed son las bicicletas - Biciurba\",\"isPartOf\":{\"@id\":\"https:\/\/biciurba.com\/#website\"},\"primaryImageOfPage\":{\"@id\":\"https:\/\/biciurba.com\/index.php\/2026\/05\/01\/eficientes-justas-y-a-la-medida-asi-son-las-bicicletas\/#primaryimage\"},\"image\":{\"@id\":\"https:\/\/biciurba.com\/index.php\/2026\/05\/01\/eficientes-justas-y-a-la-medida-asi-son-las-bicicletas\/#primaryimage\"},\"thumbnailUrl\":\"https:\/\/biciurba.com\/wp-content\/uploads\/2026\/05\/venta-de-bicis.jpeg\",\"datePublished\":\"2026-05-01T14:39:41+00:00\",\"dateModified\":\"2026-05-01T14:42:04+00:00\",\"description\":\"Seleccionar una bici es tanto como escoger los zapatos m\u00e1s adecuados a nuestros pies.\",\"breadcrumb\":{\"@id\":\"https:\/\/biciurba.com\/index.php\/2026\/05\/01\/eficientes-justas-y-a-la-medida-asi-son-las-bicicletas\/#breadcrumb\"},\"inLanguage\":\"es\",\"potentialAction\":[{\"@type\":\"ReadAction\",\"target\":[\"https:\/\/biciurba.com\/index.php\/2026\/05\/01\/eficientes-justas-y-a-la-medida-asi-son-las-bicicletas\/\"]}]},{\"@type\":\"ImageObject\",\"inLanguage\":\"es\",\"@id\":\"https:\/\/biciurba.com\/index.php\/2026\/05\/01\/eficientes-justas-y-a-la-medida-asi-son-las-bicicletas\/#primaryimage\",\"url\":\"https:\/\/biciurba.com\/wp-content\/uploads\/2026\/05\/venta-de-bicis.jpeg\",\"contentUrl\":\"https:\/\/biciurba.com\/wp-content\/uploads\/2026\/05\/venta-de-bicis.jpeg\",\"width\":1920,\"height\":1357,\"caption\":\"Para todos los gustos y disciplinas deportivas, las bicis est\u00e1n ah\u00ed.\"},{\"@type\":\"BreadcrumbList\",\"@id\":\"https:\/\/biciurba.com\/index.php\/2026\/05\/01\/eficientes-justas-y-a-la-medida-asi-son-las-bicicletas\/#breadcrumb\",\"itemListElement\":[{\"@type\":\"ListItem\",\"position\":1,\"name\":\"Portada\",\"item\":\"https:\/\/biciurba.com\/\"},{\"@type\":\"ListItem\",\"position\":2,\"name\":\"Eficientes, justas y a la medida, as\u00ed son las bicicletas\"}]},{\"@type\":\"WebSite\",\"@id\":\"https:\/\/biciurba.com\/#website\",\"url\":\"https:\/\/biciurba.com\/\",\"name\":\"Biciurba\",\"description\":\"Una mejor manera de vivir\",\"publisher\":{\"@id\":\"https:\/\/biciurba.com\/#\/schema\/person\/d9675ddf29ee982d268db0a3f239eced\"},\"potentialAction\":[{\"@type\":\"SearchAction\",\"target\":{\"@type\":\"EntryPoint\",\"urlTemplate\":\"https:\/\/biciurba.com\/?s={search_term_string}\"},\"query-input\":{\"@type\":\"PropertyValueSpecification\",\"valueRequired\":true,\"valueName\":\"search_term_string\"}}],\"inLanguage\":\"es\"},{\"@type\":[\"Person\",\"Organization\"],\"@id\":\"https:\/\/biciurba.com\/#\/schema\/person\/d9675ddf29ee982d268db0a3f239eced\",\"name\":\"Carlos Cantor\",\"image\":{\"@type\":\"ImageObject\",\"inLanguage\":\"es\",\"@id\":\"https:\/\/biciurba.com\/#\/schema\/person\/image\/\",\"url\":\"https:\/\/biciurba.com\/wp-content\/uploads\/2024\/04\/cropped-logo-1.png\",\"contentUrl\":\"https:\/\/biciurba.com\/wp-content\/uploads\/2024\/04\/cropped-logo-1.png\",\"width\":512,\"height\":318,\"caption\":\"Carlos Cantor\"},\"logo\":{\"@id\":\"https:\/\/biciurba.com\/#\/schema\/person\/image\/\"},\"sameAs\":[\"https:\/\/biciurba.com\"],\"url\":\"https:\/\/biciurba.com\/index.php\/author\/ccantor\/\"}]}<\/script>\n<!-- \/ Yoast SEO plugin. -->","yoast_head_json":{"title":"Eficientes, justas y a la medida, as\u00ed son las bicicletas - Biciurba","description":"Seleccionar una bici es tanto como escoger los zapatos m\u00e1s adecuados a nuestros pies.","robots":{"index":"index","follow":"follow","max-snippet":"max-snippet:-1","max-image-preview":"max-image-preview:large","max-video-preview":"max-video-preview:-1"},"canonical":"https:\/\/biciurba.com\/index.php\/2026\/05\/01\/eficientes-justas-y-a-la-medida-asi-son-las-bicicletas\/","og_locale":"es_ES","og_type":"article","og_title":"Eficientes, justas y a la medida, as\u00ed son las bicicletas - Biciurba","og_description":"Seleccionar una bici es tanto como escoger los zapatos m\u00e1s adecuados a nuestros pies.","og_url":"https:\/\/biciurba.com\/index.php\/2026\/05\/01\/eficientes-justas-y-a-la-medida-asi-son-las-bicicletas\/","og_site_name":"Biciurba","article_published_time":"2026-05-01T14:39:41+00:00","article_modified_time":"2026-05-01T14:42:04+00:00","og_image":[{"width":1920,"height":1357,"url":"https:\/\/biciurba.com\/wp-content\/uploads\/2026\/05\/venta-de-bicis.jpeg","type":"image\/jpeg"}],"author":"Carlos Cantor","twitter_card":"summary_large_image","twitter_misc":{"Escrito por":"Carlos Cantor","Tiempo de lectura":"5 minutos"},"schema":{"@context":"https:\/\/schema.org","@graph":[{"@type":"Article","@id":"https:\/\/biciurba.com\/index.php\/2026\/05\/01\/eficientes-justas-y-a-la-medida-asi-son-las-bicicletas\/#article","isPartOf":{"@id":"https:\/\/biciurba.com\/index.php\/2026\/05\/01\/eficientes-justas-y-a-la-medida-asi-son-las-bicicletas\/"},"author":{"name":"Carlos Cantor","@id":"https:\/\/biciurba.com\/#\/schema\/person\/d9675ddf29ee982d268db0a3f239eced"},"headline":"Eficientes, justas y a la medida, as\u00ed son las bicicletas","datePublished":"2026-05-01T14:39:41+00:00","dateModified":"2026-05-01T14:42:04+00:00","mainEntityOfPage":{"@id":"https:\/\/biciurba.com\/index.php\/2026\/05\/01\/eficientes-justas-y-a-la-medida-asi-son-las-bicicletas\/"},"wordCount":986,"commentCount":0,"publisher":{"@id":"https:\/\/biciurba.com\/#\/schema\/person\/d9675ddf29ee982d268db0a3f239eced"},"image":{"@id":"https:\/\/biciurba.com\/index.php\/2026\/05\/01\/eficientes-justas-y-a-la-medida-asi-son-las-bicicletas\/#primaryimage"},"thumbnailUrl":"https:\/\/biciurba.com\/wp-content\/uploads\/2026\/05\/venta-de-bicis.jpeg","articleSection":["Editorial","Vida Buena"],"inLanguage":"es","potentialAction":[{"@type":"CommentAction","name":"Comment","target":["https:\/\/biciurba.com\/index.php\/2026\/05\/01\/eficientes-justas-y-a-la-medida-asi-son-las-bicicletas\/#respond"]}]},{"@type":"WebPage","@id":"https:\/\/biciurba.com\/index.php\/2026\/05\/01\/eficientes-justas-y-a-la-medida-asi-son-las-bicicletas\/","url":"https:\/\/biciurba.com\/index.php\/2026\/05\/01\/eficientes-justas-y-a-la-medida-asi-son-las-bicicletas\/","name":"Eficientes, justas y a la medida, as\u00ed son las bicicletas - Biciurba","isPartOf":{"@id":"https:\/\/biciurba.com\/#website"},"primaryImageOfPage":{"@id":"https:\/\/biciurba.com\/index.php\/2026\/05\/01\/eficientes-justas-y-a-la-medida-asi-son-las-bicicletas\/#primaryimage"},"image":{"@id":"https:\/\/biciurba.com\/index.php\/2026\/05\/01\/eficientes-justas-y-a-la-medida-asi-son-las-bicicletas\/#primaryimage"},"thumbnailUrl":"https:\/\/biciurba.com\/wp-content\/uploads\/2026\/05\/venta-de-bicis.jpeg","datePublished":"2026-05-01T14:39:41+00:00","dateModified":"2026-05-01T14:42:04+00:00","description":"Seleccionar una bici es tanto como escoger los zapatos m\u00e1s adecuados a nuestros pies.","breadcrumb":{"@id":"https:\/\/biciurba.com\/index.php\/2026\/05\/01\/eficientes-justas-y-a-la-medida-asi-son-las-bicicletas\/#breadcrumb"},"inLanguage":"es","potentialAction":[{"@type":"ReadAction","target":["https:\/\/biciurba.com\/index.php\/2026\/05\/01\/eficientes-justas-y-a-la-medida-asi-son-las-bicicletas\/"]}]},{"@type":"ImageObject","inLanguage":"es","@id":"https:\/\/biciurba.com\/index.php\/2026\/05\/01\/eficientes-justas-y-a-la-medida-asi-son-las-bicicletas\/#primaryimage","url":"https:\/\/biciurba.com\/wp-content\/uploads\/2026\/05\/venta-de-bicis.jpeg","contentUrl":"https:\/\/biciurba.com\/wp-content\/uploads\/2026\/05\/venta-de-bicis.jpeg","width":1920,"height":1357,"caption":"Para todos los gustos y disciplinas deportivas, las bicis est\u00e1n ah\u00ed."},{"@type":"BreadcrumbList","@id":"https:\/\/biciurba.com\/index.php\/2026\/05\/01\/eficientes-justas-y-a-la-medida-asi-son-las-bicicletas\/#breadcrumb","itemListElement":[{"@type":"ListItem","position":1,"name":"Portada","item":"https:\/\/biciurba.com\/"},{"@type":"ListItem","position":2,"name":"Eficientes, justas y a la medida, as\u00ed son las bicicletas"}]},{"@type":"WebSite","@id":"https:\/\/biciurba.com\/#website","url":"https:\/\/biciurba.com\/","name":"Biciurba","description":"Una mejor manera de vivir","publisher":{"@id":"https:\/\/biciurba.com\/#\/schema\/person\/d9675ddf29ee982d268db0a3f239eced"},"potentialAction":[{"@type":"SearchAction","target":{"@type":"EntryPoint","urlTemplate":"https:\/\/biciurba.com\/?s={search_term_string}"},"query-input":{"@type":"PropertyValueSpecification","valueRequired":true,"valueName":"search_term_string"}}],"inLanguage":"es"},{"@type":["Person","Organization"],"@id":"https:\/\/biciurba.com\/#\/schema\/person\/d9675ddf29ee982d268db0a3f239eced","name":"Carlos Cantor","image":{"@type":"ImageObject","inLanguage":"es","@id":"https:\/\/biciurba.com\/#\/schema\/person\/image\/","url":"https:\/\/biciurba.com\/wp-content\/uploads\/2024\/04\/cropped-logo-1.png","contentUrl":"https:\/\/biciurba.com\/wp-content\/uploads\/2024\/04\/cropped-logo-1.png","width":512,"height":318,"caption":"Carlos Cantor"},"logo":{"@id":"https:\/\/biciurba.com\/#\/schema\/person\/image\/"},"sameAs":["https:\/\/biciurba.com"],"url":"https:\/\/biciurba.com\/index.php\/author\/ccantor\/"}]}},"_links":{"self":[{"href":"https:\/\/biciurba.com\/index.php\/wp-json\/wp\/v2\/posts\/1461"}],"collection":[{"href":"https:\/\/biciurba.com\/index.php\/wp-json\/wp\/v2\/posts"}],"about":[{"href":"https:\/\/biciurba.com\/index.php\/wp-json\/wp\/v2\/types\/post"}],"author":[{"embeddable":true,"href":"https:\/\/biciurba.com\/index.php\/wp-json\/wp\/v2\/users\/1"}],"replies":[{"embeddable":true,"href":"https:\/\/biciurba.com\/index.php\/wp-json\/wp\/v2\/comments?post=1461"}],"version-history":[{"count":1,"href":"https:\/\/biciurba.com\/index.php\/wp-json\/wp\/v2\/posts\/1461\/revisions"}],"predecessor-version":[{"id":1465,"href":"https:\/\/biciurba.com\/index.php\/wp-json\/wp\/v2\/posts\/1461\/revisions\/1465"}],"wp:featuredmedia":[{"embeddable":true,"href":"https:\/\/biciurba.com\/index.php\/wp-json\/wp\/v2\/media\/1462"}],"wp:attachment":[{"href":"https:\/\/biciurba.com\/index.php\/wp-json\/wp\/v2\/media?parent=1461"}],"wp:term":[{"taxonomy":"category","embeddable":true,"href":"https:\/\/biciurba.com\/index.php\/wp-json\/wp\/v2\/categories?post=1461"},{"taxonomy":"post_tag","embeddable":true,"href":"https:\/\/biciurba.com\/index.php\/wp-json\/wp\/v2\/tags?post=1461"}],"curies":[{"name":"wp","href":"https:\/\/api.w.org\/{rel}","templated":true}]}}