{"id":2085,"date":"2026-08-31T05:02:00","date_gmt":"2026-08-31T10:02:00","guid":{"rendered":"https:\/\/biciurba.com\/?p=2085"},"modified":"2026-08-30T17:34:40","modified_gmt":"2026-08-30T22:34:40","slug":"el-motor-de-la-bicicleta-tambien-necesita-mantenimiento-y-buen-trato","status":"publish","type":"post","link":"https:\/\/biciurba.com\/index.php\/2026\/08\/31\/el-motor-de-la-bicicleta-tambien-necesita-mantenimiento-y-buen-trato\/","title":{"rendered":"El motor de la bicicleta tambi\u00e9n necesita mantenimiento y buen trato"},"content":{"rendered":"\n<p>Hay una costumbre bastante extendida entre quienes montamos bicicleta: somos extraordinariamente cuidadosos con la m\u00e1quina y bastante descuidados con quien la conduce.<\/p>\n\n\n\n<p>Antes de salir revisamos las llantas, los frenos, la cadena, los cambios, la presi\u00f3n de aire y hasta ese peque\u00f1o ruido que apareci\u00f3 ayer y que, seg\u00fan nosotros, \u201cno es nada\u201d. Pero al ciclista nadie le revisa las piernas. Ni la espalda. Ni las rodillas. Ni la cadera. Mucho menos el coraz\u00f3n.<\/p>\n\n\n<div class=\"wp-block-image\">\n<figure class=\"alignleft size-full is-resized\"><img loading=\"lazy\" decoding=\"async\" width=\"640\" height=\"480\" src=\"https:\/\/biciurba.com\/wp-content\/uploads\/2026\/08\/oficinista-1.jpg\" alt=\"\" class=\"wp-image-2087\" style=\"width:369px;height:auto\" srcset=\"https:\/\/biciurba.com\/wp-content\/uploads\/2026\/08\/oficinista-1.jpg 640w, https:\/\/biciurba.com\/wp-content\/uploads\/2026\/08\/oficinista-1-300x225.jpg 300w, https:\/\/biciurba.com\/wp-content\/uploads\/2026\/08\/oficinista-1-560x420.jpg 560w, https:\/\/biciurba.com\/wp-content\/uploads\/2026\/08\/oficinista-1-80x60.jpg 80w, https:\/\/biciurba.com\/wp-content\/uploads\/2026\/08\/oficinista-1-100x75.jpg 100w, https:\/\/biciurba.com\/wp-content\/uploads\/2026\/08\/oficinista-1-180x135.jpg 180w, https:\/\/biciurba.com\/wp-content\/uploads\/2026\/08\/oficinista-1-238x178.jpg 238w\" sizes=\"(max-width: 640px) 100vw, 640px\" \/><\/figure><\/div>\n\n\n<p>El urbano es particularmente curioso. Se levanta, se viste, monta la bicicleta y arranca. No hay calentamiento, no hay preparaci\u00f3n muscular y, cuando llega a destino, tampoco hay estiramiento. La \u00fanica t\u00e9cnica que desarrolla con verdadera disciplina es intentar no sudar la camisa. Y cuando eso fracasa, aparece el plan B: una muda de ropa en la mochila.<\/p>\n\n\n\n<p>El ciclista de fin de semana tampoco se queda atr\u00e1s. El s\u00e1bado prepara la bicicleta, llena los termos, compra unas barras, unos bananos, quiz\u00e1 algo de panela y aparece puntual para salir con \u201cel equipo\u201d. Y comienza la aventura: 80, 100, 120 kil\u00f3metros o los que determine el entusiasmo colectivo.<\/p>\n\n\n\n<p>Todo muy bien organizado, excepto por un peque\u00f1o detalle: nadie parece haber preparado al ciclista. Porque una cosa es tener una bicicleta preparada para recorrer 100 kil\u00f3metros y otra muy distinta es tener un cuerpo preparado para hacerlo.<\/p>\n\n\n\n<p>La medicina deportiva lleva a\u00f1os diciendo que el ejercicio debe progresar de manera gradual y que el entrenamiento no deber\u00eda limitarse a una sola capacidad. La OMS recomienda para los adultos entre 150 y 300 minutos semanales de actividad aer\u00f3bica moderada \u2014o su equivalente vigoroso\u2014 y ejercicios de fortalecimiento muscular al menos dos d\u00edas por semana.<\/p>\n\n\n\n<p>Es decir, pedalear sirve much\u00edsimo, pero pedalear no lo resuelve todo. El cuerpo del ciclista es una m\u00e1quina bastante m\u00e1s sofisticada que una bicicleta de 21 cambios. Cada pedalazo involucra m\u00fasculos, tendones y articulaciones que trabajan miles de veces durante una salida. Rodillas, tobillos, caderas, columna lumbar, cuello, hombros y hasta las manos reciben una carga repetitiva.<\/p>\n\n\n<div class=\"wp-block-image\">\n<figure class=\"alignleft size-full is-resized\"><img loading=\"lazy\" decoding=\"async\" width=\"640\" height=\"480\" src=\"https:\/\/biciurba.com\/wp-content\/uploads\/2026\/08\/excursionistas-bici.jpg\" alt=\"\" class=\"wp-image-2088\" style=\"width:395px;height:auto\" srcset=\"https:\/\/biciurba.com\/wp-content\/uploads\/2026\/08\/excursionistas-bici.jpg 640w, https:\/\/biciurba.com\/wp-content\/uploads\/2026\/08\/excursionistas-bici-300x225.jpg 300w, https:\/\/biciurba.com\/wp-content\/uploads\/2026\/08\/excursionistas-bici-560x420.jpg 560w, https:\/\/biciurba.com\/wp-content\/uploads\/2026\/08\/excursionistas-bici-80x60.jpg 80w, https:\/\/biciurba.com\/wp-content\/uploads\/2026\/08\/excursionistas-bici-100x75.jpg 100w, https:\/\/biciurba.com\/wp-content\/uploads\/2026\/08\/excursionistas-bici-180x135.jpg 180w, https:\/\/biciurba.com\/wp-content\/uploads\/2026\/08\/excursionistas-bici-238x178.jpg 238w\" sizes=\"(max-width: 640px) 100vw, 640px\" \/><\/figure><\/div>\n\n\n<p>Y ah\u00ed empiezan los problemas cuando confundimos entusiasmo con preparaci\u00f3n. Las lesiones por sobreuso son frecuentes entre los ciclistas. La literatura m\u00e9dica se\u00f1ala especialmente molestias en rodillas, cadera y zona lumbar, y relaciona buena parte de estos problemas con incrementos bruscos de carga, t\u00e9cnica, posici\u00f3n y otros factores individuales.<\/p>\n\n\n\n<p>La rodilla, por ejemplo, no entiende de grupos de WhatsApp ni de retos personales. Si el cuerpo no est\u00e1 preparado para aumentar de repente la distancia o la intensidad, probablemente terminar\u00e1 cobrando la factura. Y la factura puede llegar precisamente cuando uno est\u00e1 orgulloso de haber completado esos kil\u00f3metros que nunca hab\u00eda entrenado.<\/p>\n\n\n\n<p>Por eso el calentamiento no deber\u00eda ser visto como una p\u00e9rdida de tiempo. Unos minutos de movilidad y activaci\u00f3n antes de comenzar pueden ser una forma sencilla de decirle al organismo: \u201cse\u00f1ores, vamos a trabajar\u201d.<\/p>\n\n\n\n<p>Y despu\u00e9s viene otro asunto que solemos olvidar: la recuperaci\u00f3n. Terminar una rodada, bajarse de la bicicleta y dirigirse directamente a la ducha, al almuerzo o a la cerveza de celebraci\u00f3n puede ser una tradici\u00f3n muy arraigada, pero no necesariamente una buena estrategia de recuperaci\u00f3n. El organismo necesita alimentaci\u00f3n adecuada, hidrataci\u00f3n, descanso y, dependiendo del nivel de exigencia, trabajo espec\u00edfico de movilidad, fuerza y recuperaci\u00f3n.<\/p>\n\n\n\n<p>Tambi\u00e9n hay que hablar de alimentaci\u00f3n al ciclista urbano que vive corriendo contra el reloj y suele resolver el desayuno con cualquier cosa, el almuerzo con lo que aparezca y la cena con lo que quede, luego se pregunta por qu\u00e9 est\u00e1 cansado.<\/p>\n\n\n\n<p>Y el ciclista deportivo puede caer en el extremo contrario: creer que una barra de prote\u00edna, un suplemento o una bebida \u201cespecial para deportistas\u201d compensar\u00e1 una alimentaci\u00f3n desordenada, no necesariamente.<\/p>\n\n\n<div class=\"wp-block-image\">\n<figure class=\"alignleft size-full is-resized\"><img loading=\"lazy\" decoding=\"async\" width=\"640\" height=\"480\" src=\"https:\/\/biciurba.com\/wp-content\/uploads\/2026\/08\/ciclistafindesemana.jpg\" alt=\"\" class=\"wp-image-2089\" style=\"width:400px;height:auto\" srcset=\"https:\/\/biciurba.com\/wp-content\/uploads\/2026\/08\/ciclistafindesemana.jpg 640w, https:\/\/biciurba.com\/wp-content\/uploads\/2026\/08\/ciclistafindesemana-300x225.jpg 300w, https:\/\/biciurba.com\/wp-content\/uploads\/2026\/08\/ciclistafindesemana-560x420.jpg 560w, https:\/\/biciurba.com\/wp-content\/uploads\/2026\/08\/ciclistafindesemana-80x60.jpg 80w, https:\/\/biciurba.com\/wp-content\/uploads\/2026\/08\/ciclistafindesemana-100x75.jpg 100w, https:\/\/biciurba.com\/wp-content\/uploads\/2026\/08\/ciclistafindesemana-180x135.jpg 180w, https:\/\/biciurba.com\/wp-content\/uploads\/2026\/08\/ciclistafindesemana-238x178.jpg 238w\" sizes=\"(max-width: 640px) 100vw, 640px\" \/><\/figure><\/div>\n\n\n<p>Las recomendaciones de nutrici\u00f3n deportiva destacan la importancia de cubrir adecuadamente las necesidades de energ\u00eda, carbohidratos, prote\u00ednas y l\u00edquidos antes, durante y despu\u00e9s del ejercicio. Para quienes entrenan con mayor volumen, la alimentaci\u00f3n debe responder a la carga real de trabajo y, cuando se necesita una estrategia personalizada, lo sensato es acudir a un profesional de nutrici\u00f3n deportiva.<\/p>\n\n\n\n<p>Y aqu\u00ed aparece otro cap\u00edtulo poco simp\u00e1tico: tabaco, alcohol y drogas. No tiene mucho sentido entrenar para mejorar la capacidad cardiovascular y despu\u00e9s someter al organismo a sustancias que hacen justamente lo contrario. El tabaco aumenta el riesgo cardiovascular y perjudica el transporte de ox\u00edgeno; el consumo excesivo de alcohol tambi\u00e9n incrementa diversos riesgos para la salud, y conducir una cicla embriagado o drogado es penalizado por las normas de tr\u00e1nsito, adem\u00e1s de poner al\u201dsuicida\u201d en un alt\u00edsimo riesgo de un accidente.<\/p>\n\n\n\n<p>Dicho en lenguaje <strong><em>BiciUrba<\/em><\/strong>: no podemos ponerle gasolina de mala calidad al ciclista y esperar que funcione como una bicicleta de competencia. Tambi\u00e9n debemos aprender a escuchar el cuerpo. Un dolor que aparece repetidamente no es necesariamente \u201cparte del entrenamiento\u201d. Puede ser una se\u00f1al de que algo est\u00e1 mal: la carga, la t\u00e9cnica, la posici\u00f3n sobre la bicicleta, la fuerza muscular o simplemente que necesitamos descansar.<\/p>\n\n\n\n<p>Y aqu\u00ed la bicicleta tambi\u00e9n tiene responsabilidad. Una mala adaptaci\u00f3n entre m\u00e1quina y ciclista puede contribuir a molestias y lesiones, aunque la ciencia tambi\u00e9n advierte que no existe una \u00fanica medida m\u00e1gica de \u201cbike fit\u201d capaz de explicar todos los dolores. Cada cuerpo es diferente.<\/p>\n\n\n\n<p>Finalmente, para quienes hacen ciclismo deportivo o recorridos exigentes, un chequeo m\u00e9dico especializado peri\u00f3dico no deber\u00eda ser considerado una exageraci\u00f3n. La evaluaci\u00f3n previa a la pr\u00e1ctica deportiva permite identificar antecedentes y condiciones cardiovasculares, musculoesquel\u00e9ticas y otros factores que pueden afectar la seguridad del ejercicio.<\/p>\n\n\n<div class=\"wp-block-image\">\n<figure class=\"alignleft size-full is-resized\"><img loading=\"lazy\" decoding=\"async\" width=\"640\" height=\"480\" src=\"https:\/\/biciurba.com\/wp-content\/uploads\/2026\/08\/de-fin-de-semana.jpg\" alt=\"\" class=\"wp-image-2091\" style=\"width:403px;height:auto\" srcset=\"https:\/\/biciurba.com\/wp-content\/uploads\/2026\/08\/de-fin-de-semana.jpg 640w, https:\/\/biciurba.com\/wp-content\/uploads\/2026\/08\/de-fin-de-semana-300x225.jpg 300w, https:\/\/biciurba.com\/wp-content\/uploads\/2026\/08\/de-fin-de-semana-560x420.jpg 560w, https:\/\/biciurba.com\/wp-content\/uploads\/2026\/08\/de-fin-de-semana-80x60.jpg 80w, https:\/\/biciurba.com\/wp-content\/uploads\/2026\/08\/de-fin-de-semana-100x75.jpg 100w, https:\/\/biciurba.com\/wp-content\/uploads\/2026\/08\/de-fin-de-semana-180x135.jpg 180w, https:\/\/biciurba.com\/wp-content\/uploads\/2026\/08\/de-fin-de-semana-238x178.jpg 238w\" sizes=\"(max-width: 640px) 100vw, 640px\" \/><\/figure><\/div>\n\n\n<p>Porque aqu\u00ed est\u00e1 el asunto fundamental: la bicicleta puede cambiarse; las rodillas no vienen con repuestos en la caja de herramientas. Podemos limpiar la cadena, lubricar los cambios, ajustar los frenos, inflar las llantas y consentir nuestra bicicleta todo lo que queramos. Y debemos hacerlo, pero antes de revisar la m\u00e1quina, hay que revisar al ciclista.<\/p>\n\n\n\n<p>Calentar, fortalecer, alimentarse bien, hidratarse, descansar, controlar las cargas, escuchar el dolor, evitar el tabaco y las drogas, moderar \u2014o mejor evitar\u2014 el alcohol y hacerse controles m\u00e9dicos cuando corresponda no son exigencias para convertirse en campe\u00f3n.<\/p>\n\n\n\n<p>Son simplemente formas razonables de conseguir algo mucho m\u00e1s importante: seguir pedaleando durante muchos a\u00f1os. Porque al final, la bicicleta tiene cadena, cambios y frenos, nosotros solamente tenemos un cuerpo, y ese s\u00ed que no se consigue en una tienda de bicicletas.<\/p>\n","protected":false},"excerpt":{"rendered":"<p>Hay una costumbre bastante extendida entre quienes montamos bicicleta: somos extraordinariamente cuidadosos con la m\u00e1quina y bastante descuidados con quien la conduce. Antes de salir revisamos las llantas, los frenos, la cadena, los cambios, la presi\u00f3n de aire y hasta ese peque\u00f1o ruido que apareci\u00f3 ayer y que, seg\u00fan nosotros, \u201cno es nada\u201d. Pero al [&hellip;]<\/p>\n","protected":false},"author":1,"featured_media":2086,"comment_status":"open","ping_status":"open","sticky":false,"template":"","format":"standard","meta":{"footnotes":""},"categories":[49,50],"tags":[],"class_list":["post-2085","post","type-post","status-publish","format-standard","has-post-thumbnail","hentry","category-movilidad-urbana","category-salud-y-bienestar"],"yoast_head":"<!-- This site is optimized with the Yoast SEO plugin v23.9 - https:\/\/yoast.com\/wordpress\/plugins\/seo\/ -->\n<title>El motor de la bicicleta tambi\u00e9n necesita mantenimiento y buen trato - Biciurba<\/title>\n<meta name=\"description\" content=\"El ciclismo como toda actividad f\u00edsica requiere seguir pautas de preparaci\u00f3n para evitar lesiones o da\u00f1os graves a nuestra salud\" \/>\n<meta name=\"robots\" content=\"index, follow, max-snippet:-1, max-image-preview:large, max-video-preview:-1\" \/>\n<link rel=\"canonical\" href=\"https:\/\/biciurba.com\/index.php\/2026\/08\/31\/el-motor-de-la-bicicleta-tambien-necesita-mantenimiento-y-buen-trato\/\" \/>\n<meta property=\"og:locale\" content=\"es_ES\" \/>\n<meta property=\"og:type\" content=\"article\" \/>\n<meta property=\"og:title\" content=\"El motor de la bicicleta tambi\u00e9n necesita mantenimiento y buen trato - Biciurba\" \/>\n<meta property=\"og:description\" content=\"El ciclismo como toda actividad f\u00edsica requiere seguir pautas de preparaci\u00f3n para evitar lesiones o da\u00f1os graves a nuestra salud\" \/>\n<meta property=\"og:url\" content=\"https:\/\/biciurba.com\/index.php\/2026\/08\/31\/el-motor-de-la-bicicleta-tambien-necesita-mantenimiento-y-buen-trato\/\" \/>\n<meta property=\"og:site_name\" content=\"Biciurba\" \/>\n<meta property=\"article:published_time\" content=\"2026-08-31T10:02:00+00:00\" \/>\n<meta property=\"article:modified_time\" content=\"2026-08-30T22:34:40+00:00\" \/>\n<meta property=\"og:image\" content=\"https:\/\/biciurba.com\/wp-content\/uploads\/2026\/08\/ciclistaurbano.jpg\" \/>\n\t<meta property=\"og:image:width\" content=\"640\" \/>\n\t<meta property=\"og:image:height\" content=\"480\" \/>\n\t<meta property=\"og:image:type\" content=\"image\/jpeg\" \/>\n<meta name=\"author\" content=\"Carlos Cantor\" \/>\n<meta name=\"twitter:card\" content=\"summary_large_image\" \/>\n<meta name=\"twitter:label1\" content=\"Escrito por\" \/>\n\t<meta name=\"twitter:data1\" content=\"Carlos Cantor\" \/>\n\t<meta name=\"twitter:label2\" content=\"Tiempo de lectura\" \/>\n\t<meta name=\"twitter:data2\" content=\"6 minutos\" \/>\n<script type=\"application\/ld+json\" class=\"yoast-schema-graph\">{\"@context\":\"https:\/\/schema.org\",\"@graph\":[{\"@type\":\"Article\",\"@id\":\"https:\/\/biciurba.com\/index.php\/2026\/08\/31\/el-motor-de-la-bicicleta-tambien-necesita-mantenimiento-y-buen-trato\/#article\",\"isPartOf\":{\"@id\":\"https:\/\/biciurba.com\/index.php\/2026\/08\/31\/el-motor-de-la-bicicleta-tambien-necesita-mantenimiento-y-buen-trato\/\"},\"author\":{\"name\":\"Carlos Cantor\",\"@id\":\"https:\/\/biciurba.com\/#\/schema\/person\/d9675ddf29ee982d268db0a3f239eced\"},\"headline\":\"El motor de la bicicleta tambi\u00e9n necesita mantenimiento y buen trato\",\"datePublished\":\"2026-08-31T10:02:00+00:00\",\"dateModified\":\"2026-08-30T22:34:40+00:00\",\"mainEntityOfPage\":{\"@id\":\"https:\/\/biciurba.com\/index.php\/2026\/08\/31\/el-motor-de-la-bicicleta-tambien-necesita-mantenimiento-y-buen-trato\/\"},\"wordCount\":1124,\"commentCount\":0,\"publisher\":{\"@id\":\"https:\/\/biciurba.com\/#\/schema\/person\/d9675ddf29ee982d268db0a3f239eced\"},\"image\":{\"@id\":\"https:\/\/biciurba.com\/index.php\/2026\/08\/31\/el-motor-de-la-bicicleta-tambien-necesita-mantenimiento-y-buen-trato\/#primaryimage\"},\"thumbnailUrl\":\"https:\/\/biciurba.com\/wp-content\/uploads\/2026\/08\/ciclistaurbano.jpg\",\"articleSection\":[\"Eco-movilidad\",\"Vida Buena\"],\"inLanguage\":\"es\",\"potentialAction\":[{\"@type\":\"CommentAction\",\"name\":\"Comment\",\"target\":[\"https:\/\/biciurba.com\/index.php\/2026\/08\/31\/el-motor-de-la-bicicleta-tambien-necesita-mantenimiento-y-buen-trato\/#respond\"]}]},{\"@type\":\"WebPage\",\"@id\":\"https:\/\/biciurba.com\/index.php\/2026\/08\/31\/el-motor-de-la-bicicleta-tambien-necesita-mantenimiento-y-buen-trato\/\",\"url\":\"https:\/\/biciurba.com\/index.php\/2026\/08\/31\/el-motor-de-la-bicicleta-tambien-necesita-mantenimiento-y-buen-trato\/\",\"name\":\"El motor de la bicicleta tambi\u00e9n necesita mantenimiento y buen trato - Biciurba\",\"isPartOf\":{\"@id\":\"https:\/\/biciurba.com\/#website\"},\"primaryImageOfPage\":{\"@id\":\"https:\/\/biciurba.com\/index.php\/2026\/08\/31\/el-motor-de-la-bicicleta-tambien-necesita-mantenimiento-y-buen-trato\/#primaryimage\"},\"image\":{\"@id\":\"https:\/\/biciurba.com\/index.php\/2026\/08\/31\/el-motor-de-la-bicicleta-tambien-necesita-mantenimiento-y-buen-trato\/#primaryimage\"},\"thumbnailUrl\":\"https:\/\/biciurba.com\/wp-content\/uploads\/2026\/08\/ciclistaurbano.jpg\",\"datePublished\":\"2026-08-31T10:02:00+00:00\",\"dateModified\":\"2026-08-30T22:34:40+00:00\",\"description\":\"El ciclismo como toda actividad f\u00edsica requiere seguir pautas de preparaci\u00f3n para evitar lesiones o da\u00f1os graves a nuestra salud\",\"breadcrumb\":{\"@id\":\"https:\/\/biciurba.com\/index.php\/2026\/08\/31\/el-motor-de-la-bicicleta-tambien-necesita-mantenimiento-y-buen-trato\/#breadcrumb\"},\"inLanguage\":\"es\",\"potentialAction\":[{\"@type\":\"ReadAction\",\"target\":[\"https:\/\/biciurba.com\/index.php\/2026\/08\/31\/el-motor-de-la-bicicleta-tambien-necesita-mantenimiento-y-buen-trato\/\"]}]},{\"@type\":\"ImageObject\",\"inLanguage\":\"es\",\"@id\":\"https:\/\/biciurba.com\/index.php\/2026\/08\/31\/el-motor-de-la-bicicleta-tambien-necesita-mantenimiento-y-buen-trato\/#primaryimage\",\"url\":\"https:\/\/biciurba.com\/wp-content\/uploads\/2026\/08\/ciclistaurbano.jpg\",\"contentUrl\":\"https:\/\/biciurba.com\/wp-content\/uploads\/2026\/08\/ciclistaurbano.jpg\",\"width\":640,\"height\":480,\"caption\":\"La bicicleta recibe mantenimiento porque sabemos que puede da\u00f1arse; el ciclista muchas veces espera a da\u00f1arse para acordarse de que tambi\u00e9n necesita mantenimiento.\"},{\"@type\":\"BreadcrumbList\",\"@id\":\"https:\/\/biciurba.com\/index.php\/2026\/08\/31\/el-motor-de-la-bicicleta-tambien-necesita-mantenimiento-y-buen-trato\/#breadcrumb\",\"itemListElement\":[{\"@type\":\"ListItem\",\"position\":1,\"name\":\"Portada\",\"item\":\"https:\/\/biciurba.com\/\"},{\"@type\":\"ListItem\",\"position\":2,\"name\":\"El motor de la bicicleta tambi\u00e9n necesita mantenimiento y buen trato\"}]},{\"@type\":\"WebSite\",\"@id\":\"https:\/\/biciurba.com\/#website\",\"url\":\"https:\/\/biciurba.com\/\",\"name\":\"Biciurba\",\"description\":\"Una mejor manera de vivir\",\"publisher\":{\"@id\":\"https:\/\/biciurba.com\/#\/schema\/person\/d9675ddf29ee982d268db0a3f239eced\"},\"potentialAction\":[{\"@type\":\"SearchAction\",\"target\":{\"@type\":\"EntryPoint\",\"urlTemplate\":\"https:\/\/biciurba.com\/?s={search_term_string}\"},\"query-input\":{\"@type\":\"PropertyValueSpecification\",\"valueRequired\":true,\"valueName\":\"search_term_string\"}}],\"inLanguage\":\"es\"},{\"@type\":[\"Person\",\"Organization\"],\"@id\":\"https:\/\/biciurba.com\/#\/schema\/person\/d9675ddf29ee982d268db0a3f239eced\",\"name\":\"Carlos Cantor\",\"image\":{\"@type\":\"ImageObject\",\"inLanguage\":\"es\",\"@id\":\"https:\/\/biciurba.com\/#\/schema\/person\/image\/\",\"url\":\"https:\/\/biciurba.com\/wp-content\/uploads\/2024\/04\/cropped-logo-1.png\",\"contentUrl\":\"https:\/\/biciurba.com\/wp-content\/uploads\/2024\/04\/cropped-logo-1.png\",\"width\":512,\"height\":318,\"caption\":\"Carlos Cantor\"},\"logo\":{\"@id\":\"https:\/\/biciurba.com\/#\/schema\/person\/image\/\"},\"sameAs\":[\"https:\/\/biciurba.com\"],\"url\":\"https:\/\/biciurba.com\/index.php\/author\/ccantor\/\"}]}<\/script>\n<!-- \/ Yoast SEO plugin. -->","yoast_head_json":{"title":"El motor de la bicicleta tambi\u00e9n necesita mantenimiento y buen trato - Biciurba","description":"El ciclismo como toda actividad f\u00edsica requiere seguir pautas de preparaci\u00f3n para evitar lesiones o da\u00f1os graves a nuestra salud","robots":{"index":"index","follow":"follow","max-snippet":"max-snippet:-1","max-image-preview":"max-image-preview:large","max-video-preview":"max-video-preview:-1"},"canonical":"https:\/\/biciurba.com\/index.php\/2026\/08\/31\/el-motor-de-la-bicicleta-tambien-necesita-mantenimiento-y-buen-trato\/","og_locale":"es_ES","og_type":"article","og_title":"El motor de la bicicleta tambi\u00e9n necesita mantenimiento y buen trato - Biciurba","og_description":"El ciclismo como toda actividad f\u00edsica requiere seguir pautas de preparaci\u00f3n para evitar lesiones o da\u00f1os graves a nuestra salud","og_url":"https:\/\/biciurba.com\/index.php\/2026\/08\/31\/el-motor-de-la-bicicleta-tambien-necesita-mantenimiento-y-buen-trato\/","og_site_name":"Biciurba","article_published_time":"2026-08-31T10:02:00+00:00","article_modified_time":"2026-08-30T22:34:40+00:00","og_image":[{"width":640,"height":480,"url":"https:\/\/biciurba.com\/wp-content\/uploads\/2026\/08\/ciclistaurbano.jpg","type":"image\/jpeg"}],"author":"Carlos Cantor","twitter_card":"summary_large_image","twitter_misc":{"Escrito por":"Carlos Cantor","Tiempo de lectura":"6 minutos"},"schema":{"@context":"https:\/\/schema.org","@graph":[{"@type":"Article","@id":"https:\/\/biciurba.com\/index.php\/2026\/08\/31\/el-motor-de-la-bicicleta-tambien-necesita-mantenimiento-y-buen-trato\/#article","isPartOf":{"@id":"https:\/\/biciurba.com\/index.php\/2026\/08\/31\/el-motor-de-la-bicicleta-tambien-necesita-mantenimiento-y-buen-trato\/"},"author":{"name":"Carlos Cantor","@id":"https:\/\/biciurba.com\/#\/schema\/person\/d9675ddf29ee982d268db0a3f239eced"},"headline":"El motor de la bicicleta tambi\u00e9n necesita mantenimiento y buen trato","datePublished":"2026-08-31T10:02:00+00:00","dateModified":"2026-08-30T22:34:40+00:00","mainEntityOfPage":{"@id":"https:\/\/biciurba.com\/index.php\/2026\/08\/31\/el-motor-de-la-bicicleta-tambien-necesita-mantenimiento-y-buen-trato\/"},"wordCount":1124,"commentCount":0,"publisher":{"@id":"https:\/\/biciurba.com\/#\/schema\/person\/d9675ddf29ee982d268db0a3f239eced"},"image":{"@id":"https:\/\/biciurba.com\/index.php\/2026\/08\/31\/el-motor-de-la-bicicleta-tambien-necesita-mantenimiento-y-buen-trato\/#primaryimage"},"thumbnailUrl":"https:\/\/biciurba.com\/wp-content\/uploads\/2026\/08\/ciclistaurbano.jpg","articleSection":["Eco-movilidad","Vida Buena"],"inLanguage":"es","potentialAction":[{"@type":"CommentAction","name":"Comment","target":["https:\/\/biciurba.com\/index.php\/2026\/08\/31\/el-motor-de-la-bicicleta-tambien-necesita-mantenimiento-y-buen-trato\/#respond"]}]},{"@type":"WebPage","@id":"https:\/\/biciurba.com\/index.php\/2026\/08\/31\/el-motor-de-la-bicicleta-tambien-necesita-mantenimiento-y-buen-trato\/","url":"https:\/\/biciurba.com\/index.php\/2026\/08\/31\/el-motor-de-la-bicicleta-tambien-necesita-mantenimiento-y-buen-trato\/","name":"El motor de la bicicleta tambi\u00e9n necesita mantenimiento y buen trato - Biciurba","isPartOf":{"@id":"https:\/\/biciurba.com\/#website"},"primaryImageOfPage":{"@id":"https:\/\/biciurba.com\/index.php\/2026\/08\/31\/el-motor-de-la-bicicleta-tambien-necesita-mantenimiento-y-buen-trato\/#primaryimage"},"image":{"@id":"https:\/\/biciurba.com\/index.php\/2026\/08\/31\/el-motor-de-la-bicicleta-tambien-necesita-mantenimiento-y-buen-trato\/#primaryimage"},"thumbnailUrl":"https:\/\/biciurba.com\/wp-content\/uploads\/2026\/08\/ciclistaurbano.jpg","datePublished":"2026-08-31T10:02:00+00:00","dateModified":"2026-08-30T22:34:40+00:00","description":"El ciclismo como toda actividad f\u00edsica requiere seguir pautas de preparaci\u00f3n para evitar lesiones o da\u00f1os graves a nuestra salud","breadcrumb":{"@id":"https:\/\/biciurba.com\/index.php\/2026\/08\/31\/el-motor-de-la-bicicleta-tambien-necesita-mantenimiento-y-buen-trato\/#breadcrumb"},"inLanguage":"es","potentialAction":[{"@type":"ReadAction","target":["https:\/\/biciurba.com\/index.php\/2026\/08\/31\/el-motor-de-la-bicicleta-tambien-necesita-mantenimiento-y-buen-trato\/"]}]},{"@type":"ImageObject","inLanguage":"es","@id":"https:\/\/biciurba.com\/index.php\/2026\/08\/31\/el-motor-de-la-bicicleta-tambien-necesita-mantenimiento-y-buen-trato\/#primaryimage","url":"https:\/\/biciurba.com\/wp-content\/uploads\/2026\/08\/ciclistaurbano.jpg","contentUrl":"https:\/\/biciurba.com\/wp-content\/uploads\/2026\/08\/ciclistaurbano.jpg","width":640,"height":480,"caption":"La bicicleta recibe mantenimiento porque sabemos que puede da\u00f1arse; el ciclista muchas veces espera a da\u00f1arse para acordarse de que tambi\u00e9n necesita mantenimiento."},{"@type":"BreadcrumbList","@id":"https:\/\/biciurba.com\/index.php\/2026\/08\/31\/el-motor-de-la-bicicleta-tambien-necesita-mantenimiento-y-buen-trato\/#breadcrumb","itemListElement":[{"@type":"ListItem","position":1,"name":"Portada","item":"https:\/\/biciurba.com\/"},{"@type":"ListItem","position":2,"name":"El motor de la bicicleta tambi\u00e9n necesita mantenimiento y buen trato"}]},{"@type":"WebSite","@id":"https:\/\/biciurba.com\/#website","url":"https:\/\/biciurba.com\/","name":"Biciurba","description":"Una mejor manera de vivir","publisher":{"@id":"https:\/\/biciurba.com\/#\/schema\/person\/d9675ddf29ee982d268db0a3f239eced"},"potentialAction":[{"@type":"SearchAction","target":{"@type":"EntryPoint","urlTemplate":"https:\/\/biciurba.com\/?s={search_term_string}"},"query-input":{"@type":"PropertyValueSpecification","valueRequired":true,"valueName":"search_term_string"}}],"inLanguage":"es"},{"@type":["Person","Organization"],"@id":"https:\/\/biciurba.com\/#\/schema\/person\/d9675ddf29ee982d268db0a3f239eced","name":"Carlos Cantor","image":{"@type":"ImageObject","inLanguage":"es","@id":"https:\/\/biciurba.com\/#\/schema\/person\/image\/","url":"https:\/\/biciurba.com\/wp-content\/uploads\/2024\/04\/cropped-logo-1.png","contentUrl":"https:\/\/biciurba.com\/wp-content\/uploads\/2024\/04\/cropped-logo-1.png","width":512,"height":318,"caption":"Carlos Cantor"},"logo":{"@id":"https:\/\/biciurba.com\/#\/schema\/person\/image\/"},"sameAs":["https:\/\/biciurba.com"],"url":"https:\/\/biciurba.com\/index.php\/author\/ccantor\/"}]}},"_links":{"self":[{"href":"https:\/\/biciurba.com\/index.php\/wp-json\/wp\/v2\/posts\/2085"}],"collection":[{"href":"https:\/\/biciurba.com\/index.php\/wp-json\/wp\/v2\/posts"}],"about":[{"href":"https:\/\/biciurba.com\/index.php\/wp-json\/wp\/v2\/types\/post"}],"author":[{"embeddable":true,"href":"https:\/\/biciurba.com\/index.php\/wp-json\/wp\/v2\/users\/1"}],"replies":[{"embeddable":true,"href":"https:\/\/biciurba.com\/index.php\/wp-json\/wp\/v2\/comments?post=2085"}],"version-history":[{"count":2,"href":"https:\/\/biciurba.com\/index.php\/wp-json\/wp\/v2\/posts\/2085\/revisions"}],"predecessor-version":[{"id":2093,"href":"https:\/\/biciurba.com\/index.php\/wp-json\/wp\/v2\/posts\/2085\/revisions\/2093"}],"wp:featuredmedia":[{"embeddable":true,"href":"https:\/\/biciurba.com\/index.php\/wp-json\/wp\/v2\/media\/2086"}],"wp:attachment":[{"href":"https:\/\/biciurba.com\/index.php\/wp-json\/wp\/v2\/media?parent=2085"}],"wp:term":[{"taxonomy":"category","embeddable":true,"href":"https:\/\/biciurba.com\/index.php\/wp-json\/wp\/v2\/categories?post=2085"},{"taxonomy":"post_tag","embeddable":true,"href":"https:\/\/biciurba.com\/index.php\/wp-json\/wp\/v2\/tags?post=2085"}],"curies":[{"name":"wp","href":"https:\/\/api.w.org\/{rel}","templated":true}]}}