{"id":2115,"date":"2026-09-04T05:00:00","date_gmt":"2026-09-04T10:00:00","guid":{"rendered":"https:\/\/biciurba.com\/?p=2115"},"modified":"2026-09-03T10:47:51","modified_gmt":"2026-09-03T15:47:51","slug":"el-nino-nos-obliga-a-ahorrar-por-que-no-empezar-pedaleando","status":"publish","type":"post","link":"https:\/\/biciurba.com\/index.php\/2026\/09\/04\/el-nino-nos-obliga-a-ahorrar-por-que-no-empezar-pedaleando\/","title":{"rendered":"El Ni\u00f1o nos obliga a ahorrar\u2026 \u00bfpor qu\u00e9 no empezar pedaleando?"},"content":{"rendered":"\n<p>Hay fen\u00f3menos de la naturaleza que uno quisiera recibir con sombrilla, gafas oscuras y paciencia. Pero El Ni\u00f1o no viene precisamente de paseo. Menos lluvias, temperaturas elevadas, riesgo de incendios, presi\u00f3n sobre los embalses y posibles restricciones de agua y energ\u00eda terminan llevando el fen\u00f3meno hasta nuestra propia casa.<\/p>\n\n\n\n<p>Y all\u00ed aparece una pregunta sencilla: \u00bfqu\u00e9 podemos hacer nosotros?<\/p>\n\n\n\n<p>Porque el ahorro de agua y energ\u00eda no puede ser responsabilidad exclusiva del Gobierno o de las empresas de servicios p\u00fablicos. Tambi\u00e9n corresponde a quienes vivimos en apartamentos, casas, conjuntos, fincas y, especialmente, a quienes todav\u00eda creen que abrir una llave o encender un interruptor no tiene consecuencias porque \u201cpara eso pagamos\u201d.<\/p>\n\n\n\n<p>En Colombia buena parte de la generaci\u00f3n el\u00e9ctrica depende de las hidroel\u00e9ctricas. Cuando disminuye el nivel de los embalses, el sistema debe recurrir con mayor intensidad a las termoel\u00e9ctricas, que utilizan combustibles como gas y carb\u00f3n. Es decir, cuando falta agua para producir electricidad, podemos terminar utilizando m\u00e1s combustibles f\u00f3siles para mantener encendidas las luces.<\/p>\n\n\n\n<p>Una paradoja bastante inc\u00f3moda, la primera recomendaci\u00f3n es sencilla: consumir menos electricidad. Apagar luces innecesarias, utilizar iluminaci\u00f3n LED, desconectar equipos que permanecen en espera y aprovechar la luz natural son peque\u00f1as acciones que, multiplicadas por millones de hogares, dejan de ser peque\u00f1as. Tambi\u00e9n puede usar equipos que funcionan con bater\u00edas recargables para tener radio, l\u00e1mparas de lectura, o su computador port\u00e1til como oficina personal.<\/p>\n\n\n\n<p>En tierra fr\u00eda \u2014como llamamos los colombianos a nuestras ciudades de monta\u00f1a\u2014 conviene revisar especialmente calentadores, duchas el\u00e9ctricas y otros equipos destinados a combatir el fr\u00edo.<\/p>\n\n\n\n<p>En tierra caliente y en las zonas costeras, el gran consumidor suele ser el aire acondicionado. Antes de convertirlo en el trabajador m\u00e1s ocupado de la casa, conviene aprovechar ventilaci\u00f3n cruzada, cortinas, persianas, sombra, vegetaci\u00f3n y ventiladores cuando las condiciones lo permitan y si utilizamos aire acondicionado, tampoco es necesario convertir la sala en una nevera. Tambi\u00e9n puede usar ventiladores personales de bater\u00edas recargables.<\/p>\n\n\n\n<p>Colombia tiene sol de sobra. \u00bfPor qu\u00e9 no aprovecharlo? Los paneles solares pueden ser una alternativa para casas, peque\u00f1os comercios y conjuntos residenciales. En viviendas con techo propio puede estudiarse su instalaci\u00f3n; en apartamentos, la soluci\u00f3n puede ser colectiva para zonas comunes, iluminaci\u00f3n, bombas o calentamiento de agua, dependiendo de las condiciones.<\/p>\n\n\n\n<p>Pero hay una regla BiciUrba: antes de producir m\u00e1s energ\u00eda, aprendamos a desperdiciar menos. No tiene mucho sentido llenar el techo de paneles para continuar gastando electricidad sin necesidad. Y ya pronto llegan las fiestas de fin de a\u00f1o, bueno iluminaci\u00f3n LED alimentada con bater\u00edas recargables a trav\u00e9s de paneles solares.<\/p>\n\n\n\n<p>Al agua, otra oportunidad recogerse el agua que dejamos correr mientras esperamos que salga caliente de la ducha, y a\u00fan cuando nos ba\u00f1amos, con ella se puede para limpiar pisos u otros usos apropiados. Tambi\u00e9n podemos instalar dispositivos ahorradores, reparar fugas y reducir el tiempo bajo la ducha. Y cierre la llave en procesos de lavado de la vajilla, cuando nos lavamos los dientes o cuando nos afeitamos. Y si puede, recoja el agua de la lavadora, sirve para los sanitarios.<\/p>\n\n\n\n<p>La casa tambi\u00e9n puede defenderse del clima. En tierra caliente, proteger ventanas del sol, ventilar durante las horas m\u00e1s frescas y aprovechar \u00e1rboles y zonas de sombra puede disminuir el uso de equipos de refrigeraci\u00f3n. Plantas al interior tambi\u00e9n ayudan a mejoran la sensaci\u00f3n de frescura.<\/p>\n\n\n\n<p>En tierra fr\u00eda, aprovechar el sol durante el d\u00eda, cerrar cortinas al caer la tarde, revisar puertas y ventanas y evitar p\u00e9rdidas de calor puede reducir el consumo destinado a calentarnos. Y por supuesto, puede abrigarse con ropa que lo mantenga a buena temperatura. En ambos casos, la vivienda puede convertirse en nuestra primera herramienta de adaptaci\u00f3n.<\/p>\n\n\n\n<p>Y salgamos a la calle, todo esto nos lleva a la movilidad. Podemos ahorrar agua, apagar bombillos, instalar paneles solares y reutilizar agua, pero si para recorrer tres kil\u00f3metros seguimos encendiendo un motor de combusti\u00f3n, dejamos una parte importante de la conversaci\u00f3n por fuera.<\/p>\n\n\n\n<p>Autom\u00f3viles y motocicletas con motores de combusti\u00f3n siguen dependiendo de combustibles derivados del petr\u00f3leo. La motocicleta puede gastar menos combustible que un autom\u00f3vil, pero menos petr\u00f3leo sigue siendo petr\u00f3leo. La bicicleta tiene una ventaja elemental: no necesita gasolina, di\u00e9sel ni estaci\u00f3n de servicio, necesita piernas, y cuando esas piernas necesitan ayuda, existen las bicicletas el\u00e9ctricas.<\/p>\n\n\n\n<p>El cambio clim\u00e1tico tiene causas globales y la quema de combustibles f\u00f3siles es una de las principales. No vamos a detenerlo desde el grifo de la cocina ni con una bicicleta, pero s\u00ed podemos reducir nuestra propia huella. El Ni\u00f1o nos recuerda que el agua y la energ\u00eda no son infinitas. La pregunta es si vamos a esperar a que llegue el racionamiento para aprender a ahorrar, o si podemos convertir el ahorro en una costumbre.<\/p>\n\n\n\n<p>Porque, al final, cuidar el planeta tambi\u00e9n puede comenzar cerrando una llave, apagando un interruptor\u2026y sacando la bicicleta del bici parqueadero. Ah, y circular en bici tambi\u00e9n ayuda a disminuir las facturas de servicios cada mes y mejora el balance financiero mensual personal y familiar.<\/p>\n\n\n<div class=\"wp-block-image\">\n<figure class=\"aligncenter size-full is-resized\"><img loading=\"lazy\" decoding=\"async\" width=\"641\" height=\"482\" src=\"https:\/\/biciurba.com\/wp-content\/uploads\/2026\/09\/sequia.jpg\" alt=\"\" class=\"wp-image-2118\" style=\"width:641px;height:auto\" srcset=\"https:\/\/biciurba.com\/wp-content\/uploads\/2026\/09\/sequia.jpg 641w, https:\/\/biciurba.com\/wp-content\/uploads\/2026\/09\/sequia-300x226.jpg 300w, https:\/\/biciurba.com\/wp-content\/uploads\/2026\/09\/sequia-559x420.jpg 559w, https:\/\/biciurba.com\/wp-content\/uploads\/2026\/09\/sequia-80x60.jpg 80w, https:\/\/biciurba.com\/wp-content\/uploads\/2026\/09\/sequia-100x75.jpg 100w, https:\/\/biciurba.com\/wp-content\/uploads\/2026\/09\/sequia-180x135.jpg 180w, https:\/\/biciurba.com\/wp-content\/uploads\/2026\/09\/sequia-238x178.jpg 238w\" sizes=\"(max-width: 641px) 100vw, 641px\" \/><figcaption class=\"wp-element-caption\">No solo es  racionamiento de agua y de energ\u00eda, es la p\u00e9rdida de biodiversidad, alimentos y alteraci\u00f3n de los ecosistemas que afectan a todas las manifestaciones de la vida a nuestro alrededor<\/figcaption><\/figure><\/div>","protected":false},"excerpt":{"rendered":"<p>Hay fen\u00f3menos de la naturaleza que uno quisiera recibir con sombrilla, gafas oscuras y paciencia. Pero El Ni\u00f1o no viene precisamente de paseo. Menos lluvias, temperaturas elevadas, riesgo de incendios, presi\u00f3n sobre los embalses y posibles restricciones de agua y energ\u00eda terminan llevando el fen\u00f3meno hasta nuestra propia casa. Y all\u00ed aparece una pregunta sencilla: [&hellip;]<\/p>\n","protected":false},"author":1,"featured_media":2117,"comment_status":"open","ping_status":"open","sticky":false,"template":"","format":"standard","meta":{"footnotes":""},"categories":[95,49],"tags":[],"class_list":["post-2115","post","type-post","status-publish","format-standard","has-post-thumbnail","hentry","category-crisis-climatica","category-movilidad-urbana"],"yoast_head":"<!-- This site is optimized with the Yoast SEO plugin v23.9 - https:\/\/yoast.com\/wordpress\/plugins\/seo\/ -->\n<title>El Ni\u00f1o nos obliga a ahorrar\u2026 \u00bfpor qu\u00e9 no empezar pedaleando? - Biciurba<\/title>\n<meta name=\"description\" content=\"El fen\u00f3meno de El Ni\u00f1o afecta a todos los ecosistemas que nos rodea, no solo es nuestra incomodidad la \u00fanica que importa\" \/>\n<meta name=\"robots\" content=\"index, follow, max-snippet:-1, max-image-preview:large, max-video-preview:-1\" \/>\n<link rel=\"canonical\" href=\"https:\/\/biciurba.com\/index.php\/2026\/09\/04\/el-nino-nos-obliga-a-ahorrar-por-que-no-empezar-pedaleando\/\" \/>\n<meta property=\"og:locale\" content=\"es_ES\" \/>\n<meta property=\"og:type\" content=\"article\" \/>\n<meta property=\"og:title\" content=\"El Ni\u00f1o nos obliga a ahorrar\u2026 \u00bfpor qu\u00e9 no empezar pedaleando? - Biciurba\" \/>\n<meta property=\"og:description\" content=\"El fen\u00f3meno de El Ni\u00f1o afecta a todos los ecosistemas que nos rodea, no solo es nuestra incomodidad la \u00fanica que importa\" \/>\n<meta property=\"og:url\" content=\"https:\/\/biciurba.com\/index.php\/2026\/09\/04\/el-nino-nos-obliga-a-ahorrar-por-que-no-empezar-pedaleando\/\" \/>\n<meta property=\"og:site_name\" content=\"Biciurba\" \/>\n<meta property=\"article:published_time\" content=\"2026-09-04T10:00:00+00:00\" \/>\n<meta property=\"article:modified_time\" content=\"2026-09-03T15:47:51+00:00\" \/>\n<meta property=\"og:image\" content=\"https:\/\/biciurba.com\/wp-content\/uploads\/2026\/09\/ideam.jpg\" \/>\n\t<meta property=\"og:image:width\" content=\"641\" \/>\n\t<meta property=\"og:image:height\" content=\"482\" \/>\n\t<meta property=\"og:image:type\" content=\"image\/jpeg\" \/>\n<meta name=\"author\" content=\"Carlos Cantor\" \/>\n<meta name=\"twitter:card\" content=\"summary_large_image\" \/>\n<meta name=\"twitter:label1\" content=\"Escrito por\" \/>\n\t<meta name=\"twitter:data1\" content=\"Carlos Cantor\" \/>\n\t<meta name=\"twitter:label2\" content=\"Tiempo de lectura\" \/>\n\t<meta name=\"twitter:data2\" content=\"5 minutos\" \/>\n<script type=\"application\/ld+json\" class=\"yoast-schema-graph\">{\"@context\":\"https:\/\/schema.org\",\"@graph\":[{\"@type\":\"Article\",\"@id\":\"https:\/\/biciurba.com\/index.php\/2026\/09\/04\/el-nino-nos-obliga-a-ahorrar-por-que-no-empezar-pedaleando\/#article\",\"isPartOf\":{\"@id\":\"https:\/\/biciurba.com\/index.php\/2026\/09\/04\/el-nino-nos-obliga-a-ahorrar-por-que-no-empezar-pedaleando\/\"},\"author\":{\"name\":\"Carlos Cantor\",\"@id\":\"https:\/\/biciurba.com\/#\/schema\/person\/d9675ddf29ee982d268db0a3f239eced\"},\"headline\":\"El Ni\u00f1o nos obliga a ahorrar\u2026 \u00bfpor qu\u00e9 no empezar pedaleando?\",\"datePublished\":\"2026-09-04T10:00:00+00:00\",\"dateModified\":\"2026-09-03T15:47:51+00:00\",\"mainEntityOfPage\":{\"@id\":\"https:\/\/biciurba.com\/index.php\/2026\/09\/04\/el-nino-nos-obliga-a-ahorrar-por-que-no-empezar-pedaleando\/\"},\"wordCount\":949,\"commentCount\":0,\"publisher\":{\"@id\":\"https:\/\/biciurba.com\/#\/schema\/person\/d9675ddf29ee982d268db0a3f239eced\"},\"image\":{\"@id\":\"https:\/\/biciurba.com\/index.php\/2026\/09\/04\/el-nino-nos-obliga-a-ahorrar-por-que-no-empezar-pedaleando\/#primaryimage\"},\"thumbnailUrl\":\"https:\/\/biciurba.com\/wp-content\/uploads\/2026\/09\/ideam.jpg\",\"articleSection\":[\"Crisis clim\u00e1tica\",\"Eco-movilidad\"],\"inLanguage\":\"es\",\"potentialAction\":[{\"@type\":\"CommentAction\",\"name\":\"Comment\",\"target\":[\"https:\/\/biciurba.com\/index.php\/2026\/09\/04\/el-nino-nos-obliga-a-ahorrar-por-que-no-empezar-pedaleando\/#respond\"]}]},{\"@type\":\"WebPage\",\"@id\":\"https:\/\/biciurba.com\/index.php\/2026\/09\/04\/el-nino-nos-obliga-a-ahorrar-por-que-no-empezar-pedaleando\/\",\"url\":\"https:\/\/biciurba.com\/index.php\/2026\/09\/04\/el-nino-nos-obliga-a-ahorrar-por-que-no-empezar-pedaleando\/\",\"name\":\"El Ni\u00f1o nos obliga a ahorrar\u2026 \u00bfpor qu\u00e9 no empezar pedaleando? - Biciurba\",\"isPartOf\":{\"@id\":\"https:\/\/biciurba.com\/#website\"},\"primaryImageOfPage\":{\"@id\":\"https:\/\/biciurba.com\/index.php\/2026\/09\/04\/el-nino-nos-obliga-a-ahorrar-por-que-no-empezar-pedaleando\/#primaryimage\"},\"image\":{\"@id\":\"https:\/\/biciurba.com\/index.php\/2026\/09\/04\/el-nino-nos-obliga-a-ahorrar-por-que-no-empezar-pedaleando\/#primaryimage\"},\"thumbnailUrl\":\"https:\/\/biciurba.com\/wp-content\/uploads\/2026\/09\/ideam.jpg\",\"datePublished\":\"2026-09-04T10:00:00+00:00\",\"dateModified\":\"2026-09-03T15:47:51+00:00\",\"description\":\"El fen\u00f3meno de El Ni\u00f1o afecta a todos los ecosistemas que nos rodea, no solo es nuestra incomodidad la \u00fanica que importa\",\"breadcrumb\":{\"@id\":\"https:\/\/biciurba.com\/index.php\/2026\/09\/04\/el-nino-nos-obliga-a-ahorrar-por-que-no-empezar-pedaleando\/#breadcrumb\"},\"inLanguage\":\"es\",\"potentialAction\":[{\"@type\":\"ReadAction\",\"target\":[\"https:\/\/biciurba.com\/index.php\/2026\/09\/04\/el-nino-nos-obliga-a-ahorrar-por-que-no-empezar-pedaleando\/\"]}]},{\"@type\":\"ImageObject\",\"inLanguage\":\"es\",\"@id\":\"https:\/\/biciurba.com\/index.php\/2026\/09\/04\/el-nino-nos-obliga-a-ahorrar-por-que-no-empezar-pedaleando\/#primaryimage\",\"url\":\"https:\/\/biciurba.com\/wp-content\/uploads\/2026\/09\/ideam.jpg\",\"contentUrl\":\"https:\/\/biciurba.com\/wp-content\/uploads\/2026\/09\/ideam.jpg\",\"width\":641,\"height\":482,\"caption\":\"Ideam encendi\u00f3 las alertas sobre las condiciones clim\u00e1ticas que enfrentar\u00eda Colombia durante los pr\u00f3ximos meses\"},{\"@type\":\"BreadcrumbList\",\"@id\":\"https:\/\/biciurba.com\/index.php\/2026\/09\/04\/el-nino-nos-obliga-a-ahorrar-por-que-no-empezar-pedaleando\/#breadcrumb\",\"itemListElement\":[{\"@type\":\"ListItem\",\"position\":1,\"name\":\"Portada\",\"item\":\"https:\/\/biciurba.com\/\"},{\"@type\":\"ListItem\",\"position\":2,\"name\":\"El Ni\u00f1o nos obliga a ahorrar\u2026 \u00bfpor qu\u00e9 no empezar pedaleando?\"}]},{\"@type\":\"WebSite\",\"@id\":\"https:\/\/biciurba.com\/#website\",\"url\":\"https:\/\/biciurba.com\/\",\"name\":\"Biciurba\",\"description\":\"Una mejor manera de vivir\",\"publisher\":{\"@id\":\"https:\/\/biciurba.com\/#\/schema\/person\/d9675ddf29ee982d268db0a3f239eced\"},\"potentialAction\":[{\"@type\":\"SearchAction\",\"target\":{\"@type\":\"EntryPoint\",\"urlTemplate\":\"https:\/\/biciurba.com\/?s={search_term_string}\"},\"query-input\":{\"@type\":\"PropertyValueSpecification\",\"valueRequired\":true,\"valueName\":\"search_term_string\"}}],\"inLanguage\":\"es\"},{\"@type\":[\"Person\",\"Organization\"],\"@id\":\"https:\/\/biciurba.com\/#\/schema\/person\/d9675ddf29ee982d268db0a3f239eced\",\"name\":\"Carlos Cantor\",\"image\":{\"@type\":\"ImageObject\",\"inLanguage\":\"es\",\"@id\":\"https:\/\/biciurba.com\/#\/schema\/person\/image\/\",\"url\":\"https:\/\/biciurba.com\/wp-content\/uploads\/2024\/04\/cropped-logo-1.png\",\"contentUrl\":\"https:\/\/biciurba.com\/wp-content\/uploads\/2024\/04\/cropped-logo-1.png\",\"width\":512,\"height\":318,\"caption\":\"Carlos Cantor\"},\"logo\":{\"@id\":\"https:\/\/biciurba.com\/#\/schema\/person\/image\/\"},\"sameAs\":[\"https:\/\/biciurba.com\"],\"url\":\"https:\/\/biciurba.com\/index.php\/author\/ccantor\/\"}]}<\/script>\n<!-- \/ Yoast SEO plugin. -->","yoast_head_json":{"title":"El Ni\u00f1o nos obliga a ahorrar\u2026 \u00bfpor qu\u00e9 no empezar pedaleando? - Biciurba","description":"El fen\u00f3meno de El Ni\u00f1o afecta a todos los ecosistemas que nos rodea, no solo es nuestra incomodidad la \u00fanica que importa","robots":{"index":"index","follow":"follow","max-snippet":"max-snippet:-1","max-image-preview":"max-image-preview:large","max-video-preview":"max-video-preview:-1"},"canonical":"https:\/\/biciurba.com\/index.php\/2026\/09\/04\/el-nino-nos-obliga-a-ahorrar-por-que-no-empezar-pedaleando\/","og_locale":"es_ES","og_type":"article","og_title":"El Ni\u00f1o nos obliga a ahorrar\u2026 \u00bfpor qu\u00e9 no empezar pedaleando? - Biciurba","og_description":"El fen\u00f3meno de El Ni\u00f1o afecta a todos los ecosistemas que nos rodea, no solo es nuestra incomodidad la \u00fanica que importa","og_url":"https:\/\/biciurba.com\/index.php\/2026\/09\/04\/el-nino-nos-obliga-a-ahorrar-por-que-no-empezar-pedaleando\/","og_site_name":"Biciurba","article_published_time":"2026-09-04T10:00:00+00:00","article_modified_time":"2026-09-03T15:47:51+00:00","og_image":[{"width":641,"height":482,"url":"https:\/\/biciurba.com\/wp-content\/uploads\/2026\/09\/ideam.jpg","type":"image\/jpeg"}],"author":"Carlos Cantor","twitter_card":"summary_large_image","twitter_misc":{"Escrito por":"Carlos Cantor","Tiempo de lectura":"5 minutos"},"schema":{"@context":"https:\/\/schema.org","@graph":[{"@type":"Article","@id":"https:\/\/biciurba.com\/index.php\/2026\/09\/04\/el-nino-nos-obliga-a-ahorrar-por-que-no-empezar-pedaleando\/#article","isPartOf":{"@id":"https:\/\/biciurba.com\/index.php\/2026\/09\/04\/el-nino-nos-obliga-a-ahorrar-por-que-no-empezar-pedaleando\/"},"author":{"name":"Carlos Cantor","@id":"https:\/\/biciurba.com\/#\/schema\/person\/d9675ddf29ee982d268db0a3f239eced"},"headline":"El Ni\u00f1o nos obliga a ahorrar\u2026 \u00bfpor qu\u00e9 no empezar pedaleando?","datePublished":"2026-09-04T10:00:00+00:00","dateModified":"2026-09-03T15:47:51+00:00","mainEntityOfPage":{"@id":"https:\/\/biciurba.com\/index.php\/2026\/09\/04\/el-nino-nos-obliga-a-ahorrar-por-que-no-empezar-pedaleando\/"},"wordCount":949,"commentCount":0,"publisher":{"@id":"https:\/\/biciurba.com\/#\/schema\/person\/d9675ddf29ee982d268db0a3f239eced"},"image":{"@id":"https:\/\/biciurba.com\/index.php\/2026\/09\/04\/el-nino-nos-obliga-a-ahorrar-por-que-no-empezar-pedaleando\/#primaryimage"},"thumbnailUrl":"https:\/\/biciurba.com\/wp-content\/uploads\/2026\/09\/ideam.jpg","articleSection":["Crisis clim\u00e1tica","Eco-movilidad"],"inLanguage":"es","potentialAction":[{"@type":"CommentAction","name":"Comment","target":["https:\/\/biciurba.com\/index.php\/2026\/09\/04\/el-nino-nos-obliga-a-ahorrar-por-que-no-empezar-pedaleando\/#respond"]}]},{"@type":"WebPage","@id":"https:\/\/biciurba.com\/index.php\/2026\/09\/04\/el-nino-nos-obliga-a-ahorrar-por-que-no-empezar-pedaleando\/","url":"https:\/\/biciurba.com\/index.php\/2026\/09\/04\/el-nino-nos-obliga-a-ahorrar-por-que-no-empezar-pedaleando\/","name":"El Ni\u00f1o nos obliga a ahorrar\u2026 \u00bfpor qu\u00e9 no empezar pedaleando? - Biciurba","isPartOf":{"@id":"https:\/\/biciurba.com\/#website"},"primaryImageOfPage":{"@id":"https:\/\/biciurba.com\/index.php\/2026\/09\/04\/el-nino-nos-obliga-a-ahorrar-por-que-no-empezar-pedaleando\/#primaryimage"},"image":{"@id":"https:\/\/biciurba.com\/index.php\/2026\/09\/04\/el-nino-nos-obliga-a-ahorrar-por-que-no-empezar-pedaleando\/#primaryimage"},"thumbnailUrl":"https:\/\/biciurba.com\/wp-content\/uploads\/2026\/09\/ideam.jpg","datePublished":"2026-09-04T10:00:00+00:00","dateModified":"2026-09-03T15:47:51+00:00","description":"El fen\u00f3meno de El Ni\u00f1o afecta a todos los ecosistemas que nos rodea, no solo es nuestra incomodidad la \u00fanica que importa","breadcrumb":{"@id":"https:\/\/biciurba.com\/index.php\/2026\/09\/04\/el-nino-nos-obliga-a-ahorrar-por-que-no-empezar-pedaleando\/#breadcrumb"},"inLanguage":"es","potentialAction":[{"@type":"ReadAction","target":["https:\/\/biciurba.com\/index.php\/2026\/09\/04\/el-nino-nos-obliga-a-ahorrar-por-que-no-empezar-pedaleando\/"]}]},{"@type":"ImageObject","inLanguage":"es","@id":"https:\/\/biciurba.com\/index.php\/2026\/09\/04\/el-nino-nos-obliga-a-ahorrar-por-que-no-empezar-pedaleando\/#primaryimage","url":"https:\/\/biciurba.com\/wp-content\/uploads\/2026\/09\/ideam.jpg","contentUrl":"https:\/\/biciurba.com\/wp-content\/uploads\/2026\/09\/ideam.jpg","width":641,"height":482,"caption":"Ideam encendi\u00f3 las alertas sobre las condiciones clim\u00e1ticas que enfrentar\u00eda Colombia durante los pr\u00f3ximos meses"},{"@type":"BreadcrumbList","@id":"https:\/\/biciurba.com\/index.php\/2026\/09\/04\/el-nino-nos-obliga-a-ahorrar-por-que-no-empezar-pedaleando\/#breadcrumb","itemListElement":[{"@type":"ListItem","position":1,"name":"Portada","item":"https:\/\/biciurba.com\/"},{"@type":"ListItem","position":2,"name":"El Ni\u00f1o nos obliga a ahorrar\u2026 \u00bfpor qu\u00e9 no empezar pedaleando?"}]},{"@type":"WebSite","@id":"https:\/\/biciurba.com\/#website","url":"https:\/\/biciurba.com\/","name":"Biciurba","description":"Una mejor manera de vivir","publisher":{"@id":"https:\/\/biciurba.com\/#\/schema\/person\/d9675ddf29ee982d268db0a3f239eced"},"potentialAction":[{"@type":"SearchAction","target":{"@type":"EntryPoint","urlTemplate":"https:\/\/biciurba.com\/?s={search_term_string}"},"query-input":{"@type":"PropertyValueSpecification","valueRequired":true,"valueName":"search_term_string"}}],"inLanguage":"es"},{"@type":["Person","Organization"],"@id":"https:\/\/biciurba.com\/#\/schema\/person\/d9675ddf29ee982d268db0a3f239eced","name":"Carlos Cantor","image":{"@type":"ImageObject","inLanguage":"es","@id":"https:\/\/biciurba.com\/#\/schema\/person\/image\/","url":"https:\/\/biciurba.com\/wp-content\/uploads\/2024\/04\/cropped-logo-1.png","contentUrl":"https:\/\/biciurba.com\/wp-content\/uploads\/2024\/04\/cropped-logo-1.png","width":512,"height":318,"caption":"Carlos Cantor"},"logo":{"@id":"https:\/\/biciurba.com\/#\/schema\/person\/image\/"},"sameAs":["https:\/\/biciurba.com"],"url":"https:\/\/biciurba.com\/index.php\/author\/ccantor\/"}]}},"_links":{"self":[{"href":"https:\/\/biciurba.com\/index.php\/wp-json\/wp\/v2\/posts\/2115"}],"collection":[{"href":"https:\/\/biciurba.com\/index.php\/wp-json\/wp\/v2\/posts"}],"about":[{"href":"https:\/\/biciurba.com\/index.php\/wp-json\/wp\/v2\/types\/post"}],"author":[{"embeddable":true,"href":"https:\/\/biciurba.com\/index.php\/wp-json\/wp\/v2\/users\/1"}],"replies":[{"embeddable":true,"href":"https:\/\/biciurba.com\/index.php\/wp-json\/wp\/v2\/comments?post=2115"}],"version-history":[{"count":2,"href":"https:\/\/biciurba.com\/index.php\/wp-json\/wp\/v2\/posts\/2115\/revisions"}],"predecessor-version":[{"id":2119,"href":"https:\/\/biciurba.com\/index.php\/wp-json\/wp\/v2\/posts\/2115\/revisions\/2119"}],"wp:featuredmedia":[{"embeddable":true,"href":"https:\/\/biciurba.com\/index.php\/wp-json\/wp\/v2\/media\/2117"}],"wp:attachment":[{"href":"https:\/\/biciurba.com\/index.php\/wp-json\/wp\/v2\/media?parent=2115"}],"wp:term":[{"taxonomy":"category","embeddable":true,"href":"https:\/\/biciurba.com\/index.php\/wp-json\/wp\/v2\/categories?post=2115"},{"taxonomy":"post_tag","embeddable":true,"href":"https:\/\/biciurba.com\/index.php\/wp-json\/wp\/v2\/tags?post=2115"}],"curies":[{"name":"wp","href":"https:\/\/api.w.org\/{rel}","templated":true}]}}