{"id":2120,"date":"2026-09-05T05:00:00","date_gmt":"2026-09-05T10:00:00","guid":{"rendered":"https:\/\/biciurba.com\/?p=2120"},"modified":"2026-09-03T15:52:27","modified_gmt":"2026-09-03T20:52:27","slug":"y-si-el-planeta-no-se-acaba-pero-nosotros-si","status":"publish","type":"post","link":"https:\/\/biciurba.com\/index.php\/2026\/09\/05\/y-si-el-planeta-no-se-acaba-pero-nosotros-si\/","title":{"rendered":"\u201c\u00bfY SI EL PLANETA NO SE ACABA\u2026 PERO NOSOTROS S\u00cd?\u201d"},"content":{"rendered":"\n<p>Hay momentos en la historia de la Tierra en los que resulta dif\u00edcil imaginar que este planeta, tal como lo conocemos, alguna vez haya sido diferente. Y, sin embargo, lo ha sido muchas veces. La Tierra no ha permanecido quieta ni un solo instante de sus aproximadamente 4.500 millones de a\u00f1os de existencia. Ha cambiado de piel, de clima, de geograf\u00eda y hasta de habitantes.<\/p>\n\n\n\n<p>Hubo un tiempo en que los continentes no estaban separados como los conocemos hoy. Pangea reun\u00eda buena parte de las tierras emergidas en un enorme territorio que, con el paso de millones de a\u00f1os, comenz\u00f3 a fragmentarse hasta dar origen al mapa que ahora vemos en los atlas. Los oc\u00e9anos cambiaron, las monta\u00f1as aparecieron, desaparecieron especies y otras ocuparon su lugar.<\/p>\n\n\n\n<p>Y no fueron cambios precisamente amables. La historia geol\u00f3gica est\u00e1 marcada por grandes extinciones. Algunas especies desaparecieron pr\u00e1cticamente de un d\u00eda para otro en t\u00e9rminos geol\u00f3gicos. Otras transformaciones fueron tan profundas que modificaron para siempre las condiciones de vida sobre el planeta. La Tierra ha sobrevivido a impactos de asteroides, enormes erupciones volc\u00e1nicas, variaciones clim\u00e1ticas extremas y alteraciones de los oc\u00e9anos. La vida, de alguna manera, siempre encontr\u00f3 una salida.<\/p>\n\n\n\n<p> Nosotros aparecimos much\u00edsimo despu\u00e9s. La \u00e9poca en la que actualmente vivimos pertenece al Holoceno, un periodo geol\u00f3gico relativamente reciente que comenz\u00f3 hace unos 11.700 a\u00f1os, despu\u00e9s de la \u00faltima gran glaciaci\u00f3n. Durante este tiempo se estabilizaron las condiciones clim\u00e1ticas que favorecieron el desarrollo de la agricultura, el crecimiento de las sociedades humanas y, finalmente, la civilizaci\u00f3n que hoy conocemos. Es decir, buena parte de lo que llamamos historia humana ocurri\u00f3 bajo unas condiciones ambientales extraordinariamente favorables.<\/p>\n\n\n\n<p>En estos tiempos abundan las voces que anuncian el fin del mundo. Unas lo hacen desde la religi\u00f3n, otras desde la pol\u00edtica, algunas desde las redes sociales y otras simplemente porque el apocalipsis parece vender bastante bien. Pero la ciencia, aunque tiene suficientes razones para preocuparse, no necesariamente est\u00e1 anunciando que ma\u00f1ana se acaba el planeta. <\/p>\n\n\n\n<p>La Tierra no est\u00e1 a punto de desaparecer, tampoco el Sol. Nuestra estrella alg\u00fan d\u00eda cambiar\u00e1 radicalmente y, much\u00edsimo m\u00e1s adelante, dejar\u00e1 de ser la estrella que conocemos. Pero para entonces habr\u00e1n pasado miles de millones de a\u00f1os. Si alguien est\u00e1 pensando en organizar desde ahora la despedida, puede guardar tranquilamente la tarjeta de invitaci\u00f3n.<\/p>\n\n\n\n<p>El problema verdadero es mucho m\u00e1s cercano, porque no necesitamos esperar a que el Sol se apague para tener dificultades, basta mirar c\u00f3mo utilizamos los recursos disponibles del planeta.<\/p>\n\n\n\n<p>El modelo econ\u00f3mico dominante ha conseguido algo extraordinario: convertir pr\u00e1cticamente todo lo que existe en un recurso susceptible de ser extra\u00eddo, transformado, vendido, consumido y, finalmente, desechado. Agua, bosques, minerales, combustibles, alimentos, suelo y hasta la atenci\u00f3n humana entraron en esa gigantesca cadena de consumo.<\/p>\n\n\n\n<p>El problema no es consumir. La humanidad necesita consumir para vivir, el problema aparece cuando confundimos vivir mejor con consumir m\u00e1s. Extraemos recursos a una velocidad que muchas veces supera la capacidad de recuperaci\u00f3n de los ecosistemas. Desperdiciamos alimentos mientras millones de personas padecen hambre. Utilizamos enormes cantidades de energ\u00eda para fabricar objetos que tendr\u00e1n una vida \u00fatil cada vez m\u00e1s corta. Contaminamos r\u00edos, alteramos ecosistemas y reducimos la diversidad biol\u00f3gica, como si la naturaleza tuviera una bodega infinita de repuestos.<\/p>\n\n\n\n<p>Y no todos participan de la fiesta de la misma manera. Hay personas que han decidido no tener hijos porque consideran que traer nuevas generaciones a un mundo incierto ser\u00eda una irresponsabilidad. Otras intentan vivir con poco, reducir su consumo y dejar una huella m\u00e1s peque\u00f1a. Y hay millones que ni siquiera tienen la posibilidad de escoger: simplemente sobreviven. Mientras tanto, una peque\u00f1a fracci\u00f3n de la poblaci\u00f3n mundial puede consumir recursos en cantidades que para otros resultar\u00edan inimaginables.<\/p>\n\n\n\n<p>La bicicleta, desde luego, no va a resolver por s\u00ed sola semejante problema. Pero quiz\u00e1 tenga algo que ense\u00f1arnos. Cuando alguien decide desplazarse en bicicleta, descubre una verdad elemental: para avanzar no siempre necesitamos quemar combustible, consumir toneladas de materiales o gastar grandes cantidades de energ\u00eda. A veces basta con dos ruedas, una cadena, algo de mantenimiento y nuestras propias piernas.<\/p>\n\n\n\n<p>Tal vez el asunto sea precisamente ese: recuperar la capacidad de distinguir entre lo que necesitamos y aquello que simplemente nos han convencido de necesitar.<\/p>\n\n\n\n<p>Porque la Tierra continuar\u00e1. Si desapareci\u00e9ramos, el planeta no tendr\u00eda demasiado inter\u00e9s en nuestra ausencia. La vida probablemente encontrar\u00eda otros caminos, como ya lo hizo despu\u00e9s de las grandes extinciones.<\/p>\n\n\n\n<p>La pregunta, entonces, no es si la Tierra sobrevivir\u00e1. La pregunta es si nosotros seremos capaces de sobrevivir a nuestra propia manera de habitarla, y si alg\u00fan d\u00eda el Holoceno termina, como han terminado todos los periodos geol\u00f3gicos anteriores, \u00bfqu\u00e9 condiciones encontrar\u00e1 la humanidad para continuar?<\/p>\n\n\n\n<p>Tal vez el futuro no dependa de conquistar otro planeta, tal vez dependa de algo mucho m\u00e1s sencillo y mucho m\u00e1s dif\u00edcil: aprender a vivir en este sin agotarlo.<\/p>\n\n\n\n<p>Mientras tanto, una bicicleta, con buenos a\u00f1os encima, sigue esperando en la puerta. Dos ruedas, poco consumo y una lecci\u00f3n bastante antigua: para avanzar no siempre hace falta gastar m\u00e1s y consumir m\u00e1s.<\/p>\n\n\n\n<figure class=\"wp-block-image size-large\"><img loading=\"lazy\" decoding=\"async\" width=\"1024\" height=\"101\" src=\"https:\/\/biciurba.com\/wp-content\/uploads\/2026\/09\/image-1024x101.png\" alt=\"\" class=\"wp-image-2123\" srcset=\"https:\/\/biciurba.com\/wp-content\/uploads\/2026\/09\/image-1024x101.png 1024w, https:\/\/biciurba.com\/wp-content\/uploads\/2026\/09\/image-300x30.png 300w, https:\/\/biciurba.com\/wp-content\/uploads\/2026\/09\/image-768x76.png 768w, https:\/\/biciurba.com\/wp-content\/uploads\/2026\/09\/image-640x63.png 640w, https:\/\/biciurba.com\/wp-content\/uploads\/2026\/09\/image-681x67.png 681w, https:\/\/biciurba.com\/wp-content\/uploads\/2026\/09\/image.png 1532w\" sizes=\"(max-width: 1024px) 100vw, 1024px\" \/><\/figure>\n","protected":false},"excerpt":{"rendered":"<p>Hay momentos en la historia de la Tierra en los que resulta dif\u00edcil imaginar que este planeta, tal como lo conocemos, alguna vez haya sido diferente. Y, sin embargo, lo ha sido muchas veces. La Tierra no ha permanecido quieta ni un solo instante de sus aproximadamente 4.500 millones de a\u00f1os de existencia. Ha cambiado [&hellip;]<\/p>\n","protected":false},"author":1,"featured_media":2122,"comment_status":"open","ping_status":"open","sticky":false,"template":"","format":"standard","meta":{"footnotes":""},"categories":[98,95],"tags":[],"class_list":["post-2120","post","type-post","status-publish","format-standard","has-post-thumbnail","hentry","category-ciencia","category-crisis-climatica"],"yoast_head":"<!-- This site is optimized with the Yoast SEO plugin v23.9 - https:\/\/yoast.com\/wordpress\/plugins\/seo\/ -->\n<title>\u201c\u00bfY SI EL PLANETA NO SE ACABA\u2026 PERO NOSOTROS S\u00cd?\u201d - Biciurba<\/title>\n<meta name=\"description\" content=\"Voces apocal\u00edpticas anuncian cat\u00e1strofes, voces de la ciencia que las demuestran desde su marco, lo cierto nosotros afectamos el planeta\" \/>\n<meta name=\"robots\" content=\"index, follow, max-snippet:-1, max-image-preview:large, max-video-preview:-1\" \/>\n<link rel=\"canonical\" href=\"https:\/\/biciurba.com\/index.php\/2026\/09\/05\/y-si-el-planeta-no-se-acaba-pero-nosotros-si\/\" \/>\n<meta property=\"og:locale\" content=\"es_ES\" \/>\n<meta property=\"og:type\" content=\"article\" \/>\n<meta property=\"og:title\" content=\"\u201c\u00bfY SI EL PLANETA NO SE ACABA\u2026 PERO NOSOTROS S\u00cd?\u201d - Biciurba\" \/>\n<meta property=\"og:description\" content=\"Voces apocal\u00edpticas anuncian cat\u00e1strofes, voces de la ciencia que las demuestran desde su marco, lo cierto nosotros afectamos el planeta\" \/>\n<meta property=\"og:url\" content=\"https:\/\/biciurba.com\/index.php\/2026\/09\/05\/y-si-el-planeta-no-se-acaba-pero-nosotros-si\/\" \/>\n<meta property=\"og:site_name\" content=\"Biciurba\" \/>\n<meta property=\"article:published_time\" content=\"2026-09-05T10:00:00+00:00\" \/>\n<meta property=\"article:modified_time\" content=\"2026-09-03T20:52:27+00:00\" \/>\n<meta property=\"og:image\" content=\"https:\/\/biciurba.com\/wp-content\/uploads\/2026\/09\/holoceno-ciclistico.jpg\" \/>\n\t<meta property=\"og:image:width\" content=\"640\" \/>\n\t<meta property=\"og:image:height\" content=\"480\" \/>\n\t<meta property=\"og:image:type\" content=\"image\/jpeg\" \/>\n<meta name=\"author\" content=\"Carlos Cantor\" \/>\n<meta name=\"twitter:card\" content=\"summary_large_image\" \/>\n<meta name=\"twitter:label1\" content=\"Escrito por\" \/>\n\t<meta name=\"twitter:data1\" content=\"Carlos Cantor\" \/>\n\t<meta name=\"twitter:label2\" content=\"Tiempo de lectura\" \/>\n\t<meta name=\"twitter:data2\" content=\"5 minutos\" \/>\n<script type=\"application\/ld+json\" class=\"yoast-schema-graph\">{\"@context\":\"https:\/\/schema.org\",\"@graph\":[{\"@type\":\"Article\",\"@id\":\"https:\/\/biciurba.com\/index.php\/2026\/09\/05\/y-si-el-planeta-no-se-acaba-pero-nosotros-si\/#article\",\"isPartOf\":{\"@id\":\"https:\/\/biciurba.com\/index.php\/2026\/09\/05\/y-si-el-planeta-no-se-acaba-pero-nosotros-si\/\"},\"author\":{\"name\":\"Carlos Cantor\",\"@id\":\"https:\/\/biciurba.com\/#\/schema\/person\/d9675ddf29ee982d268db0a3f239eced\"},\"headline\":\"\u201c\u00bfY SI EL PLANETA NO SE ACABA\u2026 PERO NOSOTROS S\u00cd?\u201d\",\"datePublished\":\"2026-09-05T10:00:00+00:00\",\"dateModified\":\"2026-09-03T20:52:27+00:00\",\"mainEntityOfPage\":{\"@id\":\"https:\/\/biciurba.com\/index.php\/2026\/09\/05\/y-si-el-planeta-no-se-acaba-pero-nosotros-si\/\"},\"wordCount\":918,\"commentCount\":0,\"publisher\":{\"@id\":\"https:\/\/biciurba.com\/#\/schema\/person\/d9675ddf29ee982d268db0a3f239eced\"},\"image\":{\"@id\":\"https:\/\/biciurba.com\/index.php\/2026\/09\/05\/y-si-el-planeta-no-se-acaba-pero-nosotros-si\/#primaryimage\"},\"thumbnailUrl\":\"https:\/\/biciurba.com\/wp-content\/uploads\/2026\/09\/holoceno-ciclistico.jpg\",\"articleSection\":[\"Ciencia\",\"Crisis clim\u00e1tica\"],\"inLanguage\":\"es\",\"potentialAction\":[{\"@type\":\"CommentAction\",\"name\":\"Comment\",\"target\":[\"https:\/\/biciurba.com\/index.php\/2026\/09\/05\/y-si-el-planeta-no-se-acaba-pero-nosotros-si\/#respond\"]}]},{\"@type\":\"WebPage\",\"@id\":\"https:\/\/biciurba.com\/index.php\/2026\/09\/05\/y-si-el-planeta-no-se-acaba-pero-nosotros-si\/\",\"url\":\"https:\/\/biciurba.com\/index.php\/2026\/09\/05\/y-si-el-planeta-no-se-acaba-pero-nosotros-si\/\",\"name\":\"\u201c\u00bfY SI EL PLANETA NO SE ACABA\u2026 PERO NOSOTROS S\u00cd?\u201d - Biciurba\",\"isPartOf\":{\"@id\":\"https:\/\/biciurba.com\/#website\"},\"primaryImageOfPage\":{\"@id\":\"https:\/\/biciurba.com\/index.php\/2026\/09\/05\/y-si-el-planeta-no-se-acaba-pero-nosotros-si\/#primaryimage\"},\"image\":{\"@id\":\"https:\/\/biciurba.com\/index.php\/2026\/09\/05\/y-si-el-planeta-no-se-acaba-pero-nosotros-si\/#primaryimage\"},\"thumbnailUrl\":\"https:\/\/biciurba.com\/wp-content\/uploads\/2026\/09\/holoceno-ciclistico.jpg\",\"datePublished\":\"2026-09-05T10:00:00+00:00\",\"dateModified\":\"2026-09-03T20:52:27+00:00\",\"description\":\"Voces apocal\u00edpticas anuncian cat\u00e1strofes, voces de la ciencia que las demuestran desde su marco, lo cierto nosotros afectamos el planeta\",\"breadcrumb\":{\"@id\":\"https:\/\/biciurba.com\/index.php\/2026\/09\/05\/y-si-el-planeta-no-se-acaba-pero-nosotros-si\/#breadcrumb\"},\"inLanguage\":\"es\",\"potentialAction\":[{\"@type\":\"ReadAction\",\"target\":[\"https:\/\/biciurba.com\/index.php\/2026\/09\/05\/y-si-el-planeta-no-se-acaba-pero-nosotros-si\/\"]}]},{\"@type\":\"ImageObject\",\"inLanguage\":\"es\",\"@id\":\"https:\/\/biciurba.com\/index.php\/2026\/09\/05\/y-si-el-planeta-no-se-acaba-pero-nosotros-si\/#primaryimage\",\"url\":\"https:\/\/biciurba.com\/wp-content\/uploads\/2026\/09\/holoceno-ciclistico.jpg\",\"contentUrl\":\"https:\/\/biciurba.com\/wp-content\/uploads\/2026\/09\/holoceno-ciclistico.jpg\",\"width\":640,\"height\":480,\"caption\":\"Consumir menos, para vivir mejor. Desperdiciar menos para ayudar a la humanidad a vivir en La Tierra\"},{\"@type\":\"BreadcrumbList\",\"@id\":\"https:\/\/biciurba.com\/index.php\/2026\/09\/05\/y-si-el-planeta-no-se-acaba-pero-nosotros-si\/#breadcrumb\",\"itemListElement\":[{\"@type\":\"ListItem\",\"position\":1,\"name\":\"Portada\",\"item\":\"https:\/\/biciurba.com\/\"},{\"@type\":\"ListItem\",\"position\":2,\"name\":\"\u201c\u00bfY SI EL PLANETA NO SE ACABA\u2026 PERO NOSOTROS S\u00cd?\u201d\"}]},{\"@type\":\"WebSite\",\"@id\":\"https:\/\/biciurba.com\/#website\",\"url\":\"https:\/\/biciurba.com\/\",\"name\":\"Biciurba\",\"description\":\"Una mejor manera de vivir\",\"publisher\":{\"@id\":\"https:\/\/biciurba.com\/#\/schema\/person\/d9675ddf29ee982d268db0a3f239eced\"},\"potentialAction\":[{\"@type\":\"SearchAction\",\"target\":{\"@type\":\"EntryPoint\",\"urlTemplate\":\"https:\/\/biciurba.com\/?s={search_term_string}\"},\"query-input\":{\"@type\":\"PropertyValueSpecification\",\"valueRequired\":true,\"valueName\":\"search_term_string\"}}],\"inLanguage\":\"es\"},{\"@type\":[\"Person\",\"Organization\"],\"@id\":\"https:\/\/biciurba.com\/#\/schema\/person\/d9675ddf29ee982d268db0a3f239eced\",\"name\":\"Carlos Cantor\",\"image\":{\"@type\":\"ImageObject\",\"inLanguage\":\"es\",\"@id\":\"https:\/\/biciurba.com\/#\/schema\/person\/image\/\",\"url\":\"https:\/\/biciurba.com\/wp-content\/uploads\/2024\/04\/cropped-logo-1.png\",\"contentUrl\":\"https:\/\/biciurba.com\/wp-content\/uploads\/2024\/04\/cropped-logo-1.png\",\"width\":512,\"height\":318,\"caption\":\"Carlos Cantor\"},\"logo\":{\"@id\":\"https:\/\/biciurba.com\/#\/schema\/person\/image\/\"},\"sameAs\":[\"https:\/\/biciurba.com\"],\"url\":\"https:\/\/biciurba.com\/index.php\/author\/ccantor\/\"}]}<\/script>\n<!-- \/ Yoast SEO plugin. -->","yoast_head_json":{"title":"\u201c\u00bfY SI EL PLANETA NO SE ACABA\u2026 PERO NOSOTROS S\u00cd?\u201d - Biciurba","description":"Voces apocal\u00edpticas anuncian cat\u00e1strofes, voces de la ciencia que las demuestran desde su marco, lo cierto nosotros afectamos el planeta","robots":{"index":"index","follow":"follow","max-snippet":"max-snippet:-1","max-image-preview":"max-image-preview:large","max-video-preview":"max-video-preview:-1"},"canonical":"https:\/\/biciurba.com\/index.php\/2026\/09\/05\/y-si-el-planeta-no-se-acaba-pero-nosotros-si\/","og_locale":"es_ES","og_type":"article","og_title":"\u201c\u00bfY SI EL PLANETA NO SE ACABA\u2026 PERO NOSOTROS S\u00cd?\u201d - Biciurba","og_description":"Voces apocal\u00edpticas anuncian cat\u00e1strofes, voces de la ciencia que las demuestran desde su marco, lo cierto nosotros afectamos el planeta","og_url":"https:\/\/biciurba.com\/index.php\/2026\/09\/05\/y-si-el-planeta-no-se-acaba-pero-nosotros-si\/","og_site_name":"Biciurba","article_published_time":"2026-09-05T10:00:00+00:00","article_modified_time":"2026-09-03T20:52:27+00:00","og_image":[{"width":640,"height":480,"url":"https:\/\/biciurba.com\/wp-content\/uploads\/2026\/09\/holoceno-ciclistico.jpg","type":"image\/jpeg"}],"author":"Carlos Cantor","twitter_card":"summary_large_image","twitter_misc":{"Escrito por":"Carlos Cantor","Tiempo de lectura":"5 minutos"},"schema":{"@context":"https:\/\/schema.org","@graph":[{"@type":"Article","@id":"https:\/\/biciurba.com\/index.php\/2026\/09\/05\/y-si-el-planeta-no-se-acaba-pero-nosotros-si\/#article","isPartOf":{"@id":"https:\/\/biciurba.com\/index.php\/2026\/09\/05\/y-si-el-planeta-no-se-acaba-pero-nosotros-si\/"},"author":{"name":"Carlos Cantor","@id":"https:\/\/biciurba.com\/#\/schema\/person\/d9675ddf29ee982d268db0a3f239eced"},"headline":"\u201c\u00bfY SI EL PLANETA NO SE ACABA\u2026 PERO NOSOTROS S\u00cd?\u201d","datePublished":"2026-09-05T10:00:00+00:00","dateModified":"2026-09-03T20:52:27+00:00","mainEntityOfPage":{"@id":"https:\/\/biciurba.com\/index.php\/2026\/09\/05\/y-si-el-planeta-no-se-acaba-pero-nosotros-si\/"},"wordCount":918,"commentCount":0,"publisher":{"@id":"https:\/\/biciurba.com\/#\/schema\/person\/d9675ddf29ee982d268db0a3f239eced"},"image":{"@id":"https:\/\/biciurba.com\/index.php\/2026\/09\/05\/y-si-el-planeta-no-se-acaba-pero-nosotros-si\/#primaryimage"},"thumbnailUrl":"https:\/\/biciurba.com\/wp-content\/uploads\/2026\/09\/holoceno-ciclistico.jpg","articleSection":["Ciencia","Crisis clim\u00e1tica"],"inLanguage":"es","potentialAction":[{"@type":"CommentAction","name":"Comment","target":["https:\/\/biciurba.com\/index.php\/2026\/09\/05\/y-si-el-planeta-no-se-acaba-pero-nosotros-si\/#respond"]}]},{"@type":"WebPage","@id":"https:\/\/biciurba.com\/index.php\/2026\/09\/05\/y-si-el-planeta-no-se-acaba-pero-nosotros-si\/","url":"https:\/\/biciurba.com\/index.php\/2026\/09\/05\/y-si-el-planeta-no-se-acaba-pero-nosotros-si\/","name":"\u201c\u00bfY SI EL PLANETA NO SE ACABA\u2026 PERO NOSOTROS S\u00cd?\u201d - Biciurba","isPartOf":{"@id":"https:\/\/biciurba.com\/#website"},"primaryImageOfPage":{"@id":"https:\/\/biciurba.com\/index.php\/2026\/09\/05\/y-si-el-planeta-no-se-acaba-pero-nosotros-si\/#primaryimage"},"image":{"@id":"https:\/\/biciurba.com\/index.php\/2026\/09\/05\/y-si-el-planeta-no-se-acaba-pero-nosotros-si\/#primaryimage"},"thumbnailUrl":"https:\/\/biciurba.com\/wp-content\/uploads\/2026\/09\/holoceno-ciclistico.jpg","datePublished":"2026-09-05T10:00:00+00:00","dateModified":"2026-09-03T20:52:27+00:00","description":"Voces apocal\u00edpticas anuncian cat\u00e1strofes, voces de la ciencia que las demuestran desde su marco, lo cierto nosotros afectamos el planeta","breadcrumb":{"@id":"https:\/\/biciurba.com\/index.php\/2026\/09\/05\/y-si-el-planeta-no-se-acaba-pero-nosotros-si\/#breadcrumb"},"inLanguage":"es","potentialAction":[{"@type":"ReadAction","target":["https:\/\/biciurba.com\/index.php\/2026\/09\/05\/y-si-el-planeta-no-se-acaba-pero-nosotros-si\/"]}]},{"@type":"ImageObject","inLanguage":"es","@id":"https:\/\/biciurba.com\/index.php\/2026\/09\/05\/y-si-el-planeta-no-se-acaba-pero-nosotros-si\/#primaryimage","url":"https:\/\/biciurba.com\/wp-content\/uploads\/2026\/09\/holoceno-ciclistico.jpg","contentUrl":"https:\/\/biciurba.com\/wp-content\/uploads\/2026\/09\/holoceno-ciclistico.jpg","width":640,"height":480,"caption":"Consumir menos, para vivir mejor. Desperdiciar menos para ayudar a la humanidad a vivir en La Tierra"},{"@type":"BreadcrumbList","@id":"https:\/\/biciurba.com\/index.php\/2026\/09\/05\/y-si-el-planeta-no-se-acaba-pero-nosotros-si\/#breadcrumb","itemListElement":[{"@type":"ListItem","position":1,"name":"Portada","item":"https:\/\/biciurba.com\/"},{"@type":"ListItem","position":2,"name":"\u201c\u00bfY SI EL PLANETA NO SE ACABA\u2026 PERO NOSOTROS S\u00cd?\u201d"}]},{"@type":"WebSite","@id":"https:\/\/biciurba.com\/#website","url":"https:\/\/biciurba.com\/","name":"Biciurba","description":"Una mejor manera de vivir","publisher":{"@id":"https:\/\/biciurba.com\/#\/schema\/person\/d9675ddf29ee982d268db0a3f239eced"},"potentialAction":[{"@type":"SearchAction","target":{"@type":"EntryPoint","urlTemplate":"https:\/\/biciurba.com\/?s={search_term_string}"},"query-input":{"@type":"PropertyValueSpecification","valueRequired":true,"valueName":"search_term_string"}}],"inLanguage":"es"},{"@type":["Person","Organization"],"@id":"https:\/\/biciurba.com\/#\/schema\/person\/d9675ddf29ee982d268db0a3f239eced","name":"Carlos Cantor","image":{"@type":"ImageObject","inLanguage":"es","@id":"https:\/\/biciurba.com\/#\/schema\/person\/image\/","url":"https:\/\/biciurba.com\/wp-content\/uploads\/2024\/04\/cropped-logo-1.png","contentUrl":"https:\/\/biciurba.com\/wp-content\/uploads\/2024\/04\/cropped-logo-1.png","width":512,"height":318,"caption":"Carlos Cantor"},"logo":{"@id":"https:\/\/biciurba.com\/#\/schema\/person\/image\/"},"sameAs":["https:\/\/biciurba.com"],"url":"https:\/\/biciurba.com\/index.php\/author\/ccantor\/"}]}},"_links":{"self":[{"href":"https:\/\/biciurba.com\/index.php\/wp-json\/wp\/v2\/posts\/2120"}],"collection":[{"href":"https:\/\/biciurba.com\/index.php\/wp-json\/wp\/v2\/posts"}],"about":[{"href":"https:\/\/biciurba.com\/index.php\/wp-json\/wp\/v2\/types\/post"}],"author":[{"embeddable":true,"href":"https:\/\/biciurba.com\/index.php\/wp-json\/wp\/v2\/users\/1"}],"replies":[{"embeddable":true,"href":"https:\/\/biciurba.com\/index.php\/wp-json\/wp\/v2\/comments?post=2120"}],"version-history":[{"count":2,"href":"https:\/\/biciurba.com\/index.php\/wp-json\/wp\/v2\/posts\/2120\/revisions"}],"predecessor-version":[{"id":2124,"href":"https:\/\/biciurba.com\/index.php\/wp-json\/wp\/v2\/posts\/2120\/revisions\/2124"}],"wp:featuredmedia":[{"embeddable":true,"href":"https:\/\/biciurba.com\/index.php\/wp-json\/wp\/v2\/media\/2122"}],"wp:attachment":[{"href":"https:\/\/biciurba.com\/index.php\/wp-json\/wp\/v2\/media?parent=2120"}],"wp:term":[{"taxonomy":"category","embeddable":true,"href":"https:\/\/biciurba.com\/index.php\/wp-json\/wp\/v2\/categories?post=2120"},{"taxonomy":"post_tag","embeddable":true,"href":"https:\/\/biciurba.com\/index.php\/wp-json\/wp\/v2\/tags?post=2120"}],"curies":[{"name":"wp","href":"https:\/\/api.w.org\/{rel}","templated":true}]}}