{"id":236,"date":"2024-04-09T11:45:13","date_gmt":"2024-04-09T16:45:13","guid":{"rendered":"https:\/\/biciurba.com\/?p=236"},"modified":"2024-04-09T11:45:14","modified_gmt":"2024-04-09T16:45:14","slug":"e-cars-son-tan-amigables-con-el-planeta","status":"publish","type":"post","link":"https:\/\/biciurba.com\/index.php\/2024\/04\/09\/e-cars-son-tan-amigables-con-el-planeta\/","title":{"rendered":"E-cars \u00bfson tan amigables con el planeta?"},"content":{"rendered":"\n<p>Cuando nos hablan de autos el\u00e9ctricos de gama media y alta nos topamos con el Litio, pero para nuestra Am\u00e9rica en realidad \u00bfqu\u00e9 significa este mineral que se encuentra en tres paises de preferencia: Chile, Bolivia y Argentina?<\/p>\n\n\n\n<p>Cada caso es particular, en Chile las multinacionales ya han hecho lo suyo , en Bolivia la discusi\u00f3n con los pueblos ancestrales ha sido muy fuerte y en Argentina su sistema federal de gobierno no es que haya facilitado una buena transici\u00f3n a una explotaci\u00f3n que ayude realmente a la econom\u00eda nacional y provincial. En todos los casos el tema ambiental es cr\u00edtico.<\/p>\n\n\n\n<p>En los tres casos este mineral se encuentra en zonas semides\u00e9rticas. Eso significa que a\u00fan siendo el paisaje agreste, seco, pedregoso, lo cierto es que all\u00ed hay comunidades que cultiva su  pancoger y logran vender excedentes. Como el litio necesita agua, esta proviene de las profundidades, no de las lluvias y de caudales que se alcanzan a ver durante las \u00e9pocas de invierno. DE esta forma el agua es vital para estas comunidades.<\/p>\n\n\n\n<p>Las multinacionales tienen procedimientos de toma de tierras que no son nuevas. Compra o expropiaci\u00f3n a trav\u00e9s de los representante del Estado, de grupos econ\u00f3micos y en general con el sello de corrupci\u00f3n. No es un hecho nuevo en estas tierras de Suram\u00e9rica. Las selvas, que est\u00e1n vinculadas al sistema amaz\u00f3nico han sufrido explotaci\u00f3n maderera, de biodiversidad y se han dedicado a cultivos industriales y extensos que han distorsionado el medio ambiente, hasta llegar en ciertos lugares a desertizar las tierras con las graves consecuencias que esto representa para el ecosistema continental. La miner\u00eda en todo el subcontinente ha hecho lo suyo, da\u00f1os ambientales a todo los niveles posibles y riqueza exportada que bien poco ha ayudado a un mejor vivir de los habitantes de la zonas afectadas.<\/p>\n\n\n\n<p>Como el litio es el oro blanco que est\u00e1 presente en cantidad de accesorios de uso diario no alcanzamos a percibir la dimensi\u00f3n de alteraciones que genera su explotaci\u00f3n, no solo medioambientales, agregue temas sociales, familiares, culturales y del derecho de poder vivir dignamente y no convertirse en un indigente m\u00e1s en las grandes ciudades por desplazamiento, y urbes que viven ajenas a estas realidades.<\/p>\n\n\n\n<p>Si usted vive en una ciudad, y su recorrido diario no supera los treinta kil\u00f3metros, perfectamente se puede hacer en bicicleta, que entre otras le organiza el tiempo laboral. Cu\u00e1ntas veces nos quedamos m\u00e1s de lo necesario laborando porque no hay m\u00e1s que hacer o porque nos volvimos m\u00e1quinas de producci\u00f3n. La bici lo hace cumplir su horario, hay que llegar a casa y tarde en la noche se complica.<\/p>\n\n\n\n<p>Econom\u00eda, salud, bienestar, rapidez y sin necesidad de sobre gastos como estacionamiento, la bici urbana es una soluci\u00f3n de movilidad y ambiental que est\u00e1 al alcance de cualquier presupuesto. Eso s\u00ed, evite excesos, solo necesita una bicicleta sencilla, eficiente, urbana y c\u00f3moda.<\/p>\n\n\n\n<p>Si est\u00e1 pensando en adquirir un E-car, considere lo que realmente representa para el planeta, nuestra Am\u00e9rica y nuestra gente, es m\u00e1s que una transici\u00f3n energ\u00e9tica o una moda<\/p>\n\n\n\n<p><\/p>\n","protected":false},"excerpt":{"rendered":"<p>Cuando nos hablan de autos el\u00e9ctricos de gama media y alta nos topamos con el Litio, pero para nuestra Am\u00e9rica en realidad \u00bfqu\u00e9 significa este mineral que se encuentra en tres paises de preferencia: Chile, Bolivia y Argentina? Cada caso es particular, en Chile las multinacionales ya han hecho lo suyo , en Bolivia la [&hellip;]<\/p>\n","protected":false},"author":1,"featured_media":237,"comment_status":"open","ping_status":"open","sticky":false,"template":"","format":"standard","meta":{"footnotes":""},"categories":[49],"tags":[59,60,58,56,57],"class_list":["post-236","post","type-post","status-publish","format-standard","has-post-thumbnail","hentry","category-movilidad-urbana","tag-bicicletas-urbanas","tag-dano-ambiental","tag-e-cars","tag-litio","tag-mineria-industrial"],"yoast_head":"<!-- This site is optimized with the Yoast SEO plugin v23.9 - https:\/\/yoast.com\/wordpress\/plugins\/seo\/ -->\n<title>E-cars \u00bfson tan amigables con el planeta? - Biciurba<\/title>\n<meta name=\"robots\" content=\"index, follow, max-snippet:-1, max-image-preview:large, max-video-preview:-1\" \/>\n<link rel=\"canonical\" href=\"https:\/\/biciurba.com\/index.php\/2024\/04\/09\/e-cars-son-tan-amigables-con-el-planeta\/\" \/>\n<meta property=\"og:locale\" content=\"es_ES\" \/>\n<meta property=\"og:type\" content=\"article\" \/>\n<meta property=\"og:title\" content=\"E-cars \u00bfson tan amigables con el planeta? - Biciurba\" \/>\n<meta property=\"og:description\" content=\"Cuando nos hablan de autos el\u00e9ctricos de gama media y alta nos topamos con el Litio, pero para nuestra Am\u00e9rica en realidad \u00bfqu\u00e9 significa este mineral que se encuentra en tres paises de preferencia: Chile, Bolivia y Argentina? Cada caso es particular, en Chile las multinacionales ya han hecho lo suyo , en Bolivia la [&hellip;]\" \/>\n<meta property=\"og:url\" content=\"https:\/\/biciurba.com\/index.php\/2024\/04\/09\/e-cars-son-tan-amigables-con-el-planeta\/\" \/>\n<meta property=\"og:site_name\" content=\"Biciurba\" \/>\n<meta property=\"article:published_time\" content=\"2024-04-09T16:45:13+00:00\" \/>\n<meta property=\"article:modified_time\" content=\"2024-04-09T16:45:14+00:00\" \/>\n<meta property=\"og:image\" content=\"https:\/\/biciurba.com\/wp-content\/uploads\/2024\/04\/E-cars.png\" \/>\n\t<meta property=\"og:image:width\" content=\"600\" \/>\n\t<meta property=\"og:image:height\" content=\"400\" \/>\n\t<meta property=\"og:image:type\" content=\"image\/png\" \/>\n<meta name=\"author\" content=\"Carlos Cantor\" \/>\n<meta name=\"twitter:card\" content=\"summary_large_image\" \/>\n<meta name=\"twitter:label1\" content=\"Escrito por\" \/>\n\t<meta name=\"twitter:data1\" content=\"Carlos Cantor\" \/>\n\t<meta name=\"twitter:label2\" content=\"Tiempo de lectura\" \/>\n\t<meta name=\"twitter:data2\" content=\"3 minutos\" \/>\n<script type=\"application\/ld+json\" class=\"yoast-schema-graph\">{\"@context\":\"https:\/\/schema.org\",\"@graph\":[{\"@type\":\"Article\",\"@id\":\"https:\/\/biciurba.com\/index.php\/2024\/04\/09\/e-cars-son-tan-amigables-con-el-planeta\/#article\",\"isPartOf\":{\"@id\":\"https:\/\/biciurba.com\/index.php\/2024\/04\/09\/e-cars-son-tan-amigables-con-el-planeta\/\"},\"author\":{\"name\":\"Carlos Cantor\",\"@id\":\"https:\/\/biciurba.com\/#\/schema\/person\/d9675ddf29ee982d268db0a3f239eced\"},\"headline\":\"E-cars \u00bfson tan amigables con el planeta?\",\"datePublished\":\"2024-04-09T16:45:13+00:00\",\"dateModified\":\"2024-04-09T16:45:14+00:00\",\"mainEntityOfPage\":{\"@id\":\"https:\/\/biciurba.com\/index.php\/2024\/04\/09\/e-cars-son-tan-amigables-con-el-planeta\/\"},\"wordCount\":549,\"commentCount\":0,\"publisher\":{\"@id\":\"https:\/\/biciurba.com\/#\/schema\/person\/d9675ddf29ee982d268db0a3f239eced\"},\"image\":{\"@id\":\"https:\/\/biciurba.com\/index.php\/2024\/04\/09\/e-cars-son-tan-amigables-con-el-planeta\/#primaryimage\"},\"thumbnailUrl\":\"https:\/\/biciurba.com\/wp-content\/uploads\/2024\/04\/E-cars.png\",\"keywords\":[\"Bicicletas urbanas\",\"Da\u00f1o ambiental\",\"E-cars\",\"Litio\",\"mineria industrial\"],\"articleSection\":[\"Eco-movilidad\"],\"inLanguage\":\"es\",\"potentialAction\":[{\"@type\":\"CommentAction\",\"name\":\"Comment\",\"target\":[\"https:\/\/biciurba.com\/index.php\/2024\/04\/09\/e-cars-son-tan-amigables-con-el-planeta\/#respond\"]}]},{\"@type\":\"WebPage\",\"@id\":\"https:\/\/biciurba.com\/index.php\/2024\/04\/09\/e-cars-son-tan-amigables-con-el-planeta\/\",\"url\":\"https:\/\/biciurba.com\/index.php\/2024\/04\/09\/e-cars-son-tan-amigables-con-el-planeta\/\",\"name\":\"E-cars \u00bfson tan amigables con el planeta? - Biciurba\",\"isPartOf\":{\"@id\":\"https:\/\/biciurba.com\/#website\"},\"primaryImageOfPage\":{\"@id\":\"https:\/\/biciurba.com\/index.php\/2024\/04\/09\/e-cars-son-tan-amigables-con-el-planeta\/#primaryimage\"},\"image\":{\"@id\":\"https:\/\/biciurba.com\/index.php\/2024\/04\/09\/e-cars-son-tan-amigables-con-el-planeta\/#primaryimage\"},\"thumbnailUrl\":\"https:\/\/biciurba.com\/wp-content\/uploads\/2024\/04\/E-cars.png\",\"datePublished\":\"2024-04-09T16:45:13+00:00\",\"dateModified\":\"2024-04-09T16:45:14+00:00\",\"breadcrumb\":{\"@id\":\"https:\/\/biciurba.com\/index.php\/2024\/04\/09\/e-cars-son-tan-amigables-con-el-planeta\/#breadcrumb\"},\"inLanguage\":\"es\",\"potentialAction\":[{\"@type\":\"ReadAction\",\"target\":[\"https:\/\/biciurba.com\/index.php\/2024\/04\/09\/e-cars-son-tan-amigables-con-el-planeta\/\"]}]},{\"@type\":\"ImageObject\",\"inLanguage\":\"es\",\"@id\":\"https:\/\/biciurba.com\/index.php\/2024\/04\/09\/e-cars-son-tan-amigables-con-el-planeta\/#primaryimage\",\"url\":\"https:\/\/biciurba.com\/wp-content\/uploads\/2024\/04\/E-cars.png\",\"contentUrl\":\"https:\/\/biciurba.com\/wp-content\/uploads\/2024\/04\/E-cars.png\",\"width\":600,\"height\":400,\"caption\":\"M\u00e1s que simple movilidad ecol\u00f3gica, el Litio es un protagonista de variedad crisis en Suram\u00e9rica\"},{\"@type\":\"BreadcrumbList\",\"@id\":\"https:\/\/biciurba.com\/index.php\/2024\/04\/09\/e-cars-son-tan-amigables-con-el-planeta\/#breadcrumb\",\"itemListElement\":[{\"@type\":\"ListItem\",\"position\":1,\"name\":\"Portada\",\"item\":\"https:\/\/biciurba.com\/\"},{\"@type\":\"ListItem\",\"position\":2,\"name\":\"E-cars \u00bfson tan amigables con el planeta?\"}]},{\"@type\":\"WebSite\",\"@id\":\"https:\/\/biciurba.com\/#website\",\"url\":\"https:\/\/biciurba.com\/\",\"name\":\"Biciurba\",\"description\":\"Una mejor manera de vivir\",\"publisher\":{\"@id\":\"https:\/\/biciurba.com\/#\/schema\/person\/d9675ddf29ee982d268db0a3f239eced\"},\"potentialAction\":[{\"@type\":\"SearchAction\",\"target\":{\"@type\":\"EntryPoint\",\"urlTemplate\":\"https:\/\/biciurba.com\/?s={search_term_string}\"},\"query-input\":{\"@type\":\"PropertyValueSpecification\",\"valueRequired\":true,\"valueName\":\"search_term_string\"}}],\"inLanguage\":\"es\"},{\"@type\":[\"Person\",\"Organization\"],\"@id\":\"https:\/\/biciurba.com\/#\/schema\/person\/d9675ddf29ee982d268db0a3f239eced\",\"name\":\"Carlos Cantor\",\"image\":{\"@type\":\"ImageObject\",\"inLanguage\":\"es\",\"@id\":\"https:\/\/biciurba.com\/#\/schema\/person\/image\/\",\"url\":\"https:\/\/biciurba.com\/wp-content\/uploads\/2024\/04\/cropped-logo-1.png\",\"contentUrl\":\"https:\/\/biciurba.com\/wp-content\/uploads\/2024\/04\/cropped-logo-1.png\",\"width\":512,\"height\":318,\"caption\":\"Carlos Cantor\"},\"logo\":{\"@id\":\"https:\/\/biciurba.com\/#\/schema\/person\/image\/\"},\"sameAs\":[\"https:\/\/biciurba.com\"],\"url\":\"https:\/\/biciurba.com\/index.php\/author\/ccantor\/\"}]}<\/script>\n<!-- \/ Yoast SEO plugin. -->","yoast_head_json":{"title":"E-cars \u00bfson tan amigables con el planeta? - Biciurba","robots":{"index":"index","follow":"follow","max-snippet":"max-snippet:-1","max-image-preview":"max-image-preview:large","max-video-preview":"max-video-preview:-1"},"canonical":"https:\/\/biciurba.com\/index.php\/2024\/04\/09\/e-cars-son-tan-amigables-con-el-planeta\/","og_locale":"es_ES","og_type":"article","og_title":"E-cars \u00bfson tan amigables con el planeta? - Biciurba","og_description":"Cuando nos hablan de autos el\u00e9ctricos de gama media y alta nos topamos con el Litio, pero para nuestra Am\u00e9rica en realidad \u00bfqu\u00e9 significa este mineral que se encuentra en tres paises de preferencia: Chile, Bolivia y Argentina? Cada caso es particular, en Chile las multinacionales ya han hecho lo suyo , en Bolivia la [&hellip;]","og_url":"https:\/\/biciurba.com\/index.php\/2024\/04\/09\/e-cars-son-tan-amigables-con-el-planeta\/","og_site_name":"Biciurba","article_published_time":"2024-04-09T16:45:13+00:00","article_modified_time":"2024-04-09T16:45:14+00:00","og_image":[{"width":600,"height":400,"url":"https:\/\/biciurba.com\/wp-content\/uploads\/2024\/04\/E-cars.png","type":"image\/png"}],"author":"Carlos Cantor","twitter_card":"summary_large_image","twitter_misc":{"Escrito por":"Carlos Cantor","Tiempo de lectura":"3 minutos"},"schema":{"@context":"https:\/\/schema.org","@graph":[{"@type":"Article","@id":"https:\/\/biciurba.com\/index.php\/2024\/04\/09\/e-cars-son-tan-amigables-con-el-planeta\/#article","isPartOf":{"@id":"https:\/\/biciurba.com\/index.php\/2024\/04\/09\/e-cars-son-tan-amigables-con-el-planeta\/"},"author":{"name":"Carlos Cantor","@id":"https:\/\/biciurba.com\/#\/schema\/person\/d9675ddf29ee982d268db0a3f239eced"},"headline":"E-cars \u00bfson tan amigables con el planeta?","datePublished":"2024-04-09T16:45:13+00:00","dateModified":"2024-04-09T16:45:14+00:00","mainEntityOfPage":{"@id":"https:\/\/biciurba.com\/index.php\/2024\/04\/09\/e-cars-son-tan-amigables-con-el-planeta\/"},"wordCount":549,"commentCount":0,"publisher":{"@id":"https:\/\/biciurba.com\/#\/schema\/person\/d9675ddf29ee982d268db0a3f239eced"},"image":{"@id":"https:\/\/biciurba.com\/index.php\/2024\/04\/09\/e-cars-son-tan-amigables-con-el-planeta\/#primaryimage"},"thumbnailUrl":"https:\/\/biciurba.com\/wp-content\/uploads\/2024\/04\/E-cars.png","keywords":["Bicicletas urbanas","Da\u00f1o ambiental","E-cars","Litio","mineria industrial"],"articleSection":["Eco-movilidad"],"inLanguage":"es","potentialAction":[{"@type":"CommentAction","name":"Comment","target":["https:\/\/biciurba.com\/index.php\/2024\/04\/09\/e-cars-son-tan-amigables-con-el-planeta\/#respond"]}]},{"@type":"WebPage","@id":"https:\/\/biciurba.com\/index.php\/2024\/04\/09\/e-cars-son-tan-amigables-con-el-planeta\/","url":"https:\/\/biciurba.com\/index.php\/2024\/04\/09\/e-cars-son-tan-amigables-con-el-planeta\/","name":"E-cars \u00bfson tan amigables con el planeta? - Biciurba","isPartOf":{"@id":"https:\/\/biciurba.com\/#website"},"primaryImageOfPage":{"@id":"https:\/\/biciurba.com\/index.php\/2024\/04\/09\/e-cars-son-tan-amigables-con-el-planeta\/#primaryimage"},"image":{"@id":"https:\/\/biciurba.com\/index.php\/2024\/04\/09\/e-cars-son-tan-amigables-con-el-planeta\/#primaryimage"},"thumbnailUrl":"https:\/\/biciurba.com\/wp-content\/uploads\/2024\/04\/E-cars.png","datePublished":"2024-04-09T16:45:13+00:00","dateModified":"2024-04-09T16:45:14+00:00","breadcrumb":{"@id":"https:\/\/biciurba.com\/index.php\/2024\/04\/09\/e-cars-son-tan-amigables-con-el-planeta\/#breadcrumb"},"inLanguage":"es","potentialAction":[{"@type":"ReadAction","target":["https:\/\/biciurba.com\/index.php\/2024\/04\/09\/e-cars-son-tan-amigables-con-el-planeta\/"]}]},{"@type":"ImageObject","inLanguage":"es","@id":"https:\/\/biciurba.com\/index.php\/2024\/04\/09\/e-cars-son-tan-amigables-con-el-planeta\/#primaryimage","url":"https:\/\/biciurba.com\/wp-content\/uploads\/2024\/04\/E-cars.png","contentUrl":"https:\/\/biciurba.com\/wp-content\/uploads\/2024\/04\/E-cars.png","width":600,"height":400,"caption":"M\u00e1s que simple movilidad ecol\u00f3gica, el Litio es un protagonista de variedad crisis en Suram\u00e9rica"},{"@type":"BreadcrumbList","@id":"https:\/\/biciurba.com\/index.php\/2024\/04\/09\/e-cars-son-tan-amigables-con-el-planeta\/#breadcrumb","itemListElement":[{"@type":"ListItem","position":1,"name":"Portada","item":"https:\/\/biciurba.com\/"},{"@type":"ListItem","position":2,"name":"E-cars \u00bfson tan amigables con el planeta?"}]},{"@type":"WebSite","@id":"https:\/\/biciurba.com\/#website","url":"https:\/\/biciurba.com\/","name":"Biciurba","description":"Una mejor manera de vivir","publisher":{"@id":"https:\/\/biciurba.com\/#\/schema\/person\/d9675ddf29ee982d268db0a3f239eced"},"potentialAction":[{"@type":"SearchAction","target":{"@type":"EntryPoint","urlTemplate":"https:\/\/biciurba.com\/?s={search_term_string}"},"query-input":{"@type":"PropertyValueSpecification","valueRequired":true,"valueName":"search_term_string"}}],"inLanguage":"es"},{"@type":["Person","Organization"],"@id":"https:\/\/biciurba.com\/#\/schema\/person\/d9675ddf29ee982d268db0a3f239eced","name":"Carlos Cantor","image":{"@type":"ImageObject","inLanguage":"es","@id":"https:\/\/biciurba.com\/#\/schema\/person\/image\/","url":"https:\/\/biciurba.com\/wp-content\/uploads\/2024\/04\/cropped-logo-1.png","contentUrl":"https:\/\/biciurba.com\/wp-content\/uploads\/2024\/04\/cropped-logo-1.png","width":512,"height":318,"caption":"Carlos Cantor"},"logo":{"@id":"https:\/\/biciurba.com\/#\/schema\/person\/image\/"},"sameAs":["https:\/\/biciurba.com"],"url":"https:\/\/biciurba.com\/index.php\/author\/ccantor\/"}]}},"_links":{"self":[{"href":"https:\/\/biciurba.com\/index.php\/wp-json\/wp\/v2\/posts\/236"}],"collection":[{"href":"https:\/\/biciurba.com\/index.php\/wp-json\/wp\/v2\/posts"}],"about":[{"href":"https:\/\/biciurba.com\/index.php\/wp-json\/wp\/v2\/types\/post"}],"author":[{"embeddable":true,"href":"https:\/\/biciurba.com\/index.php\/wp-json\/wp\/v2\/users\/1"}],"replies":[{"embeddable":true,"href":"https:\/\/biciurba.com\/index.php\/wp-json\/wp\/v2\/comments?post=236"}],"version-history":[{"count":1,"href":"https:\/\/biciurba.com\/index.php\/wp-json\/wp\/v2\/posts\/236\/revisions"}],"predecessor-version":[{"id":238,"href":"https:\/\/biciurba.com\/index.php\/wp-json\/wp\/v2\/posts\/236\/revisions\/238"}],"wp:featuredmedia":[{"embeddable":true,"href":"https:\/\/biciurba.com\/index.php\/wp-json\/wp\/v2\/media\/237"}],"wp:attachment":[{"href":"https:\/\/biciurba.com\/index.php\/wp-json\/wp\/v2\/media?parent=236"}],"wp:term":[{"taxonomy":"category","embeddable":true,"href":"https:\/\/biciurba.com\/index.php\/wp-json\/wp\/v2\/categories?post=236"},{"taxonomy":"post_tag","embeddable":true,"href":"https:\/\/biciurba.com\/index.php\/wp-json\/wp\/v2\/tags?post=236"}],"curies":[{"name":"wp","href":"https:\/\/api.w.org\/{rel}","templated":true}]}}