{"id":239,"date":"2024-04-09T12:16:22","date_gmt":"2024-04-09T17:16:22","guid":{"rendered":"https:\/\/biciurba.com\/?p=239"},"modified":"2024-04-09T12:16:25","modified_gmt":"2024-04-09T17:16:25","slug":"el-litio-entre-la-riqueza-y-la-devastacion-ambiental","status":"publish","type":"post","link":"https:\/\/biciurba.com\/index.php\/2024\/04\/09\/el-litio-entre-la-riqueza-y-la-devastacion-ambiental\/","title":{"rendered":"El Litio entre la riqueza y la devastaci\u00f3n ambiental"},"content":{"rendered":"\n<p>El texto de Ernesto Picco arranca as\u00ed: \u00bb Hay un problema con el litio. El litio no es como el oro, que en forma de lingotes, joyas o monedas ha excitado sue\u00f1os de riqueza durante siglos. El oro -la idea del oro, sus im\u00e1genes, formas y posibilidades- ha justificado expediciones suicidas, colonizaciones y matanzas sin culpa. Mas o menos igual que la plata. Solo que, mientras noventa por ciento del oro se utiliza hoy para hacer joyas y sostener reserva de inversiones, la plata se usa mayoritariamente con fines industriales: armas, circuitos, compuestos para medicina y fotograf\u00eda. Algo parecido ocurre con el cobre: Lo puedes ver en cables, alambres o monedas de uso corriente.<\/p>\n\n\n\n<p>El problema con el litio es que no lo ves. Y, sin embargo, est\u00e1 ah\u00ed, movilizando millones de d\u00f3lares, euros y yenes entre paises centrales y perif\u00e9ricos. Y, mientras hace eso, va poniendo a pueblos ancestrales en pie de guerra, en pleno siglo XXI\u00bb&#8230;.<\/p>\n\n\n\n<p>Una publicaci\u00f3n del 2022 que nos acerca al drama que representa esta riqueza que se escapa de las manos latinoamericanas y que generan un da\u00f1o ambiental y humano de proporciones. En la vida diaria tenemos litio en todo tiepo de accesorios que usan bater\u00edas de este mineral y que ciertamente facilita la vida, principalmente en las ciudades.<\/p>\n\n\n\n<p>Si quiere acercarse al tema de esta tecnolog\u00eda que lo invade todo, este texto del Doctor Ernesto Picco, un argentino que sabe muy bien de esta realidad minera que a la larga se va convirtiendo en un espejismo, lo enfrenta a una situaci\u00f3n muchas veces tan ajena que tiene mucho que ver con nuestros consumos de la vida diaria.<\/p>\n","protected":false},"excerpt":{"rendered":"<p>El texto de Ernesto Picco arranca as\u00ed: \u00bb Hay un problema con el litio. El litio no es como el oro, que en forma de lingotes, joyas o monedas ha excitado sue\u00f1os de riqueza durante siglos. El oro -la idea del oro, sus im\u00e1genes, formas y posibilidades- ha justificado expediciones suicidas, colonizaciones y matanzas sin [&hellip;]<\/p>\n","protected":false},"author":1,"featured_media":240,"comment_status":"open","ping_status":"open","sticky":false,"template":"","format":"standard","meta":{"footnotes":""},"categories":[14],"tags":[56,63,61,62],"class_list":["post-239","post","type-post","status-publish","format-standard","has-post-thumbnail","hentry","category-sostenibilidad","tag-litio","tag-mineria","tag-suramerica","tag-triangulo-del-litio"],"yoast_head":"<!-- This site is optimized with the Yoast SEO plugin v23.9 - https:\/\/yoast.com\/wordpress\/plugins\/seo\/ -->\n<title>El Litio entre la riqueza y la devastaci\u00f3n ambiental - Biciurba<\/title>\n<meta name=\"robots\" content=\"index, follow, max-snippet:-1, max-image-preview:large, max-video-preview:-1\" \/>\n<link rel=\"canonical\" href=\"https:\/\/biciurba.com\/index.php\/2024\/04\/09\/el-litio-entre-la-riqueza-y-la-devastacion-ambiental\/\" \/>\n<meta property=\"og:locale\" content=\"es_ES\" \/>\n<meta property=\"og:type\" content=\"article\" \/>\n<meta property=\"og:title\" content=\"El Litio entre la riqueza y la devastaci\u00f3n ambiental - Biciurba\" \/>\n<meta property=\"og:description\" content=\"El texto de Ernesto Picco arranca as\u00ed: \u00bb Hay un problema con el litio. El litio no es como el oro, que en forma de lingotes, joyas o monedas ha excitado sue\u00f1os de riqueza durante siglos. El oro -la idea del oro, sus im\u00e1genes, formas y posibilidades- ha justificado expediciones suicidas, colonizaciones y matanzas sin [&hellip;]\" \/>\n<meta property=\"og:url\" content=\"https:\/\/biciurba.com\/index.php\/2024\/04\/09\/el-litio-entre-la-riqueza-y-la-devastacion-ambiental\/\" \/>\n<meta property=\"og:site_name\" content=\"Biciurba\" \/>\n<meta property=\"article:published_time\" content=\"2024-04-09T17:16:22+00:00\" \/>\n<meta property=\"article:modified_time\" content=\"2024-04-09T17:16:25+00:00\" \/>\n<meta property=\"og:image\" content=\"https:\/\/biciurba.com\/wp-content\/uploads\/2024\/04\/cronicas-del-litio.png\" \/>\n\t<meta property=\"og:image:width\" content=\"600\" \/>\n\t<meta property=\"og:image:height\" content=\"400\" \/>\n\t<meta property=\"og:image:type\" content=\"image\/png\" \/>\n<meta name=\"author\" content=\"Carlos Cantor\" \/>\n<meta name=\"twitter:card\" content=\"summary_large_image\" \/>\n<meta name=\"twitter:label1\" content=\"Escrito por\" \/>\n\t<meta name=\"twitter:data1\" content=\"Carlos Cantor\" \/>\n\t<meta name=\"twitter:label2\" content=\"Tiempo de lectura\" \/>\n\t<meta name=\"twitter:data2\" content=\"2 minutos\" \/>\n<script type=\"application\/ld+json\" class=\"yoast-schema-graph\">{\"@context\":\"https:\/\/schema.org\",\"@graph\":[{\"@type\":\"Article\",\"@id\":\"https:\/\/biciurba.com\/index.php\/2024\/04\/09\/el-litio-entre-la-riqueza-y-la-devastacion-ambiental\/#article\",\"isPartOf\":{\"@id\":\"https:\/\/biciurba.com\/index.php\/2024\/04\/09\/el-litio-entre-la-riqueza-y-la-devastacion-ambiental\/\"},\"author\":{\"name\":\"Carlos Cantor\",\"@id\":\"https:\/\/biciurba.com\/#\/schema\/person\/d9675ddf29ee982d268db0a3f239eced\"},\"headline\":\"El Litio entre la riqueza y la devastaci\u00f3n ambiental\",\"datePublished\":\"2024-04-09T17:16:22+00:00\",\"dateModified\":\"2024-04-09T17:16:25+00:00\",\"mainEntityOfPage\":{\"@id\":\"https:\/\/biciurba.com\/index.php\/2024\/04\/09\/el-litio-entre-la-riqueza-y-la-devastacion-ambiental\/\"},\"wordCount\":292,\"commentCount\":0,\"publisher\":{\"@id\":\"https:\/\/biciurba.com\/#\/schema\/person\/d9675ddf29ee982d268db0a3f239eced\"},\"image\":{\"@id\":\"https:\/\/biciurba.com\/index.php\/2024\/04\/09\/el-litio-entre-la-riqueza-y-la-devastacion-ambiental\/#primaryimage\"},\"thumbnailUrl\":\"https:\/\/biciurba.com\/wp-content\/uploads\/2024\/04\/cronicas-del-litio.png\",\"keywords\":[\"Litio\",\"miner\u00eda\",\"Suram\u00e9rica\",\"Triangulo del Litio\"],\"articleSection\":[\"Ciudad Sostenible\"],\"inLanguage\":\"es\",\"potentialAction\":[{\"@type\":\"CommentAction\",\"name\":\"Comment\",\"target\":[\"https:\/\/biciurba.com\/index.php\/2024\/04\/09\/el-litio-entre-la-riqueza-y-la-devastacion-ambiental\/#respond\"]}]},{\"@type\":\"WebPage\",\"@id\":\"https:\/\/biciurba.com\/index.php\/2024\/04\/09\/el-litio-entre-la-riqueza-y-la-devastacion-ambiental\/\",\"url\":\"https:\/\/biciurba.com\/index.php\/2024\/04\/09\/el-litio-entre-la-riqueza-y-la-devastacion-ambiental\/\",\"name\":\"El Litio entre la riqueza y la devastaci\u00f3n ambiental - Biciurba\",\"isPartOf\":{\"@id\":\"https:\/\/biciurba.com\/#website\"},\"primaryImageOfPage\":{\"@id\":\"https:\/\/biciurba.com\/index.php\/2024\/04\/09\/el-litio-entre-la-riqueza-y-la-devastacion-ambiental\/#primaryimage\"},\"image\":{\"@id\":\"https:\/\/biciurba.com\/index.php\/2024\/04\/09\/el-litio-entre-la-riqueza-y-la-devastacion-ambiental\/#primaryimage\"},\"thumbnailUrl\":\"https:\/\/biciurba.com\/wp-content\/uploads\/2024\/04\/cronicas-del-litio.png\",\"datePublished\":\"2024-04-09T17:16:22+00:00\",\"dateModified\":\"2024-04-09T17:16:25+00:00\",\"breadcrumb\":{\"@id\":\"https:\/\/biciurba.com\/index.php\/2024\/04\/09\/el-litio-entre-la-riqueza-y-la-devastacion-ambiental\/#breadcrumb\"},\"inLanguage\":\"es\",\"potentialAction\":[{\"@type\":\"ReadAction\",\"target\":[\"https:\/\/biciurba.com\/index.php\/2024\/04\/09\/el-litio-entre-la-riqueza-y-la-devastacion-ambiental\/\"]}]},{\"@type\":\"ImageObject\",\"inLanguage\":\"es\",\"@id\":\"https:\/\/biciurba.com\/index.php\/2024\/04\/09\/el-litio-entre-la-riqueza-y-la-devastacion-ambiental\/#primaryimage\",\"url\":\"https:\/\/biciurba.com\/wp-content\/uploads\/2024\/04\/cronicas-del-litio.png\",\"contentUrl\":\"https:\/\/biciurba.com\/wp-content\/uploads\/2024\/04\/cronicas-del-litio.png\",\"width\":600,\"height\":400,\"caption\":\"Un texto necesario para aproximarse a este mundo de la miner\u00eda del litio en nuestro continente\"},{\"@type\":\"BreadcrumbList\",\"@id\":\"https:\/\/biciurba.com\/index.php\/2024\/04\/09\/el-litio-entre-la-riqueza-y-la-devastacion-ambiental\/#breadcrumb\",\"itemListElement\":[{\"@type\":\"ListItem\",\"position\":1,\"name\":\"Portada\",\"item\":\"https:\/\/biciurba.com\/\"},{\"@type\":\"ListItem\",\"position\":2,\"name\":\"El Litio entre la riqueza y la devastaci\u00f3n ambiental\"}]},{\"@type\":\"WebSite\",\"@id\":\"https:\/\/biciurba.com\/#website\",\"url\":\"https:\/\/biciurba.com\/\",\"name\":\"Biciurba\",\"description\":\"Una mejor manera de vivir\",\"publisher\":{\"@id\":\"https:\/\/biciurba.com\/#\/schema\/person\/d9675ddf29ee982d268db0a3f239eced\"},\"potentialAction\":[{\"@type\":\"SearchAction\",\"target\":{\"@type\":\"EntryPoint\",\"urlTemplate\":\"https:\/\/biciurba.com\/?s={search_term_string}\"},\"query-input\":{\"@type\":\"PropertyValueSpecification\",\"valueRequired\":true,\"valueName\":\"search_term_string\"}}],\"inLanguage\":\"es\"},{\"@type\":[\"Person\",\"Organization\"],\"@id\":\"https:\/\/biciurba.com\/#\/schema\/person\/d9675ddf29ee982d268db0a3f239eced\",\"name\":\"Carlos Cantor\",\"image\":{\"@type\":\"ImageObject\",\"inLanguage\":\"es\",\"@id\":\"https:\/\/biciurba.com\/#\/schema\/person\/image\/\",\"url\":\"https:\/\/biciurba.com\/wp-content\/uploads\/2024\/04\/cropped-logo-1.png\",\"contentUrl\":\"https:\/\/biciurba.com\/wp-content\/uploads\/2024\/04\/cropped-logo-1.png\",\"width\":512,\"height\":318,\"caption\":\"Carlos Cantor\"},\"logo\":{\"@id\":\"https:\/\/biciurba.com\/#\/schema\/person\/image\/\"},\"sameAs\":[\"https:\/\/biciurba.com\"],\"url\":\"https:\/\/biciurba.com\/index.php\/author\/ccantor\/\"}]}<\/script>\n<!-- \/ Yoast SEO plugin. -->","yoast_head_json":{"title":"El Litio entre la riqueza y la devastaci\u00f3n ambiental - Biciurba","robots":{"index":"index","follow":"follow","max-snippet":"max-snippet:-1","max-image-preview":"max-image-preview:large","max-video-preview":"max-video-preview:-1"},"canonical":"https:\/\/biciurba.com\/index.php\/2024\/04\/09\/el-litio-entre-la-riqueza-y-la-devastacion-ambiental\/","og_locale":"es_ES","og_type":"article","og_title":"El Litio entre la riqueza y la devastaci\u00f3n ambiental - Biciurba","og_description":"El texto de Ernesto Picco arranca as\u00ed: \u00bb Hay un problema con el litio. El litio no es como el oro, que en forma de lingotes, joyas o monedas ha excitado sue\u00f1os de riqueza durante siglos. El oro -la idea del oro, sus im\u00e1genes, formas y posibilidades- ha justificado expediciones suicidas, colonizaciones y matanzas sin [&hellip;]","og_url":"https:\/\/biciurba.com\/index.php\/2024\/04\/09\/el-litio-entre-la-riqueza-y-la-devastacion-ambiental\/","og_site_name":"Biciurba","article_published_time":"2024-04-09T17:16:22+00:00","article_modified_time":"2024-04-09T17:16:25+00:00","og_image":[{"width":600,"height":400,"url":"https:\/\/biciurba.com\/wp-content\/uploads\/2024\/04\/cronicas-del-litio.png","type":"image\/png"}],"author":"Carlos Cantor","twitter_card":"summary_large_image","twitter_misc":{"Escrito por":"Carlos Cantor","Tiempo de lectura":"2 minutos"},"schema":{"@context":"https:\/\/schema.org","@graph":[{"@type":"Article","@id":"https:\/\/biciurba.com\/index.php\/2024\/04\/09\/el-litio-entre-la-riqueza-y-la-devastacion-ambiental\/#article","isPartOf":{"@id":"https:\/\/biciurba.com\/index.php\/2024\/04\/09\/el-litio-entre-la-riqueza-y-la-devastacion-ambiental\/"},"author":{"name":"Carlos Cantor","@id":"https:\/\/biciurba.com\/#\/schema\/person\/d9675ddf29ee982d268db0a3f239eced"},"headline":"El Litio entre la riqueza y la devastaci\u00f3n ambiental","datePublished":"2024-04-09T17:16:22+00:00","dateModified":"2024-04-09T17:16:25+00:00","mainEntityOfPage":{"@id":"https:\/\/biciurba.com\/index.php\/2024\/04\/09\/el-litio-entre-la-riqueza-y-la-devastacion-ambiental\/"},"wordCount":292,"commentCount":0,"publisher":{"@id":"https:\/\/biciurba.com\/#\/schema\/person\/d9675ddf29ee982d268db0a3f239eced"},"image":{"@id":"https:\/\/biciurba.com\/index.php\/2024\/04\/09\/el-litio-entre-la-riqueza-y-la-devastacion-ambiental\/#primaryimage"},"thumbnailUrl":"https:\/\/biciurba.com\/wp-content\/uploads\/2024\/04\/cronicas-del-litio.png","keywords":["Litio","miner\u00eda","Suram\u00e9rica","Triangulo del Litio"],"articleSection":["Ciudad Sostenible"],"inLanguage":"es","potentialAction":[{"@type":"CommentAction","name":"Comment","target":["https:\/\/biciurba.com\/index.php\/2024\/04\/09\/el-litio-entre-la-riqueza-y-la-devastacion-ambiental\/#respond"]}]},{"@type":"WebPage","@id":"https:\/\/biciurba.com\/index.php\/2024\/04\/09\/el-litio-entre-la-riqueza-y-la-devastacion-ambiental\/","url":"https:\/\/biciurba.com\/index.php\/2024\/04\/09\/el-litio-entre-la-riqueza-y-la-devastacion-ambiental\/","name":"El Litio entre la riqueza y la devastaci\u00f3n ambiental - Biciurba","isPartOf":{"@id":"https:\/\/biciurba.com\/#website"},"primaryImageOfPage":{"@id":"https:\/\/biciurba.com\/index.php\/2024\/04\/09\/el-litio-entre-la-riqueza-y-la-devastacion-ambiental\/#primaryimage"},"image":{"@id":"https:\/\/biciurba.com\/index.php\/2024\/04\/09\/el-litio-entre-la-riqueza-y-la-devastacion-ambiental\/#primaryimage"},"thumbnailUrl":"https:\/\/biciurba.com\/wp-content\/uploads\/2024\/04\/cronicas-del-litio.png","datePublished":"2024-04-09T17:16:22+00:00","dateModified":"2024-04-09T17:16:25+00:00","breadcrumb":{"@id":"https:\/\/biciurba.com\/index.php\/2024\/04\/09\/el-litio-entre-la-riqueza-y-la-devastacion-ambiental\/#breadcrumb"},"inLanguage":"es","potentialAction":[{"@type":"ReadAction","target":["https:\/\/biciurba.com\/index.php\/2024\/04\/09\/el-litio-entre-la-riqueza-y-la-devastacion-ambiental\/"]}]},{"@type":"ImageObject","inLanguage":"es","@id":"https:\/\/biciurba.com\/index.php\/2024\/04\/09\/el-litio-entre-la-riqueza-y-la-devastacion-ambiental\/#primaryimage","url":"https:\/\/biciurba.com\/wp-content\/uploads\/2024\/04\/cronicas-del-litio.png","contentUrl":"https:\/\/biciurba.com\/wp-content\/uploads\/2024\/04\/cronicas-del-litio.png","width":600,"height":400,"caption":"Un texto necesario para aproximarse a este mundo de la miner\u00eda del litio en nuestro continente"},{"@type":"BreadcrumbList","@id":"https:\/\/biciurba.com\/index.php\/2024\/04\/09\/el-litio-entre-la-riqueza-y-la-devastacion-ambiental\/#breadcrumb","itemListElement":[{"@type":"ListItem","position":1,"name":"Portada","item":"https:\/\/biciurba.com\/"},{"@type":"ListItem","position":2,"name":"El Litio entre la riqueza y la devastaci\u00f3n ambiental"}]},{"@type":"WebSite","@id":"https:\/\/biciurba.com\/#website","url":"https:\/\/biciurba.com\/","name":"Biciurba","description":"Una mejor manera de vivir","publisher":{"@id":"https:\/\/biciurba.com\/#\/schema\/person\/d9675ddf29ee982d268db0a3f239eced"},"potentialAction":[{"@type":"SearchAction","target":{"@type":"EntryPoint","urlTemplate":"https:\/\/biciurba.com\/?s={search_term_string}"},"query-input":{"@type":"PropertyValueSpecification","valueRequired":true,"valueName":"search_term_string"}}],"inLanguage":"es"},{"@type":["Person","Organization"],"@id":"https:\/\/biciurba.com\/#\/schema\/person\/d9675ddf29ee982d268db0a3f239eced","name":"Carlos Cantor","image":{"@type":"ImageObject","inLanguage":"es","@id":"https:\/\/biciurba.com\/#\/schema\/person\/image\/","url":"https:\/\/biciurba.com\/wp-content\/uploads\/2024\/04\/cropped-logo-1.png","contentUrl":"https:\/\/biciurba.com\/wp-content\/uploads\/2024\/04\/cropped-logo-1.png","width":512,"height":318,"caption":"Carlos Cantor"},"logo":{"@id":"https:\/\/biciurba.com\/#\/schema\/person\/image\/"},"sameAs":["https:\/\/biciurba.com"],"url":"https:\/\/biciurba.com\/index.php\/author\/ccantor\/"}]}},"_links":{"self":[{"href":"https:\/\/biciurba.com\/index.php\/wp-json\/wp\/v2\/posts\/239"}],"collection":[{"href":"https:\/\/biciurba.com\/index.php\/wp-json\/wp\/v2\/posts"}],"about":[{"href":"https:\/\/biciurba.com\/index.php\/wp-json\/wp\/v2\/types\/post"}],"author":[{"embeddable":true,"href":"https:\/\/biciurba.com\/index.php\/wp-json\/wp\/v2\/users\/1"}],"replies":[{"embeddable":true,"href":"https:\/\/biciurba.com\/index.php\/wp-json\/wp\/v2\/comments?post=239"}],"version-history":[{"count":1,"href":"https:\/\/biciurba.com\/index.php\/wp-json\/wp\/v2\/posts\/239\/revisions"}],"predecessor-version":[{"id":241,"href":"https:\/\/biciurba.com\/index.php\/wp-json\/wp\/v2\/posts\/239\/revisions\/241"}],"wp:featuredmedia":[{"embeddable":true,"href":"https:\/\/biciurba.com\/index.php\/wp-json\/wp\/v2\/media\/240"}],"wp:attachment":[{"href":"https:\/\/biciurba.com\/index.php\/wp-json\/wp\/v2\/media?parent=239"}],"wp:term":[{"taxonomy":"category","embeddable":true,"href":"https:\/\/biciurba.com\/index.php\/wp-json\/wp\/v2\/categories?post=239"},{"taxonomy":"post_tag","embeddable":true,"href":"https:\/\/biciurba.com\/index.php\/wp-json\/wp\/v2\/tags?post=239"}],"curies":[{"name":"wp","href":"https:\/\/api.w.org\/{rel}","templated":true}]}}