{"id":249,"date":"2024-04-10T08:45:56","date_gmt":"2024-04-10T13:45:56","guid":{"rendered":"https:\/\/biciurba.com\/?p=249"},"modified":"2024-04-10T08:45:58","modified_gmt":"2024-04-10T13:45:58","slug":"una-enfermedad-con-la-que-hay-que-tener-cuidado-hepatitis-virica","status":"publish","type":"post","link":"https:\/\/biciurba.com\/index.php\/2024\/04\/10\/una-enfermedad-con-la-que-hay-que-tener-cuidado-hepatitis-virica\/","title":{"rendered":"Una enfermedad con la que hay que tener cuidado: hepatitis v\u00edrica"},"content":{"rendered":"\n<p>El n\u00famero de vidas que se pierden por infecciones de hepatitis v\u00edrica va en aumento y ya supone 3500 muertes diarias, seg\u00fan un informe de la Organizaci\u00f3n Mundial de la Salud (OMS). La enfermedad es la segunda causa infecciosa de muerte en el mundo, con 1,3 millones de fallecimientos al a\u00f1o, los mismos que la tuberculosis, otra de las principales causas de muerte infecciosa, seg\u00fan el Informe Mundial sobre la Hepatitis 2024 de la Organizaci\u00f3n Mundial de la Salud (OMS).<\/p>\n\n\n\n<p>\u00abEste informe presenta un panorama preocupante\u00bb, ha declarado Tedros Adhanom Ghebreyesus, director general de la agencia de la ONU. \u00abA pesar de los progresos a nivel mundial en la prevenci\u00f3n de las infecciones por hepatitis, las muertes est\u00e1n aumentando porque muy pocas personas con hepatitis est\u00e1n siendo diagnosticadas y tratadas.\u00bb<\/p>\n\n\n\n<p>Aunque se dispone de mejores herramientas para el diagn\u00f3stico y el tratamiento y los precios de los productos est\u00e1n bajando, las tasas de cobertura de las pruebas y el tratamiento se han estancado, afirma la OMS. Sin embargo, alcanzar el objetivo de eliminaci\u00f3n en 2030 deber\u00eda ser posible si se toman medidas r\u00e1pidas ahora, dijo la agencia.<\/p>\n\n\n\n<p>Nuevos datos de 187 pa\u00edses muestran que el n\u00famero estimado de muertes por hepatitis v\u00edrica aument\u00f3 de 1,1 millones en 2019 a 1,3 millones en 2022. De ellas, el 83% fueron causadas por la hepatitis B y el 17% por la hepatitis C. M\u00e1s de 6000 personas se infectan cada d\u00eda con hepatitis v\u00edrica, seg\u00fan el informe.<\/p>\n\n\n\n<p>Las estimaciones actualizadas indican que 254 millones de personas viven con hepatitis B y 50 millones con hepatitis C en 2022. La mitad de la carga de infecciones cr\u00f3nicas por hepatitis B y C corresponde a personas de 30 a 54 a\u00f1os, y el 12% a ni\u00f1os. Los hombres representan el 58% de todos los casos.<\/p>\n\n\n\n<p>En todas las regiones, solo el 13% de las personas que viven con infecci\u00f3n cr\u00f3nica por hepatitis B hab\u00edan sido diagnosticadas y aproximadamente el 3%, o siete millones, hab\u00edan recibido terapia antiviral a finales de 2022, muy por debajo de los objetivos mundiales de tratar al 80% de las personas que viven con hepatitis B y hepatitis C cr\u00f3nicas para 2030.<\/p>\n\n\n\n<p>La carga de la hepatitis v\u00edrica tambi\u00e9n var\u00eda seg\u00fan las regiones. La regi\u00f3n de \u00c1frica soporta el 63% de las nuevas infecciones por hepatitis B, pero a pesar de esta carga, solo el 18% de los reci\u00e9n nacidos de la regi\u00f3n reciben la vacuna de la hepatitis B al nacer.<\/p>\n\n\n\n<p>En la regi\u00f3n del Pac\u00edfico occidental, donde se produce el 47% de las muertes por hepatitis B, la cobertura del tratamiento es del 23% entre las personas diagnosticadas, un porcentaje demasiado bajo para reducir la mortalidad. Adem\u00e1s, a pesar de la disponibilidad de medicamentos gen\u00e9ricos asequibles contra la hepatitis v\u00edrica, muchos pa\u00edses no consiguen adquirirlos a estos precios m\u00e1s bajos.<\/p>\n\n\n\n<p>El informe esboza una serie de medidas para avanzar en un enfoque de salud p\u00fablica frente a las hepatitis v\u00edricas, dise\u00f1adas para acelerar el progreso hacia el fin de la epidemia para 2030.<\/p>\n\n\n\n<p>Entre ellas se encuentran la ampliaci\u00f3n del acceso a las pruebas y diagn\u00f3sticos, el refuerzo de los esfuerzos de prevenci\u00f3n en atenci\u00f3n primaria y el paso de las pol\u00edticas a la aplicaci\u00f3n para un tratamiento equitativo. Sin embargo, la financiaci\u00f3n sigue siendo un reto, ya que los niveles actuales son insuficientes para satisfacer las necesidades.<\/p>\n\n\n\n<p>Seg\u00fan la OMS, esto se debe a una combinaci\u00f3n de factores, como el escaso conocimiento de las intervenciones y herramientas que ahorran costes y la existencia de prioridades sanitarias contrapuestas.<\/p>\n\n\n\n<p>Fuente: OMS<\/p>\n","protected":false},"excerpt":{"rendered":"<p>El n\u00famero de vidas que se pierden por infecciones de hepatitis v\u00edrica va en aumento y ya supone 3500 muertes diarias, seg\u00fan un informe de la Organizaci\u00f3n Mundial de la Salud (OMS). La enfermedad es la segunda causa infecciosa de muerte en el mundo, con 1,3 millones de fallecimientos al a\u00f1o, los mismos que la [&hellip;]<\/p>\n","protected":false},"author":1,"featured_media":250,"comment_status":"open","ping_status":"open","sticky":false,"template":"","format":"standard","meta":{"footnotes":""},"categories":[50],"tags":[67,68],"class_list":["post-249","post","type-post","status-publish","format-standard","has-post-thumbnail","hentry","category-salud-y-bienestar","tag-hepatitis-virica","tag-infecciones"],"yoast_head":"<!-- This site is optimized with the Yoast SEO plugin v23.9 - https:\/\/yoast.com\/wordpress\/plugins\/seo\/ -->\n<title>Una enfermedad con la que hay que tener cuidado: hepatitis v\u00edrica - Biciurba<\/title>\n<meta name=\"robots\" content=\"index, follow, max-snippet:-1, max-image-preview:large, max-video-preview:-1\" \/>\n<link rel=\"canonical\" href=\"https:\/\/biciurba.com\/index.php\/2024\/04\/10\/una-enfermedad-con-la-que-hay-que-tener-cuidado-hepatitis-virica\/\" \/>\n<meta property=\"og:locale\" content=\"es_ES\" \/>\n<meta property=\"og:type\" content=\"article\" \/>\n<meta property=\"og:title\" content=\"Una enfermedad con la que hay que tener cuidado: hepatitis v\u00edrica - Biciurba\" \/>\n<meta property=\"og:description\" content=\"El n\u00famero de vidas que se pierden por infecciones de hepatitis v\u00edrica va en aumento y ya supone 3500 muertes diarias, seg\u00fan un informe de la Organizaci\u00f3n Mundial de la Salud (OMS). La enfermedad es la segunda causa infecciosa de muerte en el mundo, con 1,3 millones de fallecimientos al a\u00f1o, los mismos que la [&hellip;]\" \/>\n<meta property=\"og:url\" content=\"https:\/\/biciurba.com\/index.php\/2024\/04\/10\/una-enfermedad-con-la-que-hay-que-tener-cuidado-hepatitis-virica\/\" \/>\n<meta property=\"og:site_name\" content=\"Biciurba\" \/>\n<meta property=\"article:published_time\" content=\"2024-04-10T13:45:56+00:00\" \/>\n<meta property=\"article:modified_time\" content=\"2024-04-10T13:45:58+00:00\" \/>\n<meta property=\"og:image\" content=\"https:\/\/biciurba.com\/wp-content\/uploads\/2024\/04\/virus-hepatitis.png\" \/>\n\t<meta property=\"og:image:width\" content=\"600\" \/>\n\t<meta property=\"og:image:height\" content=\"400\" \/>\n\t<meta property=\"og:image:type\" content=\"image\/png\" \/>\n<meta name=\"author\" content=\"Carlos Cantor\" \/>\n<meta name=\"twitter:card\" content=\"summary_large_image\" \/>\n<meta name=\"twitter:label1\" content=\"Escrito por\" \/>\n\t<meta name=\"twitter:data1\" content=\"Carlos Cantor\" \/>\n\t<meta name=\"twitter:label2\" content=\"Tiempo de lectura\" \/>\n\t<meta name=\"twitter:data2\" content=\"3 minutos\" \/>\n<script type=\"application\/ld+json\" class=\"yoast-schema-graph\">{\"@context\":\"https:\/\/schema.org\",\"@graph\":[{\"@type\":\"Article\",\"@id\":\"https:\/\/biciurba.com\/index.php\/2024\/04\/10\/una-enfermedad-con-la-que-hay-que-tener-cuidado-hepatitis-virica\/#article\",\"isPartOf\":{\"@id\":\"https:\/\/biciurba.com\/index.php\/2024\/04\/10\/una-enfermedad-con-la-que-hay-que-tener-cuidado-hepatitis-virica\/\"},\"author\":{\"name\":\"Carlos Cantor\",\"@id\":\"https:\/\/biciurba.com\/#\/schema\/person\/d9675ddf29ee982d268db0a3f239eced\"},\"headline\":\"Una enfermedad con la que hay que tener cuidado: hepatitis v\u00edrica\",\"datePublished\":\"2024-04-10T13:45:56+00:00\",\"dateModified\":\"2024-04-10T13:45:58+00:00\",\"mainEntityOfPage\":{\"@id\":\"https:\/\/biciurba.com\/index.php\/2024\/04\/10\/una-enfermedad-con-la-que-hay-que-tener-cuidado-hepatitis-virica\/\"},\"wordCount\":630,\"commentCount\":0,\"publisher\":{\"@id\":\"https:\/\/biciurba.com\/#\/schema\/person\/d9675ddf29ee982d268db0a3f239eced\"},\"image\":{\"@id\":\"https:\/\/biciurba.com\/index.php\/2024\/04\/10\/una-enfermedad-con-la-que-hay-que-tener-cuidado-hepatitis-virica\/#primaryimage\"},\"thumbnailUrl\":\"https:\/\/biciurba.com\/wp-content\/uploads\/2024\/04\/virus-hepatitis.png\",\"keywords\":[\"Hepatitis v\u00edrica\",\"infecciones\"],\"articleSection\":[\"Vida Buena\"],\"inLanguage\":\"es\",\"potentialAction\":[{\"@type\":\"CommentAction\",\"name\":\"Comment\",\"target\":[\"https:\/\/biciurba.com\/index.php\/2024\/04\/10\/una-enfermedad-con-la-que-hay-que-tener-cuidado-hepatitis-virica\/#respond\"]}]},{\"@type\":\"WebPage\",\"@id\":\"https:\/\/biciurba.com\/index.php\/2024\/04\/10\/una-enfermedad-con-la-que-hay-que-tener-cuidado-hepatitis-virica\/\",\"url\":\"https:\/\/biciurba.com\/index.php\/2024\/04\/10\/una-enfermedad-con-la-que-hay-que-tener-cuidado-hepatitis-virica\/\",\"name\":\"Una enfermedad con la que hay que tener cuidado: hepatitis v\u00edrica - Biciurba\",\"isPartOf\":{\"@id\":\"https:\/\/biciurba.com\/#website\"},\"primaryImageOfPage\":{\"@id\":\"https:\/\/biciurba.com\/index.php\/2024\/04\/10\/una-enfermedad-con-la-que-hay-que-tener-cuidado-hepatitis-virica\/#primaryimage\"},\"image\":{\"@id\":\"https:\/\/biciurba.com\/index.php\/2024\/04\/10\/una-enfermedad-con-la-que-hay-que-tener-cuidado-hepatitis-virica\/#primaryimage\"},\"thumbnailUrl\":\"https:\/\/biciurba.com\/wp-content\/uploads\/2024\/04\/virus-hepatitis.png\",\"datePublished\":\"2024-04-10T13:45:56+00:00\",\"dateModified\":\"2024-04-10T13:45:58+00:00\",\"breadcrumb\":{\"@id\":\"https:\/\/biciurba.com\/index.php\/2024\/04\/10\/una-enfermedad-con-la-que-hay-que-tener-cuidado-hepatitis-virica\/#breadcrumb\"},\"inLanguage\":\"es\",\"potentialAction\":[{\"@type\":\"ReadAction\",\"target\":[\"https:\/\/biciurba.com\/index.php\/2024\/04\/10\/una-enfermedad-con-la-que-hay-que-tener-cuidado-hepatitis-virica\/\"]}]},{\"@type\":\"ImageObject\",\"inLanguage\":\"es\",\"@id\":\"https:\/\/biciurba.com\/index.php\/2024\/04\/10\/una-enfermedad-con-la-que-hay-que-tener-cuidado-hepatitis-virica\/#primaryimage\",\"url\":\"https:\/\/biciurba.com\/wp-content\/uploads\/2024\/04\/virus-hepatitis.png\",\"contentUrl\":\"https:\/\/biciurba.com\/wp-content\/uploads\/2024\/04\/virus-hepatitis.png\",\"width\":600,\"height\":400,\"caption\":\"Las muertes por hepatitis aumentan porque muy poca gente es tratada. OMS\"},{\"@type\":\"BreadcrumbList\",\"@id\":\"https:\/\/biciurba.com\/index.php\/2024\/04\/10\/una-enfermedad-con-la-que-hay-que-tener-cuidado-hepatitis-virica\/#breadcrumb\",\"itemListElement\":[{\"@type\":\"ListItem\",\"position\":1,\"name\":\"Portada\",\"item\":\"https:\/\/biciurba.com\/\"},{\"@type\":\"ListItem\",\"position\":2,\"name\":\"Una enfermedad con la que hay que tener cuidado: hepatitis v\u00edrica\"}]},{\"@type\":\"WebSite\",\"@id\":\"https:\/\/biciurba.com\/#website\",\"url\":\"https:\/\/biciurba.com\/\",\"name\":\"Biciurba\",\"description\":\"Una mejor manera de vivir\",\"publisher\":{\"@id\":\"https:\/\/biciurba.com\/#\/schema\/person\/d9675ddf29ee982d268db0a3f239eced\"},\"potentialAction\":[{\"@type\":\"SearchAction\",\"target\":{\"@type\":\"EntryPoint\",\"urlTemplate\":\"https:\/\/biciurba.com\/?s={search_term_string}\"},\"query-input\":{\"@type\":\"PropertyValueSpecification\",\"valueRequired\":true,\"valueName\":\"search_term_string\"}}],\"inLanguage\":\"es\"},{\"@type\":[\"Person\",\"Organization\"],\"@id\":\"https:\/\/biciurba.com\/#\/schema\/person\/d9675ddf29ee982d268db0a3f239eced\",\"name\":\"Carlos Cantor\",\"image\":{\"@type\":\"ImageObject\",\"inLanguage\":\"es\",\"@id\":\"https:\/\/biciurba.com\/#\/schema\/person\/image\/\",\"url\":\"https:\/\/biciurba.com\/wp-content\/uploads\/2024\/04\/cropped-logo-1.png\",\"contentUrl\":\"https:\/\/biciurba.com\/wp-content\/uploads\/2024\/04\/cropped-logo-1.png\",\"width\":512,\"height\":318,\"caption\":\"Carlos Cantor\"},\"logo\":{\"@id\":\"https:\/\/biciurba.com\/#\/schema\/person\/image\/\"},\"sameAs\":[\"https:\/\/biciurba.com\"],\"url\":\"https:\/\/biciurba.com\/index.php\/author\/ccantor\/\"}]}<\/script>\n<!-- \/ Yoast SEO plugin. -->","yoast_head_json":{"title":"Una enfermedad con la que hay que tener cuidado: hepatitis v\u00edrica - Biciurba","robots":{"index":"index","follow":"follow","max-snippet":"max-snippet:-1","max-image-preview":"max-image-preview:large","max-video-preview":"max-video-preview:-1"},"canonical":"https:\/\/biciurba.com\/index.php\/2024\/04\/10\/una-enfermedad-con-la-que-hay-que-tener-cuidado-hepatitis-virica\/","og_locale":"es_ES","og_type":"article","og_title":"Una enfermedad con la que hay que tener cuidado: hepatitis v\u00edrica - Biciurba","og_description":"El n\u00famero de vidas que se pierden por infecciones de hepatitis v\u00edrica va en aumento y ya supone 3500 muertes diarias, seg\u00fan un informe de la Organizaci\u00f3n Mundial de la Salud (OMS). La enfermedad es la segunda causa infecciosa de muerte en el mundo, con 1,3 millones de fallecimientos al a\u00f1o, los mismos que la [&hellip;]","og_url":"https:\/\/biciurba.com\/index.php\/2024\/04\/10\/una-enfermedad-con-la-que-hay-que-tener-cuidado-hepatitis-virica\/","og_site_name":"Biciurba","article_published_time":"2024-04-10T13:45:56+00:00","article_modified_time":"2024-04-10T13:45:58+00:00","og_image":[{"width":600,"height":400,"url":"https:\/\/biciurba.com\/wp-content\/uploads\/2024\/04\/virus-hepatitis.png","type":"image\/png"}],"author":"Carlos Cantor","twitter_card":"summary_large_image","twitter_misc":{"Escrito por":"Carlos Cantor","Tiempo de lectura":"3 minutos"},"schema":{"@context":"https:\/\/schema.org","@graph":[{"@type":"Article","@id":"https:\/\/biciurba.com\/index.php\/2024\/04\/10\/una-enfermedad-con-la-que-hay-que-tener-cuidado-hepatitis-virica\/#article","isPartOf":{"@id":"https:\/\/biciurba.com\/index.php\/2024\/04\/10\/una-enfermedad-con-la-que-hay-que-tener-cuidado-hepatitis-virica\/"},"author":{"name":"Carlos Cantor","@id":"https:\/\/biciurba.com\/#\/schema\/person\/d9675ddf29ee982d268db0a3f239eced"},"headline":"Una enfermedad con la que hay que tener cuidado: hepatitis v\u00edrica","datePublished":"2024-04-10T13:45:56+00:00","dateModified":"2024-04-10T13:45:58+00:00","mainEntityOfPage":{"@id":"https:\/\/biciurba.com\/index.php\/2024\/04\/10\/una-enfermedad-con-la-que-hay-que-tener-cuidado-hepatitis-virica\/"},"wordCount":630,"commentCount":0,"publisher":{"@id":"https:\/\/biciurba.com\/#\/schema\/person\/d9675ddf29ee982d268db0a3f239eced"},"image":{"@id":"https:\/\/biciurba.com\/index.php\/2024\/04\/10\/una-enfermedad-con-la-que-hay-que-tener-cuidado-hepatitis-virica\/#primaryimage"},"thumbnailUrl":"https:\/\/biciurba.com\/wp-content\/uploads\/2024\/04\/virus-hepatitis.png","keywords":["Hepatitis v\u00edrica","infecciones"],"articleSection":["Vida Buena"],"inLanguage":"es","potentialAction":[{"@type":"CommentAction","name":"Comment","target":["https:\/\/biciurba.com\/index.php\/2024\/04\/10\/una-enfermedad-con-la-que-hay-que-tener-cuidado-hepatitis-virica\/#respond"]}]},{"@type":"WebPage","@id":"https:\/\/biciurba.com\/index.php\/2024\/04\/10\/una-enfermedad-con-la-que-hay-que-tener-cuidado-hepatitis-virica\/","url":"https:\/\/biciurba.com\/index.php\/2024\/04\/10\/una-enfermedad-con-la-que-hay-que-tener-cuidado-hepatitis-virica\/","name":"Una enfermedad con la que hay que tener cuidado: hepatitis v\u00edrica - Biciurba","isPartOf":{"@id":"https:\/\/biciurba.com\/#website"},"primaryImageOfPage":{"@id":"https:\/\/biciurba.com\/index.php\/2024\/04\/10\/una-enfermedad-con-la-que-hay-que-tener-cuidado-hepatitis-virica\/#primaryimage"},"image":{"@id":"https:\/\/biciurba.com\/index.php\/2024\/04\/10\/una-enfermedad-con-la-que-hay-que-tener-cuidado-hepatitis-virica\/#primaryimage"},"thumbnailUrl":"https:\/\/biciurba.com\/wp-content\/uploads\/2024\/04\/virus-hepatitis.png","datePublished":"2024-04-10T13:45:56+00:00","dateModified":"2024-04-10T13:45:58+00:00","breadcrumb":{"@id":"https:\/\/biciurba.com\/index.php\/2024\/04\/10\/una-enfermedad-con-la-que-hay-que-tener-cuidado-hepatitis-virica\/#breadcrumb"},"inLanguage":"es","potentialAction":[{"@type":"ReadAction","target":["https:\/\/biciurba.com\/index.php\/2024\/04\/10\/una-enfermedad-con-la-que-hay-que-tener-cuidado-hepatitis-virica\/"]}]},{"@type":"ImageObject","inLanguage":"es","@id":"https:\/\/biciurba.com\/index.php\/2024\/04\/10\/una-enfermedad-con-la-que-hay-que-tener-cuidado-hepatitis-virica\/#primaryimage","url":"https:\/\/biciurba.com\/wp-content\/uploads\/2024\/04\/virus-hepatitis.png","contentUrl":"https:\/\/biciurba.com\/wp-content\/uploads\/2024\/04\/virus-hepatitis.png","width":600,"height":400,"caption":"Las muertes por hepatitis aumentan porque muy poca gente es tratada. OMS"},{"@type":"BreadcrumbList","@id":"https:\/\/biciurba.com\/index.php\/2024\/04\/10\/una-enfermedad-con-la-que-hay-que-tener-cuidado-hepatitis-virica\/#breadcrumb","itemListElement":[{"@type":"ListItem","position":1,"name":"Portada","item":"https:\/\/biciurba.com\/"},{"@type":"ListItem","position":2,"name":"Una enfermedad con la que hay que tener cuidado: hepatitis v\u00edrica"}]},{"@type":"WebSite","@id":"https:\/\/biciurba.com\/#website","url":"https:\/\/biciurba.com\/","name":"Biciurba","description":"Una mejor manera de vivir","publisher":{"@id":"https:\/\/biciurba.com\/#\/schema\/person\/d9675ddf29ee982d268db0a3f239eced"},"potentialAction":[{"@type":"SearchAction","target":{"@type":"EntryPoint","urlTemplate":"https:\/\/biciurba.com\/?s={search_term_string}"},"query-input":{"@type":"PropertyValueSpecification","valueRequired":true,"valueName":"search_term_string"}}],"inLanguage":"es"},{"@type":["Person","Organization"],"@id":"https:\/\/biciurba.com\/#\/schema\/person\/d9675ddf29ee982d268db0a3f239eced","name":"Carlos Cantor","image":{"@type":"ImageObject","inLanguage":"es","@id":"https:\/\/biciurba.com\/#\/schema\/person\/image\/","url":"https:\/\/biciurba.com\/wp-content\/uploads\/2024\/04\/cropped-logo-1.png","contentUrl":"https:\/\/biciurba.com\/wp-content\/uploads\/2024\/04\/cropped-logo-1.png","width":512,"height":318,"caption":"Carlos Cantor"},"logo":{"@id":"https:\/\/biciurba.com\/#\/schema\/person\/image\/"},"sameAs":["https:\/\/biciurba.com"],"url":"https:\/\/biciurba.com\/index.php\/author\/ccantor\/"}]}},"_links":{"self":[{"href":"https:\/\/biciurba.com\/index.php\/wp-json\/wp\/v2\/posts\/249"}],"collection":[{"href":"https:\/\/biciurba.com\/index.php\/wp-json\/wp\/v2\/posts"}],"about":[{"href":"https:\/\/biciurba.com\/index.php\/wp-json\/wp\/v2\/types\/post"}],"author":[{"embeddable":true,"href":"https:\/\/biciurba.com\/index.php\/wp-json\/wp\/v2\/users\/1"}],"replies":[{"embeddable":true,"href":"https:\/\/biciurba.com\/index.php\/wp-json\/wp\/v2\/comments?post=249"}],"version-history":[{"count":1,"href":"https:\/\/biciurba.com\/index.php\/wp-json\/wp\/v2\/posts\/249\/revisions"}],"predecessor-version":[{"id":251,"href":"https:\/\/biciurba.com\/index.php\/wp-json\/wp\/v2\/posts\/249\/revisions\/251"}],"wp:featuredmedia":[{"embeddable":true,"href":"https:\/\/biciurba.com\/index.php\/wp-json\/wp\/v2\/media\/250"}],"wp:attachment":[{"href":"https:\/\/biciurba.com\/index.php\/wp-json\/wp\/v2\/media?parent=249"}],"wp:term":[{"taxonomy":"category","embeddable":true,"href":"https:\/\/biciurba.com\/index.php\/wp-json\/wp\/v2\/categories?post=249"},{"taxonomy":"post_tag","embeddable":true,"href":"https:\/\/biciurba.com\/index.php\/wp-json\/wp\/v2\/tags?post=249"}],"curies":[{"name":"wp","href":"https:\/\/api.w.org\/{rel}","templated":true}]}}