{"id":252,"date":"2024-04-10T09:56:17","date_gmt":"2024-04-10T14:56:17","guid":{"rendered":"https:\/\/biciurba.com\/?p=252"},"modified":"2024-04-10T09:56:19","modified_gmt":"2024-04-10T14:56:19","slug":"un-cambio-de-cultura-alimentaria-urgente-y-necesaria","status":"publish","type":"post","link":"https:\/\/biciurba.com\/index.php\/2024\/04\/10\/un-cambio-de-cultura-alimentaria-urgente-y-necesaria\/","title":{"rendered":"Un cambio de cultura alimentaria urgente y necesaria"},"content":{"rendered":"\n<p>Estamos rodeados de una gran cantidad de productos comestibles que se nos presenta diariamente por los medios de comunicaci\u00f3n, por las vitrinas de los Centros Comerciales, y en general por todos los lugares que vamos recorriendo en el d\u00eda a d\u00eda en nuestras ciudades y poblados, donde nos ofrecen productos refrescantes, deliciosos, de formas y colores muy atrayentes y en muchos casos con supuestos regalos para los m\u00e1s chicos.<\/p>\n\n\n\n<p>En la realidad no logramos desentra\u00f1ar la trampa mortal en la que estamos viviendo, y lo peor es que vamos transmitiendo esas formas de mal comer a los m\u00e1s chicos. Los saturamos de golosinas super ricas en az\u00facares, grasas trans, y una inmensa colecci\u00f3n de saborizantes, preservantes y otros qu\u00edmicos que van generando adicci\u00f3n y acabando con la salud en general de nuestro organismo.<\/p>\n\n\n\n<p>La periodista argentina Soledad Barruti, desde ya hace algunos a\u00f1os se atrevi\u00f3 a publicar un texto esclarecedor de lo que representa la industria de productos comestibles en el mundo y con especial \u00e9nfasis en nuestra Am\u00e9rica. Publicaci\u00f3n que aborda no solo los procesos industriales, adem\u00e1s el manejo pol\u00edtico, econ\u00f3mico, cultural y comunicativo que asegura que la gran industria de productos comestibles siga creciendo, arruinando el medio ambiente con cultivos transg\u00e9nicos, robando el agua a las comunidades como sucede en M\u00e9xico y la Coca Cola,  y en general todo ese panorama de negocio y enfermedad que cubre estas industrias globales.<\/p>\n\n\n\n<p>La autora tambi\u00e9n nos llama la atenci\u00f3n en como en las zonas rurales, que se supone se producen alimentos, la din\u00e1mica misma de la contrataci\u00f3n laboral del campesino, lo vuelven un comprador de productos, dejando de lado en mayor o menor medida la posibilidad de alimentar con el pancoger que puede producir en su terru\u00f1o. El drama es peor cuando las personas de la ruralidad se dirigen a las ciudades, lo que en muchos casos representa aumentar los cinturones de pobreza y miseria llev\u00e1ndolos a un mal vivir y c\u00edrculos desastrosos de miseria del los que dificilmente logran salir.<\/p>\n\n\n\n<p>Aqu\u00ed un aparte de la entrevista con la autora de \u00abMala Leche\u00bb y  \u00abMal comidos\u00bb, dos textos urgentes por leer.<\/p>\n\n\n\n<figure class=\"wp-block-audio\"><audio controls src=\"https:\/\/biciurba.com\/wp-content\/uploads\/2024\/04\/Soledad-Barrutti-mal-alimentados.mp3\"><\/audio><\/figure>\n","protected":false},"excerpt":{"rendered":"<p>Estamos rodeados de una gran cantidad de productos comestibles que se nos presenta diariamente por los medios de comunicaci\u00f3n, por las vitrinas de los Centros Comerciales, y en general por todos los lugares que vamos recorriendo en el d\u00eda a d\u00eda en nuestras ciudades y poblados, donde nos ofrecen productos refrescantes, deliciosos, de formas y [&hellip;]<\/p>\n","protected":false},"author":1,"featured_media":254,"comment_status":"open","ping_status":"open","sticky":false,"template":"","format":"standard","meta":{"footnotes":""},"categories":[50],"tags":[65,71,69,64,73,70,72],"class_list":["post-252","post","type-post","status-publish","format-standard","has-post-thumbnail","hentry","category-salud-y-bienestar","tag-alimentos","tag-bienestar","tag-comer-bien","tag-comestibles","tag-mala-leche","tag-salud","tag-soledad-barruti"],"yoast_head":"<!-- This site is optimized with the Yoast SEO plugin v23.9 - https:\/\/yoast.com\/wordpress\/plugins\/seo\/ -->\n<title>Un cambio de cultura alimentaria urgente y necesaria - Biciurba<\/title>\n<meta name=\"robots\" content=\"index, follow, max-snippet:-1, max-image-preview:large, max-video-preview:-1\" \/>\n<link rel=\"canonical\" href=\"https:\/\/biciurba.com\/index.php\/2024\/04\/10\/un-cambio-de-cultura-alimentaria-urgente-y-necesaria\/\" \/>\n<meta property=\"og:locale\" content=\"es_ES\" \/>\n<meta property=\"og:type\" content=\"article\" \/>\n<meta property=\"og:title\" content=\"Un cambio de cultura alimentaria urgente y necesaria - Biciurba\" \/>\n<meta property=\"og:description\" content=\"Estamos rodeados de una gran cantidad de productos comestibles que se nos presenta diariamente por los medios de comunicaci\u00f3n, por las vitrinas de los Centros Comerciales, y en general por todos los lugares que vamos recorriendo en el d\u00eda a d\u00eda en nuestras ciudades y poblados, donde nos ofrecen productos refrescantes, deliciosos, de formas y [&hellip;]\" \/>\n<meta property=\"og:url\" content=\"https:\/\/biciurba.com\/index.php\/2024\/04\/10\/un-cambio-de-cultura-alimentaria-urgente-y-necesaria\/\" \/>\n<meta property=\"og:site_name\" content=\"Biciurba\" \/>\n<meta property=\"article:published_time\" content=\"2024-04-10T14:56:17+00:00\" \/>\n<meta property=\"article:modified_time\" content=\"2024-04-10T14:56:19+00:00\" \/>\n<meta property=\"og:image\" content=\"https:\/\/biciurba.com\/wp-content\/uploads\/2024\/04\/Mala-leche.png\" \/>\n\t<meta property=\"og:image:width\" content=\"600\" \/>\n\t<meta property=\"og:image:height\" content=\"400\" \/>\n\t<meta property=\"og:image:type\" content=\"image\/png\" \/>\n<meta name=\"author\" content=\"Carlos Cantor\" \/>\n<meta name=\"twitter:card\" content=\"summary_large_image\" \/>\n<meta name=\"twitter:label1\" content=\"Escrito por\" \/>\n\t<meta name=\"twitter:data1\" content=\"Carlos Cantor\" \/>\n\t<meta name=\"twitter:label2\" content=\"Tiempo de lectura\" \/>\n\t<meta name=\"twitter:data2\" content=\"2 minutos\" \/>\n<script type=\"application\/ld+json\" class=\"yoast-schema-graph\">{\"@context\":\"https:\/\/schema.org\",\"@graph\":[{\"@type\":\"Article\",\"@id\":\"https:\/\/biciurba.com\/index.php\/2024\/04\/10\/un-cambio-de-cultura-alimentaria-urgente-y-necesaria\/#article\",\"isPartOf\":{\"@id\":\"https:\/\/biciurba.com\/index.php\/2024\/04\/10\/un-cambio-de-cultura-alimentaria-urgente-y-necesaria\/\"},\"author\":{\"name\":\"Carlos Cantor\",\"@id\":\"https:\/\/biciurba.com\/#\/schema\/person\/d9675ddf29ee982d268db0a3f239eced\"},\"headline\":\"Un cambio de cultura alimentaria urgente y necesaria\",\"datePublished\":\"2024-04-10T14:56:17+00:00\",\"dateModified\":\"2024-04-10T14:56:19+00:00\",\"mainEntityOfPage\":{\"@id\":\"https:\/\/biciurba.com\/index.php\/2024\/04\/10\/un-cambio-de-cultura-alimentaria-urgente-y-necesaria\/\"},\"wordCount\":384,\"commentCount\":2,\"publisher\":{\"@id\":\"https:\/\/biciurba.com\/#\/schema\/person\/d9675ddf29ee982d268db0a3f239eced\"},\"image\":{\"@id\":\"https:\/\/biciurba.com\/index.php\/2024\/04\/10\/un-cambio-de-cultura-alimentaria-urgente-y-necesaria\/#primaryimage\"},\"thumbnailUrl\":\"https:\/\/biciurba.com\/wp-content\/uploads\/2024\/04\/Mala-leche.png\",\"keywords\":[\"Alimentos\",\"bienestar\",\"comer bien\",\"Comestibles\",\"Mala Leche\",\"salud\",\"Soledad Barruti\"],\"articleSection\":[\"Vida Buena\"],\"inLanguage\":\"es\",\"potentialAction\":[{\"@type\":\"CommentAction\",\"name\":\"Comment\",\"target\":[\"https:\/\/biciurba.com\/index.php\/2024\/04\/10\/un-cambio-de-cultura-alimentaria-urgente-y-necesaria\/#respond\"]}]},{\"@type\":\"WebPage\",\"@id\":\"https:\/\/biciurba.com\/index.php\/2024\/04\/10\/un-cambio-de-cultura-alimentaria-urgente-y-necesaria\/\",\"url\":\"https:\/\/biciurba.com\/index.php\/2024\/04\/10\/un-cambio-de-cultura-alimentaria-urgente-y-necesaria\/\",\"name\":\"Un cambio de cultura alimentaria urgente y necesaria - Biciurba\",\"isPartOf\":{\"@id\":\"https:\/\/biciurba.com\/#website\"},\"primaryImageOfPage\":{\"@id\":\"https:\/\/biciurba.com\/index.php\/2024\/04\/10\/un-cambio-de-cultura-alimentaria-urgente-y-necesaria\/#primaryimage\"},\"image\":{\"@id\":\"https:\/\/biciurba.com\/index.php\/2024\/04\/10\/un-cambio-de-cultura-alimentaria-urgente-y-necesaria\/#primaryimage\"},\"thumbnailUrl\":\"https:\/\/biciurba.com\/wp-content\/uploads\/2024\/04\/Mala-leche.png\",\"datePublished\":\"2024-04-10T14:56:17+00:00\",\"dateModified\":\"2024-04-10T14:56:19+00:00\",\"breadcrumb\":{\"@id\":\"https:\/\/biciurba.com\/index.php\/2024\/04\/10\/un-cambio-de-cultura-alimentaria-urgente-y-necesaria\/#breadcrumb\"},\"inLanguage\":\"es\",\"potentialAction\":[{\"@type\":\"ReadAction\",\"target\":[\"https:\/\/biciurba.com\/index.php\/2024\/04\/10\/un-cambio-de-cultura-alimentaria-urgente-y-necesaria\/\"]}]},{\"@type\":\"ImageObject\",\"inLanguage\":\"es\",\"@id\":\"https:\/\/biciurba.com\/index.php\/2024\/04\/10\/un-cambio-de-cultura-alimentaria-urgente-y-necesaria\/#primaryimage\",\"url\":\"https:\/\/biciurba.com\/wp-content\/uploads\/2024\/04\/Mala-leche.png\",\"contentUrl\":\"https:\/\/biciurba.com\/wp-content\/uploads\/2024\/04\/Mala-leche.png\",\"width\":600,\"height\":400},{\"@type\":\"BreadcrumbList\",\"@id\":\"https:\/\/biciurba.com\/index.php\/2024\/04\/10\/un-cambio-de-cultura-alimentaria-urgente-y-necesaria\/#breadcrumb\",\"itemListElement\":[{\"@type\":\"ListItem\",\"position\":1,\"name\":\"Portada\",\"item\":\"https:\/\/biciurba.com\/\"},{\"@type\":\"ListItem\",\"position\":2,\"name\":\"Un cambio de cultura alimentaria urgente y necesaria\"}]},{\"@type\":\"WebSite\",\"@id\":\"https:\/\/biciurba.com\/#website\",\"url\":\"https:\/\/biciurba.com\/\",\"name\":\"Biciurba\",\"description\":\"Una mejor manera de vivir\",\"publisher\":{\"@id\":\"https:\/\/biciurba.com\/#\/schema\/person\/d9675ddf29ee982d268db0a3f239eced\"},\"potentialAction\":[{\"@type\":\"SearchAction\",\"target\":{\"@type\":\"EntryPoint\",\"urlTemplate\":\"https:\/\/biciurba.com\/?s={search_term_string}\"},\"query-input\":{\"@type\":\"PropertyValueSpecification\",\"valueRequired\":true,\"valueName\":\"search_term_string\"}}],\"inLanguage\":\"es\"},{\"@type\":[\"Person\",\"Organization\"],\"@id\":\"https:\/\/biciurba.com\/#\/schema\/person\/d9675ddf29ee982d268db0a3f239eced\",\"name\":\"Carlos Cantor\",\"image\":{\"@type\":\"ImageObject\",\"inLanguage\":\"es\",\"@id\":\"https:\/\/biciurba.com\/#\/schema\/person\/image\/\",\"url\":\"https:\/\/biciurba.com\/wp-content\/uploads\/2024\/04\/cropped-logo-1.png\",\"contentUrl\":\"https:\/\/biciurba.com\/wp-content\/uploads\/2024\/04\/cropped-logo-1.png\",\"width\":512,\"height\":318,\"caption\":\"Carlos Cantor\"},\"logo\":{\"@id\":\"https:\/\/biciurba.com\/#\/schema\/person\/image\/\"},\"sameAs\":[\"https:\/\/biciurba.com\"],\"url\":\"https:\/\/biciurba.com\/index.php\/author\/ccantor\/\"}]}<\/script>\n<!-- \/ Yoast SEO plugin. -->","yoast_head_json":{"title":"Un cambio de cultura alimentaria urgente y necesaria - Biciurba","robots":{"index":"index","follow":"follow","max-snippet":"max-snippet:-1","max-image-preview":"max-image-preview:large","max-video-preview":"max-video-preview:-1"},"canonical":"https:\/\/biciurba.com\/index.php\/2024\/04\/10\/un-cambio-de-cultura-alimentaria-urgente-y-necesaria\/","og_locale":"es_ES","og_type":"article","og_title":"Un cambio de cultura alimentaria urgente y necesaria - Biciurba","og_description":"Estamos rodeados de una gran cantidad de productos comestibles que se nos presenta diariamente por los medios de comunicaci\u00f3n, por las vitrinas de los Centros Comerciales, y en general por todos los lugares que vamos recorriendo en el d\u00eda a d\u00eda en nuestras ciudades y poblados, donde nos ofrecen productos refrescantes, deliciosos, de formas y [&hellip;]","og_url":"https:\/\/biciurba.com\/index.php\/2024\/04\/10\/un-cambio-de-cultura-alimentaria-urgente-y-necesaria\/","og_site_name":"Biciurba","article_published_time":"2024-04-10T14:56:17+00:00","article_modified_time":"2024-04-10T14:56:19+00:00","og_image":[{"width":600,"height":400,"url":"https:\/\/biciurba.com\/wp-content\/uploads\/2024\/04\/Mala-leche.png","type":"image\/png"}],"author":"Carlos Cantor","twitter_card":"summary_large_image","twitter_misc":{"Escrito por":"Carlos Cantor","Tiempo de lectura":"2 minutos"},"schema":{"@context":"https:\/\/schema.org","@graph":[{"@type":"Article","@id":"https:\/\/biciurba.com\/index.php\/2024\/04\/10\/un-cambio-de-cultura-alimentaria-urgente-y-necesaria\/#article","isPartOf":{"@id":"https:\/\/biciurba.com\/index.php\/2024\/04\/10\/un-cambio-de-cultura-alimentaria-urgente-y-necesaria\/"},"author":{"name":"Carlos Cantor","@id":"https:\/\/biciurba.com\/#\/schema\/person\/d9675ddf29ee982d268db0a3f239eced"},"headline":"Un cambio de cultura alimentaria urgente y necesaria","datePublished":"2024-04-10T14:56:17+00:00","dateModified":"2024-04-10T14:56:19+00:00","mainEntityOfPage":{"@id":"https:\/\/biciurba.com\/index.php\/2024\/04\/10\/un-cambio-de-cultura-alimentaria-urgente-y-necesaria\/"},"wordCount":384,"commentCount":2,"publisher":{"@id":"https:\/\/biciurba.com\/#\/schema\/person\/d9675ddf29ee982d268db0a3f239eced"},"image":{"@id":"https:\/\/biciurba.com\/index.php\/2024\/04\/10\/un-cambio-de-cultura-alimentaria-urgente-y-necesaria\/#primaryimage"},"thumbnailUrl":"https:\/\/biciurba.com\/wp-content\/uploads\/2024\/04\/Mala-leche.png","keywords":["Alimentos","bienestar","comer bien","Comestibles","Mala Leche","salud","Soledad Barruti"],"articleSection":["Vida Buena"],"inLanguage":"es","potentialAction":[{"@type":"CommentAction","name":"Comment","target":["https:\/\/biciurba.com\/index.php\/2024\/04\/10\/un-cambio-de-cultura-alimentaria-urgente-y-necesaria\/#respond"]}]},{"@type":"WebPage","@id":"https:\/\/biciurba.com\/index.php\/2024\/04\/10\/un-cambio-de-cultura-alimentaria-urgente-y-necesaria\/","url":"https:\/\/biciurba.com\/index.php\/2024\/04\/10\/un-cambio-de-cultura-alimentaria-urgente-y-necesaria\/","name":"Un cambio de cultura alimentaria urgente y necesaria - Biciurba","isPartOf":{"@id":"https:\/\/biciurba.com\/#website"},"primaryImageOfPage":{"@id":"https:\/\/biciurba.com\/index.php\/2024\/04\/10\/un-cambio-de-cultura-alimentaria-urgente-y-necesaria\/#primaryimage"},"image":{"@id":"https:\/\/biciurba.com\/index.php\/2024\/04\/10\/un-cambio-de-cultura-alimentaria-urgente-y-necesaria\/#primaryimage"},"thumbnailUrl":"https:\/\/biciurba.com\/wp-content\/uploads\/2024\/04\/Mala-leche.png","datePublished":"2024-04-10T14:56:17+00:00","dateModified":"2024-04-10T14:56:19+00:00","breadcrumb":{"@id":"https:\/\/biciurba.com\/index.php\/2024\/04\/10\/un-cambio-de-cultura-alimentaria-urgente-y-necesaria\/#breadcrumb"},"inLanguage":"es","potentialAction":[{"@type":"ReadAction","target":["https:\/\/biciurba.com\/index.php\/2024\/04\/10\/un-cambio-de-cultura-alimentaria-urgente-y-necesaria\/"]}]},{"@type":"ImageObject","inLanguage":"es","@id":"https:\/\/biciurba.com\/index.php\/2024\/04\/10\/un-cambio-de-cultura-alimentaria-urgente-y-necesaria\/#primaryimage","url":"https:\/\/biciurba.com\/wp-content\/uploads\/2024\/04\/Mala-leche.png","contentUrl":"https:\/\/biciurba.com\/wp-content\/uploads\/2024\/04\/Mala-leche.png","width":600,"height":400},{"@type":"BreadcrumbList","@id":"https:\/\/biciurba.com\/index.php\/2024\/04\/10\/un-cambio-de-cultura-alimentaria-urgente-y-necesaria\/#breadcrumb","itemListElement":[{"@type":"ListItem","position":1,"name":"Portada","item":"https:\/\/biciurba.com\/"},{"@type":"ListItem","position":2,"name":"Un cambio de cultura alimentaria urgente y necesaria"}]},{"@type":"WebSite","@id":"https:\/\/biciurba.com\/#website","url":"https:\/\/biciurba.com\/","name":"Biciurba","description":"Una mejor manera de vivir","publisher":{"@id":"https:\/\/biciurba.com\/#\/schema\/person\/d9675ddf29ee982d268db0a3f239eced"},"potentialAction":[{"@type":"SearchAction","target":{"@type":"EntryPoint","urlTemplate":"https:\/\/biciurba.com\/?s={search_term_string}"},"query-input":{"@type":"PropertyValueSpecification","valueRequired":true,"valueName":"search_term_string"}}],"inLanguage":"es"},{"@type":["Person","Organization"],"@id":"https:\/\/biciurba.com\/#\/schema\/person\/d9675ddf29ee982d268db0a3f239eced","name":"Carlos Cantor","image":{"@type":"ImageObject","inLanguage":"es","@id":"https:\/\/biciurba.com\/#\/schema\/person\/image\/","url":"https:\/\/biciurba.com\/wp-content\/uploads\/2024\/04\/cropped-logo-1.png","contentUrl":"https:\/\/biciurba.com\/wp-content\/uploads\/2024\/04\/cropped-logo-1.png","width":512,"height":318,"caption":"Carlos Cantor"},"logo":{"@id":"https:\/\/biciurba.com\/#\/schema\/person\/image\/"},"sameAs":["https:\/\/biciurba.com"],"url":"https:\/\/biciurba.com\/index.php\/author\/ccantor\/"}]}},"_links":{"self":[{"href":"https:\/\/biciurba.com\/index.php\/wp-json\/wp\/v2\/posts\/252"}],"collection":[{"href":"https:\/\/biciurba.com\/index.php\/wp-json\/wp\/v2\/posts"}],"about":[{"href":"https:\/\/biciurba.com\/index.php\/wp-json\/wp\/v2\/types\/post"}],"author":[{"embeddable":true,"href":"https:\/\/biciurba.com\/index.php\/wp-json\/wp\/v2\/users\/1"}],"replies":[{"embeddable":true,"href":"https:\/\/biciurba.com\/index.php\/wp-json\/wp\/v2\/comments?post=252"}],"version-history":[{"count":1,"href":"https:\/\/biciurba.com\/index.php\/wp-json\/wp\/v2\/posts\/252\/revisions"}],"predecessor-version":[{"id":255,"href":"https:\/\/biciurba.com\/index.php\/wp-json\/wp\/v2\/posts\/252\/revisions\/255"}],"wp:featuredmedia":[{"embeddable":true,"href":"https:\/\/biciurba.com\/index.php\/wp-json\/wp\/v2\/media\/254"}],"wp:attachment":[{"href":"https:\/\/biciurba.com\/index.php\/wp-json\/wp\/v2\/media?parent=252"}],"wp:term":[{"taxonomy":"category","embeddable":true,"href":"https:\/\/biciurba.com\/index.php\/wp-json\/wp\/v2\/categories?post=252"},{"taxonomy":"post_tag","embeddable":true,"href":"https:\/\/biciurba.com\/index.php\/wp-json\/wp\/v2\/tags?post=252"}],"curies":[{"name":"wp","href":"https:\/\/api.w.org\/{rel}","templated":true}]}}