{"id":256,"date":"2024-04-10T11:14:33","date_gmt":"2024-04-10T16:14:33","guid":{"rendered":"https:\/\/biciurba.com\/?p=256"},"modified":"2024-04-10T11:14:37","modified_gmt":"2024-04-10T16:14:37","slug":"que-deberia-ser-vivir-bien-en-las-ciudades-de-hoy","status":"publish","type":"post","link":"https:\/\/biciurba.com\/index.php\/2024\/04\/10\/que-deberia-ser-vivir-bien-en-las-ciudades-de-hoy\/","title":{"rendered":"Qu\u00e9 deber\u00eda ser vivir bien en las ciudades de hoy"},"content":{"rendered":"\n<p>Cada vez m\u00e1s extensas, con edificaciones m\u00e1s altas, con espacios \u00abprecisos\u00bb, centros comerciales de todo tipo y dise\u00f1o, v\u00edas para transitar en auto o transporte p\u00fablico, servicios de metro, tranv\u00eda, ciclorrutas, espacios verdes de diversidad de formas y tama\u00f1os, y todos los servicios posible como centros de educaci\u00f3n medicina y salud y un presupuesto que soporte el costo desa manera de vivir.<\/p>\n\n\n\n<p>La sociedad de consumo, en la que vivimos desde hace dos siglos, nos estimula a trav\u00e9s de los anuncios, los medios y otras sugerencias activas a comprar, adquirir bienes y servicios por doquier. Eso implica que lo mucho o poco que se gane laboralmente hablando, termina hipotecado pagando a bancos, corporaciones y cuanto sistema de cr\u00e9dito se haya dise\u00f1ado para facilitar que nos endeudamos de forma permanente.<\/p>\n\n\n\n<p>Nadie niega que en las ciudades tener vivienda, auto, electrodom\u00e9sticos y una gran gama de servicios son importantes, pero \u00bfson tan absolutamente necesarios? Con la llegada de los a\u00f1os nos damos cuenta que hicimos una carrera marat\u00f3nica para comprar y gastar y que a la final la mayor parte de todos eso no sirve para nada y que termina, en el mejor de los casos, en ventas de garaje, en donaciones y en el peor en la basura.<\/p>\n\n\n\n<p>Ya no se heredan las viviendas, los muebles y otros objetos durables que han sido reemplazados por descartables y de una corta duraci\u00f3n. En muchos casos fueron el producto de la explotaci\u00f3n de bosques naturales o industriales para generar muebles, que son desechados por viejos, fuera de moda o porque no se les ha hecho el mantenimiento adecuado. Se reemplazan por aglomerados costosos, de baja calidad y que definitivamente no van a ser heredados. No aguantan el paso del tiempo y no fueron hachos para tal fin.<\/p>\n\n\n\n<p>No contemos con los problemas legales y de guerras familiares por las herencias, casi siempre terminan en pleitos costosos y con un poco de dinero para los demandantes, pero se pierde un patrimonio, especialmente cuando son casas, los apartamentos finalmente est\u00e1n en el aire, y de forma literal.<\/p>\n\n\n\n<p>La sociedad de consumo nos ilusiona con el auto de moda, repletos de cuanto artilugio se pueda considerar en el momento de su compra, pero en nuestras ciudades realmente vale la pena embarcarse en un cr\u00e9dito y una gran cantidad de costos y gastos que con lleva tener una autom\u00f3vil, o una SUV, en fin, un automotor? Quiz\u00e1s en el dise\u00f1o urban\u00edsticos norteamericano donde el veh\u00edculo personal es muy importante, m\u00e1s all\u00e1 del nivel de vida, en la realidad es la posibilidad de mantener una gran industria que requiere un consumidor activo de forma permanente.<\/p>\n\n\n\n<p>As\u00ed las cosas, m\u00e1s que una necesidad es una imposici\u00f3n comercial, industrial de mercado y que se mueve en la moda. Esto ha llevado a situaciones cr\u00edticas como la realidad del cambio clim\u00e1tico acelerado por los gases de efecto invernadero, pero va m\u00e1s all\u00e1. Guerras y despropiaci\u00f3n de pueblos enteros en donde esta el petroleo para ser explotado. Confrontaciones infames patrocinadas en la sombra por los intereses de este sector de la econom\u00eda y de los paises que ordenan la econom\u00eda mundial.<\/p>\n\n\n\n<p>As\u00ed las cosas, y este es un simple ejemplo, basta detenerse en el consumo de electrodom\u00e9sticos, unos que pasan de moda por el cambio de tecnolog\u00eda (betamax, VHS &#8211; Video 8- CD-DVD- memorias SD) y otros por la obsolescencia programada que les da una vita realmente corta, sin que sea todo el artefacto que se ha malogrado, generalmente es una pieza electr\u00f3nica que se puede recambiar&#8230;pero el negocio es que compre nuevo.<\/p>\n\n\n\n<p>Y en eso nos pasamos media vida, lo que hace que vivamos en tensiones y angustias para cubrir los gastos que un sistema econ\u00f3mico nos ha impuesto. No es vivir en las cavernas, es pensar sobre nuestras adquisiciones y forma de habitar la ciudad. \u00bfVale la pena adquirir tanto para no tener el tiempo de disfrutar la vida habitando una ciudad? Las cosas no son soluciones, la compa\u00f1\u00eda de la familia, los vecinos, grupos de amigos con los que se puedan disfrutar los espacios urbanos es mucho mejor que las cosas.<\/p>\n\n\n\n<p>Sentir que se est\u00e1 vivo porque se puede caminar, montar en bicicleta, conversar en el transporte p\u00fablico, en un parque, disfrutar de un caf\u00e9 con tiempo es mucho mejor que llenar nuestras viviendas con ropa que no usaremos, aparatos que no son indispensables, veh\u00edculos que nos atormentan y sume su esfuerzo personal para cuidar el planeta que es expoliado por las industrias y las econom\u00eda mundiales  que nos imponen formas de consumir y de vivir.<\/p>\n\n\n\n<p><\/p>\n\n\n\n<p><\/p>\n\n\n\n<p><\/p>\n","protected":false},"excerpt":{"rendered":"<p>Cada vez m\u00e1s extensas, con edificaciones m\u00e1s altas, con espacios \u00abprecisos\u00bb, centros comerciales de todo tipo y dise\u00f1o, v\u00edas para transitar en auto o transporte p\u00fablico, servicios de metro, tranv\u00eda, ciclorrutas, espacios verdes de diversidad de formas y tama\u00f1os, y todos los servicios posible como centros de educaci\u00f3n medicina y salud y un presupuesto que [&hellip;]<\/p>\n","protected":false},"author":1,"featured_media":257,"comment_status":"open","ping_status":"open","sticky":false,"template":"","format":"standard","meta":{"footnotes":""},"categories":[14],"tags":[18,19,77,76,75,74],"class_list":["post-256","post","type-post","status-publish","format-standard","has-post-thumbnail","hentry","category-sostenibilidad","tag-buen-vivir","tag-crisis-climatica","tag-economia-descartable","tag-sociedad-de-consumo","tag-vida-uebana","tag-vivir-bien"],"yoast_head":"<!-- This site is optimized with the Yoast SEO plugin v23.9 - https:\/\/yoast.com\/wordpress\/plugins\/seo\/ -->\n<title>Qu\u00e9 deber\u00eda ser vivir bien en las ciudades de hoy - Biciurba<\/title>\n<meta name=\"robots\" content=\"index, follow, max-snippet:-1, max-image-preview:large, max-video-preview:-1\" \/>\n<link rel=\"canonical\" href=\"https:\/\/biciurba.com\/index.php\/2024\/04\/10\/que-deberia-ser-vivir-bien-en-las-ciudades-de-hoy\/\" \/>\n<meta property=\"og:locale\" content=\"es_ES\" \/>\n<meta property=\"og:type\" content=\"article\" \/>\n<meta property=\"og:title\" content=\"Qu\u00e9 deber\u00eda ser vivir bien en las ciudades de hoy - Biciurba\" \/>\n<meta property=\"og:description\" content=\"Cada vez m\u00e1s extensas, con edificaciones m\u00e1s altas, con espacios \u00abprecisos\u00bb, centros comerciales de todo tipo y dise\u00f1o, v\u00edas para transitar en auto o transporte p\u00fablico, servicios de metro, tranv\u00eda, ciclorrutas, espacios verdes de diversidad de formas y tama\u00f1os, y todos los servicios posible como centros de educaci\u00f3n medicina y salud y un presupuesto que [&hellip;]\" \/>\n<meta property=\"og:url\" content=\"https:\/\/biciurba.com\/index.php\/2024\/04\/10\/que-deberia-ser-vivir-bien-en-las-ciudades-de-hoy\/\" \/>\n<meta property=\"og:site_name\" content=\"Biciurba\" \/>\n<meta property=\"article:published_time\" content=\"2024-04-10T16:14:33+00:00\" \/>\n<meta property=\"article:modified_time\" content=\"2024-04-10T16:14:37+00:00\" \/>\n<meta property=\"og:image\" content=\"https:\/\/biciurba.com\/wp-content\/uploads\/2024\/04\/Ciudad.png\" \/>\n\t<meta property=\"og:image:width\" content=\"600\" \/>\n\t<meta property=\"og:image:height\" content=\"400\" \/>\n\t<meta property=\"og:image:type\" content=\"image\/png\" \/>\n<meta name=\"author\" content=\"Carlos Cantor\" \/>\n<meta name=\"twitter:card\" content=\"summary_large_image\" \/>\n<meta name=\"twitter:label1\" content=\"Escrito por\" \/>\n\t<meta name=\"twitter:data1\" content=\"Carlos Cantor\" \/>\n\t<meta name=\"twitter:label2\" content=\"Tiempo de lectura\" \/>\n\t<meta name=\"twitter:data2\" content=\"4 minutos\" \/>\n<script type=\"application\/ld+json\" class=\"yoast-schema-graph\">{\"@context\":\"https:\/\/schema.org\",\"@graph\":[{\"@type\":\"Article\",\"@id\":\"https:\/\/biciurba.com\/index.php\/2024\/04\/10\/que-deberia-ser-vivir-bien-en-las-ciudades-de-hoy\/#article\",\"isPartOf\":{\"@id\":\"https:\/\/biciurba.com\/index.php\/2024\/04\/10\/que-deberia-ser-vivir-bien-en-las-ciudades-de-hoy\/\"},\"author\":{\"name\":\"Carlos Cantor\",\"@id\":\"https:\/\/biciurba.com\/#\/schema\/person\/d9675ddf29ee982d268db0a3f239eced\"},\"headline\":\"Qu\u00e9 deber\u00eda ser vivir bien en las ciudades de hoy\",\"datePublished\":\"2024-04-10T16:14:33+00:00\",\"dateModified\":\"2024-04-10T16:14:37+00:00\",\"mainEntityOfPage\":{\"@id\":\"https:\/\/biciurba.com\/index.php\/2024\/04\/10\/que-deberia-ser-vivir-bien-en-las-ciudades-de-hoy\/\"},\"wordCount\":809,\"commentCount\":0,\"publisher\":{\"@id\":\"https:\/\/biciurba.com\/#\/schema\/person\/d9675ddf29ee982d268db0a3f239eced\"},\"image\":{\"@id\":\"https:\/\/biciurba.com\/index.php\/2024\/04\/10\/que-deberia-ser-vivir-bien-en-las-ciudades-de-hoy\/#primaryimage\"},\"thumbnailUrl\":\"https:\/\/biciurba.com\/wp-content\/uploads\/2024\/04\/Ciudad.png\",\"keywords\":[\"Buen vivir\",\"Crisis clim\u00e1tica\",\"economia descartable\",\"Sociedad de consumo\",\"Vida uebana\",\"Vivir bien\"],\"articleSection\":[\"Ciudad Sostenible\"],\"inLanguage\":\"es\",\"potentialAction\":[{\"@type\":\"CommentAction\",\"name\":\"Comment\",\"target\":[\"https:\/\/biciurba.com\/index.php\/2024\/04\/10\/que-deberia-ser-vivir-bien-en-las-ciudades-de-hoy\/#respond\"]}]},{\"@type\":\"WebPage\",\"@id\":\"https:\/\/biciurba.com\/index.php\/2024\/04\/10\/que-deberia-ser-vivir-bien-en-las-ciudades-de-hoy\/\",\"url\":\"https:\/\/biciurba.com\/index.php\/2024\/04\/10\/que-deberia-ser-vivir-bien-en-las-ciudades-de-hoy\/\",\"name\":\"Qu\u00e9 deber\u00eda ser vivir bien en las ciudades de hoy - Biciurba\",\"isPartOf\":{\"@id\":\"https:\/\/biciurba.com\/#website\"},\"primaryImageOfPage\":{\"@id\":\"https:\/\/biciurba.com\/index.php\/2024\/04\/10\/que-deberia-ser-vivir-bien-en-las-ciudades-de-hoy\/#primaryimage\"},\"image\":{\"@id\":\"https:\/\/biciurba.com\/index.php\/2024\/04\/10\/que-deberia-ser-vivir-bien-en-las-ciudades-de-hoy\/#primaryimage\"},\"thumbnailUrl\":\"https:\/\/biciurba.com\/wp-content\/uploads\/2024\/04\/Ciudad.png\",\"datePublished\":\"2024-04-10T16:14:33+00:00\",\"dateModified\":\"2024-04-10T16:14:37+00:00\",\"breadcrumb\":{\"@id\":\"https:\/\/biciurba.com\/index.php\/2024\/04\/10\/que-deberia-ser-vivir-bien-en-las-ciudades-de-hoy\/#breadcrumb\"},\"inLanguage\":\"es\",\"potentialAction\":[{\"@type\":\"ReadAction\",\"target\":[\"https:\/\/biciurba.com\/index.php\/2024\/04\/10\/que-deberia-ser-vivir-bien-en-las-ciudades-de-hoy\/\"]}]},{\"@type\":\"ImageObject\",\"inLanguage\":\"es\",\"@id\":\"https:\/\/biciurba.com\/index.php\/2024\/04\/10\/que-deberia-ser-vivir-bien-en-las-ciudades-de-hoy\/#primaryimage\",\"url\":\"https:\/\/biciurba.com\/wp-content\/uploads\/2024\/04\/Ciudad.png\",\"contentUrl\":\"https:\/\/biciurba.com\/wp-content\/uploads\/2024\/04\/Ciudad.png\",\"width\":600,\"height\":400,\"caption\":\"La ciudad un c\u00famulo de aspiraciones econ\u00f3micas impuestas por las leyes del mercado\"},{\"@type\":\"BreadcrumbList\",\"@id\":\"https:\/\/biciurba.com\/index.php\/2024\/04\/10\/que-deberia-ser-vivir-bien-en-las-ciudades-de-hoy\/#breadcrumb\",\"itemListElement\":[{\"@type\":\"ListItem\",\"position\":1,\"name\":\"Portada\",\"item\":\"https:\/\/biciurba.com\/\"},{\"@type\":\"ListItem\",\"position\":2,\"name\":\"Qu\u00e9 deber\u00eda ser vivir bien en las ciudades de hoy\"}]},{\"@type\":\"WebSite\",\"@id\":\"https:\/\/biciurba.com\/#website\",\"url\":\"https:\/\/biciurba.com\/\",\"name\":\"Biciurba\",\"description\":\"Una mejor manera de vivir\",\"publisher\":{\"@id\":\"https:\/\/biciurba.com\/#\/schema\/person\/d9675ddf29ee982d268db0a3f239eced\"},\"potentialAction\":[{\"@type\":\"SearchAction\",\"target\":{\"@type\":\"EntryPoint\",\"urlTemplate\":\"https:\/\/biciurba.com\/?s={search_term_string}\"},\"query-input\":{\"@type\":\"PropertyValueSpecification\",\"valueRequired\":true,\"valueName\":\"search_term_string\"}}],\"inLanguage\":\"es\"},{\"@type\":[\"Person\",\"Organization\"],\"@id\":\"https:\/\/biciurba.com\/#\/schema\/person\/d9675ddf29ee982d268db0a3f239eced\",\"name\":\"Carlos Cantor\",\"image\":{\"@type\":\"ImageObject\",\"inLanguage\":\"es\",\"@id\":\"https:\/\/biciurba.com\/#\/schema\/person\/image\/\",\"url\":\"https:\/\/biciurba.com\/wp-content\/uploads\/2024\/04\/cropped-logo-1.png\",\"contentUrl\":\"https:\/\/biciurba.com\/wp-content\/uploads\/2024\/04\/cropped-logo-1.png\",\"width\":512,\"height\":318,\"caption\":\"Carlos Cantor\"},\"logo\":{\"@id\":\"https:\/\/biciurba.com\/#\/schema\/person\/image\/\"},\"sameAs\":[\"https:\/\/biciurba.com\"],\"url\":\"https:\/\/biciurba.com\/index.php\/author\/ccantor\/\"}]}<\/script>\n<!-- \/ Yoast SEO plugin. -->","yoast_head_json":{"title":"Qu\u00e9 deber\u00eda ser vivir bien en las ciudades de hoy - Biciurba","robots":{"index":"index","follow":"follow","max-snippet":"max-snippet:-1","max-image-preview":"max-image-preview:large","max-video-preview":"max-video-preview:-1"},"canonical":"https:\/\/biciurba.com\/index.php\/2024\/04\/10\/que-deberia-ser-vivir-bien-en-las-ciudades-de-hoy\/","og_locale":"es_ES","og_type":"article","og_title":"Qu\u00e9 deber\u00eda ser vivir bien en las ciudades de hoy - Biciurba","og_description":"Cada vez m\u00e1s extensas, con edificaciones m\u00e1s altas, con espacios \u00abprecisos\u00bb, centros comerciales de todo tipo y dise\u00f1o, v\u00edas para transitar en auto o transporte p\u00fablico, servicios de metro, tranv\u00eda, ciclorrutas, espacios verdes de diversidad de formas y tama\u00f1os, y todos los servicios posible como centros de educaci\u00f3n medicina y salud y un presupuesto que [&hellip;]","og_url":"https:\/\/biciurba.com\/index.php\/2024\/04\/10\/que-deberia-ser-vivir-bien-en-las-ciudades-de-hoy\/","og_site_name":"Biciurba","article_published_time":"2024-04-10T16:14:33+00:00","article_modified_time":"2024-04-10T16:14:37+00:00","og_image":[{"width":600,"height":400,"url":"https:\/\/biciurba.com\/wp-content\/uploads\/2024\/04\/Ciudad.png","type":"image\/png"}],"author":"Carlos Cantor","twitter_card":"summary_large_image","twitter_misc":{"Escrito por":"Carlos Cantor","Tiempo de lectura":"4 minutos"},"schema":{"@context":"https:\/\/schema.org","@graph":[{"@type":"Article","@id":"https:\/\/biciurba.com\/index.php\/2024\/04\/10\/que-deberia-ser-vivir-bien-en-las-ciudades-de-hoy\/#article","isPartOf":{"@id":"https:\/\/biciurba.com\/index.php\/2024\/04\/10\/que-deberia-ser-vivir-bien-en-las-ciudades-de-hoy\/"},"author":{"name":"Carlos Cantor","@id":"https:\/\/biciurba.com\/#\/schema\/person\/d9675ddf29ee982d268db0a3f239eced"},"headline":"Qu\u00e9 deber\u00eda ser vivir bien en las ciudades de hoy","datePublished":"2024-04-10T16:14:33+00:00","dateModified":"2024-04-10T16:14:37+00:00","mainEntityOfPage":{"@id":"https:\/\/biciurba.com\/index.php\/2024\/04\/10\/que-deberia-ser-vivir-bien-en-las-ciudades-de-hoy\/"},"wordCount":809,"commentCount":0,"publisher":{"@id":"https:\/\/biciurba.com\/#\/schema\/person\/d9675ddf29ee982d268db0a3f239eced"},"image":{"@id":"https:\/\/biciurba.com\/index.php\/2024\/04\/10\/que-deberia-ser-vivir-bien-en-las-ciudades-de-hoy\/#primaryimage"},"thumbnailUrl":"https:\/\/biciurba.com\/wp-content\/uploads\/2024\/04\/Ciudad.png","keywords":["Buen vivir","Crisis clim\u00e1tica","economia descartable","Sociedad de consumo","Vida uebana","Vivir bien"],"articleSection":["Ciudad Sostenible"],"inLanguage":"es","potentialAction":[{"@type":"CommentAction","name":"Comment","target":["https:\/\/biciurba.com\/index.php\/2024\/04\/10\/que-deberia-ser-vivir-bien-en-las-ciudades-de-hoy\/#respond"]}]},{"@type":"WebPage","@id":"https:\/\/biciurba.com\/index.php\/2024\/04\/10\/que-deberia-ser-vivir-bien-en-las-ciudades-de-hoy\/","url":"https:\/\/biciurba.com\/index.php\/2024\/04\/10\/que-deberia-ser-vivir-bien-en-las-ciudades-de-hoy\/","name":"Qu\u00e9 deber\u00eda ser vivir bien en las ciudades de hoy - Biciurba","isPartOf":{"@id":"https:\/\/biciurba.com\/#website"},"primaryImageOfPage":{"@id":"https:\/\/biciurba.com\/index.php\/2024\/04\/10\/que-deberia-ser-vivir-bien-en-las-ciudades-de-hoy\/#primaryimage"},"image":{"@id":"https:\/\/biciurba.com\/index.php\/2024\/04\/10\/que-deberia-ser-vivir-bien-en-las-ciudades-de-hoy\/#primaryimage"},"thumbnailUrl":"https:\/\/biciurba.com\/wp-content\/uploads\/2024\/04\/Ciudad.png","datePublished":"2024-04-10T16:14:33+00:00","dateModified":"2024-04-10T16:14:37+00:00","breadcrumb":{"@id":"https:\/\/biciurba.com\/index.php\/2024\/04\/10\/que-deberia-ser-vivir-bien-en-las-ciudades-de-hoy\/#breadcrumb"},"inLanguage":"es","potentialAction":[{"@type":"ReadAction","target":["https:\/\/biciurba.com\/index.php\/2024\/04\/10\/que-deberia-ser-vivir-bien-en-las-ciudades-de-hoy\/"]}]},{"@type":"ImageObject","inLanguage":"es","@id":"https:\/\/biciurba.com\/index.php\/2024\/04\/10\/que-deberia-ser-vivir-bien-en-las-ciudades-de-hoy\/#primaryimage","url":"https:\/\/biciurba.com\/wp-content\/uploads\/2024\/04\/Ciudad.png","contentUrl":"https:\/\/biciurba.com\/wp-content\/uploads\/2024\/04\/Ciudad.png","width":600,"height":400,"caption":"La ciudad un c\u00famulo de aspiraciones econ\u00f3micas impuestas por las leyes del mercado"},{"@type":"BreadcrumbList","@id":"https:\/\/biciurba.com\/index.php\/2024\/04\/10\/que-deberia-ser-vivir-bien-en-las-ciudades-de-hoy\/#breadcrumb","itemListElement":[{"@type":"ListItem","position":1,"name":"Portada","item":"https:\/\/biciurba.com\/"},{"@type":"ListItem","position":2,"name":"Qu\u00e9 deber\u00eda ser vivir bien en las ciudades de hoy"}]},{"@type":"WebSite","@id":"https:\/\/biciurba.com\/#website","url":"https:\/\/biciurba.com\/","name":"Biciurba","description":"Una mejor manera de vivir","publisher":{"@id":"https:\/\/biciurba.com\/#\/schema\/person\/d9675ddf29ee982d268db0a3f239eced"},"potentialAction":[{"@type":"SearchAction","target":{"@type":"EntryPoint","urlTemplate":"https:\/\/biciurba.com\/?s={search_term_string}"},"query-input":{"@type":"PropertyValueSpecification","valueRequired":true,"valueName":"search_term_string"}}],"inLanguage":"es"},{"@type":["Person","Organization"],"@id":"https:\/\/biciurba.com\/#\/schema\/person\/d9675ddf29ee982d268db0a3f239eced","name":"Carlos Cantor","image":{"@type":"ImageObject","inLanguage":"es","@id":"https:\/\/biciurba.com\/#\/schema\/person\/image\/","url":"https:\/\/biciurba.com\/wp-content\/uploads\/2024\/04\/cropped-logo-1.png","contentUrl":"https:\/\/biciurba.com\/wp-content\/uploads\/2024\/04\/cropped-logo-1.png","width":512,"height":318,"caption":"Carlos Cantor"},"logo":{"@id":"https:\/\/biciurba.com\/#\/schema\/person\/image\/"},"sameAs":["https:\/\/biciurba.com"],"url":"https:\/\/biciurba.com\/index.php\/author\/ccantor\/"}]}},"_links":{"self":[{"href":"https:\/\/biciurba.com\/index.php\/wp-json\/wp\/v2\/posts\/256"}],"collection":[{"href":"https:\/\/biciurba.com\/index.php\/wp-json\/wp\/v2\/posts"}],"about":[{"href":"https:\/\/biciurba.com\/index.php\/wp-json\/wp\/v2\/types\/post"}],"author":[{"embeddable":true,"href":"https:\/\/biciurba.com\/index.php\/wp-json\/wp\/v2\/users\/1"}],"replies":[{"embeddable":true,"href":"https:\/\/biciurba.com\/index.php\/wp-json\/wp\/v2\/comments?post=256"}],"version-history":[{"count":1,"href":"https:\/\/biciurba.com\/index.php\/wp-json\/wp\/v2\/posts\/256\/revisions"}],"predecessor-version":[{"id":258,"href":"https:\/\/biciurba.com\/index.php\/wp-json\/wp\/v2\/posts\/256\/revisions\/258"}],"wp:featuredmedia":[{"embeddable":true,"href":"https:\/\/biciurba.com\/index.php\/wp-json\/wp\/v2\/media\/257"}],"wp:attachment":[{"href":"https:\/\/biciurba.com\/index.php\/wp-json\/wp\/v2\/media?parent=256"}],"wp:term":[{"taxonomy":"category","embeddable":true,"href":"https:\/\/biciurba.com\/index.php\/wp-json\/wp\/v2\/categories?post=256"},{"taxonomy":"post_tag","embeddable":true,"href":"https:\/\/biciurba.com\/index.php\/wp-json\/wp\/v2\/tags?post=256"}],"curies":[{"name":"wp","href":"https:\/\/api.w.org\/{rel}","templated":true}]}}