{"id":264,"date":"2024-04-11T09:35:14","date_gmt":"2024-04-11T14:35:14","guid":{"rendered":"https:\/\/biciurba.com\/?p=264"},"modified":"2024-04-11T09:40:33","modified_gmt":"2024-04-11T14:40:33","slug":"entender-que-es-el-antropoceno","status":"publish","type":"post","link":"https:\/\/biciurba.com\/index.php\/2024\/04\/11\/entender-que-es-el-antropoceno\/","title":{"rendered":"Entender qu\u00e9 es el ANTROPOCENO"},"content":{"rendered":"\n<p>Hoy estamos frente a realidades clim\u00e1ticas que cambian dram\u00e1ticamente nuestra forma de ver el planeta. Esa nave espacial generosa que nos da todo lo que requerimos y a\u00fan m\u00e1s, hoy se comienza a percibir como hostil, problem\u00e1tica y para muchos generando una gran cantidad de problemas econ\u00f3micos inmanegables.<\/p>\n\n\n\n<p>Quiz\u00e1s el drama que m\u00e1s representa preocupaci\u00f3n en Latinoam\u00e9rica es la prolongada sequ\u00eda, especialmente en el Cono Sur, agregado a ello terribles incendios forestales y en general la escasez de agua para todo, desde el hogar a la agricultura y con todo lo que ello implica. Pero en realidad \u00bfqu\u00e9 es lo que esta pasando con nuestra nave espacial?<\/p>\n\n\n\n<p>Ciertamente el planeta ha sufrido una serie de cambios fundamentales hasta llegar a la etapa del Holoceno, que permiti\u00f3 la vida tal como la conocemos. Selvas, r\u00edos, lagos, gran variedad de animales, p\u00e1jaros, insectos y una casi infinita variedad de plantas, Y ni hablar de los grandes superficies acu\u00e1ticas. Todo ello se puso a disposici\u00f3n de los seres humanos a su capacidad y talento para darle uso e inventarse una forma de interpretar la sociedad, las costumbres y las metas por lograr en los escasos a\u00f1os de vida de cada uno sobre el planeta.<\/p>\n\n\n\n<p>Han pasado muchas revoluciones tecnol\u00f3gicas, econ\u00f3micas y de formas de interpretar la vida. Hoy, estamos en el Antropoceno, que corresponde a la acci\u00f3n directa del ser humano transformando el planeta, la vida natural y las posibilidades de sobrevivencia de lo que hemos disfrutado en el Holoceno. El Dr. Manuel Arias Maldonado, acad\u00e9mico espa\u00f1ol, ha publicado hace algunos a\u00f1os un texto que se refiere a esta \u00e9poca que estamos viviendo. He aqu\u00ed apartes del texto que nos aproxima a esta realidad innegable.<\/p>\n\n\n\n<p>El Antropoceno \u00abdesigna una nueva \u00e9poca geol\u00f3gica cuyo rasgo central es el protagonismo de la humanidad, convertida ahora en agente de cambio medo ambiental a escala planetaria\u00bb<\/p>\n\n\n\n<p>Fen\u00f3menos ecol\u00f3gicos como el cambio clim\u00e1tico, la degradaci\u00f3n de la biosfera, la alteraci\u00f3n biogeoqu\u00edmica de la tierra, los ecosistemas antropog\u00e9nicos y el de la basura urbana, sin embargo, el cambio clim\u00e1tico es el fen\u00f3meno \u00abantropoc\u00e9nico por excelencia: producido o acelerado por la acci\u00f3n humana, tiene car\u00e1cter global y contribuye a alterar\u2026 los procesos naturales\u00bb<\/p>\n\n\n\n<p>La univocidad de los hechos cient\u00edficos no se corresponde con la pluricidad de los significados sociales. Y la antropogeomorfolog\u00eda constata que los humanos son una fuerza geom\u00f3rfica que act\u00faa en el plano socioecon\u00f3mico e hist\u00f3rico.<\/p>\n\n\n\n<p>Las fases hist\u00f3ricas del Antropoceno son tres: los antecedentes preindustriales, como la caza o la agricultura; la fase Industrial y, por \u00faltimo, la aceleraci\u00f3n que se inicia en el a\u00f1o 1945. sin embargo, hay un debate sobre cuando se inici\u00f3 la \u00e9poca del Antropoceno, el a\u00f1o cero de esta periodizaci\u00f3n, ya que la geolog\u00eda data las eras geol\u00f3gicas en medidas m\u00e9tricas de miles de a\u00f1os.<\/p>\n\n\n\n<p>Existen tres propuestas sobre el nombre de esta nueva \u00e9poca: el Antropoceno se\u00f1ala que la acci\u00f3n humana trasforma el sistema terrestre; el tecnoceno, al ser la t\u00e9cnica un fruto humano que transforma la naturaleza; y el capitalo\u00adceno, que indica que el capital ha causado la alienaci\u00f3n del mundo y ha sido aplicado a trav\u00e9s de las pol\u00edticas del liberalismo y el estado del bienestar.<\/p>\n\n\n\n<p><strong>Antropoceno o fin de la naturaleza.<\/strong><br>En cuanto a las problem\u00e1ticas subyacentes: Peter sloterdijk se\u00f1ala el riesgo de que la biolog\u00eda se convierta en tanatolog\u00eda; A. Giddens y U. Beck afirman que la naturaleza ha perdido su autonom\u00eda, puesto que ya no se define al margen de la acci\u00f3n antropog\u00e9nica; la naturaleza es naturaleza humana seg\u00fan E. Ellis; y la naturaleza es fruto de la hibridaci\u00f3n socioambiental.<\/p>\n\n\n\n<p>El concepto de naturaleza es equ\u00edvoco: describe la totalidad de los seres vivos; se pone en tela de juicio la autonom\u00eda y el auto sostenibilidad de la naturaleza; la relaci\u00f3n entre naturaleza e historia es confusa; se ofusca el sentido propio de la naturaleza.<\/p>\n\n\n\n<p>Steven Vogel propone cambiar el concepto de naturaleza por el de medio ambiente. Los sistemas humanos y naturales se encuentran en estado de hibridaci\u00f3n. La hibridaci\u00f3n es \u00abla recombinaci\u00f3n que resulta despu\u00e9s de que los procesos y artefactos de origen humano hayan ejercido un grado variable de influencia sobre procesos y seres naturales\u00bb<\/p>\n\n\n\n<p>El autor postula abandonar la oposici\u00f3n humano\/natural y asumir la relaci\u00f3n sociedad y naturaleza por las siguientes razones: la sociedad ha colonizado la naturaleza; la sociedad y la naturaleza est\u00e1n interrelacionadas; la transformaci\u00f3n y la adaptaci\u00f3n son modos del ser humano; las relaciones socionaturales son el modo de relacionarse en lo econ\u00f3mico y tecnol\u00f3gico a nivel global; existen otros agentes que influyen en el proceso socionatural: virus, terremotos, etc.<\/p>\n\n\n\n<p>Es decir, se camina hacia lo postnatural. El jard\u00edn antropoc\u00e9nico se dise\u00f1a en tres planos: primero, la sostenibilidad se basa en el principio de justicia que defiende al medio ambiente (ecosistemas y recursos naturales); segundo, la conservaci\u00f3n defiende el imperativo establecido por Aldo Leopoldo: \u00abalgo est\u00e1 bien cuando tiende a preservar la integridad, estabilidad y belleza de la comunidad bi\u00f3tica y mal, si tiende a lo contrario\u00bb.<\/p>\n\n\n\n<p>Sin embargo, existen tres cuestiones abiertas en este principio: la elecci\u00f3n entre la postura bioc\u00e9ntrica o la antropoc\u00e9ntrica, que el valor es subjetivo y que el conservacionismo no es inmune a las reglas de mercado.<\/p>\n\n\n\n<p>Los tipos de protecci\u00f3n del conservacionismo son: proteger las funciones medioambientales, amparar la naturaleza en sentido gen\u00e9tico y respaldar la naturaleza en sentido cuantitativo; el tercer plano consiste en la restauraci\u00f3n, \u00abremover las fuentes de degradaci\u00f3n ambiental\u00bb.<\/p>\n\n\n\n<p>Las propuestas de la l\u00ednea restaurativa son: adaptaci\u00f3n salvaje\/rewilding, es el regreso al estado natural; la emigraci\u00f3n asistida; la desextinci\u00f3n, que es retornar a la vida seres extinguidos; la robot\u00e1nica, que es el empleo de robots para reparar ecosistemas.<\/p>\n\n\n\n<p>En el texto se hace referencia a lo que puede ser nuestro futuro seg\u00fan Erle Ellis, que lo describe en estos t\u00e9rminos \u00abImagina un mundo sin lugares salvajes. Un planeta tan cubierto por piscifactor\u00edas, plantaciones, ranchos, granjas, pueblos y ciudades que las criaturas y los lugares salvajes, de existir todav\u00eda, apenas ocupasen los m\u00e1rgenes de nuestros paisajes rurales, urbanos y mar\u00edtimos. \u00bfEs este el planeta en que quieres vivir? No importa qui\u00e9n seas, seguro que no\u00bb.<\/p>\n\n\n\n<p>El texto es a\u00fan m\u00e1s interesante en la medida que lo vas leyendo y entendiendo que no solo nos estamos jugando el futuro de las pr\u00f3ximas generaciones, que en realidad est\u00e1n naciendo hoy, y de nuestra vida que cada vez ser\u00e1 m\u00e1s calamitosa. \u00bfQu\u00e9 hacer entonces? Lo primero cambiar la forma de vida urbana que tenemos, menos consumo de cosas que no necesitamos para nada, menos atiborrarnos de ropa, zapatos y accesorios que si al caso se usan una vez. Menos electr\u00f3nica y si no es posible demorar su cambio. M\u00e1s bicicletas menos autos, y comprar a mercados cercanos, locales que evitan sobre costos en la operaci\u00f3n de traslado y de niveles de contaminaci\u00f3n generados en el proceso.<\/p>\n\n\n\n<p>El planeta no nos necesita, pero nosotros si, y depende de cada uno entender la vor\u00e1gine de consumo, en un sistema econ\u00f3mico global que se sustenta en la destrucci\u00f3n planetaria, en la riqueza en dinero y objetos en manos de unos pocos, en guerras localizadas para hacerse a los minerales y otras materias primas a costa del sufrimiento de mucha gente y en general a una sociedad dise\u00f1ada desde la ciudad, a espaldas de la naturaleza y de la vida en su gran variedad.<\/p>\n\n\n\n<p><\/p>\n","protected":false},"excerpt":{"rendered":"<p>Hoy estamos frente a realidades clim\u00e1ticas que cambian dram\u00e1ticamente nuestra forma de ver el planeta. Esa nave espacial generosa que nos da todo lo que requerimos y a\u00fan m\u00e1s, hoy se comienza a percibir como hostil, problem\u00e1tica y para muchos generando una gran cantidad de problemas econ\u00f3micos inmanegables. Quiz\u00e1s el drama que m\u00e1s representa preocupaci\u00f3n [&hellip;]<\/p>\n","protected":false},"author":1,"featured_media":266,"comment_status":"open","ping_status":"open","sticky":false,"template":"","format":"standard","meta":{"footnotes":""},"categories":[1],"tags":[82,85,19,84,83],"class_list":["post-264","post","type-post","status-publish","format-standard","has-post-thumbnail","hentry","category-blog","tag-antropoceno","tag-capitalismo-destructivo","tag-crisis-climatica","tag-destruccion-planetaria","tag-manuel-arias-maldonado"],"yoast_head":"<!-- This site is optimized with the Yoast SEO plugin v23.9 - https:\/\/yoast.com\/wordpress\/plugins\/seo\/ -->\n<title>Entender qu\u00e9 es el ANTROPOCENO - Biciurba<\/title>\n<meta name=\"robots\" content=\"index, follow, max-snippet:-1, max-image-preview:large, max-video-preview:-1\" \/>\n<link rel=\"canonical\" href=\"https:\/\/biciurba.com\/index.php\/2024\/04\/11\/entender-que-es-el-antropoceno\/\" \/>\n<meta property=\"og:locale\" content=\"es_ES\" \/>\n<meta property=\"og:type\" content=\"article\" \/>\n<meta property=\"og:title\" content=\"Entender qu\u00e9 es el ANTROPOCENO - Biciurba\" \/>\n<meta property=\"og:description\" content=\"Hoy estamos frente a realidades clim\u00e1ticas que cambian dram\u00e1ticamente nuestra forma de ver el planeta. Esa nave espacial generosa que nos da todo lo que requerimos y a\u00fan m\u00e1s, hoy se comienza a percibir como hostil, problem\u00e1tica y para muchos generando una gran cantidad de problemas econ\u00f3micos inmanegables. Quiz\u00e1s el drama que m\u00e1s representa preocupaci\u00f3n [&hellip;]\" \/>\n<meta property=\"og:url\" content=\"https:\/\/biciurba.com\/index.php\/2024\/04\/11\/entender-que-es-el-antropoceno\/\" \/>\n<meta property=\"og:site_name\" content=\"Biciurba\" \/>\n<meta property=\"article:published_time\" content=\"2024-04-11T14:35:14+00:00\" \/>\n<meta property=\"article:modified_time\" content=\"2024-04-11T14:40:33+00:00\" \/>\n<meta property=\"og:image\" content=\"https:\/\/biciurba.com\/wp-content\/uploads\/2024\/04\/antropoceno.png\" \/>\n\t<meta property=\"og:image:width\" content=\"600\" \/>\n\t<meta property=\"og:image:height\" content=\"400\" \/>\n\t<meta property=\"og:image:type\" content=\"image\/png\" \/>\n<meta name=\"author\" content=\"Carlos Cantor\" \/>\n<meta name=\"twitter:card\" content=\"summary_large_image\" \/>\n<meta name=\"twitter:label1\" content=\"Escrito por\" \/>\n\t<meta name=\"twitter:data1\" content=\"Carlos Cantor\" \/>\n\t<meta name=\"twitter:label2\" content=\"Tiempo de lectura\" \/>\n\t<meta name=\"twitter:data2\" content=\"6 minutos\" \/>\n<script type=\"application\/ld+json\" class=\"yoast-schema-graph\">{\"@context\":\"https:\/\/schema.org\",\"@graph\":[{\"@type\":\"Article\",\"@id\":\"https:\/\/biciurba.com\/index.php\/2024\/04\/11\/entender-que-es-el-antropoceno\/#article\",\"isPartOf\":{\"@id\":\"https:\/\/biciurba.com\/index.php\/2024\/04\/11\/entender-que-es-el-antropoceno\/\"},\"author\":{\"name\":\"Carlos Cantor\",\"@id\":\"https:\/\/biciurba.com\/#\/schema\/person\/d9675ddf29ee982d268db0a3f239eced\"},\"headline\":\"Entender qu\u00e9 es el ANTROPOCENO\",\"datePublished\":\"2024-04-11T14:35:14+00:00\",\"dateModified\":\"2024-04-11T14:40:33+00:00\",\"mainEntityOfPage\":{\"@id\":\"https:\/\/biciurba.com\/index.php\/2024\/04\/11\/entender-que-es-el-antropoceno\/\"},\"wordCount\":1339,\"commentCount\":0,\"publisher\":{\"@id\":\"https:\/\/biciurba.com\/#\/schema\/person\/d9675ddf29ee982d268db0a3f239eced\"},\"image\":{\"@id\":\"https:\/\/biciurba.com\/index.php\/2024\/04\/11\/entender-que-es-el-antropoceno\/#primaryimage\"},\"thumbnailUrl\":\"https:\/\/biciurba.com\/wp-content\/uploads\/2024\/04\/antropoceno.png\",\"keywords\":[\"Antropoceno\",\"capitalismo destructivo\",\"Crisis clim\u00e1tica\",\"destrucci\u00f3n planetaria\",\"Manuel Arias Maldonado\"],\"articleSection\":[\"Editorial\"],\"inLanguage\":\"es\",\"potentialAction\":[{\"@type\":\"CommentAction\",\"name\":\"Comment\",\"target\":[\"https:\/\/biciurba.com\/index.php\/2024\/04\/11\/entender-que-es-el-antropoceno\/#respond\"]}]},{\"@type\":\"WebPage\",\"@id\":\"https:\/\/biciurba.com\/index.php\/2024\/04\/11\/entender-que-es-el-antropoceno\/\",\"url\":\"https:\/\/biciurba.com\/index.php\/2024\/04\/11\/entender-que-es-el-antropoceno\/\",\"name\":\"Entender qu\u00e9 es el ANTROPOCENO - Biciurba\",\"isPartOf\":{\"@id\":\"https:\/\/biciurba.com\/#website\"},\"primaryImageOfPage\":{\"@id\":\"https:\/\/biciurba.com\/index.php\/2024\/04\/11\/entender-que-es-el-antropoceno\/#primaryimage\"},\"image\":{\"@id\":\"https:\/\/biciurba.com\/index.php\/2024\/04\/11\/entender-que-es-el-antropoceno\/#primaryimage\"},\"thumbnailUrl\":\"https:\/\/biciurba.com\/wp-content\/uploads\/2024\/04\/antropoceno.png\",\"datePublished\":\"2024-04-11T14:35:14+00:00\",\"dateModified\":\"2024-04-11T14:40:33+00:00\",\"breadcrumb\":{\"@id\":\"https:\/\/biciurba.com\/index.php\/2024\/04\/11\/entender-que-es-el-antropoceno\/#breadcrumb\"},\"inLanguage\":\"es\",\"potentialAction\":[{\"@type\":\"ReadAction\",\"target\":[\"https:\/\/biciurba.com\/index.php\/2024\/04\/11\/entender-que-es-el-antropoceno\/\"]}]},{\"@type\":\"ImageObject\",\"inLanguage\":\"es\",\"@id\":\"https:\/\/biciurba.com\/index.php\/2024\/04\/11\/entender-que-es-el-antropoceno\/#primaryimage\",\"url\":\"https:\/\/biciurba.com\/wp-content\/uploads\/2024\/04\/antropoceno.png\",\"contentUrl\":\"https:\/\/biciurba.com\/wp-content\/uploads\/2024\/04\/antropoceno.png\",\"width\":600,\"height\":400,\"caption\":\"El Antropoceno designa las repercusiones que tienen en el clima y la biodiversidad la r\u00e1pida acumulaci\u00f3n de gases de efecto de invernadero y la destrucci\u00f3n planetaria irreversible ocasionada por el consumo excesivo de los recursos naturales.\"},{\"@type\":\"BreadcrumbList\",\"@id\":\"https:\/\/biciurba.com\/index.php\/2024\/04\/11\/entender-que-es-el-antropoceno\/#breadcrumb\",\"itemListElement\":[{\"@type\":\"ListItem\",\"position\":1,\"name\":\"Portada\",\"item\":\"https:\/\/biciurba.com\/\"},{\"@type\":\"ListItem\",\"position\":2,\"name\":\"Entender qu\u00e9 es el ANTROPOCENO\"}]},{\"@type\":\"WebSite\",\"@id\":\"https:\/\/biciurba.com\/#website\",\"url\":\"https:\/\/biciurba.com\/\",\"name\":\"Biciurba\",\"description\":\"Una mejor manera de vivir\",\"publisher\":{\"@id\":\"https:\/\/biciurba.com\/#\/schema\/person\/d9675ddf29ee982d268db0a3f239eced\"},\"potentialAction\":[{\"@type\":\"SearchAction\",\"target\":{\"@type\":\"EntryPoint\",\"urlTemplate\":\"https:\/\/biciurba.com\/?s={search_term_string}\"},\"query-input\":{\"@type\":\"PropertyValueSpecification\",\"valueRequired\":true,\"valueName\":\"search_term_string\"}}],\"inLanguage\":\"es\"},{\"@type\":[\"Person\",\"Organization\"],\"@id\":\"https:\/\/biciurba.com\/#\/schema\/person\/d9675ddf29ee982d268db0a3f239eced\",\"name\":\"Carlos Cantor\",\"image\":{\"@type\":\"ImageObject\",\"inLanguage\":\"es\",\"@id\":\"https:\/\/biciurba.com\/#\/schema\/person\/image\/\",\"url\":\"https:\/\/biciurba.com\/wp-content\/uploads\/2024\/04\/cropped-logo-1.png\",\"contentUrl\":\"https:\/\/biciurba.com\/wp-content\/uploads\/2024\/04\/cropped-logo-1.png\",\"width\":512,\"height\":318,\"caption\":\"Carlos Cantor\"},\"logo\":{\"@id\":\"https:\/\/biciurba.com\/#\/schema\/person\/image\/\"},\"sameAs\":[\"https:\/\/biciurba.com\"],\"url\":\"https:\/\/biciurba.com\/index.php\/author\/ccantor\/\"}]}<\/script>\n<!-- \/ Yoast SEO plugin. -->","yoast_head_json":{"title":"Entender qu\u00e9 es el ANTROPOCENO - Biciurba","robots":{"index":"index","follow":"follow","max-snippet":"max-snippet:-1","max-image-preview":"max-image-preview:large","max-video-preview":"max-video-preview:-1"},"canonical":"https:\/\/biciurba.com\/index.php\/2024\/04\/11\/entender-que-es-el-antropoceno\/","og_locale":"es_ES","og_type":"article","og_title":"Entender qu\u00e9 es el ANTROPOCENO - Biciurba","og_description":"Hoy estamos frente a realidades clim\u00e1ticas que cambian dram\u00e1ticamente nuestra forma de ver el planeta. Esa nave espacial generosa que nos da todo lo que requerimos y a\u00fan m\u00e1s, hoy se comienza a percibir como hostil, problem\u00e1tica y para muchos generando una gran cantidad de problemas econ\u00f3micos inmanegables. Quiz\u00e1s el drama que m\u00e1s representa preocupaci\u00f3n [&hellip;]","og_url":"https:\/\/biciurba.com\/index.php\/2024\/04\/11\/entender-que-es-el-antropoceno\/","og_site_name":"Biciurba","article_published_time":"2024-04-11T14:35:14+00:00","article_modified_time":"2024-04-11T14:40:33+00:00","og_image":[{"width":600,"height":400,"url":"https:\/\/biciurba.com\/wp-content\/uploads\/2024\/04\/antropoceno.png","type":"image\/png"}],"author":"Carlos Cantor","twitter_card":"summary_large_image","twitter_misc":{"Escrito por":"Carlos Cantor","Tiempo de lectura":"6 minutos"},"schema":{"@context":"https:\/\/schema.org","@graph":[{"@type":"Article","@id":"https:\/\/biciurba.com\/index.php\/2024\/04\/11\/entender-que-es-el-antropoceno\/#article","isPartOf":{"@id":"https:\/\/biciurba.com\/index.php\/2024\/04\/11\/entender-que-es-el-antropoceno\/"},"author":{"name":"Carlos Cantor","@id":"https:\/\/biciurba.com\/#\/schema\/person\/d9675ddf29ee982d268db0a3f239eced"},"headline":"Entender qu\u00e9 es el ANTROPOCENO","datePublished":"2024-04-11T14:35:14+00:00","dateModified":"2024-04-11T14:40:33+00:00","mainEntityOfPage":{"@id":"https:\/\/biciurba.com\/index.php\/2024\/04\/11\/entender-que-es-el-antropoceno\/"},"wordCount":1339,"commentCount":0,"publisher":{"@id":"https:\/\/biciurba.com\/#\/schema\/person\/d9675ddf29ee982d268db0a3f239eced"},"image":{"@id":"https:\/\/biciurba.com\/index.php\/2024\/04\/11\/entender-que-es-el-antropoceno\/#primaryimage"},"thumbnailUrl":"https:\/\/biciurba.com\/wp-content\/uploads\/2024\/04\/antropoceno.png","keywords":["Antropoceno","capitalismo destructivo","Crisis clim\u00e1tica","destrucci\u00f3n planetaria","Manuel Arias Maldonado"],"articleSection":["Editorial"],"inLanguage":"es","potentialAction":[{"@type":"CommentAction","name":"Comment","target":["https:\/\/biciurba.com\/index.php\/2024\/04\/11\/entender-que-es-el-antropoceno\/#respond"]}]},{"@type":"WebPage","@id":"https:\/\/biciurba.com\/index.php\/2024\/04\/11\/entender-que-es-el-antropoceno\/","url":"https:\/\/biciurba.com\/index.php\/2024\/04\/11\/entender-que-es-el-antropoceno\/","name":"Entender qu\u00e9 es el ANTROPOCENO - Biciurba","isPartOf":{"@id":"https:\/\/biciurba.com\/#website"},"primaryImageOfPage":{"@id":"https:\/\/biciurba.com\/index.php\/2024\/04\/11\/entender-que-es-el-antropoceno\/#primaryimage"},"image":{"@id":"https:\/\/biciurba.com\/index.php\/2024\/04\/11\/entender-que-es-el-antropoceno\/#primaryimage"},"thumbnailUrl":"https:\/\/biciurba.com\/wp-content\/uploads\/2024\/04\/antropoceno.png","datePublished":"2024-04-11T14:35:14+00:00","dateModified":"2024-04-11T14:40:33+00:00","breadcrumb":{"@id":"https:\/\/biciurba.com\/index.php\/2024\/04\/11\/entender-que-es-el-antropoceno\/#breadcrumb"},"inLanguage":"es","potentialAction":[{"@type":"ReadAction","target":["https:\/\/biciurba.com\/index.php\/2024\/04\/11\/entender-que-es-el-antropoceno\/"]}]},{"@type":"ImageObject","inLanguage":"es","@id":"https:\/\/biciurba.com\/index.php\/2024\/04\/11\/entender-que-es-el-antropoceno\/#primaryimage","url":"https:\/\/biciurba.com\/wp-content\/uploads\/2024\/04\/antropoceno.png","contentUrl":"https:\/\/biciurba.com\/wp-content\/uploads\/2024\/04\/antropoceno.png","width":600,"height":400,"caption":"El Antropoceno designa las repercusiones que tienen en el clima y la biodiversidad la r\u00e1pida acumulaci\u00f3n de gases de efecto de invernadero y la destrucci\u00f3n planetaria irreversible ocasionada por el consumo excesivo de los recursos naturales."},{"@type":"BreadcrumbList","@id":"https:\/\/biciurba.com\/index.php\/2024\/04\/11\/entender-que-es-el-antropoceno\/#breadcrumb","itemListElement":[{"@type":"ListItem","position":1,"name":"Portada","item":"https:\/\/biciurba.com\/"},{"@type":"ListItem","position":2,"name":"Entender qu\u00e9 es el ANTROPOCENO"}]},{"@type":"WebSite","@id":"https:\/\/biciurba.com\/#website","url":"https:\/\/biciurba.com\/","name":"Biciurba","description":"Una mejor manera de vivir","publisher":{"@id":"https:\/\/biciurba.com\/#\/schema\/person\/d9675ddf29ee982d268db0a3f239eced"},"potentialAction":[{"@type":"SearchAction","target":{"@type":"EntryPoint","urlTemplate":"https:\/\/biciurba.com\/?s={search_term_string}"},"query-input":{"@type":"PropertyValueSpecification","valueRequired":true,"valueName":"search_term_string"}}],"inLanguage":"es"},{"@type":["Person","Organization"],"@id":"https:\/\/biciurba.com\/#\/schema\/person\/d9675ddf29ee982d268db0a3f239eced","name":"Carlos Cantor","image":{"@type":"ImageObject","inLanguage":"es","@id":"https:\/\/biciurba.com\/#\/schema\/person\/image\/","url":"https:\/\/biciurba.com\/wp-content\/uploads\/2024\/04\/cropped-logo-1.png","contentUrl":"https:\/\/biciurba.com\/wp-content\/uploads\/2024\/04\/cropped-logo-1.png","width":512,"height":318,"caption":"Carlos Cantor"},"logo":{"@id":"https:\/\/biciurba.com\/#\/schema\/person\/image\/"},"sameAs":["https:\/\/biciurba.com"],"url":"https:\/\/biciurba.com\/index.php\/author\/ccantor\/"}]}},"_links":{"self":[{"href":"https:\/\/biciurba.com\/index.php\/wp-json\/wp\/v2\/posts\/264"}],"collection":[{"href":"https:\/\/biciurba.com\/index.php\/wp-json\/wp\/v2\/posts"}],"about":[{"href":"https:\/\/biciurba.com\/index.php\/wp-json\/wp\/v2\/types\/post"}],"author":[{"embeddable":true,"href":"https:\/\/biciurba.com\/index.php\/wp-json\/wp\/v2\/users\/1"}],"replies":[{"embeddable":true,"href":"https:\/\/biciurba.com\/index.php\/wp-json\/wp\/v2\/comments?post=264"}],"version-history":[{"count":2,"href":"https:\/\/biciurba.com\/index.php\/wp-json\/wp\/v2\/posts\/264\/revisions"}],"predecessor-version":[{"id":268,"href":"https:\/\/biciurba.com\/index.php\/wp-json\/wp\/v2\/posts\/264\/revisions\/268"}],"wp:featuredmedia":[{"embeddable":true,"href":"https:\/\/biciurba.com\/index.php\/wp-json\/wp\/v2\/media\/266"}],"wp:attachment":[{"href":"https:\/\/biciurba.com\/index.php\/wp-json\/wp\/v2\/media?parent=264"}],"wp:term":[{"taxonomy":"category","embeddable":true,"href":"https:\/\/biciurba.com\/index.php\/wp-json\/wp\/v2\/categories?post=264"},{"taxonomy":"post_tag","embeddable":true,"href":"https:\/\/biciurba.com\/index.php\/wp-json\/wp\/v2\/tags?post=264"}],"curies":[{"name":"wp","href":"https:\/\/api.w.org\/{rel}","templated":true}]}}