{"id":280,"date":"2024-04-13T08:21:24","date_gmt":"2024-04-13T13:21:24","guid":{"rendered":"https:\/\/biciurba.com\/?p=280"},"modified":"2024-04-13T08:21:24","modified_gmt":"2024-04-13T13:21:24","slug":"la-interdependencia-en-materia-de-salud-entre-las-personas-los-animales-las-plantas-y-el-medio-ambiente-es-innegable","status":"publish","type":"post","link":"https:\/\/biciurba.com\/index.php\/2024\/04\/13\/la-interdependencia-en-materia-de-salud-entre-las-personas-los-animales-las-plantas-y-el-medio-ambiente-es-innegable\/","title":{"rendered":"La interdependencia en materia de salud entre las personas, los animales, las plantas y el medio ambiente es innegable"},"content":{"rendered":"\n<p>La Organizaci\u00f3n de las Naciones Unidas para la Alimentaci\u00f3n y la Agricultura (FAO), junto con el Programa de las Naciones Unidas para el Medio Ambiente (PNUMA), la Organizaci\u00f3n Mundial de la Salud (OMS) y la Organizaci\u00f3n Mundial de Sanidad Animal (OMA), promueve el enfoque de \u201cUna sola salud\u201d con el fin de prevenir, detectar y controlar la propagaci\u00f3n de pat\u00f3genos y enfermedades entre los animales, las personas y el medio ambiente.<\/p>\n\n\n\n<p>El enfoque de la FAO de \u201cUna sola salud\u201d tambi\u00e9n contribuye a la transformaci\u00f3n del sistema agroalimentario mediante la eliminaci\u00f3n de amenazas como las plagas y enfermedades de los animales, las plantas, los animales acu\u00e1ticos y los bosques, que reducen la productividad, ponen en peligro la biodiversidad y amenazan los medios de vida.<\/p>\n\n\n\n<p>He aqu\u00ed tan solo cinco de las muchas cuestiones que la FAO combate mediante el enfoque de \u201cUna sola salud\u201d:<\/p>\n\n\n\n<p><strong>Resistencia a los antimicrobianos<\/strong><\/p>\n\n\n\n<p>La resistencia a los antimicrobianos es la capacidad de los microorganismos para subsistir o crecer en presencia de medicamentos que tienen como objetivo inhibirlos o matarlos. Su aparici\u00f3n y propagaci\u00f3n se aceleran como consecuencia de la actividad humana, principalmente el uso incorrecto y excesivo de antimicrobianos como tratamiento, prevenci\u00f3n o control de enfermedades en personas, animales y plantas.<\/p>\n\n\n\n<p>Por ejemplo, si bien ahora se desaconseja, una pr\u00e1ctica com\u00fan consist\u00eda en a\u00f1adir antimicrobianos a los piensos para estimular el crecimiento y la producci\u00f3n, a pesar de que hasta un 80 % de esos antimicrobianos se excreta en el agua y el suelo. Los microorganismos presentes en el medio ambiente que ofrecen una resistencia natural a esos antimicrobianos propagan a su vez esa resistencia a otras bacterias y hongos que provocan enfermedades.<\/p>\n\n\n\n<p><strong>Uso excesivo de fertilizantes y plaguicidas sint\u00e9ticos<\/strong><\/p>\n\n\n\n<p>Unos ecosistemas ed\u00e1ficos sanos y con biodiversidad contienen una gran cantidad de organismos de gran valor y contribuyen a producir plantas sanas. Sin embargo, el uso excesivo de plaguicidas sint\u00e9ticos puede reducir las poblaciones de insectos beneficiosos que controlan de forma natural las plagas y polinizan las plantas. Esto altera el equilibrio ecol\u00f3gico y crea unas condiciones propicias para el rebrote de plagas y la aparici\u00f3n de insectos resistentes a los plaguicidas.<\/p>\n\n\n\n<p>El Manual de compostaje del agricultor, es una gu\u00eda de aprendizaje de la FAO sobre la elaboraci\u00f3n de productos sanos e inocuos que pueden utilizarse para cultivar plantas m\u00e1s sanas y menos susceptibles a las plagas. En el manual se recogen varios estudios de casos de Am\u00e9rica Latina, como la producci\u00f3n de abono org\u00e1nico a partir de excrementos de cerdo en Colombia, o el uso de restos de frutas y hortalizas, hojas verdes y cenizas vegetales para producir compost en bidones de pl\u00e1stico en el Paraguay.<\/p>\n\n\n\n<p><strong>Degradaci\u00f3n del suelo<\/strong><\/p>\n\n\n\n<p>Cerca del 95 % de nuestros alimentos se producen en o sobre los suelos. No obstante, las pr\u00e1cticas agr\u00edcolas convencionales, como la labranza, pueden deteriorar sus propiedades f\u00edsicas, qu\u00edmicas y biol\u00f3gicas. Labrar el suelo puede provocar su compactaci\u00f3n, una disminuci\u00f3n de la absorci\u00f3n de agua y una reducci\u00f3n de la materia org\u00e1nica. El uso excesivo o inadecuado de fertilizantes, la maquinaria pesada y el agua de riego de baja calidad pueden provocar la degradaci\u00f3n del suelo.<\/p>\n\n\n\n<p>Gracias al Mapa mundial sobre el potencial de fijaci\u00f3n de carbono org\u00e1nico del suelo, los expertos pueden identificar d\u00f3nde conviene adoptar pr\u00e1cticas de gesti\u00f3n sostenible de los suelos para aumentar sus reservas de carbono. El mapa tambi\u00e9n est\u00e1 dise\u00f1ado para que los encargados de la formulaci\u00f3n de pol\u00edticas lo puedan utilizar como fuente de informaci\u00f3n a la hora de abordar la adaptaci\u00f3n al cambio clim\u00e1tico.<\/p>\n\n\n\n<p><strong>Enfermedades zoon\u00f3ticas<\/strong><\/p>\n\n\n\n<p>Muchas de las enfermedades que se originan en los animales pueden contagiarse a los humanos por contacto directo. Se denominan \u201cenfermedades zoon\u00f3ticas\u201d y pueden tener consecuencias nefastas para la salud humana.<\/p>\n\n\n\n<p>Por ejemplo, la rabia es una enfermedad v\u00edrica mortal que se transmite de los animales a los humanos, en la mayor\u00eda de los casos a trav\u00e9s de mordeduras o ara\u00f1azos. No tiene cura, pero puede prevenirse mediante la vacunaci\u00f3n.<\/p>\n\n\n\n<p><strong>Pandemias<\/strong><\/p>\n\n\n\n<p>La conexi\u00f3n entre la salud del medio ambiente, las plantas, los animales y las personas se ha hecho m\u00e1s patente a lo largo de los a\u00f1os debido a la expansi\u00f3n de las poblaciones humanas a nuevos territorios y a los cambios en el clima y el uso de la tierra.<\/p>\n\n\n\n<p>El auge de los viajes y el comercio internacionales durante decenios ha desdibujado las fronteras, facilitando la propagaci\u00f3n de enfermedades a escala mundial, y epidemias y pandemias recientes como la de la enfermedad por coronavirus (COVID-19) nos recuerdan hasta qu\u00e9 punto se interrelacionan la salud humana, animal, vegetal y medioambiental.<\/p>\n\n\n\n<p>Estas son solo algunas de las cuestiones que se contemplan en el enfoque de \u201cUna sola salud\u201d. Tambi\u00e9n resulta clave en sectores como el de la actividad forestal y el agua, y desempe\u00f1a un papel fundamental en el Codex Alimentarius, un conjunto de normas, directrices y c\u00f3digos de pr\u00e1cticas internacionales concebidos para garantizar que los alimentos sean inocuos y puedan comercializarse. Tenemos un solo planeta. Este enfoque es un recordatorio de que tambi\u00e9n tenemos \u201cUna sola salud\u201d.<\/p>\n\n\n\n<p>Fuente: ONU<\/p>\n","protected":false},"excerpt":{"rendered":"<p>La Organizaci\u00f3n de las Naciones Unidas para la Alimentaci\u00f3n y la Agricultura (FAO), junto con el Programa de las Naciones Unidas para el Medio Ambiente (PNUMA), la Organizaci\u00f3n Mundial de la Salud (OMS) y la Organizaci\u00f3n Mundial de Sanidad Animal (OMA), promueve el enfoque de \u201cUna sola salud\u201d con el fin de prevenir, detectar y [&hellip;]<\/p>\n","protected":false},"author":1,"featured_media":281,"comment_status":"open","ping_status":"open","sticky":false,"template":"","format":"standard","meta":{"footnotes":""},"categories":[50],"tags":[91,93,94,92],"class_list":["post-280","post","type-post","status-publish","format-standard","has-post-thumbnail","hentry","category-salud-y-bienestar","tag-biodiversidad","tag-biologia","tag-interdependencia","tag-salud-planetaria"],"yoast_head":"<!-- This site is optimized with the Yoast SEO plugin v23.9 - https:\/\/yoast.com\/wordpress\/plugins\/seo\/ -->\n<title>La interdependencia en materia de salud entre las personas, los animales, las plantas y el medio ambiente es innegable - Biciurba<\/title>\n<meta name=\"robots\" content=\"index, follow, max-snippet:-1, max-image-preview:large, max-video-preview:-1\" \/>\n<link rel=\"canonical\" href=\"https:\/\/biciurba.com\/index.php\/2024\/04\/13\/la-interdependencia-en-materia-de-salud-entre-las-personas-los-animales-las-plantas-y-el-medio-ambiente-es-innegable\/\" \/>\n<meta property=\"og:locale\" content=\"es_ES\" \/>\n<meta property=\"og:type\" content=\"article\" \/>\n<meta property=\"og:title\" content=\"La interdependencia en materia de salud entre las personas, los animales, las plantas y el medio ambiente es innegable - Biciurba\" \/>\n<meta property=\"og:description\" content=\"La Organizaci\u00f3n de las Naciones Unidas para la Alimentaci\u00f3n y la Agricultura (FAO), junto con el Programa de las Naciones Unidas para el Medio Ambiente (PNUMA), la Organizaci\u00f3n Mundial de la Salud (OMS) y la Organizaci\u00f3n Mundial de Sanidad Animal (OMA), promueve el enfoque de \u201cUna sola salud\u201d con el fin de prevenir, detectar y [&hellip;]\" \/>\n<meta property=\"og:url\" content=\"https:\/\/biciurba.com\/index.php\/2024\/04\/13\/la-interdependencia-en-materia-de-salud-entre-las-personas-los-animales-las-plantas-y-el-medio-ambiente-es-innegable\/\" \/>\n<meta property=\"og:site_name\" content=\"Biciurba\" \/>\n<meta property=\"article:published_time\" content=\"2024-04-13T13:21:24+00:00\" \/>\n<meta property=\"og:image\" content=\"https:\/\/biciurba.com\/wp-content\/uploads\/2024\/04\/biodiversidad.png\" \/>\n\t<meta property=\"og:image:width\" content=\"600\" \/>\n\t<meta property=\"og:image:height\" content=\"400\" \/>\n\t<meta property=\"og:image:type\" content=\"image\/png\" \/>\n<meta name=\"author\" content=\"Carlos Cantor\" \/>\n<meta name=\"twitter:card\" content=\"summary_large_image\" \/>\n<meta name=\"twitter:label1\" content=\"Escrito por\" \/>\n\t<meta name=\"twitter:data1\" content=\"Carlos Cantor\" \/>\n\t<meta name=\"twitter:label2\" content=\"Tiempo de lectura\" \/>\n\t<meta name=\"twitter:data2\" content=\"5 minutos\" \/>\n<script type=\"application\/ld+json\" class=\"yoast-schema-graph\">{\"@context\":\"https:\/\/schema.org\",\"@graph\":[{\"@type\":\"Article\",\"@id\":\"https:\/\/biciurba.com\/index.php\/2024\/04\/13\/la-interdependencia-en-materia-de-salud-entre-las-personas-los-animales-las-plantas-y-el-medio-ambiente-es-innegable\/#article\",\"isPartOf\":{\"@id\":\"https:\/\/biciurba.com\/index.php\/2024\/04\/13\/la-interdependencia-en-materia-de-salud-entre-las-personas-los-animales-las-plantas-y-el-medio-ambiente-es-innegable\/\"},\"author\":{\"name\":\"Carlos Cantor\",\"@id\":\"https:\/\/biciurba.com\/#\/schema\/person\/d9675ddf29ee982d268db0a3f239eced\"},\"headline\":\"La interdependencia en materia de salud entre las personas, los animales, las plantas y el medio ambiente es innegable\",\"datePublished\":\"2024-04-13T13:21:24+00:00\",\"dateModified\":\"2024-04-13T13:21:24+00:00\",\"mainEntityOfPage\":{\"@id\":\"https:\/\/biciurba.com\/index.php\/2024\/04\/13\/la-interdependencia-en-materia-de-salud-entre-las-personas-los-animales-las-plantas-y-el-medio-ambiente-es-innegable\/\"},\"wordCount\":925,\"commentCount\":0,\"publisher\":{\"@id\":\"https:\/\/biciurba.com\/#\/schema\/person\/d9675ddf29ee982d268db0a3f239eced\"},\"image\":{\"@id\":\"https:\/\/biciurba.com\/index.php\/2024\/04\/13\/la-interdependencia-en-materia-de-salud-entre-las-personas-los-animales-las-plantas-y-el-medio-ambiente-es-innegable\/#primaryimage\"},\"thumbnailUrl\":\"https:\/\/biciurba.com\/wp-content\/uploads\/2024\/04\/biodiversidad.png\",\"keywords\":[\"Biodiversidad\",\"biolog\u00eda\",\"interdependencia\",\"salud planetaria\"],\"articleSection\":[\"Vida Buena\"],\"inLanguage\":\"es\",\"potentialAction\":[{\"@type\":\"CommentAction\",\"name\":\"Comment\",\"target\":[\"https:\/\/biciurba.com\/index.php\/2024\/04\/13\/la-interdependencia-en-materia-de-salud-entre-las-personas-los-animales-las-plantas-y-el-medio-ambiente-es-innegable\/#respond\"]}]},{\"@type\":\"WebPage\",\"@id\":\"https:\/\/biciurba.com\/index.php\/2024\/04\/13\/la-interdependencia-en-materia-de-salud-entre-las-personas-los-animales-las-plantas-y-el-medio-ambiente-es-innegable\/\",\"url\":\"https:\/\/biciurba.com\/index.php\/2024\/04\/13\/la-interdependencia-en-materia-de-salud-entre-las-personas-los-animales-las-plantas-y-el-medio-ambiente-es-innegable\/\",\"name\":\"La interdependencia en materia de salud entre las personas, los animales, las plantas y el medio ambiente es innegable - Biciurba\",\"isPartOf\":{\"@id\":\"https:\/\/biciurba.com\/#website\"},\"primaryImageOfPage\":{\"@id\":\"https:\/\/biciurba.com\/index.php\/2024\/04\/13\/la-interdependencia-en-materia-de-salud-entre-las-personas-los-animales-las-plantas-y-el-medio-ambiente-es-innegable\/#primaryimage\"},\"image\":{\"@id\":\"https:\/\/biciurba.com\/index.php\/2024\/04\/13\/la-interdependencia-en-materia-de-salud-entre-las-personas-los-animales-las-plantas-y-el-medio-ambiente-es-innegable\/#primaryimage\"},\"thumbnailUrl\":\"https:\/\/biciurba.com\/wp-content\/uploads\/2024\/04\/biodiversidad.png\",\"datePublished\":\"2024-04-13T13:21:24+00:00\",\"dateModified\":\"2024-04-13T13:21:24+00:00\",\"breadcrumb\":{\"@id\":\"https:\/\/biciurba.com\/index.php\/2024\/04\/13\/la-interdependencia-en-materia-de-salud-entre-las-personas-los-animales-las-plantas-y-el-medio-ambiente-es-innegable\/#breadcrumb\"},\"inLanguage\":\"es\",\"potentialAction\":[{\"@type\":\"ReadAction\",\"target\":[\"https:\/\/biciurba.com\/index.php\/2024\/04\/13\/la-interdependencia-en-materia-de-salud-entre-las-personas-los-animales-las-plantas-y-el-medio-ambiente-es-innegable\/\"]}]},{\"@type\":\"ImageObject\",\"inLanguage\":\"es\",\"@id\":\"https:\/\/biciurba.com\/index.php\/2024\/04\/13\/la-interdependencia-en-materia-de-salud-entre-las-personas-los-animales-las-plantas-y-el-medio-ambiente-es-innegable\/#primaryimage\",\"url\":\"https:\/\/biciurba.com\/wp-content\/uploads\/2024\/04\/biodiversidad.png\",\"contentUrl\":\"https:\/\/biciurba.com\/wp-content\/uploads\/2024\/04\/biodiversidad.png\",\"width\":600,\"height\":400,\"caption\":\"El enfoque de \u201cUna sola salud\u201d reconoce este intrincado entramado de la vida. Concebido para equilibrar y optimizar de forma sostenible todos los componentes de nuestro ecosistema, este enfoque hol\u00edstico apela a diferentes sectores, disciplinas y comunidades para que colaboren con el fin de fomentar el bienestar y hacer frente a las amenazas para la salud y los ecosistemas.\"},{\"@type\":\"BreadcrumbList\",\"@id\":\"https:\/\/biciurba.com\/index.php\/2024\/04\/13\/la-interdependencia-en-materia-de-salud-entre-las-personas-los-animales-las-plantas-y-el-medio-ambiente-es-innegable\/#breadcrumb\",\"itemListElement\":[{\"@type\":\"ListItem\",\"position\":1,\"name\":\"Portada\",\"item\":\"https:\/\/biciurba.com\/\"},{\"@type\":\"ListItem\",\"position\":2,\"name\":\"La interdependencia en materia de salud entre las personas, los animales, las plantas y el medio ambiente es innegable\"}]},{\"@type\":\"WebSite\",\"@id\":\"https:\/\/biciurba.com\/#website\",\"url\":\"https:\/\/biciurba.com\/\",\"name\":\"Biciurba\",\"description\":\"Una mejor manera de vivir\",\"publisher\":{\"@id\":\"https:\/\/biciurba.com\/#\/schema\/person\/d9675ddf29ee982d268db0a3f239eced\"},\"potentialAction\":[{\"@type\":\"SearchAction\",\"target\":{\"@type\":\"EntryPoint\",\"urlTemplate\":\"https:\/\/biciurba.com\/?s={search_term_string}\"},\"query-input\":{\"@type\":\"PropertyValueSpecification\",\"valueRequired\":true,\"valueName\":\"search_term_string\"}}],\"inLanguage\":\"es\"},{\"@type\":[\"Person\",\"Organization\"],\"@id\":\"https:\/\/biciurba.com\/#\/schema\/person\/d9675ddf29ee982d268db0a3f239eced\",\"name\":\"Carlos Cantor\",\"image\":{\"@type\":\"ImageObject\",\"inLanguage\":\"es\",\"@id\":\"https:\/\/biciurba.com\/#\/schema\/person\/image\/\",\"url\":\"https:\/\/biciurba.com\/wp-content\/uploads\/2024\/04\/cropped-logo-1.png\",\"contentUrl\":\"https:\/\/biciurba.com\/wp-content\/uploads\/2024\/04\/cropped-logo-1.png\",\"width\":512,\"height\":318,\"caption\":\"Carlos Cantor\"},\"logo\":{\"@id\":\"https:\/\/biciurba.com\/#\/schema\/person\/image\/\"},\"sameAs\":[\"https:\/\/biciurba.com\"],\"url\":\"https:\/\/biciurba.com\/index.php\/author\/ccantor\/\"}]}<\/script>\n<!-- \/ Yoast SEO plugin. -->","yoast_head_json":{"title":"La interdependencia en materia de salud entre las personas, los animales, las plantas y el medio ambiente es innegable - Biciurba","robots":{"index":"index","follow":"follow","max-snippet":"max-snippet:-1","max-image-preview":"max-image-preview:large","max-video-preview":"max-video-preview:-1"},"canonical":"https:\/\/biciurba.com\/index.php\/2024\/04\/13\/la-interdependencia-en-materia-de-salud-entre-las-personas-los-animales-las-plantas-y-el-medio-ambiente-es-innegable\/","og_locale":"es_ES","og_type":"article","og_title":"La interdependencia en materia de salud entre las personas, los animales, las plantas y el medio ambiente es innegable - Biciurba","og_description":"La Organizaci\u00f3n de las Naciones Unidas para la Alimentaci\u00f3n y la Agricultura (FAO), junto con el Programa de las Naciones Unidas para el Medio Ambiente (PNUMA), la Organizaci\u00f3n Mundial de la Salud (OMS) y la Organizaci\u00f3n Mundial de Sanidad Animal (OMA), promueve el enfoque de \u201cUna sola salud\u201d con el fin de prevenir, detectar y [&hellip;]","og_url":"https:\/\/biciurba.com\/index.php\/2024\/04\/13\/la-interdependencia-en-materia-de-salud-entre-las-personas-los-animales-las-plantas-y-el-medio-ambiente-es-innegable\/","og_site_name":"Biciurba","article_published_time":"2024-04-13T13:21:24+00:00","og_image":[{"width":600,"height":400,"url":"https:\/\/biciurba.com\/wp-content\/uploads\/2024\/04\/biodiversidad.png","type":"image\/png"}],"author":"Carlos Cantor","twitter_card":"summary_large_image","twitter_misc":{"Escrito por":"Carlos Cantor","Tiempo de lectura":"5 minutos"},"schema":{"@context":"https:\/\/schema.org","@graph":[{"@type":"Article","@id":"https:\/\/biciurba.com\/index.php\/2024\/04\/13\/la-interdependencia-en-materia-de-salud-entre-las-personas-los-animales-las-plantas-y-el-medio-ambiente-es-innegable\/#article","isPartOf":{"@id":"https:\/\/biciurba.com\/index.php\/2024\/04\/13\/la-interdependencia-en-materia-de-salud-entre-las-personas-los-animales-las-plantas-y-el-medio-ambiente-es-innegable\/"},"author":{"name":"Carlos Cantor","@id":"https:\/\/biciurba.com\/#\/schema\/person\/d9675ddf29ee982d268db0a3f239eced"},"headline":"La interdependencia en materia de salud entre las personas, los animales, las plantas y el medio ambiente es innegable","datePublished":"2024-04-13T13:21:24+00:00","dateModified":"2024-04-13T13:21:24+00:00","mainEntityOfPage":{"@id":"https:\/\/biciurba.com\/index.php\/2024\/04\/13\/la-interdependencia-en-materia-de-salud-entre-las-personas-los-animales-las-plantas-y-el-medio-ambiente-es-innegable\/"},"wordCount":925,"commentCount":0,"publisher":{"@id":"https:\/\/biciurba.com\/#\/schema\/person\/d9675ddf29ee982d268db0a3f239eced"},"image":{"@id":"https:\/\/biciurba.com\/index.php\/2024\/04\/13\/la-interdependencia-en-materia-de-salud-entre-las-personas-los-animales-las-plantas-y-el-medio-ambiente-es-innegable\/#primaryimage"},"thumbnailUrl":"https:\/\/biciurba.com\/wp-content\/uploads\/2024\/04\/biodiversidad.png","keywords":["Biodiversidad","biolog\u00eda","interdependencia","salud planetaria"],"articleSection":["Vida Buena"],"inLanguage":"es","potentialAction":[{"@type":"CommentAction","name":"Comment","target":["https:\/\/biciurba.com\/index.php\/2024\/04\/13\/la-interdependencia-en-materia-de-salud-entre-las-personas-los-animales-las-plantas-y-el-medio-ambiente-es-innegable\/#respond"]}]},{"@type":"WebPage","@id":"https:\/\/biciurba.com\/index.php\/2024\/04\/13\/la-interdependencia-en-materia-de-salud-entre-las-personas-los-animales-las-plantas-y-el-medio-ambiente-es-innegable\/","url":"https:\/\/biciurba.com\/index.php\/2024\/04\/13\/la-interdependencia-en-materia-de-salud-entre-las-personas-los-animales-las-plantas-y-el-medio-ambiente-es-innegable\/","name":"La interdependencia en materia de salud entre las personas, los animales, las plantas y el medio ambiente es innegable - Biciurba","isPartOf":{"@id":"https:\/\/biciurba.com\/#website"},"primaryImageOfPage":{"@id":"https:\/\/biciurba.com\/index.php\/2024\/04\/13\/la-interdependencia-en-materia-de-salud-entre-las-personas-los-animales-las-plantas-y-el-medio-ambiente-es-innegable\/#primaryimage"},"image":{"@id":"https:\/\/biciurba.com\/index.php\/2024\/04\/13\/la-interdependencia-en-materia-de-salud-entre-las-personas-los-animales-las-plantas-y-el-medio-ambiente-es-innegable\/#primaryimage"},"thumbnailUrl":"https:\/\/biciurba.com\/wp-content\/uploads\/2024\/04\/biodiversidad.png","datePublished":"2024-04-13T13:21:24+00:00","dateModified":"2024-04-13T13:21:24+00:00","breadcrumb":{"@id":"https:\/\/biciurba.com\/index.php\/2024\/04\/13\/la-interdependencia-en-materia-de-salud-entre-las-personas-los-animales-las-plantas-y-el-medio-ambiente-es-innegable\/#breadcrumb"},"inLanguage":"es","potentialAction":[{"@type":"ReadAction","target":["https:\/\/biciurba.com\/index.php\/2024\/04\/13\/la-interdependencia-en-materia-de-salud-entre-las-personas-los-animales-las-plantas-y-el-medio-ambiente-es-innegable\/"]}]},{"@type":"ImageObject","inLanguage":"es","@id":"https:\/\/biciurba.com\/index.php\/2024\/04\/13\/la-interdependencia-en-materia-de-salud-entre-las-personas-los-animales-las-plantas-y-el-medio-ambiente-es-innegable\/#primaryimage","url":"https:\/\/biciurba.com\/wp-content\/uploads\/2024\/04\/biodiversidad.png","contentUrl":"https:\/\/biciurba.com\/wp-content\/uploads\/2024\/04\/biodiversidad.png","width":600,"height":400,"caption":"El enfoque de \u201cUna sola salud\u201d reconoce este intrincado entramado de la vida. Concebido para equilibrar y optimizar de forma sostenible todos los componentes de nuestro ecosistema, este enfoque hol\u00edstico apela a diferentes sectores, disciplinas y comunidades para que colaboren con el fin de fomentar el bienestar y hacer frente a las amenazas para la salud y los ecosistemas."},{"@type":"BreadcrumbList","@id":"https:\/\/biciurba.com\/index.php\/2024\/04\/13\/la-interdependencia-en-materia-de-salud-entre-las-personas-los-animales-las-plantas-y-el-medio-ambiente-es-innegable\/#breadcrumb","itemListElement":[{"@type":"ListItem","position":1,"name":"Portada","item":"https:\/\/biciurba.com\/"},{"@type":"ListItem","position":2,"name":"La interdependencia en materia de salud entre las personas, los animales, las plantas y el medio ambiente es innegable"}]},{"@type":"WebSite","@id":"https:\/\/biciurba.com\/#website","url":"https:\/\/biciurba.com\/","name":"Biciurba","description":"Una mejor manera de vivir","publisher":{"@id":"https:\/\/biciurba.com\/#\/schema\/person\/d9675ddf29ee982d268db0a3f239eced"},"potentialAction":[{"@type":"SearchAction","target":{"@type":"EntryPoint","urlTemplate":"https:\/\/biciurba.com\/?s={search_term_string}"},"query-input":{"@type":"PropertyValueSpecification","valueRequired":true,"valueName":"search_term_string"}}],"inLanguage":"es"},{"@type":["Person","Organization"],"@id":"https:\/\/biciurba.com\/#\/schema\/person\/d9675ddf29ee982d268db0a3f239eced","name":"Carlos Cantor","image":{"@type":"ImageObject","inLanguage":"es","@id":"https:\/\/biciurba.com\/#\/schema\/person\/image\/","url":"https:\/\/biciurba.com\/wp-content\/uploads\/2024\/04\/cropped-logo-1.png","contentUrl":"https:\/\/biciurba.com\/wp-content\/uploads\/2024\/04\/cropped-logo-1.png","width":512,"height":318,"caption":"Carlos Cantor"},"logo":{"@id":"https:\/\/biciurba.com\/#\/schema\/person\/image\/"},"sameAs":["https:\/\/biciurba.com"],"url":"https:\/\/biciurba.com\/index.php\/author\/ccantor\/"}]}},"_links":{"self":[{"href":"https:\/\/biciurba.com\/index.php\/wp-json\/wp\/v2\/posts\/280"}],"collection":[{"href":"https:\/\/biciurba.com\/index.php\/wp-json\/wp\/v2\/posts"}],"about":[{"href":"https:\/\/biciurba.com\/index.php\/wp-json\/wp\/v2\/types\/post"}],"author":[{"embeddable":true,"href":"https:\/\/biciurba.com\/index.php\/wp-json\/wp\/v2\/users\/1"}],"replies":[{"embeddable":true,"href":"https:\/\/biciurba.com\/index.php\/wp-json\/wp\/v2\/comments?post=280"}],"version-history":[{"count":1,"href":"https:\/\/biciurba.com\/index.php\/wp-json\/wp\/v2\/posts\/280\/revisions"}],"predecessor-version":[{"id":282,"href":"https:\/\/biciurba.com\/index.php\/wp-json\/wp\/v2\/posts\/280\/revisions\/282"}],"wp:featuredmedia":[{"embeddable":true,"href":"https:\/\/biciurba.com\/index.php\/wp-json\/wp\/v2\/media\/281"}],"wp:attachment":[{"href":"https:\/\/biciurba.com\/index.php\/wp-json\/wp\/v2\/media?parent=280"}],"wp:term":[{"taxonomy":"category","embeddable":true,"href":"https:\/\/biciurba.com\/index.php\/wp-json\/wp\/v2\/categories?post=280"},{"taxonomy":"post_tag","embeddable":true,"href":"https:\/\/biciurba.com\/index.php\/wp-json\/wp\/v2\/tags?post=280"}],"curies":[{"name":"wp","href":"https:\/\/api.w.org\/{rel}","templated":true}]}}