{"id":283,"date":"2024-04-13T16:49:50","date_gmt":"2024-04-13T21:49:50","guid":{"rendered":"https:\/\/biciurba.com\/?p=283"},"modified":"2024-04-13T16:49:51","modified_gmt":"2024-04-13T21:49:51","slug":"una-realidad-incontrovertible-la-sexta-extincion-planetaria","status":"publish","type":"post","link":"https:\/\/biciurba.com\/index.php\/2024\/04\/13\/una-realidad-incontrovertible-la-sexta-extincion-planetaria\/","title":{"rendered":"Una realidad incontrovertible: la sexta extinci\u00f3n planetaria"},"content":{"rendered":"\n<p>Nuestro planeta ha experimentado cinco extinciones masivas en su historia, eventos donde la Tierra ha perdido una gran cantidad de especies en un per\u00edodo relativamente corto. Hoy nos enfrentamos a un desaf\u00edo monumental: la sexta extinci\u00f3n masiva, un fen\u00f3meno impulsado principalmente por las acciones del ser humano. En todos los casos es imparable y finalmente hay que adaptarse y buscar la forma m\u00e1s eficiente de sobrevivir y ayudar a que no se aumente el deterioro planetario.<\/p>\n\n\n\n<p>Recordemos las anteriores extinciones, Extinciones del Ordov\u00edcico-Sil\u00farico, Extinci\u00f3n del Dev\u00f3nico-Carbon\u00edfero, Extinci\u00f3n del P\u00e9rmico-Tri\u00e1sico, Extinci\u00f3n del Tri\u00e1sico-Jur\u00e1sico, Fragmentaci\u00f3n de Pangea con erupciones masivas Extinci\u00f3n masiva del Cret\u00e1cico-Pale\u00f3geno.<\/p>\n\n\n\n<p>La Tierra se transform\u00f3 de tal manera que permiti\u00f3 la aparici\u00f3n de lo que se ha denominado el Holoceno que se caracteriza por la presencia de temperaturas favorables para la vida, se transformaron las placas tect\u00f3nicas conformando los continentes como los conocemos hoy, y logr\u00f3 adaptar una especie animal muy especial que desarroll\u00f3 la agricultura, la sociedad como organizaci\u00f3n y comenz\u00f3 a transformar su entorno, el Homo sapiens.<\/p>\n\n\n\n<p>Desarroll\u00f3 diversas civilizaciones, formas sociales y tecnolog\u00edas para lograr tener cierta comodidad y seguridad en su entorno, no solo de otros animales, principalmente de su propia especie, que en l\u00edneas generales desarrollo la guerra para defenderse y para lograr nuevos espacios ya habitados.<br>Han sido diversos los imperios, pero todos en su m\u00e1s profundo sentir buscar dominar el mundo conocido de cada \u00e9poca, bien de forma militar o de formas econ\u00f3micas o culturales que a la fecha se mantienen para detectar el poder.<\/p>\n\n\n\n<p>Esa forma de ver el planeta como posesi\u00f3n, como un lugar ilimitado de recursos que se puede y se debe explotar para sostener una forma de existencia denominada culta, civilizada, econ\u00f3micamente potente y \u00fanica, ha llevado a todas las civilizaciones e imperios a la derrota en el tiempo. Hoy las cosas no han cambiado, basta observar las noticias y ver que siguen guerras por las mismas razones de siempre.<\/p>\n\n\n\n<p>Pero hoy nos enfrentamos a un holocausto mayor, acelerado por la ambici\u00f3n humana y su deseo de tener m\u00e1s, hacer m\u00e1s y adue\u00f1arse del planeta. Las revoluciones industriales de los tres \u00faltimos siglos generaron cambios dram\u00e1ticos en el Holoceno, hasta el punto que hoy hablamos del Antropoceno como el punto de quiebre de una nueva extinci\u00f3n planetaria.<\/p>\n\n\n\n<p>La destrucci\u00f3n de los ecosistemas en todos los rincones del mundo han quebrantado el equilibrio natural que permiti\u00f3 la vida como la conocemos. Temas como la contaminaci\u00f3n, el cambio clim\u00e1tico y la sobreexplotaci\u00f3n, deforestaci\u00f3n, la expansi\u00f3n urbana y la agricultura intensiva est\u00e1n destruyendo los h\u00e1bitats naturales de las especies a un ritmo acelerado.<\/p>\n\n\n\n<p>La contaminaci\u00f3n del agua, el aire y el suelo por qu\u00edmicos, pesticidas y otros desechos t\u00f3xicos producto de la industria agr\u00edcola y pecuaria est\u00e1 envenenando a las especies y alterando los ecosistemas, con dram\u00e1ticos ejemplos en la piscicultura.<\/p>\n\n\n\n<p>Al romper el ciclo natural del agua por la destrucci\u00f3n de los bosques en todo el planeta se genera aumento de las temperaturas, el cambio en los patrones de precipitaci\u00f3n y la acidificaci\u00f3n de los oc\u00e9anos, que es sin\u00f3nimo de muerte en los oc\u00e9anos y mares del mundo, que entre otras est\u00e1n sobre explotados por la pesca industrial, lo que hace muy dif\u00edcil la adaptaci\u00f3n y supervivencia de diversidad de especies acu\u00e1ticas de todo orden.<\/p>\n\n\n\n<p>Y si de las aguas mayores nos vamos a r\u00edos y lagos la explotaci\u00f3n e industrializaci\u00f3n de sus aguas en represas, pesca, miner\u00eda, canalizaci\u00f3n y contaminaci\u00f3n a todos los niveles las colocan al borde de la extinci\u00f3n.<\/p>\n\n\n\n<p>La p\u00e9rdida constante de biodiversidad en un sistema cerrado como es la naturaleza, hace que la perdida de una especie afecta a otras muchas y as\u00ed de forma circular e interdependiente genera repercusiones graves para el planeta y para la humanidad. Los ecosistemas saludables son esenciales para la purificaci\u00f3n del aire y el agua, la regulaci\u00f3n del clima, la polinizaci\u00f3n de las plantas y la producci\u00f3n de alimentos para todas las especies que habitan el planeta.<\/p>\n\n\n\n<p>El da\u00f1o planetario nos conduce inexorablemente a la inseguridad alimentaria, especialmente en las grandes ciudades. La presencia de nuevas enfermedades o el resurgimiento de otras que se supon\u00edan estaban controladas por la ciencia. Junto a ello se presentar\u00e1 un aumento mayor de migraciones de todos los lugares del mundo tratando de buscar un mejor estar y la posibilidad de desarrollar la vida personal y familiar.<\/p>\n\n\n\n<p>Esta \u00faltima realidad llevara hacia adelante el cierre de fronteras, persecuciones, campos de concentraci\u00f3n y posiblemente guerras fronterizas de grandes proporciones.<\/p>\n\n\n\n<p>\u00bfEs posible evitar la sexta extinci\u00f3n masiva? En la realidad no es posible considerando que ya han pasado cinco en procesos planetarios y que esta la estamos viviendo hoy y entendiendo que se aceler\u00f3 el proceso por la acci\u00f3n humana.<\/p>\n\n\n\n<p>Solo nos queda proteger los h\u00e1bitats naturales que a\u00fan est\u00e1n presentes y ayudar a recuperar zonas importantes tanto en la ruralidad como en las ciudades y as\u00ed crear y ampliar \u00e1reas protegidas, revitalizando ecosistemas degradados y reducir la deforestaci\u00f3n a todo nivel.<\/p>\n\n\n\n<p>Reducir la contaminaci\u00f3n en todos los niveles, desde el uso de los pl\u00e1sticos, el uso de energ\u00edas renovables y adoptar pr\u00e1cticas agr\u00edcolas sostenibles dejando de lado las pr\u00e1cticas agrn\u00f3micas y m\u00e1s bien trabajar la tierra desde la Agroecolog\u00eda.<\/p>\n\n\n\n<p>Mitigar el cambio clim\u00e1tico a partir de la reducci\u00f3n de emisiones de gases de efecto invernadero tanto de f\u00e1bricas, industrias pecuarias, movilidad y cumplir con el limite del aumento de la temperatura global que se han establecido en las COP.<\/p>\n\n\n\n<p>Ser protagonistas de un consumo sostenible y as\u00ed reducir compras innecesarias promovidas por la sociedad de consumo y desecho, evitar el desperdicio y adoptar estilos de vida minimalistas, solo lo necesario.<\/p>\n\n\n\n<p>Todos y cada uno de nosotros tiene la misi\u00f3n de divulgar la necesidad de cambiar nuestras formas de consumo, de movilidad, de habitar la ciudad y el campo y de entender que esta es la \u00fanica nave espacial que nos alberga y nos permite la vida tal como la conocemos.<\/p>\n\n\n\n<p>Si tiene tiempo, una pel\u00edcula que si usted la observa desde lo que representa la crisis clim\u00e1tica, nos deja una ense\u00f1anza, m\u00e1s all\u00e1 de distraerse: No mires arriba.<\/p>\n\n\n\n<figure class=\"wp-block-image size-full\"><img loading=\"lazy\" decoding=\"async\" width=\"400\" height=\"600\" src=\"https:\/\/biciurba.com\/wp-content\/uploads\/2024\/04\/No-mires-arriba.png\" alt=\"\" class=\"wp-image-285\" srcset=\"https:\/\/biciurba.com\/wp-content\/uploads\/2024\/04\/No-mires-arriba.png 400w, https:\/\/biciurba.com\/wp-content\/uploads\/2024\/04\/No-mires-arriba-200x300.png 200w, https:\/\/biciurba.com\/wp-content\/uploads\/2024\/04\/No-mires-arriba-280x420.png 280w\" sizes=\"(max-width: 400px) 100vw, 400px\" \/><\/figure>\n","protected":false},"excerpt":{"rendered":"<p>Nuestro planeta ha experimentado cinco extinciones masivas en su historia, eventos donde la Tierra ha perdido una gran cantidad de especies en un per\u00edodo relativamente corto. Hoy nos enfrentamos a un desaf\u00edo monumental: la sexta extinci\u00f3n masiva, un fen\u00f3meno impulsado principalmente por las acciones del ser humano. En todos los casos es imparable y finalmente [&hellip;]<\/p>\n","protected":false},"author":1,"featured_media":284,"comment_status":"open","ping_status":"open","sticky":false,"template":"","format":"standard","meta":{"footnotes":""},"categories":[95],"tags":[82,19,96,97],"class_list":["post-283","post","type-post","status-publish","format-standard","has-post-thumbnail","hentry","category-crisis-climatica","tag-antropoceno","tag-crisis-climatica","tag-extincion-planetaria","tag-holeceno"],"yoast_head":"<!-- This site is optimized with the Yoast SEO plugin v23.9 - https:\/\/yoast.com\/wordpress\/plugins\/seo\/ -->\n<title>Una realidad incontrovertible: la sexta extinci\u00f3n planetaria - Biciurba<\/title>\n<meta name=\"robots\" content=\"index, follow, max-snippet:-1, max-image-preview:large, max-video-preview:-1\" \/>\n<link rel=\"canonical\" href=\"https:\/\/biciurba.com\/index.php\/2024\/04\/13\/una-realidad-incontrovertible-la-sexta-extincion-planetaria\/\" \/>\n<meta property=\"og:locale\" content=\"es_ES\" \/>\n<meta property=\"og:type\" content=\"article\" \/>\n<meta property=\"og:title\" content=\"Una realidad incontrovertible: la sexta extinci\u00f3n planetaria - Biciurba\" \/>\n<meta property=\"og:description\" content=\"Nuestro planeta ha experimentado cinco extinciones masivas en su historia, eventos donde la Tierra ha perdido una gran cantidad de especies en un per\u00edodo relativamente corto. Hoy nos enfrentamos a un desaf\u00edo monumental: la sexta extinci\u00f3n masiva, un fen\u00f3meno impulsado principalmente por las acciones del ser humano. En todos los casos es imparable y finalmente [&hellip;]\" \/>\n<meta property=\"og:url\" content=\"https:\/\/biciurba.com\/index.php\/2024\/04\/13\/una-realidad-incontrovertible-la-sexta-extincion-planetaria\/\" \/>\n<meta property=\"og:site_name\" content=\"Biciurba\" \/>\n<meta property=\"article:published_time\" content=\"2024-04-13T21:49:50+00:00\" \/>\n<meta property=\"article:modified_time\" content=\"2024-04-13T21:49:51+00:00\" \/>\n<meta property=\"og:image\" content=\"https:\/\/biciurba.com\/wp-content\/uploads\/2024\/04\/extincion.png\" \/>\n\t<meta property=\"og:image:width\" content=\"600\" \/>\n\t<meta property=\"og:image:height\" content=\"400\" \/>\n\t<meta property=\"og:image:type\" content=\"image\/png\" \/>\n<meta name=\"author\" content=\"Carlos Cantor\" \/>\n<meta name=\"twitter:card\" content=\"summary_large_image\" \/>\n<meta name=\"twitter:label1\" content=\"Escrito por\" \/>\n\t<meta name=\"twitter:data1\" content=\"Carlos Cantor\" \/>\n\t<meta name=\"twitter:label2\" content=\"Tiempo de lectura\" \/>\n\t<meta name=\"twitter:data2\" content=\"6 minutos\" \/>\n<script type=\"application\/ld+json\" class=\"yoast-schema-graph\">{\"@context\":\"https:\/\/schema.org\",\"@graph\":[{\"@type\":\"Article\",\"@id\":\"https:\/\/biciurba.com\/index.php\/2024\/04\/13\/una-realidad-incontrovertible-la-sexta-extincion-planetaria\/#article\",\"isPartOf\":{\"@id\":\"https:\/\/biciurba.com\/index.php\/2024\/04\/13\/una-realidad-incontrovertible-la-sexta-extincion-planetaria\/\"},\"author\":{\"name\":\"Carlos Cantor\",\"@id\":\"https:\/\/biciurba.com\/#\/schema\/person\/d9675ddf29ee982d268db0a3f239eced\"},\"headline\":\"Una realidad incontrovertible: la sexta extinci\u00f3n planetaria\",\"datePublished\":\"2024-04-13T21:49:50+00:00\",\"dateModified\":\"2024-04-13T21:49:51+00:00\",\"mainEntityOfPage\":{\"@id\":\"https:\/\/biciurba.com\/index.php\/2024\/04\/13\/una-realidad-incontrovertible-la-sexta-extincion-planetaria\/\"},\"wordCount\":1117,\"commentCount\":0,\"publisher\":{\"@id\":\"https:\/\/biciurba.com\/#\/schema\/person\/d9675ddf29ee982d268db0a3f239eced\"},\"image\":{\"@id\":\"https:\/\/biciurba.com\/index.php\/2024\/04\/13\/una-realidad-incontrovertible-la-sexta-extincion-planetaria\/#primaryimage\"},\"thumbnailUrl\":\"https:\/\/biciurba.com\/wp-content\/uploads\/2024\/04\/extincion.png\",\"keywords\":[\"Antropoceno\",\"Crisis clim\u00e1tica\",\"Extinci\u00f3n planetaria\",\"Holeceno\"],\"articleSection\":[\"Crisis clim\u00e1tica\"],\"inLanguage\":\"es\",\"potentialAction\":[{\"@type\":\"CommentAction\",\"name\":\"Comment\",\"target\":[\"https:\/\/biciurba.com\/index.php\/2024\/04\/13\/una-realidad-incontrovertible-la-sexta-extincion-planetaria\/#respond\"]}]},{\"@type\":\"WebPage\",\"@id\":\"https:\/\/biciurba.com\/index.php\/2024\/04\/13\/una-realidad-incontrovertible-la-sexta-extincion-planetaria\/\",\"url\":\"https:\/\/biciurba.com\/index.php\/2024\/04\/13\/una-realidad-incontrovertible-la-sexta-extincion-planetaria\/\",\"name\":\"Una realidad incontrovertible: la sexta extinci\u00f3n planetaria - Biciurba\",\"isPartOf\":{\"@id\":\"https:\/\/biciurba.com\/#website\"},\"primaryImageOfPage\":{\"@id\":\"https:\/\/biciurba.com\/index.php\/2024\/04\/13\/una-realidad-incontrovertible-la-sexta-extincion-planetaria\/#primaryimage\"},\"image\":{\"@id\":\"https:\/\/biciurba.com\/index.php\/2024\/04\/13\/una-realidad-incontrovertible-la-sexta-extincion-planetaria\/#primaryimage\"},\"thumbnailUrl\":\"https:\/\/biciurba.com\/wp-content\/uploads\/2024\/04\/extincion.png\",\"datePublished\":\"2024-04-13T21:49:50+00:00\",\"dateModified\":\"2024-04-13T21:49:51+00:00\",\"breadcrumb\":{\"@id\":\"https:\/\/biciurba.com\/index.php\/2024\/04\/13\/una-realidad-incontrovertible-la-sexta-extincion-planetaria\/#breadcrumb\"},\"inLanguage\":\"es\",\"potentialAction\":[{\"@type\":\"ReadAction\",\"target\":[\"https:\/\/biciurba.com\/index.php\/2024\/04\/13\/una-realidad-incontrovertible-la-sexta-extincion-planetaria\/\"]}]},{\"@type\":\"ImageObject\",\"inLanguage\":\"es\",\"@id\":\"https:\/\/biciurba.com\/index.php\/2024\/04\/13\/una-realidad-incontrovertible-la-sexta-extincion-planetaria\/#primaryimage\",\"url\":\"https:\/\/biciurba.com\/wp-content\/uploads\/2024\/04\/extincion.png\",\"contentUrl\":\"https:\/\/biciurba.com\/wp-content\/uploads\/2024\/04\/extincion.png\",\"width\":600,\"height\":400,\"caption\":\"Somos protagonistas en esta sexta extinci\u00f3n de la que nos habla la ciencia y las noticias.\"},{\"@type\":\"BreadcrumbList\",\"@id\":\"https:\/\/biciurba.com\/index.php\/2024\/04\/13\/una-realidad-incontrovertible-la-sexta-extincion-planetaria\/#breadcrumb\",\"itemListElement\":[{\"@type\":\"ListItem\",\"position\":1,\"name\":\"Portada\",\"item\":\"https:\/\/biciurba.com\/\"},{\"@type\":\"ListItem\",\"position\":2,\"name\":\"Una realidad incontrovertible: la sexta extinci\u00f3n planetaria\"}]},{\"@type\":\"WebSite\",\"@id\":\"https:\/\/biciurba.com\/#website\",\"url\":\"https:\/\/biciurba.com\/\",\"name\":\"Biciurba\",\"description\":\"Una mejor manera de vivir\",\"publisher\":{\"@id\":\"https:\/\/biciurba.com\/#\/schema\/person\/d9675ddf29ee982d268db0a3f239eced\"},\"potentialAction\":[{\"@type\":\"SearchAction\",\"target\":{\"@type\":\"EntryPoint\",\"urlTemplate\":\"https:\/\/biciurba.com\/?s={search_term_string}\"},\"query-input\":{\"@type\":\"PropertyValueSpecification\",\"valueRequired\":true,\"valueName\":\"search_term_string\"}}],\"inLanguage\":\"es\"},{\"@type\":[\"Person\",\"Organization\"],\"@id\":\"https:\/\/biciurba.com\/#\/schema\/person\/d9675ddf29ee982d268db0a3f239eced\",\"name\":\"Carlos Cantor\",\"image\":{\"@type\":\"ImageObject\",\"inLanguage\":\"es\",\"@id\":\"https:\/\/biciurba.com\/#\/schema\/person\/image\/\",\"url\":\"https:\/\/biciurba.com\/wp-content\/uploads\/2024\/04\/cropped-logo-1.png\",\"contentUrl\":\"https:\/\/biciurba.com\/wp-content\/uploads\/2024\/04\/cropped-logo-1.png\",\"width\":512,\"height\":318,\"caption\":\"Carlos Cantor\"},\"logo\":{\"@id\":\"https:\/\/biciurba.com\/#\/schema\/person\/image\/\"},\"sameAs\":[\"https:\/\/biciurba.com\"],\"url\":\"https:\/\/biciurba.com\/index.php\/author\/ccantor\/\"}]}<\/script>\n<!-- \/ Yoast SEO plugin. -->","yoast_head_json":{"title":"Una realidad incontrovertible: la sexta extinci\u00f3n planetaria - Biciurba","robots":{"index":"index","follow":"follow","max-snippet":"max-snippet:-1","max-image-preview":"max-image-preview:large","max-video-preview":"max-video-preview:-1"},"canonical":"https:\/\/biciurba.com\/index.php\/2024\/04\/13\/una-realidad-incontrovertible-la-sexta-extincion-planetaria\/","og_locale":"es_ES","og_type":"article","og_title":"Una realidad incontrovertible: la sexta extinci\u00f3n planetaria - Biciurba","og_description":"Nuestro planeta ha experimentado cinco extinciones masivas en su historia, eventos donde la Tierra ha perdido una gran cantidad de especies en un per\u00edodo relativamente corto. Hoy nos enfrentamos a un desaf\u00edo monumental: la sexta extinci\u00f3n masiva, un fen\u00f3meno impulsado principalmente por las acciones del ser humano. En todos los casos es imparable y finalmente [&hellip;]","og_url":"https:\/\/biciurba.com\/index.php\/2024\/04\/13\/una-realidad-incontrovertible-la-sexta-extincion-planetaria\/","og_site_name":"Biciurba","article_published_time":"2024-04-13T21:49:50+00:00","article_modified_time":"2024-04-13T21:49:51+00:00","og_image":[{"width":600,"height":400,"url":"https:\/\/biciurba.com\/wp-content\/uploads\/2024\/04\/extincion.png","type":"image\/png"}],"author":"Carlos Cantor","twitter_card":"summary_large_image","twitter_misc":{"Escrito por":"Carlos Cantor","Tiempo de lectura":"6 minutos"},"schema":{"@context":"https:\/\/schema.org","@graph":[{"@type":"Article","@id":"https:\/\/biciurba.com\/index.php\/2024\/04\/13\/una-realidad-incontrovertible-la-sexta-extincion-planetaria\/#article","isPartOf":{"@id":"https:\/\/biciurba.com\/index.php\/2024\/04\/13\/una-realidad-incontrovertible-la-sexta-extincion-planetaria\/"},"author":{"name":"Carlos Cantor","@id":"https:\/\/biciurba.com\/#\/schema\/person\/d9675ddf29ee982d268db0a3f239eced"},"headline":"Una realidad incontrovertible: la sexta extinci\u00f3n planetaria","datePublished":"2024-04-13T21:49:50+00:00","dateModified":"2024-04-13T21:49:51+00:00","mainEntityOfPage":{"@id":"https:\/\/biciurba.com\/index.php\/2024\/04\/13\/una-realidad-incontrovertible-la-sexta-extincion-planetaria\/"},"wordCount":1117,"commentCount":0,"publisher":{"@id":"https:\/\/biciurba.com\/#\/schema\/person\/d9675ddf29ee982d268db0a3f239eced"},"image":{"@id":"https:\/\/biciurba.com\/index.php\/2024\/04\/13\/una-realidad-incontrovertible-la-sexta-extincion-planetaria\/#primaryimage"},"thumbnailUrl":"https:\/\/biciurba.com\/wp-content\/uploads\/2024\/04\/extincion.png","keywords":["Antropoceno","Crisis clim\u00e1tica","Extinci\u00f3n planetaria","Holeceno"],"articleSection":["Crisis clim\u00e1tica"],"inLanguage":"es","potentialAction":[{"@type":"CommentAction","name":"Comment","target":["https:\/\/biciurba.com\/index.php\/2024\/04\/13\/una-realidad-incontrovertible-la-sexta-extincion-planetaria\/#respond"]}]},{"@type":"WebPage","@id":"https:\/\/biciurba.com\/index.php\/2024\/04\/13\/una-realidad-incontrovertible-la-sexta-extincion-planetaria\/","url":"https:\/\/biciurba.com\/index.php\/2024\/04\/13\/una-realidad-incontrovertible-la-sexta-extincion-planetaria\/","name":"Una realidad incontrovertible: la sexta extinci\u00f3n planetaria - Biciurba","isPartOf":{"@id":"https:\/\/biciurba.com\/#website"},"primaryImageOfPage":{"@id":"https:\/\/biciurba.com\/index.php\/2024\/04\/13\/una-realidad-incontrovertible-la-sexta-extincion-planetaria\/#primaryimage"},"image":{"@id":"https:\/\/biciurba.com\/index.php\/2024\/04\/13\/una-realidad-incontrovertible-la-sexta-extincion-planetaria\/#primaryimage"},"thumbnailUrl":"https:\/\/biciurba.com\/wp-content\/uploads\/2024\/04\/extincion.png","datePublished":"2024-04-13T21:49:50+00:00","dateModified":"2024-04-13T21:49:51+00:00","breadcrumb":{"@id":"https:\/\/biciurba.com\/index.php\/2024\/04\/13\/una-realidad-incontrovertible-la-sexta-extincion-planetaria\/#breadcrumb"},"inLanguage":"es","potentialAction":[{"@type":"ReadAction","target":["https:\/\/biciurba.com\/index.php\/2024\/04\/13\/una-realidad-incontrovertible-la-sexta-extincion-planetaria\/"]}]},{"@type":"ImageObject","inLanguage":"es","@id":"https:\/\/biciurba.com\/index.php\/2024\/04\/13\/una-realidad-incontrovertible-la-sexta-extincion-planetaria\/#primaryimage","url":"https:\/\/biciurba.com\/wp-content\/uploads\/2024\/04\/extincion.png","contentUrl":"https:\/\/biciurba.com\/wp-content\/uploads\/2024\/04\/extincion.png","width":600,"height":400,"caption":"Somos protagonistas en esta sexta extinci\u00f3n de la que nos habla la ciencia y las noticias."},{"@type":"BreadcrumbList","@id":"https:\/\/biciurba.com\/index.php\/2024\/04\/13\/una-realidad-incontrovertible-la-sexta-extincion-planetaria\/#breadcrumb","itemListElement":[{"@type":"ListItem","position":1,"name":"Portada","item":"https:\/\/biciurba.com\/"},{"@type":"ListItem","position":2,"name":"Una realidad incontrovertible: la sexta extinci\u00f3n planetaria"}]},{"@type":"WebSite","@id":"https:\/\/biciurba.com\/#website","url":"https:\/\/biciurba.com\/","name":"Biciurba","description":"Una mejor manera de vivir","publisher":{"@id":"https:\/\/biciurba.com\/#\/schema\/person\/d9675ddf29ee982d268db0a3f239eced"},"potentialAction":[{"@type":"SearchAction","target":{"@type":"EntryPoint","urlTemplate":"https:\/\/biciurba.com\/?s={search_term_string}"},"query-input":{"@type":"PropertyValueSpecification","valueRequired":true,"valueName":"search_term_string"}}],"inLanguage":"es"},{"@type":["Person","Organization"],"@id":"https:\/\/biciurba.com\/#\/schema\/person\/d9675ddf29ee982d268db0a3f239eced","name":"Carlos Cantor","image":{"@type":"ImageObject","inLanguage":"es","@id":"https:\/\/biciurba.com\/#\/schema\/person\/image\/","url":"https:\/\/biciurba.com\/wp-content\/uploads\/2024\/04\/cropped-logo-1.png","contentUrl":"https:\/\/biciurba.com\/wp-content\/uploads\/2024\/04\/cropped-logo-1.png","width":512,"height":318,"caption":"Carlos Cantor"},"logo":{"@id":"https:\/\/biciurba.com\/#\/schema\/person\/image\/"},"sameAs":["https:\/\/biciurba.com"],"url":"https:\/\/biciurba.com\/index.php\/author\/ccantor\/"}]}},"_links":{"self":[{"href":"https:\/\/biciurba.com\/index.php\/wp-json\/wp\/v2\/posts\/283"}],"collection":[{"href":"https:\/\/biciurba.com\/index.php\/wp-json\/wp\/v2\/posts"}],"about":[{"href":"https:\/\/biciurba.com\/index.php\/wp-json\/wp\/v2\/types\/post"}],"author":[{"embeddable":true,"href":"https:\/\/biciurba.com\/index.php\/wp-json\/wp\/v2\/users\/1"}],"replies":[{"embeddable":true,"href":"https:\/\/biciurba.com\/index.php\/wp-json\/wp\/v2\/comments?post=283"}],"version-history":[{"count":1,"href":"https:\/\/biciurba.com\/index.php\/wp-json\/wp\/v2\/posts\/283\/revisions"}],"predecessor-version":[{"id":286,"href":"https:\/\/biciurba.com\/index.php\/wp-json\/wp\/v2\/posts\/283\/revisions\/286"}],"wp:featuredmedia":[{"embeddable":true,"href":"https:\/\/biciurba.com\/index.php\/wp-json\/wp\/v2\/media\/284"}],"wp:attachment":[{"href":"https:\/\/biciurba.com\/index.php\/wp-json\/wp\/v2\/media?parent=283"}],"wp:term":[{"taxonomy":"category","embeddable":true,"href":"https:\/\/biciurba.com\/index.php\/wp-json\/wp\/v2\/categories?post=283"},{"taxonomy":"post_tag","embeddable":true,"href":"https:\/\/biciurba.com\/index.php\/wp-json\/wp\/v2\/tags?post=283"}],"curies":[{"name":"wp","href":"https:\/\/api.w.org\/{rel}","templated":true}]}}