{"id":289,"date":"2024-04-14T07:53:45","date_gmt":"2024-04-14T12:53:45","guid":{"rendered":"https:\/\/biciurba.com\/?p=289"},"modified":"2024-04-14T07:53:46","modified_gmt":"2024-04-14T12:53:46","slug":"es-posible-que-nuestra-comprension-del-cosmos-haya-sido-equivocada-hasta-ahora-que-dice-el-fisico-adam-riess","status":"publish","type":"post","link":"https:\/\/biciurba.com\/index.php\/2024\/04\/14\/es-posible-que-nuestra-comprension-del-cosmos-haya-sido-equivocada-hasta-ahora-que-dice-el-fisico-adam-riess\/","title":{"rendered":"\u00bfEs posible que nuestra comprensi\u00f3n del cosmos haya sido equivocada hasta ahora? \u00bfQu\u00e9 dice el f\u00edsico Adam Riess?"},"content":{"rendered":"\n<p>Las teor\u00edas establecidas sobre la velocidad de la expansi\u00f3n del universo se cuestionan a medida que se acumulan nuevos conocimientos, lo que deja claro que a\u00fan no comprendemos del todo este fen\u00f3meno.<\/p>\n\n\n\n<p>La \u00abtensi\u00f3n de Hubble\u00bb, un fen\u00f3meno que destaca las discrepancias entre las mediciones actuales de la expansi\u00f3n del universo y las expectativas basadas en datos previos, especialmente aquellos obtenidos por la misi\u00f3n Planck de la ESA. Contrario a lo anticipado, el universo parece expandirse m\u00e1s r\u00e1pidamente de lo que los modelos te\u00f3ricos preve\u00edan.<\/p>\n\n\n\n<p>Surge entonces un debate en la comunidad cient\u00edfica sobre si esta discrepancia es el resultado de errores de medici\u00f3n o, lo que es m\u00e1s intrigante, apunta a la necesidad de revisar nuestra comprensi\u00f3n fundamental de la f\u00edsica.<\/p>\n\n\n\n<p>La NASA ha informado que la colaboraci\u00f3n, con observaciones emparejadas, entre el telescopio espacial Hubble, con m\u00e1s de tres d\u00e9cadas de servicio, y el telescopio espacial James Webb ha reforzado la teor\u00eda de que no son errores de medici\u00f3n lo que estamos viendo, sino indicios de algo m\u00e1s profundo, de fen\u00f3menos hasta ahora no comprendidos.<\/p>\n\n\n\n<p>La \u00abconstante de Hubble\u00bb es el par\u00e1metro que cuantifica la tasa de expansi\u00f3n del universo. Sin embargo, surge un dilema debido a que distintos aparatos cient\u00edficos arrojan valores divergentes para esta constante, fen\u00f3meno que ha dado origen a lo que se denomina la \u00abtensi\u00f3n de Hubble\u00bb.<\/p>\n\n\n\n<p>Adam Riess, f\u00edsico de la Universidad Johns Hopkins y premio Nobel por descubrir que la expansi\u00f3n del universo se est\u00e1 acelerando debido a un misterioso fen\u00f3meno ahora denominado \u00abenerg\u00eda oscura\u00bb, apunta a esta intrigante posibilidad. \u00abUna vez descartados los errores de medici\u00f3n, lo que queda es la posibilidad real y apasionante de que hayamos malinterpretado el universo\u00bb, afirma, abriendo la puerta a una reevaluaci\u00f3n de nuestra comprensi\u00f3n c\u00f3smica.<\/p>\n\n\n\n<p>Una hip\u00f3tesis sugiere que el exceso de estrellas visibles para los telescopios espaciales podr\u00eda estar alterando las mediciones, un efecto magnificado por el polvo estelar. Sin embargo, el telescopio Webb, con su avanzada tecnolog\u00eda, promete atravesar este velo de incertidumbre y ofrecer una visi\u00f3n m\u00e1s clara y precisa.<\/p>\n\n\n\n<p>Como especula Reiss, puede que haya algo m\u00e1s a que los n\u00fameros no cuadren. \u00abAhora hemos abarcado todo el rango de lo observado por Hubble, y podemos descartar un error de medici\u00f3n como causa de la Tensi\u00f3n de Hubble con una confianza muy alta\u00bb, asegura.<\/p>\n\n\n\n<p>La \u00abescala c\u00f3smica de distancias\u00bb, un m\u00e9todo empleado para medir distancias en el universo, ha sido crucial en estos hallazgos. Un equipo liderado por Riess realiz\u00f3 observaciones de estrellas variables Cefeidas en cinco galaxias, incluyendo NGC 5468, situada a 130 millones de a\u00f1os luz de distancia. Los resultados, publicados en The Astrophysical Journal Letters el 6 de febrero de 2024, refuerzan as\u00ed la idea de que las mediciones han sido precisas, sugiriendo que el desajuste en las tasas de expansi\u00f3n podr\u00eda deberse a factores a\u00fan no comprendidos.<\/p>\n\n\n\n<p>\u00abCombinar el Webb y el Hubble nos da lo mejor de ambos mundos. Comprobamos que las mediciones del Hubble siguen siendo fiables a medida que avanzamos en la escala de distancias c\u00f3smicas\u00bb, afirm\u00f3 Riess.<\/p>\n\n\n\n<p>La resoluci\u00f3n de la \u00abtensi\u00f3n de Hubble\u00bb podr\u00eda estar al alcance gracias a misiones como el telescopio espacial Nancy Grace Roman de la NASA y el observatorio Euclid de la ESA. Estos proyectos buscan profundizar en el misterio de la energ\u00eda oscura, ese enigm\u00e1tico fen\u00f3meno que impulsa la expansi\u00f3n del universo.<\/p>\n\n\n\n<p>Actualmente, de acuerdo con la NASA, la situaci\u00f3n se asemeja a tener dos puntos de referencia fundamentales en el estudio del universo: por un lado, las mediciones de la distancia c\u00f3smica realizadas por los telescopios Hubble y Webb, ancladas en una extremidad; y por otro, las observaciones del resplandor inicial del universo, captadas por Planck, asentadas en la orilla opuesta. Entre estos dos puntos, la evoluci\u00f3n detallada de la expansi\u00f3n universal a lo largo de miles de millones de a\u00f1os sigue sin ser observada directamente, presentando un enigma sobre c\u00f3mo se ha desarrollado este proceso en el extenso lapso intermedio.<\/p>\n\n\n\n<p>Seg\u00fan Riess, el desaf\u00edo consiste en conectar nuestra comprensi\u00f3n del inicio del universo con el presente, un misterio que permanecer\u00e1 al frente de la investigaci\u00f3n astron\u00f3mica hasta que nuevos descubrimientos nos ofrezcan m\u00e1s respuestas.<\/p>\n","protected":false},"excerpt":{"rendered":"<p>Las teor\u00edas establecidas sobre la velocidad de la expansi\u00f3n del universo se cuestionan a medida que se acumulan nuevos conocimientos, lo que deja claro que a\u00fan no comprendemos del todo este fen\u00f3meno. La \u00abtensi\u00f3n de Hubble\u00bb, un fen\u00f3meno que destaca las discrepancias entre las mediciones actuales de la expansi\u00f3n del universo y las expectativas basadas [&hellip;]<\/p>\n","protected":false},"author":1,"featured_media":290,"comment_status":"open","ping_status":"open","sticky":false,"template":"","format":"standard","meta":{"footnotes":""},"categories":[98],"tags":[100,99,101],"class_list":["post-289","post","type-post","status-publish","format-standard","has-post-thumbnail","hentry","category-ciencia","tag-adam-riess","tag-astrofisica","tag-universo"],"yoast_head":"<!-- This site is optimized with the Yoast SEO plugin v23.9 - https:\/\/yoast.com\/wordpress\/plugins\/seo\/ -->\n<title>\u00bfEs posible que nuestra comprensi\u00f3n del cosmos haya sido equivocada hasta ahora? \u00bfQu\u00e9 dice el f\u00edsico Adam Riess? - Biciurba<\/title>\n<meta name=\"robots\" content=\"index, follow, max-snippet:-1, max-image-preview:large, max-video-preview:-1\" \/>\n<link rel=\"canonical\" href=\"https:\/\/biciurba.com\/index.php\/2024\/04\/14\/es-posible-que-nuestra-comprension-del-cosmos-haya-sido-equivocada-hasta-ahora-que-dice-el-fisico-adam-riess\/\" \/>\n<meta property=\"og:locale\" content=\"es_ES\" \/>\n<meta property=\"og:type\" content=\"article\" \/>\n<meta property=\"og:title\" content=\"\u00bfEs posible que nuestra comprensi\u00f3n del cosmos haya sido equivocada hasta ahora? \u00bfQu\u00e9 dice el f\u00edsico Adam Riess? - Biciurba\" \/>\n<meta property=\"og:description\" content=\"Las teor\u00edas establecidas sobre la velocidad de la expansi\u00f3n del universo se cuestionan a medida que se acumulan nuevos conocimientos, lo que deja claro que a\u00fan no comprendemos del todo este fen\u00f3meno. La \u00abtensi\u00f3n de Hubble\u00bb, un fen\u00f3meno que destaca las discrepancias entre las mediciones actuales de la expansi\u00f3n del universo y las expectativas basadas [&hellip;]\" \/>\n<meta property=\"og:url\" content=\"https:\/\/biciurba.com\/index.php\/2024\/04\/14\/es-posible-que-nuestra-comprension-del-cosmos-haya-sido-equivocada-hasta-ahora-que-dice-el-fisico-adam-riess\/\" \/>\n<meta property=\"og:site_name\" content=\"Biciurba\" \/>\n<meta property=\"article:published_time\" content=\"2024-04-14T12:53:45+00:00\" \/>\n<meta property=\"article:modified_time\" content=\"2024-04-14T12:53:46+00:00\" \/>\n<meta property=\"og:image\" content=\"https:\/\/biciurba.com\/wp-content\/uploads\/2024\/04\/Astrofisico.png\" \/>\n\t<meta property=\"og:image:width\" content=\"600\" \/>\n\t<meta property=\"og:image:height\" content=\"400\" \/>\n\t<meta property=\"og:image:type\" content=\"image\/png\" \/>\n<meta name=\"author\" content=\"Carlos Cantor\" \/>\n<meta name=\"twitter:card\" content=\"summary_large_image\" \/>\n<meta name=\"twitter:label1\" content=\"Escrito por\" \/>\n\t<meta name=\"twitter:data1\" content=\"Carlos Cantor\" \/>\n\t<meta name=\"twitter:label2\" content=\"Tiempo de lectura\" \/>\n\t<meta name=\"twitter:data2\" content=\"4 minutos\" \/>\n<script type=\"application\/ld+json\" class=\"yoast-schema-graph\">{\"@context\":\"https:\/\/schema.org\",\"@graph\":[{\"@type\":\"Article\",\"@id\":\"https:\/\/biciurba.com\/index.php\/2024\/04\/14\/es-posible-que-nuestra-comprension-del-cosmos-haya-sido-equivocada-hasta-ahora-que-dice-el-fisico-adam-riess\/#article\",\"isPartOf\":{\"@id\":\"https:\/\/biciurba.com\/index.php\/2024\/04\/14\/es-posible-que-nuestra-comprension-del-cosmos-haya-sido-equivocada-hasta-ahora-que-dice-el-fisico-adam-riess\/\"},\"author\":{\"name\":\"Carlos Cantor\",\"@id\":\"https:\/\/biciurba.com\/#\/schema\/person\/d9675ddf29ee982d268db0a3f239eced\"},\"headline\":\"\u00bfEs posible que nuestra comprensi\u00f3n del cosmos haya sido equivocada hasta ahora? \u00bfQu\u00e9 dice el f\u00edsico Adam Riess?\",\"datePublished\":\"2024-04-14T12:53:45+00:00\",\"dateModified\":\"2024-04-14T12:53:46+00:00\",\"mainEntityOfPage\":{\"@id\":\"https:\/\/biciurba.com\/index.php\/2024\/04\/14\/es-posible-que-nuestra-comprension-del-cosmos-haya-sido-equivocada-hasta-ahora-que-dice-el-fisico-adam-riess\/\"},\"wordCount\":778,\"commentCount\":0,\"publisher\":{\"@id\":\"https:\/\/biciurba.com\/#\/schema\/person\/d9675ddf29ee982d268db0a3f239eced\"},\"image\":{\"@id\":\"https:\/\/biciurba.com\/index.php\/2024\/04\/14\/es-posible-que-nuestra-comprension-del-cosmos-haya-sido-equivocada-hasta-ahora-que-dice-el-fisico-adam-riess\/#primaryimage\"},\"thumbnailUrl\":\"https:\/\/biciurba.com\/wp-content\/uploads\/2024\/04\/Astrofisico.png\",\"keywords\":[\"Adam Riess\",\"Astrof\u00edsica\",\"Universo\"],\"articleSection\":[\"Ciencia\"],\"inLanguage\":\"es\",\"potentialAction\":[{\"@type\":\"CommentAction\",\"name\":\"Comment\",\"target\":[\"https:\/\/biciurba.com\/index.php\/2024\/04\/14\/es-posible-que-nuestra-comprension-del-cosmos-haya-sido-equivocada-hasta-ahora-que-dice-el-fisico-adam-riess\/#respond\"]}]},{\"@type\":\"WebPage\",\"@id\":\"https:\/\/biciurba.com\/index.php\/2024\/04\/14\/es-posible-que-nuestra-comprension-del-cosmos-haya-sido-equivocada-hasta-ahora-que-dice-el-fisico-adam-riess\/\",\"url\":\"https:\/\/biciurba.com\/index.php\/2024\/04\/14\/es-posible-que-nuestra-comprension-del-cosmos-haya-sido-equivocada-hasta-ahora-que-dice-el-fisico-adam-riess\/\",\"name\":\"\u00bfEs posible que nuestra comprensi\u00f3n del cosmos haya sido equivocada hasta ahora? \u00bfQu\u00e9 dice el f\u00edsico Adam Riess? - Biciurba\",\"isPartOf\":{\"@id\":\"https:\/\/biciurba.com\/#website\"},\"primaryImageOfPage\":{\"@id\":\"https:\/\/biciurba.com\/index.php\/2024\/04\/14\/es-posible-que-nuestra-comprension-del-cosmos-haya-sido-equivocada-hasta-ahora-que-dice-el-fisico-adam-riess\/#primaryimage\"},\"image\":{\"@id\":\"https:\/\/biciurba.com\/index.php\/2024\/04\/14\/es-posible-que-nuestra-comprension-del-cosmos-haya-sido-equivocada-hasta-ahora-que-dice-el-fisico-adam-riess\/#primaryimage\"},\"thumbnailUrl\":\"https:\/\/biciurba.com\/wp-content\/uploads\/2024\/04\/Astrofisico.png\",\"datePublished\":\"2024-04-14T12:53:45+00:00\",\"dateModified\":\"2024-04-14T12:53:46+00:00\",\"breadcrumb\":{\"@id\":\"https:\/\/biciurba.com\/index.php\/2024\/04\/14\/es-posible-que-nuestra-comprension-del-cosmos-haya-sido-equivocada-hasta-ahora-que-dice-el-fisico-adam-riess\/#breadcrumb\"},\"inLanguage\":\"es\",\"potentialAction\":[{\"@type\":\"ReadAction\",\"target\":[\"https:\/\/biciurba.com\/index.php\/2024\/04\/14\/es-posible-que-nuestra-comprension-del-cosmos-haya-sido-equivocada-hasta-ahora-que-dice-el-fisico-adam-riess\/\"]}]},{\"@type\":\"ImageObject\",\"inLanguage\":\"es\",\"@id\":\"https:\/\/biciurba.com\/index.php\/2024\/04\/14\/es-posible-que-nuestra-comprension-del-cosmos-haya-sido-equivocada-hasta-ahora-que-dice-el-fisico-adam-riess\/#primaryimage\",\"url\":\"https:\/\/biciurba.com\/wp-content\/uploads\/2024\/04\/Astrofisico.png\",\"contentUrl\":\"https:\/\/biciurba.com\/wp-content\/uploads\/2024\/04\/Astrofisico.png\",\"width\":600,\"height\":400,\"caption\":\"Adam Riess, astr\u00f3nomo del Instituto Cient\u00edfico del Telescopio Espacial (STScI) y profesor Krieger-Eisenhower de F\u00edsica y Astronom\u00eda en la Universidad Johns Hopkins de Baltimore, recibi\u00f3 el Premio Nobel de F\u00edsica 2011\"},{\"@type\":\"BreadcrumbList\",\"@id\":\"https:\/\/biciurba.com\/index.php\/2024\/04\/14\/es-posible-que-nuestra-comprension-del-cosmos-haya-sido-equivocada-hasta-ahora-que-dice-el-fisico-adam-riess\/#breadcrumb\",\"itemListElement\":[{\"@type\":\"ListItem\",\"position\":1,\"name\":\"Portada\",\"item\":\"https:\/\/biciurba.com\/\"},{\"@type\":\"ListItem\",\"position\":2,\"name\":\"\u00bfEs posible que nuestra comprensi\u00f3n del cosmos haya sido equivocada hasta ahora? \u00bfQu\u00e9 dice el f\u00edsico Adam Riess?\"}]},{\"@type\":\"WebSite\",\"@id\":\"https:\/\/biciurba.com\/#website\",\"url\":\"https:\/\/biciurba.com\/\",\"name\":\"Biciurba\",\"description\":\"Una mejor manera de vivir\",\"publisher\":{\"@id\":\"https:\/\/biciurba.com\/#\/schema\/person\/d9675ddf29ee982d268db0a3f239eced\"},\"potentialAction\":[{\"@type\":\"SearchAction\",\"target\":{\"@type\":\"EntryPoint\",\"urlTemplate\":\"https:\/\/biciurba.com\/?s={search_term_string}\"},\"query-input\":{\"@type\":\"PropertyValueSpecification\",\"valueRequired\":true,\"valueName\":\"search_term_string\"}}],\"inLanguage\":\"es\"},{\"@type\":[\"Person\",\"Organization\"],\"@id\":\"https:\/\/biciurba.com\/#\/schema\/person\/d9675ddf29ee982d268db0a3f239eced\",\"name\":\"Carlos Cantor\",\"image\":{\"@type\":\"ImageObject\",\"inLanguage\":\"es\",\"@id\":\"https:\/\/biciurba.com\/#\/schema\/person\/image\/\",\"url\":\"https:\/\/biciurba.com\/wp-content\/uploads\/2024\/04\/cropped-logo-1.png\",\"contentUrl\":\"https:\/\/biciurba.com\/wp-content\/uploads\/2024\/04\/cropped-logo-1.png\",\"width\":512,\"height\":318,\"caption\":\"Carlos Cantor\"},\"logo\":{\"@id\":\"https:\/\/biciurba.com\/#\/schema\/person\/image\/\"},\"sameAs\":[\"https:\/\/biciurba.com\"],\"url\":\"https:\/\/biciurba.com\/index.php\/author\/ccantor\/\"}]}<\/script>\n<!-- \/ Yoast SEO plugin. -->","yoast_head_json":{"title":"\u00bfEs posible que nuestra comprensi\u00f3n del cosmos haya sido equivocada hasta ahora? \u00bfQu\u00e9 dice el f\u00edsico Adam Riess? - Biciurba","robots":{"index":"index","follow":"follow","max-snippet":"max-snippet:-1","max-image-preview":"max-image-preview:large","max-video-preview":"max-video-preview:-1"},"canonical":"https:\/\/biciurba.com\/index.php\/2024\/04\/14\/es-posible-que-nuestra-comprension-del-cosmos-haya-sido-equivocada-hasta-ahora-que-dice-el-fisico-adam-riess\/","og_locale":"es_ES","og_type":"article","og_title":"\u00bfEs posible que nuestra comprensi\u00f3n del cosmos haya sido equivocada hasta ahora? \u00bfQu\u00e9 dice el f\u00edsico Adam Riess? - Biciurba","og_description":"Las teor\u00edas establecidas sobre la velocidad de la expansi\u00f3n del universo se cuestionan a medida que se acumulan nuevos conocimientos, lo que deja claro que a\u00fan no comprendemos del todo este fen\u00f3meno. La \u00abtensi\u00f3n de Hubble\u00bb, un fen\u00f3meno que destaca las discrepancias entre las mediciones actuales de la expansi\u00f3n del universo y las expectativas basadas [&hellip;]","og_url":"https:\/\/biciurba.com\/index.php\/2024\/04\/14\/es-posible-que-nuestra-comprension-del-cosmos-haya-sido-equivocada-hasta-ahora-que-dice-el-fisico-adam-riess\/","og_site_name":"Biciurba","article_published_time":"2024-04-14T12:53:45+00:00","article_modified_time":"2024-04-14T12:53:46+00:00","og_image":[{"width":600,"height":400,"url":"https:\/\/biciurba.com\/wp-content\/uploads\/2024\/04\/Astrofisico.png","type":"image\/png"}],"author":"Carlos Cantor","twitter_card":"summary_large_image","twitter_misc":{"Escrito por":"Carlos Cantor","Tiempo de lectura":"4 minutos"},"schema":{"@context":"https:\/\/schema.org","@graph":[{"@type":"Article","@id":"https:\/\/biciurba.com\/index.php\/2024\/04\/14\/es-posible-que-nuestra-comprension-del-cosmos-haya-sido-equivocada-hasta-ahora-que-dice-el-fisico-adam-riess\/#article","isPartOf":{"@id":"https:\/\/biciurba.com\/index.php\/2024\/04\/14\/es-posible-que-nuestra-comprension-del-cosmos-haya-sido-equivocada-hasta-ahora-que-dice-el-fisico-adam-riess\/"},"author":{"name":"Carlos Cantor","@id":"https:\/\/biciurba.com\/#\/schema\/person\/d9675ddf29ee982d268db0a3f239eced"},"headline":"\u00bfEs posible que nuestra comprensi\u00f3n del cosmos haya sido equivocada hasta ahora? \u00bfQu\u00e9 dice el f\u00edsico Adam Riess?","datePublished":"2024-04-14T12:53:45+00:00","dateModified":"2024-04-14T12:53:46+00:00","mainEntityOfPage":{"@id":"https:\/\/biciurba.com\/index.php\/2024\/04\/14\/es-posible-que-nuestra-comprension-del-cosmos-haya-sido-equivocada-hasta-ahora-que-dice-el-fisico-adam-riess\/"},"wordCount":778,"commentCount":0,"publisher":{"@id":"https:\/\/biciurba.com\/#\/schema\/person\/d9675ddf29ee982d268db0a3f239eced"},"image":{"@id":"https:\/\/biciurba.com\/index.php\/2024\/04\/14\/es-posible-que-nuestra-comprension-del-cosmos-haya-sido-equivocada-hasta-ahora-que-dice-el-fisico-adam-riess\/#primaryimage"},"thumbnailUrl":"https:\/\/biciurba.com\/wp-content\/uploads\/2024\/04\/Astrofisico.png","keywords":["Adam Riess","Astrof\u00edsica","Universo"],"articleSection":["Ciencia"],"inLanguage":"es","potentialAction":[{"@type":"CommentAction","name":"Comment","target":["https:\/\/biciurba.com\/index.php\/2024\/04\/14\/es-posible-que-nuestra-comprension-del-cosmos-haya-sido-equivocada-hasta-ahora-que-dice-el-fisico-adam-riess\/#respond"]}]},{"@type":"WebPage","@id":"https:\/\/biciurba.com\/index.php\/2024\/04\/14\/es-posible-que-nuestra-comprension-del-cosmos-haya-sido-equivocada-hasta-ahora-que-dice-el-fisico-adam-riess\/","url":"https:\/\/biciurba.com\/index.php\/2024\/04\/14\/es-posible-que-nuestra-comprension-del-cosmos-haya-sido-equivocada-hasta-ahora-que-dice-el-fisico-adam-riess\/","name":"\u00bfEs posible que nuestra comprensi\u00f3n del cosmos haya sido equivocada hasta ahora? \u00bfQu\u00e9 dice el f\u00edsico Adam Riess? - Biciurba","isPartOf":{"@id":"https:\/\/biciurba.com\/#website"},"primaryImageOfPage":{"@id":"https:\/\/biciurba.com\/index.php\/2024\/04\/14\/es-posible-que-nuestra-comprension-del-cosmos-haya-sido-equivocada-hasta-ahora-que-dice-el-fisico-adam-riess\/#primaryimage"},"image":{"@id":"https:\/\/biciurba.com\/index.php\/2024\/04\/14\/es-posible-que-nuestra-comprension-del-cosmos-haya-sido-equivocada-hasta-ahora-que-dice-el-fisico-adam-riess\/#primaryimage"},"thumbnailUrl":"https:\/\/biciurba.com\/wp-content\/uploads\/2024\/04\/Astrofisico.png","datePublished":"2024-04-14T12:53:45+00:00","dateModified":"2024-04-14T12:53:46+00:00","breadcrumb":{"@id":"https:\/\/biciurba.com\/index.php\/2024\/04\/14\/es-posible-que-nuestra-comprension-del-cosmos-haya-sido-equivocada-hasta-ahora-que-dice-el-fisico-adam-riess\/#breadcrumb"},"inLanguage":"es","potentialAction":[{"@type":"ReadAction","target":["https:\/\/biciurba.com\/index.php\/2024\/04\/14\/es-posible-que-nuestra-comprension-del-cosmos-haya-sido-equivocada-hasta-ahora-que-dice-el-fisico-adam-riess\/"]}]},{"@type":"ImageObject","inLanguage":"es","@id":"https:\/\/biciurba.com\/index.php\/2024\/04\/14\/es-posible-que-nuestra-comprension-del-cosmos-haya-sido-equivocada-hasta-ahora-que-dice-el-fisico-adam-riess\/#primaryimage","url":"https:\/\/biciurba.com\/wp-content\/uploads\/2024\/04\/Astrofisico.png","contentUrl":"https:\/\/biciurba.com\/wp-content\/uploads\/2024\/04\/Astrofisico.png","width":600,"height":400,"caption":"Adam Riess, astr\u00f3nomo del Instituto Cient\u00edfico del Telescopio Espacial (STScI) y profesor Krieger-Eisenhower de F\u00edsica y Astronom\u00eda en la Universidad Johns Hopkins de Baltimore, recibi\u00f3 el Premio Nobel de F\u00edsica 2011"},{"@type":"BreadcrumbList","@id":"https:\/\/biciurba.com\/index.php\/2024\/04\/14\/es-posible-que-nuestra-comprension-del-cosmos-haya-sido-equivocada-hasta-ahora-que-dice-el-fisico-adam-riess\/#breadcrumb","itemListElement":[{"@type":"ListItem","position":1,"name":"Portada","item":"https:\/\/biciurba.com\/"},{"@type":"ListItem","position":2,"name":"\u00bfEs posible que nuestra comprensi\u00f3n del cosmos haya sido equivocada hasta ahora? \u00bfQu\u00e9 dice el f\u00edsico Adam Riess?"}]},{"@type":"WebSite","@id":"https:\/\/biciurba.com\/#website","url":"https:\/\/biciurba.com\/","name":"Biciurba","description":"Una mejor manera de vivir","publisher":{"@id":"https:\/\/biciurba.com\/#\/schema\/person\/d9675ddf29ee982d268db0a3f239eced"},"potentialAction":[{"@type":"SearchAction","target":{"@type":"EntryPoint","urlTemplate":"https:\/\/biciurba.com\/?s={search_term_string}"},"query-input":{"@type":"PropertyValueSpecification","valueRequired":true,"valueName":"search_term_string"}}],"inLanguage":"es"},{"@type":["Person","Organization"],"@id":"https:\/\/biciurba.com\/#\/schema\/person\/d9675ddf29ee982d268db0a3f239eced","name":"Carlos Cantor","image":{"@type":"ImageObject","inLanguage":"es","@id":"https:\/\/biciurba.com\/#\/schema\/person\/image\/","url":"https:\/\/biciurba.com\/wp-content\/uploads\/2024\/04\/cropped-logo-1.png","contentUrl":"https:\/\/biciurba.com\/wp-content\/uploads\/2024\/04\/cropped-logo-1.png","width":512,"height":318,"caption":"Carlos Cantor"},"logo":{"@id":"https:\/\/biciurba.com\/#\/schema\/person\/image\/"},"sameAs":["https:\/\/biciurba.com"],"url":"https:\/\/biciurba.com\/index.php\/author\/ccantor\/"}]}},"_links":{"self":[{"href":"https:\/\/biciurba.com\/index.php\/wp-json\/wp\/v2\/posts\/289"}],"collection":[{"href":"https:\/\/biciurba.com\/index.php\/wp-json\/wp\/v2\/posts"}],"about":[{"href":"https:\/\/biciurba.com\/index.php\/wp-json\/wp\/v2\/types\/post"}],"author":[{"embeddable":true,"href":"https:\/\/biciurba.com\/index.php\/wp-json\/wp\/v2\/users\/1"}],"replies":[{"embeddable":true,"href":"https:\/\/biciurba.com\/index.php\/wp-json\/wp\/v2\/comments?post=289"}],"version-history":[{"count":1,"href":"https:\/\/biciurba.com\/index.php\/wp-json\/wp\/v2\/posts\/289\/revisions"}],"predecessor-version":[{"id":291,"href":"https:\/\/biciurba.com\/index.php\/wp-json\/wp\/v2\/posts\/289\/revisions\/291"}],"wp:featuredmedia":[{"embeddable":true,"href":"https:\/\/biciurba.com\/index.php\/wp-json\/wp\/v2\/media\/290"}],"wp:attachment":[{"href":"https:\/\/biciurba.com\/index.php\/wp-json\/wp\/v2\/media?parent=289"}],"wp:term":[{"taxonomy":"category","embeddable":true,"href":"https:\/\/biciurba.com\/index.php\/wp-json\/wp\/v2\/categories?post=289"},{"taxonomy":"post_tag","embeddable":true,"href":"https:\/\/biciurba.com\/index.php\/wp-json\/wp\/v2\/tags?post=289"}],"curies":[{"name":"wp","href":"https:\/\/api.w.org\/{rel}","templated":true}]}}